{"id":9359,"date":"2025-08-12T15:17:43","date_gmt":"2025-08-12T13:17:43","guid":{"rendered":"https:\/\/vieassociative.be\/actualites\/microsoft-est-maintenant-poursuivi-sur-sunseting-windows-10\/"},"modified":"2025-08-12T15:17:43","modified_gmt":"2025-08-12T13:17:43","slug":"microsoft-est-maintenant-poursuivi-sur-sunseting-windows-10","status":"publish","type":"post","link":"https:\/\/vieassociative.be\/actualites\/microsoft-est-maintenant-poursuivi-sur-sunseting-windows-10\/","title":{"rendered":"Microsoft est maintenant poursuivi sur Sunseting Windows 10"},"content":{"rendered":"<div class=\"mt-4 leading-6 md:mb-8\">Quoi qu&rsquo;il en soit, vous devriez faire un plan si votre PC s&rsquo;ex\u00e9cute Windows 10.<\/div>\n<p><\/p>\n<p>Windows 10 Fin de vie est proche: le 14 octobre 2025, Microsoft cessera officiellement de soutenir le syst\u00e8me d&rsquo;exploitation. Cela ne signifie pas que les machines Windows 10 cesseront de travailler pendant la nuit. Au contraire, l&rsquo;exp\u00e9rience se sentira exactement la m\u00eame chose. La diff\u00e9rence, cependant, est que Microsoft ne publiera plus de mises \u00e0 jour de s\u00e9curit\u00e9 pour Windows 10, ce qui mettra ces utilisateurs \u00e0 grand risque \u00e0 l&rsquo;avenir. <\/p>\n<p>Ces utilisateurs devront soit mettre \u00e0 jour leurs machines existantes vers Windows 11, acheter une nouvelle machine compatible avec Windows 11, soit s&rsquo;inscrire \u00e0 une ann\u00e9e suppl\u00e9mentaire de mises \u00e0 jour de s\u00e9curit\u00e9 \u00e9tendues. Cette derni\u00e8re option est probablement le choix pour la plupart des utilisateurs de Windows 10 qui souhaitent continuer \u00e0 utiliser en toute s\u00e9curit\u00e9 leur syst\u00e8me d&rsquo;exploitation dans un manoir ininterrompu: c&rsquo;est comme une r\u00e9alit\u00e9 alternative dans laquelle Microsoft n&rsquo;a jamais termin\u00e9 le support Windows 10, et continue d\u00e9sormais de corriger les vuln\u00e9rabilit\u00e9s de s\u00e9curit\u00e9 &#8211; du moins pour un an.<\/p>\n<p>Si vous souhaitez garder votre PC Windows 10 prot\u00e9g\u00e9e contre les vuln\u00e9rabilit\u00e9s de s\u00e9curit\u00e9 apr\u00e8s le 14 octobre, c&rsquo;est l&rsquo;option pour vous. Le fait est que cela implique probablement un paiement unique de 30 $, sauf si vous \u00eates ouvert \u00e0 l&rsquo;une des deux m\u00e9thodes d&rsquo;inscription alternatives de Microsoft: opter pour la sauvegarde de Windows ou \u00e9changer 1 000 points de r\u00e9compense Microsoft. Il y a apparemment une autre option, cependant, que la plupart d&rsquo;entre nous n&rsquo;avaient pas envisag\u00e9: poursuivre directement Microsoft.<\/p>\n<div class=\"mx-auto mb-12 mt-5 w-full max-w-3xl rounded-md border-2 border-gray-100 p-3 shadow-md md:px-7 md:pb-7 md:pt-5\" id=\"related-video\">\n<div class=\"mb-3 flex items-center md:mb-5\">\n        <img decoding=\"async\" class=\"mr-4 mt-0 h-10 w-10 md:mr-5 md:h-12 md:w-12\" src=\"https:\/\/vieassociative.be\/actualites\/wp-content\/uploads\/2025\/08\/1754414314_422_Les-brins-du-NYT-daujourdhui-indiquent-et-repondent-pour-le.jpg\" alt=\"Logo Lifehacker\"><\/p><\/div>\n<div class=\"aspect-video w-full overflow-hidden rounded-md\">\n<div id=\"video-container-01K2F6AX2N626KE7EM9QRJDK8Q\"><\/div>\n<\/p><\/div>\n<\/div>\n<h2 id=\"the-lawsuit-against-microsoft\">Le proc\u00e8s contre Microsoft<\/h2>\n<p>Lawrence Klein de Californie a d\u00e9pos\u00e9 une plainte contre Microsoft en juin, all\u00e9guant que la soci\u00e9t\u00e9 oblige injustement les clients \u00e0 acheter de nouveaux ordinateurs afin de continuer \u00e0 utiliser Windows. Klein soutient que les clients ont achet\u00e9 leurs PC Windows 10 dans l&rsquo;espoir qu&rsquo;ils pourraient les mettre \u00e0 niveau dans le futur, tandis que, en m\u00eame temps, Microsoft vendait sciemment des machines qu&rsquo;ils pr\u00e9voyaient de rendre impossibles \u00e0 mettre \u00e0 jour. <\/p>\n<p>Klein lui-m\u00eame a deux PC qui ne pourraient pas \u00eatre mis \u00e0 niveau vers Windows 11. Le proc\u00e8s ne sp\u00e9cifie pas les exigences minimales du mat\u00e9riel de Klein, mais il met en \u00e9vidence les sp\u00e9cifications g\u00e9n\u00e9rales, y compris la prise en charge Intel 8th Gen Coffee Lake ou Zen 2 et UP, TPM 2.0 (module de plate-forme de confiance), 4 Go de RAM et 64 Go de stockage. L&rsquo;exigence TPM 2.0 en particulier est devenue virale lorsque Windows 11 a chut\u00e9, car il s&rsquo;agit simplement d&rsquo;un mat\u00e9riel de s\u00e9curit\u00e9. M\u00eame les machines haut de gamme sans TPM 2.0 n&rsquo;\u00e9taient pas \u00ab\u00a0Windows 11 pr\u00eates\u00a0\u00bb.  <\/p>\n<p>Klein souligne la domination du march\u00e9 de Microsoft dans ce domaine comme raison de la d\u00e9cision. De l&rsquo;avis de Klein, Microsoft souhaite que les clients utilisent leurs nouveaux produits d&rsquo;IA, ces deux produits n\u00e9cessitent du mat\u00e9riel plus r\u00e9cent &#8211; tels que ceux qui ont des unit\u00e9s de traitement neuronal (NPU) &#8211; afin de s&rsquo;ex\u00e9cuter. Les machines Windows 10 n&rsquo;ont en grande partie pas le mat\u00e9riel n\u00e9cessaire pour ex\u00e9cuter les produits AI de Microsoft et, en tant que tel, Klein pense que Microsoft essaie de forcer les utilisateurs \u00e0 acheter de nouvelles machines pour augmenter le nombre de clients utilisant les produits AI. <\/p>\n<p>Klein soutient \u00e9galement que Microsoft a offert davantage de fen\u00eatres au coucher du soleil pour les d\u00e9pr\u00e9ciations pr\u00e9c\u00e9dentes du syst\u00e8me d&rsquo;exploitation. Le proc\u00e8s indique comment les trois derni\u00e8res d\u00e9pr\u00e9ciations ont offert une fen\u00eatre de huit ans entre le lancement d&rsquo;un nouveau syst\u00e8me d&rsquo;exploitation et le syst\u00e8me d&rsquo;exploitation pr\u00e9c\u00e9dent, tandis que le quatri\u00e8me, Windows XP, a offert une fen\u00eatre de sept ans. En revanche, Windows 11 est sorti en 2021, qui offre aux utilisateurs une fen\u00eatre de quatre ans.<\/p>\n<p>Il y a aussi l&rsquo;argument sur le nombre d&rsquo;utilisateurs qui seront affect\u00e9s par cette d\u00e9cision. Les estimations ind\u00e9pendantes sugg\u00e8rent que Windows 10 pourrait fonctionner sur jusqu&rsquo;\u00e0 54% des PC \u00e0 travers le monde. Le proc\u00e8s de Klein fait valoir que Microsoft met des centaines de millions d&rsquo;appareils en Jeopardy, car un manque de mise \u00e0 jour de s\u00e9curit\u00e9 rendra les appareils vuln\u00e9rables. <\/p>\n<h2 id=\"does-this-lawsuit-have-a-chance\">Ce proc\u00e8s a-t-il une chance?<\/h2>\n<p>Je ne suis pas un expert juridique, mais je suis un cynique qui couvre la technologie pour vivre, donc mon intestin dit \u00ab\u00a0non\u00a0\u00bb. Ce n&rsquo;est pas n\u00e9cessairement le fait que c&rsquo;est un homme contre l&rsquo;entit\u00e9 qui est Microsoft, bien qu&rsquo;il y ait <em>que<\/em>: C&rsquo;est que certains des principaux arguments ici ne r\u00e9sisteront pas \u00e0 l&rsquo;examen.    <\/p>\n<p>Le demandeur affirme que Microsoft n&rsquo;a donn\u00e9 aux utilisateurs que un pr\u00e9avis de moins d&rsquo;un an pour Windows 10 Fin de la vie; Ce n&rsquo;est tout simplement pas vrai. D\u00e8s 2021, Microsoft a r\u00e9pertori\u00e9 la date de retraite de Windows 10 sur son site Web. Je peux acheter que la soci\u00e9t\u00e9 n&rsquo;aurait peut-\u00eatre pas \u00e9t\u00e9 aussi transparente qu&rsquo;elle aurait pu l&rsquo;\u00eatre avec ses messages &#8211; les utilisateurs g\u00e9n\u00e9raux ne fouilleront pas la documentation d&rsquo;assistance de Microsoft &#8211; mais pour \u00eatre juste, le 14 octobre 2025 est la date depuis plus de quatre ans maintenant. <\/p>\n<p>Microsoft n&rsquo;est pas non plus la premi\u00e8re entreprise \u00e0 supprimer la prise en charge des logiciels pour un syst\u00e8me d&rsquo;exploitation. En fait, c&rsquo;est une in\u00e9vitabilit\u00e9. Bien s\u00fbr, la fen\u00eatre entre la date de sortie de Windows 11 et la fin de la fin de la vie de Windows 10 n&rsquo;est que de quatre ans, mais Windows 10 est sorti en 2015. 10 ans n&rsquo;est pas une mauvaise course pour un syst\u00e8me d&rsquo;exploitation. Apple a abandonn\u00e9 la prise en charge de MacOS Monterey, par exemple en 2024, moins que <em>trois<\/em> Des ann\u00e9es apr\u00e8s la premi\u00e8re sortie. Lorsque vous regardez le support mat\u00e9riel, MacOS Monterey \u00e9tait la derni\u00e8re version prise en charge pour un certain nombre de Mac, qui ont \u00e9t\u00e9 g\u00e9n\u00e9ralement publi\u00e9s entre 2013 et 2017. Cela signifie que, selon votre Mac, vous avez re\u00e7u sept \u00e0 11 ans de mises \u00e0 jour de s\u00e9curit\u00e9. Ce n&rsquo;est pas une comparaison parfaite, mais c&rsquo;est en grande partie ainsi que la technologie fonctionne.<\/p>\n<p>Je suis d&rsquo;accord pour dire que Microsoft a emp\u00each\u00e9 les utilisateurs de passer \u00e0 Windows 11 en raison des exigences de TPM, d&rsquo;autant plus que la mise \u00e0 niveau d&rsquo;une machine non prise en charge \u00e0 Windows 11 pourrait entra\u00eener la suppression de Microsoft de toute fa\u00e7on. Je suis \u00e9galement d&rsquo;accord pour dire que la part de march\u00e9 de Windows 10 est encore si \u00e9lev\u00e9e: alors que certains utilisateurs peuvent s&rsquo;inscrire \u00e0 des mises \u00e0 jour de s\u00e9curit\u00e9 \u00e9tendues ou acheter une machine Windows 11, je peux imaginer que des millions ne le feront pas. Microsoft permettra-t-il vraiment que de nombreuses machines se connectent \u00e0 Internet totalement expos\u00e9es? Mais \u00e0 la fin de la journ\u00e9e, je pense que les arguments de ce proc\u00e8s suffisent? Je ne sais pas.  <\/p>\n<h2 id=\"what-to-do-if-your-pc-is-still-running-windows-10\">Que faire si votre PC s&rsquo;ex\u00e9cute toujours Windows 10<\/h2>\n<p>Pour tout ce que nous savons, Microsoft modifie sa position avant le 14 octobre et offre aux utilisateurs une autre option. Peut-\u00eatre qu&rsquo;ils donneront un coup de pouce sur la route pendant une autre ann\u00e9e et inscrire automatiquement tout le monde aux mises \u00e0 jour de s\u00e9curit\u00e9 \u00e9tendues gratuitement. Peut-\u00eatre que Klein gagnera son proc\u00e8s et apportera un r\u00e9el changement \u00e0 l&rsquo;industrie technologique.<\/p>\n<p>Mais c&rsquo;est sp\u00e9culatif. Je ne peux donner des conseils qu&rsquo;en fonction de ce que nous savons maintenant. Et en ce moment, la prise en charge de Windows 10 baisse en octobre. Avant que cela ne se produise, vous devez prendre une d\u00e9cision qui garantira des mises \u00e0 jour de s\u00e9curit\u00e9 continues \u00e0 l&rsquo;avenir. Cela signifie s&rsquo;inscrire \u00e0 des mises \u00e0 jour de s\u00e9curit\u00e9 \u00e9tendues de l&rsquo;une des trois fa\u00e7ons susmentionn\u00e9es, passer \u00e0 une nouvelle machine Windows 11 ou d\u00e9connecter d\u00e9finitivement votre PC Windows 10 d&rsquo;Internet. Il n&rsquo;y a pas d&rsquo;autres options de s\u00e9curit\u00e9.<\/p>\n<p>Bien que je crois qu&rsquo;il soit imprudent d&rsquo;utiliser des logiciels non pris en charge tout en \u00e9tant connect\u00e9s \u00e0 Internet, il est particuli\u00e8rement dangereux avec quelque chose comme Windows 10. Compte tenu de la part de march\u00e9, et la nature de haut niveau du syst\u00e8me d&rsquo;exploitation, les utilisateurs de Windows 10 vont \u00eatre des cibles de choix pour les mauvais acteurs et les pirates d\u00e8s que Microsoft tirera la prise. Ils rechercheront toutes les vuln\u00e9rabilit\u00e9s de s\u00e9curit\u00e9 qu&rsquo;ils peuvent exploiter, et sans patch pour prot\u00e9ger les utilisateurs, ils pourront ex\u00e9cuter ces exploits contre des millions de cibles. <\/p>\n<p>Personnellement, j&rsquo;esp\u00e8re que Microsoft changera quelque chose avant octobre, mais il n&rsquo;y a aucun moyen de savoir si elle le fera. Jusque-l\u00e0, la meilleure chose que vous puissiez faire en tant qu&rsquo;utilisateur de Windows 10 est la pr\u00e9paration.<\/p>\n","protected":false},"excerpt":{"rendered":"<p>Quoi qu&rsquo;il en soit, vous devriez faire un plan si votre PC s&rsquo;ex\u00e9cute Windows 10. Windows 10 Fin de vie est proche: le 14 octobre<\/p>\n","protected":false},"author":1,"featured_media":9360,"comment_status":"","ping_status":"","sticky":false,"template":"","format":"standard","meta":{"footnotes":""},"categories":[13],"tags":[76,233,1190,8132,8133,33,171],"class_list":["post-9359","post","type-post","status-publish","format-standard","has-post-thumbnail","hentry","category-technologie","tag-est","tag-maintenant","tag-microsoft","tag-poursuivi","tag-sunseting","tag-sur","tag-windows","generate-columns","tablet-grid-50","mobile-grid-100","grid-parent","grid-33"],"yoast_head":"<!-- This site is optimized with the Yoast SEO plugin v24.0 - https:\/\/yoast.com\/wordpress\/plugins\/seo\/ -->\n<title>Microsoft est maintenant poursuivi sur Sunseting Windows 10 | Vie Associative<\/title>\n<meta name=\"robots\" content=\"index, follow, max-snippet:-1, max-image-preview:large, max-video-preview:-1\" \/>\n<link rel=\"canonical\" href=\"https:\/\/vieassociative.be\/actualites\/microsoft-est-maintenant-poursuivi-sur-sunseting-windows-10\/\" \/>\n<meta property=\"og:locale\" content=\"fr_FR\" \/>\n<meta property=\"og:type\" content=\"article\" \/>\n<meta property=\"og:title\" content=\"Microsoft est maintenant poursuivi sur Sunseting Windows 10 | Vie Associative\" \/>\n<meta property=\"og:description\" content=\"Quoi qu&rsquo;il en soit, vous devriez faire un plan si votre PC s&rsquo;ex\u00e9cute Windows 10. Windows 10 Fin de vie est proche: le 14 octobre\" \/>\n<meta property=\"og:url\" content=\"https:\/\/vieassociative.be\/actualites\/microsoft-est-maintenant-poursuivi-sur-sunseting-windows-10\/\" \/>\n<meta property=\"og:site_name\" content=\"Vie Associative\" \/>\n<meta property=\"article:published_time\" content=\"2025-08-12T13:17:43+00:00\" \/>\n<meta property=\"og:image\" content=\"https:\/\/vieassociative.be\/actualites\/wp-content\/uploads\/2025\/08\/1754414314_422_Les-brins-du-NYT-daujourdhui-indiquent-et-repondent-pour-le.jpg\" \/>\n<meta name=\"author\" content=\"Julien\" \/>\n<meta name=\"twitter:card\" content=\"summary_large_image\" \/>\n<meta name=\"twitter:label1\" content=\"\u00c9crit par\" \/>\n\t<meta name=\"twitter:data1\" content=\"Julien\" \/>\n\t<meta name=\"twitter:label2\" content=\"Dur\u00e9e de lecture est.\" \/>\n\t<meta name=\"twitter:data2\" content=\"7 minutes\" \/>\n<script type=\"application\/ld+json\" class=\"yoast-schema-graph\">{\"@context\":\"https:\/\/schema.org\",\"@graph\":[{\"@type\":\"Article\",\"@id\":\"https:\/\/vieassociative.be\/actualites\/microsoft-est-maintenant-poursuivi-sur-sunseting-windows-10\/#article\",\"isPartOf\":{\"@id\":\"https:\/\/vieassociative.be\/actualites\/microsoft-est-maintenant-poursuivi-sur-sunseting-windows-10\/\"},\"author\":{\"name\":\"Julien\",\"@id\":\"https:\/\/vieassociative.be\/actualites\/#\/schema\/person\/b87ac4f82f9d4e7b7cec7395b679edc4\"},\"headline\":\"Microsoft est maintenant poursuivi sur Sunseting Windows 10\",\"datePublished\":\"2025-08-12T13:17:43+00:00\",\"dateModified\":\"2025-08-12T13:17:43+00:00\",\"mainEntityOfPage\":{\"@id\":\"https:\/\/vieassociative.be\/actualites\/microsoft-est-maintenant-poursuivi-sur-sunseting-windows-10\/\"},\"wordCount\":1553,\"publisher\":{\"@id\":\"https:\/\/vieassociative.be\/actualites\/#organization\"},\"image\":{\"@id\":\"https:\/\/vieassociative.be\/actualites\/microsoft-est-maintenant-poursuivi-sur-sunseting-windows-10\/#primaryimage\"},\"thumbnailUrl\":\"https:\/\/vieassociative.be\/actualites\/wp-content\/uploads\/2025\/08\/Microsoft-est-maintenant-poursuivi-sur-Sunseting-Windows-10.jpg\",\"keywords\":[\"est\",\"maintenant\",\"Microsoft\",\"poursuivi\",\"Sunseting\",\"sur\",\"Windows\"],\"articleSection\":[\"Technologie\"],\"inLanguage\":\"fr-BE\"},{\"@type\":\"WebPage\",\"@id\":\"https:\/\/vieassociative.be\/actualites\/microsoft-est-maintenant-poursuivi-sur-sunseting-windows-10\/\",\"url\":\"https:\/\/vieassociative.be\/actualites\/microsoft-est-maintenant-poursuivi-sur-sunseting-windows-10\/\",\"name\":\"Microsoft est maintenant poursuivi sur Sunseting Windows 10 | Vie Associative\",\"isPartOf\":{\"@id\":\"https:\/\/vieassociative.be\/actualites\/#website\"},\"primaryImageOfPage\":{\"@id\":\"https:\/\/vieassociative.be\/actualites\/microsoft-est-maintenant-poursuivi-sur-sunseting-windows-10\/#primaryimage\"},\"image\":{\"@id\":\"https:\/\/vieassociative.be\/actualites\/microsoft-est-maintenant-poursuivi-sur-sunseting-windows-10\/#primaryimage\"},\"thumbnailUrl\":\"https:\/\/vieassociative.be\/actualites\/wp-content\/uploads\/2025\/08\/Microsoft-est-maintenant-poursuivi-sur-Sunseting-Windows-10.jpg\",\"datePublished\":\"2025-08-12T13:17:43+00:00\",\"dateModified\":\"2025-08-12T13:17:43+00:00\",\"breadcrumb\":{\"@id\":\"https:\/\/vieassociative.be\/actualites\/microsoft-est-maintenant-poursuivi-sur-sunseting-windows-10\/#breadcrumb\"},\"inLanguage\":\"fr-BE\",\"potentialAction\":[{\"@type\":\"ReadAction\",\"target\":[\"https:\/\/vieassociative.be\/actualites\/microsoft-est-maintenant-poursuivi-sur-sunseting-windows-10\/\"]}]},{\"@type\":\"ImageObject\",\"inLanguage\":\"fr-BE\",\"@id\":\"https:\/\/vieassociative.be\/actualites\/microsoft-est-maintenant-poursuivi-sur-sunseting-windows-10\/#primaryimage\",\"url\":\"https:\/\/vieassociative.be\/actualites\/wp-content\/uploads\/2025\/08\/Microsoft-est-maintenant-poursuivi-sur-Sunseting-Windows-10.jpg\",\"contentUrl\":\"https:\/\/vieassociative.be\/actualites\/wp-content\/uploads\/2025\/08\/Microsoft-est-maintenant-poursuivi-sur-Sunseting-Windows-10.jpg\",\"width\":1200,\"height\":675,\"caption\":\"Microsoft est maintenant poursuivi sur Sunseting Windows 10\"},{\"@type\":\"BreadcrumbList\",\"@id\":\"https:\/\/vieassociative.be\/actualites\/microsoft-est-maintenant-poursuivi-sur-sunseting-windows-10\/#breadcrumb\",\"itemListElement\":[{\"@type\":\"ListItem\",\"position\":1,\"name\":\"Accueil\",\"item\":\"https:\/\/vieassociative.be\/actualites\/\"},{\"@type\":\"ListItem\",\"position\":2,\"name\":\"Microsoft est maintenant poursuivi sur Sunseting Windows 10\"}]},{\"@type\":\"WebSite\",\"@id\":\"https:\/\/vieassociative.be\/actualites\/#website\",\"url\":\"https:\/\/vieassociative.be\/actualites\/\",\"name\":\"Vie Associative\",\"description\":\"\",\"publisher\":{\"@id\":\"https:\/\/vieassociative.be\/actualites\/#organization\"},\"potentialAction\":[{\"@type\":\"SearchAction\",\"target\":{\"@type\":\"EntryPoint\",\"urlTemplate\":\"https:\/\/vieassociative.be\/actualites\/?s={search_term_string}\"},\"query-input\":{\"@type\":\"PropertyValueSpecification\",\"valueRequired\":true,\"valueName\":\"search_term_string\"}}],\"inLanguage\":\"fr-BE\"},{\"@type\":\"Organization\",\"@id\":\"https:\/\/vieassociative.be\/actualites\/#organization\",\"name\":\"Vie Associative\",\"url\":\"https:\/\/vieassociative.be\/actualites\/\",\"logo\":{\"@type\":\"ImageObject\",\"inLanguage\":\"fr-BE\",\"@id\":\"https:\/\/vieassociative.be\/actualites\/#\/schema\/logo\/image\/\",\"url\":\"https:\/\/vieassociative.be\/actualites\/wp-content\/uploads\/2024\/09\/cropped-vieassociative_favicon.ico.png\",\"contentUrl\":\"https:\/\/vieassociative.be\/actualites\/wp-content\/uploads\/2024\/09\/cropped-vieassociative_favicon.ico.png\",\"width\":512,\"height\":512,\"caption\":\"Vie Associative\"},\"image\":{\"@id\":\"https:\/\/vieassociative.be\/actualites\/#\/schema\/logo\/image\/\"}},{\"@type\":\"Person\",\"@id\":\"https:\/\/vieassociative.be\/actualites\/#\/schema\/person\/b87ac4f82f9d4e7b7cec7395b679edc4\",\"name\":\"Julien\",\"image\":{\"@type\":\"ImageObject\",\"inLanguage\":\"fr-BE\",\"@id\":\"https:\/\/vieassociative.be\/actualites\/#\/schema\/person\/image\/\",\"url\":\"https:\/\/vieassociative.be\/actualites\/wp-content\/uploads\/2024\/09\/vie-associative-1-150x150.jpg\",\"contentUrl\":\"https:\/\/vieassociative.be\/actualites\/wp-content\/uploads\/2024\/09\/vie-associative-1-150x150.jpg\",\"caption\":\"Julien\"},\"description\":\"Je suis Julien, r\u00e9dacteur pour Vie Associative. Passionn\u00e9 par le monde associatif depuis plus de 10 ans, j'ai \u00e0 c\u0153ur de partager des histoires inspirantes et de mettre en lumi\u00e8re les initiatives locales. Mon objectif est de sensibiliser et d'encourager l'engagement communautaire \u00e0 travers mes articles.\",\"sameAs\":[\"https:\/\/vieassociative.be\/\"]}]}<\/script>\n<!-- \/ Yoast SEO plugin. -->","yoast_head_json":{"title":"Microsoft est maintenant poursuivi sur Sunseting Windows 10 | Vie Associative","robots":{"index":"index","follow":"follow","max-snippet":"max-snippet:-1","max-image-preview":"max-image-preview:large","max-video-preview":"max-video-preview:-1"},"canonical":"https:\/\/vieassociative.be\/actualites\/microsoft-est-maintenant-poursuivi-sur-sunseting-windows-10\/","og_locale":"fr_FR","og_type":"article","og_title":"Microsoft est maintenant poursuivi sur Sunseting Windows 10 | Vie Associative","og_description":"Quoi qu&rsquo;il en soit, vous devriez faire un plan si votre PC s&rsquo;ex\u00e9cute Windows 10. Windows 10 Fin de vie est proche: le 14 octobre","og_url":"https:\/\/vieassociative.be\/actualites\/microsoft-est-maintenant-poursuivi-sur-sunseting-windows-10\/","og_site_name":"Vie Associative","article_published_time":"2025-08-12T13:17:43+00:00","og_image":[{"url":"https:\/\/vieassociative.be\/actualites\/wp-content\/uploads\/2025\/08\/1754414314_422_Les-brins-du-NYT-daujourdhui-indiquent-et-repondent-pour-le.jpg","type":"","width":"","height":""}],"author":"Julien","twitter_card":"summary_large_image","twitter_misc":{"\u00c9crit par":"Julien","Dur\u00e9e de lecture est.":"7 minutes"},"schema":{"@context":"https:\/\/schema.org","@graph":[{"@type":"Article","@id":"https:\/\/vieassociative.be\/actualites\/microsoft-est-maintenant-poursuivi-sur-sunseting-windows-10\/#article","isPartOf":{"@id":"https:\/\/vieassociative.be\/actualites\/microsoft-est-maintenant-poursuivi-sur-sunseting-windows-10\/"},"author":{"name":"Julien","@id":"https:\/\/vieassociative.be\/actualites\/#\/schema\/person\/b87ac4f82f9d4e7b7cec7395b679edc4"},"headline":"Microsoft est maintenant poursuivi sur Sunseting Windows 10","datePublished":"2025-08-12T13:17:43+00:00","dateModified":"2025-08-12T13:17:43+00:00","mainEntityOfPage":{"@id":"https:\/\/vieassociative.be\/actualites\/microsoft-est-maintenant-poursuivi-sur-sunseting-windows-10\/"},"wordCount":1553,"publisher":{"@id":"https:\/\/vieassociative.be\/actualites\/#organization"},"image":{"@id":"https:\/\/vieassociative.be\/actualites\/microsoft-est-maintenant-poursuivi-sur-sunseting-windows-10\/#primaryimage"},"thumbnailUrl":"https:\/\/vieassociative.be\/actualites\/wp-content\/uploads\/2025\/08\/Microsoft-est-maintenant-poursuivi-sur-Sunseting-Windows-10.jpg","keywords":["est","maintenant","Microsoft","poursuivi","Sunseting","sur","Windows"],"articleSection":["Technologie"],"inLanguage":"fr-BE"},{"@type":"WebPage","@id":"https:\/\/vieassociative.be\/actualites\/microsoft-est-maintenant-poursuivi-sur-sunseting-windows-10\/","url":"https:\/\/vieassociative.be\/actualites\/microsoft-est-maintenant-poursuivi-sur-sunseting-windows-10\/","name":"Microsoft est maintenant poursuivi sur Sunseting Windows 10 | Vie Associative","isPartOf":{"@id":"https:\/\/vieassociative.be\/actualites\/#website"},"primaryImageOfPage":{"@id":"https:\/\/vieassociative.be\/actualites\/microsoft-est-maintenant-poursuivi-sur-sunseting-windows-10\/#primaryimage"},"image":{"@id":"https:\/\/vieassociative.be\/actualites\/microsoft-est-maintenant-poursuivi-sur-sunseting-windows-10\/#primaryimage"},"thumbnailUrl":"https:\/\/vieassociative.be\/actualites\/wp-content\/uploads\/2025\/08\/Microsoft-est-maintenant-poursuivi-sur-Sunseting-Windows-10.jpg","datePublished":"2025-08-12T13:17:43+00:00","dateModified":"2025-08-12T13:17:43+00:00","breadcrumb":{"@id":"https:\/\/vieassociative.be\/actualites\/microsoft-est-maintenant-poursuivi-sur-sunseting-windows-10\/#breadcrumb"},"inLanguage":"fr-BE","potentialAction":[{"@type":"ReadAction","target":["https:\/\/vieassociative.be\/actualites\/microsoft-est-maintenant-poursuivi-sur-sunseting-windows-10\/"]}]},{"@type":"ImageObject","inLanguage":"fr-BE","@id":"https:\/\/vieassociative.be\/actualites\/microsoft-est-maintenant-poursuivi-sur-sunseting-windows-10\/#primaryimage","url":"https:\/\/vieassociative.be\/actualites\/wp-content\/uploads\/2025\/08\/Microsoft-est-maintenant-poursuivi-sur-Sunseting-Windows-10.jpg","contentUrl":"https:\/\/vieassociative.be\/actualites\/wp-content\/uploads\/2025\/08\/Microsoft-est-maintenant-poursuivi-sur-Sunseting-Windows-10.jpg","width":1200,"height":675,"caption":"Microsoft est maintenant poursuivi sur Sunseting Windows 10"},{"@type":"BreadcrumbList","@id":"https:\/\/vieassociative.be\/actualites\/microsoft-est-maintenant-poursuivi-sur-sunseting-windows-10\/#breadcrumb","itemListElement":[{"@type":"ListItem","position":1,"name":"Accueil","item":"https:\/\/vieassociative.be\/actualites\/"},{"@type":"ListItem","position":2,"name":"Microsoft est maintenant poursuivi sur Sunseting Windows 10"}]},{"@type":"WebSite","@id":"https:\/\/vieassociative.be\/actualites\/#website","url":"https:\/\/vieassociative.be\/actualites\/","name":"Vie Associative","description":"","publisher":{"@id":"https:\/\/vieassociative.be\/actualites\/#organization"},"potentialAction":[{"@type":"SearchAction","target":{"@type":"EntryPoint","urlTemplate":"https:\/\/vieassociative.be\/actualites\/?s={search_term_string}"},"query-input":{"@type":"PropertyValueSpecification","valueRequired":true,"valueName":"search_term_string"}}],"inLanguage":"fr-BE"},{"@type":"Organization","@id":"https:\/\/vieassociative.be\/actualites\/#organization","name":"Vie Associative","url":"https:\/\/vieassociative.be\/actualites\/","logo":{"@type":"ImageObject","inLanguage":"fr-BE","@id":"https:\/\/vieassociative.be\/actualites\/#\/schema\/logo\/image\/","url":"https:\/\/vieassociative.be\/actualites\/wp-content\/uploads\/2024\/09\/cropped-vieassociative_favicon.ico.png","contentUrl":"https:\/\/vieassociative.be\/actualites\/wp-content\/uploads\/2024\/09\/cropped-vieassociative_favicon.ico.png","width":512,"height":512,"caption":"Vie Associative"},"image":{"@id":"https:\/\/vieassociative.be\/actualites\/#\/schema\/logo\/image\/"}},{"@type":"Person","@id":"https:\/\/vieassociative.be\/actualites\/#\/schema\/person\/b87ac4f82f9d4e7b7cec7395b679edc4","name":"Julien","image":{"@type":"ImageObject","inLanguage":"fr-BE","@id":"https:\/\/vieassociative.be\/actualites\/#\/schema\/person\/image\/","url":"https:\/\/vieassociative.be\/actualites\/wp-content\/uploads\/2024\/09\/vie-associative-1-150x150.jpg","contentUrl":"https:\/\/vieassociative.be\/actualites\/wp-content\/uploads\/2024\/09\/vie-associative-1-150x150.jpg","caption":"Julien"},"description":"Je suis Julien, r\u00e9dacteur pour Vie Associative. Passionn\u00e9 par le monde associatif depuis plus de 10 ans, j'ai \u00e0 c\u0153ur de partager des histoires inspirantes et de mettre en lumi\u00e8re les initiatives locales. Mon objectif est de sensibiliser et d'encourager l'engagement communautaire \u00e0 travers mes articles.","sameAs":["https:\/\/vieassociative.be\/"]}]}},"_links":{"self":[{"href":"https:\/\/vieassociative.be\/actualites\/wp-json\/wp\/v2\/posts\/9359"}],"collection":[{"href":"https:\/\/vieassociative.be\/actualites\/wp-json\/wp\/v2\/posts"}],"about":[{"href":"https:\/\/vieassociative.be\/actualites\/wp-json\/wp\/v2\/types\/post"}],"author":[{"embeddable":true,"href":"https:\/\/vieassociative.be\/actualites\/wp-json\/wp\/v2\/users\/1"}],"replies":[{"embeddable":true,"href":"https:\/\/vieassociative.be\/actualites\/wp-json\/wp\/v2\/comments?post=9359"}],"version-history":[{"count":0,"href":"https:\/\/vieassociative.be\/actualites\/wp-json\/wp\/v2\/posts\/9359\/revisions"}],"wp:featuredmedia":[{"embeddable":true,"href":"https:\/\/vieassociative.be\/actualites\/wp-json\/wp\/v2\/media\/9360"}],"wp:attachment":[{"href":"https:\/\/vieassociative.be\/actualites\/wp-json\/wp\/v2\/media?parent=9359"}],"wp:term":[{"taxonomy":"category","embeddable":true,"href":"https:\/\/vieassociative.be\/actualites\/wp-json\/wp\/v2\/categories?post=9359"},{"taxonomy":"post_tag","embeddable":true,"href":"https:\/\/vieassociative.be\/actualites\/wp-json\/wp\/v2\/tags?post=9359"}],"curies":[{"name":"wp","href":"https:\/\/api.w.org\/{rel}","templated":true}]}}