{"id":9355,"date":"2025-08-12T09:19:01","date_gmt":"2025-08-12T07:19:01","guid":{"rendered":"https:\/\/vieassociative.be\/actualites\/comment-deplacer-les-applications-mac-vers-votre-barre-de-menu-et-pourquoi-vous-devriez\/"},"modified":"2025-08-12T09:19:01","modified_gmt":"2025-08-12T07:19:01","slug":"comment-deplacer-les-applications-mac-vers-votre-barre-de-menu-et-pourquoi-vous-devriez","status":"publish","type":"post","link":"https:\/\/vieassociative.be\/actualites\/comment-deplacer-les-applications-mac-vers-votre-barre-de-menu-et-pourquoi-vous-devriez\/","title":{"rendered":"Comment d\u00e9placer les applications Mac vers votre barre de menu (et pourquoi vous devriez)"},"content":{"rendered":"<div class=\"mt-4 leading-6 md:mb-8\">Maintenant, je peux cacher mon quai sans me soucier des alertes manqu\u00e9es.<\/div>\n<p><\/p>\n<p>Je vis dans un petit appartement exigu dans une grande ville. Pour chaque article que j&rsquo;apporte dans ma maison, j&rsquo;ai l&rsquo;impression d&rsquo;avoir besoin de jeter quelque chose pour emp\u00eacher l&rsquo;encombrement de s&rsquo;accumuler. \u00c0 certains \u00e9gards, ma bataille avec l&rsquo;immobilier \u00e0 \u00e9cran limit\u00e9 de mon MacBook refl\u00e8te mes probl\u00e8mes d&rsquo;espace \u00e0 la maison. En tant que journaliste technologique, l&rsquo;installation d&rsquo;applications est un \u00e9v\u00e9nement quotidien pour moi, ce qui signifie un quai ou une barre de menu surpeupl\u00e9s. <\/p>\n<p>Heureusement, j&rsquo;ai largement r\u00e9solu mes probl\u00e8mes de barre de menu sur mon Mac, mais mon quai est toujours un domaine de pr\u00e9occupation. Il est plein d&rsquo;applications, et m\u00eame si je l&rsquo;ai d\u00e9plac\u00e9 plusieurs fois, il prend toujours trop d&rsquo;espace sur mon \u00e9cran d&rsquo;ordinateur portable de 13 pouces. C&rsquo;est devenu si mauvais que je suis maintenant pass\u00e9 \u00e0 cacher automatiquement le quai (sous <strong>Param\u00e8tres du syst\u00e8me<\/strong> > <strong>Bureau et quai<\/strong>). Il n&rsquo;y a qu&rsquo;un seul probl\u00e8me &#8211; j&rsquo;ai toujours besoin d&rsquo;acc\u00e9der aux applications que je gardais sur mon quai. Heureusement, avec quelques ajustements, il est facile de d\u00e9placer des applications de mon quai chaotique \u00e0 ma barre de menu organis\u00e9e. Voici comment.<\/p>\n<h2 id=\"adding-any-app-to-the-macs-menu-bar\">Ajout d&rsquo;une application \u00e0 la barre de menu du Mac<\/h2>\n<div class=\"eloquent-imagery-image\">\n<div class=\"flex justify-center\">\n                    <img decoding=\"async\" class=\"border border-gray-100\" src=\"https:\/\/vieassociative.be\/actualites\/wp-content\/uploads\/2025\/08\/Comment-deplacer-les-applications-Mac-vers-votre-barre-de-menu.png\" alt=\"Page de param\u00e8tres avanc\u00e9s de Badgeify.\" width=\"2000\" height=\"1125\" loading=\"lazy\"  >\n            <\/div>\n<\/p><\/div>\n<p>Si une application n&rsquo;offre pas d&rsquo;ic\u00f4ne de barre de menu (vous en regardant, Slack!), Alors par d\u00e9faut, MacOS ne vous laisse pas le d\u00e9placer l\u00e0-bas. C&rsquo;est l\u00e0 que Badgeify entre en jeu. Il vous permet d&rsquo;ajouter n&rsquo;importe quelle application \u00e0 la barre de menus du Mac, o\u00f9 ces applications agiront comme elles le feront sur le quai. Vous pouvez cliquer sur leurs ic\u00f4nes de barre de menu pour les ouvrir (ou naviguer vers leur fen\u00eatre active), ou cliquer avec le bouton droit sur leurs ic\u00f4nes pour r\u00e9v\u00e9ler des fonctionnalit\u00e9s suppl\u00e9mentaires (lorsqu&rsquo;elles sont disponibles).<\/p>\n<div class=\"mx-auto mb-12 mt-5 w-full max-w-3xl rounded-md border-2 border-gray-100 p-3 shadow-md md:px-7 md:pb-7 md:pt-5\" id=\"related-video\">\n<div class=\"mb-3 flex items-center md:mb-5\">\n        <img decoding=\"async\" class=\"mr-4 mt-0 h-10 w-10 md:mr-5 md:h-12 md:w-12\" src=\"https:\/\/vieassociative.be\/actualites\/wp-content\/uploads\/2025\/08\/1754414314_422_Les-brins-du-NYT-daujourdhui-indiquent-et-repondent-pour-le.jpg\" alt=\"Logo Lifehacker\"><\/p><\/div>\n<div class=\"aspect-video w-full overflow-hidden rounded-md\">\n<div id=\"video-container-01K2EHE6KCZGX1CE8Y5J2YVPGV\"><\/div>\n<\/p><\/div>\n<\/div>\n<p>Une fois que vous avez install\u00e9 Badgeify, vous devez lui donner des autorisations d&rsquo;accessibilit\u00e9, bien que ce soit standard pour les applications qui apportent des modifications \u00e0 la barre de menu. L&rsquo;application s&rsquo;ouvrira ensuite directement sur sa page Param\u00e8tres, avec l&rsquo;onglet G\u00e9n\u00e9ral s\u00e9lectionn\u00e9 par d\u00e9faut. Cliquez sur <strong>+<\/strong> Bouton dans la section Ic\u00f4nes pour commencer \u00e0 ajouter vos applications pr\u00e9f\u00e9r\u00e9es \u00e0 votre barre de menu. Le niveau gratuit vous permet d&rsquo;ajouter trois applications \u00e0 la barre de menu, mais il y a une astuce que vous pouvez utiliser pour en ajouter une seule. <\/p>\n<div class=\"eloquent-imagery-image\">\n<div class=\"flex justify-center\">\n                    <img decoding=\"async\" class=\"border border-gray-100\" src=\"https:\/\/vieassociative.be\/actualites\/wp-content\/uploads\/2025\/08\/1754983141_712_Comment-deplacer-les-applications-Mac-vers-votre-barre-de-menu.png\" alt=\"Dossier badgeify\" width=\"2000\" height=\"1124\" loading=\"lazy\"  >\n            <\/div>\n<\/p><\/div>\n<p>Pour ajouter plus d&rsquo;applications \u00e0 votre barre de menu, vous pouvez alternativement regrouper plusieurs applications dans un dossier et l&rsquo;ajouter \u00e0 la barre de menu \u00e0 la place. En cliquant sur l&rsquo;ic\u00f4ne du dossier dans la barre de menu, affichera les applications \u00e0 l&rsquo;int\u00e9rieur dans un menu d\u00e9roulant. Malheureusement, le niveau libre n&rsquo;est limit\u00e9 qu&rsquo;\u00e0 un seul dossier, et ce dossier ne peut contenir que jusqu&rsquo;\u00e0 deux applications. Avec les deux ic\u00f4nes d&rsquo;applications standard, vous pouvez ajouter en plus de ce dossier, qui vous donne quatre applications de barre de menu gratuites au total. La version payante, cependant, soul\u00e8ve ces restrictions.<\/p>\n<h2 id=\"customizing-menu-bar-icons-with-badgeify\">Personnalisation des ic\u00f4nes de barre de menu avec badgeify<\/h2>\n<div class=\"eloquent-imagery-image\">\n<div class=\"flex justify-center\">\n                    <img decoding=\"async\" class=\"border border-gray-100\" src=\"https:\/\/vieassociative.be\/actualites\/wp-content\/uploads\/2025\/08\/1754983141_226_Comment-deplacer-les-applications-Mac-vers-votre-barre-de-menu.png\" alt=\"Personnalisation de l'ic\u00f4ne de l'application de Badgeify.\" width=\"2000\" height=\"1125\" loading=\"lazy\"  >\n            <\/div>\n<\/p><\/div>\n<p>Si vous aimez ce que vous voyez avec le niveau gratuit, vous pouvez payer 9 $ pour d\u00e9verrouiller toutes les fonctionnalit\u00e9s sur un Mac ou 16 $ pour utiliser l&rsquo;application jusqu&rsquo;\u00e0 trois Mac. Cela supprime les limites du nombre d&rsquo;applications et de dossiers que vous pouvez ajouter \u00e0 la barre de menu, ainsi que du nombre d&rsquo;applications qu&rsquo;un dossier peut avoir \u00e0 l&rsquo;int\u00e9rieur. Il est \u00e9galement d\u00e9licieusement d\u00e9bloqu\u00e9 certaines options de personnalisation. <\/p>\n<p>Parmi ces fonctionnalit\u00e9s, la plus utile pour moi est la possibilit\u00e9 de masquer une application dans la barre de menu lorsqu&rsquo;elle n&rsquo;a pas de notifications. Par exemple, si vous ajoutez des messages \u00e0 la barre de menu, vous pouvez le garder cach\u00e9 jusqu&rsquo;\u00e0 ce que quelqu&rsquo;un vous envoie un message. De cette fa\u00e7on, si l&rsquo;ic\u00f4ne de l&rsquo;application est l\u00e0, vous savez que vous avez un message \u00e0 lire. Vous pouvez trouver cette fonctionnalit\u00e9 \u00e0 <strong>Param\u00e8tres badgeify> avanc\u00e9<\/strong>.<\/p>\n<p>Il vous permet \u00e9galement de personnaliser \u00e0 quoi ressemble l&rsquo;ic\u00f4ne de la barre de menu d&rsquo;une application, ce qui est g\u00e9nial pour moi car je pr\u00e9f\u00e8re les ic\u00f4nes monochromes dans la barre de menu. Bien que, si vous vous sentez cr\u00e9atif, vous pouvez plut\u00f4t ajouter vos propres ic\u00f4nes d&rsquo;application personnalis\u00e9es. Cette fonctionnalit\u00e9 est disponible sous <strong>Param\u00e8tres badgeify> G\u00e9n\u00e9ral<\/strong>. Cliquez sur <strong>je<\/strong> Bouton \u00e0 c\u00f4t\u00e9 du nom d&rsquo;une application pour commencer \u00e0 le personnaliser.<\/p>\n<p>Il existe \u00e9galement une fonctionnalit\u00e9 exp\u00e9rimentale appel\u00e9e Int\u00e9gration d&rsquo;applications dans la page des param\u00e8tres avanc\u00e9s de Badgeify. Cela ne fonctionne qu&rsquo;avec les navigateurs pour le moment et fait en sorte que lorsque vous ajoutez un navigateur \u00e0 la barre de menu, vous pouvez cliquer avec le bouton droit sur son ic\u00f4ne pour r\u00e9v\u00e9ler une liste de tous les onglets ouverts. Cela facilite le passage rapidement \u00e0 un onglet de navigateur sp\u00e9cifique, ce qui pourrait acc\u00e9l\u00e9rer votre flux de travail. <\/p>\n<p>Dans l&rsquo;ensemble, cependant, j&rsquo;adore le badgeify, et cela en vaut la peine pour moi. J&rsquo;ai utilis\u00e9 cette application pour d\u00e9placer Slack, Messages, WhatsApp et mon client de messagerie (FMAIL) dans la barre de menu, ce qui facilite la vie sans le quai sans le quai sur mon \u00e9cran, ce qui signifie que je peux maximiser avec plaisir mon espace d&rsquo;\u00e9cran disponible. <\/p>\n","protected":false},"excerpt":{"rendered":"<p>Maintenant, je peux cacher mon quai sans me soucier des alertes manqu\u00e9es. Je vis dans un petit appartement exigu dans une grande ville. Pour chaque<\/p>\n","protected":false},"author":1,"featured_media":9356,"comment_status":"","ping_status":"","sticky":false,"template":"","format":"standard","meta":{"footnotes":""},"categories":[13],"tags":[292,2178,44,8131,636,14,1112,6254,734,2778,8,4],"class_list":["post-9355","post","type-post","status-publish","format-standard","has-post-thumbnail","hentry","category-technologie","tag-applications","tag-barre","tag-comment","tag-deplacer","tag-devriez","tag-les","tag-mac","tag-menu","tag-pourquoi","tag-vers","tag-votre","tag-vous","generate-columns","tablet-grid-50","mobile-grid-100","grid-parent","grid-33"],"yoast_head":"<!-- This site is optimized with the Yoast SEO plugin v24.0 - https:\/\/yoast.com\/wordpress\/plugins\/seo\/ -->\n<title>Comment d\u00e9placer les applications Mac vers votre barre de menu (et pourquoi vous devriez) | Vie Associative<\/title>\n<meta name=\"robots\" content=\"index, follow, max-snippet:-1, max-image-preview:large, max-video-preview:-1\" \/>\n<link rel=\"canonical\" href=\"https:\/\/vieassociative.be\/actualites\/comment-deplacer-les-applications-mac-vers-votre-barre-de-menu-et-pourquoi-vous-devriez\/\" \/>\n<meta property=\"og:locale\" content=\"fr_FR\" \/>\n<meta property=\"og:type\" content=\"article\" \/>\n<meta property=\"og:title\" content=\"Comment d\u00e9placer les applications Mac vers votre barre de menu (et pourquoi vous devriez) | Vie Associative\" \/>\n<meta property=\"og:description\" content=\"Maintenant, je peux cacher mon quai sans me soucier des alertes manqu\u00e9es. Je vis dans un petit appartement exigu dans une grande ville. Pour chaque\" \/>\n<meta property=\"og:url\" content=\"https:\/\/vieassociative.be\/actualites\/comment-deplacer-les-applications-mac-vers-votre-barre-de-menu-et-pourquoi-vous-devriez\/\" \/>\n<meta property=\"og:site_name\" content=\"Vie Associative\" \/>\n<meta property=\"article:published_time\" content=\"2025-08-12T07:19:01+00:00\" \/>\n<meta property=\"og:image\" content=\"https:\/\/vieassociative.be\/actualites\/wp-content\/uploads\/2025\/08\/Comment-deplacer-les-applications-Mac-vers-votre-barre-de-menu.png\" \/>\n<meta name=\"author\" content=\"Julien\" \/>\n<meta name=\"twitter:card\" content=\"summary_large_image\" \/>\n<meta name=\"twitter:label1\" content=\"\u00c9crit par\" \/>\n\t<meta name=\"twitter:data1\" content=\"Julien\" \/>\n\t<meta name=\"twitter:label2\" content=\"Dur\u00e9e de lecture est.\" \/>\n\t<meta name=\"twitter:data2\" content=\"5 minutes\" \/>\n<script type=\"application\/ld+json\" class=\"yoast-schema-graph\">{\"@context\":\"https:\/\/schema.org\",\"@graph\":[{\"@type\":\"Article\",\"@id\":\"https:\/\/vieassociative.be\/actualites\/comment-deplacer-les-applications-mac-vers-votre-barre-de-menu-et-pourquoi-vous-devriez\/#article\",\"isPartOf\":{\"@id\":\"https:\/\/vieassociative.be\/actualites\/comment-deplacer-les-applications-mac-vers-votre-barre-de-menu-et-pourquoi-vous-devriez\/\"},\"author\":{\"name\":\"Julien\",\"@id\":\"https:\/\/vieassociative.be\/actualites\/#\/schema\/person\/b87ac4f82f9d4e7b7cec7395b679edc4\"},\"headline\":\"Comment d\u00e9placer les applications Mac vers votre barre de menu (et pourquoi vous devriez)\",\"datePublished\":\"2025-08-12T07:19:01+00:00\",\"dateModified\":\"2025-08-12T07:19:01+00:00\",\"mainEntityOfPage\":{\"@id\":\"https:\/\/vieassociative.be\/actualites\/comment-deplacer-les-applications-mac-vers-votre-barre-de-menu-et-pourquoi-vous-devriez\/\"},\"wordCount\":985,\"publisher\":{\"@id\":\"https:\/\/vieassociative.be\/actualites\/#organization\"},\"image\":{\"@id\":\"https:\/\/vieassociative.be\/actualites\/comment-deplacer-les-applications-mac-vers-votre-barre-de-menu-et-pourquoi-vous-devriez\/#primaryimage\"},\"thumbnailUrl\":\"https:\/\/vieassociative.be\/actualites\/wp-content\/uploads\/2025\/08\/1754983142_Comment-deplacer-les-applications-Mac-vers-votre-barre-de-menu.png\",\"keywords\":[\"applications\",\"barre\",\"Comment\",\"d\u00e9placer\",\"devriez\",\"Les\",\"Mac\",\"menu\",\"Pourquoi\",\"vers\",\"votre\",\"Vous\"],\"articleSection\":[\"Technologie\"],\"inLanguage\":\"fr-BE\"},{\"@type\":\"WebPage\",\"@id\":\"https:\/\/vieassociative.be\/actualites\/comment-deplacer-les-applications-mac-vers-votre-barre-de-menu-et-pourquoi-vous-devriez\/\",\"url\":\"https:\/\/vieassociative.be\/actualites\/comment-deplacer-les-applications-mac-vers-votre-barre-de-menu-et-pourquoi-vous-devriez\/\",\"name\":\"Comment d\u00e9placer les applications Mac vers votre barre de menu (et pourquoi vous devriez) | Vie Associative\",\"isPartOf\":{\"@id\":\"https:\/\/vieassociative.be\/actualites\/#website\"},\"primaryImageOfPage\":{\"@id\":\"https:\/\/vieassociative.be\/actualites\/comment-deplacer-les-applications-mac-vers-votre-barre-de-menu-et-pourquoi-vous-devriez\/#primaryimage\"},\"image\":{\"@id\":\"https:\/\/vieassociative.be\/actualites\/comment-deplacer-les-applications-mac-vers-votre-barre-de-menu-et-pourquoi-vous-devriez\/#primaryimage\"},\"thumbnailUrl\":\"https:\/\/vieassociative.be\/actualites\/wp-content\/uploads\/2025\/08\/1754983142_Comment-deplacer-les-applications-Mac-vers-votre-barre-de-menu.png\",\"datePublished\":\"2025-08-12T07:19:01+00:00\",\"dateModified\":\"2025-08-12T07:19:01+00:00\",\"breadcrumb\":{\"@id\":\"https:\/\/vieassociative.be\/actualites\/comment-deplacer-les-applications-mac-vers-votre-barre-de-menu-et-pourquoi-vous-devriez\/#breadcrumb\"},\"inLanguage\":\"fr-BE\",\"potentialAction\":[{\"@type\":\"ReadAction\",\"target\":[\"https:\/\/vieassociative.be\/actualites\/comment-deplacer-les-applications-mac-vers-votre-barre-de-menu-et-pourquoi-vous-devriez\/\"]}]},{\"@type\":\"ImageObject\",\"inLanguage\":\"fr-BE\",\"@id\":\"https:\/\/vieassociative.be\/actualites\/comment-deplacer-les-applications-mac-vers-votre-barre-de-menu-et-pourquoi-vous-devriez\/#primaryimage\",\"url\":\"https:\/\/vieassociative.be\/actualites\/wp-content\/uploads\/2025\/08\/1754983142_Comment-deplacer-les-applications-Mac-vers-votre-barre-de-menu.png\",\"contentUrl\":\"https:\/\/vieassociative.be\/actualites\/wp-content\/uploads\/2025\/08\/1754983142_Comment-deplacer-les-applications-Mac-vers-votre-barre-de-menu.png\",\"width\":1200,\"height\":675,\"caption\":\"Comment d\u00e9placer les applications Mac vers votre barre de menu (et pourquoi vous devriez)\"},{\"@type\":\"BreadcrumbList\",\"@id\":\"https:\/\/vieassociative.be\/actualites\/comment-deplacer-les-applications-mac-vers-votre-barre-de-menu-et-pourquoi-vous-devriez\/#breadcrumb\",\"itemListElement\":[{\"@type\":\"ListItem\",\"position\":1,\"name\":\"Accueil\",\"item\":\"https:\/\/vieassociative.be\/actualites\/\"},{\"@type\":\"ListItem\",\"position\":2,\"name\":\"Comment d\u00e9placer les applications Mac vers votre barre de menu (et pourquoi vous devriez)\"}]},{\"@type\":\"WebSite\",\"@id\":\"https:\/\/vieassociative.be\/actualites\/#website\",\"url\":\"https:\/\/vieassociative.be\/actualites\/\",\"name\":\"Vie Associative\",\"description\":\"\",\"publisher\":{\"@id\":\"https:\/\/vieassociative.be\/actualites\/#organization\"},\"potentialAction\":[{\"@type\":\"SearchAction\",\"target\":{\"@type\":\"EntryPoint\",\"urlTemplate\":\"https:\/\/vieassociative.be\/actualites\/?s={search_term_string}\"},\"query-input\":{\"@type\":\"PropertyValueSpecification\",\"valueRequired\":true,\"valueName\":\"search_term_string\"}}],\"inLanguage\":\"fr-BE\"},{\"@type\":\"Organization\",\"@id\":\"https:\/\/vieassociative.be\/actualites\/#organization\",\"name\":\"Vie Associative\",\"url\":\"https:\/\/vieassociative.be\/actualites\/\",\"logo\":{\"@type\":\"ImageObject\",\"inLanguage\":\"fr-BE\",\"@id\":\"https:\/\/vieassociative.be\/actualites\/#\/schema\/logo\/image\/\",\"url\":\"https:\/\/vieassociative.be\/actualites\/wp-content\/uploads\/2024\/09\/cropped-vieassociative_favicon.ico.png\",\"contentUrl\":\"https:\/\/vieassociative.be\/actualites\/wp-content\/uploads\/2024\/09\/cropped-vieassociative_favicon.ico.png\",\"width\":512,\"height\":512,\"caption\":\"Vie Associative\"},\"image\":{\"@id\":\"https:\/\/vieassociative.be\/actualites\/#\/schema\/logo\/image\/\"}},{\"@type\":\"Person\",\"@id\":\"https:\/\/vieassociative.be\/actualites\/#\/schema\/person\/b87ac4f82f9d4e7b7cec7395b679edc4\",\"name\":\"Julien\",\"image\":{\"@type\":\"ImageObject\",\"inLanguage\":\"fr-BE\",\"@id\":\"https:\/\/vieassociative.be\/actualites\/#\/schema\/person\/image\/\",\"url\":\"https:\/\/vieassociative.be\/actualites\/wp-content\/uploads\/2024\/09\/vie-associative-1-150x150.jpg\",\"contentUrl\":\"https:\/\/vieassociative.be\/actualites\/wp-content\/uploads\/2024\/09\/vie-associative-1-150x150.jpg\",\"caption\":\"Julien\"},\"description\":\"Je suis Julien, r\u00e9dacteur pour Vie Associative. Passionn\u00e9 par le monde associatif depuis plus de 10 ans, j'ai \u00e0 c\u0153ur de partager des histoires inspirantes et de mettre en lumi\u00e8re les initiatives locales. Mon objectif est de sensibiliser et d'encourager l'engagement communautaire \u00e0 travers mes articles.\",\"sameAs\":[\"https:\/\/vieassociative.be\/\"]}]}<\/script>\n<!-- \/ Yoast SEO plugin. -->","yoast_head_json":{"title":"Comment d\u00e9placer les applications Mac vers votre barre de menu (et pourquoi vous devriez) | Vie Associative","robots":{"index":"index","follow":"follow","max-snippet":"max-snippet:-1","max-image-preview":"max-image-preview:large","max-video-preview":"max-video-preview:-1"},"canonical":"https:\/\/vieassociative.be\/actualites\/comment-deplacer-les-applications-mac-vers-votre-barre-de-menu-et-pourquoi-vous-devriez\/","og_locale":"fr_FR","og_type":"article","og_title":"Comment d\u00e9placer les applications Mac vers votre barre de menu (et pourquoi vous devriez) | Vie Associative","og_description":"Maintenant, je peux cacher mon quai sans me soucier des alertes manqu\u00e9es. Je vis dans un petit appartement exigu dans une grande ville. Pour chaque","og_url":"https:\/\/vieassociative.be\/actualites\/comment-deplacer-les-applications-mac-vers-votre-barre-de-menu-et-pourquoi-vous-devriez\/","og_site_name":"Vie Associative","article_published_time":"2025-08-12T07:19:01+00:00","og_image":[{"url":"https:\/\/vieassociative.be\/actualites\/wp-content\/uploads\/2025\/08\/Comment-deplacer-les-applications-Mac-vers-votre-barre-de-menu.png","type":"","width":"","height":""}],"author":"Julien","twitter_card":"summary_large_image","twitter_misc":{"\u00c9crit par":"Julien","Dur\u00e9e de lecture est.":"5 minutes"},"schema":{"@context":"https:\/\/schema.org","@graph":[{"@type":"Article","@id":"https:\/\/vieassociative.be\/actualites\/comment-deplacer-les-applications-mac-vers-votre-barre-de-menu-et-pourquoi-vous-devriez\/#article","isPartOf":{"@id":"https:\/\/vieassociative.be\/actualites\/comment-deplacer-les-applications-mac-vers-votre-barre-de-menu-et-pourquoi-vous-devriez\/"},"author":{"name":"Julien","@id":"https:\/\/vieassociative.be\/actualites\/#\/schema\/person\/b87ac4f82f9d4e7b7cec7395b679edc4"},"headline":"Comment d\u00e9placer les applications Mac vers votre barre de menu (et pourquoi vous devriez)","datePublished":"2025-08-12T07:19:01+00:00","dateModified":"2025-08-12T07:19:01+00:00","mainEntityOfPage":{"@id":"https:\/\/vieassociative.be\/actualites\/comment-deplacer-les-applications-mac-vers-votre-barre-de-menu-et-pourquoi-vous-devriez\/"},"wordCount":985,"publisher":{"@id":"https:\/\/vieassociative.be\/actualites\/#organization"},"image":{"@id":"https:\/\/vieassociative.be\/actualites\/comment-deplacer-les-applications-mac-vers-votre-barre-de-menu-et-pourquoi-vous-devriez\/#primaryimage"},"thumbnailUrl":"https:\/\/vieassociative.be\/actualites\/wp-content\/uploads\/2025\/08\/1754983142_Comment-deplacer-les-applications-Mac-vers-votre-barre-de-menu.png","keywords":["applications","barre","Comment","d\u00e9placer","devriez","Les","Mac","menu","Pourquoi","vers","votre","Vous"],"articleSection":["Technologie"],"inLanguage":"fr-BE"},{"@type":"WebPage","@id":"https:\/\/vieassociative.be\/actualites\/comment-deplacer-les-applications-mac-vers-votre-barre-de-menu-et-pourquoi-vous-devriez\/","url":"https:\/\/vieassociative.be\/actualites\/comment-deplacer-les-applications-mac-vers-votre-barre-de-menu-et-pourquoi-vous-devriez\/","name":"Comment d\u00e9placer les applications Mac vers votre barre de menu (et pourquoi vous devriez) | Vie Associative","isPartOf":{"@id":"https:\/\/vieassociative.be\/actualites\/#website"},"primaryImageOfPage":{"@id":"https:\/\/vieassociative.be\/actualites\/comment-deplacer-les-applications-mac-vers-votre-barre-de-menu-et-pourquoi-vous-devriez\/#primaryimage"},"image":{"@id":"https:\/\/vieassociative.be\/actualites\/comment-deplacer-les-applications-mac-vers-votre-barre-de-menu-et-pourquoi-vous-devriez\/#primaryimage"},"thumbnailUrl":"https:\/\/vieassociative.be\/actualites\/wp-content\/uploads\/2025\/08\/1754983142_Comment-deplacer-les-applications-Mac-vers-votre-barre-de-menu.png","datePublished":"2025-08-12T07:19:01+00:00","dateModified":"2025-08-12T07:19:01+00:00","breadcrumb":{"@id":"https:\/\/vieassociative.be\/actualites\/comment-deplacer-les-applications-mac-vers-votre-barre-de-menu-et-pourquoi-vous-devriez\/#breadcrumb"},"inLanguage":"fr-BE","potentialAction":[{"@type":"ReadAction","target":["https:\/\/vieassociative.be\/actualites\/comment-deplacer-les-applications-mac-vers-votre-barre-de-menu-et-pourquoi-vous-devriez\/"]}]},{"@type":"ImageObject","inLanguage":"fr-BE","@id":"https:\/\/vieassociative.be\/actualites\/comment-deplacer-les-applications-mac-vers-votre-barre-de-menu-et-pourquoi-vous-devriez\/#primaryimage","url":"https:\/\/vieassociative.be\/actualites\/wp-content\/uploads\/2025\/08\/1754983142_Comment-deplacer-les-applications-Mac-vers-votre-barre-de-menu.png","contentUrl":"https:\/\/vieassociative.be\/actualites\/wp-content\/uploads\/2025\/08\/1754983142_Comment-deplacer-les-applications-Mac-vers-votre-barre-de-menu.png","width":1200,"height":675,"caption":"Comment d\u00e9placer les applications Mac vers votre barre de menu (et pourquoi vous devriez)"},{"@type":"BreadcrumbList","@id":"https:\/\/vieassociative.be\/actualites\/comment-deplacer-les-applications-mac-vers-votre-barre-de-menu-et-pourquoi-vous-devriez\/#breadcrumb","itemListElement":[{"@type":"ListItem","position":1,"name":"Accueil","item":"https:\/\/vieassociative.be\/actualites\/"},{"@type":"ListItem","position":2,"name":"Comment d\u00e9placer les applications Mac vers votre barre de menu (et pourquoi vous devriez)"}]},{"@type":"WebSite","@id":"https:\/\/vieassociative.be\/actualites\/#website","url":"https:\/\/vieassociative.be\/actualites\/","name":"Vie Associative","description":"","publisher":{"@id":"https:\/\/vieassociative.be\/actualites\/#organization"},"potentialAction":[{"@type":"SearchAction","target":{"@type":"EntryPoint","urlTemplate":"https:\/\/vieassociative.be\/actualites\/?s={search_term_string}"},"query-input":{"@type":"PropertyValueSpecification","valueRequired":true,"valueName":"search_term_string"}}],"inLanguage":"fr-BE"},{"@type":"Organization","@id":"https:\/\/vieassociative.be\/actualites\/#organization","name":"Vie Associative","url":"https:\/\/vieassociative.be\/actualites\/","logo":{"@type":"ImageObject","inLanguage":"fr-BE","@id":"https:\/\/vieassociative.be\/actualites\/#\/schema\/logo\/image\/","url":"https:\/\/vieassociative.be\/actualites\/wp-content\/uploads\/2024\/09\/cropped-vieassociative_favicon.ico.png","contentUrl":"https:\/\/vieassociative.be\/actualites\/wp-content\/uploads\/2024\/09\/cropped-vieassociative_favicon.ico.png","width":512,"height":512,"caption":"Vie Associative"},"image":{"@id":"https:\/\/vieassociative.be\/actualites\/#\/schema\/logo\/image\/"}},{"@type":"Person","@id":"https:\/\/vieassociative.be\/actualites\/#\/schema\/person\/b87ac4f82f9d4e7b7cec7395b679edc4","name":"Julien","image":{"@type":"ImageObject","inLanguage":"fr-BE","@id":"https:\/\/vieassociative.be\/actualites\/#\/schema\/person\/image\/","url":"https:\/\/vieassociative.be\/actualites\/wp-content\/uploads\/2024\/09\/vie-associative-1-150x150.jpg","contentUrl":"https:\/\/vieassociative.be\/actualites\/wp-content\/uploads\/2024\/09\/vie-associative-1-150x150.jpg","caption":"Julien"},"description":"Je suis Julien, r\u00e9dacteur pour Vie Associative. Passionn\u00e9 par le monde associatif depuis plus de 10 ans, j'ai \u00e0 c\u0153ur de partager des histoires inspirantes et de mettre en lumi\u00e8re les initiatives locales. Mon objectif est de sensibiliser et d'encourager l'engagement communautaire \u00e0 travers mes articles.","sameAs":["https:\/\/vieassociative.be\/"]}]}},"_links":{"self":[{"href":"https:\/\/vieassociative.be\/actualites\/wp-json\/wp\/v2\/posts\/9355"}],"collection":[{"href":"https:\/\/vieassociative.be\/actualites\/wp-json\/wp\/v2\/posts"}],"about":[{"href":"https:\/\/vieassociative.be\/actualites\/wp-json\/wp\/v2\/types\/post"}],"author":[{"embeddable":true,"href":"https:\/\/vieassociative.be\/actualites\/wp-json\/wp\/v2\/users\/1"}],"replies":[{"embeddable":true,"href":"https:\/\/vieassociative.be\/actualites\/wp-json\/wp\/v2\/comments?post=9355"}],"version-history":[{"count":0,"href":"https:\/\/vieassociative.be\/actualites\/wp-json\/wp\/v2\/posts\/9355\/revisions"}],"wp:featuredmedia":[{"embeddable":true,"href":"https:\/\/vieassociative.be\/actualites\/wp-json\/wp\/v2\/media\/9356"}],"wp:attachment":[{"href":"https:\/\/vieassociative.be\/actualites\/wp-json\/wp\/v2\/media?parent=9355"}],"wp:term":[{"taxonomy":"category","embeddable":true,"href":"https:\/\/vieassociative.be\/actualites\/wp-json\/wp\/v2\/categories?post=9355"},{"taxonomy":"post_tag","embeddable":true,"href":"https:\/\/vieassociative.be\/actualites\/wp-json\/wp\/v2\/tags?post=9355"}],"curies":[{"name":"wp","href":"https:\/\/api.w.org\/{rel}","templated":true}]}}