{"id":9353,"date":"2025-08-12T04:17:02","date_gmt":"2025-08-12T02:17:02","guid":{"rendered":"https:\/\/vieassociative.be\/actualites\/vivant-faction-critique-lelevation-de-lecole-de-lecole-notre-ministre-de-la-dette-paasch-a-joue\/"},"modified":"2025-08-12T04:17:02","modified_gmt":"2025-08-12T02:17:02","slug":"vivant-faction-critique-lelevation-de-lecole-de-lecole-notre-ministre-de-la-dette-paasch-a-joue","status":"publish","type":"post","link":"https:\/\/vieassociative.be\/actualites\/vivant-faction-critique-lelevation-de-lecole-de-lecole-notre-ministre-de-la-dette-paasch-a-joue\/","title":{"rendered":"Vivant Faction critique l&rsquo;\u00e9l\u00e9vation de l&rsquo;\u00e9cole de l&rsquo;\u00e9cole: \u00ab\u00a0Notre ministre de la dette Paasch a jou\u00e9\u00a0\u00bb"},"content":{"rendered":"<p><strong>M\u00eame pendant les vacances d&rsquo;\u00e9t\u00e9, le groupe parlementaire Vivant n&rsquo;autorise pas le Premier ministre Oliver Paasch et son gouvernement de Prodg, CSP et PFF. <\/strong><\/p>\n<p><span id=\"more-422182\"><\/span>Les quatre d\u00e9put\u00e9s Michael Balter, Alain Mertes, Diana Stiel et Elena Peters sont critiques de la politique financi\u00e8re de la DG en g\u00e9n\u00e9ral et de l&rsquo;exposition au bonus de l&rsquo;\u00e9cole en particulier.<\/p>\n<p>\u00ab\u00a0Sa politique financi\u00e8re rat\u00e9e est au d\u00e9triment des familles et de leur pouvoir d&rsquo;achat. L&rsquo;exposition \u00e0 la prime scolaire est une outrage\u00a0\u00bb, a d\u00e9clar\u00e9 le Quatuor Vivant. \u00ab\u00a0Notre ministre de la dette Paasch a jou\u00e9.\u00a0\u00bb<\/p>\n<p>En outre, il dit: \u00ab\u00a0Apr\u00e8s des ann\u00e9es de d\u00e9chets de fonds publics, la promotion de projets de prestige, n\u00e9gligeant des t\u00e2ches importantes et une politique de subvention excessive annonc\u00e9e dans sa d\u00e9claration gouvernementale en octobre 2024 que la DG a d\u00fb sauver. La Belgique aurait \u00e9galement demand\u00e9 \u00e0 la Belgique de sauver des milliards de milliards dans les ann\u00e9es \u00e0 venir dans une\u00a0\u00bb lettre bleue \u00ab\u00a0, que la DG devait \u00e9galement \u00eatre engag\u00e9e.\u00a0\u00bb<\/p>\n<div id=\"attachment_186357\" class=\"wp-caption alignleft\" style=\"max-width: 300px\"><img fetchpriority=\"high\" decoding=\"async\" class=\"wp-image-186357 size-medium\" src=\"https:\/\/vieassociative.be\/actualites\/wp-content\/uploads\/2025\/08\/Vivant-Faction-critique-lelevation-de-lecole-de-lecole-Notre-ministre.jpeg\" alt=\"\" width=\"300\" height=\"200\"  ><\/div>\n<p>Des crises telles que la pand\u00e9mie de Corona, la catastrophe des inondations, le d\u00e9clin de l&rsquo;Ukraine et les tarifs de Trump ont \u00e9t\u00e9 utilis\u00e9s \u00e0 plusieurs reprises comme justification de la politique de la dette, mais la plupart de ces raisons sont seulement avanc\u00e9es.<\/p>\n<p>\u00ab\u00a0La port\u00e9e financi\u00e8re de la DG est \u00e9puis\u00e9e depuis des ann\u00e9es. N\u00e9anmoins, le gouvernement de Paasch a poursuivi sa g\u00e9n\u00e9reuse politique de d\u00e9penses, bien qu&rsquo;il n&rsquo;y ait pratiquement pas de r\u00e9serves budg\u00e9taires pour les investissements futurs\u00a0\u00bb, a plaint le Vivantler. Vivant avait mis en garde contre les dangers d&rsquo;une dette excessive depuis plus de 20 ans.<\/p>\n<p>Selon Vivant, le gouvernement DG s&rsquo;attendait toujours \u00e0 des paiements d&rsquo;int\u00e9r\u00eats de 1,18 million d&rsquo;euros en 2015 pour 2015. En fait, ceux-ci s&rsquo;\u00e9l\u00e8veraient d\u00e9sormais \u00e0 36 millions d&rsquo;euros &#8211; un \u00e9cart de trente fois. Le fardeau d&rsquo;int\u00e9r\u00eat explose. D\u00e8s l&rsquo;ann\u00e9e prochaine, 2026, la DG devra augmenter plus de 44 millions d&rsquo;euros par an pour leur int\u00e9r\u00eat &#8211; plus qu&rsquo;ils ne d\u00e9pensent pour l&rsquo;allocation de soins et tous les paiements aux maisons de soins infirmiers. \u00ab\u00a0La petite DG compte maintenant environ 1,3 milliard d&rsquo;euros de dette, et personne ne parle de remboursement\u00a0\u00bb, explique Vivant.<\/p>\n<p>Bien que l&rsquo;allocation de soins ne soit \u00ab\u00a0plus portable\u00a0\u00bb, selon le ministre Paasch, des millions de personnes allaient verser les banques du cr\u00e9ancier. Cette politique financi\u00e8re n\u00e9gligente a des cons\u00e9quences notables, critiquant Balter, Mertes, Stiel et Peters.<\/p>\n<div id=\"attachment_247255\" class=\"wp-caption alignleft\" style=\"max-width: 300px\"><img decoding=\"async\" class=\"wp-image-247255 size-medium\" src=\"https:\/\/vieassociative.be\/actualites\/wp-content\/uploads\/2025\/08\/1754965022_242_Vivant-Faction-critique-lelevation-de-lecole-de-lecole-Notre-ministre.jpeg\" alt=\"\" width=\"300\" height=\"169\"  ><\/div>\n<p>\u00ab\u00a0En d\u00e9cembre 2024, l&rsquo;absence totale de tout motif du gouvernement de Paasch (Prodg, PFF, CSP) a \u00e9t\u00e9 montr\u00e9e lorsqu&rsquo;elle a d\u00e9cid\u00e9 des mesures d&rsquo;\u00e9pargne douteuses pour le budget de 2025, y compris l&rsquo;exposition \u00e0 l&rsquo;indexation de l&rsquo;agression pour enfants en 2025 et 2026 et l&rsquo;abolition de la prime scolaire. Mais elle est toujours bloqu\u00e9e \u00e0 un gouvernement avec un groupe de moins, bien que ces co\u00fbts plus de 5 millions d&rsquo;Euros. Mesures: \u00c9conomisez oui mais aux bons endroits! \u00bb<\/p>\n<p>\u00ab\u00a0Comment la r\u00e9mun\u00e9ration de sortie des ministres \u00e9limin\u00e9s de pr\u00e8s de 500 000 euros peut-elle \u00eatre justifi\u00e9e?\u00a0\u00bb Demande Vivant. Le gouvernement DG n&rsquo;a pas inform\u00e9 les parents des changements dans les prestations des enfants en temps utile, bien que de nombreuses familles d\u00e9pendent de l&rsquo;argent. \u00ab\u00a0Contrairement \u00e0 une augmentation des subventions ou des investissements qui sont communiqu\u00e9s fort afin de g\u00e9n\u00e9rer des votes, la diminution de la volont\u00e9 de communiquer est probablement une strat\u00e9gie de limitation des dommages.\u00a0\u00bb<\/p>\n<p>Selon Vivant, le gouvernement de la DG a augment\u00e9 les suppl\u00e9ments de l&rsquo;allocation de bassisme d&rsquo;environ trois euros par enfant en janvier pour compenser une partie de la prime scolaire. Cependant, cette mesure de r\u00e9mun\u00e9ration est \u00ab\u00a0oculaire\u00a0\u00bb, car les enfants ou les parents qui ne re\u00e7oivent que le b\u00e9n\u00e9fice de bassisme sont devenus vides. Les mesures de r\u00e9mun\u00e9ration ne recevraient pas les personnes qui re\u00e7oivent le b\u00e9n\u00e9fice du bassisme.<\/p>\n<p>En conclusion, il dit: \u00abLe groupe Vivant demande au gouvernement DG de renverser la d\u00e9cision \u00e0 nouveau.<\/p>\n","protected":false},"excerpt":{"rendered":"<p>M\u00eame pendant les vacances d&rsquo;\u00e9t\u00e9, le groupe parlementaire Vivant n&rsquo;autorise pas le Premier ministre Oliver Paasch et son gouvernement de Prodg, CSP et PFF. Les<\/p>\n","protected":false},"author":1,"featured_media":9354,"comment_status":"","ping_status":"","sticky":false,"template":"","format":"standard","meta":{"footnotes":""},"categories":[298],"tags":[3364,2609,5900,3985,2437,8130,1245,609,2553,3138],"class_list":["post-9353","post","type-post","status-publish","format-standard","has-post-thumbnail","hentry","category-belgique","tag-critique","tag-dette","tag-faction","tag-joue","tag-lecole","tag-lelevation","tag-ministre","tag-notre","tag-paasch","tag-vivant","generate-columns","tablet-grid-50","mobile-grid-100","grid-parent","grid-33"],"yoast_head":"<!-- This site is optimized with the Yoast SEO plugin v24.0 - https:\/\/yoast.com\/wordpress\/plugins\/seo\/ -->\n<title>Vivant Faction critique l&#039;\u00e9l\u00e9vation de l&#039;\u00e9cole de l&#039;\u00e9cole: &quot;Notre ministre de la dette Paasch a jou\u00e9&quot; | Vie Associative<\/title>\n<meta name=\"robots\" content=\"index, follow, max-snippet:-1, max-image-preview:large, max-video-preview:-1\" \/>\n<link rel=\"canonical\" href=\"https:\/\/vieassociative.be\/actualites\/vivant-faction-critique-lelevation-de-lecole-de-lecole-notre-ministre-de-la-dette-paasch-a-joue\/\" \/>\n<meta property=\"og:locale\" content=\"fr_FR\" \/>\n<meta property=\"og:type\" content=\"article\" \/>\n<meta property=\"og:title\" content=\"Vivant Faction critique l&#039;\u00e9l\u00e9vation de l&#039;\u00e9cole de l&#039;\u00e9cole: &quot;Notre ministre de la dette Paasch a jou\u00e9&quot; | Vie Associative\" \/>\n<meta property=\"og:description\" content=\"M\u00eame pendant les vacances d&rsquo;\u00e9t\u00e9, le groupe parlementaire Vivant n&rsquo;autorise pas le Premier ministre Oliver Paasch et son gouvernement de Prodg, CSP et PFF. Les\" \/>\n<meta property=\"og:url\" content=\"https:\/\/vieassociative.be\/actualites\/vivant-faction-critique-lelevation-de-lecole-de-lecole-notre-ministre-de-la-dette-paasch-a-joue\/\" \/>\n<meta property=\"og:site_name\" content=\"Vie Associative\" \/>\n<meta property=\"article:published_time\" content=\"2025-08-12T02:17:02+00:00\" \/>\n<meta property=\"og:image\" content=\"https:\/\/vieassociative.be\/actualites\/wp-content\/uploads\/2024\/09\/header_backgroundk-01-e1726694325946.png\" \/>\n\t<meta property=\"og:image:width\" content=\"279\" \/>\n\t<meta property=\"og:image:height\" content=\"92\" \/>\n\t<meta property=\"og:image:type\" content=\"image\/png\" \/>\n<meta name=\"author\" content=\"Julien\" \/>\n<meta name=\"twitter:card\" content=\"summary_large_image\" \/>\n<meta name=\"twitter:label1\" content=\"\u00c9crit par\" \/>\n\t<meta name=\"twitter:data1\" content=\"Julien\" \/>\n\t<meta name=\"twitter:label2\" content=\"Dur\u00e9e de lecture est.\" \/>\n\t<meta name=\"twitter:data2\" content=\"3 minutes\" \/>\n<script type=\"application\/ld+json\" class=\"yoast-schema-graph\">{\"@context\":\"https:\/\/schema.org\",\"@graph\":[{\"@type\":\"Article\",\"@id\":\"https:\/\/vieassociative.be\/actualites\/vivant-faction-critique-lelevation-de-lecole-de-lecole-notre-ministre-de-la-dette-paasch-a-joue\/#article\",\"isPartOf\":{\"@id\":\"https:\/\/vieassociative.be\/actualites\/vivant-faction-critique-lelevation-de-lecole-de-lecole-notre-ministre-de-la-dette-paasch-a-joue\/\"},\"author\":{\"name\":\"Julien\",\"@id\":\"https:\/\/vieassociative.be\/actualites\/#\/schema\/person\/b87ac4f82f9d4e7b7cec7395b679edc4\"},\"headline\":\"Vivant Faction critique l&rsquo;\u00e9l\u00e9vation de l&rsquo;\u00e9cole de l&rsquo;\u00e9cole: \u00ab\u00a0Notre ministre de la dette Paasch a jou\u00e9\u00a0\u00bb\",\"datePublished\":\"2025-08-12T02:17:02+00:00\",\"dateModified\":\"2025-08-12T02:17:02+00:00\",\"mainEntityOfPage\":{\"@id\":\"https:\/\/vieassociative.be\/actualites\/vivant-faction-critique-lelevation-de-lecole-de-lecole-notre-ministre-de-la-dette-paasch-a-joue\/\"},\"wordCount\":738,\"publisher\":{\"@id\":\"https:\/\/vieassociative.be\/actualites\/#organization\"},\"image\":{\"@id\":\"https:\/\/vieassociative.be\/actualites\/vivant-faction-critique-lelevation-de-lecole-de-lecole-notre-ministre-de-la-dette-paasch-a-joue\/#primaryimage\"},\"thumbnailUrl\":\"https:\/\/vieassociative.be\/actualites\/wp-content\/uploads\/2025\/08\/Vivant-Faction-critique-lelevation-de-lecole-de-lecole-Notre-ministre.jpg\",\"keywords\":[\"critique\",\"dette\",\"Faction\",\"joue\",\"l\u00e9cole\",\"l\u00e9l\u00e9vation\",\"ministre\",\"notre\",\"Paasch\",\"Vivant\"],\"articleSection\":[\"Belgique\"],\"inLanguage\":\"fr-BE\"},{\"@type\":\"WebPage\",\"@id\":\"https:\/\/vieassociative.be\/actualites\/vivant-faction-critique-lelevation-de-lecole-de-lecole-notre-ministre-de-la-dette-paasch-a-joue\/\",\"url\":\"https:\/\/vieassociative.be\/actualites\/vivant-faction-critique-lelevation-de-lecole-de-lecole-notre-ministre-de-la-dette-paasch-a-joue\/\",\"name\":\"Vivant Faction critique l'\u00e9l\u00e9vation de l'\u00e9cole de l'\u00e9cole: \\\"Notre ministre de la dette Paasch a jou\u00e9\\\" | Vie Associative\",\"isPartOf\":{\"@id\":\"https:\/\/vieassociative.be\/actualites\/#website\"},\"primaryImageOfPage\":{\"@id\":\"https:\/\/vieassociative.be\/actualites\/vivant-faction-critique-lelevation-de-lecole-de-lecole-notre-ministre-de-la-dette-paasch-a-joue\/#primaryimage\"},\"image\":{\"@id\":\"https:\/\/vieassociative.be\/actualites\/vivant-faction-critique-lelevation-de-lecole-de-lecole-notre-ministre-de-la-dette-paasch-a-joue\/#primaryimage\"},\"thumbnailUrl\":\"https:\/\/vieassociative.be\/actualites\/wp-content\/uploads\/2025\/08\/Vivant-Faction-critique-lelevation-de-lecole-de-lecole-Notre-ministre.jpg\",\"datePublished\":\"2025-08-12T02:17:02+00:00\",\"dateModified\":\"2025-08-12T02:17:02+00:00\",\"breadcrumb\":{\"@id\":\"https:\/\/vieassociative.be\/actualites\/vivant-faction-critique-lelevation-de-lecole-de-lecole-notre-ministre-de-la-dette-paasch-a-joue\/#breadcrumb\"},\"inLanguage\":\"fr-BE\",\"potentialAction\":[{\"@type\":\"ReadAction\",\"target\":[\"https:\/\/vieassociative.be\/actualites\/vivant-faction-critique-lelevation-de-lecole-de-lecole-notre-ministre-de-la-dette-paasch-a-joue\/\"]}]},{\"@type\":\"ImageObject\",\"inLanguage\":\"fr-BE\",\"@id\":\"https:\/\/vieassociative.be\/actualites\/vivant-faction-critique-lelevation-de-lecole-de-lecole-notre-ministre-de-la-dette-paasch-a-joue\/#primaryimage\",\"url\":\"https:\/\/vieassociative.be\/actualites\/wp-content\/uploads\/2025\/08\/Vivant-Faction-critique-lelevation-de-lecole-de-lecole-Notre-ministre.jpg\",\"contentUrl\":\"https:\/\/vieassociative.be\/actualites\/wp-content\/uploads\/2025\/08\/Vivant-Faction-critique-lelevation-de-lecole-de-lecole-Notre-ministre.jpg\",\"width\":1300,\"height\":869,\"caption\":\"Vivant Faction critique l'\u00e9l\u00e9vation de l'\u00e9cole de l'\u00e9cole: \\\"Notre ministre de la dette Paasch a jou\u00e9\\\"\"},{\"@type\":\"BreadcrumbList\",\"@id\":\"https:\/\/vieassociative.be\/actualites\/vivant-faction-critique-lelevation-de-lecole-de-lecole-notre-ministre-de-la-dette-paasch-a-joue\/#breadcrumb\",\"itemListElement\":[{\"@type\":\"ListItem\",\"position\":1,\"name\":\"Accueil\",\"item\":\"https:\/\/vieassociative.be\/actualites\/\"},{\"@type\":\"ListItem\",\"position\":2,\"name\":\"Vivant Faction critique l&rsquo;\u00e9l\u00e9vation de l&rsquo;\u00e9cole de l&rsquo;\u00e9cole: \u00ab\u00a0Notre ministre de la dette Paasch a jou\u00e9\u00a0\u00bb\"}]},{\"@type\":\"WebSite\",\"@id\":\"https:\/\/vieassociative.be\/actualites\/#website\",\"url\":\"https:\/\/vieassociative.be\/actualites\/\",\"name\":\"Vie Associative\",\"description\":\"\",\"publisher\":{\"@id\":\"https:\/\/vieassociative.be\/actualites\/#organization\"},\"potentialAction\":[{\"@type\":\"SearchAction\",\"target\":{\"@type\":\"EntryPoint\",\"urlTemplate\":\"https:\/\/vieassociative.be\/actualites\/?s={search_term_string}\"},\"query-input\":{\"@type\":\"PropertyValueSpecification\",\"valueRequired\":true,\"valueName\":\"search_term_string\"}}],\"inLanguage\":\"fr-BE\"},{\"@type\":\"Organization\",\"@id\":\"https:\/\/vieassociative.be\/actualites\/#organization\",\"name\":\"Vie Associative\",\"url\":\"https:\/\/vieassociative.be\/actualites\/\",\"logo\":{\"@type\":\"ImageObject\",\"inLanguage\":\"fr-BE\",\"@id\":\"https:\/\/vieassociative.be\/actualites\/#\/schema\/logo\/image\/\",\"url\":\"https:\/\/vieassociative.be\/actualites\/wp-content\/uploads\/2024\/09\/cropped-vieassociative_favicon.ico.png\",\"contentUrl\":\"https:\/\/vieassociative.be\/actualites\/wp-content\/uploads\/2024\/09\/cropped-vieassociative_favicon.ico.png\",\"width\":512,\"height\":512,\"caption\":\"Vie Associative\"},\"image\":{\"@id\":\"https:\/\/vieassociative.be\/actualites\/#\/schema\/logo\/image\/\"}},{\"@type\":\"Person\",\"@id\":\"https:\/\/vieassociative.be\/actualites\/#\/schema\/person\/b87ac4f82f9d4e7b7cec7395b679edc4\",\"name\":\"Julien\",\"image\":{\"@type\":\"ImageObject\",\"inLanguage\":\"fr-BE\",\"@id\":\"https:\/\/vieassociative.be\/actualites\/#\/schema\/person\/image\/\",\"url\":\"https:\/\/vieassociative.be\/actualites\/wp-content\/uploads\/2024\/09\/vie-associative-1-150x150.jpg\",\"contentUrl\":\"https:\/\/vieassociative.be\/actualites\/wp-content\/uploads\/2024\/09\/vie-associative-1-150x150.jpg\",\"caption\":\"Julien\"},\"description\":\"Je suis Julien, r\u00e9dacteur pour Vie Associative. Passionn\u00e9 par le monde associatif depuis plus de 10 ans, j'ai \u00e0 c\u0153ur de partager des histoires inspirantes et de mettre en lumi\u00e8re les initiatives locales. Mon objectif est de sensibiliser et d'encourager l'engagement communautaire \u00e0 travers mes articles.\",\"sameAs\":[\"https:\/\/vieassociative.be\/\"]}]}<\/script>\n<!-- \/ Yoast SEO plugin. -->","yoast_head_json":{"title":"Vivant Faction critique l'\u00e9l\u00e9vation de l'\u00e9cole de l'\u00e9cole: \"Notre ministre de la dette Paasch a jou\u00e9\" | Vie Associative","robots":{"index":"index","follow":"follow","max-snippet":"max-snippet:-1","max-image-preview":"max-image-preview:large","max-video-preview":"max-video-preview:-1"},"canonical":"https:\/\/vieassociative.be\/actualites\/vivant-faction-critique-lelevation-de-lecole-de-lecole-notre-ministre-de-la-dette-paasch-a-joue\/","og_locale":"fr_FR","og_type":"article","og_title":"Vivant Faction critique l'\u00e9l\u00e9vation de l'\u00e9cole de l'\u00e9cole: \"Notre ministre de la dette Paasch a jou\u00e9\" | Vie Associative","og_description":"M\u00eame pendant les vacances d&rsquo;\u00e9t\u00e9, le groupe parlementaire Vivant n&rsquo;autorise pas le Premier ministre Oliver Paasch et son gouvernement de Prodg, CSP et PFF. Les","og_url":"https:\/\/vieassociative.be\/actualites\/vivant-faction-critique-lelevation-de-lecole-de-lecole-notre-ministre-de-la-dette-paasch-a-joue\/","og_site_name":"Vie Associative","article_published_time":"2025-08-12T02:17:02+00:00","og_image":[{"width":279,"height":92,"url":"https:\/\/vieassociative.be\/actualites\/wp-content\/uploads\/2024\/09\/header_backgroundk-01-e1726694325946.png","type":"image\/png"}],"author":"Julien","twitter_card":"summary_large_image","twitter_misc":{"\u00c9crit par":"Julien","Dur\u00e9e de lecture est.":"3 minutes"},"schema":{"@context":"https:\/\/schema.org","@graph":[{"@type":"Article","@id":"https:\/\/vieassociative.be\/actualites\/vivant-faction-critique-lelevation-de-lecole-de-lecole-notre-ministre-de-la-dette-paasch-a-joue\/#article","isPartOf":{"@id":"https:\/\/vieassociative.be\/actualites\/vivant-faction-critique-lelevation-de-lecole-de-lecole-notre-ministre-de-la-dette-paasch-a-joue\/"},"author":{"name":"Julien","@id":"https:\/\/vieassociative.be\/actualites\/#\/schema\/person\/b87ac4f82f9d4e7b7cec7395b679edc4"},"headline":"Vivant Faction critique l&rsquo;\u00e9l\u00e9vation de l&rsquo;\u00e9cole de l&rsquo;\u00e9cole: \u00ab\u00a0Notre ministre de la dette Paasch a jou\u00e9\u00a0\u00bb","datePublished":"2025-08-12T02:17:02+00:00","dateModified":"2025-08-12T02:17:02+00:00","mainEntityOfPage":{"@id":"https:\/\/vieassociative.be\/actualites\/vivant-faction-critique-lelevation-de-lecole-de-lecole-notre-ministre-de-la-dette-paasch-a-joue\/"},"wordCount":738,"publisher":{"@id":"https:\/\/vieassociative.be\/actualites\/#organization"},"image":{"@id":"https:\/\/vieassociative.be\/actualites\/vivant-faction-critique-lelevation-de-lecole-de-lecole-notre-ministre-de-la-dette-paasch-a-joue\/#primaryimage"},"thumbnailUrl":"https:\/\/vieassociative.be\/actualites\/wp-content\/uploads\/2025\/08\/Vivant-Faction-critique-lelevation-de-lecole-de-lecole-Notre-ministre.jpg","keywords":["critique","dette","Faction","joue","l\u00e9cole","l\u00e9l\u00e9vation","ministre","notre","Paasch","Vivant"],"articleSection":["Belgique"],"inLanguage":"fr-BE"},{"@type":"WebPage","@id":"https:\/\/vieassociative.be\/actualites\/vivant-faction-critique-lelevation-de-lecole-de-lecole-notre-ministre-de-la-dette-paasch-a-joue\/","url":"https:\/\/vieassociative.be\/actualites\/vivant-faction-critique-lelevation-de-lecole-de-lecole-notre-ministre-de-la-dette-paasch-a-joue\/","name":"Vivant Faction critique l'\u00e9l\u00e9vation de l'\u00e9cole de l'\u00e9cole: \"Notre ministre de la dette Paasch a jou\u00e9\" | Vie Associative","isPartOf":{"@id":"https:\/\/vieassociative.be\/actualites\/#website"},"primaryImageOfPage":{"@id":"https:\/\/vieassociative.be\/actualites\/vivant-faction-critique-lelevation-de-lecole-de-lecole-notre-ministre-de-la-dette-paasch-a-joue\/#primaryimage"},"image":{"@id":"https:\/\/vieassociative.be\/actualites\/vivant-faction-critique-lelevation-de-lecole-de-lecole-notre-ministre-de-la-dette-paasch-a-joue\/#primaryimage"},"thumbnailUrl":"https:\/\/vieassociative.be\/actualites\/wp-content\/uploads\/2025\/08\/Vivant-Faction-critique-lelevation-de-lecole-de-lecole-Notre-ministre.jpg","datePublished":"2025-08-12T02:17:02+00:00","dateModified":"2025-08-12T02:17:02+00:00","breadcrumb":{"@id":"https:\/\/vieassociative.be\/actualites\/vivant-faction-critique-lelevation-de-lecole-de-lecole-notre-ministre-de-la-dette-paasch-a-joue\/#breadcrumb"},"inLanguage":"fr-BE","potentialAction":[{"@type":"ReadAction","target":["https:\/\/vieassociative.be\/actualites\/vivant-faction-critique-lelevation-de-lecole-de-lecole-notre-ministre-de-la-dette-paasch-a-joue\/"]}]},{"@type":"ImageObject","inLanguage":"fr-BE","@id":"https:\/\/vieassociative.be\/actualites\/vivant-faction-critique-lelevation-de-lecole-de-lecole-notre-ministre-de-la-dette-paasch-a-joue\/#primaryimage","url":"https:\/\/vieassociative.be\/actualites\/wp-content\/uploads\/2025\/08\/Vivant-Faction-critique-lelevation-de-lecole-de-lecole-Notre-ministre.jpg","contentUrl":"https:\/\/vieassociative.be\/actualites\/wp-content\/uploads\/2025\/08\/Vivant-Faction-critique-lelevation-de-lecole-de-lecole-Notre-ministre.jpg","width":1300,"height":869,"caption":"Vivant Faction critique l'\u00e9l\u00e9vation de l'\u00e9cole de l'\u00e9cole: \"Notre ministre de la dette Paasch a jou\u00e9\""},{"@type":"BreadcrumbList","@id":"https:\/\/vieassociative.be\/actualites\/vivant-faction-critique-lelevation-de-lecole-de-lecole-notre-ministre-de-la-dette-paasch-a-joue\/#breadcrumb","itemListElement":[{"@type":"ListItem","position":1,"name":"Accueil","item":"https:\/\/vieassociative.be\/actualites\/"},{"@type":"ListItem","position":2,"name":"Vivant Faction critique l&rsquo;\u00e9l\u00e9vation de l&rsquo;\u00e9cole de l&rsquo;\u00e9cole: \u00ab\u00a0Notre ministre de la dette Paasch a jou\u00e9\u00a0\u00bb"}]},{"@type":"WebSite","@id":"https:\/\/vieassociative.be\/actualites\/#website","url":"https:\/\/vieassociative.be\/actualites\/","name":"Vie Associative","description":"","publisher":{"@id":"https:\/\/vieassociative.be\/actualites\/#organization"},"potentialAction":[{"@type":"SearchAction","target":{"@type":"EntryPoint","urlTemplate":"https:\/\/vieassociative.be\/actualites\/?s={search_term_string}"},"query-input":{"@type":"PropertyValueSpecification","valueRequired":true,"valueName":"search_term_string"}}],"inLanguage":"fr-BE"},{"@type":"Organization","@id":"https:\/\/vieassociative.be\/actualites\/#organization","name":"Vie Associative","url":"https:\/\/vieassociative.be\/actualites\/","logo":{"@type":"ImageObject","inLanguage":"fr-BE","@id":"https:\/\/vieassociative.be\/actualites\/#\/schema\/logo\/image\/","url":"https:\/\/vieassociative.be\/actualites\/wp-content\/uploads\/2024\/09\/cropped-vieassociative_favicon.ico.png","contentUrl":"https:\/\/vieassociative.be\/actualites\/wp-content\/uploads\/2024\/09\/cropped-vieassociative_favicon.ico.png","width":512,"height":512,"caption":"Vie Associative"},"image":{"@id":"https:\/\/vieassociative.be\/actualites\/#\/schema\/logo\/image\/"}},{"@type":"Person","@id":"https:\/\/vieassociative.be\/actualites\/#\/schema\/person\/b87ac4f82f9d4e7b7cec7395b679edc4","name":"Julien","image":{"@type":"ImageObject","inLanguage":"fr-BE","@id":"https:\/\/vieassociative.be\/actualites\/#\/schema\/person\/image\/","url":"https:\/\/vieassociative.be\/actualites\/wp-content\/uploads\/2024\/09\/vie-associative-1-150x150.jpg","contentUrl":"https:\/\/vieassociative.be\/actualites\/wp-content\/uploads\/2024\/09\/vie-associative-1-150x150.jpg","caption":"Julien"},"description":"Je suis Julien, r\u00e9dacteur pour Vie Associative. Passionn\u00e9 par le monde associatif depuis plus de 10 ans, j'ai \u00e0 c\u0153ur de partager des histoires inspirantes et de mettre en lumi\u00e8re les initiatives locales. Mon objectif est de sensibiliser et d'encourager l'engagement communautaire \u00e0 travers mes articles.","sameAs":["https:\/\/vieassociative.be\/"]}]}},"_links":{"self":[{"href":"https:\/\/vieassociative.be\/actualites\/wp-json\/wp\/v2\/posts\/9353"}],"collection":[{"href":"https:\/\/vieassociative.be\/actualites\/wp-json\/wp\/v2\/posts"}],"about":[{"href":"https:\/\/vieassociative.be\/actualites\/wp-json\/wp\/v2\/types\/post"}],"author":[{"embeddable":true,"href":"https:\/\/vieassociative.be\/actualites\/wp-json\/wp\/v2\/users\/1"}],"replies":[{"embeddable":true,"href":"https:\/\/vieassociative.be\/actualites\/wp-json\/wp\/v2\/comments?post=9353"}],"version-history":[{"count":0,"href":"https:\/\/vieassociative.be\/actualites\/wp-json\/wp\/v2\/posts\/9353\/revisions"}],"wp:featuredmedia":[{"embeddable":true,"href":"https:\/\/vieassociative.be\/actualites\/wp-json\/wp\/v2\/media\/9354"}],"wp:attachment":[{"href":"https:\/\/vieassociative.be\/actualites\/wp-json\/wp\/v2\/media?parent=9353"}],"wp:term":[{"taxonomy":"category","embeddable":true,"href":"https:\/\/vieassociative.be\/actualites\/wp-json\/wp\/v2\/categories?post=9353"},{"taxonomy":"post_tag","embeddable":true,"href":"https:\/\/vieassociative.be\/actualites\/wp-json\/wp\/v2\/tags?post=9353"}],"curies":[{"name":"wp","href":"https:\/\/api.w.org\/{rel}","templated":true}]}}