{"id":9345,"date":"2025-08-11T22:17:24","date_gmt":"2025-08-11T20:17:24","guid":{"rendered":"https:\/\/vieassociative.be\/actualites\/trump-utilise-la-garde-nationale-a-washington\/"},"modified":"2025-08-11T22:17:24","modified_gmt":"2025-08-11T20:17:24","slug":"trump-utilise-la-garde-nationale-a-washington","status":"publish","type":"post","link":"https:\/\/vieassociative.be\/actualites\/trump-utilise-la-garde-nationale-a-washington\/","title":{"rendered":"Trump utilise la Garde nationale \u00e0 Washington"},"content":{"rendered":"<p><strong>Donald Trump veut rendre la capitale am\u00e9ricaine plus s\u00fbre et plus belle. Pour cela, il utilise des moyens inhabituels &#8211; pas la premi\u00e8re fois.<\/strong><\/p>\n<p><span id=\"more-422199\"><\/span>En raison du crime soi-disant tentaculaire \u00e0 Washington, le pr\u00e9sident am\u00e9ricain Donald Trump utilise la Garde nationale dans la capitale am\u00e9ricaine. La police de la ville devrait \u00eatre plac\u00e9e sous le contr\u00f4le f\u00e9d\u00e9ral, a d\u00e9clar\u00e9 Trump. Initialement, 800 gardes nationaux doivent \u00eatre utilis\u00e9s, si n\u00e9cessaire, il souhaite mobiliser encore plus de services d&rsquo;urgence. L&rsquo;objectif est de restaurer la s\u00e9curit\u00e9 publique.<\/p>\n<p>Les preuves des affirmations de Trump selon lesquelles la situation est \u00ab\u00a0hors de contr\u00f4le\u00a0\u00bb n&rsquo;existe pas &#8211; un aper\u00e7u des statistiques de la criminalit\u00e9 montre une baisse des infractions signal\u00e9es.<\/p>\n<div id=\"attachment_422208\" class=\"wp-caption alignleft\" style=\"max-width: 300px\"><img fetchpriority=\"high\" decoding=\"async\" class=\"wp-image-422208 size-medium\" src=\"https:\/\/vieassociative.be\/actualites\/wp-content\/uploads\/2025\/08\/Trump-utilise-la-Garde-nationale-a-Washington.jpg\" alt=\"\" width=\"300\" height=\"200\"><\/div>\n<p><strong>&#8211; La police et le procureur du public contredisent la pr\u00e9sentation de Trump:<\/strong> Selon la police locale, le nombre de crimes violents a diminu\u00e9 d&rsquo;un bon trimestre de l&rsquo;ann\u00e9e pr\u00e9c\u00e9dente au d\u00e9but du mois d&rsquo;ao\u00fbt de cette ann\u00e9e. Le nombre total de toutes les infractions a diminu\u00e9 de sept pour cent. Entre 2023 et 2024, le nombre de crimes signal\u00e9s a \u00e9galement chut\u00e9. Le bureau du procureur du district de Columbia s&rsquo;est entretenu avec une vue de 2024 \u00e0 partir de l&rsquo;ann\u00e9e avec la valeur la plus basse des crimes violents pendant 30 ans.<\/p>\n<p>Trump se pr\u00e9cipite contre les sans-abri et les criminels dans la capitale depuis des semaines. Il avait annonc\u00e9 une op\u00e9ration contre elle \u00e0 l&rsquo;avance. \u00ab\u00a0Les sans-abri doivent s&rsquo;\u00e9loigner imm\u00e9diatement\u00a0\u00bb, a-t-il \u00e9crit dimanche sur sa plate-forme sociale Truth. Il a publi\u00e9 des photos qui montrent des tentes et une pollution sur le bord de la route. \u00ab\u00a0Nous vous proposerons des logements, mais loin de la capitale.\u00a0\u00bb Selon ses mots, la ville devrait devenir plus s\u00fbre et plus belle que jamais. Il voulait mettre des criminels en prison.<\/p>\n<div id=\"attachment_422209\" class=\"wp-caption alignleft\" style=\"max-width: 300px\"><img decoding=\"async\" class=\"wp-image-422209 size-medium\" src=\"https:\/\/vieassociative.be\/actualites\/wp-content\/uploads\/2025\/08\/1754943444_652_Trump-utilise-la-Garde-nationale-a-Washington.jpg\" alt=\"\" width=\"300\" height=\"192\"><\/div>\n<p><strong>&#8211; Garde nationale sur le commandement de Trump n&rsquo;est pas en action pour la premi\u00e8re fois:<\/strong> Ce n&rsquo;est pas la premi\u00e8re fois que Trump utilise la Garde nationale dans une ville. En juin, le pr\u00e9sident am\u00e9ricain a utilis\u00e9 un total de 4 000 soldats de la Garde nationale et 700 fans marins des forces arm\u00e9es r\u00e9guli\u00e8res \u00e0 Los Angeles. La plupart d&rsquo;entre eux ont maintenant \u00e9t\u00e9 command\u00e9s. La raison en \u00e9tait des manifestations massives contre les forces de s\u00e9curit\u00e9 de la GCE de l&rsquo;Autorit\u00e9 am\u00e9ricaine d&rsquo;immigration. La proportionnalit\u00e9 de la mission se d\u00e9roule actuellement devant le tribunal.<\/p>\n<p>La Garde nationale est une unit\u00e9 de r\u00e9serve militaire et une partie des forces arm\u00e9es am\u00e9ricaines. Habituellement, les \u00c9tats ont le contr\u00f4le de la Garde nationale. Dans les urgences nationales, le pr\u00e9sident am\u00e9ricain peut prendre le commandement. La Garde nationale peut \u00eatre utilis\u00e9e, par exemple, dans le cas des catastrophes naturelles, des troubles et des urgences \u00e0 l&rsquo;int\u00e9rieur. Dans l&rsquo;ensemble, les \u00c9tats-Unis comptent plus de 325 000 gardes nationaux. (DPA)<\/p>\n","protected":false},"excerpt":{"rendered":"<p>Donald Trump veut rendre la capitale am\u00e9ricaine plus s\u00fbre et plus belle. Pour cela, il utilise des moyens inhabituels &#8211; pas la premi\u00e8re fois. En<\/p>\n","protected":false},"author":1,"featured_media":9346,"comment_status":"","ping_status":"","sticky":false,"template":"","format":"standard","meta":{"footnotes":""},"categories":[298],"tags":[903,538,2425,153,5056],"class_list":["post-9345","post","type-post","status-publish","format-standard","has-post-thumbnail","hentry","category-belgique","tag-garde","tag-nationale","tag-trump","tag-utilise","tag-washington","generate-columns","tablet-grid-50","mobile-grid-100","grid-parent","grid-33"],"yoast_head":"<!-- This site is optimized with the Yoast SEO plugin v24.0 - https:\/\/yoast.com\/wordpress\/plugins\/seo\/ -->\n<title>Trump utilise la Garde nationale \u00e0 Washington | Vie Associative<\/title>\n<meta name=\"robots\" content=\"index, follow, max-snippet:-1, max-image-preview:large, max-video-preview:-1\" \/>\n<link rel=\"canonical\" href=\"https:\/\/vieassociative.be\/actualites\/trump-utilise-la-garde-nationale-a-washington\/\" \/>\n<meta property=\"og:locale\" content=\"fr_FR\" \/>\n<meta property=\"og:type\" content=\"article\" \/>\n<meta property=\"og:title\" content=\"Trump utilise la Garde nationale \u00e0 Washington | Vie Associative\" \/>\n<meta property=\"og:description\" content=\"Donald Trump veut rendre la capitale am\u00e9ricaine plus s\u00fbre et plus belle. Pour cela, il utilise des moyens inhabituels &#8211; pas la premi\u00e8re fois. En\" \/>\n<meta property=\"og:url\" content=\"https:\/\/vieassociative.be\/actualites\/trump-utilise-la-garde-nationale-a-washington\/\" \/>\n<meta property=\"og:site_name\" content=\"Vie Associative\" \/>\n<meta property=\"article:published_time\" content=\"2025-08-11T20:17:24+00:00\" \/>\n<meta property=\"og:image\" content=\"https:\/\/vieassociative.be\/actualites\/wp-content\/uploads\/2024\/09\/header_backgroundk-01-e1726694325946.png\" \/>\n\t<meta property=\"og:image:width\" content=\"279\" \/>\n\t<meta property=\"og:image:height\" content=\"92\" \/>\n\t<meta property=\"og:image:type\" content=\"image\/png\" \/>\n<meta name=\"author\" content=\"Julien\" \/>\n<meta name=\"twitter:card\" content=\"summary_large_image\" \/>\n<meta name=\"twitter:label1\" content=\"\u00c9crit par\" \/>\n\t<meta name=\"twitter:data1\" content=\"Julien\" \/>\n\t<meta name=\"twitter:label2\" content=\"Dur\u00e9e de lecture est.\" \/>\n\t<meta name=\"twitter:data2\" content=\"2 minutes\" \/>\n<script type=\"application\/ld+json\" class=\"yoast-schema-graph\">{\"@context\":\"https:\/\/schema.org\",\"@graph\":[{\"@type\":\"Article\",\"@id\":\"https:\/\/vieassociative.be\/actualites\/trump-utilise-la-garde-nationale-a-washington\/#article\",\"isPartOf\":{\"@id\":\"https:\/\/vieassociative.be\/actualites\/trump-utilise-la-garde-nationale-a-washington\/\"},\"author\":{\"name\":\"Julien\",\"@id\":\"https:\/\/vieassociative.be\/actualites\/#\/schema\/person\/b87ac4f82f9d4e7b7cec7395b679edc4\"},\"headline\":\"Trump utilise la Garde nationale \u00e0 Washington\",\"datePublished\":\"2025-08-11T20:17:24+00:00\",\"dateModified\":\"2025-08-11T20:17:24+00:00\",\"mainEntityOfPage\":{\"@id\":\"https:\/\/vieassociative.be\/actualites\/trump-utilise-la-garde-nationale-a-washington\/\"},\"wordCount\":518,\"publisher\":{\"@id\":\"https:\/\/vieassociative.be\/actualites\/#organization\"},\"image\":{\"@id\":\"https:\/\/vieassociative.be\/actualites\/trump-utilise-la-garde-nationale-a-washington\/#primaryimage\"},\"thumbnailUrl\":\"https:\/\/vieassociative.be\/actualites\/wp-content\/uploads\/2025\/08\/1754943445_Trump-utilise-la-Garde-nationale-a-Washington.jpg\",\"keywords\":[\"garde\",\"nationale\",\"Trump\",\"utilise\",\"Washington\"],\"articleSection\":[\"Belgique\"],\"inLanguage\":\"fr-BE\"},{\"@type\":\"WebPage\",\"@id\":\"https:\/\/vieassociative.be\/actualites\/trump-utilise-la-garde-nationale-a-washington\/\",\"url\":\"https:\/\/vieassociative.be\/actualites\/trump-utilise-la-garde-nationale-a-washington\/\",\"name\":\"Trump utilise la Garde nationale \u00e0 Washington | Vie Associative\",\"isPartOf\":{\"@id\":\"https:\/\/vieassociative.be\/actualites\/#website\"},\"primaryImageOfPage\":{\"@id\":\"https:\/\/vieassociative.be\/actualites\/trump-utilise-la-garde-nationale-a-washington\/#primaryimage\"},\"image\":{\"@id\":\"https:\/\/vieassociative.be\/actualites\/trump-utilise-la-garde-nationale-a-washington\/#primaryimage\"},\"thumbnailUrl\":\"https:\/\/vieassociative.be\/actualites\/wp-content\/uploads\/2025\/08\/1754943445_Trump-utilise-la-Garde-nationale-a-Washington.jpg\",\"datePublished\":\"2025-08-11T20:17:24+00:00\",\"dateModified\":\"2025-08-11T20:17:24+00:00\",\"breadcrumb\":{\"@id\":\"https:\/\/vieassociative.be\/actualites\/trump-utilise-la-garde-nationale-a-washington\/#breadcrumb\"},\"inLanguage\":\"fr-BE\",\"potentialAction\":[{\"@type\":\"ReadAction\",\"target\":[\"https:\/\/vieassociative.be\/actualites\/trump-utilise-la-garde-nationale-a-washington\/\"]}]},{\"@type\":\"ImageObject\",\"inLanguage\":\"fr-BE\",\"@id\":\"https:\/\/vieassociative.be\/actualites\/trump-utilise-la-garde-nationale-a-washington\/#primaryimage\",\"url\":\"https:\/\/vieassociative.be\/actualites\/wp-content\/uploads\/2025\/08\/1754943445_Trump-utilise-la-Garde-nationale-a-Washington.jpg\",\"contentUrl\":\"https:\/\/vieassociative.be\/actualites\/wp-content\/uploads\/2025\/08\/1754943445_Trump-utilise-la-Garde-nationale-a-Washington.jpg\",\"width\":1200,\"height\":800,\"caption\":\"Trump utilise la Garde nationale \u00e0 Washington\"},{\"@type\":\"BreadcrumbList\",\"@id\":\"https:\/\/vieassociative.be\/actualites\/trump-utilise-la-garde-nationale-a-washington\/#breadcrumb\",\"itemListElement\":[{\"@type\":\"ListItem\",\"position\":1,\"name\":\"Accueil\",\"item\":\"https:\/\/vieassociative.be\/actualites\/\"},{\"@type\":\"ListItem\",\"position\":2,\"name\":\"Trump utilise la Garde nationale \u00e0 Washington\"}]},{\"@type\":\"WebSite\",\"@id\":\"https:\/\/vieassociative.be\/actualites\/#website\",\"url\":\"https:\/\/vieassociative.be\/actualites\/\",\"name\":\"Vie Associative\",\"description\":\"\",\"publisher\":{\"@id\":\"https:\/\/vieassociative.be\/actualites\/#organization\"},\"potentialAction\":[{\"@type\":\"SearchAction\",\"target\":{\"@type\":\"EntryPoint\",\"urlTemplate\":\"https:\/\/vieassociative.be\/actualites\/?s={search_term_string}\"},\"query-input\":{\"@type\":\"PropertyValueSpecification\",\"valueRequired\":true,\"valueName\":\"search_term_string\"}}],\"inLanguage\":\"fr-BE\"},{\"@type\":\"Organization\",\"@id\":\"https:\/\/vieassociative.be\/actualites\/#organization\",\"name\":\"Vie Associative\",\"url\":\"https:\/\/vieassociative.be\/actualites\/\",\"logo\":{\"@type\":\"ImageObject\",\"inLanguage\":\"fr-BE\",\"@id\":\"https:\/\/vieassociative.be\/actualites\/#\/schema\/logo\/image\/\",\"url\":\"https:\/\/vieassociative.be\/actualites\/wp-content\/uploads\/2024\/09\/cropped-vieassociative_favicon.ico.png\",\"contentUrl\":\"https:\/\/vieassociative.be\/actualites\/wp-content\/uploads\/2024\/09\/cropped-vieassociative_favicon.ico.png\",\"width\":512,\"height\":512,\"caption\":\"Vie Associative\"},\"image\":{\"@id\":\"https:\/\/vieassociative.be\/actualites\/#\/schema\/logo\/image\/\"}},{\"@type\":\"Person\",\"@id\":\"https:\/\/vieassociative.be\/actualites\/#\/schema\/person\/b87ac4f82f9d4e7b7cec7395b679edc4\",\"name\":\"Julien\",\"image\":{\"@type\":\"ImageObject\",\"inLanguage\":\"fr-BE\",\"@id\":\"https:\/\/vieassociative.be\/actualites\/#\/schema\/person\/image\/\",\"url\":\"https:\/\/vieassociative.be\/actualites\/wp-content\/uploads\/2024\/09\/vie-associative-1-150x150.jpg\",\"contentUrl\":\"https:\/\/vieassociative.be\/actualites\/wp-content\/uploads\/2024\/09\/vie-associative-1-150x150.jpg\",\"caption\":\"Julien\"},\"description\":\"Je suis Julien, r\u00e9dacteur pour Vie Associative. Passionn\u00e9 par le monde associatif depuis plus de 10 ans, j'ai \u00e0 c\u0153ur de partager des histoires inspirantes et de mettre en lumi\u00e8re les initiatives locales. Mon objectif est de sensibiliser et d'encourager l'engagement communautaire \u00e0 travers mes articles.\",\"sameAs\":[\"https:\/\/vieassociative.be\/\"]}]}<\/script>\n<!-- \/ Yoast SEO plugin. -->","yoast_head_json":{"title":"Trump utilise la Garde nationale \u00e0 Washington | Vie Associative","robots":{"index":"index","follow":"follow","max-snippet":"max-snippet:-1","max-image-preview":"max-image-preview:large","max-video-preview":"max-video-preview:-1"},"canonical":"https:\/\/vieassociative.be\/actualites\/trump-utilise-la-garde-nationale-a-washington\/","og_locale":"fr_FR","og_type":"article","og_title":"Trump utilise la Garde nationale \u00e0 Washington | Vie Associative","og_description":"Donald Trump veut rendre la capitale am\u00e9ricaine plus s\u00fbre et plus belle. Pour cela, il utilise des moyens inhabituels &#8211; pas la premi\u00e8re fois. En","og_url":"https:\/\/vieassociative.be\/actualites\/trump-utilise-la-garde-nationale-a-washington\/","og_site_name":"Vie Associative","article_published_time":"2025-08-11T20:17:24+00:00","og_image":[{"width":279,"height":92,"url":"https:\/\/vieassociative.be\/actualites\/wp-content\/uploads\/2024\/09\/header_backgroundk-01-e1726694325946.png","type":"image\/png"}],"author":"Julien","twitter_card":"summary_large_image","twitter_misc":{"\u00c9crit par":"Julien","Dur\u00e9e de lecture est.":"2 minutes"},"schema":{"@context":"https:\/\/schema.org","@graph":[{"@type":"Article","@id":"https:\/\/vieassociative.be\/actualites\/trump-utilise-la-garde-nationale-a-washington\/#article","isPartOf":{"@id":"https:\/\/vieassociative.be\/actualites\/trump-utilise-la-garde-nationale-a-washington\/"},"author":{"name":"Julien","@id":"https:\/\/vieassociative.be\/actualites\/#\/schema\/person\/b87ac4f82f9d4e7b7cec7395b679edc4"},"headline":"Trump utilise la Garde nationale \u00e0 Washington","datePublished":"2025-08-11T20:17:24+00:00","dateModified":"2025-08-11T20:17:24+00:00","mainEntityOfPage":{"@id":"https:\/\/vieassociative.be\/actualites\/trump-utilise-la-garde-nationale-a-washington\/"},"wordCount":518,"publisher":{"@id":"https:\/\/vieassociative.be\/actualites\/#organization"},"image":{"@id":"https:\/\/vieassociative.be\/actualites\/trump-utilise-la-garde-nationale-a-washington\/#primaryimage"},"thumbnailUrl":"https:\/\/vieassociative.be\/actualites\/wp-content\/uploads\/2025\/08\/1754943445_Trump-utilise-la-Garde-nationale-a-Washington.jpg","keywords":["garde","nationale","Trump","utilise","Washington"],"articleSection":["Belgique"],"inLanguage":"fr-BE"},{"@type":"WebPage","@id":"https:\/\/vieassociative.be\/actualites\/trump-utilise-la-garde-nationale-a-washington\/","url":"https:\/\/vieassociative.be\/actualites\/trump-utilise-la-garde-nationale-a-washington\/","name":"Trump utilise la Garde nationale \u00e0 Washington | Vie Associative","isPartOf":{"@id":"https:\/\/vieassociative.be\/actualites\/#website"},"primaryImageOfPage":{"@id":"https:\/\/vieassociative.be\/actualites\/trump-utilise-la-garde-nationale-a-washington\/#primaryimage"},"image":{"@id":"https:\/\/vieassociative.be\/actualites\/trump-utilise-la-garde-nationale-a-washington\/#primaryimage"},"thumbnailUrl":"https:\/\/vieassociative.be\/actualites\/wp-content\/uploads\/2025\/08\/1754943445_Trump-utilise-la-Garde-nationale-a-Washington.jpg","datePublished":"2025-08-11T20:17:24+00:00","dateModified":"2025-08-11T20:17:24+00:00","breadcrumb":{"@id":"https:\/\/vieassociative.be\/actualites\/trump-utilise-la-garde-nationale-a-washington\/#breadcrumb"},"inLanguage":"fr-BE","potentialAction":[{"@type":"ReadAction","target":["https:\/\/vieassociative.be\/actualites\/trump-utilise-la-garde-nationale-a-washington\/"]}]},{"@type":"ImageObject","inLanguage":"fr-BE","@id":"https:\/\/vieassociative.be\/actualites\/trump-utilise-la-garde-nationale-a-washington\/#primaryimage","url":"https:\/\/vieassociative.be\/actualites\/wp-content\/uploads\/2025\/08\/1754943445_Trump-utilise-la-Garde-nationale-a-Washington.jpg","contentUrl":"https:\/\/vieassociative.be\/actualites\/wp-content\/uploads\/2025\/08\/1754943445_Trump-utilise-la-Garde-nationale-a-Washington.jpg","width":1200,"height":800,"caption":"Trump utilise la Garde nationale \u00e0 Washington"},{"@type":"BreadcrumbList","@id":"https:\/\/vieassociative.be\/actualites\/trump-utilise-la-garde-nationale-a-washington\/#breadcrumb","itemListElement":[{"@type":"ListItem","position":1,"name":"Accueil","item":"https:\/\/vieassociative.be\/actualites\/"},{"@type":"ListItem","position":2,"name":"Trump utilise la Garde nationale \u00e0 Washington"}]},{"@type":"WebSite","@id":"https:\/\/vieassociative.be\/actualites\/#website","url":"https:\/\/vieassociative.be\/actualites\/","name":"Vie Associative","description":"","publisher":{"@id":"https:\/\/vieassociative.be\/actualites\/#organization"},"potentialAction":[{"@type":"SearchAction","target":{"@type":"EntryPoint","urlTemplate":"https:\/\/vieassociative.be\/actualites\/?s={search_term_string}"},"query-input":{"@type":"PropertyValueSpecification","valueRequired":true,"valueName":"search_term_string"}}],"inLanguage":"fr-BE"},{"@type":"Organization","@id":"https:\/\/vieassociative.be\/actualites\/#organization","name":"Vie Associative","url":"https:\/\/vieassociative.be\/actualites\/","logo":{"@type":"ImageObject","inLanguage":"fr-BE","@id":"https:\/\/vieassociative.be\/actualites\/#\/schema\/logo\/image\/","url":"https:\/\/vieassociative.be\/actualites\/wp-content\/uploads\/2024\/09\/cropped-vieassociative_favicon.ico.png","contentUrl":"https:\/\/vieassociative.be\/actualites\/wp-content\/uploads\/2024\/09\/cropped-vieassociative_favicon.ico.png","width":512,"height":512,"caption":"Vie Associative"},"image":{"@id":"https:\/\/vieassociative.be\/actualites\/#\/schema\/logo\/image\/"}},{"@type":"Person","@id":"https:\/\/vieassociative.be\/actualites\/#\/schema\/person\/b87ac4f82f9d4e7b7cec7395b679edc4","name":"Julien","image":{"@type":"ImageObject","inLanguage":"fr-BE","@id":"https:\/\/vieassociative.be\/actualites\/#\/schema\/person\/image\/","url":"https:\/\/vieassociative.be\/actualites\/wp-content\/uploads\/2024\/09\/vie-associative-1-150x150.jpg","contentUrl":"https:\/\/vieassociative.be\/actualites\/wp-content\/uploads\/2024\/09\/vie-associative-1-150x150.jpg","caption":"Julien"},"description":"Je suis Julien, r\u00e9dacteur pour Vie Associative. Passionn\u00e9 par le monde associatif depuis plus de 10 ans, j'ai \u00e0 c\u0153ur de partager des histoires inspirantes et de mettre en lumi\u00e8re les initiatives locales. Mon objectif est de sensibiliser et d'encourager l'engagement communautaire \u00e0 travers mes articles.","sameAs":["https:\/\/vieassociative.be\/"]}]}},"_links":{"self":[{"href":"https:\/\/vieassociative.be\/actualites\/wp-json\/wp\/v2\/posts\/9345"}],"collection":[{"href":"https:\/\/vieassociative.be\/actualites\/wp-json\/wp\/v2\/posts"}],"about":[{"href":"https:\/\/vieassociative.be\/actualites\/wp-json\/wp\/v2\/types\/post"}],"author":[{"embeddable":true,"href":"https:\/\/vieassociative.be\/actualites\/wp-json\/wp\/v2\/users\/1"}],"replies":[{"embeddable":true,"href":"https:\/\/vieassociative.be\/actualites\/wp-json\/wp\/v2\/comments?post=9345"}],"version-history":[{"count":0,"href":"https:\/\/vieassociative.be\/actualites\/wp-json\/wp\/v2\/posts\/9345\/revisions"}],"wp:featuredmedia":[{"embeddable":true,"href":"https:\/\/vieassociative.be\/actualites\/wp-json\/wp\/v2\/media\/9346"}],"wp:attachment":[{"href":"https:\/\/vieassociative.be\/actualites\/wp-json\/wp\/v2\/media?parent=9345"}],"wp:term":[{"taxonomy":"category","embeddable":true,"href":"https:\/\/vieassociative.be\/actualites\/wp-json\/wp\/v2\/categories?post=9345"},{"taxonomy":"post_tag","embeddable":true,"href":"https:\/\/vieassociative.be\/actualites\/wp-json\/wp\/v2\/tags?post=9345"}],"curies":[{"name":"wp","href":"https:\/\/api.w.org\/{rel}","templated":true}]}}