{"id":9335,"date":"2025-08-11T10:17:04","date_gmt":"2025-08-11T08:17:04","guid":{"rendered":"https:\/\/vieassociative.be\/actualites\/nous-pouvons-nous-attendre-a-la-semaine-la-plus-chaude-de-lannee\/"},"modified":"2025-08-11T10:17:04","modified_gmt":"2025-08-11T08:17:04","slug":"nous-pouvons-nous-attendre-a-la-semaine-la-plus-chaude-de-lannee","status":"publish","type":"post","link":"https:\/\/vieassociative.be\/actualites\/nous-pouvons-nous-attendre-a-la-semaine-la-plus-chaude-de-lannee\/","title":{"rendered":"Nous pouvons nous attendre \u00e0 \u00ab\u00a0la semaine la plus chaude de l&rsquo;ann\u00e9e\u00a0\u00bb"},"content":{"rendered":"<p><strong>La semaine qui commence aujourd&rsquo;hui promet de devenir tr\u00e8s chaude. Selon le m\u00e9t\u00e9orologue David Dehenauw, elle sera probablement \u00ab\u00a0la semaine la plus chaude de l&rsquo;ann\u00e9e\u00a0\u00bb.<\/strong><\/p>\n<p><span id=\"more-422155\"><\/span>Bien que les temp\u00e9ratures du sud de la France, en Italie et en Espagne, ce lundi seront tr\u00e8s \u00e9lev\u00e9es (le thermom\u00e8tre pourrait d\u00e9passer 40 degr\u00e9s dans les pays en M\u00e9diterran\u00e9e), ils continueront d&rsquo;augmenter en Belgique. Vous pouvez atteindre 25 \u00e0 26 degr\u00e9s dans les Highards et sur la c\u00f4te ainsi que 29 \u00e0 30 degr\u00e9s dans la plupart des r\u00e9gions de Flandre et au centre du pays.<\/p>\n<p>Le Royal Meteorological Institute (KMI) annonce des temp\u00e9ratures d&rsquo;environ 30 degr\u00e9s pour toute la semaine.<\/p>\n<div id=\"attachment_422159\" class=\"wp-caption alignleft\" style=\"max-width: 300px\"><img fetchpriority=\"high\" decoding=\"async\" class=\"wp-image-422159 size-medium\" src=\"https:\/\/vieassociative.be\/actualites\/wp-content\/uploads\/2025\/08\/Nous-pouvons-nous-attendre-a-la-semaine-la-plus-chaude.jpg\" alt=\"\" width=\"300\" height=\"200\"><\/div>\n<p>\u00ab\u00a0Il pourrait m\u00eame y avoir une vague de chaleur\u00a0\u00bb, pr\u00e9vient David Dehenauw au journal du quotidien flamand Het Laatte Nieuws. \u00ab\u00a0Cela est d\u00fb \u00e0 l&#8217;emplacement de la zone haute pression qui est situ\u00e9e au-dessus de notre pays. Le vent vient en particulier du sud et de l&rsquo;est, mais qui est tr\u00e8s faible et apporte donc peu de refroidissement.\u00a0\u00bb<\/p>\n<p>Le KMI a d\u00e9j\u00e0 publi\u00e9 un avertissement de chaleur jaune pour presque tout le pays mardi. \u00ab\u00a0Ce sera probablement la semaine la plus chaude de l&rsquo;ann\u00e9e\u00a0\u00bb, explique Dehenauw. \u00c0 partir de mercredi soir, il peut y avoir des temp\u00eates localement. Cependant, ceux-ci resteront isol\u00e9s.<\/p>\n<p>Le week-end des vacances du 15 ao\u00fbt promet \u00e9galement d&rsquo;\u00eatre estival, avec des temp\u00e9ratures entre 27 et 30 degr\u00e9s.<\/p>\n<p>La semaine prochaine devrait \u00e9galement \u00eatre particuli\u00e8rement chaude. \u00ab\u00a0Nous aurons \u00e0 nouveau un temps \u00e9lev\u00e9 d&rsquo;\u00e9t\u00e9\u00a0\u00bb, explique le m\u00e9t\u00e9orologue. \u00ab\u00a0Certains nuages ou douches locales sont possibles.\u00a0\u00bb<\/p>\n","protected":false},"excerpt":{"rendered":"<p>La semaine qui commence aujourd&rsquo;hui promet de devenir tr\u00e8s chaude. Selon le m\u00e9t\u00e9orologue David Dehenauw, elle sera probablement \u00ab\u00a0la semaine la plus chaude de l&rsquo;ann\u00e9e\u00a0\u00bb.<\/p>\n","protected":false},"author":1,"featured_media":9336,"comment_status":"","ping_status":"","sticky":false,"template":"","format":"standard","meta":{"footnotes":""},"categories":[298],"tags":[6180,1439,396,393,8123,1348],"class_list":["post-9335","post","type-post","status-publish","format-standard","has-post-thumbnail","hentry","category-belgique","tag-attendre","tag-chaude","tag-lannee","tag-nous","tag-pouvons","tag-semaine","generate-columns","tablet-grid-50","mobile-grid-100","grid-parent","grid-33"],"yoast_head":"<!-- This site is optimized with the Yoast SEO plugin v24.0 - https:\/\/yoast.com\/wordpress\/plugins\/seo\/ -->\n<title>Nous pouvons nous attendre \u00e0 &quot;la semaine la plus chaude de l&#039;ann\u00e9e&quot; | Vie Associative<\/title>\n<meta name=\"robots\" content=\"index, follow, max-snippet:-1, max-image-preview:large, max-video-preview:-1\" \/>\n<link rel=\"canonical\" href=\"https:\/\/vieassociative.be\/actualites\/nous-pouvons-nous-attendre-a-la-semaine-la-plus-chaude-de-lannee\/\" \/>\n<meta property=\"og:locale\" content=\"fr_FR\" \/>\n<meta property=\"og:type\" content=\"article\" \/>\n<meta property=\"og:title\" content=\"Nous pouvons nous attendre \u00e0 &quot;la semaine la plus chaude de l&#039;ann\u00e9e&quot; | Vie Associative\" \/>\n<meta property=\"og:description\" content=\"La semaine qui commence aujourd&rsquo;hui promet de devenir tr\u00e8s chaude. Selon le m\u00e9t\u00e9orologue David Dehenauw, elle sera probablement \u00ab\u00a0la semaine la plus chaude de l&rsquo;ann\u00e9e\u00a0\u00bb.\" \/>\n<meta property=\"og:url\" content=\"https:\/\/vieassociative.be\/actualites\/nous-pouvons-nous-attendre-a-la-semaine-la-plus-chaude-de-lannee\/\" \/>\n<meta property=\"og:site_name\" content=\"Vie Associative\" \/>\n<meta property=\"article:published_time\" content=\"2025-08-11T08:17:04+00:00\" \/>\n<meta property=\"og:image\" content=\"https:\/\/vieassociative.be\/actualites\/wp-content\/uploads\/2024\/09\/header_backgroundk-01-e1726694325946.png\" \/>\n\t<meta property=\"og:image:width\" content=\"279\" \/>\n\t<meta property=\"og:image:height\" content=\"92\" \/>\n\t<meta property=\"og:image:type\" content=\"image\/png\" \/>\n<meta name=\"author\" content=\"Julien\" \/>\n<meta name=\"twitter:card\" content=\"summary_large_image\" \/>\n<meta name=\"twitter:label1\" content=\"\u00c9crit par\" \/>\n\t<meta name=\"twitter:data1\" content=\"Julien\" \/>\n\t<meta name=\"twitter:label2\" content=\"Dur\u00e9e de lecture est.\" \/>\n\t<meta name=\"twitter:data2\" content=\"1 minute\" \/>\n<script type=\"application\/ld+json\" class=\"yoast-schema-graph\">{\"@context\":\"https:\/\/schema.org\",\"@graph\":[{\"@type\":\"Article\",\"@id\":\"https:\/\/vieassociative.be\/actualites\/nous-pouvons-nous-attendre-a-la-semaine-la-plus-chaude-de-lannee\/#article\",\"isPartOf\":{\"@id\":\"https:\/\/vieassociative.be\/actualites\/nous-pouvons-nous-attendre-a-la-semaine-la-plus-chaude-de-lannee\/\"},\"author\":{\"name\":\"Julien\",\"@id\":\"https:\/\/vieassociative.be\/actualites\/#\/schema\/person\/b87ac4f82f9d4e7b7cec7395b679edc4\"},\"headline\":\"Nous pouvons nous attendre \u00e0 \u00ab\u00a0la semaine la plus chaude de l&rsquo;ann\u00e9e\u00a0\u00bb\",\"datePublished\":\"2025-08-11T08:17:04+00:00\",\"dateModified\":\"2025-08-11T08:17:04+00:00\",\"mainEntityOfPage\":{\"@id\":\"https:\/\/vieassociative.be\/actualites\/nous-pouvons-nous-attendre-a-la-semaine-la-plus-chaude-de-lannee\/\"},\"wordCount\":294,\"publisher\":{\"@id\":\"https:\/\/vieassociative.be\/actualites\/#organization\"},\"image\":{\"@id\":\"https:\/\/vieassociative.be\/actualites\/nous-pouvons-nous-attendre-a-la-semaine-la-plus-chaude-de-lannee\/#primaryimage\"},\"thumbnailUrl\":\"https:\/\/vieassociative.be\/actualites\/wp-content\/uploads\/2025\/08\/1754900224_Nous-pouvons-nous-attendre-a-la-semaine-la-plus-chaude.jpg\",\"keywords\":[\"attendre\",\"chaude\",\"lann\u00e9e\",\"nous\",\"pouvons\",\"semaine\"],\"articleSection\":[\"Belgique\"],\"inLanguage\":\"fr-BE\"},{\"@type\":\"WebPage\",\"@id\":\"https:\/\/vieassociative.be\/actualites\/nous-pouvons-nous-attendre-a-la-semaine-la-plus-chaude-de-lannee\/\",\"url\":\"https:\/\/vieassociative.be\/actualites\/nous-pouvons-nous-attendre-a-la-semaine-la-plus-chaude-de-lannee\/\",\"name\":\"Nous pouvons nous attendre \u00e0 \\\"la semaine la plus chaude de l'ann\u00e9e\\\" | Vie Associative\",\"isPartOf\":{\"@id\":\"https:\/\/vieassociative.be\/actualites\/#website\"},\"primaryImageOfPage\":{\"@id\":\"https:\/\/vieassociative.be\/actualites\/nous-pouvons-nous-attendre-a-la-semaine-la-plus-chaude-de-lannee\/#primaryimage\"},\"image\":{\"@id\":\"https:\/\/vieassociative.be\/actualites\/nous-pouvons-nous-attendre-a-la-semaine-la-plus-chaude-de-lannee\/#primaryimage\"},\"thumbnailUrl\":\"https:\/\/vieassociative.be\/actualites\/wp-content\/uploads\/2025\/08\/1754900224_Nous-pouvons-nous-attendre-a-la-semaine-la-plus-chaude.jpg\",\"datePublished\":\"2025-08-11T08:17:04+00:00\",\"dateModified\":\"2025-08-11T08:17:04+00:00\",\"breadcrumb\":{\"@id\":\"https:\/\/vieassociative.be\/actualites\/nous-pouvons-nous-attendre-a-la-semaine-la-plus-chaude-de-lannee\/#breadcrumb\"},\"inLanguage\":\"fr-BE\",\"potentialAction\":[{\"@type\":\"ReadAction\",\"target\":[\"https:\/\/vieassociative.be\/actualites\/nous-pouvons-nous-attendre-a-la-semaine-la-plus-chaude-de-lannee\/\"]}]},{\"@type\":\"ImageObject\",\"inLanguage\":\"fr-BE\",\"@id\":\"https:\/\/vieassociative.be\/actualites\/nous-pouvons-nous-attendre-a-la-semaine-la-plus-chaude-de-lannee\/#primaryimage\",\"url\":\"https:\/\/vieassociative.be\/actualites\/wp-content\/uploads\/2025\/08\/1754900224_Nous-pouvons-nous-attendre-a-la-semaine-la-plus-chaude.jpg\",\"contentUrl\":\"https:\/\/vieassociative.be\/actualites\/wp-content\/uploads\/2025\/08\/1754900224_Nous-pouvons-nous-attendre-a-la-semaine-la-plus-chaude.jpg\",\"width\":1200,\"height\":760,\"caption\":\"Nous pouvons nous attendre \u00e0 \\\"la semaine la plus chaude de l'ann\u00e9e\\\"\"},{\"@type\":\"BreadcrumbList\",\"@id\":\"https:\/\/vieassociative.be\/actualites\/nous-pouvons-nous-attendre-a-la-semaine-la-plus-chaude-de-lannee\/#breadcrumb\",\"itemListElement\":[{\"@type\":\"ListItem\",\"position\":1,\"name\":\"Accueil\",\"item\":\"https:\/\/vieassociative.be\/actualites\/\"},{\"@type\":\"ListItem\",\"position\":2,\"name\":\"Nous pouvons nous attendre \u00e0 \u00ab\u00a0la semaine la plus chaude de l&rsquo;ann\u00e9e\u00a0\u00bb\"}]},{\"@type\":\"WebSite\",\"@id\":\"https:\/\/vieassociative.be\/actualites\/#website\",\"url\":\"https:\/\/vieassociative.be\/actualites\/\",\"name\":\"Vie Associative\",\"description\":\"\",\"publisher\":{\"@id\":\"https:\/\/vieassociative.be\/actualites\/#organization\"},\"potentialAction\":[{\"@type\":\"SearchAction\",\"target\":{\"@type\":\"EntryPoint\",\"urlTemplate\":\"https:\/\/vieassociative.be\/actualites\/?s={search_term_string}\"},\"query-input\":{\"@type\":\"PropertyValueSpecification\",\"valueRequired\":true,\"valueName\":\"search_term_string\"}}],\"inLanguage\":\"fr-BE\"},{\"@type\":\"Organization\",\"@id\":\"https:\/\/vieassociative.be\/actualites\/#organization\",\"name\":\"Vie Associative\",\"url\":\"https:\/\/vieassociative.be\/actualites\/\",\"logo\":{\"@type\":\"ImageObject\",\"inLanguage\":\"fr-BE\",\"@id\":\"https:\/\/vieassociative.be\/actualites\/#\/schema\/logo\/image\/\",\"url\":\"https:\/\/vieassociative.be\/actualites\/wp-content\/uploads\/2024\/09\/cropped-vieassociative_favicon.ico.png\",\"contentUrl\":\"https:\/\/vieassociative.be\/actualites\/wp-content\/uploads\/2024\/09\/cropped-vieassociative_favicon.ico.png\",\"width\":512,\"height\":512,\"caption\":\"Vie Associative\"},\"image\":{\"@id\":\"https:\/\/vieassociative.be\/actualites\/#\/schema\/logo\/image\/\"}},{\"@type\":\"Person\",\"@id\":\"https:\/\/vieassociative.be\/actualites\/#\/schema\/person\/b87ac4f82f9d4e7b7cec7395b679edc4\",\"name\":\"Julien\",\"image\":{\"@type\":\"ImageObject\",\"inLanguage\":\"fr-BE\",\"@id\":\"https:\/\/vieassociative.be\/actualites\/#\/schema\/person\/image\/\",\"url\":\"https:\/\/vieassociative.be\/actualites\/wp-content\/uploads\/2024\/09\/vie-associative-1-150x150.jpg\",\"contentUrl\":\"https:\/\/vieassociative.be\/actualites\/wp-content\/uploads\/2024\/09\/vie-associative-1-150x150.jpg\",\"caption\":\"Julien\"},\"description\":\"Je suis Julien, r\u00e9dacteur pour Vie Associative. Passionn\u00e9 par le monde associatif depuis plus de 10 ans, j'ai \u00e0 c\u0153ur de partager des histoires inspirantes et de mettre en lumi\u00e8re les initiatives locales. Mon objectif est de sensibiliser et d'encourager l'engagement communautaire \u00e0 travers mes articles.\",\"sameAs\":[\"https:\/\/vieassociative.be\/\"]}]}<\/script>\n<!-- \/ Yoast SEO plugin. -->","yoast_head_json":{"title":"Nous pouvons nous attendre \u00e0 \"la semaine la plus chaude de l'ann\u00e9e\" | Vie Associative","robots":{"index":"index","follow":"follow","max-snippet":"max-snippet:-1","max-image-preview":"max-image-preview:large","max-video-preview":"max-video-preview:-1"},"canonical":"https:\/\/vieassociative.be\/actualites\/nous-pouvons-nous-attendre-a-la-semaine-la-plus-chaude-de-lannee\/","og_locale":"fr_FR","og_type":"article","og_title":"Nous pouvons nous attendre \u00e0 \"la semaine la plus chaude de l'ann\u00e9e\" | Vie Associative","og_description":"La semaine qui commence aujourd&rsquo;hui promet de devenir tr\u00e8s chaude. Selon le m\u00e9t\u00e9orologue David Dehenauw, elle sera probablement \u00ab\u00a0la semaine la plus chaude de l&rsquo;ann\u00e9e\u00a0\u00bb.","og_url":"https:\/\/vieassociative.be\/actualites\/nous-pouvons-nous-attendre-a-la-semaine-la-plus-chaude-de-lannee\/","og_site_name":"Vie Associative","article_published_time":"2025-08-11T08:17:04+00:00","og_image":[{"width":279,"height":92,"url":"https:\/\/vieassociative.be\/actualites\/wp-content\/uploads\/2024\/09\/header_backgroundk-01-e1726694325946.png","type":"image\/png"}],"author":"Julien","twitter_card":"summary_large_image","twitter_misc":{"\u00c9crit par":"Julien","Dur\u00e9e de lecture est.":"1 minute"},"schema":{"@context":"https:\/\/schema.org","@graph":[{"@type":"Article","@id":"https:\/\/vieassociative.be\/actualites\/nous-pouvons-nous-attendre-a-la-semaine-la-plus-chaude-de-lannee\/#article","isPartOf":{"@id":"https:\/\/vieassociative.be\/actualites\/nous-pouvons-nous-attendre-a-la-semaine-la-plus-chaude-de-lannee\/"},"author":{"name":"Julien","@id":"https:\/\/vieassociative.be\/actualites\/#\/schema\/person\/b87ac4f82f9d4e7b7cec7395b679edc4"},"headline":"Nous pouvons nous attendre \u00e0 \u00ab\u00a0la semaine la plus chaude de l&rsquo;ann\u00e9e\u00a0\u00bb","datePublished":"2025-08-11T08:17:04+00:00","dateModified":"2025-08-11T08:17:04+00:00","mainEntityOfPage":{"@id":"https:\/\/vieassociative.be\/actualites\/nous-pouvons-nous-attendre-a-la-semaine-la-plus-chaude-de-lannee\/"},"wordCount":294,"publisher":{"@id":"https:\/\/vieassociative.be\/actualites\/#organization"},"image":{"@id":"https:\/\/vieassociative.be\/actualites\/nous-pouvons-nous-attendre-a-la-semaine-la-plus-chaude-de-lannee\/#primaryimage"},"thumbnailUrl":"https:\/\/vieassociative.be\/actualites\/wp-content\/uploads\/2025\/08\/1754900224_Nous-pouvons-nous-attendre-a-la-semaine-la-plus-chaude.jpg","keywords":["attendre","chaude","lann\u00e9e","nous","pouvons","semaine"],"articleSection":["Belgique"],"inLanguage":"fr-BE"},{"@type":"WebPage","@id":"https:\/\/vieassociative.be\/actualites\/nous-pouvons-nous-attendre-a-la-semaine-la-plus-chaude-de-lannee\/","url":"https:\/\/vieassociative.be\/actualites\/nous-pouvons-nous-attendre-a-la-semaine-la-plus-chaude-de-lannee\/","name":"Nous pouvons nous attendre \u00e0 \"la semaine la plus chaude de l'ann\u00e9e\" | Vie Associative","isPartOf":{"@id":"https:\/\/vieassociative.be\/actualites\/#website"},"primaryImageOfPage":{"@id":"https:\/\/vieassociative.be\/actualites\/nous-pouvons-nous-attendre-a-la-semaine-la-plus-chaude-de-lannee\/#primaryimage"},"image":{"@id":"https:\/\/vieassociative.be\/actualites\/nous-pouvons-nous-attendre-a-la-semaine-la-plus-chaude-de-lannee\/#primaryimage"},"thumbnailUrl":"https:\/\/vieassociative.be\/actualites\/wp-content\/uploads\/2025\/08\/1754900224_Nous-pouvons-nous-attendre-a-la-semaine-la-plus-chaude.jpg","datePublished":"2025-08-11T08:17:04+00:00","dateModified":"2025-08-11T08:17:04+00:00","breadcrumb":{"@id":"https:\/\/vieassociative.be\/actualites\/nous-pouvons-nous-attendre-a-la-semaine-la-plus-chaude-de-lannee\/#breadcrumb"},"inLanguage":"fr-BE","potentialAction":[{"@type":"ReadAction","target":["https:\/\/vieassociative.be\/actualites\/nous-pouvons-nous-attendre-a-la-semaine-la-plus-chaude-de-lannee\/"]}]},{"@type":"ImageObject","inLanguage":"fr-BE","@id":"https:\/\/vieassociative.be\/actualites\/nous-pouvons-nous-attendre-a-la-semaine-la-plus-chaude-de-lannee\/#primaryimage","url":"https:\/\/vieassociative.be\/actualites\/wp-content\/uploads\/2025\/08\/1754900224_Nous-pouvons-nous-attendre-a-la-semaine-la-plus-chaude.jpg","contentUrl":"https:\/\/vieassociative.be\/actualites\/wp-content\/uploads\/2025\/08\/1754900224_Nous-pouvons-nous-attendre-a-la-semaine-la-plus-chaude.jpg","width":1200,"height":760,"caption":"Nous pouvons nous attendre \u00e0 \"la semaine la plus chaude de l'ann\u00e9e\""},{"@type":"BreadcrumbList","@id":"https:\/\/vieassociative.be\/actualites\/nous-pouvons-nous-attendre-a-la-semaine-la-plus-chaude-de-lannee\/#breadcrumb","itemListElement":[{"@type":"ListItem","position":1,"name":"Accueil","item":"https:\/\/vieassociative.be\/actualites\/"},{"@type":"ListItem","position":2,"name":"Nous pouvons nous attendre \u00e0 \u00ab\u00a0la semaine la plus chaude de l&rsquo;ann\u00e9e\u00a0\u00bb"}]},{"@type":"WebSite","@id":"https:\/\/vieassociative.be\/actualites\/#website","url":"https:\/\/vieassociative.be\/actualites\/","name":"Vie Associative","description":"","publisher":{"@id":"https:\/\/vieassociative.be\/actualites\/#organization"},"potentialAction":[{"@type":"SearchAction","target":{"@type":"EntryPoint","urlTemplate":"https:\/\/vieassociative.be\/actualites\/?s={search_term_string}"},"query-input":{"@type":"PropertyValueSpecification","valueRequired":true,"valueName":"search_term_string"}}],"inLanguage":"fr-BE"},{"@type":"Organization","@id":"https:\/\/vieassociative.be\/actualites\/#organization","name":"Vie Associative","url":"https:\/\/vieassociative.be\/actualites\/","logo":{"@type":"ImageObject","inLanguage":"fr-BE","@id":"https:\/\/vieassociative.be\/actualites\/#\/schema\/logo\/image\/","url":"https:\/\/vieassociative.be\/actualites\/wp-content\/uploads\/2024\/09\/cropped-vieassociative_favicon.ico.png","contentUrl":"https:\/\/vieassociative.be\/actualites\/wp-content\/uploads\/2024\/09\/cropped-vieassociative_favicon.ico.png","width":512,"height":512,"caption":"Vie Associative"},"image":{"@id":"https:\/\/vieassociative.be\/actualites\/#\/schema\/logo\/image\/"}},{"@type":"Person","@id":"https:\/\/vieassociative.be\/actualites\/#\/schema\/person\/b87ac4f82f9d4e7b7cec7395b679edc4","name":"Julien","image":{"@type":"ImageObject","inLanguage":"fr-BE","@id":"https:\/\/vieassociative.be\/actualites\/#\/schema\/person\/image\/","url":"https:\/\/vieassociative.be\/actualites\/wp-content\/uploads\/2024\/09\/vie-associative-1-150x150.jpg","contentUrl":"https:\/\/vieassociative.be\/actualites\/wp-content\/uploads\/2024\/09\/vie-associative-1-150x150.jpg","caption":"Julien"},"description":"Je suis Julien, r\u00e9dacteur pour Vie Associative. Passionn\u00e9 par le monde associatif depuis plus de 10 ans, j'ai \u00e0 c\u0153ur de partager des histoires inspirantes et de mettre en lumi\u00e8re les initiatives locales. Mon objectif est de sensibiliser et d'encourager l'engagement communautaire \u00e0 travers mes articles.","sameAs":["https:\/\/vieassociative.be\/"]}]}},"_links":{"self":[{"href":"https:\/\/vieassociative.be\/actualites\/wp-json\/wp\/v2\/posts\/9335"}],"collection":[{"href":"https:\/\/vieassociative.be\/actualites\/wp-json\/wp\/v2\/posts"}],"about":[{"href":"https:\/\/vieassociative.be\/actualites\/wp-json\/wp\/v2\/types\/post"}],"author":[{"embeddable":true,"href":"https:\/\/vieassociative.be\/actualites\/wp-json\/wp\/v2\/users\/1"}],"replies":[{"embeddable":true,"href":"https:\/\/vieassociative.be\/actualites\/wp-json\/wp\/v2\/comments?post=9335"}],"version-history":[{"count":0,"href":"https:\/\/vieassociative.be\/actualites\/wp-json\/wp\/v2\/posts\/9335\/revisions"}],"wp:featuredmedia":[{"embeddable":true,"href":"https:\/\/vieassociative.be\/actualites\/wp-json\/wp\/v2\/media\/9336"}],"wp:attachment":[{"href":"https:\/\/vieassociative.be\/actualites\/wp-json\/wp\/v2\/media?parent=9335"}],"wp:term":[{"taxonomy":"category","embeddable":true,"href":"https:\/\/vieassociative.be\/actualites\/wp-json\/wp\/v2\/categories?post=9335"},{"taxonomy":"post_tag","embeddable":true,"href":"https:\/\/vieassociative.be\/actualites\/wp-json\/wp\/v2\/tags?post=9335"}],"curies":[{"name":"wp","href":"https:\/\/api.w.org\/{rel}","templated":true}]}}