{"id":9327,"date":"2025-08-11T02:18:06","date_gmt":"2025-08-11T00:18:06","guid":{"rendered":"https:\/\/vieassociative.be\/actualites\/mon-ensemble-de-batteries-de-kit-durgence-prefere-est-plus-de-60-de-reduction-en-ce-moment\/"},"modified":"2025-08-11T02:18:06","modified_gmt":"2025-08-11T00:18:06","slug":"mon-ensemble-de-batteries-de-kit-durgence-prefere-est-plus-de-60-de-reduction-en-ce-moment","status":"publish","type":"post","link":"https:\/\/vieassociative.be\/actualites\/mon-ensemble-de-batteries-de-kit-durgence-prefere-est-plus-de-60-de-reduction-en-ce-moment\/","title":{"rendered":"Mon ensemble de batteries de kit d&rsquo;urgence pr\u00e9f\u00e9r\u00e9 est plus de 60% de r\u00e9duction en ce moment"},"content":{"rendered":"<div class=\"mt-4 leading-6 md:mb-8\">Ryobi fabrique l&rsquo;un des syst\u00e8mes de batterie les plus polyvalents du monde.<\/div>\n<p><\/p>\n<p>Un ensemble de d\u00e9marrage de batterie est un bon moyen de construire une trousse \u00e0 outils sans fil de bricolage \u00e0 domicile car les batteries sont souvent la partie la plus ch\u00e8re de votre arsenal d&rsquo;outil sans fil. Bien que vous puissiez obtenir des outils qui accompagnent une batterie, si vous pr\u00e9voyez d&rsquo;utiliser vos outils, avoir une batterie ou deux suppl\u00e9mentaires vous permettra d&rsquo;avoir une batterie fra\u00eeche sur le chargeur tout le temps. Les batteries Ryobi sont un choix abordable et fiable pour de nombreux outils, y compris des exercices sans fil, des conducteurs, des scies et des \u00e9quipements d&rsquo;am\u00e9nagement paysager. J&rsquo;ai un ensemble d&rsquo;outils Ryobi Lawn, et j&rsquo;utilise \u00e9galement cet ensemble de batteries dans le cadre de mon kit d&rsquo;urgence, avec un onduleur comme source d&rsquo;alimentation de secours d&rsquo;urgence pour charger les t\u00e9l\u00e9phones portables et autres petites \u00e9lectroniques.<\/p>\n<div class=\"pogoClear mb-12 mt-10 rounded-md border-2 border-gray-100 py-7 shadow-xl md:py-6\">\n<div class=\"flex flex-wrap justify-between px-7 text-black no-underline md:flex-nowrap md:px-8\">\n<div class=\"order-1 mx-auto flex flex-col justify-center md:order-2 md:ml-4 md:w-full md:grow\">\n<div class=\"block cursor-pointer text-center font-akshar text-2xl font-medium leading-7 text-brand-green duration-200 ease-in-out hover:text-brand-green-700 md:text-left md:text-xl md:leading-6\">Un kit de d\u00e9marrage au lithium-ion + 18V avec une batterie 2,0 AH, une batterie 4,0 AH et un chargeur\n                <\/div>\n<div class=\"mt-4 hidden md:flex md:justify-between\">\n<div class=\"self-end\">\n<div class=\"mb-0 h-11 md:flex md:flex-col md:justify-center\">\n<div class=\" font-sans leading-4 text-black\">\n<div class=\"flex flex-wrap items-center justify-center gap-1 md:justify-start\">\n        <span class=\"font-bold\"><\/p>\n<p>            79,00 $<br \/>\n                            <span class=\"font-medium\">\u00e0 Home Depot <\/span><br \/>\n                    <\/span>\n            <\/div>\n<div class=\"flex items-center justify-center gap-x-1 font-bold md:justify-start\">\n            <span class=\"text-sm line-through\">205,00 $<\/span><br \/>\n            <span class=\"text-sm text-brand-green\">\u00c9conomisez 126,00 $<\/span>\n        <\/div>\n<\/p><\/div>\n<\/p><\/div>\n<\/p><\/div>\n<div class=\"w-44 self-end\">\n                            <button class=\"flex justify-center items-center w-full bg-brand-green text-white text-base font-sans font-medium rounded-md hover:bg-brand-green-700 hover:cursor-pointer md:text-sm h-11\"><\/p>\n<p>    Conclure un accord<br \/>\n<\/button>\n                        <\/div>\n<\/p><\/div>\n<\/p><\/div>\n<div class=\"order-2 mt-5 h-auto w-full md:order-1 md:mt-0 md:hidden\">\n<div class=\"flex aspect-video items-center justify-center\">\n                                            <img decoding=\"async\" class=\"m-0 max-h-full max-w-full rounded-md\" src=\"https:\/\/vieassociative.be\/actualites\/wp-content\/uploads\/2025\/08\/Mon-ensemble-de-batteries-de-kit-durgence-prefere-est-plus.png\" alt=\"Un kit de d\u00e9marrage au lithium-ion + 18V avec une batterie 2,0 AH, une batterie 4,0 AH et un chargeur\" width=\"auto\" height=\"auto\" loading=\"lazy\">\n                                    <\/div>\n<\/p><\/div>\n<div class=\"order-2 ml-2 hidden w-32 shrink-0 items-center md:order-1 md:ml-0 md:flex\">\n<div class=\"flex aspect-video items-center justify-center\">\n                                            <img decoding=\"async\" class=\"m-0 max-h-full max-w-full rounded-md\" src=\"https:\/\/vieassociative.be\/actualites\/wp-content\/uploads\/2025\/08\/Mon-ensemble-de-batteries-de-kit-durgence-prefere-est-plus.png\" alt=\"Un kit de d\u00e9marrage au lithium-ion + 18V avec une batterie 2,0 AH, une batterie 4,0 AH et un chargeur\" width=\"auto\" height=\"auto\" loading=\"lazy\">\n                                    <\/div>\n<\/p><\/div>\n<div class=\"order-3 flex grow flex-wrap md:hidden md:grow-0\">\n<div class=\"mt-4 w-full\">\n                        <button class=\"flex justify-center items-center w-full bg-brand-green text-white text-base font-sans font-medium rounded-md hover:bg-brand-green-700 hover:cursor-pointer md:text-sm h-11\"><\/p>\n<p>    Conclure un accord<br \/>\n<\/button>\n                    <\/div>\n<div class=\"mx-2 mt-4 w-full\">\n<div class=\" font-sans leading-4 text-black\">\n<div class=\"flex flex-wrap items-center justify-center gap-1 md:justify-start\">\n        <span class=\"font-bold\"><\/p>\n<p>            79,00 $<br \/>\n                            <span class=\"font-medium\">\u00e0 Home Depot <\/span><br \/>\n                    <\/span>\n            <\/div>\n<div class=\"flex items-center justify-center gap-x-1 font-bold md:justify-start\">\n            <span class=\"text-sm line-through\">205,00 $<\/span><br \/>\n            <span class=\"text-sm text-brand-green\">\u00c9conomisez 126,00 $<\/span>\n        <\/div>\n<\/p><\/div>\n<\/p><\/div>\n<\/p><\/div>\n<\/p><\/div>\n<\/div>\n<p>En soi, une batterie Ryobi \u00e0 4 amp\u00e8res d&rsquo;amplificateur sans chargeur peut co\u00fbter 100 $, donc obtenir une batterie de 4 heures, une batterie de 2 amples d&rsquo;ampleur et un chargeur pour 79 $ est une grande r\u00e9duction. Le prix r\u00e9gulier pour une batterie et un chargeur de 2 amp\u00e8res d&rsquo;amplifications est de 89 $, et vous n&rsquo;obtenez qu&rsquo;une seule batterie avec cet ensemble. L&rsquo;ajout d&rsquo;une batterie suppl\u00e9mentaire et plus grande capacit\u00e9 et de r\u00e9duction de 10 $ sur le prix total est une \u00e9conomie importante.<\/p>\n<p>Avoir une paire de batteries facilite l&rsquo;utilisation de vos outils &#8211; vous pouvez \u00e9changer une batterie morte pour un nouveau, en laisser toujours un sur le chargeur, donc \u00e9conomiser de l&rsquo;argent sur une paire de batteries a un sens pratique.<\/p>\n<h2 id=\"why-i-like-this-battery-set\">Pourquoi j&rsquo;aime cet ensemble de batteries<\/h2>\n<p>L&rsquo;ensemble de batteries Ryobi de 18 volts que je poss\u00e8de est utilis\u00e9 pour g\u00e9rer une petite tondeuse \u00e0 gazon Ryobi ainsi qu&rsquo;une tondeuse \u00e0 cordes dans des circonstances normales, mais je ne les utilise pas tous les jours pour le travail en magasin &#8211; ces batteries \u00e9taient donc un bon candidat \u00e0 doubler dans le cadre de mon kit d&rsquo;urgence. Puisqu&rsquo;il y a presque toujours une batterie compl\u00e8tement charg\u00e9e, et g\u00e9n\u00e9ralement deux, les utiliser avec un onduleur lorsque l&rsquo;alimentation s&rsquo;\u00e9teint a \u00e9t\u00e9 un \u00e9conomiseur de vie \u00e0 plusieurs reprises.<\/p>\n<p>J&rsquo;ai utilis\u00e9 cet ensemble pendant les temp\u00eates hivernales, et une fois lors d&rsquo;une panne de courant caus\u00e9e par une chaleur excessive. Lorsque j&rsquo;ai assembl\u00e9 mon kit d&rsquo;incendie de for\u00eat, je garde mon onduleur et une batterie fra\u00eeche dans le kit afin que je puisse l&rsquo;utiliser pour une source d&rsquo;alimentation suppl\u00e9mentaire en d\u00e9placement. J&rsquo;ai \u00e9galement utilis\u00e9 une fois ces batteries avec un onduleur pour g\u00e9rer un petit projecteur et un haut-parleur pour une soir\u00e9e cin\u00e9ma, et il a dur\u00e9 plus de deux heures sans probl\u00e8me sur la batterie \u00e0 4 amp\u00e8res.<\/p>\n<h2 id=\"why-ryobi-batteries-are-a-good-choice\">Pourquoi les batteries Ryobi sont un bon choix<\/h2>\n<p>Les batteries Ryobi de 18 volts peuvent \u00eatre utilis\u00e9es pour ex\u00e9cuter plus de 300 outils diff\u00e9rents, donc selon vos besoins, il est probable que Ryobi vous fait un outil qui correspond \u00e0 ces batteries. Vous pouvez utiliser ces batteries comme moi, avec du mat\u00e9riel de pelouse, mais vous pouvez \u00e9galement les utiliser avec une grande vari\u00e9t\u00e9 d&rsquo;outils Ryobi, des gonflateurs de pneus aux pistolets \u00e0 ongles. Selon le nombre d&rsquo;outils que vous devez utiliser simultan\u00e9ment, quelques batteries peuvent aller tr\u00e8s loin, en particulier pour la maison et le bricolage. Un ensemble de batteries Ryobi peut vous permettre d&rsquo;essayer diff\u00e9rents outils lorsque vous cr\u00e9ez vos comp\u00e9tences de bricolage et \u00e9largissez vos besoins d&rsquo;outils.<\/p>\n<p>Ryobi a \u00e9galement un bon historique de fabrication de leurs batteries compatibles vers l&rsquo;arri\u00e8re pour les syst\u00e8mes pr\u00e9c\u00e9dents, donc m\u00eame si vous avez des outils Ryobi plus anciens du d\u00e9but des ann\u00e9es 2000, vous pouvez probablement les utiliser avec le syst\u00e8me de batterie actuel. Il est \u00e9galement probable que les nouveaux outils qui sortent seront \u00e9galement compatibles avec vos batteries actuelles.<\/p>\n","protected":false},"excerpt":{"rendered":"<p>Ryobi fabrique l&rsquo;un des syst\u00e8mes de batterie les plus polyvalents du monde. Un ensemble de d\u00e9marrage de batterie est un bon moyen de construire une<\/p>\n","protected":false},"author":1,"featured_media":9328,"comment_status":"","ping_status":"","sticky":false,"template":"","format":"standard","meta":{"footnotes":""},"categories":[40],"tags":[426,3784,1921,76,1023,1429,49,1561,308],"class_list":["post-9327","post","type-post","status-publish","format-standard","has-post-thumbnail","hentry","category-maison","tag-batteries","tag-durgence","tag-ensemble","tag-est","tag-kit","tag-moment","tag-mon","tag-prefere","tag-reduction","generate-columns","tablet-grid-50","mobile-grid-100","grid-parent","grid-33"],"yoast_head":"<!-- This site is optimized with the Yoast SEO plugin v24.0 - https:\/\/yoast.com\/wordpress\/plugins\/seo\/ -->\n<title>Mon ensemble de batteries de kit d&#039;urgence pr\u00e9f\u00e9r\u00e9 est plus de 60% de r\u00e9duction en ce moment | Vie Associative<\/title>\n<meta name=\"robots\" content=\"index, follow, max-snippet:-1, max-image-preview:large, max-video-preview:-1\" \/>\n<link rel=\"canonical\" href=\"https:\/\/vieassociative.be\/actualites\/mon-ensemble-de-batteries-de-kit-durgence-prefere-est-plus-de-60-de-reduction-en-ce-moment\/\" \/>\n<meta property=\"og:locale\" content=\"fr_FR\" \/>\n<meta property=\"og:type\" content=\"article\" \/>\n<meta property=\"og:title\" content=\"Mon ensemble de batteries de kit d&#039;urgence pr\u00e9f\u00e9r\u00e9 est plus de 60% de r\u00e9duction en ce moment | Vie Associative\" \/>\n<meta property=\"og:description\" content=\"Ryobi fabrique l&rsquo;un des syst\u00e8mes de batterie les plus polyvalents du monde. Un ensemble de d\u00e9marrage de batterie est un bon moyen de construire une\" \/>\n<meta property=\"og:url\" content=\"https:\/\/vieassociative.be\/actualites\/mon-ensemble-de-batteries-de-kit-durgence-prefere-est-plus-de-60-de-reduction-en-ce-moment\/\" \/>\n<meta property=\"og:site_name\" content=\"Vie Associative\" \/>\n<meta property=\"article:published_time\" content=\"2025-08-11T00:18:06+00:00\" \/>\n<meta property=\"og:image\" content=\"https:\/\/vieassociative.be\/actualites\/wp-content\/uploads\/2025\/08\/Mon-ensemble-de-batteries-de-kit-durgence-prefere-est-plus.png\" \/>\n<meta name=\"author\" content=\"Julien\" \/>\n<meta name=\"twitter:card\" content=\"summary_large_image\" \/>\n<meta name=\"twitter:label1\" content=\"\u00c9crit par\" \/>\n\t<meta name=\"twitter:data1\" content=\"Julien\" \/>\n\t<meta name=\"twitter:label2\" content=\"Dur\u00e9e de lecture est.\" \/>\n\t<meta name=\"twitter:data2\" content=\"3 minutes\" \/>\n<script type=\"application\/ld+json\" class=\"yoast-schema-graph\">{\"@context\":\"https:\/\/schema.org\",\"@graph\":[{\"@type\":\"Article\",\"@id\":\"https:\/\/vieassociative.be\/actualites\/mon-ensemble-de-batteries-de-kit-durgence-prefere-est-plus-de-60-de-reduction-en-ce-moment\/#article\",\"isPartOf\":{\"@id\":\"https:\/\/vieassociative.be\/actualites\/mon-ensemble-de-batteries-de-kit-durgence-prefere-est-plus-de-60-de-reduction-en-ce-moment\/\"},\"author\":{\"name\":\"Julien\",\"@id\":\"https:\/\/vieassociative.be\/actualites\/#\/schema\/person\/b87ac4f82f9d4e7b7cec7395b679edc4\"},\"headline\":\"Mon ensemble de batteries de kit d&rsquo;urgence pr\u00e9f\u00e9r\u00e9 est plus de 60% de r\u00e9duction en ce moment\",\"datePublished\":\"2025-08-11T00:18:06+00:00\",\"dateModified\":\"2025-08-11T00:18:06+00:00\",\"mainEntityOfPage\":{\"@id\":\"https:\/\/vieassociative.be\/actualites\/mon-ensemble-de-batteries-de-kit-durgence-prefere-est-plus-de-60-de-reduction-en-ce-moment\/\"},\"wordCount\":756,\"publisher\":{\"@id\":\"https:\/\/vieassociative.be\/actualites\/#organization\"},\"image\":{\"@id\":\"https:\/\/vieassociative.be\/actualites\/mon-ensemble-de-batteries-de-kit-durgence-prefere-est-plus-de-60-de-reduction-en-ce-moment\/#primaryimage\"},\"thumbnailUrl\":\"https:\/\/vieassociative.be\/actualites\/wp-content\/uploads\/2025\/08\/1754871488_Mon-ensemble-de-batteries-de-kit-durgence-prefere-est-plus.png\",\"keywords\":[\"batteries\",\"durgence\",\"ensemble\",\"est\",\"kit\",\"moment\",\"Mon\",\"pr\u00e9f\u00e9r\u00e9\",\"r\u00e9duction\"],\"articleSection\":[\"Maison\"],\"inLanguage\":\"fr-BE\"},{\"@type\":\"WebPage\",\"@id\":\"https:\/\/vieassociative.be\/actualites\/mon-ensemble-de-batteries-de-kit-durgence-prefere-est-plus-de-60-de-reduction-en-ce-moment\/\",\"url\":\"https:\/\/vieassociative.be\/actualites\/mon-ensemble-de-batteries-de-kit-durgence-prefere-est-plus-de-60-de-reduction-en-ce-moment\/\",\"name\":\"Mon ensemble de batteries de kit d'urgence pr\u00e9f\u00e9r\u00e9 est plus de 60% de r\u00e9duction en ce moment | Vie Associative\",\"isPartOf\":{\"@id\":\"https:\/\/vieassociative.be\/actualites\/#website\"},\"primaryImageOfPage\":{\"@id\":\"https:\/\/vieassociative.be\/actualites\/mon-ensemble-de-batteries-de-kit-durgence-prefere-est-plus-de-60-de-reduction-en-ce-moment\/#primaryimage\"},\"image\":{\"@id\":\"https:\/\/vieassociative.be\/actualites\/mon-ensemble-de-batteries-de-kit-durgence-prefere-est-plus-de-60-de-reduction-en-ce-moment\/#primaryimage\"},\"thumbnailUrl\":\"https:\/\/vieassociative.be\/actualites\/wp-content\/uploads\/2025\/08\/1754871488_Mon-ensemble-de-batteries-de-kit-durgence-prefere-est-plus.png\",\"datePublished\":\"2025-08-11T00:18:06+00:00\",\"dateModified\":\"2025-08-11T00:18:06+00:00\",\"breadcrumb\":{\"@id\":\"https:\/\/vieassociative.be\/actualites\/mon-ensemble-de-batteries-de-kit-durgence-prefere-est-plus-de-60-de-reduction-en-ce-moment\/#breadcrumb\"},\"inLanguage\":\"fr-BE\",\"potentialAction\":[{\"@type\":\"ReadAction\",\"target\":[\"https:\/\/vieassociative.be\/actualites\/mon-ensemble-de-batteries-de-kit-durgence-prefere-est-plus-de-60-de-reduction-en-ce-moment\/\"]}]},{\"@type\":\"ImageObject\",\"inLanguage\":\"fr-BE\",\"@id\":\"https:\/\/vieassociative.be\/actualites\/mon-ensemble-de-batteries-de-kit-durgence-prefere-est-plus-de-60-de-reduction-en-ce-moment\/#primaryimage\",\"url\":\"https:\/\/vieassociative.be\/actualites\/wp-content\/uploads\/2025\/08\/1754871488_Mon-ensemble-de-batteries-de-kit-durgence-prefere-est-plus.png\",\"contentUrl\":\"https:\/\/vieassociative.be\/actualites\/wp-content\/uploads\/2025\/08\/1754871488_Mon-ensemble-de-batteries-de-kit-durgence-prefere-est-plus.png\",\"width\":1200,\"height\":675,\"caption\":\"Mon ensemble de batteries de kit d'urgence pr\u00e9f\u00e9r\u00e9 est plus de 60% de r\u00e9duction en ce moment\"},{\"@type\":\"BreadcrumbList\",\"@id\":\"https:\/\/vieassociative.be\/actualites\/mon-ensemble-de-batteries-de-kit-durgence-prefere-est-plus-de-60-de-reduction-en-ce-moment\/#breadcrumb\",\"itemListElement\":[{\"@type\":\"ListItem\",\"position\":1,\"name\":\"Accueil\",\"item\":\"https:\/\/vieassociative.be\/actualites\/\"},{\"@type\":\"ListItem\",\"position\":2,\"name\":\"Mon ensemble de batteries de kit d&rsquo;urgence pr\u00e9f\u00e9r\u00e9 est plus de 60% de r\u00e9duction en ce moment\"}]},{\"@type\":\"WebSite\",\"@id\":\"https:\/\/vieassociative.be\/actualites\/#website\",\"url\":\"https:\/\/vieassociative.be\/actualites\/\",\"name\":\"Vie Associative\",\"description\":\"\",\"publisher\":{\"@id\":\"https:\/\/vieassociative.be\/actualites\/#organization\"},\"potentialAction\":[{\"@type\":\"SearchAction\",\"target\":{\"@type\":\"EntryPoint\",\"urlTemplate\":\"https:\/\/vieassociative.be\/actualites\/?s={search_term_string}\"},\"query-input\":{\"@type\":\"PropertyValueSpecification\",\"valueRequired\":true,\"valueName\":\"search_term_string\"}}],\"inLanguage\":\"fr-BE\"},{\"@type\":\"Organization\",\"@id\":\"https:\/\/vieassociative.be\/actualites\/#organization\",\"name\":\"Vie Associative\",\"url\":\"https:\/\/vieassociative.be\/actualites\/\",\"logo\":{\"@type\":\"ImageObject\",\"inLanguage\":\"fr-BE\",\"@id\":\"https:\/\/vieassociative.be\/actualites\/#\/schema\/logo\/image\/\",\"url\":\"https:\/\/vieassociative.be\/actualites\/wp-content\/uploads\/2024\/09\/cropped-vieassociative_favicon.ico.png\",\"contentUrl\":\"https:\/\/vieassociative.be\/actualites\/wp-content\/uploads\/2024\/09\/cropped-vieassociative_favicon.ico.png\",\"width\":512,\"height\":512,\"caption\":\"Vie Associative\"},\"image\":{\"@id\":\"https:\/\/vieassociative.be\/actualites\/#\/schema\/logo\/image\/\"}},{\"@type\":\"Person\",\"@id\":\"https:\/\/vieassociative.be\/actualites\/#\/schema\/person\/b87ac4f82f9d4e7b7cec7395b679edc4\",\"name\":\"Julien\",\"image\":{\"@type\":\"ImageObject\",\"inLanguage\":\"fr-BE\",\"@id\":\"https:\/\/vieassociative.be\/actualites\/#\/schema\/person\/image\/\",\"url\":\"https:\/\/vieassociative.be\/actualites\/wp-content\/uploads\/2024\/09\/vie-associative-1-150x150.jpg\",\"contentUrl\":\"https:\/\/vieassociative.be\/actualites\/wp-content\/uploads\/2024\/09\/vie-associative-1-150x150.jpg\",\"caption\":\"Julien\"},\"description\":\"Je suis Julien, r\u00e9dacteur pour Vie Associative. Passionn\u00e9 par le monde associatif depuis plus de 10 ans, j'ai \u00e0 c\u0153ur de partager des histoires inspirantes et de mettre en lumi\u00e8re les initiatives locales. Mon objectif est de sensibiliser et d'encourager l'engagement communautaire \u00e0 travers mes articles.\",\"sameAs\":[\"https:\/\/vieassociative.be\/\"]}]}<\/script>\n<!-- \/ Yoast SEO plugin. -->","yoast_head_json":{"title":"Mon ensemble de batteries de kit d'urgence pr\u00e9f\u00e9r\u00e9 est plus de 60% de r\u00e9duction en ce moment | Vie Associative","robots":{"index":"index","follow":"follow","max-snippet":"max-snippet:-1","max-image-preview":"max-image-preview:large","max-video-preview":"max-video-preview:-1"},"canonical":"https:\/\/vieassociative.be\/actualites\/mon-ensemble-de-batteries-de-kit-durgence-prefere-est-plus-de-60-de-reduction-en-ce-moment\/","og_locale":"fr_FR","og_type":"article","og_title":"Mon ensemble de batteries de kit d'urgence pr\u00e9f\u00e9r\u00e9 est plus de 60% de r\u00e9duction en ce moment | Vie Associative","og_description":"Ryobi fabrique l&rsquo;un des syst\u00e8mes de batterie les plus polyvalents du monde. Un ensemble de d\u00e9marrage de batterie est un bon moyen de construire une","og_url":"https:\/\/vieassociative.be\/actualites\/mon-ensemble-de-batteries-de-kit-durgence-prefere-est-plus-de-60-de-reduction-en-ce-moment\/","og_site_name":"Vie Associative","article_published_time":"2025-08-11T00:18:06+00:00","og_image":[{"url":"https:\/\/vieassociative.be\/actualites\/wp-content\/uploads\/2025\/08\/Mon-ensemble-de-batteries-de-kit-durgence-prefere-est-plus.png","type":"","width":"","height":""}],"author":"Julien","twitter_card":"summary_large_image","twitter_misc":{"\u00c9crit par":"Julien","Dur\u00e9e de lecture est.":"3 minutes"},"schema":{"@context":"https:\/\/schema.org","@graph":[{"@type":"Article","@id":"https:\/\/vieassociative.be\/actualites\/mon-ensemble-de-batteries-de-kit-durgence-prefere-est-plus-de-60-de-reduction-en-ce-moment\/#article","isPartOf":{"@id":"https:\/\/vieassociative.be\/actualites\/mon-ensemble-de-batteries-de-kit-durgence-prefere-est-plus-de-60-de-reduction-en-ce-moment\/"},"author":{"name":"Julien","@id":"https:\/\/vieassociative.be\/actualites\/#\/schema\/person\/b87ac4f82f9d4e7b7cec7395b679edc4"},"headline":"Mon ensemble de batteries de kit d&rsquo;urgence pr\u00e9f\u00e9r\u00e9 est plus de 60% de r\u00e9duction en ce moment","datePublished":"2025-08-11T00:18:06+00:00","dateModified":"2025-08-11T00:18:06+00:00","mainEntityOfPage":{"@id":"https:\/\/vieassociative.be\/actualites\/mon-ensemble-de-batteries-de-kit-durgence-prefere-est-plus-de-60-de-reduction-en-ce-moment\/"},"wordCount":756,"publisher":{"@id":"https:\/\/vieassociative.be\/actualites\/#organization"},"image":{"@id":"https:\/\/vieassociative.be\/actualites\/mon-ensemble-de-batteries-de-kit-durgence-prefere-est-plus-de-60-de-reduction-en-ce-moment\/#primaryimage"},"thumbnailUrl":"https:\/\/vieassociative.be\/actualites\/wp-content\/uploads\/2025\/08\/1754871488_Mon-ensemble-de-batteries-de-kit-durgence-prefere-est-plus.png","keywords":["batteries","durgence","ensemble","est","kit","moment","Mon","pr\u00e9f\u00e9r\u00e9","r\u00e9duction"],"articleSection":["Maison"],"inLanguage":"fr-BE"},{"@type":"WebPage","@id":"https:\/\/vieassociative.be\/actualites\/mon-ensemble-de-batteries-de-kit-durgence-prefere-est-plus-de-60-de-reduction-en-ce-moment\/","url":"https:\/\/vieassociative.be\/actualites\/mon-ensemble-de-batteries-de-kit-durgence-prefere-est-plus-de-60-de-reduction-en-ce-moment\/","name":"Mon ensemble de batteries de kit d'urgence pr\u00e9f\u00e9r\u00e9 est plus de 60% de r\u00e9duction en ce moment | Vie Associative","isPartOf":{"@id":"https:\/\/vieassociative.be\/actualites\/#website"},"primaryImageOfPage":{"@id":"https:\/\/vieassociative.be\/actualites\/mon-ensemble-de-batteries-de-kit-durgence-prefere-est-plus-de-60-de-reduction-en-ce-moment\/#primaryimage"},"image":{"@id":"https:\/\/vieassociative.be\/actualites\/mon-ensemble-de-batteries-de-kit-durgence-prefere-est-plus-de-60-de-reduction-en-ce-moment\/#primaryimage"},"thumbnailUrl":"https:\/\/vieassociative.be\/actualites\/wp-content\/uploads\/2025\/08\/1754871488_Mon-ensemble-de-batteries-de-kit-durgence-prefere-est-plus.png","datePublished":"2025-08-11T00:18:06+00:00","dateModified":"2025-08-11T00:18:06+00:00","breadcrumb":{"@id":"https:\/\/vieassociative.be\/actualites\/mon-ensemble-de-batteries-de-kit-durgence-prefere-est-plus-de-60-de-reduction-en-ce-moment\/#breadcrumb"},"inLanguage":"fr-BE","potentialAction":[{"@type":"ReadAction","target":["https:\/\/vieassociative.be\/actualites\/mon-ensemble-de-batteries-de-kit-durgence-prefere-est-plus-de-60-de-reduction-en-ce-moment\/"]}]},{"@type":"ImageObject","inLanguage":"fr-BE","@id":"https:\/\/vieassociative.be\/actualites\/mon-ensemble-de-batteries-de-kit-durgence-prefere-est-plus-de-60-de-reduction-en-ce-moment\/#primaryimage","url":"https:\/\/vieassociative.be\/actualites\/wp-content\/uploads\/2025\/08\/1754871488_Mon-ensemble-de-batteries-de-kit-durgence-prefere-est-plus.png","contentUrl":"https:\/\/vieassociative.be\/actualites\/wp-content\/uploads\/2025\/08\/1754871488_Mon-ensemble-de-batteries-de-kit-durgence-prefere-est-plus.png","width":1200,"height":675,"caption":"Mon ensemble de batteries de kit d'urgence pr\u00e9f\u00e9r\u00e9 est plus de 60% de r\u00e9duction en ce moment"},{"@type":"BreadcrumbList","@id":"https:\/\/vieassociative.be\/actualites\/mon-ensemble-de-batteries-de-kit-durgence-prefere-est-plus-de-60-de-reduction-en-ce-moment\/#breadcrumb","itemListElement":[{"@type":"ListItem","position":1,"name":"Accueil","item":"https:\/\/vieassociative.be\/actualites\/"},{"@type":"ListItem","position":2,"name":"Mon ensemble de batteries de kit d&rsquo;urgence pr\u00e9f\u00e9r\u00e9 est plus de 60% de r\u00e9duction en ce moment"}]},{"@type":"WebSite","@id":"https:\/\/vieassociative.be\/actualites\/#website","url":"https:\/\/vieassociative.be\/actualites\/","name":"Vie Associative","description":"","publisher":{"@id":"https:\/\/vieassociative.be\/actualites\/#organization"},"potentialAction":[{"@type":"SearchAction","target":{"@type":"EntryPoint","urlTemplate":"https:\/\/vieassociative.be\/actualites\/?s={search_term_string}"},"query-input":{"@type":"PropertyValueSpecification","valueRequired":true,"valueName":"search_term_string"}}],"inLanguage":"fr-BE"},{"@type":"Organization","@id":"https:\/\/vieassociative.be\/actualites\/#organization","name":"Vie Associative","url":"https:\/\/vieassociative.be\/actualites\/","logo":{"@type":"ImageObject","inLanguage":"fr-BE","@id":"https:\/\/vieassociative.be\/actualites\/#\/schema\/logo\/image\/","url":"https:\/\/vieassociative.be\/actualites\/wp-content\/uploads\/2024\/09\/cropped-vieassociative_favicon.ico.png","contentUrl":"https:\/\/vieassociative.be\/actualites\/wp-content\/uploads\/2024\/09\/cropped-vieassociative_favicon.ico.png","width":512,"height":512,"caption":"Vie Associative"},"image":{"@id":"https:\/\/vieassociative.be\/actualites\/#\/schema\/logo\/image\/"}},{"@type":"Person","@id":"https:\/\/vieassociative.be\/actualites\/#\/schema\/person\/b87ac4f82f9d4e7b7cec7395b679edc4","name":"Julien","image":{"@type":"ImageObject","inLanguage":"fr-BE","@id":"https:\/\/vieassociative.be\/actualites\/#\/schema\/person\/image\/","url":"https:\/\/vieassociative.be\/actualites\/wp-content\/uploads\/2024\/09\/vie-associative-1-150x150.jpg","contentUrl":"https:\/\/vieassociative.be\/actualites\/wp-content\/uploads\/2024\/09\/vie-associative-1-150x150.jpg","caption":"Julien"},"description":"Je suis Julien, r\u00e9dacteur pour Vie Associative. Passionn\u00e9 par le monde associatif depuis plus de 10 ans, j'ai \u00e0 c\u0153ur de partager des histoires inspirantes et de mettre en lumi\u00e8re les initiatives locales. Mon objectif est de sensibiliser et d'encourager l'engagement communautaire \u00e0 travers mes articles.","sameAs":["https:\/\/vieassociative.be\/"]}]}},"_links":{"self":[{"href":"https:\/\/vieassociative.be\/actualites\/wp-json\/wp\/v2\/posts\/9327"}],"collection":[{"href":"https:\/\/vieassociative.be\/actualites\/wp-json\/wp\/v2\/posts"}],"about":[{"href":"https:\/\/vieassociative.be\/actualites\/wp-json\/wp\/v2\/types\/post"}],"author":[{"embeddable":true,"href":"https:\/\/vieassociative.be\/actualites\/wp-json\/wp\/v2\/users\/1"}],"replies":[{"embeddable":true,"href":"https:\/\/vieassociative.be\/actualites\/wp-json\/wp\/v2\/comments?post=9327"}],"version-history":[{"count":0,"href":"https:\/\/vieassociative.be\/actualites\/wp-json\/wp\/v2\/posts\/9327\/revisions"}],"wp:featuredmedia":[{"embeddable":true,"href":"https:\/\/vieassociative.be\/actualites\/wp-json\/wp\/v2\/media\/9328"}],"wp:attachment":[{"href":"https:\/\/vieassociative.be\/actualites\/wp-json\/wp\/v2\/media?parent=9327"}],"wp:term":[{"taxonomy":"category","embeddable":true,"href":"https:\/\/vieassociative.be\/actualites\/wp-json\/wp\/v2\/categories?post=9327"},{"taxonomy":"post_tag","embeddable":true,"href":"https:\/\/vieassociative.be\/actualites\/wp-json\/wp\/v2\/tags?post=9327"}],"curies":[{"name":"wp","href":"https:\/\/api.w.org\/{rel}","templated":true}]}}