{"id":9314,"date":"2025-08-09T22:17:41","date_gmt":"2025-08-09T20:17:41","guid":{"rendered":"https:\/\/vieassociative.be\/actualites\/2-0-debut-de-la-victoire-pour-as-eupen-contre-fc-liege\/"},"modified":"2025-08-09T22:17:41","modified_gmt":"2025-08-09T20:17:41","slug":"2-0-debut-de-la-victoire-pour-as-eupen-contre-fc-liege","status":"publish","type":"post","link":"https:\/\/vieassociative.be\/actualites\/2-0-debut-de-la-victoire-pour-as-eupen-contre-fc-liege\/","title":{"rendered":"2-0 D\u00e9but de la victoire pour As Eupen contre FC Li\u00e8ge"},"content":{"rendered":"<p><strong>L&rsquo;As Eupen a r\u00e9ussi la nouvelle saison. Lors du premier match, le Black and White a battu le FC Li\u00e8ge avec des buts de Caliskan et Nuhu 2-0.<\/strong><\/p>\n<p><span id=\"more-422078\"><\/span><\/p>\n<p>Le nouveau comme l&rsquo;entra\u00eeneur Bruno Pinheiro a opt\u00e9 pour ce premier match de championnat pour les onze de d\u00e9part suivants: Hiller-Van Genecht, Paeshuyse, Kennedy, Gavory-Calisriskan, Keita, Marechal, Busquets-Nuhu, Atteri.<\/p>\n<p>Ce jeu \u00e9tait sur Dazn, bien qu&rsquo;un Derby, l&rsquo;une des quatre rencontres dans lesquelles les t\u00e9l\u00e9spectateurs ne devaient \u00eatre satisfaits du total car seules des cam\u00e9ras automatis\u00e9es \u00e9taient utilis\u00e9es. Malheureusement, au d\u00e9but du trimestre d&rsquo;une heure, il n&rsquo;y avait que la moiti\u00e9 avec la nettet\u00e9 d&rsquo;image n\u00e9cessaire, tandis que l&rsquo;autre moiti\u00e9 est rest\u00e9e floue.<\/p>\n<div id=\"attachment_422095\" class=\"wp-caption alignleft\" style=\"max-width: 300px\"><img fetchpriority=\"high\" decoding=\"async\" class=\"wp-image-422095 size-medium\" src=\"https:\/\/vieassociative.be\/actualites\/wp-content\/uploads\/2025\/08\/2-0-Debut-de-la-victoire-pour-As-Eupen-contre-FC.jpg\" alt=\"\" width=\"300\" height=\"200\"><\/div>\n<p>Le journaliste de Dazn, qui n&rsquo;a pas non plus comment\u00e9 le jeu sur place pour des raisons \u00e9conomiques, a \u00e9galement \u00e9t\u00e9 victime de ce curieux d\u00e9veloppement, mais de Bruxelles.<\/p>\n<p>Apr\u00e8s un quart d&rsquo;heure, la d\u00e9cision a \u00e9t\u00e9 prise d&rsquo;utiliser la cam\u00e9ra sur la tribune de comptoir, de sorte que du point de vue du spectateur de t\u00e9l\u00e9vision, Eupen n&rsquo;a plus jou\u00e9 de gauche \u00e0 droite, mais de droite \u00e0 gauche. Amateur et embarrassant pour Dazn et la Pro Ligue! Les t\u00e9l\u00e9spectateurs ont d\u00fb se sentir en arri\u00e8re 50 ans.<\/p>\n<p>Le noir et blanc a eu la premi\u00e8re chance de marquer \u00e0 la 3e minute. Le nouveau venu Atteri, qui a rivalis\u00e9 avec son ex-club, a fait allusion \u00e0 Nuhu, dont le tir \u00e9tait trop faible pour embarrasser le gardien de but de Li\u00e8ge, Belin.<\/p>\n<p>Les invit\u00e9s de Li\u00e8ge ont eu la deuxi\u00e8me option \u00e0 la 10e minute. Heureusement pour Eupen, le nouveau capitaine Paeshuyse a pu prot\u00e9ger comme d&rsquo;un d\u00e9ficit pr\u00e9coce.<\/p>\n<p>Amortisseurs pour Eupen apr\u00e8s 15 minutes: comme le nouveau venu Gavory a d\u00fb \u00eatre bless\u00e9. Youndje est venu le chercher.<\/p>\n<div id=\"attachment_418091\" class=\"wp-caption alignleft\" style=\"max-width: 300px\"><img decoding=\"async\" class=\"wp-image-418091 size-medium\" src=\"https:\/\/vieassociative.be\/actualites\/wp-content\/uploads\/2025\/08\/1754770661_504_2-0-Debut-de-la-victoire-pour-As-Eupen-contre-FC.jpg\" alt=\"\" width=\"300\" height=\"200\"><\/div>\n<p>Au fil du temps, Li\u00e8ge avait un l\u00e9ger surpoids. \u00c0 quelques reprises, les invit\u00e9s de la surface de p\u00e9nalit\u00e9 de l&rsquo;\u00e9quipe Eupen ont provoqu\u00e9 un danger. Li\u00e8ge a eu une \u00e9norme opportunit\u00e9 \u00e0 la 41e minute via Lefebvre, qui ne pouvait pas utiliser cette possibilit\u00e9.<\/p>\n<p>Il y a peut-\u00eatre un discours quelque peu hostile de l&rsquo;entra\u00eeneur Pinheiro dans la cabine d&rsquo;Eupen, parce que l&rsquo;As est revenu sur le terrain &#8211; et a \u00e9t\u00e9 r\u00e9compens\u00e9 apr\u00e8s un court laps de temps: \u00e0 la 50e minute, Caliskan a marqu\u00e9 le 1-0 pour le As Eupen.<\/p>\n<p>Changez au As Eupen apr\u00e8s une bonne heure de jeu: Kasper et Delaurier-Chachet sont venus pour Ateri et Marechal.<\/p>\n<p>Li\u00e8ge a d\u00fb r\u00e9agir maintenant. \u00c0 la 68e minute, l&rsquo;entra\u00eeneur Engelbert Kylian Hazard, le fr\u00e8re d&rsquo;Eden et Thorgan Hazard, a chang\u00e9.<\/p>\n<p>\u00c0 la 71e minute, Eupen a re\u00e7u un coup franc apr\u00e8s que Nuhu ait \u00e9t\u00e9 injustement frein\u00e9. Nuhu lui-m\u00eame a effectu\u00e9 le coup franc &#8211; et a marqu\u00e9 \u00e0 2-0.<\/p>\n<p>Dans la phase finale, les deux parties sont toujours venues \u00e0 des scores. Le AS aurait m\u00eame pu passer \u00e0 3-0 par Kasper, mais cela n&rsquo;aurait pas \u00e9t\u00e9 le m\u00eame pour le cours du jeu dans les 90 minutes.<\/p>\n<p>Samedi prochain \u00e0 20 h, le noir et blanc doit survivre \u00e0 une autre chance de probation. Ensuite, il va \u00e0 la feuille de Berry, qui, avec l&rsquo;autre Dieser de la premi\u00e8re division, le KV Kortrijk, est l&rsquo;un des favoris de la lutte pour les deux lieux de promotion directs. (Cre)<\/p>\n","protected":false},"excerpt":{"rendered":"<p>L&rsquo;As Eupen a r\u00e9ussi la nouvelle saison. Lors du premier match, le Black and White a battu le FC Li\u00e8ge avec des buts de Caliskan<\/p>\n","protected":false},"author":1,"featured_media":9315,"comment_status":"","ping_status":"","sticky":false,"template":"","format":"standard","meta":{"footnotes":""},"categories":[298],"tags":[796,359,2329,6554,81,784],"class_list":["post-9314","post","type-post","status-publish","format-standard","has-post-thumbnail","hentry","category-belgique","tag-contre","tag-debut","tag-eupen","tag-liege","tag-pour","tag-victoire","generate-columns","tablet-grid-50","mobile-grid-100","grid-parent","grid-33"],"yoast_head":"<!-- This site is optimized with the Yoast SEO plugin v24.0 - https:\/\/yoast.com\/wordpress\/plugins\/seo\/ -->\n<title>2-0 D\u00e9but de la victoire pour As Eupen contre FC Li\u00e8ge | Vie Associative<\/title>\n<meta name=\"robots\" content=\"index, follow, max-snippet:-1, max-image-preview:large, max-video-preview:-1\" \/>\n<link rel=\"canonical\" href=\"https:\/\/vieassociative.be\/actualites\/2-0-debut-de-la-victoire-pour-as-eupen-contre-fc-liege\/\" \/>\n<meta property=\"og:locale\" content=\"fr_FR\" \/>\n<meta property=\"og:type\" content=\"article\" \/>\n<meta property=\"og:title\" content=\"2-0 D\u00e9but de la victoire pour As Eupen contre FC Li\u00e8ge | Vie Associative\" \/>\n<meta property=\"og:description\" content=\"L&rsquo;As Eupen a r\u00e9ussi la nouvelle saison. Lors du premier match, le Black and White a battu le FC Li\u00e8ge avec des buts de Caliskan\" \/>\n<meta property=\"og:url\" content=\"https:\/\/vieassociative.be\/actualites\/2-0-debut-de-la-victoire-pour-as-eupen-contre-fc-liege\/\" \/>\n<meta property=\"og:site_name\" content=\"Vie Associative\" \/>\n<meta property=\"article:published_time\" content=\"2025-08-09T20:17:41+00:00\" \/>\n<meta property=\"og:image\" content=\"https:\/\/vieassociative.be\/actualites\/wp-content\/uploads\/2024\/09\/header_backgroundk-01-e1726694325946.png\" \/>\n\t<meta property=\"og:image:width\" content=\"279\" \/>\n\t<meta property=\"og:image:height\" content=\"92\" \/>\n\t<meta property=\"og:image:type\" content=\"image\/png\" \/>\n<meta name=\"author\" content=\"Julien\" \/>\n<meta name=\"twitter:card\" content=\"summary_large_image\" \/>\n<meta name=\"twitter:label1\" content=\"\u00c9crit par\" \/>\n\t<meta name=\"twitter:data1\" content=\"Julien\" \/>\n\t<meta name=\"twitter:label2\" content=\"Dur\u00e9e de lecture est.\" \/>\n\t<meta name=\"twitter:data2\" content=\"3 minutes\" \/>\n<script type=\"application\/ld+json\" class=\"yoast-schema-graph\">{\"@context\":\"https:\/\/schema.org\",\"@graph\":[{\"@type\":\"Article\",\"@id\":\"https:\/\/vieassociative.be\/actualites\/2-0-debut-de-la-victoire-pour-as-eupen-contre-fc-liege\/#article\",\"isPartOf\":{\"@id\":\"https:\/\/vieassociative.be\/actualites\/2-0-debut-de-la-victoire-pour-as-eupen-contre-fc-liege\/\"},\"author\":{\"name\":\"Julien\",\"@id\":\"https:\/\/vieassociative.be\/actualites\/#\/schema\/person\/b87ac4f82f9d4e7b7cec7395b679edc4\"},\"headline\":\"2-0 D\u00e9but de la victoire pour As Eupen contre FC Li\u00e8ge\",\"datePublished\":\"2025-08-09T20:17:41+00:00\",\"dateModified\":\"2025-08-09T20:17:41+00:00\",\"mainEntityOfPage\":{\"@id\":\"https:\/\/vieassociative.be\/actualites\/2-0-debut-de-la-victoire-pour-as-eupen-contre-fc-liege\/\"},\"wordCount\":610,\"publisher\":{\"@id\":\"https:\/\/vieassociative.be\/actualites\/#organization\"},\"image\":{\"@id\":\"https:\/\/vieassociative.be\/actualites\/2-0-debut-de-la-victoire-pour-as-eupen-contre-fc-liege\/#primaryimage\"},\"thumbnailUrl\":\"https:\/\/vieassociative.be\/actualites\/wp-content\/uploads\/2025\/08\/1754770662_2-0-Debut-de-la-victoire-pour-As-Eupen-contre-FC.jpg\",\"keywords\":[\"contre\",\"D\u00e9but\",\"Eupen\",\"Li\u00e8ge\",\"pour\",\"victoire\"],\"articleSection\":[\"Belgique\"],\"inLanguage\":\"fr-BE\"},{\"@type\":\"WebPage\",\"@id\":\"https:\/\/vieassociative.be\/actualites\/2-0-debut-de-la-victoire-pour-as-eupen-contre-fc-liege\/\",\"url\":\"https:\/\/vieassociative.be\/actualites\/2-0-debut-de-la-victoire-pour-as-eupen-contre-fc-liege\/\",\"name\":\"2-0 D\u00e9but de la victoire pour As Eupen contre FC Li\u00e8ge | Vie Associative\",\"isPartOf\":{\"@id\":\"https:\/\/vieassociative.be\/actualites\/#website\"},\"primaryImageOfPage\":{\"@id\":\"https:\/\/vieassociative.be\/actualites\/2-0-debut-de-la-victoire-pour-as-eupen-contre-fc-liege\/#primaryimage\"},\"image\":{\"@id\":\"https:\/\/vieassociative.be\/actualites\/2-0-debut-de-la-victoire-pour-as-eupen-contre-fc-liege\/#primaryimage\"},\"thumbnailUrl\":\"https:\/\/vieassociative.be\/actualites\/wp-content\/uploads\/2025\/08\/1754770662_2-0-Debut-de-la-victoire-pour-As-Eupen-contre-FC.jpg\",\"datePublished\":\"2025-08-09T20:17:41+00:00\",\"dateModified\":\"2025-08-09T20:17:41+00:00\",\"breadcrumb\":{\"@id\":\"https:\/\/vieassociative.be\/actualites\/2-0-debut-de-la-victoire-pour-as-eupen-contre-fc-liege\/#breadcrumb\"},\"inLanguage\":\"fr-BE\",\"potentialAction\":[{\"@type\":\"ReadAction\",\"target\":[\"https:\/\/vieassociative.be\/actualites\/2-0-debut-de-la-victoire-pour-as-eupen-contre-fc-liege\/\"]}]},{\"@type\":\"ImageObject\",\"inLanguage\":\"fr-BE\",\"@id\":\"https:\/\/vieassociative.be\/actualites\/2-0-debut-de-la-victoire-pour-as-eupen-contre-fc-liege\/#primaryimage\",\"url\":\"https:\/\/vieassociative.be\/actualites\/wp-content\/uploads\/2025\/08\/1754770662_2-0-Debut-de-la-victoire-pour-As-Eupen-contre-FC.jpg\",\"contentUrl\":\"https:\/\/vieassociative.be\/actualites\/wp-content\/uploads\/2025\/08\/1754770662_2-0-Debut-de-la-victoire-pour-As-Eupen-contre-FC.jpg\",\"width\":1200,\"height\":807,\"caption\":\"2-0 D\u00e9but de la victoire pour As Eupen contre FC Li\u00e8ge\"},{\"@type\":\"BreadcrumbList\",\"@id\":\"https:\/\/vieassociative.be\/actualites\/2-0-debut-de-la-victoire-pour-as-eupen-contre-fc-liege\/#breadcrumb\",\"itemListElement\":[{\"@type\":\"ListItem\",\"position\":1,\"name\":\"Accueil\",\"item\":\"https:\/\/vieassociative.be\/actualites\/\"},{\"@type\":\"ListItem\",\"position\":2,\"name\":\"2-0 D\u00e9but de la victoire pour As Eupen contre FC Li\u00e8ge\"}]},{\"@type\":\"WebSite\",\"@id\":\"https:\/\/vieassociative.be\/actualites\/#website\",\"url\":\"https:\/\/vieassociative.be\/actualites\/\",\"name\":\"Vie Associative\",\"description\":\"\",\"publisher\":{\"@id\":\"https:\/\/vieassociative.be\/actualites\/#organization\"},\"potentialAction\":[{\"@type\":\"SearchAction\",\"target\":{\"@type\":\"EntryPoint\",\"urlTemplate\":\"https:\/\/vieassociative.be\/actualites\/?s={search_term_string}\"},\"query-input\":{\"@type\":\"PropertyValueSpecification\",\"valueRequired\":true,\"valueName\":\"search_term_string\"}}],\"inLanguage\":\"fr-BE\"},{\"@type\":\"Organization\",\"@id\":\"https:\/\/vieassociative.be\/actualites\/#organization\",\"name\":\"Vie Associative\",\"url\":\"https:\/\/vieassociative.be\/actualites\/\",\"logo\":{\"@type\":\"ImageObject\",\"inLanguage\":\"fr-BE\",\"@id\":\"https:\/\/vieassociative.be\/actualites\/#\/schema\/logo\/image\/\",\"url\":\"https:\/\/vieassociative.be\/actualites\/wp-content\/uploads\/2024\/09\/cropped-vieassociative_favicon.ico.png\",\"contentUrl\":\"https:\/\/vieassociative.be\/actualites\/wp-content\/uploads\/2024\/09\/cropped-vieassociative_favicon.ico.png\",\"width\":512,\"height\":512,\"caption\":\"Vie Associative\"},\"image\":{\"@id\":\"https:\/\/vieassociative.be\/actualites\/#\/schema\/logo\/image\/\"}},{\"@type\":\"Person\",\"@id\":\"https:\/\/vieassociative.be\/actualites\/#\/schema\/person\/b87ac4f82f9d4e7b7cec7395b679edc4\",\"name\":\"Julien\",\"image\":{\"@type\":\"ImageObject\",\"inLanguage\":\"fr-BE\",\"@id\":\"https:\/\/vieassociative.be\/actualites\/#\/schema\/person\/image\/\",\"url\":\"https:\/\/vieassociative.be\/actualites\/wp-content\/uploads\/2024\/09\/vie-associative-1-150x150.jpg\",\"contentUrl\":\"https:\/\/vieassociative.be\/actualites\/wp-content\/uploads\/2024\/09\/vie-associative-1-150x150.jpg\",\"caption\":\"Julien\"},\"description\":\"Je suis Julien, r\u00e9dacteur pour Vie Associative. Passionn\u00e9 par le monde associatif depuis plus de 10 ans, j'ai \u00e0 c\u0153ur de partager des histoires inspirantes et de mettre en lumi\u00e8re les initiatives locales. Mon objectif est de sensibiliser et d'encourager l'engagement communautaire \u00e0 travers mes articles.\",\"sameAs\":[\"https:\/\/vieassociative.be\/\"]}]}<\/script>\n<!-- \/ Yoast SEO plugin. -->","yoast_head_json":{"title":"2-0 D\u00e9but de la victoire pour As Eupen contre FC Li\u00e8ge | Vie Associative","robots":{"index":"index","follow":"follow","max-snippet":"max-snippet:-1","max-image-preview":"max-image-preview:large","max-video-preview":"max-video-preview:-1"},"canonical":"https:\/\/vieassociative.be\/actualites\/2-0-debut-de-la-victoire-pour-as-eupen-contre-fc-liege\/","og_locale":"fr_FR","og_type":"article","og_title":"2-0 D\u00e9but de la victoire pour As Eupen contre FC Li\u00e8ge | Vie Associative","og_description":"L&rsquo;As Eupen a r\u00e9ussi la nouvelle saison. Lors du premier match, le Black and White a battu le FC Li\u00e8ge avec des buts de Caliskan","og_url":"https:\/\/vieassociative.be\/actualites\/2-0-debut-de-la-victoire-pour-as-eupen-contre-fc-liege\/","og_site_name":"Vie Associative","article_published_time":"2025-08-09T20:17:41+00:00","og_image":[{"width":279,"height":92,"url":"https:\/\/vieassociative.be\/actualites\/wp-content\/uploads\/2024\/09\/header_backgroundk-01-e1726694325946.png","type":"image\/png"}],"author":"Julien","twitter_card":"summary_large_image","twitter_misc":{"\u00c9crit par":"Julien","Dur\u00e9e de lecture est.":"3 minutes"},"schema":{"@context":"https:\/\/schema.org","@graph":[{"@type":"Article","@id":"https:\/\/vieassociative.be\/actualites\/2-0-debut-de-la-victoire-pour-as-eupen-contre-fc-liege\/#article","isPartOf":{"@id":"https:\/\/vieassociative.be\/actualites\/2-0-debut-de-la-victoire-pour-as-eupen-contre-fc-liege\/"},"author":{"name":"Julien","@id":"https:\/\/vieassociative.be\/actualites\/#\/schema\/person\/b87ac4f82f9d4e7b7cec7395b679edc4"},"headline":"2-0 D\u00e9but de la victoire pour As Eupen contre FC Li\u00e8ge","datePublished":"2025-08-09T20:17:41+00:00","dateModified":"2025-08-09T20:17:41+00:00","mainEntityOfPage":{"@id":"https:\/\/vieassociative.be\/actualites\/2-0-debut-de-la-victoire-pour-as-eupen-contre-fc-liege\/"},"wordCount":610,"publisher":{"@id":"https:\/\/vieassociative.be\/actualites\/#organization"},"image":{"@id":"https:\/\/vieassociative.be\/actualites\/2-0-debut-de-la-victoire-pour-as-eupen-contre-fc-liege\/#primaryimage"},"thumbnailUrl":"https:\/\/vieassociative.be\/actualites\/wp-content\/uploads\/2025\/08\/1754770662_2-0-Debut-de-la-victoire-pour-As-Eupen-contre-FC.jpg","keywords":["contre","D\u00e9but","Eupen","Li\u00e8ge","pour","victoire"],"articleSection":["Belgique"],"inLanguage":"fr-BE"},{"@type":"WebPage","@id":"https:\/\/vieassociative.be\/actualites\/2-0-debut-de-la-victoire-pour-as-eupen-contre-fc-liege\/","url":"https:\/\/vieassociative.be\/actualites\/2-0-debut-de-la-victoire-pour-as-eupen-contre-fc-liege\/","name":"2-0 D\u00e9but de la victoire pour As Eupen contre FC Li\u00e8ge | Vie Associative","isPartOf":{"@id":"https:\/\/vieassociative.be\/actualites\/#website"},"primaryImageOfPage":{"@id":"https:\/\/vieassociative.be\/actualites\/2-0-debut-de-la-victoire-pour-as-eupen-contre-fc-liege\/#primaryimage"},"image":{"@id":"https:\/\/vieassociative.be\/actualites\/2-0-debut-de-la-victoire-pour-as-eupen-contre-fc-liege\/#primaryimage"},"thumbnailUrl":"https:\/\/vieassociative.be\/actualites\/wp-content\/uploads\/2025\/08\/1754770662_2-0-Debut-de-la-victoire-pour-As-Eupen-contre-FC.jpg","datePublished":"2025-08-09T20:17:41+00:00","dateModified":"2025-08-09T20:17:41+00:00","breadcrumb":{"@id":"https:\/\/vieassociative.be\/actualites\/2-0-debut-de-la-victoire-pour-as-eupen-contre-fc-liege\/#breadcrumb"},"inLanguage":"fr-BE","potentialAction":[{"@type":"ReadAction","target":["https:\/\/vieassociative.be\/actualites\/2-0-debut-de-la-victoire-pour-as-eupen-contre-fc-liege\/"]}]},{"@type":"ImageObject","inLanguage":"fr-BE","@id":"https:\/\/vieassociative.be\/actualites\/2-0-debut-de-la-victoire-pour-as-eupen-contre-fc-liege\/#primaryimage","url":"https:\/\/vieassociative.be\/actualites\/wp-content\/uploads\/2025\/08\/1754770662_2-0-Debut-de-la-victoire-pour-As-Eupen-contre-FC.jpg","contentUrl":"https:\/\/vieassociative.be\/actualites\/wp-content\/uploads\/2025\/08\/1754770662_2-0-Debut-de-la-victoire-pour-As-Eupen-contre-FC.jpg","width":1200,"height":807,"caption":"2-0 D\u00e9but de la victoire pour As Eupen contre FC Li\u00e8ge"},{"@type":"BreadcrumbList","@id":"https:\/\/vieassociative.be\/actualites\/2-0-debut-de-la-victoire-pour-as-eupen-contre-fc-liege\/#breadcrumb","itemListElement":[{"@type":"ListItem","position":1,"name":"Accueil","item":"https:\/\/vieassociative.be\/actualites\/"},{"@type":"ListItem","position":2,"name":"2-0 D\u00e9but de la victoire pour As Eupen contre FC Li\u00e8ge"}]},{"@type":"WebSite","@id":"https:\/\/vieassociative.be\/actualites\/#website","url":"https:\/\/vieassociative.be\/actualites\/","name":"Vie Associative","description":"","publisher":{"@id":"https:\/\/vieassociative.be\/actualites\/#organization"},"potentialAction":[{"@type":"SearchAction","target":{"@type":"EntryPoint","urlTemplate":"https:\/\/vieassociative.be\/actualites\/?s={search_term_string}"},"query-input":{"@type":"PropertyValueSpecification","valueRequired":true,"valueName":"search_term_string"}}],"inLanguage":"fr-BE"},{"@type":"Organization","@id":"https:\/\/vieassociative.be\/actualites\/#organization","name":"Vie Associative","url":"https:\/\/vieassociative.be\/actualites\/","logo":{"@type":"ImageObject","inLanguage":"fr-BE","@id":"https:\/\/vieassociative.be\/actualites\/#\/schema\/logo\/image\/","url":"https:\/\/vieassociative.be\/actualites\/wp-content\/uploads\/2024\/09\/cropped-vieassociative_favicon.ico.png","contentUrl":"https:\/\/vieassociative.be\/actualites\/wp-content\/uploads\/2024\/09\/cropped-vieassociative_favicon.ico.png","width":512,"height":512,"caption":"Vie Associative"},"image":{"@id":"https:\/\/vieassociative.be\/actualites\/#\/schema\/logo\/image\/"}},{"@type":"Person","@id":"https:\/\/vieassociative.be\/actualites\/#\/schema\/person\/b87ac4f82f9d4e7b7cec7395b679edc4","name":"Julien","image":{"@type":"ImageObject","inLanguage":"fr-BE","@id":"https:\/\/vieassociative.be\/actualites\/#\/schema\/person\/image\/","url":"https:\/\/vieassociative.be\/actualites\/wp-content\/uploads\/2024\/09\/vie-associative-1-150x150.jpg","contentUrl":"https:\/\/vieassociative.be\/actualites\/wp-content\/uploads\/2024\/09\/vie-associative-1-150x150.jpg","caption":"Julien"},"description":"Je suis Julien, r\u00e9dacteur pour Vie Associative. Passionn\u00e9 par le monde associatif depuis plus de 10 ans, j'ai \u00e0 c\u0153ur de partager des histoires inspirantes et de mettre en lumi\u00e8re les initiatives locales. Mon objectif est de sensibiliser et d'encourager l'engagement communautaire \u00e0 travers mes articles.","sameAs":["https:\/\/vieassociative.be\/"]}]}},"_links":{"self":[{"href":"https:\/\/vieassociative.be\/actualites\/wp-json\/wp\/v2\/posts\/9314"}],"collection":[{"href":"https:\/\/vieassociative.be\/actualites\/wp-json\/wp\/v2\/posts"}],"about":[{"href":"https:\/\/vieassociative.be\/actualites\/wp-json\/wp\/v2\/types\/post"}],"author":[{"embeddable":true,"href":"https:\/\/vieassociative.be\/actualites\/wp-json\/wp\/v2\/users\/1"}],"replies":[{"embeddable":true,"href":"https:\/\/vieassociative.be\/actualites\/wp-json\/wp\/v2\/comments?post=9314"}],"version-history":[{"count":0,"href":"https:\/\/vieassociative.be\/actualites\/wp-json\/wp\/v2\/posts\/9314\/revisions"}],"wp:featuredmedia":[{"embeddable":true,"href":"https:\/\/vieassociative.be\/actualites\/wp-json\/wp\/v2\/media\/9315"}],"wp:attachment":[{"href":"https:\/\/vieassociative.be\/actualites\/wp-json\/wp\/v2\/media?parent=9314"}],"wp:term":[{"taxonomy":"category","embeddable":true,"href":"https:\/\/vieassociative.be\/actualites\/wp-json\/wp\/v2\/categories?post=9314"},{"taxonomy":"post_tag","embeddable":true,"href":"https:\/\/vieassociative.be\/actualites\/wp-json\/wp\/v2\/tags?post=9314"}],"curies":[{"name":"wp","href":"https:\/\/api.w.org\/{rel}","templated":true}]}}