{"id":9306,"date":"2025-08-09T15:17:19","date_gmt":"2025-08-09T13:17:19","guid":{"rendered":"https:\/\/vieassociative.be\/actualites\/comment-vous-assurer-que-instagram-ne-partage-pas-votre-emplacement-avec-tous-vos-amis\/"},"modified":"2025-08-09T15:17:19","modified_gmt":"2025-08-09T13:17:19","slug":"comment-vous-assurer-que-instagram-ne-partage-pas-votre-emplacement-avec-tous-vos-amis","status":"publish","type":"post","link":"https:\/\/vieassociative.be\/actualites\/comment-vous-assurer-que-instagram-ne-partage-pas-votre-emplacement-avec-tous-vos-amis\/","title":{"rendered":"Comment vous assurer que Instagram ne partage pas votre emplacement avec tous vos amis"},"content":{"rendered":"<div class=\"mt-4 leading-6 md:mb-8\">Ce n&rsquo;est probablement pas aussi effrayant que vous le pensez, mais c&rsquo;est toujours effrayant.<\/div>\n<p><\/p>\n<p>Cette semaine, Instagram a d\u00e9ploy\u00e9 sa nouvelle fonctionnalit\u00e9 \u00ab\u00a0Map\u00a0\u00bb, qui permet aux utilisateurs de partager leur dernier emplacement actif avec des abonn\u00e9s. Environ cinq minutes plus tard, tout l&rsquo;enfer s&rsquo;est d\u00e9tach\u00e9. Beaucoup sur Internet <a rel=\"nofollow noopener\" href=\"https:\/\/twitter.com\/kassieepstein\/status\/1953459481901142195?ref_src=twsrc%5Etfw%7Ctwcamp%5Etweetembed%7Ctwterm%5E1953459481901142195%7Ctwgr%5E7c27ffd83f23c370acee2836496b7637b09013e3%7Ctwcon%5Es1_&amp;ref_url=https%3A%2F%2Fmashable.com%2Farticle%2Finstagram-map-privacy-concerns-location-sharing-geotagging\" target=\"_blank\" title=\"open in a new window\">critiqu\u00e9 rapidement<\/a> La fonctionnalit\u00e9 pour son manque de pr\u00e9occupation pour la s\u00e9curit\u00e9 des utilisateurs, tandis que d&rsquo;autres ont affich\u00e9 des avertissements selon lesquels ils ont apparemment fait allumer la fonctionnalit\u00e9 automatique. \u00ab\u00a0Pourquoi un fan m&rsquo;a-t-il fait avertir qu&rsquo;ils pouvaient voir mon emplacement pr\u00e9cis car (je) dormait \u00e0 la maison\u00a0\u00bb n&rsquo;est pas le genre de buzz que vous voulez si vous \u00eates Instagram.<\/p>\n<p>La bonne nouvelle est que cette fonctionnalit\u00e9 n&rsquo;est probablement pas <em>pas<\/em> r\u00e9gl\u00e9 pour activer automatiquement. La mauvaise nouvelle est que vous avez probablement d\u00e9j\u00e0 partag\u00e9 votre emplacement sur la carte sans s&rsquo;en rendre compte &#8211; tout simplement dans la fa\u00e7on dont vous le pensez.  <\/p>\n<h2 id=\"instagram-says-it-is-not-turning-on-your-live-location-automatically\">Instagram dit qu&rsquo;il ne tourne pas automatiquement votre emplacement en direct<\/h2>\n<p>Malgr\u00e9 les publications affirmant le contraire, Instagram est cat\u00e9gorique, la fonctionnalit\u00e9 est enti\u00e8rement opt: si vous ne donnez pas la permission Instagram de partager votre emplacement avec vos abonn\u00e9s, ce n&rsquo;est pas ce n&rsquo;est pas le cas. De plus, m\u00eame si la fonctionnalit\u00e9 est activ\u00e9e, elle ne partage pas tous vos abonn\u00e9s. Dans le pire des cas, la fonctionnalit\u00e9 peut partager avec tous vos <em>amis<\/em>ce qui signifie des abonn\u00e9s que vous suivez \u00e9galement. Si vous \u00eates un cr\u00e9ateur, vous ne partagerez pas votre emplacement avec les fans, sauf si vous suivez \u00e9galement ces fans. <\/p>\n<div class=\"mx-auto mb-12 mt-5 w-full max-w-3xl rounded-md border-2 border-gray-100 p-3 shadow-md md:px-7 md:pb-7 md:pt-5\" id=\"related-video\">\n<div class=\"mb-3 flex items-center md:mb-5\">\n        <img decoding=\"async\" class=\"mr-4 mt-0 h-10 w-10 md:mr-5 md:h-12 md:w-12\" src=\"https:\/\/vieassociative.be\/actualites\/wp-content\/uploads\/2025\/08\/1754414314_422_Les-brins-du-NYT-daujourdhui-indiquent-et-repondent-pour-le.jpg\" alt=\"Logo Lifehacker\"><\/p><\/div>\n<div class=\"aspect-video w-full overflow-hidden rounded-md\">\n<div id=\"video-container-01K27EEH93DYCTDKWMCCKGJAJ2\"><\/div>\n<\/p><\/div>\n<\/div>\n<p>Maintenant, cela ne veut pas dire que l&rsquo;entreprise s&rsquo;est d\u00e9roul\u00e9e dans la bonne fa\u00e7on. Il y a probablement deux raisons pour lesquelles les gens pensent qu&rsquo;Instagram partage leur emplacement en direct sans leur permission. Premi\u00e8rement, il est probablement trop facile d&rsquo;activer la fonctionnalit\u00e9. Certains utilisateurs pourraient voir la fonctionnalit\u00e9, l&rsquo;ouvrir par curiosit\u00e9, et sans s&rsquo;en rendre compte totalement, faire exploser leur emplacement \u00e0 certains ou tous leurs abonn\u00e9s avec seulement quelques robinets. Je regarde le cadre en ce moment, et m\u00eame si c&rsquo;est \u00ab\u00a0clair\u00a0\u00bb, cela me donne de l&rsquo;anxi\u00e9t\u00e9 que je ne suis qu&rsquo;\u00e0 un robinet ou \u00e0 deux de mon emplacement \u00e0 tous mes amis.<\/p>\n<p>Deux, les utilisateurs peuvent confondre une fonction diff\u00e9rente de la carte Instagram avec l&#8217;emplacement en direct. En plus de partager chacun de vos mouvements avec vos abonn\u00e9s, vos messages et bobines marqu\u00e9s par location peuvent \u00e9galement appara\u00eetre dans la carte. M\u00eame si vous choisissez de ne pas partager votre emplacement, si vous marquez les coordonn\u00e9es du restaurant dans le poteau du d\u00eener d&rsquo;hier soir, ce post appara\u00eetra sur la carte pour que vos abonn\u00e9s puissent le voir. Cela donne l&rsquo;impression que votre emplacement est en direct, alors que ce n&rsquo;est pas le cas. C&rsquo;est la th\u00e9orie qu&rsquo;Adam Mosseri, responsable d&rsquo;Instagram, a partag\u00e9 sur les threads pour expliquer pourquoi certains utilisateurs qui n&rsquo;ont pas pens\u00e9 sentent que leur emplacement est toujours partag\u00e9 avec la carte.<\/p>\n<p>Avec tout le respect que je dois M. Mosseri, il est logique que les gens ne r\u00e9alisent pas que leurs messages g\u00e9otagus partageraient sur la carte, lorsque la fonctionnalit\u00e9 n&rsquo;existait m\u00eame pas lorsqu&rsquo;ils ont marqu\u00e9 ces messages.     <\/p>\n<h2 id=\"a-pr-nightmare\">Un cauchemar de relations publiques<\/h2>\n<p>Je dois me demander si Instagram n&rsquo;a vraiment pas vu ce contrecoup \u00e0 venir. Peut-\u00eatre que l&rsquo;entreprise a regard\u00e9 d&rsquo;autres plates-formes, comme la carte Snap de Snapchat, ou la recherche d&rsquo;Apple, et a compris: \u00ab\u00a0H\u00e9, pourquoi pas nous?\u00a0\u00bb Mais \u00e0 partir de mon si\u00e8ge, la r\u00e9putation de Meta pour la confidentialit\u00e9 des utilisateurs est \u00e0 juste titre nul. Il va seulement de penser que tous les Meta dirigeants avec une moindre conscience de soi anticiperaient ici certaines critiques. <\/p>\n<p>Je peux acheter que l&rsquo;entreprise n&rsquo;aurait peut-\u00eatre pas r\u00e9fl\u00e9chi \u00e0 la diff\u00e9rence entre le partage de l&#8217;emplacement en direct et la g\u00e9otagging &#8211; que les utilisateurs verraient un article sur la carte bas\u00e9 sur un g\u00e9otag et je pense: \u00ab\u00a0Attends, je partage mon emplacement? Je n&rsquo;ai pas accept\u00e9 cela!\u00a0\u00bb Mais allez, Meta: vous d\u00e9ployez une fonctionnalit\u00e9 qui place les emplacements des gens sur une carte, la m\u00eame semaine qu&rsquo;un jury r\u00e8gne que vous avez secr\u00e8tement vol\u00e9 les donn\u00e9es menstruelles des utilisateurs de FLO afin de leur diffuser des annonces cibl\u00e9es. Votre r\u00e9putation ici est terrible, et cette fonctionnalit\u00e9 est d\u00e9routante. Bien s\u00fbr, ces utilisateurs ont partag\u00e9 l&#8217;emplacement o\u00f9 leurs photos ont \u00e9t\u00e9 prises, mais maintenant ces donn\u00e9es sont <strong><em>\u00eatre trac\u00e9 sur une carte<\/em><\/strong>sans explication claire sur la raison. <\/p>\n<p>Instagram dit que les emplacements ne mettent \u00e0 jour que lorsque vous ouvrez l&rsquo;application et que votre emplacement dispara\u00eetra apr\u00e8s 24 heures d&rsquo;inactivit\u00e9. De plus, vous pouvez configurer jusqu&rsquo;\u00e0 trois \u00abendroits cach\u00e9s\u00bb, qui cachent automatiquement votre emplacement lorsque vous les visitez. Mais je ne suis pas s\u00fbr que cela va compter pour la plupart des gens, qui pensent maintenant que la fonctionnalit\u00e9 est une catastrophe de confidentialit\u00e9. <\/p>\n<h2 id=\"how-to-turn-off-the-instagram-map\">Comment d\u00e9sactiver la carte Instagram  <\/h2>\n<p>Pour \u00eatre clair, si vous n&rsquo;avez pas explicitement opt\u00e9 pour cette fonctionnalit\u00e9, il n&rsquo;est probablement pas activ\u00e9. Mais voici comment v\u00e9rifier: la carte Instagram est disponible dans votre DMS, vers le haut de la page. Lorsque vous appuyez dessus, vous \u00eates invit\u00e9 \u00e0 partager votre emplacement avec vos abonn\u00e9s. Instagram vous donne quelques options hors du batte: \u00ab\u00a0amis\u00a0\u00bb (abonn\u00e9s que vous suivez); \u00ab\u00a0Amis proches\u00a0\u00bb (ceux de votre liste d&rsquo;amis proches); \u00ab\u00a0Seulement ces amis\u00a0\u00bb (vous permet de choisir des amis sp\u00e9cifiques avec lesquels vous souhaitez partager); ou \u00ab\u00a0personne.\u00a0\u00bb Si vous souhaitez vous assurer que vous ne partagez pas votre emplacement en direct, assurez-vous de s\u00e9lectionner \u00ab\u00a0personne\u00a0\u00bb. (Si vous ne voyez pas la carte, la fonctionnalit\u00e9 ne vous a peut-\u00eatre pas encore \u00e9t\u00e9 d\u00e9ploy\u00e9e.)<\/p>\n<p>Si vous souhaitez aller plus loin, vous pouvez d\u00e9sactiver compl\u00e8tement les autorisations de localisation pour Instagram. Cela ne va pas emp\u00eacher l&rsquo;application de d\u00e9terminer o\u00f9 vous pourriez \u00eatre \u00e0 un moment donn\u00e9, car il peut utiliser votre adresse IP \u00e0 cette fin. (Cool, non?) Mais cela vous garantira que vous ne pouvez pas partager accidentellement votre emplacement sur la carte, et cela bloquera la g\u00e9otague sur les messages. Sur iOS, vous pouvez trouver cette option dans <strong>Param\u00e8tres> Applications> Instagram> Emplacement<\/strong>o\u00f9 vous devez choisir \u00abjamais\u00bb. Sur Android, allez \u00e0 <strong>Param\u00e8tres> Emplacement> Autorisations d&#8217;emplacement de l&rsquo;application<\/strong>choisir <strong>Instagram<\/strong>puis frappez \u00ab\u00a0Ne permets pas.\u00a0\u00bb<\/p>\n<p><script async src=\"https:\/\/platform.twitter.com\/widgets.js\" charset=\"utf-8\"><\/script><\/p>\n","protected":false},"excerpt":{"rendered":"<p>Ce n&rsquo;est probablement pas aussi effrayant que vous le pensez, mais c&rsquo;est toujours effrayant. Cette semaine, Instagram a d\u00e9ploy\u00e9 sa nouvelle fonctionnalit\u00e9 \u00ab\u00a0Map\u00a0\u00bb, qui permet<\/p>\n","protected":false},"author":1,"featured_media":9307,"comment_status":"","ping_status":"","sticky":false,"template":"","format":"standard","meta":{"footnotes":""},"categories":[13],"tags":[846,3506,61,44,8114,2282,1276,126,546,27,8,4],"class_list":["post-9306","post","type-post","status-publish","format-standard","has-post-thumbnail","hentry","category-technologie","tag-amis","tag-assurer","tag-avec","tag-comment","tag-emplacement","tag-instagram","tag-partage","tag-pas","tag-tous","tag-vos","tag-votre","tag-vous","generate-columns","tablet-grid-50","mobile-grid-100","grid-parent","grid-33"],"yoast_head":"<!-- This site is optimized with the Yoast SEO plugin v24.0 - https:\/\/yoast.com\/wordpress\/plugins\/seo\/ -->\n<title>Comment vous assurer que Instagram ne partage pas votre emplacement avec tous vos amis | Vie Associative<\/title>\n<meta name=\"robots\" content=\"index, follow, max-snippet:-1, max-image-preview:large, max-video-preview:-1\" \/>\n<link rel=\"canonical\" href=\"https:\/\/vieassociative.be\/actualites\/comment-vous-assurer-que-instagram-ne-partage-pas-votre-emplacement-avec-tous-vos-amis\/\" \/>\n<meta property=\"og:locale\" content=\"fr_FR\" \/>\n<meta property=\"og:type\" content=\"article\" \/>\n<meta property=\"og:title\" content=\"Comment vous assurer que Instagram ne partage pas votre emplacement avec tous vos amis | Vie Associative\" \/>\n<meta property=\"og:description\" content=\"Ce n&rsquo;est probablement pas aussi effrayant que vous le pensez, mais c&rsquo;est toujours effrayant. Cette semaine, Instagram a d\u00e9ploy\u00e9 sa nouvelle fonctionnalit\u00e9 \u00ab\u00a0Map\u00a0\u00bb, qui permet\" \/>\n<meta property=\"og:url\" content=\"https:\/\/vieassociative.be\/actualites\/comment-vous-assurer-que-instagram-ne-partage-pas-votre-emplacement-avec-tous-vos-amis\/\" \/>\n<meta property=\"og:site_name\" content=\"Vie Associative\" \/>\n<meta property=\"article:published_time\" content=\"2025-08-09T13:17:19+00:00\" \/>\n<meta property=\"og:image\" content=\"https:\/\/vieassociative.be\/actualites\/wp-content\/uploads\/2025\/08\/1754414314_422_Les-brins-du-NYT-daujourdhui-indiquent-et-repondent-pour-le.jpg\" \/>\n<meta name=\"author\" content=\"Julien\" \/>\n<meta name=\"twitter:card\" content=\"summary_large_image\" \/>\n<meta name=\"twitter:label1\" content=\"\u00c9crit par\" \/>\n\t<meta name=\"twitter:data1\" content=\"Julien\" \/>\n\t<meta name=\"twitter:label2\" content=\"Dur\u00e9e de lecture est.\" \/>\n\t<meta name=\"twitter:data2\" content=\"5 minutes\" \/>\n<script type=\"application\/ld+json\" class=\"yoast-schema-graph\">{\"@context\":\"https:\/\/schema.org\",\"@graph\":[{\"@type\":\"Article\",\"@id\":\"https:\/\/vieassociative.be\/actualites\/comment-vous-assurer-que-instagram-ne-partage-pas-votre-emplacement-avec-tous-vos-amis\/#article\",\"isPartOf\":{\"@id\":\"https:\/\/vieassociative.be\/actualites\/comment-vous-assurer-que-instagram-ne-partage-pas-votre-emplacement-avec-tous-vos-amis\/\"},\"author\":{\"name\":\"Julien\",\"@id\":\"https:\/\/vieassociative.be\/actualites\/#\/schema\/person\/b87ac4f82f9d4e7b7cec7395b679edc4\"},\"headline\":\"Comment vous assurer que Instagram ne partage pas votre emplacement avec tous vos amis\",\"datePublished\":\"2025-08-09T13:17:19+00:00\",\"dateModified\":\"2025-08-09T13:17:19+00:00\",\"mainEntityOfPage\":{\"@id\":\"https:\/\/vieassociative.be\/actualites\/comment-vous-assurer-que-instagram-ne-partage-pas-votre-emplacement-avec-tous-vos-amis\/\"},\"wordCount\":1156,\"publisher\":{\"@id\":\"https:\/\/vieassociative.be\/actualites\/#organization\"},\"image\":{\"@id\":\"https:\/\/vieassociative.be\/actualites\/comment-vous-assurer-que-instagram-ne-partage-pas-votre-emplacement-avec-tous-vos-amis\/#primaryimage\"},\"thumbnailUrl\":\"https:\/\/vieassociative.be\/actualites\/wp-content\/uploads\/2025\/08\/Comment-vous-assurer-que-Instagram-ne-partage-pas-votre-emplacement.webp.webp\",\"keywords\":[\"amis\",\"assurer\",\"avec\",\"Comment\",\"emplacement\",\"Instagram\",\"partag\u00e9\",\"pas\",\"tous\",\"vos\",\"votre\",\"Vous\"],\"articleSection\":[\"Technologie\"],\"inLanguage\":\"fr-BE\"},{\"@type\":\"WebPage\",\"@id\":\"https:\/\/vieassociative.be\/actualites\/comment-vous-assurer-que-instagram-ne-partage-pas-votre-emplacement-avec-tous-vos-amis\/\",\"url\":\"https:\/\/vieassociative.be\/actualites\/comment-vous-assurer-que-instagram-ne-partage-pas-votre-emplacement-avec-tous-vos-amis\/\",\"name\":\"Comment vous assurer que Instagram ne partage pas votre emplacement avec tous vos amis | Vie Associative\",\"isPartOf\":{\"@id\":\"https:\/\/vieassociative.be\/actualites\/#website\"},\"primaryImageOfPage\":{\"@id\":\"https:\/\/vieassociative.be\/actualites\/comment-vous-assurer-que-instagram-ne-partage-pas-votre-emplacement-avec-tous-vos-amis\/#primaryimage\"},\"image\":{\"@id\":\"https:\/\/vieassociative.be\/actualites\/comment-vous-assurer-que-instagram-ne-partage-pas-votre-emplacement-avec-tous-vos-amis\/#primaryimage\"},\"thumbnailUrl\":\"https:\/\/vieassociative.be\/actualites\/wp-content\/uploads\/2025\/08\/Comment-vous-assurer-que-Instagram-ne-partage-pas-votre-emplacement.webp.webp\",\"datePublished\":\"2025-08-09T13:17:19+00:00\",\"dateModified\":\"2025-08-09T13:17:19+00:00\",\"breadcrumb\":{\"@id\":\"https:\/\/vieassociative.be\/actualites\/comment-vous-assurer-que-instagram-ne-partage-pas-votre-emplacement-avec-tous-vos-amis\/#breadcrumb\"},\"inLanguage\":\"fr-BE\",\"potentialAction\":[{\"@type\":\"ReadAction\",\"target\":[\"https:\/\/vieassociative.be\/actualites\/comment-vous-assurer-que-instagram-ne-partage-pas-votre-emplacement-avec-tous-vos-amis\/\"]}]},{\"@type\":\"ImageObject\",\"inLanguage\":\"fr-BE\",\"@id\":\"https:\/\/vieassociative.be\/actualites\/comment-vous-assurer-que-instagram-ne-partage-pas-votre-emplacement-avec-tous-vos-amis\/#primaryimage\",\"url\":\"https:\/\/vieassociative.be\/actualites\/wp-content\/uploads\/2025\/08\/Comment-vous-assurer-que-Instagram-ne-partage-pas-votre-emplacement.webp.webp\",\"contentUrl\":\"https:\/\/vieassociative.be\/actualites\/wp-content\/uploads\/2025\/08\/Comment-vous-assurer-que-Instagram-ne-partage-pas-votre-emplacement.webp.webp\",\"width\":1200,\"height\":675,\"caption\":\"Comment vous assurer que Instagram ne partage pas votre emplacement avec tous vos amis\"},{\"@type\":\"BreadcrumbList\",\"@id\":\"https:\/\/vieassociative.be\/actualites\/comment-vous-assurer-que-instagram-ne-partage-pas-votre-emplacement-avec-tous-vos-amis\/#breadcrumb\",\"itemListElement\":[{\"@type\":\"ListItem\",\"position\":1,\"name\":\"Accueil\",\"item\":\"https:\/\/vieassociative.be\/actualites\/\"},{\"@type\":\"ListItem\",\"position\":2,\"name\":\"Comment vous assurer que Instagram ne partage pas votre emplacement avec tous vos amis\"}]},{\"@type\":\"WebSite\",\"@id\":\"https:\/\/vieassociative.be\/actualites\/#website\",\"url\":\"https:\/\/vieassociative.be\/actualites\/\",\"name\":\"Vie Associative\",\"description\":\"\",\"publisher\":{\"@id\":\"https:\/\/vieassociative.be\/actualites\/#organization\"},\"potentialAction\":[{\"@type\":\"SearchAction\",\"target\":{\"@type\":\"EntryPoint\",\"urlTemplate\":\"https:\/\/vieassociative.be\/actualites\/?s={search_term_string}\"},\"query-input\":{\"@type\":\"PropertyValueSpecification\",\"valueRequired\":true,\"valueName\":\"search_term_string\"}}],\"inLanguage\":\"fr-BE\"},{\"@type\":\"Organization\",\"@id\":\"https:\/\/vieassociative.be\/actualites\/#organization\",\"name\":\"Vie Associative\",\"url\":\"https:\/\/vieassociative.be\/actualites\/\",\"logo\":{\"@type\":\"ImageObject\",\"inLanguage\":\"fr-BE\",\"@id\":\"https:\/\/vieassociative.be\/actualites\/#\/schema\/logo\/image\/\",\"url\":\"https:\/\/vieassociative.be\/actualites\/wp-content\/uploads\/2024\/09\/cropped-vieassociative_favicon.ico.png\",\"contentUrl\":\"https:\/\/vieassociative.be\/actualites\/wp-content\/uploads\/2024\/09\/cropped-vieassociative_favicon.ico.png\",\"width\":512,\"height\":512,\"caption\":\"Vie Associative\"},\"image\":{\"@id\":\"https:\/\/vieassociative.be\/actualites\/#\/schema\/logo\/image\/\"}},{\"@type\":\"Person\",\"@id\":\"https:\/\/vieassociative.be\/actualites\/#\/schema\/person\/b87ac4f82f9d4e7b7cec7395b679edc4\",\"name\":\"Julien\",\"image\":{\"@type\":\"ImageObject\",\"inLanguage\":\"fr-BE\",\"@id\":\"https:\/\/vieassociative.be\/actualites\/#\/schema\/person\/image\/\",\"url\":\"https:\/\/vieassociative.be\/actualites\/wp-content\/uploads\/2024\/09\/vie-associative-1-150x150.jpg\",\"contentUrl\":\"https:\/\/vieassociative.be\/actualites\/wp-content\/uploads\/2024\/09\/vie-associative-1-150x150.jpg\",\"caption\":\"Julien\"},\"description\":\"Je suis Julien, r\u00e9dacteur pour Vie Associative. Passionn\u00e9 par le monde associatif depuis plus de 10 ans, j'ai \u00e0 c\u0153ur de partager des histoires inspirantes et de mettre en lumi\u00e8re les initiatives locales. Mon objectif est de sensibiliser et d'encourager l'engagement communautaire \u00e0 travers mes articles.\",\"sameAs\":[\"https:\/\/vieassociative.be\/\"]}]}<\/script>\n<!-- \/ Yoast SEO plugin. -->","yoast_head_json":{"title":"Comment vous assurer que Instagram ne partage pas votre emplacement avec tous vos amis | Vie Associative","robots":{"index":"index","follow":"follow","max-snippet":"max-snippet:-1","max-image-preview":"max-image-preview:large","max-video-preview":"max-video-preview:-1"},"canonical":"https:\/\/vieassociative.be\/actualites\/comment-vous-assurer-que-instagram-ne-partage-pas-votre-emplacement-avec-tous-vos-amis\/","og_locale":"fr_FR","og_type":"article","og_title":"Comment vous assurer que Instagram ne partage pas votre emplacement avec tous vos amis | Vie Associative","og_description":"Ce n&rsquo;est probablement pas aussi effrayant que vous le pensez, mais c&rsquo;est toujours effrayant. Cette semaine, Instagram a d\u00e9ploy\u00e9 sa nouvelle fonctionnalit\u00e9 \u00ab\u00a0Map\u00a0\u00bb, qui permet","og_url":"https:\/\/vieassociative.be\/actualites\/comment-vous-assurer-que-instagram-ne-partage-pas-votre-emplacement-avec-tous-vos-amis\/","og_site_name":"Vie Associative","article_published_time":"2025-08-09T13:17:19+00:00","og_image":[{"url":"https:\/\/vieassociative.be\/actualites\/wp-content\/uploads\/2025\/08\/1754414314_422_Les-brins-du-NYT-daujourdhui-indiquent-et-repondent-pour-le.jpg","type":"","width":"","height":""}],"author":"Julien","twitter_card":"summary_large_image","twitter_misc":{"\u00c9crit par":"Julien","Dur\u00e9e de lecture est.":"5 minutes"},"schema":{"@context":"https:\/\/schema.org","@graph":[{"@type":"Article","@id":"https:\/\/vieassociative.be\/actualites\/comment-vous-assurer-que-instagram-ne-partage-pas-votre-emplacement-avec-tous-vos-amis\/#article","isPartOf":{"@id":"https:\/\/vieassociative.be\/actualites\/comment-vous-assurer-que-instagram-ne-partage-pas-votre-emplacement-avec-tous-vos-amis\/"},"author":{"name":"Julien","@id":"https:\/\/vieassociative.be\/actualites\/#\/schema\/person\/b87ac4f82f9d4e7b7cec7395b679edc4"},"headline":"Comment vous assurer que Instagram ne partage pas votre emplacement avec tous vos amis","datePublished":"2025-08-09T13:17:19+00:00","dateModified":"2025-08-09T13:17:19+00:00","mainEntityOfPage":{"@id":"https:\/\/vieassociative.be\/actualites\/comment-vous-assurer-que-instagram-ne-partage-pas-votre-emplacement-avec-tous-vos-amis\/"},"wordCount":1156,"publisher":{"@id":"https:\/\/vieassociative.be\/actualites\/#organization"},"image":{"@id":"https:\/\/vieassociative.be\/actualites\/comment-vous-assurer-que-instagram-ne-partage-pas-votre-emplacement-avec-tous-vos-amis\/#primaryimage"},"thumbnailUrl":"https:\/\/vieassociative.be\/actualites\/wp-content\/uploads\/2025\/08\/Comment-vous-assurer-que-Instagram-ne-partage-pas-votre-emplacement.webp.webp","keywords":["amis","assurer","avec","Comment","emplacement","Instagram","partag\u00e9","pas","tous","vos","votre","Vous"],"articleSection":["Technologie"],"inLanguage":"fr-BE"},{"@type":"WebPage","@id":"https:\/\/vieassociative.be\/actualites\/comment-vous-assurer-que-instagram-ne-partage-pas-votre-emplacement-avec-tous-vos-amis\/","url":"https:\/\/vieassociative.be\/actualites\/comment-vous-assurer-que-instagram-ne-partage-pas-votre-emplacement-avec-tous-vos-amis\/","name":"Comment vous assurer que Instagram ne partage pas votre emplacement avec tous vos amis | Vie Associative","isPartOf":{"@id":"https:\/\/vieassociative.be\/actualites\/#website"},"primaryImageOfPage":{"@id":"https:\/\/vieassociative.be\/actualites\/comment-vous-assurer-que-instagram-ne-partage-pas-votre-emplacement-avec-tous-vos-amis\/#primaryimage"},"image":{"@id":"https:\/\/vieassociative.be\/actualites\/comment-vous-assurer-que-instagram-ne-partage-pas-votre-emplacement-avec-tous-vos-amis\/#primaryimage"},"thumbnailUrl":"https:\/\/vieassociative.be\/actualites\/wp-content\/uploads\/2025\/08\/Comment-vous-assurer-que-Instagram-ne-partage-pas-votre-emplacement.webp.webp","datePublished":"2025-08-09T13:17:19+00:00","dateModified":"2025-08-09T13:17:19+00:00","breadcrumb":{"@id":"https:\/\/vieassociative.be\/actualites\/comment-vous-assurer-que-instagram-ne-partage-pas-votre-emplacement-avec-tous-vos-amis\/#breadcrumb"},"inLanguage":"fr-BE","potentialAction":[{"@type":"ReadAction","target":["https:\/\/vieassociative.be\/actualites\/comment-vous-assurer-que-instagram-ne-partage-pas-votre-emplacement-avec-tous-vos-amis\/"]}]},{"@type":"ImageObject","inLanguage":"fr-BE","@id":"https:\/\/vieassociative.be\/actualites\/comment-vous-assurer-que-instagram-ne-partage-pas-votre-emplacement-avec-tous-vos-amis\/#primaryimage","url":"https:\/\/vieassociative.be\/actualites\/wp-content\/uploads\/2025\/08\/Comment-vous-assurer-que-Instagram-ne-partage-pas-votre-emplacement.webp.webp","contentUrl":"https:\/\/vieassociative.be\/actualites\/wp-content\/uploads\/2025\/08\/Comment-vous-assurer-que-Instagram-ne-partage-pas-votre-emplacement.webp.webp","width":1200,"height":675,"caption":"Comment vous assurer que Instagram ne partage pas votre emplacement avec tous vos amis"},{"@type":"BreadcrumbList","@id":"https:\/\/vieassociative.be\/actualites\/comment-vous-assurer-que-instagram-ne-partage-pas-votre-emplacement-avec-tous-vos-amis\/#breadcrumb","itemListElement":[{"@type":"ListItem","position":1,"name":"Accueil","item":"https:\/\/vieassociative.be\/actualites\/"},{"@type":"ListItem","position":2,"name":"Comment vous assurer que Instagram ne partage pas votre emplacement avec tous vos amis"}]},{"@type":"WebSite","@id":"https:\/\/vieassociative.be\/actualites\/#website","url":"https:\/\/vieassociative.be\/actualites\/","name":"Vie Associative","description":"","publisher":{"@id":"https:\/\/vieassociative.be\/actualites\/#organization"},"potentialAction":[{"@type":"SearchAction","target":{"@type":"EntryPoint","urlTemplate":"https:\/\/vieassociative.be\/actualites\/?s={search_term_string}"},"query-input":{"@type":"PropertyValueSpecification","valueRequired":true,"valueName":"search_term_string"}}],"inLanguage":"fr-BE"},{"@type":"Organization","@id":"https:\/\/vieassociative.be\/actualites\/#organization","name":"Vie Associative","url":"https:\/\/vieassociative.be\/actualites\/","logo":{"@type":"ImageObject","inLanguage":"fr-BE","@id":"https:\/\/vieassociative.be\/actualites\/#\/schema\/logo\/image\/","url":"https:\/\/vieassociative.be\/actualites\/wp-content\/uploads\/2024\/09\/cropped-vieassociative_favicon.ico.png","contentUrl":"https:\/\/vieassociative.be\/actualites\/wp-content\/uploads\/2024\/09\/cropped-vieassociative_favicon.ico.png","width":512,"height":512,"caption":"Vie Associative"},"image":{"@id":"https:\/\/vieassociative.be\/actualites\/#\/schema\/logo\/image\/"}},{"@type":"Person","@id":"https:\/\/vieassociative.be\/actualites\/#\/schema\/person\/b87ac4f82f9d4e7b7cec7395b679edc4","name":"Julien","image":{"@type":"ImageObject","inLanguage":"fr-BE","@id":"https:\/\/vieassociative.be\/actualites\/#\/schema\/person\/image\/","url":"https:\/\/vieassociative.be\/actualites\/wp-content\/uploads\/2024\/09\/vie-associative-1-150x150.jpg","contentUrl":"https:\/\/vieassociative.be\/actualites\/wp-content\/uploads\/2024\/09\/vie-associative-1-150x150.jpg","caption":"Julien"},"description":"Je suis Julien, r\u00e9dacteur pour Vie Associative. Passionn\u00e9 par le monde associatif depuis plus de 10 ans, j'ai \u00e0 c\u0153ur de partager des histoires inspirantes et de mettre en lumi\u00e8re les initiatives locales. Mon objectif est de sensibiliser et d'encourager l'engagement communautaire \u00e0 travers mes articles.","sameAs":["https:\/\/vieassociative.be\/"]}]}},"_links":{"self":[{"href":"https:\/\/vieassociative.be\/actualites\/wp-json\/wp\/v2\/posts\/9306"}],"collection":[{"href":"https:\/\/vieassociative.be\/actualites\/wp-json\/wp\/v2\/posts"}],"about":[{"href":"https:\/\/vieassociative.be\/actualites\/wp-json\/wp\/v2\/types\/post"}],"author":[{"embeddable":true,"href":"https:\/\/vieassociative.be\/actualites\/wp-json\/wp\/v2\/users\/1"}],"replies":[{"embeddable":true,"href":"https:\/\/vieassociative.be\/actualites\/wp-json\/wp\/v2\/comments?post=9306"}],"version-history":[{"count":0,"href":"https:\/\/vieassociative.be\/actualites\/wp-json\/wp\/v2\/posts\/9306\/revisions"}],"wp:featuredmedia":[{"embeddable":true,"href":"https:\/\/vieassociative.be\/actualites\/wp-json\/wp\/v2\/media\/9307"}],"wp:attachment":[{"href":"https:\/\/vieassociative.be\/actualites\/wp-json\/wp\/v2\/media?parent=9306"}],"wp:term":[{"taxonomy":"category","embeddable":true,"href":"https:\/\/vieassociative.be\/actualites\/wp-json\/wp\/v2\/categories?post=9306"},{"taxonomy":"post_tag","embeddable":true,"href":"https:\/\/vieassociative.be\/actualites\/wp-json\/wp\/v2\/tags?post=9306"}],"curies":[{"name":"wp","href":"https:\/\/api.w.org\/{rel}","templated":true}]}}