{"id":9302,"date":"2025-08-09T09:17:10","date_gmt":"2025-08-09T07:17:10","guid":{"rendered":"https:\/\/vieassociative.be\/actualites\/le-deploiement-dopenai-de-gpt-5-va-terriblement\/"},"modified":"2025-08-09T09:17:10","modified_gmt":"2025-08-09T07:17:10","slug":"le-deploiement-dopenai-de-gpt-5-va-terriblement","status":"publish","type":"post","link":"https:\/\/vieassociative.be\/actualites\/le-deploiement-dopenai-de-gpt-5-va-terriblement\/","title":{"rendered":"Le d\u00e9ploiement d&rsquo;Openai de GPT-5 va terriblement"},"content":{"rendered":"<div class=\"mt-4 leading-6 md:mb-8\">Le dernier mod\u00e8le d&rsquo;Openai est \u00e0 l&rsquo;origine du tumulte.<\/div>\n<p><\/p>\n<p>Jeudi, Openai a officiellement r\u00e9v\u00e9l\u00e9 GPT-5 au monde. La pr\u00e9sentation tr\u00e8s m\u00e9diatis\u00e9e \u00e9tait clairsem\u00e9e sur de nombreux rep\u00e8res sp\u00e9cifiques comparant GPT-5 \u00e0 ses mod\u00e8les ant\u00e9rieurs, mais le personnel d&rsquo;Openai \u00e9tait cat\u00e9gorique: ce mod\u00e8le est le meilleur, le plus comp\u00e9tent et le plus puissant \u00e0 ce jour.<\/p>\n<h2 id=\"gpt-5-has-its-haters\">GPT-5 a ses ennemis<\/h2>\n<p>De nombreux utilisateurs qui ont test\u00e9 la conduite du GPT-5 au cours des 24 heures qui ont suivi, cependant, en d\u00e9saccord. Une visite \u00e0 R \/ Chatgpt est suffisante pour voir la port\u00e9e de la situation: la premi\u00e8re page est pleine de messages se plaignant de l&rsquo;\u00e9tat actuel du mod\u00e8le, notamment: \u00ab\u00a0GPT-5 est le plus grand (pi\u00e8ce) des d\u00e9chets m\u00eame en tant qu&rsquo;utilisateur payant\u00a0\u00bb, \u00ab\u00a0\u00a0\u00bb Openai vient de tirer le plus gros app\u00e2t et de chronom\u00e9trage de l&rsquo;histoire de l&rsquo;AI et je suis termin\u00e9 \u00ab\u00a0et\u00a0\u00bb ChatGPT-5 est un d\u00e9sir non \u00e9mis \u00ab\u00a0\u00a0\u00bb \u00ab\u00a0.<\/p>\n<p>L&rsquo;une des plaintes les plus importantes concerne la d\u00e9cision d&rsquo;Openai de d\u00e9pr\u00e9cier les mod\u00e8les pr\u00e9c\u00e9dents, ce que la soci\u00e9t\u00e9 a annonc\u00e9 sans c\u00e9r\u00e9monie lors de la pr\u00e9sentation GPT-5. GPT-4O, O3, 4,5 et autres mod\u00e8les ne sont plus disponibles \u00e0 utiliser. \u00c0 l&rsquo;avenir, les utilisateurs n&rsquo;auront acc\u00e8s qu&rsquo;\u00e0 GPT-5 et \u00e0 ses mod\u00e8les ult\u00e9rieurs (par exemple GPT-5 Mini). De nombreux utilisateurs sont contrari\u00e9s qu&rsquo;Openai ait emport\u00e9 les mod\u00e8les pr\u00e9c\u00e9dents du jour au lendemain sans avertissement, surtout lorsqu&rsquo;ils estiment que le remplacement n&rsquo;offre pas la m\u00eame exp\u00e9rience. Certains ont m\u00eame annul\u00e9 leurs abonnements en cons\u00e9quence.<\/p>\n<div class=\"mx-auto mb-12 mt-5 w-full max-w-3xl rounded-md border-2 border-gray-100 p-3 shadow-md md:px-7 md:pb-7 md:pt-5\" id=\"related-video\">\n<div class=\"mb-3 flex items-center md:mb-5\">\n        <img decoding=\"async\" class=\"mr-4 mt-0 h-10 w-10 md:mr-5 md:h-12 md:w-12\" src=\"https:\/\/vieassociative.be\/actualites\/wp-content\/uploads\/2025\/08\/1754414314_422_Les-brins-du-NYT-daujourdhui-indiquent-et-repondent-pour-le.jpg\" alt=\"Logo Lifehacker\"><\/p><\/div>\n<div class=\"aspect-video w-full overflow-hidden rounded-md\">\n<div id=\"video-container-01K26TS1A47VX9H53JPC77S4KX\"><\/div>\n<\/p><\/div>\n<\/div>\n<p>Je sais que les gens utilisent le chatppt pour la th\u00e9rapie, et je suis conscient que les gens ont form\u00e9 des attachements profonds \u00e0 la technologie, mais j&rsquo;avoue que j&rsquo;ai \u00e9t\u00e9 un peu choqu\u00e9 de lire certaines des r\u00e9actions \u00e9motionnelles \u00e0 perdre l&rsquo;acc\u00e8s \u00e0 ces mod\u00e8les. Dans un article, un utilisateur a d\u00e9taill\u00e9 comment il s&rsquo;appuyait sur des mod\u00e8les individuels pour diff\u00e9rentes t\u00e2ches: il utiliserait 4O pour des id\u00e9es cr\u00e9atives, O3 pour les probl\u00e8mes logiques, O3-Pro pour la recherche approfondie et 4.5 pour les t\u00e2ches li\u00e9es \u00e0 l&rsquo;\u00e9criture. Un autre utilisateur a parl\u00e9 de la fa\u00e7on dont il a utilis\u00e9 4O pour aider \u00e0 son anxi\u00e9t\u00e9 et \u00e0 sa d\u00e9pression, car, \u00e0 son avis, le mod\u00e8le se sentait \u00abhumain\u00bb. Ils croient que les gens pleurent la perte de 4O, qui suit, du moins avec d&rsquo;autres postes sp\u00e9cifiques \u00e0 4o. Il y a des gens qui <em>vraiment<\/em> comme ces mod\u00e8les, et sont <em>\u00e9perdu <\/em>apr\u00e8s leur retrait.<\/p>\n<p>Mais au-del\u00e0 du deuil, certains utilisateurs pensent que GPT-5 n&rsquo;est pas tr\u00e8s bon. Si vous demandez au mod\u00e8le combien de fois la lettre \u00ab\u00a0B\u00a0\u00bb se produit dans le mot \u00ab\u00a0bleuet\u00a0\u00bb, il aurait dit \u00ab\u00a0trois\u00a0\u00bb: une fois au d\u00e9but, une fois dans le mot \u00ab\u00a0bleu\u00a0\u00bb et une fois dans \u00ab\u00a0Berry\u00a0\u00bb. Ce n&rsquo;est pas n\u00e9cessairement un nouveau probl\u00e8me &#8211; les llms ont \u00e9galement eu du mal \u00e0 \u00e9peler \u00ab\u00a0la fraise\u00a0\u00bb &#8211; mais ce n&rsquo;est pas un excellent look pour le \u00ab\u00a0meilleur\u00a0\u00bb mod\u00e8le d&rsquo;Openai de tous les temps. Un utilisateur X a mis en \u00e9vidence un exemple de l&rsquo;incapacit\u00e9 de GPT-5 \u00e0 r\u00e9soudre une \u00ab\u00a0\u00e9quation lin\u00e9aire simple\u00a0\u00bb, par rapport \u00e0 la capacit\u00e9 de Google Gemini 2.5 \u00e0 le r\u00e9soudre sans probl\u00e8me, tandis que cet utilisateur a affich\u00e9 la g\u00e9n\u00e9ration de GPT-5 d&rsquo;une carte des \u00c9tats-Unis, avec la plupart des \u00c9tats \u00e9tiquet\u00e9s avec des beaux-partis. <\/p>\n<p>Certains utilisateurs ont taquin\u00e9 Openai sur ses vagues donn\u00e9es d&rsquo;analyse comparative. <a rel=\"nofollow noopener\" href=\"https:\/\/www.twitter.com\/RhysSullivan\/status\/1953503376119148679\" target=\"_blank\" title=\"open in a new window\">Rhys sur x<\/a> Sarcastiquement publi\u00e9 \u00ab\u00a0Ces num\u00e9ros GPT-5 sont fous\u00a0\u00bb, et ont joint un graphique qui a trac\u00e9 chaque version GPT par num\u00e9ro (GPT-1 atterrit \u00e0 \u00ab\u00a01\u00a0\u00bb sur l&rsquo;axe Y, GPT-2 \u00e0 \u00ab\u00a02\u00a0\u00bb, et ainsi de suite jusqu&rsquo;\u00e0 ce que vous atteigniez GPT-5 \u00e0 \u00ab\u00a05.\u00a0\u00bb.<\/p>\n<blockquote class=\"twitterEmbed twitter-tweet\"><p>\n    <a rel=\"nofollow noopener\" class=\"text-gray-600\" href=\"https:\/\/twitter.com\/RhysSullivan\/status\/1953503376119148679\" title=\"open in a new window\" target=\"_blank\"><\/p>\n<p>        Ce tweet n&rsquo;est actuellement pas disponible. Il peut \u00eatre charg\u00e9 ou a \u00e9t\u00e9 supprim\u00e9.<br \/>\n    <\/a>\n<\/p><\/blockquote>\n<p>Il y a aussi des critiques sur le commutation automatique, l&rsquo;une des caract\u00e9ristiques principales de GPT-5. Les utilisateurs gratuits et plus Chatgpt ne sont pas en mesure de choisir le mod\u00e8le sp\u00e9cifique, mais \u00e0 la vue d&rsquo;Openai, c&rsquo;est une bonne chose. Le GPT-5 est cens\u00e9 \u00eatre suffisamment intelligent pour choisir le bon mod\u00e8le pour vous en fonction de votre requ\u00eate: les questions simples utilisent des mod\u00e8les plus faibles, tandis que les demandes plus complexes utilisent les mod\u00e8les les plus puissants. Mais si Openai est si s\u00fbr que c&rsquo;est une bonne chose, pourquoi offre-t-il toujours la possibilit\u00e9 de changer manuellement de mod\u00e8les, tant que vous payez 200 $ par mois pour un plan professionnel?   <\/p>\n<p>Tout le monde n&rsquo;est pas d&rsquo;accord que GPT-5 est mauvais, attention. Il y a des utilisateurs qui semblent appr\u00e9cier le mod\u00e8le, appr\u00e9ciant les r\u00e9ponses concises et les performances rapides. Mais la majorit\u00e9 du discours que je vois sur les r\u00e9seaux sociaux et les forums est neutre \u00e0 n\u00e9gatif. <a rel=\"nofollow noopener\" href=\"https:\/\/www.twitter.com\/vasumanmoza\/status\/1953531950137815374\" target=\"_blank\" title=\"open in a new window\">M\u00eame les messages<\/a> Cela semble d&rsquo;abord positif finir par critiquer le mod\u00e8le:<\/p>\n<blockquote class=\"twitterEmbed twitter-tweet\"><p>\n    <a rel=\"nofollow noopener\" class=\"text-gray-600\" href=\"https:\/\/twitter.com\/vasumanmoza\/status\/1953531950137815374\" title=\"open in a new window\" target=\"_blank\"><\/p>\n<p>        Ce tweet n&rsquo;est actuellement pas disponible. Il peut \u00eatre charg\u00e9 ou a \u00e9t\u00e9 supprim\u00e9.<br \/>\n    <\/a>\n<\/p><\/blockquote>\n<h2 id=\"4o-lives-on-for-now\">4o vit, pour l&rsquo;instant<\/h2>\n<p>Depuis le d\u00e9but de cette pi\u00e8ce, Openai a r\u00e9pondu au contrecoup. Le PDG Sam Altman a publi\u00e9 une s\u00e9rie de mises \u00e0 jour sur X qui semblent revenir un peu en arri\u00e8re sur les d\u00e9cisions que les utilisateurs ont critiqu\u00e9es: les limites de taux doubleront pour les utilisateurs de ChatGpt Plus pour l&rsquo;instant; Le GPT-5 devrait sembler plus intelligent \u00e0 partir d&rsquo;aujourd&rsquo;hui; Il sera facile de voir quel mod\u00e8le r\u00e9pond \u00e0 une requ\u00eate donn\u00e9e; Et le choix manuellement du mod\u00e8le de r\u00e9flexion sera plus simple. Altman a \u00e9galement reconnu que le d\u00e9ploiement initial va plus lent que pr\u00e9vu, ce qui est logique car je n&rsquo;ai toujours pas acc\u00e8s au nouveau mod\u00e8le.<\/p>\n<p>Mais la plus grande annonce du groupe devrait \u00eatre une nouvelle bienvenue pour de nombreux utilisateurs: 4O est de retour, du moins pour les utilisateurs plus. Si vous payez 20 $ par mois pour Chatgpt, vous pouvez continuer \u00e0 utiliser 4O pour le moment. Altman dit que l&rsquo;entreprise regarde l&rsquo;utilisation et prendra une d\u00e9cision sur la dur\u00e9e pour les mod\u00e8les h\u00e9rit\u00e9s \u00e0 l&rsquo;avenir.<\/p>\n<p>Je suis curieux de savoir comment les utilisateurs r\u00e9agissent \u00e0 l&rsquo;avenir: ceux qui ont annul\u00e9 la r\u00e9ussite pour continuer \u00e0 utiliser 4O? L\u00e0 encore, pourquoi s&#8217;emb\u00eater, si Openai pr\u00e9voit de retirer \u00e0 nouveau ce mod\u00e8le dans le futur? Une chose est s\u00fbre: ce n&rsquo;est probablement pas la fa\u00e7on dont Openai s&rsquo;attendait \u00e0 ce que le d\u00e9ploiement de GPT-5 se d\u00e9roule.  <\/p>\n<p><em>Divulgation: Ziff Davis, la soci\u00e9t\u00e9 m\u00e8re de Vie Associative, en avril, a d\u00e9pos\u00e9 une plainte contre Openai, all\u00e9guant qu&rsquo;elle a enfreint Ziff Davis Copyrights dans la formation et l&rsquo;exploitation de ses syst\u00e8mes d&rsquo;IA.<\/em><\/p>\n<p><script async src=\"https:\/\/platform.twitter.com\/widgets.js\" charset=\"utf-8\"><\/script><\/p>\n","protected":false},"excerpt":{"rendered":"<p>Le dernier mod\u00e8le d&rsquo;Openai est \u00e0 l&rsquo;origine du tumulte. Jeudi, Openai a officiellement r\u00e9v\u00e9l\u00e9 GPT-5 au monde. La pr\u00e9sentation tr\u00e8s m\u00e9diatis\u00e9e \u00e9tait clairsem\u00e9e sur de<\/p>\n","protected":false},"author":1,"featured_media":9303,"comment_status":"","ping_status":"","sticky":false,"template":"","format":"standard","meta":{"footnotes":""},"categories":[13],"tags":[8110,3900,8111,8112],"class_list":["post-9302","post","type-post","status-publish","format-standard","has-post-thumbnail","hentry","category-technologie","tag-deploiement","tag-dopenai","tag-gpt5","tag-terriblement","generate-columns","tablet-grid-50","mobile-grid-100","grid-parent","grid-33"],"yoast_head":"<!-- This site is optimized with the Yoast SEO plugin v24.0 - https:\/\/yoast.com\/wordpress\/plugins\/seo\/ -->\n<title>Le d\u00e9ploiement d&#039;Openai de GPT-5 va terriblement | Vie Associative<\/title>\n<meta name=\"robots\" content=\"index, follow, max-snippet:-1, max-image-preview:large, max-video-preview:-1\" \/>\n<link rel=\"canonical\" href=\"https:\/\/vieassociative.be\/actualites\/le-deploiement-dopenai-de-gpt-5-va-terriblement\/\" \/>\n<meta property=\"og:locale\" content=\"fr_FR\" \/>\n<meta property=\"og:type\" content=\"article\" \/>\n<meta property=\"og:title\" content=\"Le d\u00e9ploiement d&#039;Openai de GPT-5 va terriblement | Vie Associative\" \/>\n<meta property=\"og:description\" content=\"Le dernier mod\u00e8le d&rsquo;Openai est \u00e0 l&rsquo;origine du tumulte. Jeudi, Openai a officiellement r\u00e9v\u00e9l\u00e9 GPT-5 au monde. La pr\u00e9sentation tr\u00e8s m\u00e9diatis\u00e9e \u00e9tait clairsem\u00e9e sur de\" \/>\n<meta property=\"og:url\" content=\"https:\/\/vieassociative.be\/actualites\/le-deploiement-dopenai-de-gpt-5-va-terriblement\/\" \/>\n<meta property=\"og:site_name\" content=\"Vie Associative\" \/>\n<meta property=\"article:published_time\" content=\"2025-08-09T07:17:10+00:00\" \/>\n<meta property=\"og:image\" content=\"https:\/\/vieassociative.be\/actualites\/wp-content\/uploads\/2025\/08\/1754414314_422_Les-brins-du-NYT-daujourdhui-indiquent-et-repondent-pour-le.jpg\" \/>\n<meta name=\"author\" content=\"Julien\" \/>\n<meta name=\"twitter:card\" content=\"summary_large_image\" \/>\n<meta name=\"twitter:label1\" content=\"\u00c9crit par\" \/>\n\t<meta name=\"twitter:data1\" content=\"Julien\" \/>\n\t<meta name=\"twitter:label2\" content=\"Dur\u00e9e de lecture est.\" \/>\n\t<meta name=\"twitter:data2\" content=\"6 minutes\" \/>\n<script type=\"application\/ld+json\" class=\"yoast-schema-graph\">{\"@context\":\"https:\/\/schema.org\",\"@graph\":[{\"@type\":\"Article\",\"@id\":\"https:\/\/vieassociative.be\/actualites\/le-deploiement-dopenai-de-gpt-5-va-terriblement\/#article\",\"isPartOf\":{\"@id\":\"https:\/\/vieassociative.be\/actualites\/le-deploiement-dopenai-de-gpt-5-va-terriblement\/\"},\"author\":{\"name\":\"Julien\",\"@id\":\"https:\/\/vieassociative.be\/actualites\/#\/schema\/person\/b87ac4f82f9d4e7b7cec7395b679edc4\"},\"headline\":\"Le d\u00e9ploiement d&rsquo;Openai de GPT-5 va terriblement\",\"datePublished\":\"2025-08-09T07:17:10+00:00\",\"dateModified\":\"2025-08-09T07:17:10+00:00\",\"mainEntityOfPage\":{\"@id\":\"https:\/\/vieassociative.be\/actualites\/le-deploiement-dopenai-de-gpt-5-va-terriblement\/\"},\"wordCount\":1220,\"publisher\":{\"@id\":\"https:\/\/vieassociative.be\/actualites\/#organization\"},\"image\":{\"@id\":\"https:\/\/vieassociative.be\/actualites\/le-deploiement-dopenai-de-gpt-5-va-terriblement\/#primaryimage\"},\"thumbnailUrl\":\"https:\/\/vieassociative.be\/actualites\/wp-content\/uploads\/2025\/08\/Le-deploiement-dOpenai-de-GPT-5-va-terriblement.jpg\",\"keywords\":[\"d\u00e9ploiement\",\"dOpenAI\",\"GPT5\",\"terriblement\"],\"articleSection\":[\"Technologie\"],\"inLanguage\":\"fr-BE\"},{\"@type\":\"WebPage\",\"@id\":\"https:\/\/vieassociative.be\/actualites\/le-deploiement-dopenai-de-gpt-5-va-terriblement\/\",\"url\":\"https:\/\/vieassociative.be\/actualites\/le-deploiement-dopenai-de-gpt-5-va-terriblement\/\",\"name\":\"Le d\u00e9ploiement d'Openai de GPT-5 va terriblement | Vie Associative\",\"isPartOf\":{\"@id\":\"https:\/\/vieassociative.be\/actualites\/#website\"},\"primaryImageOfPage\":{\"@id\":\"https:\/\/vieassociative.be\/actualites\/le-deploiement-dopenai-de-gpt-5-va-terriblement\/#primaryimage\"},\"image\":{\"@id\":\"https:\/\/vieassociative.be\/actualites\/le-deploiement-dopenai-de-gpt-5-va-terriblement\/#primaryimage\"},\"thumbnailUrl\":\"https:\/\/vieassociative.be\/actualites\/wp-content\/uploads\/2025\/08\/Le-deploiement-dOpenai-de-GPT-5-va-terriblement.jpg\",\"datePublished\":\"2025-08-09T07:17:10+00:00\",\"dateModified\":\"2025-08-09T07:17:10+00:00\",\"breadcrumb\":{\"@id\":\"https:\/\/vieassociative.be\/actualites\/le-deploiement-dopenai-de-gpt-5-va-terriblement\/#breadcrumb\"},\"inLanguage\":\"fr-BE\",\"potentialAction\":[{\"@type\":\"ReadAction\",\"target\":[\"https:\/\/vieassociative.be\/actualites\/le-deploiement-dopenai-de-gpt-5-va-terriblement\/\"]}]},{\"@type\":\"ImageObject\",\"inLanguage\":\"fr-BE\",\"@id\":\"https:\/\/vieassociative.be\/actualites\/le-deploiement-dopenai-de-gpt-5-va-terriblement\/#primaryimage\",\"url\":\"https:\/\/vieassociative.be\/actualites\/wp-content\/uploads\/2025\/08\/Le-deploiement-dOpenai-de-GPT-5-va-terriblement.jpg\",\"contentUrl\":\"https:\/\/vieassociative.be\/actualites\/wp-content\/uploads\/2025\/08\/Le-deploiement-dOpenai-de-GPT-5-va-terriblement.jpg\",\"width\":1200,\"height\":675,\"caption\":\"Le d\u00e9ploiement d'Openai de GPT-5 va terriblement\"},{\"@type\":\"BreadcrumbList\",\"@id\":\"https:\/\/vieassociative.be\/actualites\/le-deploiement-dopenai-de-gpt-5-va-terriblement\/#breadcrumb\",\"itemListElement\":[{\"@type\":\"ListItem\",\"position\":1,\"name\":\"Accueil\",\"item\":\"https:\/\/vieassociative.be\/actualites\/\"},{\"@type\":\"ListItem\",\"position\":2,\"name\":\"Le d\u00e9ploiement d&rsquo;Openai de GPT-5 va terriblement\"}]},{\"@type\":\"WebSite\",\"@id\":\"https:\/\/vieassociative.be\/actualites\/#website\",\"url\":\"https:\/\/vieassociative.be\/actualites\/\",\"name\":\"Vie Associative\",\"description\":\"\",\"publisher\":{\"@id\":\"https:\/\/vieassociative.be\/actualites\/#organization\"},\"potentialAction\":[{\"@type\":\"SearchAction\",\"target\":{\"@type\":\"EntryPoint\",\"urlTemplate\":\"https:\/\/vieassociative.be\/actualites\/?s={search_term_string}\"},\"query-input\":{\"@type\":\"PropertyValueSpecification\",\"valueRequired\":true,\"valueName\":\"search_term_string\"}}],\"inLanguage\":\"fr-BE\"},{\"@type\":\"Organization\",\"@id\":\"https:\/\/vieassociative.be\/actualites\/#organization\",\"name\":\"Vie Associative\",\"url\":\"https:\/\/vieassociative.be\/actualites\/\",\"logo\":{\"@type\":\"ImageObject\",\"inLanguage\":\"fr-BE\",\"@id\":\"https:\/\/vieassociative.be\/actualites\/#\/schema\/logo\/image\/\",\"url\":\"https:\/\/vieassociative.be\/actualites\/wp-content\/uploads\/2024\/09\/cropped-vieassociative_favicon.ico.png\",\"contentUrl\":\"https:\/\/vieassociative.be\/actualites\/wp-content\/uploads\/2024\/09\/cropped-vieassociative_favicon.ico.png\",\"width\":512,\"height\":512,\"caption\":\"Vie Associative\"},\"image\":{\"@id\":\"https:\/\/vieassociative.be\/actualites\/#\/schema\/logo\/image\/\"}},{\"@type\":\"Person\",\"@id\":\"https:\/\/vieassociative.be\/actualites\/#\/schema\/person\/b87ac4f82f9d4e7b7cec7395b679edc4\",\"name\":\"Julien\",\"image\":{\"@type\":\"ImageObject\",\"inLanguage\":\"fr-BE\",\"@id\":\"https:\/\/vieassociative.be\/actualites\/#\/schema\/person\/image\/\",\"url\":\"https:\/\/vieassociative.be\/actualites\/wp-content\/uploads\/2024\/09\/vie-associative-1-150x150.jpg\",\"contentUrl\":\"https:\/\/vieassociative.be\/actualites\/wp-content\/uploads\/2024\/09\/vie-associative-1-150x150.jpg\",\"caption\":\"Julien\"},\"description\":\"Je suis Julien, r\u00e9dacteur pour Vie Associative. Passionn\u00e9 par le monde associatif depuis plus de 10 ans, j'ai \u00e0 c\u0153ur de partager des histoires inspirantes et de mettre en lumi\u00e8re les initiatives locales. Mon objectif est de sensibiliser et d'encourager l'engagement communautaire \u00e0 travers mes articles.\",\"sameAs\":[\"https:\/\/vieassociative.be\/\"]}]}<\/script>\n<!-- \/ Yoast SEO plugin. -->","yoast_head_json":{"title":"Le d\u00e9ploiement d'Openai de GPT-5 va terriblement | Vie Associative","robots":{"index":"index","follow":"follow","max-snippet":"max-snippet:-1","max-image-preview":"max-image-preview:large","max-video-preview":"max-video-preview:-1"},"canonical":"https:\/\/vieassociative.be\/actualites\/le-deploiement-dopenai-de-gpt-5-va-terriblement\/","og_locale":"fr_FR","og_type":"article","og_title":"Le d\u00e9ploiement d'Openai de GPT-5 va terriblement | Vie Associative","og_description":"Le dernier mod\u00e8le d&rsquo;Openai est \u00e0 l&rsquo;origine du tumulte. Jeudi, Openai a officiellement r\u00e9v\u00e9l\u00e9 GPT-5 au monde. La pr\u00e9sentation tr\u00e8s m\u00e9diatis\u00e9e \u00e9tait clairsem\u00e9e sur de","og_url":"https:\/\/vieassociative.be\/actualites\/le-deploiement-dopenai-de-gpt-5-va-terriblement\/","og_site_name":"Vie Associative","article_published_time":"2025-08-09T07:17:10+00:00","og_image":[{"url":"https:\/\/vieassociative.be\/actualites\/wp-content\/uploads\/2025\/08\/1754414314_422_Les-brins-du-NYT-daujourdhui-indiquent-et-repondent-pour-le.jpg","type":"","width":"","height":""}],"author":"Julien","twitter_card":"summary_large_image","twitter_misc":{"\u00c9crit par":"Julien","Dur\u00e9e de lecture est.":"6 minutes"},"schema":{"@context":"https:\/\/schema.org","@graph":[{"@type":"Article","@id":"https:\/\/vieassociative.be\/actualites\/le-deploiement-dopenai-de-gpt-5-va-terriblement\/#article","isPartOf":{"@id":"https:\/\/vieassociative.be\/actualites\/le-deploiement-dopenai-de-gpt-5-va-terriblement\/"},"author":{"name":"Julien","@id":"https:\/\/vieassociative.be\/actualites\/#\/schema\/person\/b87ac4f82f9d4e7b7cec7395b679edc4"},"headline":"Le d\u00e9ploiement d&rsquo;Openai de GPT-5 va terriblement","datePublished":"2025-08-09T07:17:10+00:00","dateModified":"2025-08-09T07:17:10+00:00","mainEntityOfPage":{"@id":"https:\/\/vieassociative.be\/actualites\/le-deploiement-dopenai-de-gpt-5-va-terriblement\/"},"wordCount":1220,"publisher":{"@id":"https:\/\/vieassociative.be\/actualites\/#organization"},"image":{"@id":"https:\/\/vieassociative.be\/actualites\/le-deploiement-dopenai-de-gpt-5-va-terriblement\/#primaryimage"},"thumbnailUrl":"https:\/\/vieassociative.be\/actualites\/wp-content\/uploads\/2025\/08\/Le-deploiement-dOpenai-de-GPT-5-va-terriblement.jpg","keywords":["d\u00e9ploiement","dOpenAI","GPT5","terriblement"],"articleSection":["Technologie"],"inLanguage":"fr-BE"},{"@type":"WebPage","@id":"https:\/\/vieassociative.be\/actualites\/le-deploiement-dopenai-de-gpt-5-va-terriblement\/","url":"https:\/\/vieassociative.be\/actualites\/le-deploiement-dopenai-de-gpt-5-va-terriblement\/","name":"Le d\u00e9ploiement d'Openai de GPT-5 va terriblement | Vie Associative","isPartOf":{"@id":"https:\/\/vieassociative.be\/actualites\/#website"},"primaryImageOfPage":{"@id":"https:\/\/vieassociative.be\/actualites\/le-deploiement-dopenai-de-gpt-5-va-terriblement\/#primaryimage"},"image":{"@id":"https:\/\/vieassociative.be\/actualites\/le-deploiement-dopenai-de-gpt-5-va-terriblement\/#primaryimage"},"thumbnailUrl":"https:\/\/vieassociative.be\/actualites\/wp-content\/uploads\/2025\/08\/Le-deploiement-dOpenai-de-GPT-5-va-terriblement.jpg","datePublished":"2025-08-09T07:17:10+00:00","dateModified":"2025-08-09T07:17:10+00:00","breadcrumb":{"@id":"https:\/\/vieassociative.be\/actualites\/le-deploiement-dopenai-de-gpt-5-va-terriblement\/#breadcrumb"},"inLanguage":"fr-BE","potentialAction":[{"@type":"ReadAction","target":["https:\/\/vieassociative.be\/actualites\/le-deploiement-dopenai-de-gpt-5-va-terriblement\/"]}]},{"@type":"ImageObject","inLanguage":"fr-BE","@id":"https:\/\/vieassociative.be\/actualites\/le-deploiement-dopenai-de-gpt-5-va-terriblement\/#primaryimage","url":"https:\/\/vieassociative.be\/actualites\/wp-content\/uploads\/2025\/08\/Le-deploiement-dOpenai-de-GPT-5-va-terriblement.jpg","contentUrl":"https:\/\/vieassociative.be\/actualites\/wp-content\/uploads\/2025\/08\/Le-deploiement-dOpenai-de-GPT-5-va-terriblement.jpg","width":1200,"height":675,"caption":"Le d\u00e9ploiement d'Openai de GPT-5 va terriblement"},{"@type":"BreadcrumbList","@id":"https:\/\/vieassociative.be\/actualites\/le-deploiement-dopenai-de-gpt-5-va-terriblement\/#breadcrumb","itemListElement":[{"@type":"ListItem","position":1,"name":"Accueil","item":"https:\/\/vieassociative.be\/actualites\/"},{"@type":"ListItem","position":2,"name":"Le d\u00e9ploiement d&rsquo;Openai de GPT-5 va terriblement"}]},{"@type":"WebSite","@id":"https:\/\/vieassociative.be\/actualites\/#website","url":"https:\/\/vieassociative.be\/actualites\/","name":"Vie Associative","description":"","publisher":{"@id":"https:\/\/vieassociative.be\/actualites\/#organization"},"potentialAction":[{"@type":"SearchAction","target":{"@type":"EntryPoint","urlTemplate":"https:\/\/vieassociative.be\/actualites\/?s={search_term_string}"},"query-input":{"@type":"PropertyValueSpecification","valueRequired":true,"valueName":"search_term_string"}}],"inLanguage":"fr-BE"},{"@type":"Organization","@id":"https:\/\/vieassociative.be\/actualites\/#organization","name":"Vie Associative","url":"https:\/\/vieassociative.be\/actualites\/","logo":{"@type":"ImageObject","inLanguage":"fr-BE","@id":"https:\/\/vieassociative.be\/actualites\/#\/schema\/logo\/image\/","url":"https:\/\/vieassociative.be\/actualites\/wp-content\/uploads\/2024\/09\/cropped-vieassociative_favicon.ico.png","contentUrl":"https:\/\/vieassociative.be\/actualites\/wp-content\/uploads\/2024\/09\/cropped-vieassociative_favicon.ico.png","width":512,"height":512,"caption":"Vie Associative"},"image":{"@id":"https:\/\/vieassociative.be\/actualites\/#\/schema\/logo\/image\/"}},{"@type":"Person","@id":"https:\/\/vieassociative.be\/actualites\/#\/schema\/person\/b87ac4f82f9d4e7b7cec7395b679edc4","name":"Julien","image":{"@type":"ImageObject","inLanguage":"fr-BE","@id":"https:\/\/vieassociative.be\/actualites\/#\/schema\/person\/image\/","url":"https:\/\/vieassociative.be\/actualites\/wp-content\/uploads\/2024\/09\/vie-associative-1-150x150.jpg","contentUrl":"https:\/\/vieassociative.be\/actualites\/wp-content\/uploads\/2024\/09\/vie-associative-1-150x150.jpg","caption":"Julien"},"description":"Je suis Julien, r\u00e9dacteur pour Vie Associative. Passionn\u00e9 par le monde associatif depuis plus de 10 ans, j'ai \u00e0 c\u0153ur de partager des histoires inspirantes et de mettre en lumi\u00e8re les initiatives locales. Mon objectif est de sensibiliser et d'encourager l'engagement communautaire \u00e0 travers mes articles.","sameAs":["https:\/\/vieassociative.be\/"]}]}},"_links":{"self":[{"href":"https:\/\/vieassociative.be\/actualites\/wp-json\/wp\/v2\/posts\/9302"}],"collection":[{"href":"https:\/\/vieassociative.be\/actualites\/wp-json\/wp\/v2\/posts"}],"about":[{"href":"https:\/\/vieassociative.be\/actualites\/wp-json\/wp\/v2\/types\/post"}],"author":[{"embeddable":true,"href":"https:\/\/vieassociative.be\/actualites\/wp-json\/wp\/v2\/users\/1"}],"replies":[{"embeddable":true,"href":"https:\/\/vieassociative.be\/actualites\/wp-json\/wp\/v2\/comments?post=9302"}],"version-history":[{"count":0,"href":"https:\/\/vieassociative.be\/actualites\/wp-json\/wp\/v2\/posts\/9302\/revisions"}],"wp:featuredmedia":[{"embeddable":true,"href":"https:\/\/vieassociative.be\/actualites\/wp-json\/wp\/v2\/media\/9303"}],"wp:attachment":[{"href":"https:\/\/vieassociative.be\/actualites\/wp-json\/wp\/v2\/media?parent=9302"}],"wp:term":[{"taxonomy":"category","embeddable":true,"href":"https:\/\/vieassociative.be\/actualites\/wp-json\/wp\/v2\/categories?post=9302"},{"taxonomy":"post_tag","embeddable":true,"href":"https:\/\/vieassociative.be\/actualites\/wp-json\/wp\/v2\/tags?post=9302"}],"curies":[{"name":"wp","href":"https:\/\/api.w.org\/{rel}","templated":true}]}}