{"id":93,"date":"2024-09-19T05:19:37","date_gmt":"2024-09-19T03:19:37","guid":{"rendered":"https:\/\/vieassociative.be\/actualites\/quand-etudier-avec-la-pratique-bloquee-et-quand-ne-pas-le-faire\/"},"modified":"2024-09-19T05:19:37","modified_gmt":"2024-09-19T03:19:37","slug":"quand-etudier-avec-la-pratique-bloquee-et-quand-ne-pas-le-faire","status":"publish","type":"post","link":"https:\/\/vieassociative.be\/actualites\/quand-etudier-avec-la-pratique-bloquee-et-quand-ne-pas-le-faire\/","title":{"rendered":"Quand \u00e9tudier avec la \u00ab pratique bloqu\u00e9e \u00bb (et quand ne pas le faire)"},"content":{"rendered":"<div class=\"mt-4 leading-6 md:mb-8\">La pratique bloqu\u00e9e est un terme sophistiqu\u00e9 pour d\u00e9signer le \u00ab bachotage \u00bb et elle pr\u00e9sente des avantages.<\/div>\n<p><\/p>\n<p>Lorsque vous \u00e9tudiez pour un cours, vous devez \u00e9laborer une strat\u00e9gie pour d\u00e9terminer combien vous \u00e9tudiez, \u00e0 quelle vitesse vous le faites et dans quelle mesure vous retenez les informations, sans parler de la fa\u00e7on dont vous les \u00e9tudiez. <em>long <\/em>En g\u00e9n\u00e9ral, je recommande une pratique r\u00e9partie (ou l&rsquo;\u00e9tude sur plusieurs jours) pour une r\u00e9tention maximale, mais il y a des moments o\u00f9 la \u00ab pratique bloqu\u00e9e \u00bb, son contraire, peut \u00eatre utile. <\/p>\n<h2 id=\"what-is-distributed-and-blocked-practice\">Qu\u2019est-ce que la pratique \u00ab distribu\u00e9e \u00bb et \u00ab bloqu\u00e9e \u00bb ?<\/h2>\n<p>La pratique distribu\u00e9e, \u00e9galement connue sous le nom de r\u00e9p\u00e9tition espac\u00e9e, vous demande d&rsquo;\u00e9tudier et de revoir le m\u00eame sujet \u00e0 plusieurs reprises \u00e0 des moments diff\u00e9rents. En espa\u00e7ant vos s\u00e9ances d&rsquo;\u00e9tude, vous imprimez l&rsquo;information plus profond\u00e9ment dans votre m\u00e9moire, ce qui vous permet de la retrouver plus facilement au moment o\u00f9 vous en avez besoin. Cela vous oblige \u00e0 anticiper un peu : selon une \u00e9tude, votre meilleure chance de m\u00e9morisation maximale est d&rsquo;\u00e9tudier le m\u00eame sujet tous les 10 \u00e0 30 % du temps dont vous aurez besoin pour le retenir. Ainsi, si vous avez un examen dans 10 jours, vous \u00e9tudierez tous les un \u00e0 trois jours \u00e0 partir de maintenant jusqu&rsquo;\u00e0 ce moment-l\u00e0. En g\u00e9n\u00e9ral, vous combinerez \u00e9galement cela avec \u00ab l&rsquo;entrelacement \u00bb, ou le processus de m\u00e9lange de diff\u00e9rents sujets dans vos s\u00e9ances d&rsquo;\u00e9tude, ce qui vous aide \u00e0 cat\u00e9goriser les informations et \u00e0 travailler sur la r\u00e9solution de probl\u00e8mes. Avec un m\u00e9lange de pratique distribu\u00e9e et d&rsquo;entrelacement, vous \u00e9tudierez par petites portions chaque jour, mais ces portions seront divis\u00e9es entre les sujets ou les id\u00e9es, de sorte que vous ferez travailler votre cerveau \u00e0 fond.<\/p>\n<p>L&rsquo;entra\u00eenement en bloc (ou en masse) est l&rsquo;oppos\u00e9 de cela : il consiste \u00e0 \u00e9tudier un sujet une seule fois, pendant une p\u00e9riode prolong\u00e9e. En fait, c&rsquo;est une fa\u00e7on \u00e9l\u00e9gante de dire \u00ab bachotage \u00bb. Il y a tr\u00e8s peu de place pour l&rsquo;intercalage et vous le faites g\u00e9n\u00e9ralement sous un certain stress, avec un examen ou un autre \u00e9v\u00e9nement important qui se profile. En fait, les chercheurs ont d\u00e9couvert que la meilleure d\u00e9finition de l&rsquo;entra\u00eenement en bloc est que vous vous pr\u00e9sentez la m\u00eame information \u00e0 plusieurs reprises sans passer \u00e0 autre chose.<\/p>\n<h2 id=\"when-to-use-distributed-or-blocked-practice-to-study\">Quand utiliser la pratique distribu\u00e9e ou bloqu\u00e9e pour \u00e9tudier<\/h2>\n<p>Bien que la r\u00e9p\u00e9tition espac\u00e9e soit g\u00e9n\u00e9ralement salu\u00e9e pour sa capacit\u00e9 \u00e0 vous aider \u00e0 retenir des informations, l&rsquo;utilisation de la pratique en bloc pr\u00e9sente n\u00e9anmoins certains avantages dans certaines situations. Par exemple, elle conduit \u00e0 une acquisition plus rapide des comp\u00e9tences, ce qui est compens\u00e9 par les limites qu&rsquo;elle impose \u00e0 votre capacit\u00e9 \u00e0 retenir des informations \u00e0 long terme ou \u00e0 g\u00e9n\u00e9raliser les informations \u00e0 de nouvelles situations quelques jours apr\u00e8s avoir \u00e9tudi\u00e9. Essentiellement, si vous optez pour la pratique en bloc, vous apprendrez rapidement la mati\u00e8re, mais vous ne la conserverez pas aussi longtemps et vous ne pourrez pas appliquer ce que vous avez appris \u00e0 autre chose qu&rsquo;aux choses tr\u00e8s sp\u00e9cifiques que vous avez \u00e9tudi\u00e9es. <\/p>\n<p>Dans ce cas, les exercices en bloc fonctionnent bien si vous ne voulez obtenir qu&rsquo;un A \u00e0 un examen et\/ou si cet examen arrive rapidement. Si vous devez \u00eatre interrog\u00e9 sur un sujet sp\u00e9cifique et que vous n&rsquo;avez pas la possibilit\u00e9 d&rsquo;appliquer vos connaissances de mani\u00e8re plus g\u00e9n\u00e9rale, les exercices en bloc sont tout \u00e0 fait acceptables. Pour en tirer le meilleur parti, essayez d&rsquo;utiliser la m\u00e9thode Pomodoro pour au moins diviser la s\u00e9ance de bachotage en parties plus faciles \u00e0 g\u00e9rer, en \u00e9tudiant pendant 25 minutes et en prenant des pauses de cinq minutes. Procurez-vous un minuteur Pomodoro pour rester sur la bonne voie et vous \u00e9viter de regarder votre t\u00e9l\u00e9phone pour v\u00e9rifier l&rsquo;heure. Si vous devez bachoter, vous devez vous concentrer et vous y tenir, m\u00eame si c&rsquo;est vraiment \u00e0 la derni\u00e8re minute ou si vous voulez simplement ma\u00eetriser les connaissances suffisamment longtemps pour r\u00e9ussir un examen. <\/p>\n<p>Si le contenu doit revenir tout au long du cours ou de vos \u00e9tudes sur le long terme, <em>ou <\/em>Si on vous demande de penser de mani\u00e8re abstraite et d&rsquo;appliquer les connaissances en dehors des situations que vous examinez, optez pour une pratique distribu\u00e9e lorsque vous le pouvez. Utilisez un planificateur d&rsquo;\u00e9tudes pour vous aider \u00e0 d\u00e9terminer les jours o\u00f9 vous devriez \u00e9tudier par rapport \u00e0 la date de votre examen et prenez \u00e9galement des flashcards pour pouvoir utiliser le syst\u00e8me Leitner, une m\u00e9thode de flashcards qui repose sur la r\u00e9p\u00e9tition espac\u00e9e pour vous aider \u00e0 int\u00e9grer vos documents dans votre m\u00e9moire \u00e0 long terme. L&rsquo;utilisation du planificateur et des flashcards peut sembler un peu d\u00e9su\u00e8te, mais \u00e9crivez les choses au lieu de les taper <em>aussi <\/em>Cela aide votre m\u00e9moire, et comme vous utilisez la r\u00e9p\u00e9tition espac\u00e9e, vous avez le temps.<\/p>\n","protected":false},"excerpt":{"rendered":"<p>La pratique bloqu\u00e9e est un terme sophistiqu\u00e9 pour d\u00e9signer le \u00ab bachotage \u00bb et elle pr\u00e9sente des avantages. Lorsque vous \u00e9tudiez pour un cours, vous<\/p>\n","protected":false},"author":1,"featured_media":94,"comment_status":"","ping_status":"","sticky":false,"template":"","format":"standard","meta":{"footnotes":""},"categories":[37],"tags":[61,125,82,127,126,124,123],"class_list":["post-93","post","type-post","status-publish","format-standard","has-post-thumbnail","hentry","category-famille","tag-avec","tag-bloquee","tag-etudier","tag-faire","tag-pas","tag-pratique","tag-quand","generate-columns","tablet-grid-50","mobile-grid-100","grid-parent","grid-33"],"yoast_head":"<!-- This site is optimized with the Yoast SEO plugin v24.0 - https:\/\/yoast.com\/wordpress\/plugins\/seo\/ -->\n<title>Quand \u00e9tudier avec la \u00ab pratique bloqu\u00e9e \u00bb (et quand ne pas le faire) | Vie Associative<\/title>\n<meta name=\"robots\" content=\"index, follow, max-snippet:-1, max-image-preview:large, max-video-preview:-1\" \/>\n<link rel=\"canonical\" href=\"https:\/\/vieassociative.be\/actualites\/quand-etudier-avec-la-pratique-bloquee-et-quand-ne-pas-le-faire\/\" \/>\n<meta property=\"og:locale\" content=\"fr_FR\" \/>\n<meta property=\"og:type\" content=\"article\" \/>\n<meta property=\"og:title\" content=\"Quand \u00e9tudier avec la \u00ab pratique bloqu\u00e9e \u00bb (et quand ne pas le faire) | Vie Associative\" \/>\n<meta property=\"og:description\" content=\"La pratique bloqu\u00e9e est un terme sophistiqu\u00e9 pour d\u00e9signer le \u00ab bachotage \u00bb et elle pr\u00e9sente des avantages. Lorsque vous \u00e9tudiez pour un cours, vous\" \/>\n<meta property=\"og:url\" content=\"https:\/\/vieassociative.be\/actualites\/quand-etudier-avec-la-pratique-bloquee-et-quand-ne-pas-le-faire\/\" \/>\n<meta property=\"og:site_name\" content=\"Vie Associative\" \/>\n<meta property=\"article:published_time\" content=\"2024-09-19T03:19:37+00:00\" \/>\n<meta property=\"og:image\" content=\"https:\/\/vieassociative.be\/actualites\/wp-content\/uploads\/2024\/09\/header_backgroundk-01-e1726694325946.png\" \/>\n\t<meta property=\"og:image:width\" content=\"279\" \/>\n\t<meta property=\"og:image:height\" content=\"92\" \/>\n\t<meta property=\"og:image:type\" content=\"image\/png\" \/>\n<meta name=\"author\" content=\"Julien\" \/>\n<meta name=\"twitter:card\" content=\"summary_large_image\" \/>\n<meta name=\"twitter:label1\" content=\"\u00c9crit par\" \/>\n\t<meta name=\"twitter:data1\" content=\"Julien\" \/>\n\t<meta name=\"twitter:label2\" content=\"Dur\u00e9e de lecture est.\" \/>\n\t<meta name=\"twitter:data2\" content=\"4 minutes\" \/>\n<script type=\"application\/ld+json\" class=\"yoast-schema-graph\">{\"@context\":\"https:\/\/schema.org\",\"@graph\":[{\"@type\":\"Article\",\"@id\":\"https:\/\/vieassociative.be\/actualites\/quand-etudier-avec-la-pratique-bloquee-et-quand-ne-pas-le-faire\/#article\",\"isPartOf\":{\"@id\":\"https:\/\/vieassociative.be\/actualites\/quand-etudier-avec-la-pratique-bloquee-et-quand-ne-pas-le-faire\/\"},\"author\":{\"name\":\"Julien\",\"@id\":\"https:\/\/vieassociative.be\/actualites\/#\/schema\/person\/b87ac4f82f9d4e7b7cec7395b679edc4\"},\"headline\":\"Quand \u00e9tudier avec la \u00ab pratique bloqu\u00e9e \u00bb (et quand ne pas le faire)\",\"datePublished\":\"2024-09-19T03:19:37+00:00\",\"dateModified\":\"2024-09-19T03:19:37+00:00\",\"mainEntityOfPage\":{\"@id\":\"https:\/\/vieassociative.be\/actualites\/quand-etudier-avec-la-pratique-bloquee-et-quand-ne-pas-le-faire\/\"},\"wordCount\":895,\"publisher\":{\"@id\":\"https:\/\/vieassociative.be\/actualites\/#organization\"},\"image\":{\"@id\":\"https:\/\/vieassociative.be\/actualites\/quand-etudier-avec-la-pratique-bloquee-et-quand-ne-pas-le-faire\/#primaryimage\"},\"thumbnailUrl\":\"https:\/\/vieassociative.be\/actualites\/wp-content\/uploads\/2024\/09\/Quand-etudier-avec-la-pratique-bloquee-et-quand.jpg\",\"keywords\":[\"avec\",\"bloqu\u00e9e\",\"\u00e9tudier\",\"faire\",\"pas\",\"pratique\",\"Quand\"],\"articleSection\":[\"Famille\"],\"inLanguage\":\"fr-BE\"},{\"@type\":\"WebPage\",\"@id\":\"https:\/\/vieassociative.be\/actualites\/quand-etudier-avec-la-pratique-bloquee-et-quand-ne-pas-le-faire\/\",\"url\":\"https:\/\/vieassociative.be\/actualites\/quand-etudier-avec-la-pratique-bloquee-et-quand-ne-pas-le-faire\/\",\"name\":\"Quand \u00e9tudier avec la \u00ab pratique bloqu\u00e9e \u00bb (et quand ne pas le faire) | Vie Associative\",\"isPartOf\":{\"@id\":\"https:\/\/vieassociative.be\/actualites\/#website\"},\"primaryImageOfPage\":{\"@id\":\"https:\/\/vieassociative.be\/actualites\/quand-etudier-avec-la-pratique-bloquee-et-quand-ne-pas-le-faire\/#primaryimage\"},\"image\":{\"@id\":\"https:\/\/vieassociative.be\/actualites\/quand-etudier-avec-la-pratique-bloquee-et-quand-ne-pas-le-faire\/#primaryimage\"},\"thumbnailUrl\":\"https:\/\/vieassociative.be\/actualites\/wp-content\/uploads\/2024\/09\/Quand-etudier-avec-la-pratique-bloquee-et-quand.jpg\",\"datePublished\":\"2024-09-19T03:19:37+00:00\",\"dateModified\":\"2024-09-19T03:19:37+00:00\",\"breadcrumb\":{\"@id\":\"https:\/\/vieassociative.be\/actualites\/quand-etudier-avec-la-pratique-bloquee-et-quand-ne-pas-le-faire\/#breadcrumb\"},\"inLanguage\":\"fr-BE\",\"potentialAction\":[{\"@type\":\"ReadAction\",\"target\":[\"https:\/\/vieassociative.be\/actualites\/quand-etudier-avec-la-pratique-bloquee-et-quand-ne-pas-le-faire\/\"]}]},{\"@type\":\"ImageObject\",\"inLanguage\":\"fr-BE\",\"@id\":\"https:\/\/vieassociative.be\/actualites\/quand-etudier-avec-la-pratique-bloquee-et-quand-ne-pas-le-faire\/#primaryimage\",\"url\":\"https:\/\/vieassociative.be\/actualites\/wp-content\/uploads\/2024\/09\/Quand-etudier-avec-la-pratique-bloquee-et-quand.jpg\",\"contentUrl\":\"https:\/\/vieassociative.be\/actualites\/wp-content\/uploads\/2024\/09\/Quand-etudier-avec-la-pratique-bloquee-et-quand.jpg\",\"width\":1200,\"height\":675,\"caption\":\"Quand \u00e9tudier avec la \u00ab pratique bloqu\u00e9e \u00bb (et quand ne pas le faire)\"},{\"@type\":\"BreadcrumbList\",\"@id\":\"https:\/\/vieassociative.be\/actualites\/quand-etudier-avec-la-pratique-bloquee-et-quand-ne-pas-le-faire\/#breadcrumb\",\"itemListElement\":[{\"@type\":\"ListItem\",\"position\":1,\"name\":\"Accueil\",\"item\":\"https:\/\/vieassociative.be\/actualites\/\"},{\"@type\":\"ListItem\",\"position\":2,\"name\":\"Quand \u00e9tudier avec la \u00ab pratique bloqu\u00e9e \u00bb (et quand ne pas le faire)\"}]},{\"@type\":\"WebSite\",\"@id\":\"https:\/\/vieassociative.be\/actualites\/#website\",\"url\":\"https:\/\/vieassociative.be\/actualites\/\",\"name\":\"Vie Associative\",\"description\":\"\",\"publisher\":{\"@id\":\"https:\/\/vieassociative.be\/actualites\/#organization\"},\"potentialAction\":[{\"@type\":\"SearchAction\",\"target\":{\"@type\":\"EntryPoint\",\"urlTemplate\":\"https:\/\/vieassociative.be\/actualites\/?s={search_term_string}\"},\"query-input\":{\"@type\":\"PropertyValueSpecification\",\"valueRequired\":true,\"valueName\":\"search_term_string\"}}],\"inLanguage\":\"fr-BE\"},{\"@type\":\"Organization\",\"@id\":\"https:\/\/vieassociative.be\/actualites\/#organization\",\"name\":\"Vie Associative\",\"url\":\"https:\/\/vieassociative.be\/actualites\/\",\"logo\":{\"@type\":\"ImageObject\",\"inLanguage\":\"fr-BE\",\"@id\":\"https:\/\/vieassociative.be\/actualites\/#\/schema\/logo\/image\/\",\"url\":\"https:\/\/vieassociative.be\/actualites\/wp-content\/uploads\/2024\/09\/cropped-vieassociative_favicon.ico.png\",\"contentUrl\":\"https:\/\/vieassociative.be\/actualites\/wp-content\/uploads\/2024\/09\/cropped-vieassociative_favicon.ico.png\",\"width\":512,\"height\":512,\"caption\":\"Vie Associative\"},\"image\":{\"@id\":\"https:\/\/vieassociative.be\/actualites\/#\/schema\/logo\/image\/\"}},{\"@type\":\"Person\",\"@id\":\"https:\/\/vieassociative.be\/actualites\/#\/schema\/person\/b87ac4f82f9d4e7b7cec7395b679edc4\",\"name\":\"Julien\",\"image\":{\"@type\":\"ImageObject\",\"inLanguage\":\"fr-BE\",\"@id\":\"https:\/\/vieassociative.be\/actualites\/#\/schema\/person\/image\/\",\"url\":\"https:\/\/vieassociative.be\/actualites\/wp-content\/uploads\/2024\/09\/vie-associative-1-150x150.jpg\",\"contentUrl\":\"https:\/\/vieassociative.be\/actualites\/wp-content\/uploads\/2024\/09\/vie-associative-1-150x150.jpg\",\"caption\":\"Julien\"},\"description\":\"Je suis Julien, r\u00e9dacteur pour Vie Associative. Passionn\u00e9 par le monde associatif depuis plus de 10 ans, j'ai \u00e0 c\u0153ur de partager des histoires inspirantes et de mettre en lumi\u00e8re les initiatives locales. Mon objectif est de sensibiliser et d'encourager l'engagement communautaire \u00e0 travers mes articles.\",\"sameAs\":[\"https:\/\/vieassociative.be\/\"]}]}<\/script>\n<!-- \/ Yoast SEO plugin. -->","yoast_head_json":{"title":"Quand \u00e9tudier avec la \u00ab pratique bloqu\u00e9e \u00bb (et quand ne pas le faire) | Vie Associative","robots":{"index":"index","follow":"follow","max-snippet":"max-snippet:-1","max-image-preview":"max-image-preview:large","max-video-preview":"max-video-preview:-1"},"canonical":"https:\/\/vieassociative.be\/actualites\/quand-etudier-avec-la-pratique-bloquee-et-quand-ne-pas-le-faire\/","og_locale":"fr_FR","og_type":"article","og_title":"Quand \u00e9tudier avec la \u00ab pratique bloqu\u00e9e \u00bb (et quand ne pas le faire) | Vie Associative","og_description":"La pratique bloqu\u00e9e est un terme sophistiqu\u00e9 pour d\u00e9signer le \u00ab bachotage \u00bb et elle pr\u00e9sente des avantages. Lorsque vous \u00e9tudiez pour un cours, vous","og_url":"https:\/\/vieassociative.be\/actualites\/quand-etudier-avec-la-pratique-bloquee-et-quand-ne-pas-le-faire\/","og_site_name":"Vie Associative","article_published_time":"2024-09-19T03:19:37+00:00","og_image":[{"width":279,"height":92,"url":"https:\/\/vieassociative.be\/actualites\/wp-content\/uploads\/2024\/09\/header_backgroundk-01-e1726694325946.png","type":"image\/png"}],"author":"Julien","twitter_card":"summary_large_image","twitter_misc":{"\u00c9crit par":"Julien","Dur\u00e9e de lecture est.":"4 minutes"},"schema":{"@context":"https:\/\/schema.org","@graph":[{"@type":"Article","@id":"https:\/\/vieassociative.be\/actualites\/quand-etudier-avec-la-pratique-bloquee-et-quand-ne-pas-le-faire\/#article","isPartOf":{"@id":"https:\/\/vieassociative.be\/actualites\/quand-etudier-avec-la-pratique-bloquee-et-quand-ne-pas-le-faire\/"},"author":{"name":"Julien","@id":"https:\/\/vieassociative.be\/actualites\/#\/schema\/person\/b87ac4f82f9d4e7b7cec7395b679edc4"},"headline":"Quand \u00e9tudier avec la \u00ab pratique bloqu\u00e9e \u00bb (et quand ne pas le faire)","datePublished":"2024-09-19T03:19:37+00:00","dateModified":"2024-09-19T03:19:37+00:00","mainEntityOfPage":{"@id":"https:\/\/vieassociative.be\/actualites\/quand-etudier-avec-la-pratique-bloquee-et-quand-ne-pas-le-faire\/"},"wordCount":895,"publisher":{"@id":"https:\/\/vieassociative.be\/actualites\/#organization"},"image":{"@id":"https:\/\/vieassociative.be\/actualites\/quand-etudier-avec-la-pratique-bloquee-et-quand-ne-pas-le-faire\/#primaryimage"},"thumbnailUrl":"https:\/\/vieassociative.be\/actualites\/wp-content\/uploads\/2024\/09\/Quand-etudier-avec-la-pratique-bloquee-et-quand.jpg","keywords":["avec","bloqu\u00e9e","\u00e9tudier","faire","pas","pratique","Quand"],"articleSection":["Famille"],"inLanguage":"fr-BE"},{"@type":"WebPage","@id":"https:\/\/vieassociative.be\/actualites\/quand-etudier-avec-la-pratique-bloquee-et-quand-ne-pas-le-faire\/","url":"https:\/\/vieassociative.be\/actualites\/quand-etudier-avec-la-pratique-bloquee-et-quand-ne-pas-le-faire\/","name":"Quand \u00e9tudier avec la \u00ab pratique bloqu\u00e9e \u00bb (et quand ne pas le faire) | Vie Associative","isPartOf":{"@id":"https:\/\/vieassociative.be\/actualites\/#website"},"primaryImageOfPage":{"@id":"https:\/\/vieassociative.be\/actualites\/quand-etudier-avec-la-pratique-bloquee-et-quand-ne-pas-le-faire\/#primaryimage"},"image":{"@id":"https:\/\/vieassociative.be\/actualites\/quand-etudier-avec-la-pratique-bloquee-et-quand-ne-pas-le-faire\/#primaryimage"},"thumbnailUrl":"https:\/\/vieassociative.be\/actualites\/wp-content\/uploads\/2024\/09\/Quand-etudier-avec-la-pratique-bloquee-et-quand.jpg","datePublished":"2024-09-19T03:19:37+00:00","dateModified":"2024-09-19T03:19:37+00:00","breadcrumb":{"@id":"https:\/\/vieassociative.be\/actualites\/quand-etudier-avec-la-pratique-bloquee-et-quand-ne-pas-le-faire\/#breadcrumb"},"inLanguage":"fr-BE","potentialAction":[{"@type":"ReadAction","target":["https:\/\/vieassociative.be\/actualites\/quand-etudier-avec-la-pratique-bloquee-et-quand-ne-pas-le-faire\/"]}]},{"@type":"ImageObject","inLanguage":"fr-BE","@id":"https:\/\/vieassociative.be\/actualites\/quand-etudier-avec-la-pratique-bloquee-et-quand-ne-pas-le-faire\/#primaryimage","url":"https:\/\/vieassociative.be\/actualites\/wp-content\/uploads\/2024\/09\/Quand-etudier-avec-la-pratique-bloquee-et-quand.jpg","contentUrl":"https:\/\/vieassociative.be\/actualites\/wp-content\/uploads\/2024\/09\/Quand-etudier-avec-la-pratique-bloquee-et-quand.jpg","width":1200,"height":675,"caption":"Quand \u00e9tudier avec la \u00ab pratique bloqu\u00e9e \u00bb (et quand ne pas le faire)"},{"@type":"BreadcrumbList","@id":"https:\/\/vieassociative.be\/actualites\/quand-etudier-avec-la-pratique-bloquee-et-quand-ne-pas-le-faire\/#breadcrumb","itemListElement":[{"@type":"ListItem","position":1,"name":"Accueil","item":"https:\/\/vieassociative.be\/actualites\/"},{"@type":"ListItem","position":2,"name":"Quand \u00e9tudier avec la \u00ab pratique bloqu\u00e9e \u00bb (et quand ne pas le faire)"}]},{"@type":"WebSite","@id":"https:\/\/vieassociative.be\/actualites\/#website","url":"https:\/\/vieassociative.be\/actualites\/","name":"Vie Associative","description":"","publisher":{"@id":"https:\/\/vieassociative.be\/actualites\/#organization"},"potentialAction":[{"@type":"SearchAction","target":{"@type":"EntryPoint","urlTemplate":"https:\/\/vieassociative.be\/actualites\/?s={search_term_string}"},"query-input":{"@type":"PropertyValueSpecification","valueRequired":true,"valueName":"search_term_string"}}],"inLanguage":"fr-BE"},{"@type":"Organization","@id":"https:\/\/vieassociative.be\/actualites\/#organization","name":"Vie Associative","url":"https:\/\/vieassociative.be\/actualites\/","logo":{"@type":"ImageObject","inLanguage":"fr-BE","@id":"https:\/\/vieassociative.be\/actualites\/#\/schema\/logo\/image\/","url":"https:\/\/vieassociative.be\/actualites\/wp-content\/uploads\/2024\/09\/cropped-vieassociative_favicon.ico.png","contentUrl":"https:\/\/vieassociative.be\/actualites\/wp-content\/uploads\/2024\/09\/cropped-vieassociative_favicon.ico.png","width":512,"height":512,"caption":"Vie Associative"},"image":{"@id":"https:\/\/vieassociative.be\/actualites\/#\/schema\/logo\/image\/"}},{"@type":"Person","@id":"https:\/\/vieassociative.be\/actualites\/#\/schema\/person\/b87ac4f82f9d4e7b7cec7395b679edc4","name":"Julien","image":{"@type":"ImageObject","inLanguage":"fr-BE","@id":"https:\/\/vieassociative.be\/actualites\/#\/schema\/person\/image\/","url":"https:\/\/vieassociative.be\/actualites\/wp-content\/uploads\/2024\/09\/vie-associative-1-150x150.jpg","contentUrl":"https:\/\/vieassociative.be\/actualites\/wp-content\/uploads\/2024\/09\/vie-associative-1-150x150.jpg","caption":"Julien"},"description":"Je suis Julien, r\u00e9dacteur pour Vie Associative. Passionn\u00e9 par le monde associatif depuis plus de 10 ans, j'ai \u00e0 c\u0153ur de partager des histoires inspirantes et de mettre en lumi\u00e8re les initiatives locales. Mon objectif est de sensibiliser et d'encourager l'engagement communautaire \u00e0 travers mes articles.","sameAs":["https:\/\/vieassociative.be\/"]}]}},"_links":{"self":[{"href":"https:\/\/vieassociative.be\/actualites\/wp-json\/wp\/v2\/posts\/93"}],"collection":[{"href":"https:\/\/vieassociative.be\/actualites\/wp-json\/wp\/v2\/posts"}],"about":[{"href":"https:\/\/vieassociative.be\/actualites\/wp-json\/wp\/v2\/types\/post"}],"author":[{"embeddable":true,"href":"https:\/\/vieassociative.be\/actualites\/wp-json\/wp\/v2\/users\/1"}],"replies":[{"embeddable":true,"href":"https:\/\/vieassociative.be\/actualites\/wp-json\/wp\/v2\/comments?post=93"}],"version-history":[{"count":0,"href":"https:\/\/vieassociative.be\/actualites\/wp-json\/wp\/v2\/posts\/93\/revisions"}],"wp:featuredmedia":[{"embeddable":true,"href":"https:\/\/vieassociative.be\/actualites\/wp-json\/wp\/v2\/media\/94"}],"wp:attachment":[{"href":"https:\/\/vieassociative.be\/actualites\/wp-json\/wp\/v2\/media?parent=93"}],"wp:term":[{"taxonomy":"category","embeddable":true,"href":"https:\/\/vieassociative.be\/actualites\/wp-json\/wp\/v2\/categories?post=93"},{"taxonomy":"post_tag","embeddable":true,"href":"https:\/\/vieassociative.be\/actualites\/wp-json\/wp\/v2\/tags?post=93"}],"curies":[{"name":"wp","href":"https:\/\/api.w.org\/{rel}","templated":true}]}}