{"id":9298,"date":"2025-08-09T07:18:56","date_gmt":"2025-08-09T05:18:56","guid":{"rendered":"https:\/\/vieassociative.be\/actualites\/les-aliments-ultra-transformes-sont-ils-vraiment-si-mauvais-pour-vous\/"},"modified":"2025-08-09T07:18:56","modified_gmt":"2025-08-09T05:18:56","slug":"les-aliments-ultra-transformes-sont-ils-vraiment-si-mauvais-pour-vous","status":"publish","type":"post","link":"https:\/\/vieassociative.be\/actualites\/les-aliments-ultra-transformes-sont-ils-vraiment-si-mauvais-pour-vous\/","title":{"rendered":"Les aliments \u00abultra-transform\u00e9s\u00bb sont-ils vraiment si mauvais pour vous?"},"content":{"rendered":"<div class=\"mt-4 leading-6 md:mb-8\">Ils ont \u00e9t\u00e9 li\u00e9s \u00e0 des maladies cardiaques et \u00e0 d&rsquo;autres probl\u00e8mes de sant\u00e9.<\/div>\n<p><\/p>\n<p>L&rsquo;Am\u00e9ricain moyen obtient plus de la moiti\u00e9 de leurs calories \u00e0 partir d&rsquo;aliments ultra-transform\u00e9s, selon un nouveau rapport f\u00e9d\u00e9ral. Ce n&rsquo;est pas surprenant &#8211; les aliments transform\u00e9s par Ultra sont partout et comprennent bon nombre de nos options d&rsquo;\u00e9picerie les moins ch\u00e8res. C&rsquo;est pourquoi il est pr\u00e9occupant que les aliments ultra-transform\u00e9s aient \u00e9t\u00e9 li\u00e9s \u00e0 une vari\u00e9t\u00e9 de probl\u00e8mes de sant\u00e9, notamment les maladies cardiaques, le diab\u00e8te, les troubles de la sant\u00e9 mentale et la mortalit\u00e9 pr\u00e9f\u00e9r\u00e9e de tous. <\/p>\n<p>Mais qu&rsquo;est-ce qui compte comme des aliments ultra-transform\u00e9s? Creinons et remettons peut-\u00eatre quelques hypoth\u00e8ses en cours de route.<\/p>\n<p>La nouvelle \u00e9tude, des Centers for Disease Control, a r\u00e9v\u00e9l\u00e9 que la source la plus courante de nourriture ultra-transform\u00e9e pour les adultes \u00e9tait des \u00ab\u00a0sandwichs\u00a0\u00bb, suivis des produits de boulangerie sucr\u00e9s, des boissons sucr\u00e9es, des collations sal\u00e9es et \u00ab\u00a0du pain, des rouleaux et des tortillas\u00a0\u00bb. Pour les enfants, les r\u00e9sultats \u00e9taient similaires, les pizzas et les collations sal\u00e9es surveillent les boissons sucr\u00e9es. Pour les enfants, le pain n&rsquo;a pas fait les cinq premiers. L&rsquo;\u00e9tude a \u00e9galement r\u00e9v\u00e9l\u00e9 que la consommation d&rsquo;aliments ultra-transform\u00e9s avait en fait chut\u00e9 un peu de 2017 \u00e0 2023, l&rsquo;ann\u00e9e derni\u00e8re pour laquelle des donn\u00e9es \u00e9taient disponibles. Vous pouvez voir le r\u00e9sum\u00e9 des r\u00e9sultats ici. <\/p>\n<div class=\"mx-auto mb-12 mt-5 w-full max-w-3xl rounded-md border-2 border-gray-100 p-3 shadow-md md:px-7 md:pb-7 md:pt-5\" id=\"related-video\">\n<div class=\"mb-3 flex items-center md:mb-5\">\n        <img decoding=\"async\" class=\"mr-4 mt-0 h-10 w-10 md:mr-5 md:h-12 md:w-12\" src=\"https:\/\/vieassociative.be\/actualites\/wp-content\/uploads\/2025\/08\/1754414314_422_Les-brins-du-NYT-daujourdhui-indiquent-et-repondent-pour-le.jpg\" alt=\"Logo Lifehacker\"><\/p><\/div>\n<div class=\"aspect-video w-full overflow-hidden rounded-md\">\n<div id=\"video-container-01K26KE17M79E8Q0CNZM7TQ8SK\"><\/div>\n<\/p><\/div>\n<\/div>\n<p>Avant de nous lancer trop dans les mauvaises herbes ici, il y a une grande mise en garde qui m\u00e9rite d&rsquo;\u00eatre rappel\u00e9e: lorsque des \u00e9tudes regardent la sant\u00e9 des personnes qui font et ne mangent pas des aliments ultra-transform\u00e9s, ils n&rsquo;\u00e9tudie pas n\u00e9cessairement le fait que la nourriture est ultra-trait\u00e9e. Nous pouvons dire assez d\u00e9finitivement qu&rsquo;un r\u00e9gime riche en barres de bonbons est mauvais pour vous, mais est-ce parce que les barres de bonbons sont ultra-trait\u00e9es, ou parce qu&rsquo;elles sont pleines de sucre? Ce n&rsquo;est pas une question que la recherche actuelle peut vraiment d\u00e9m\u00ealer, mais c&rsquo;est important \u00e0 consid\u00e9rer. Sont des aliments ultra transform\u00e9s <em>toujours<\/em> mauvais, ou sont-ils juste une cat\u00e9gorie qui <em>comprend<\/em> Beaucoup d&rsquo;aliments que nous devrions manger moins? <\/p>\n<h2 id=\"how-are-ultra-processed-foods-defined\">Comment les aliments ultra-trait\u00e9s sont-ils d\u00e9finis?<\/h2>\n<p>Cette terminologie provient d&rsquo;un sch\u00e9ma de classification appel\u00e9 Nova qui divise les aliments en quatre groupes: <\/p>\n<ul>\n<li>\n<p><strong>Aliments non transform\u00e9s ou \u00abtransform\u00e9s\u00bb (groupe 1) <\/strong>Inclure des fruits, des l\u00e9gumes et des viandes. Peut-\u00eatre que vous avez sorti une carotte du sol et l&rsquo;avez lav\u00e9e, ou tu\u00e9 une vache et tranch\u00e9 un steak. Les aliments de cette cat\u00e9gorie peuvent \u00eatre trait\u00e9s de mani\u00e8re \u00e0 ne pas ajouter d&rsquo;ingr\u00e9dients suppl\u00e9mentaires. Ils peuvent \u00eatre cuits, broy\u00e9s, s\u00e9ch\u00e9s ou congel\u00e9s. <\/p>\n<\/li>\n<li>\n<p><strong>Ingr\u00e9dients culinaires transform\u00e9s (groupe 2)<\/strong> Inclure le sucre, le sel et les huiles. Si vous combinez des ingr\u00e9dients dans ce groupe, par exemple pour faire du beurre sal\u00e9, ils restent dans ce groupe. <\/p>\n<\/li>\n<li>\n<p><strong>Aliments transform\u00e9s (groupe 3) <\/strong>sont ce que vous obtenez lorsque vous combinez les groupes 1 et 2. Le pain, le vin et les l\u00e9gumes en conserve sont inclus. Les additifs sont autoris\u00e9s s&rsquo;ils \u00abpr\u00e9servent (une alimentation) des propri\u00e9t\u00e9s d&rsquo;origine\u00bb comme l&rsquo;acide ascorbique ajout\u00e9 aux fruits en conserve pour le garder du brunissement. <\/p>\n<\/li>\n<li>\n<p><strong>Aliments ultra transform\u00e9s (groupe 4) <\/strong>Je n&rsquo;ai pas de d\u00e9finition stricte, mais Nova fait allusion \u00e0 certaines propri\u00e9t\u00e9s. Ils ont \u00abg\u00e9n\u00e9ralement\u00bb cinq ingr\u00e9dients ou plus. Ils peuvent \u00eatre commercialis\u00e9s de mani\u00e8re agressive et tr\u00e8s rentable. Un aliment est automatiquement dans le groupe 4 s&rsquo;il comprend \u00abdes substances non couramment utilis\u00e9es dans les pr\u00e9parations culinaires, et des additifs dont le but est d&rsquo;imiter les qualit\u00e9s sensorielles des aliments du groupe 1 ou des pr\u00e9parations culinaires de ces aliments, ou de masquer les qualit\u00e9s sensorielles ind\u00e9sirables du produit final.\u00bb <\/p>\n<\/li>\n<\/ul>\n<p>Ce dernier groupe se sent un peu falsifi\u00e9. J&rsquo;ai d\u00e9finitivement vu des choses dans ma cuisine qui ne sont pas utilis\u00e9es uniquement pour fabriquer des aliments \u00abultra-trait\u00e9s\u00bb: colorant alimentaire, extraits de saveurs, \u00e9dulcorants artificiels, agents anti-fabrication (f\u00e9cule de ma\u00efs, n&rsquo;importe qui?) Et outils pour l&rsquo;extrusion et le moulage, pour n&rsquo;en nommer que quelques-uns. <\/p>\n<h2 id=\"are-ultra-processed-foods-always-bad\">Les aliments ultra-trait\u00e9s sont-ils toujours mauvais?<\/h2>\n<p>Nous avons donc appris que les g\u00e2teaux de collations emball\u00e9s sont ultra-transform\u00e9s, tout comme une miche de pain cuite en usine qui a 20 ingr\u00e9dients. Le jus d&rsquo;orange dont la saveur a \u00e9t\u00e9 manipul\u00e9e compterait \u00e9galement. Le coke et le r\u00e9gime coke sont tous deux solidement dans cette cat\u00e9gorie. Il semble logique que nous devrions manger moins de ces choses. <\/p>\n<p>Mais vous pourriez affirmer que le vrai probl\u00e8me avec ces aliments est qu&rsquo;ils sont souvent sucr\u00e9s et riches en calories, et de nombreux membres moins sains de la cat\u00e9gorie sont ce qui stockait les distributeurs automatiques et les d\u00e9panneurs qui nous font signe lorsque nous avons faim et que nous n&rsquo;avons pas pr\u00e9par\u00e9 de d\u00e9jeuner. Le probl\u00e8me avec ces aliments est qu&rsquo;un r\u00e9gime plein d&rsquo;eux est d\u00e9s\u00e9quilibr\u00e9, en raison de la nutrition qu&rsquo;ils contiennent ou ne contiennent pas. Le traitement lui-m\u00eame n&rsquo;est pas le probl\u00e8me.<\/p>\n<p>Donc, lorsque nous parlons d&rsquo;aliments ultra-transform\u00e9s, nous devons nous rappeler que c&rsquo;est une vague cat\u00e9gorie qui ne communique que de mani\u00e8re l\u00e2che la nutrition de ses aliments. Tout comme BMI combine les athl\u00e8tes Muscley avec des personnes ob\u00e8ses car cela fait des math\u00e9matiques pratiques, les cat\u00e9gories Nova combinent des choses de qualit\u00e9 nutritionnelle radicalement diff\u00e9rente. <\/p>\n<h2 id=\"why-the-level-of-processing-isnt-always-the-most-important-thing\">Pourquoi le niveau de traitement n&rsquo;est pas toujours la chose la plus importante<\/h2>\n<p>Illustrant le point ci-dessus, l&rsquo;USDA a publi\u00e9 sa propre \u00e9tude montrant comment vous pouvez cr\u00e9er une alimentation saine \u00e0 partir d&rsquo;aliments ultra-trait\u00e9s. Un burrito de petit-d\u00e9jeuner fait maison, par exemple, peut contenir des haricots en conserve, des blancs d&rsquo;\u0153ufs liquides, du fromage r\u00e2p\u00e9 et une tortilla achet\u00e9e en magasin. Ces ingr\u00e9dients peuvent \u00eatre ultra-trait\u00e9s, mais ils ne sont rien de tel que de saisir un cinabon sur le chemin du travail.<\/p>\n<p>Une de mes b\u00eateurs de compagnie est que la classification Nova \u00e9tablit parfois des distinctions entre des choses qui ne sont pas vraiment diff\u00e9rentes sur le plan nutritionnel. Le vin est dans le groupe 3 \u00e0 c\u00f4t\u00e9 du fromage et du pain frais, mais les cocktails sont dans le groupe 4 avec les Twinkies. L&rsquo;alcool dur a \u00e9t\u00e9 <em>distill\u00e9<\/em>vous voyez, donc c&rsquo;est ultra-trait\u00e9. <\/p>\n<p>Les l\u00e9gumes en conserve sont dans le groupe 3 (trait\u00e9s) tandis que leurs homologues frais sont dans le groupe 1. Mais les l\u00e9gumes en conserve ne sont pas moins nutritifs. Pendant ce temps, les fruits secs sont dans le groupe 1 (si sain!) M\u00eame s&rsquo;il peut \u00eatre plus sucr\u00e9 que les g\u00e2teaux ou les biscuits. <\/p>\n<p>Il y a beaucoup de chevauchement entre les aliments malsains (?) Et les aliments ultra-trait\u00e9s, donc je comprends pourquoi les scientifiques \u00e9tudient les aliments ultra-transform\u00e9s en groupe. Mais diaboliser UPF, comme on l&rsquo;appelle parfois, finit souvent par mettre la nourriture la moins ch\u00e8re et la plus largement disponible dans la cat\u00e9gorie la plus honteuse. Est-ce juste, ou cela vous fait-il vous sentir mieux lorsque vous mangez des haricots verts frais et se moquez des personnes qui ach\u00e8tent en conserve? <\/p>\n<p>L&rsquo;\u00e9chelle Nova n&rsquo;est pas totalement inutile: elle aide les chercheurs \u00e0 garder un \u0153il sur la quantit\u00e9 de nos aliments provenant de fabricants \u00e0 grande \u00e9chelle. Mais ce n&rsquo;est pas un excellent moyen d&rsquo;\u00e9valuer ce qu&rsquo;il y a dans nos sacs d&rsquo;\u00e9picerie ou sur nos assiettes. <\/p>\n","protected":false},"excerpt":{"rendered":"<p>Ils ont \u00e9t\u00e9 li\u00e9s \u00e0 des maladies cardiaques et \u00e0 d&rsquo;autres probl\u00e8mes de sant\u00e9. L&rsquo;Am\u00e9ricain moyen obtient plus de la moiti\u00e9 de leurs calories \u00e0<\/p>\n","protected":false},"author":1,"featured_media":9299,"comment_status":"","ping_status":"","sticky":false,"template":"","format":"standard","meta":{"footnotes":""},"categories":[38],"tags":[1344,14,693,81,4261,8109,4,523],"class_list":["post-9298","post","type-post","status-publish","format-standard","has-post-thumbnail","hentry","category-sante","tag-aliments","tag-les","tag-mauvais","tag-pour","tag-sontils","tag-ultratransformes","tag-vous","tag-vraiment","generate-columns","tablet-grid-50","mobile-grid-100","grid-parent","grid-33"],"yoast_head":"<!-- This site is optimized with the Yoast SEO plugin v24.0 - https:\/\/yoast.com\/wordpress\/plugins\/seo\/ -->\n<title>Les aliments \u00abultra-transform\u00e9s\u00bb sont-ils vraiment si mauvais pour vous? | Vie Associative<\/title>\n<meta name=\"robots\" content=\"index, follow, max-snippet:-1, max-image-preview:large, max-video-preview:-1\" \/>\n<link rel=\"canonical\" href=\"https:\/\/vieassociative.be\/actualites\/les-aliments-ultra-transformes-sont-ils-vraiment-si-mauvais-pour-vous\/\" \/>\n<meta property=\"og:locale\" content=\"fr_FR\" \/>\n<meta property=\"og:type\" content=\"article\" \/>\n<meta property=\"og:title\" content=\"Les aliments \u00abultra-transform\u00e9s\u00bb sont-ils vraiment si mauvais pour vous? | Vie Associative\" \/>\n<meta property=\"og:description\" content=\"Ils ont \u00e9t\u00e9 li\u00e9s \u00e0 des maladies cardiaques et \u00e0 d&rsquo;autres probl\u00e8mes de sant\u00e9. L&rsquo;Am\u00e9ricain moyen obtient plus de la moiti\u00e9 de leurs calories \u00e0\" \/>\n<meta property=\"og:url\" content=\"https:\/\/vieassociative.be\/actualites\/les-aliments-ultra-transformes-sont-ils-vraiment-si-mauvais-pour-vous\/\" \/>\n<meta property=\"og:site_name\" content=\"Vie Associative\" \/>\n<meta property=\"article:published_time\" content=\"2025-08-09T05:18:56+00:00\" \/>\n<meta property=\"og:image\" content=\"https:\/\/vieassociative.be\/actualites\/wp-content\/uploads\/2025\/08\/1754414314_422_Les-brins-du-NYT-daujourdhui-indiquent-et-repondent-pour-le.jpg\" \/>\n<meta name=\"author\" content=\"Julien\" \/>\n<meta name=\"twitter:card\" content=\"summary_large_image\" \/>\n<meta name=\"twitter:label1\" content=\"\u00c9crit par\" \/>\n\t<meta name=\"twitter:data1\" content=\"Julien\" \/>\n\t<meta name=\"twitter:label2\" content=\"Dur\u00e9e de lecture est.\" \/>\n\t<meta name=\"twitter:data2\" content=\"7 minutes\" \/>\n<script type=\"application\/ld+json\" class=\"yoast-schema-graph\">{\"@context\":\"https:\/\/schema.org\",\"@graph\":[{\"@type\":\"Article\",\"@id\":\"https:\/\/vieassociative.be\/actualites\/les-aliments-ultra-transformes-sont-ils-vraiment-si-mauvais-pour-vous\/#article\",\"isPartOf\":{\"@id\":\"https:\/\/vieassociative.be\/actualites\/les-aliments-ultra-transformes-sont-ils-vraiment-si-mauvais-pour-vous\/\"},\"author\":{\"name\":\"Julien\",\"@id\":\"https:\/\/vieassociative.be\/actualites\/#\/schema\/person\/b87ac4f82f9d4e7b7cec7395b679edc4\"},\"headline\":\"Les aliments \u00abultra-transform\u00e9s\u00bb sont-ils vraiment si mauvais pour vous?\",\"datePublished\":\"2025-08-09T05:18:56+00:00\",\"dateModified\":\"2025-08-09T05:18:56+00:00\",\"mainEntityOfPage\":{\"@id\":\"https:\/\/vieassociative.be\/actualites\/les-aliments-ultra-transformes-sont-ils-vraiment-si-mauvais-pour-vous\/\"},\"wordCount\":1361,\"publisher\":{\"@id\":\"https:\/\/vieassociative.be\/actualites\/#organization\"},\"image\":{\"@id\":\"https:\/\/vieassociative.be\/actualites\/les-aliments-ultra-transformes-sont-ils-vraiment-si-mauvais-pour-vous\/#primaryimage\"},\"thumbnailUrl\":\"https:\/\/vieassociative.be\/actualites\/wp-content\/uploads\/2025\/08\/Les-aliments-ultra-transformes-sont-ils-vraiment-si-mauvais-pour-vous.jpg\",\"keywords\":[\"aliments\",\"Les\",\"mauvais\",\"pour\",\"sontils\",\"ultratransform\u00e9s\",\"Vous\",\"vraiment\"],\"articleSection\":[\"Sant\u00e9\"],\"inLanguage\":\"fr-BE\"},{\"@type\":\"WebPage\",\"@id\":\"https:\/\/vieassociative.be\/actualites\/les-aliments-ultra-transformes-sont-ils-vraiment-si-mauvais-pour-vous\/\",\"url\":\"https:\/\/vieassociative.be\/actualites\/les-aliments-ultra-transformes-sont-ils-vraiment-si-mauvais-pour-vous\/\",\"name\":\"Les aliments \u00abultra-transform\u00e9s\u00bb sont-ils vraiment si mauvais pour vous? | Vie Associative\",\"isPartOf\":{\"@id\":\"https:\/\/vieassociative.be\/actualites\/#website\"},\"primaryImageOfPage\":{\"@id\":\"https:\/\/vieassociative.be\/actualites\/les-aliments-ultra-transformes-sont-ils-vraiment-si-mauvais-pour-vous\/#primaryimage\"},\"image\":{\"@id\":\"https:\/\/vieassociative.be\/actualites\/les-aliments-ultra-transformes-sont-ils-vraiment-si-mauvais-pour-vous\/#primaryimage\"},\"thumbnailUrl\":\"https:\/\/vieassociative.be\/actualites\/wp-content\/uploads\/2025\/08\/Les-aliments-ultra-transformes-sont-ils-vraiment-si-mauvais-pour-vous.jpg\",\"datePublished\":\"2025-08-09T05:18:56+00:00\",\"dateModified\":\"2025-08-09T05:18:56+00:00\",\"breadcrumb\":{\"@id\":\"https:\/\/vieassociative.be\/actualites\/les-aliments-ultra-transformes-sont-ils-vraiment-si-mauvais-pour-vous\/#breadcrumb\"},\"inLanguage\":\"fr-BE\",\"potentialAction\":[{\"@type\":\"ReadAction\",\"target\":[\"https:\/\/vieassociative.be\/actualites\/les-aliments-ultra-transformes-sont-ils-vraiment-si-mauvais-pour-vous\/\"]}]},{\"@type\":\"ImageObject\",\"inLanguage\":\"fr-BE\",\"@id\":\"https:\/\/vieassociative.be\/actualites\/les-aliments-ultra-transformes-sont-ils-vraiment-si-mauvais-pour-vous\/#primaryimage\",\"url\":\"https:\/\/vieassociative.be\/actualites\/wp-content\/uploads\/2025\/08\/Les-aliments-ultra-transformes-sont-ils-vraiment-si-mauvais-pour-vous.jpg\",\"contentUrl\":\"https:\/\/vieassociative.be\/actualites\/wp-content\/uploads\/2025\/08\/Les-aliments-ultra-transformes-sont-ils-vraiment-si-mauvais-pour-vous.jpg\",\"width\":1200,\"height\":675,\"caption\":\"Les aliments \u00abultra-transform\u00e9s\u00bb sont-ils vraiment si mauvais pour vous?\"},{\"@type\":\"BreadcrumbList\",\"@id\":\"https:\/\/vieassociative.be\/actualites\/les-aliments-ultra-transformes-sont-ils-vraiment-si-mauvais-pour-vous\/#breadcrumb\",\"itemListElement\":[{\"@type\":\"ListItem\",\"position\":1,\"name\":\"Accueil\",\"item\":\"https:\/\/vieassociative.be\/actualites\/\"},{\"@type\":\"ListItem\",\"position\":2,\"name\":\"Les aliments \u00abultra-transform\u00e9s\u00bb sont-ils vraiment si mauvais pour vous?\"}]},{\"@type\":\"WebSite\",\"@id\":\"https:\/\/vieassociative.be\/actualites\/#website\",\"url\":\"https:\/\/vieassociative.be\/actualites\/\",\"name\":\"Vie Associative\",\"description\":\"\",\"publisher\":{\"@id\":\"https:\/\/vieassociative.be\/actualites\/#organization\"},\"potentialAction\":[{\"@type\":\"SearchAction\",\"target\":{\"@type\":\"EntryPoint\",\"urlTemplate\":\"https:\/\/vieassociative.be\/actualites\/?s={search_term_string}\"},\"query-input\":{\"@type\":\"PropertyValueSpecification\",\"valueRequired\":true,\"valueName\":\"search_term_string\"}}],\"inLanguage\":\"fr-BE\"},{\"@type\":\"Organization\",\"@id\":\"https:\/\/vieassociative.be\/actualites\/#organization\",\"name\":\"Vie Associative\",\"url\":\"https:\/\/vieassociative.be\/actualites\/\",\"logo\":{\"@type\":\"ImageObject\",\"inLanguage\":\"fr-BE\",\"@id\":\"https:\/\/vieassociative.be\/actualites\/#\/schema\/logo\/image\/\",\"url\":\"https:\/\/vieassociative.be\/actualites\/wp-content\/uploads\/2024\/09\/cropped-vieassociative_favicon.ico.png\",\"contentUrl\":\"https:\/\/vieassociative.be\/actualites\/wp-content\/uploads\/2024\/09\/cropped-vieassociative_favicon.ico.png\",\"width\":512,\"height\":512,\"caption\":\"Vie Associative\"},\"image\":{\"@id\":\"https:\/\/vieassociative.be\/actualites\/#\/schema\/logo\/image\/\"}},{\"@type\":\"Person\",\"@id\":\"https:\/\/vieassociative.be\/actualites\/#\/schema\/person\/b87ac4f82f9d4e7b7cec7395b679edc4\",\"name\":\"Julien\",\"image\":{\"@type\":\"ImageObject\",\"inLanguage\":\"fr-BE\",\"@id\":\"https:\/\/vieassociative.be\/actualites\/#\/schema\/person\/image\/\",\"url\":\"https:\/\/vieassociative.be\/actualites\/wp-content\/uploads\/2024\/09\/vie-associative-1-150x150.jpg\",\"contentUrl\":\"https:\/\/vieassociative.be\/actualites\/wp-content\/uploads\/2024\/09\/vie-associative-1-150x150.jpg\",\"caption\":\"Julien\"},\"description\":\"Je suis Julien, r\u00e9dacteur pour Vie Associative. Passionn\u00e9 par le monde associatif depuis plus de 10 ans, j'ai \u00e0 c\u0153ur de partager des histoires inspirantes et de mettre en lumi\u00e8re les initiatives locales. Mon objectif est de sensibiliser et d'encourager l'engagement communautaire \u00e0 travers mes articles.\",\"sameAs\":[\"https:\/\/vieassociative.be\/\"]}]}<\/script>\n<!-- \/ Yoast SEO plugin. -->","yoast_head_json":{"title":"Les aliments \u00abultra-transform\u00e9s\u00bb sont-ils vraiment si mauvais pour vous? | Vie Associative","robots":{"index":"index","follow":"follow","max-snippet":"max-snippet:-1","max-image-preview":"max-image-preview:large","max-video-preview":"max-video-preview:-1"},"canonical":"https:\/\/vieassociative.be\/actualites\/les-aliments-ultra-transformes-sont-ils-vraiment-si-mauvais-pour-vous\/","og_locale":"fr_FR","og_type":"article","og_title":"Les aliments \u00abultra-transform\u00e9s\u00bb sont-ils vraiment si mauvais pour vous? | Vie Associative","og_description":"Ils ont \u00e9t\u00e9 li\u00e9s \u00e0 des maladies cardiaques et \u00e0 d&rsquo;autres probl\u00e8mes de sant\u00e9. L&rsquo;Am\u00e9ricain moyen obtient plus de la moiti\u00e9 de leurs calories \u00e0","og_url":"https:\/\/vieassociative.be\/actualites\/les-aliments-ultra-transformes-sont-ils-vraiment-si-mauvais-pour-vous\/","og_site_name":"Vie Associative","article_published_time":"2025-08-09T05:18:56+00:00","og_image":[{"url":"https:\/\/vieassociative.be\/actualites\/wp-content\/uploads\/2025\/08\/1754414314_422_Les-brins-du-NYT-daujourdhui-indiquent-et-repondent-pour-le.jpg","type":"","width":"","height":""}],"author":"Julien","twitter_card":"summary_large_image","twitter_misc":{"\u00c9crit par":"Julien","Dur\u00e9e de lecture est.":"7 minutes"},"schema":{"@context":"https:\/\/schema.org","@graph":[{"@type":"Article","@id":"https:\/\/vieassociative.be\/actualites\/les-aliments-ultra-transformes-sont-ils-vraiment-si-mauvais-pour-vous\/#article","isPartOf":{"@id":"https:\/\/vieassociative.be\/actualites\/les-aliments-ultra-transformes-sont-ils-vraiment-si-mauvais-pour-vous\/"},"author":{"name":"Julien","@id":"https:\/\/vieassociative.be\/actualites\/#\/schema\/person\/b87ac4f82f9d4e7b7cec7395b679edc4"},"headline":"Les aliments \u00abultra-transform\u00e9s\u00bb sont-ils vraiment si mauvais pour vous?","datePublished":"2025-08-09T05:18:56+00:00","dateModified":"2025-08-09T05:18:56+00:00","mainEntityOfPage":{"@id":"https:\/\/vieassociative.be\/actualites\/les-aliments-ultra-transformes-sont-ils-vraiment-si-mauvais-pour-vous\/"},"wordCount":1361,"publisher":{"@id":"https:\/\/vieassociative.be\/actualites\/#organization"},"image":{"@id":"https:\/\/vieassociative.be\/actualites\/les-aliments-ultra-transformes-sont-ils-vraiment-si-mauvais-pour-vous\/#primaryimage"},"thumbnailUrl":"https:\/\/vieassociative.be\/actualites\/wp-content\/uploads\/2025\/08\/Les-aliments-ultra-transformes-sont-ils-vraiment-si-mauvais-pour-vous.jpg","keywords":["aliments","Les","mauvais","pour","sontils","ultratransform\u00e9s","Vous","vraiment"],"articleSection":["Sant\u00e9"],"inLanguage":"fr-BE"},{"@type":"WebPage","@id":"https:\/\/vieassociative.be\/actualites\/les-aliments-ultra-transformes-sont-ils-vraiment-si-mauvais-pour-vous\/","url":"https:\/\/vieassociative.be\/actualites\/les-aliments-ultra-transformes-sont-ils-vraiment-si-mauvais-pour-vous\/","name":"Les aliments \u00abultra-transform\u00e9s\u00bb sont-ils vraiment si mauvais pour vous? | Vie Associative","isPartOf":{"@id":"https:\/\/vieassociative.be\/actualites\/#website"},"primaryImageOfPage":{"@id":"https:\/\/vieassociative.be\/actualites\/les-aliments-ultra-transformes-sont-ils-vraiment-si-mauvais-pour-vous\/#primaryimage"},"image":{"@id":"https:\/\/vieassociative.be\/actualites\/les-aliments-ultra-transformes-sont-ils-vraiment-si-mauvais-pour-vous\/#primaryimage"},"thumbnailUrl":"https:\/\/vieassociative.be\/actualites\/wp-content\/uploads\/2025\/08\/Les-aliments-ultra-transformes-sont-ils-vraiment-si-mauvais-pour-vous.jpg","datePublished":"2025-08-09T05:18:56+00:00","dateModified":"2025-08-09T05:18:56+00:00","breadcrumb":{"@id":"https:\/\/vieassociative.be\/actualites\/les-aliments-ultra-transformes-sont-ils-vraiment-si-mauvais-pour-vous\/#breadcrumb"},"inLanguage":"fr-BE","potentialAction":[{"@type":"ReadAction","target":["https:\/\/vieassociative.be\/actualites\/les-aliments-ultra-transformes-sont-ils-vraiment-si-mauvais-pour-vous\/"]}]},{"@type":"ImageObject","inLanguage":"fr-BE","@id":"https:\/\/vieassociative.be\/actualites\/les-aliments-ultra-transformes-sont-ils-vraiment-si-mauvais-pour-vous\/#primaryimage","url":"https:\/\/vieassociative.be\/actualites\/wp-content\/uploads\/2025\/08\/Les-aliments-ultra-transformes-sont-ils-vraiment-si-mauvais-pour-vous.jpg","contentUrl":"https:\/\/vieassociative.be\/actualites\/wp-content\/uploads\/2025\/08\/Les-aliments-ultra-transformes-sont-ils-vraiment-si-mauvais-pour-vous.jpg","width":1200,"height":675,"caption":"Les aliments \u00abultra-transform\u00e9s\u00bb sont-ils vraiment si mauvais pour vous?"},{"@type":"BreadcrumbList","@id":"https:\/\/vieassociative.be\/actualites\/les-aliments-ultra-transformes-sont-ils-vraiment-si-mauvais-pour-vous\/#breadcrumb","itemListElement":[{"@type":"ListItem","position":1,"name":"Accueil","item":"https:\/\/vieassociative.be\/actualites\/"},{"@type":"ListItem","position":2,"name":"Les aliments \u00abultra-transform\u00e9s\u00bb sont-ils vraiment si mauvais pour vous?"}]},{"@type":"WebSite","@id":"https:\/\/vieassociative.be\/actualites\/#website","url":"https:\/\/vieassociative.be\/actualites\/","name":"Vie Associative","description":"","publisher":{"@id":"https:\/\/vieassociative.be\/actualites\/#organization"},"potentialAction":[{"@type":"SearchAction","target":{"@type":"EntryPoint","urlTemplate":"https:\/\/vieassociative.be\/actualites\/?s={search_term_string}"},"query-input":{"@type":"PropertyValueSpecification","valueRequired":true,"valueName":"search_term_string"}}],"inLanguage":"fr-BE"},{"@type":"Organization","@id":"https:\/\/vieassociative.be\/actualites\/#organization","name":"Vie Associative","url":"https:\/\/vieassociative.be\/actualites\/","logo":{"@type":"ImageObject","inLanguage":"fr-BE","@id":"https:\/\/vieassociative.be\/actualites\/#\/schema\/logo\/image\/","url":"https:\/\/vieassociative.be\/actualites\/wp-content\/uploads\/2024\/09\/cropped-vieassociative_favicon.ico.png","contentUrl":"https:\/\/vieassociative.be\/actualites\/wp-content\/uploads\/2024\/09\/cropped-vieassociative_favicon.ico.png","width":512,"height":512,"caption":"Vie Associative"},"image":{"@id":"https:\/\/vieassociative.be\/actualites\/#\/schema\/logo\/image\/"}},{"@type":"Person","@id":"https:\/\/vieassociative.be\/actualites\/#\/schema\/person\/b87ac4f82f9d4e7b7cec7395b679edc4","name":"Julien","image":{"@type":"ImageObject","inLanguage":"fr-BE","@id":"https:\/\/vieassociative.be\/actualites\/#\/schema\/person\/image\/","url":"https:\/\/vieassociative.be\/actualites\/wp-content\/uploads\/2024\/09\/vie-associative-1-150x150.jpg","contentUrl":"https:\/\/vieassociative.be\/actualites\/wp-content\/uploads\/2024\/09\/vie-associative-1-150x150.jpg","caption":"Julien"},"description":"Je suis Julien, r\u00e9dacteur pour Vie Associative. Passionn\u00e9 par le monde associatif depuis plus de 10 ans, j'ai \u00e0 c\u0153ur de partager des histoires inspirantes et de mettre en lumi\u00e8re les initiatives locales. Mon objectif est de sensibiliser et d'encourager l'engagement communautaire \u00e0 travers mes articles.","sameAs":["https:\/\/vieassociative.be\/"]}]}},"_links":{"self":[{"href":"https:\/\/vieassociative.be\/actualites\/wp-json\/wp\/v2\/posts\/9298"}],"collection":[{"href":"https:\/\/vieassociative.be\/actualites\/wp-json\/wp\/v2\/posts"}],"about":[{"href":"https:\/\/vieassociative.be\/actualites\/wp-json\/wp\/v2\/types\/post"}],"author":[{"embeddable":true,"href":"https:\/\/vieassociative.be\/actualites\/wp-json\/wp\/v2\/users\/1"}],"replies":[{"embeddable":true,"href":"https:\/\/vieassociative.be\/actualites\/wp-json\/wp\/v2\/comments?post=9298"}],"version-history":[{"count":0,"href":"https:\/\/vieassociative.be\/actualites\/wp-json\/wp\/v2\/posts\/9298\/revisions"}],"wp:featuredmedia":[{"embeddable":true,"href":"https:\/\/vieassociative.be\/actualites\/wp-json\/wp\/v2\/media\/9299"}],"wp:attachment":[{"href":"https:\/\/vieassociative.be\/actualites\/wp-json\/wp\/v2\/media?parent=9298"}],"wp:term":[{"taxonomy":"category","embeddable":true,"href":"https:\/\/vieassociative.be\/actualites\/wp-json\/wp\/v2\/categories?post=9298"},{"taxonomy":"post_tag","embeddable":true,"href":"https:\/\/vieassociative.be\/actualites\/wp-json\/wp\/v2\/tags?post=9298"}],"curies":[{"name":"wp","href":"https:\/\/api.w.org\/{rel}","templated":true}]}}