{"id":9296,"date":"2025-08-09T04:17:52","date_gmt":"2025-08-09T02:17:52","guid":{"rendered":"https:\/\/vieassociative.be\/actualites\/kremlin-rencontre-de-poutine-avec-trump-dans-les-prochains-jours\/"},"modified":"2025-08-09T04:17:52","modified_gmt":"2025-08-09T02:17:52","slug":"kremlin-rencontre-de-poutine-avec-trump-dans-les-prochains-jours","status":"publish","type":"post","link":"https:\/\/vieassociative.be\/actualites\/kremlin-rencontre-de-poutine-avec-trump-dans-les-prochains-jours\/","title":{"rendered":"Kremlin: Rencontre de Poutine avec Trump dans les prochains jours"},"content":{"rendered":"<p><strong>Le Kremlin \u00e0 Moscou a confirm\u00e9 un accord sur une prochaine r\u00e9union du pr\u00e9sident russe Vladimir Poutine avec son coll\u00e8gue am\u00e9ricain Donald Trump.<\/strong><\/p>\n<p><span id=\"more-421922\"><\/span>Les pr\u00e9paratifs du sommet ont commenc\u00e9 dans les prochains jours, comme l&rsquo;a dit Juri Uschakow, conseiller en politique \u00e9trang\u00e8re de Poutine, \u00e0 l&rsquo;agence de presse russe Interfax. L&rsquo;\u00e9quipe am\u00e9ricaine avait pr\u00e9c\u00e9demment rendu compte de ces plans.<\/p>\n<p>\u00ab\u00a0La semaine suivante a \u00e9t\u00e9 nomm\u00e9e comme le point d&rsquo;orientation, mais les pages commencent par les pr\u00e9paratifs de cette importante r\u00e9union, et combien de temps les pr\u00e9paratifs prendront sont encore difficiles \u00e0 dire\u00a0\u00bb, a d\u00e9clar\u00e9 Uschakow. Il y a la possibilit\u00e9 de tenir le sommet la semaine prochaine. Il n&rsquo;a pas appel\u00e9 un endroit.<\/p>\n<div id=\"attachment_421926\" class=\"wp-caption alignleft\" style=\"max-width: 300px\"><img fetchpriority=\"high\" decoding=\"async\" class=\"wp-image-421926 size-medium\" src=\"https:\/\/vieassociative.be\/actualites\/wp-content\/uploads\/2025\/08\/Kremlin-Rencontre-de-Poutine-avec-Trump-dans-les-prochains-jours.jpg\" alt=\"\" width=\"300\" height=\"210\"><\/div>\n<p>La Russie est positive sur les conversations directes, a d\u00e9clar\u00e9 le repr\u00e9sentant du Kremlin. En cons\u00e9quence, la r\u00e9union a fait l&rsquo;objet de la conversation de Poutine la veille avec l&rsquo;envoy\u00e9 sp\u00e9cial am\u00e9ricain Steve Witkoff \u00e0 Moscou. Selon Kremlin, Witkoff, qui avait frapp\u00e9 Poutine pour la cinqui\u00e8me fois, a apport\u00e9 des \u00ab\u00a0signaux\u00a0\u00bb \u00e0 Trump. Uschakow n&rsquo;avait pas donn\u00e9 de d\u00e9tails mercredi.<\/p>\n<p>Cependant, Uschakow n&rsquo;a pas confirm\u00e9 que la r\u00e9union de Poutine avec le pr\u00e9sident ukrainien Wolodymyr Selenskyj devrait \u00e9galement \u00eatre planifi\u00e9e. \u00ab\u00a0En ce qui concerne l&rsquo;option d&rsquo;une r\u00e9union de trois personnes, qui a \u00e9t\u00e9 prononc\u00e9e hier pour une raison quelconque \u00e0 Washington, cette option n&rsquo;a \u00e9t\u00e9 mentionn\u00e9e que par le repr\u00e9sentant am\u00e9ricain lors de la r\u00e9union \u00e0 Kremlin\u00a0\u00bb, a-t-il d\u00e9clar\u00e9 en vue de la visite de Witkoff. Rien de sp\u00e9cifiquement n&rsquo;a \u00e9t\u00e9 discut\u00e9. Il avait pr\u00e9c\u00e9demment d\u00e9crit les pourparlers de l&rsquo;envoy\u00e9 sp\u00e9cial am\u00e9ricain avec Poutine comme utile et constructif.<\/p>\n<p>\u00ab\u00a0Nous sugg\u00e9rons de nous concentrer sur la pr\u00e9paration de la r\u00e9union bilat\u00e9rale avec Trump, et consid\u00e9rons qu&rsquo;il est important que cette r\u00e9union soit r\u00e9ussie et fertile\u00a0\u00bb, a soulign\u00e9 Uschakow.<\/p>\n<p>Selenskyj avait demand\u00e9 \u00e0 plusieurs reprises \u00e0 Poutine une r\u00e9union. Cependant, le Kremlin a toujours clairement indiqu\u00e9 que les conditions doivent d&rsquo;abord \u00eatre cr\u00e9\u00e9es. Ce que l&rsquo;on entend, c&rsquo;est un accord au niveau des experts sur une solution pacifique au conflit ukrainien. Jusqu&rsquo;\u00e0 pr\u00e9sent, ce n&rsquo;est pas en vue. N\u00e9anmoins, le Kremlin a toujours eu un accord avec les \u00c9tats-Unis sur une solution dans le conflit comme condition pour une r\u00e9union de Poutine avec Trump. Moscou s&rsquo;est maintenant \u00e9loign\u00e9 de cette ligne.<\/p>\n<p>La Russie est une guerre destructrice contre l&rsquo;Ukraine depuis plus de trois ans. Le pr\u00e9sident am\u00e9ricain Trump avait d\u00e9clar\u00e9 \u00e0 plusieurs reprises qu&rsquo;ils voulaient mettre fin \u00e0 la guerre rapidement. (DPA)<\/p>\n","protected":false},"excerpt":{"rendered":"<p>Le Kremlin \u00e0 Moscou a confirm\u00e9 un accord sur une prochaine r\u00e9union du pr\u00e9sident russe Vladimir Poutine avec son coll\u00e8gue am\u00e9ricain Donald Trump. Les pr\u00e9paratifs<\/p>\n","protected":false},"author":1,"featured_media":9297,"comment_status":"","ping_status":"","sticky":false,"template":"","format":"standard","meta":{"footnotes":""},"categories":[298],"tags":[61,166,937,8108,14,4227,5700,1184,2425],"class_list":["post-9296","post","type-post","status-publish","format-standard","has-post-thumbnail","hentry","category-belgique","tag-avec","tag-dans","tag-jours","tag-kremlin","tag-les","tag-poutine","tag-prochains","tag-rencontre","tag-trump","generate-columns","tablet-grid-50","mobile-grid-100","grid-parent","grid-33"],"yoast_head":"<!-- This site is optimized with the Yoast SEO plugin v24.0 - https:\/\/yoast.com\/wordpress\/plugins\/seo\/ -->\n<title>Kremlin: Rencontre de Poutine avec Trump dans les prochains jours | Vie Associative<\/title>\n<meta name=\"robots\" content=\"index, follow, max-snippet:-1, max-image-preview:large, max-video-preview:-1\" \/>\n<link rel=\"canonical\" href=\"https:\/\/vieassociative.be\/actualites\/kremlin-rencontre-de-poutine-avec-trump-dans-les-prochains-jours\/\" \/>\n<meta property=\"og:locale\" content=\"fr_FR\" \/>\n<meta property=\"og:type\" content=\"article\" \/>\n<meta property=\"og:title\" content=\"Kremlin: Rencontre de Poutine avec Trump dans les prochains jours | Vie Associative\" \/>\n<meta property=\"og:description\" content=\"Le Kremlin \u00e0 Moscou a confirm\u00e9 un accord sur une prochaine r\u00e9union du pr\u00e9sident russe Vladimir Poutine avec son coll\u00e8gue am\u00e9ricain Donald Trump. Les pr\u00e9paratifs\" \/>\n<meta property=\"og:url\" content=\"https:\/\/vieassociative.be\/actualites\/kremlin-rencontre-de-poutine-avec-trump-dans-les-prochains-jours\/\" \/>\n<meta property=\"og:site_name\" content=\"Vie Associative\" \/>\n<meta property=\"article:published_time\" content=\"2025-08-09T02:17:52+00:00\" \/>\n<meta property=\"og:image\" content=\"https:\/\/vieassociative.be\/actualites\/wp-content\/uploads\/2024\/09\/header_backgroundk-01-e1726694325946.png\" \/>\n\t<meta property=\"og:image:width\" content=\"279\" \/>\n\t<meta property=\"og:image:height\" content=\"92\" \/>\n\t<meta property=\"og:image:type\" content=\"image\/png\" \/>\n<meta name=\"author\" content=\"Julien\" \/>\n<meta name=\"twitter:card\" content=\"summary_large_image\" \/>\n<meta name=\"twitter:label1\" content=\"\u00c9crit par\" \/>\n\t<meta name=\"twitter:data1\" content=\"Julien\" \/>\n\t<meta name=\"twitter:label2\" content=\"Dur\u00e9e de lecture est.\" \/>\n\t<meta name=\"twitter:data2\" content=\"2 minutes\" \/>\n<script type=\"application\/ld+json\" class=\"yoast-schema-graph\">{\"@context\":\"https:\/\/schema.org\",\"@graph\":[{\"@type\":\"Article\",\"@id\":\"https:\/\/vieassociative.be\/actualites\/kremlin-rencontre-de-poutine-avec-trump-dans-les-prochains-jours\/#article\",\"isPartOf\":{\"@id\":\"https:\/\/vieassociative.be\/actualites\/kremlin-rencontre-de-poutine-avec-trump-dans-les-prochains-jours\/\"},\"author\":{\"name\":\"Julien\",\"@id\":\"https:\/\/vieassociative.be\/actualites\/#\/schema\/person\/b87ac4f82f9d4e7b7cec7395b679edc4\"},\"headline\":\"Kremlin: Rencontre de Poutine avec Trump dans les prochains jours\",\"datePublished\":\"2025-08-09T02:17:52+00:00\",\"dateModified\":\"2025-08-09T02:17:52+00:00\",\"mainEntityOfPage\":{\"@id\":\"https:\/\/vieassociative.be\/actualites\/kremlin-rencontre-de-poutine-avec-trump-dans-les-prochains-jours\/\"},\"wordCount\":477,\"publisher\":{\"@id\":\"https:\/\/vieassociative.be\/actualites\/#organization\"},\"image\":{\"@id\":\"https:\/\/vieassociative.be\/actualites\/kremlin-rencontre-de-poutine-avec-trump-dans-les-prochains-jours\/#primaryimage\"},\"thumbnailUrl\":\"https:\/\/vieassociative.be\/actualites\/wp-content\/uploads\/2025\/08\/1754705872_Kremlin-Rencontre-de-Poutine-avec-Trump-dans-les-prochains-jours.jpg\",\"keywords\":[\"avec\",\"dans\",\"jours\",\"Kremlin\",\"Les\",\"Poutine\",\"prochains\",\"rencontre\",\"Trump\"],\"articleSection\":[\"Belgique\"],\"inLanguage\":\"fr-BE\"},{\"@type\":\"WebPage\",\"@id\":\"https:\/\/vieassociative.be\/actualites\/kremlin-rencontre-de-poutine-avec-trump-dans-les-prochains-jours\/\",\"url\":\"https:\/\/vieassociative.be\/actualites\/kremlin-rencontre-de-poutine-avec-trump-dans-les-prochains-jours\/\",\"name\":\"Kremlin: Rencontre de Poutine avec Trump dans les prochains jours | Vie Associative\",\"isPartOf\":{\"@id\":\"https:\/\/vieassociative.be\/actualites\/#website\"},\"primaryImageOfPage\":{\"@id\":\"https:\/\/vieassociative.be\/actualites\/kremlin-rencontre-de-poutine-avec-trump-dans-les-prochains-jours\/#primaryimage\"},\"image\":{\"@id\":\"https:\/\/vieassociative.be\/actualites\/kremlin-rencontre-de-poutine-avec-trump-dans-les-prochains-jours\/#primaryimage\"},\"thumbnailUrl\":\"https:\/\/vieassociative.be\/actualites\/wp-content\/uploads\/2025\/08\/1754705872_Kremlin-Rencontre-de-Poutine-avec-Trump-dans-les-prochains-jours.jpg\",\"datePublished\":\"2025-08-09T02:17:52+00:00\",\"dateModified\":\"2025-08-09T02:17:52+00:00\",\"breadcrumb\":{\"@id\":\"https:\/\/vieassociative.be\/actualites\/kremlin-rencontre-de-poutine-avec-trump-dans-les-prochains-jours\/#breadcrumb\"},\"inLanguage\":\"fr-BE\",\"potentialAction\":[{\"@type\":\"ReadAction\",\"target\":[\"https:\/\/vieassociative.be\/actualites\/kremlin-rencontre-de-poutine-avec-trump-dans-les-prochains-jours\/\"]}]},{\"@type\":\"ImageObject\",\"inLanguage\":\"fr-BE\",\"@id\":\"https:\/\/vieassociative.be\/actualites\/kremlin-rencontre-de-poutine-avec-trump-dans-les-prochains-jours\/#primaryimage\",\"url\":\"https:\/\/vieassociative.be\/actualites\/wp-content\/uploads\/2025\/08\/1754705872_Kremlin-Rencontre-de-Poutine-avec-Trump-dans-les-prochains-jours.jpg\",\"contentUrl\":\"https:\/\/vieassociative.be\/actualites\/wp-content\/uploads\/2025\/08\/1754705872_Kremlin-Rencontre-de-Poutine-avec-Trump-dans-les-prochains-jours.jpg\",\"width\":1200,\"height\":800,\"caption\":\"Kremlin: Rencontre de Poutine avec Trump dans les prochains jours\"},{\"@type\":\"BreadcrumbList\",\"@id\":\"https:\/\/vieassociative.be\/actualites\/kremlin-rencontre-de-poutine-avec-trump-dans-les-prochains-jours\/#breadcrumb\",\"itemListElement\":[{\"@type\":\"ListItem\",\"position\":1,\"name\":\"Accueil\",\"item\":\"https:\/\/vieassociative.be\/actualites\/\"},{\"@type\":\"ListItem\",\"position\":2,\"name\":\"Kremlin: Rencontre de Poutine avec Trump dans les prochains jours\"}]},{\"@type\":\"WebSite\",\"@id\":\"https:\/\/vieassociative.be\/actualites\/#website\",\"url\":\"https:\/\/vieassociative.be\/actualites\/\",\"name\":\"Vie Associative\",\"description\":\"\",\"publisher\":{\"@id\":\"https:\/\/vieassociative.be\/actualites\/#organization\"},\"potentialAction\":[{\"@type\":\"SearchAction\",\"target\":{\"@type\":\"EntryPoint\",\"urlTemplate\":\"https:\/\/vieassociative.be\/actualites\/?s={search_term_string}\"},\"query-input\":{\"@type\":\"PropertyValueSpecification\",\"valueRequired\":true,\"valueName\":\"search_term_string\"}}],\"inLanguage\":\"fr-BE\"},{\"@type\":\"Organization\",\"@id\":\"https:\/\/vieassociative.be\/actualites\/#organization\",\"name\":\"Vie Associative\",\"url\":\"https:\/\/vieassociative.be\/actualites\/\",\"logo\":{\"@type\":\"ImageObject\",\"inLanguage\":\"fr-BE\",\"@id\":\"https:\/\/vieassociative.be\/actualites\/#\/schema\/logo\/image\/\",\"url\":\"https:\/\/vieassociative.be\/actualites\/wp-content\/uploads\/2024\/09\/cropped-vieassociative_favicon.ico.png\",\"contentUrl\":\"https:\/\/vieassociative.be\/actualites\/wp-content\/uploads\/2024\/09\/cropped-vieassociative_favicon.ico.png\",\"width\":512,\"height\":512,\"caption\":\"Vie Associative\"},\"image\":{\"@id\":\"https:\/\/vieassociative.be\/actualites\/#\/schema\/logo\/image\/\"}},{\"@type\":\"Person\",\"@id\":\"https:\/\/vieassociative.be\/actualites\/#\/schema\/person\/b87ac4f82f9d4e7b7cec7395b679edc4\",\"name\":\"Julien\",\"image\":{\"@type\":\"ImageObject\",\"inLanguage\":\"fr-BE\",\"@id\":\"https:\/\/vieassociative.be\/actualites\/#\/schema\/person\/image\/\",\"url\":\"https:\/\/vieassociative.be\/actualites\/wp-content\/uploads\/2024\/09\/vie-associative-1-150x150.jpg\",\"contentUrl\":\"https:\/\/vieassociative.be\/actualites\/wp-content\/uploads\/2024\/09\/vie-associative-1-150x150.jpg\",\"caption\":\"Julien\"},\"description\":\"Je suis Julien, r\u00e9dacteur pour Vie Associative. Passionn\u00e9 par le monde associatif depuis plus de 10 ans, j'ai \u00e0 c\u0153ur de partager des histoires inspirantes et de mettre en lumi\u00e8re les initiatives locales. Mon objectif est de sensibiliser et d'encourager l'engagement communautaire \u00e0 travers mes articles.\",\"sameAs\":[\"https:\/\/vieassociative.be\/\"]}]}<\/script>\n<!-- \/ Yoast SEO plugin. -->","yoast_head_json":{"title":"Kremlin: Rencontre de Poutine avec Trump dans les prochains jours | Vie Associative","robots":{"index":"index","follow":"follow","max-snippet":"max-snippet:-1","max-image-preview":"max-image-preview:large","max-video-preview":"max-video-preview:-1"},"canonical":"https:\/\/vieassociative.be\/actualites\/kremlin-rencontre-de-poutine-avec-trump-dans-les-prochains-jours\/","og_locale":"fr_FR","og_type":"article","og_title":"Kremlin: Rencontre de Poutine avec Trump dans les prochains jours | Vie Associative","og_description":"Le Kremlin \u00e0 Moscou a confirm\u00e9 un accord sur une prochaine r\u00e9union du pr\u00e9sident russe Vladimir Poutine avec son coll\u00e8gue am\u00e9ricain Donald Trump. Les pr\u00e9paratifs","og_url":"https:\/\/vieassociative.be\/actualites\/kremlin-rencontre-de-poutine-avec-trump-dans-les-prochains-jours\/","og_site_name":"Vie Associative","article_published_time":"2025-08-09T02:17:52+00:00","og_image":[{"width":279,"height":92,"url":"https:\/\/vieassociative.be\/actualites\/wp-content\/uploads\/2024\/09\/header_backgroundk-01-e1726694325946.png","type":"image\/png"}],"author":"Julien","twitter_card":"summary_large_image","twitter_misc":{"\u00c9crit par":"Julien","Dur\u00e9e de lecture est.":"2 minutes"},"schema":{"@context":"https:\/\/schema.org","@graph":[{"@type":"Article","@id":"https:\/\/vieassociative.be\/actualites\/kremlin-rencontre-de-poutine-avec-trump-dans-les-prochains-jours\/#article","isPartOf":{"@id":"https:\/\/vieassociative.be\/actualites\/kremlin-rencontre-de-poutine-avec-trump-dans-les-prochains-jours\/"},"author":{"name":"Julien","@id":"https:\/\/vieassociative.be\/actualites\/#\/schema\/person\/b87ac4f82f9d4e7b7cec7395b679edc4"},"headline":"Kremlin: Rencontre de Poutine avec Trump dans les prochains jours","datePublished":"2025-08-09T02:17:52+00:00","dateModified":"2025-08-09T02:17:52+00:00","mainEntityOfPage":{"@id":"https:\/\/vieassociative.be\/actualites\/kremlin-rencontre-de-poutine-avec-trump-dans-les-prochains-jours\/"},"wordCount":477,"publisher":{"@id":"https:\/\/vieassociative.be\/actualites\/#organization"},"image":{"@id":"https:\/\/vieassociative.be\/actualites\/kremlin-rencontre-de-poutine-avec-trump-dans-les-prochains-jours\/#primaryimage"},"thumbnailUrl":"https:\/\/vieassociative.be\/actualites\/wp-content\/uploads\/2025\/08\/1754705872_Kremlin-Rencontre-de-Poutine-avec-Trump-dans-les-prochains-jours.jpg","keywords":["avec","dans","jours","Kremlin","Les","Poutine","prochains","rencontre","Trump"],"articleSection":["Belgique"],"inLanguage":"fr-BE"},{"@type":"WebPage","@id":"https:\/\/vieassociative.be\/actualites\/kremlin-rencontre-de-poutine-avec-trump-dans-les-prochains-jours\/","url":"https:\/\/vieassociative.be\/actualites\/kremlin-rencontre-de-poutine-avec-trump-dans-les-prochains-jours\/","name":"Kremlin: Rencontre de Poutine avec Trump dans les prochains jours | Vie Associative","isPartOf":{"@id":"https:\/\/vieassociative.be\/actualites\/#website"},"primaryImageOfPage":{"@id":"https:\/\/vieassociative.be\/actualites\/kremlin-rencontre-de-poutine-avec-trump-dans-les-prochains-jours\/#primaryimage"},"image":{"@id":"https:\/\/vieassociative.be\/actualites\/kremlin-rencontre-de-poutine-avec-trump-dans-les-prochains-jours\/#primaryimage"},"thumbnailUrl":"https:\/\/vieassociative.be\/actualites\/wp-content\/uploads\/2025\/08\/1754705872_Kremlin-Rencontre-de-Poutine-avec-Trump-dans-les-prochains-jours.jpg","datePublished":"2025-08-09T02:17:52+00:00","dateModified":"2025-08-09T02:17:52+00:00","breadcrumb":{"@id":"https:\/\/vieassociative.be\/actualites\/kremlin-rencontre-de-poutine-avec-trump-dans-les-prochains-jours\/#breadcrumb"},"inLanguage":"fr-BE","potentialAction":[{"@type":"ReadAction","target":["https:\/\/vieassociative.be\/actualites\/kremlin-rencontre-de-poutine-avec-trump-dans-les-prochains-jours\/"]}]},{"@type":"ImageObject","inLanguage":"fr-BE","@id":"https:\/\/vieassociative.be\/actualites\/kremlin-rencontre-de-poutine-avec-trump-dans-les-prochains-jours\/#primaryimage","url":"https:\/\/vieassociative.be\/actualites\/wp-content\/uploads\/2025\/08\/1754705872_Kremlin-Rencontre-de-Poutine-avec-Trump-dans-les-prochains-jours.jpg","contentUrl":"https:\/\/vieassociative.be\/actualites\/wp-content\/uploads\/2025\/08\/1754705872_Kremlin-Rencontre-de-Poutine-avec-Trump-dans-les-prochains-jours.jpg","width":1200,"height":800,"caption":"Kremlin: Rencontre de Poutine avec Trump dans les prochains jours"},{"@type":"BreadcrumbList","@id":"https:\/\/vieassociative.be\/actualites\/kremlin-rencontre-de-poutine-avec-trump-dans-les-prochains-jours\/#breadcrumb","itemListElement":[{"@type":"ListItem","position":1,"name":"Accueil","item":"https:\/\/vieassociative.be\/actualites\/"},{"@type":"ListItem","position":2,"name":"Kremlin: Rencontre de Poutine avec Trump dans les prochains jours"}]},{"@type":"WebSite","@id":"https:\/\/vieassociative.be\/actualites\/#website","url":"https:\/\/vieassociative.be\/actualites\/","name":"Vie Associative","description":"","publisher":{"@id":"https:\/\/vieassociative.be\/actualites\/#organization"},"potentialAction":[{"@type":"SearchAction","target":{"@type":"EntryPoint","urlTemplate":"https:\/\/vieassociative.be\/actualites\/?s={search_term_string}"},"query-input":{"@type":"PropertyValueSpecification","valueRequired":true,"valueName":"search_term_string"}}],"inLanguage":"fr-BE"},{"@type":"Organization","@id":"https:\/\/vieassociative.be\/actualites\/#organization","name":"Vie Associative","url":"https:\/\/vieassociative.be\/actualites\/","logo":{"@type":"ImageObject","inLanguage":"fr-BE","@id":"https:\/\/vieassociative.be\/actualites\/#\/schema\/logo\/image\/","url":"https:\/\/vieassociative.be\/actualites\/wp-content\/uploads\/2024\/09\/cropped-vieassociative_favicon.ico.png","contentUrl":"https:\/\/vieassociative.be\/actualites\/wp-content\/uploads\/2024\/09\/cropped-vieassociative_favicon.ico.png","width":512,"height":512,"caption":"Vie Associative"},"image":{"@id":"https:\/\/vieassociative.be\/actualites\/#\/schema\/logo\/image\/"}},{"@type":"Person","@id":"https:\/\/vieassociative.be\/actualites\/#\/schema\/person\/b87ac4f82f9d4e7b7cec7395b679edc4","name":"Julien","image":{"@type":"ImageObject","inLanguage":"fr-BE","@id":"https:\/\/vieassociative.be\/actualites\/#\/schema\/person\/image\/","url":"https:\/\/vieassociative.be\/actualites\/wp-content\/uploads\/2024\/09\/vie-associative-1-150x150.jpg","contentUrl":"https:\/\/vieassociative.be\/actualites\/wp-content\/uploads\/2024\/09\/vie-associative-1-150x150.jpg","caption":"Julien"},"description":"Je suis Julien, r\u00e9dacteur pour Vie Associative. Passionn\u00e9 par le monde associatif depuis plus de 10 ans, j'ai \u00e0 c\u0153ur de partager des histoires inspirantes et de mettre en lumi\u00e8re les initiatives locales. Mon objectif est de sensibiliser et d'encourager l'engagement communautaire \u00e0 travers mes articles.","sameAs":["https:\/\/vieassociative.be\/"]}]}},"_links":{"self":[{"href":"https:\/\/vieassociative.be\/actualites\/wp-json\/wp\/v2\/posts\/9296"}],"collection":[{"href":"https:\/\/vieassociative.be\/actualites\/wp-json\/wp\/v2\/posts"}],"about":[{"href":"https:\/\/vieassociative.be\/actualites\/wp-json\/wp\/v2\/types\/post"}],"author":[{"embeddable":true,"href":"https:\/\/vieassociative.be\/actualites\/wp-json\/wp\/v2\/users\/1"}],"replies":[{"embeddable":true,"href":"https:\/\/vieassociative.be\/actualites\/wp-json\/wp\/v2\/comments?post=9296"}],"version-history":[{"count":0,"href":"https:\/\/vieassociative.be\/actualites\/wp-json\/wp\/v2\/posts\/9296\/revisions"}],"wp:featuredmedia":[{"embeddable":true,"href":"https:\/\/vieassociative.be\/actualites\/wp-json\/wp\/v2\/media\/9297"}],"wp:attachment":[{"href":"https:\/\/vieassociative.be\/actualites\/wp-json\/wp\/v2\/media?parent=9296"}],"wp:term":[{"taxonomy":"category","embeddable":true,"href":"https:\/\/vieassociative.be\/actualites\/wp-json\/wp\/v2\/categories?post=9296"},{"taxonomy":"post_tag","embeddable":true,"href":"https:\/\/vieassociative.be\/actualites\/wp-json\/wp\/v2\/tags?post=9296"}],"curies":[{"name":"wp","href":"https:\/\/api.w.org\/{rel}","templated":true}]}}