{"id":9294,"date":"2025-08-09T03:17:44","date_gmt":"2025-08-09T01:17:44","guid":{"rendered":"https:\/\/vieassociative.be\/actualites\/jai-dirige-le-modele-open-weight-dopenai-sur-mon-ordinateur-portable-mais-je-ne-le-recommanderais-pas\/"},"modified":"2025-08-09T03:17:44","modified_gmt":"2025-08-09T01:17:44","slug":"jai-dirige-le-modele-open-weight-dopenai-sur-mon-ordinateur-portable-mais-je-ne-le-recommanderais-pas","status":"publish","type":"post","link":"https:\/\/vieassociative.be\/actualites\/jai-dirige-le-modele-open-weight-dopenai-sur-mon-ordinateur-portable-mais-je-ne-le-recommanderais-pas\/","title":{"rendered":"J&rsquo;ai dirig\u00e9 le mod\u00e8le \u00ab\u00a0 Open-Weight \u00a0\u00bb d&rsquo;Openai sur mon ordinateur portable (mais je ne le recommanderais pas)"},"content":{"rendered":"<div class=\"mt-4 leading-6 md:mb-8\">Il a fallu 90 secondes pour calculer la r\u00e9ponse \u00e0 \u00ab\u00a02 + 2\u00a0\u00bb.<\/div>\n<p><\/p>\n<p>Tous les yeux de l&rsquo;IA pourraient \u00eatre sur GPT-5 cette semaine, le dernier mod\u00e8le de langue grand d&rsquo;Openai. Mais en regardant au-del\u00e0 du battage m\u00e9diatique (et de la d\u00e9ception), il y a eu une autre grande annonce Openai cette semaine: GPT-OSS, un nouveau mod\u00e8le d&rsquo;IA que vous pouvez ex\u00e9cuter localement sur votre propre appareil. Je l&rsquo;ai fait fonctionner sur mon ordinateur portable et mon iMac, bien que je ne sois pas s\u00fbr de vous recommander de faire de m\u00eame.<\/p>\n<h2 id=\"whats-the-big-deal-with-gpt-oss\">Quel est le probl\u00e8me avec GPT-ASS?<\/h2>\n<p>GPT-ASS est, comme GPT-5, un mod\u00e8le d&rsquo;IA. Cependant, contrairement \u00e0 la derni\u00e8re et la plus grande LLM d&rsquo;Openai, GPT-ASS est \u00ab\u00a0Open-Weight\u00a0\u00bb. Cela permet aux d\u00e9veloppeurs de personnaliser et d&rsquo;affiner le mod\u00e8le \u00e0 leurs cas d&rsquo;utilisation sp\u00e9cifiques. C&rsquo;est diff\u00e9rent de l&rsquo;open source, cependant: OpenAI aurait d\u00fb inclure \u00e0 la fois le code sous-jacent pour le mod\u00e8le ainsi que les donn\u00e9es sur lesquelles le mod\u00e8le est form\u00e9. Au lieu de cela, l&rsquo;entreprise donne simplement aux d\u00e9veloppeurs acc\u00e8s aux \u00abpoids\u00bb ou, en d&rsquo;autres termes, aux contr\u00f4les de la fa\u00e7on dont le mod\u00e8le comprend les relations entre les donn\u00e9es. <\/p>\n<p>Je ne suis pas un d\u00e9veloppeur, donc je ne peux pas profiter de cet avantage. Ce que moi <em>peut<\/em> Faire avec GPT-ASS que je ne peux pas faire avec GPT-5, cependant, est ex\u00e9cut\u00e9 le mod\u00e8le localement sur mon Mac. Le grand avantage l\u00e0-bas, du moins pour un utilisateur g\u00e9n\u00e9ral comme moi, est que je peux ex\u00e9cuter un LLM sans connexion Internet. Cela en fait peut-\u00eatre la fa\u00e7on la plus priv\u00e9e d&rsquo;utiliser un mod\u00e8le OpenAI, compte tenu de la soci\u00e9t\u00e9 hoovers toutes les donn\u00e9es que je g\u00e9n\u00e8re lorsque j&rsquo;utilise Chatgpt.<\/p>\n<div class=\"mx-auto mb-12 mt-5 w-full max-w-3xl rounded-md border-2 border-gray-100 p-3 shadow-md md:px-7 md:pb-7 md:pt-5\" id=\"related-video\">\n<div class=\"mb-3 flex items-center md:mb-5\">\n        <img decoding=\"async\" class=\"mr-4 mt-0 h-10 w-10 md:mr-5 md:h-12 md:w-12\" src=\"https:\/\/vieassociative.be\/actualites\/wp-content\/uploads\/2025\/08\/1754414314_422_Les-brins-du-NYT-daujourdhui-indiquent-et-repondent-pour-le.jpg\" alt=\"Logo Lifehacker\"><\/p><\/div>\n<div class=\"aspect-video w-full overflow-hidden rounded-md\">\n<div id=\"video-container-01K266536R93WB15Q0B37PQ2GM\"><\/div>\n<\/p><\/div>\n<\/div>\n<p>Le mod\u00e8le se pr\u00e9sente sous deux formes: GPT-ASS-20B et GPT-OSS-120B. Ce dernier est de loin le LLM le plus puissant et, en tant que tel, est con\u00e7u pour fonctionner sur des machines avec au moins 80 Go de m\u00e9moire syst\u00e8me. Je n&rsquo;ai pas d&rsquo;ordinateurs avec presque cette quantit\u00e9 de RAM, donc pas de 120b pour moi. Heureusement, le minimum de la m\u00e9moire de GPT-OSS-20B est de 16 Go: c&rsquo;est exactement \u00e0 quel point mon iMac M1 a de la m\u00e9moire, et deux gigaoctets de moins que mon M3 Pro MacBook Pro.<\/p>\n<h2 id=\"installing-gpt-oss-on-a-mac\">Installation de GPT-ASS sur un Mac  <\/h2>\n<p>L&rsquo;installation de GPT-ASS est \u00e9tonnamment simple sur un Mac: vous avez juste besoin d&rsquo;un programme appel\u00e9 Olllama, ce qui vous permet d&rsquo;ex\u00e9cuter des LLM localement sur votre machine. Une fois que vous avez t\u00e9l\u00e9charg\u00e9 Olllama sur votre Mac, ouvrez-le. L&rsquo;application ressemble essentiellement \u00e0 tout autre chatbot que vous avez peut-\u00eatre utilis\u00e9 auparavant, seul vous pouvez choisir parmi un certain nombre de LLM diff\u00e9rents \u00e0 t\u00e9l\u00e9charger sur votre machine d&rsquo;abord. Cliquez sur le s\u00e9lecteur de mod\u00e8le \u00e0 c\u00f4t\u00e9 du bouton Envoyer, puis recherchez \u00ab\u00a0GPT-ASS: 20B\u00a0\u00bb. Choisissez-le, puis envoyez n&rsquo;importe quel message que vous aimez pour d\u00e9clencher un t\u00e9l\u00e9chargement. Vous aurez besoin d&rsquo;un peu plus de 12 Go pour le t\u00e9l\u00e9chargement, d&rsquo;apr\u00e8s mon exp\u00e9rience. <\/p>\n<p>Alternativement, vous pouvez utiliser l&rsquo;application Terminal de votre Mac pour t\u00e9l\u00e9charger le LLM en ex\u00e9cutant la commande suivante: <strong>Olllama Run GPT-ASS: 20B<\/strong>. Une fois le t\u00e9l\u00e9chargement termin\u00e9, vous \u00eates pr\u00eat \u00e0 partir.<\/p>\n<h2 id=\"running-gpt-oss-on-my-macs\">Ex\u00e9cuter GPT-ASS sur mes macs<\/h2>\n<p>Avec GPT-OSS-20B sur mes deux Mac, j&rsquo;\u00e9tais pr\u00eat \u00e0 les mettre \u00e0 l&rsquo;\u00e9preuve. J&rsquo;ai quitt\u00e9 presque tous mes programmes actifs pour mettre autant de ressources que possible pour g\u00e9rer le mod\u00e8le. Les seules applications actives \u00e9taient Olllama, bien s\u00fbr, mais aussi un moniteur d&rsquo;activit\u00e9, afin que je puisse garder un \u0153il sur la difficult\u00e9 de mes Mac.<\/p>\n<p>J&rsquo;ai commenc\u00e9 avec un simple: \u00ab\u00a0Qu&rsquo;est-ce que 2 + 2?\u00a0\u00bb Apr\u00e8s avoir atteint le retour sur les deux mots cl\u00e9s, j&rsquo;ai vu des bulles de chat traiter la demande, comme si Olllama tapait. Je pouvais \u00e9galement voir que le souvenir de mes deux machines \u00e9tait pouss\u00e9 au maximum.<\/p>\n<p>Olllama sur mon MacBook a pens\u00e9 \u00e0 la demande de 5,9 secondes, \u00e9crivant \u00abL&rsquo;utilisateur demande:\u00ab Ce qui est 2 + 2 \u00bb. C&rsquo;est une simple question arithm\u00e9tique. La r\u00e9ponse est 4. devrait r\u00e9pondre simplement. Aucune \u00e9laboration suppl\u00e9mentaire n\u00e9cessaire, mais pourrait r\u00e9pondre poliment. Pas besoin de contexte suppl\u00e9mentaire.\u00bb Il a ensuite r\u00e9pondu \u00e0 la question. L&rsquo;ensemble du processus a pris environ 12 secondes. Mon iMac, en revanche, a pens\u00e9 pendant pr\u00e8s de 60 secondes, \u00e9crivant: \u00abL&rsquo;utilisateur demande:\u00ab Ce qui est 2 + 2 \u00bb. C&rsquo;est une simple question arithm\u00e9tique. La r\u00e9ponse est 4. devrait r\u00e9pondre simplement. Aucune \u00e9laboration suppl\u00e9mentaire n\u00e9cessaire, mais pourrait r\u00e9pondre poliment. Pas besoin de contexte suppl\u00e9mentaire.\u00bb Il a fallu <em>90 secondes<\/em> au total apr\u00e8s avoir r\u00e9pondu \u00e0 la question. C&rsquo;est long pour d\u00e9couvrir la r\u00e9ponse \u00e0 2 + 2.<\/p>\n<p>Ensuite, j&rsquo;ai essay\u00e9 quelque chose que j&rsquo;avais vu avec GPT-5 aux prises avec: \u00ab\u00a0Combien de BS en myrtille?\u00a0\u00bb Encore une fois, mon MacBook a commenc\u00e9 \u00e0 g\u00e9n\u00e9rer une r\u00e9ponse beaucoup plus rapidement que mon iMac, ce qui n&rsquo;est pas inattendu. Bien que toujours lent, il provenait du texte \u00e0 un rythme raisonnable, alors que mon iMac avait du mal \u00e0 faire passer chaque mot. Cela a pris mon MacBook environ 90 secondes au total, tandis que mon iMac a pris \u00e0 peu pr\u00e8s <em>4 minutes et 10 secondes<\/em>. Les deux programmes ont pu r\u00e9pondre correctement \u00e0 ce qu&rsquo;il y ait, en effet, deux BS en bleuets.  <\/p>\n<p>Enfin, j&rsquo;ai demand\u00e9 \u00e0 la fois qui \u00e9tait le premier roi d&rsquo;Angleterre. Je ne suis certes pas familier avec cette partie de l&rsquo;histoire anglaise, donc j&rsquo;ai suppos\u00e9 que ce serait une r\u00e9ponse simple. Mais apparemment, c&rsquo;est compliqu\u00e9, donc \u00e7a a vraiment r\u00e9fl\u00e9chi au mod\u00e8le. Mon MacBook Pro a pris deux minutes pour r\u00e9pondre pleinement \u00e0 la question &#8211; c&rsquo;est soit \u00e6thelstan ou Alfred le Grand, selon qui vous demandez &#8211; tandis que mon iMac a pris 10 minutes. Pour \u00eatre juste, il a fallu plus de temps pour nommer des rois d&rsquo;autres royaumes avant que l&rsquo;Angleterre ne se soit unifi\u00e9 sous un seul drapeau. Points pour un effort suppl\u00e9mentaire. <\/p>\n<h2 id=\"gpt-oss-compared-to-chatgpt\">GPT-ASS par rapport \u00e0 Chatgpt<\/h2>\n<p>Il est \u00e9vident \u00e0 partir de ces trois tests simples que la puce M3 Pro de mon MacBook et 2 Go suppl\u00e9mentaires de RAM ont \u00e9cras\u00e9 la puce M1 de mon iMac avec 16 Go de RAM. Mais cela ne devrait pas donner trop de cr\u00e9dit au MacBook Pro. Certaines de ces r\u00e9ponses sont encore douloureusement lentes, surtout par rapport \u00e0 l&rsquo;exp\u00e9rience compl\u00e8te de Chatgpt. Voici ce qui s&rsquo;est pass\u00e9 lorsque j&rsquo;ai branch\u00e9 ces trois m\u00eames requ\u00eates sur mon application ChatGpt, qui ex\u00e9cute maintenant GPT-5.<\/p>\n<ul>\n<li>\n<p>Lorsqu&rsquo;on lui a demand\u00e9 \u00ab\u00a0ce qu&rsquo;est 2 + 2\u00a0\u00bb, Chatgpt a r\u00e9pondu presque instantan\u00e9ment.<\/p>\n<\/li>\n<li>\n<p>Lorsqu&rsquo;on lui a demand\u00e9 \u00ab\u00a0combien de BS en bleuets\u00a0\u00bb, Chatgpt a r\u00e9pondu en environ 10 secondes. (Il semble qu&rsquo;Openai ait r\u00e9solu le probl\u00e8me de GPT-5 ici.)<\/p>\n<\/li>\n<li>\n<p>Lorsqu&rsquo;on lui a demand\u00e9 \u00ab\u00a0qui a \u00e9t\u00e9 le premier roi d&rsquo;Angleterre\u00a0\u00bb, a r\u00e9pondu Chatgpt en environ 6 secondes.<\/p>\n<\/li>\n<\/ul>\n<p>Il a fallu plus de temps le bot pour r\u00e9fl\u00e9chir \u00e0 la question des myrtilles que pour consid\u00e9rer l&rsquo;histoire complexe de la famille royale d&rsquo;Angleterre. <\/p>\n<h2 id=\"im-probably-not-going-to-use-gpt-oss-much\">Je ne vais probablement pas utiliser beaucoup GPT-ASS<\/h2>\n<p>Je ne suis pas quelqu&rsquo;un qui utilise autant Chatgpt dans ma vie quotidienne, donc peut-\u00eatre que je ne suis pas le meilleur sujet de test pour cette exp\u00e9rience. Mais m\u00eame si j&rsquo;\u00e9tais un utilisateur de LLM passionn\u00e9, GPT-ASS fonctionne trop lentement sur mon mat\u00e9riel personnel pour que je puisse envisager de l&rsquo;utiliser \u00e0 temps plein. <\/p>\n<p>Par rapport \u00e0 mon iMac, GPT-ASS sur mon MacBook Pro se sent vite. Mais par rapport \u00e0 l&rsquo;application Chatgpt, GPT-ASS rampe. Il n&rsquo;y a vraiment qu&rsquo;un seul domaine o\u00f9 GPT-ASS brille au-dessus de l&rsquo;exp\u00e9rience compl\u00e8te de Chatgpt: la confidentialit\u00e9. Je ne peux pas m&#8217;emp\u00eacher de l&rsquo;appr\u00e9cier, m\u00eame si c&rsquo;est lent, aucune de mes requ\u00eates n&rsquo;est envoy\u00e9e \u00e0 Openai, ou \u00e0 quiconque d&rsquo;ailleurs. Tout le traitement se produit localement sur mon Mac, afin que je puisse \u00eatre assur\u00e9 que tout ce pour quoi je utilise le bot reste priv\u00e9. <\/p>\n<p>Cela en soi pourrait \u00eatre une bonne raison de se tourner vers Olllama sur mon MacBook Pro chaque fois que je ressens la conduite pour utiliser l&rsquo;IA. Je ne pense vraiment pas que je puisse m&rsquo;en soucier de mon iMac, sauf pour peut-\u00eatre revivre l&rsquo;exp\u00e9rience de l&rsquo;utilisation d&rsquo;Internet dans les ann\u00e9es 90. Mais si votre machine personnelle est assez puissante &#8211; disons, un Mac avec une puce pro ou max et 32 Go de RAM ou plus &#8211; cela pourrait \u00eatre le meilleur des deux mondes. J&rsquo;adorerais voir comment GPT-OSS-20B \u00e9clate sur ce type de mat\u00e9riel. Pour l&rsquo;instant, je vais devoir faire face \u00e0 la lente et priv\u00e9e.   <\/p>\n<p><em>Divulgation: Ziff Davis, la soci\u00e9t\u00e9 m\u00e8re de Vie Associative, en avril, a d\u00e9pos\u00e9 une plainte contre Openai, all\u00e9guant qu&rsquo;elle a enfreint Ziff Davis Copyrights dans la formation et l&rsquo;exploitation de ses syst\u00e8mes d&rsquo;IA.<\/em><\/p>\n","protected":false},"excerpt":{"rendered":"<p>Il a fallu 90 secondes pour calculer la r\u00e9ponse \u00e0 \u00ab\u00a02 + 2\u00a0\u00bb. Tous les yeux de l&rsquo;IA pourraient \u00eatre sur GPT-5 cette semaine, le<\/p>\n","protected":false},"author":1,"featured_media":9295,"comment_status":"","ping_status":"","sticky":false,"template":"","format":"standard","meta":{"footnotes":""},"categories":[13],"tags":[5087,3900,823,156,5113,49,8107,169,126,170,3518,33],"class_list":["post-9294","post","type-post","status-publish","format-standard","has-post-thumbnail","hentry","category-technologie","tag-dirige","tag-dopenai","tag-jai","tag-mais","tag-modele","tag-mon","tag-openweight","tag-ordinateur","tag-pas","tag-portable","tag-recommanderais","tag-sur","generate-columns","tablet-grid-50","mobile-grid-100","grid-parent","grid-33"],"yoast_head":"<!-- This site is optimized with the Yoast SEO plugin v24.0 - https:\/\/yoast.com\/wordpress\/plugins\/seo\/ -->\n<title>J&#039;ai dirig\u00e9 le mod\u00e8le `` Open-Weight &#039;&#039; d&#039;Openai sur mon ordinateur portable (mais je ne le recommanderais pas) | Vie Associative<\/title>\n<meta name=\"robots\" content=\"index, follow, max-snippet:-1, max-image-preview:large, max-video-preview:-1\" \/>\n<link rel=\"canonical\" href=\"https:\/\/vieassociative.be\/actualites\/jai-dirige-le-modele-open-weight-dopenai-sur-mon-ordinateur-portable-mais-je-ne-le-recommanderais-pas\/\" \/>\n<meta property=\"og:locale\" content=\"fr_FR\" \/>\n<meta property=\"og:type\" content=\"article\" \/>\n<meta property=\"og:title\" content=\"J&#039;ai dirig\u00e9 le mod\u00e8le `` Open-Weight &#039;&#039; d&#039;Openai sur mon ordinateur portable (mais je ne le recommanderais pas) | Vie Associative\" \/>\n<meta property=\"og:description\" content=\"Il a fallu 90 secondes pour calculer la r\u00e9ponse \u00e0 \u00ab\u00a02 + 2\u00a0\u00bb. Tous les yeux de l&rsquo;IA pourraient \u00eatre sur GPT-5 cette semaine, le\" \/>\n<meta property=\"og:url\" content=\"https:\/\/vieassociative.be\/actualites\/jai-dirige-le-modele-open-weight-dopenai-sur-mon-ordinateur-portable-mais-je-ne-le-recommanderais-pas\/\" \/>\n<meta property=\"og:site_name\" content=\"Vie Associative\" \/>\n<meta property=\"article:published_time\" content=\"2025-08-09T01:17:44+00:00\" \/>\n<meta property=\"og:image\" content=\"https:\/\/vieassociative.be\/actualites\/wp-content\/uploads\/2025\/08\/1754414314_422_Les-brins-du-NYT-daujourdhui-indiquent-et-repondent-pour-le.jpg\" \/>\n<meta name=\"author\" content=\"Julien\" \/>\n<meta name=\"twitter:card\" content=\"summary_large_image\" \/>\n<meta name=\"twitter:label1\" content=\"\u00c9crit par\" \/>\n\t<meta name=\"twitter:data1\" content=\"Julien\" \/>\n\t<meta name=\"twitter:label2\" content=\"Dur\u00e9e de lecture est.\" \/>\n\t<meta name=\"twitter:data2\" content=\"8 minutes\" \/>\n<script type=\"application\/ld+json\" class=\"yoast-schema-graph\">{\"@context\":\"https:\/\/schema.org\",\"@graph\":[{\"@type\":\"Article\",\"@id\":\"https:\/\/vieassociative.be\/actualites\/jai-dirige-le-modele-open-weight-dopenai-sur-mon-ordinateur-portable-mais-je-ne-le-recommanderais-pas\/#article\",\"isPartOf\":{\"@id\":\"https:\/\/vieassociative.be\/actualites\/jai-dirige-le-modele-open-weight-dopenai-sur-mon-ordinateur-portable-mais-je-ne-le-recommanderais-pas\/\"},\"author\":{\"name\":\"Julien\",\"@id\":\"https:\/\/vieassociative.be\/actualites\/#\/schema\/person\/b87ac4f82f9d4e7b7cec7395b679edc4\"},\"headline\":\"J&rsquo;ai dirig\u00e9 le mod\u00e8le \u00ab\u00a0 Open-Weight \u00a0\u00bb d&rsquo;Openai sur mon ordinateur portable (mais je ne le recommanderais pas)\",\"datePublished\":\"2025-08-09T01:17:44+00:00\",\"dateModified\":\"2025-08-09T01:17:44+00:00\",\"mainEntityOfPage\":{\"@id\":\"https:\/\/vieassociative.be\/actualites\/jai-dirige-le-modele-open-weight-dopenai-sur-mon-ordinateur-portable-mais-je-ne-le-recommanderais-pas\/\"},\"wordCount\":1625,\"publisher\":{\"@id\":\"https:\/\/vieassociative.be\/actualites\/#organization\"},\"image\":{\"@id\":\"https:\/\/vieassociative.be\/actualites\/jai-dirige-le-modele-open-weight-dopenai-sur-mon-ordinateur-portable-mais-je-ne-le-recommanderais-pas\/#primaryimage\"},\"thumbnailUrl\":\"https:\/\/vieassociative.be\/actualites\/wp-content\/uploads\/2025\/08\/Jai-dirige-le-modele-Open-Weight-dOpenai-sur-mon-ordinateur.jpg\",\"keywords\":[\"dirig\u00e9\",\"dOpenAI\",\"Jai\",\"mais\",\"mod\u00e8le\",\"Mon\",\"OpenWeight\",\"ordinateur\",\"pas\",\"portable\",\"recommanderais\",\"sur\"],\"articleSection\":[\"Technologie\"],\"inLanguage\":\"fr-BE\"},{\"@type\":\"WebPage\",\"@id\":\"https:\/\/vieassociative.be\/actualites\/jai-dirige-le-modele-open-weight-dopenai-sur-mon-ordinateur-portable-mais-je-ne-le-recommanderais-pas\/\",\"url\":\"https:\/\/vieassociative.be\/actualites\/jai-dirige-le-modele-open-weight-dopenai-sur-mon-ordinateur-portable-mais-je-ne-le-recommanderais-pas\/\",\"name\":\"J'ai dirig\u00e9 le mod\u00e8le `` Open-Weight '' d'Openai sur mon ordinateur portable (mais je ne le recommanderais pas) | Vie Associative\",\"isPartOf\":{\"@id\":\"https:\/\/vieassociative.be\/actualites\/#website\"},\"primaryImageOfPage\":{\"@id\":\"https:\/\/vieassociative.be\/actualites\/jai-dirige-le-modele-open-weight-dopenai-sur-mon-ordinateur-portable-mais-je-ne-le-recommanderais-pas\/#primaryimage\"},\"image\":{\"@id\":\"https:\/\/vieassociative.be\/actualites\/jai-dirige-le-modele-open-weight-dopenai-sur-mon-ordinateur-portable-mais-je-ne-le-recommanderais-pas\/#primaryimage\"},\"thumbnailUrl\":\"https:\/\/vieassociative.be\/actualites\/wp-content\/uploads\/2025\/08\/Jai-dirige-le-modele-Open-Weight-dOpenai-sur-mon-ordinateur.jpg\",\"datePublished\":\"2025-08-09T01:17:44+00:00\",\"dateModified\":\"2025-08-09T01:17:44+00:00\",\"breadcrumb\":{\"@id\":\"https:\/\/vieassociative.be\/actualites\/jai-dirige-le-modele-open-weight-dopenai-sur-mon-ordinateur-portable-mais-je-ne-le-recommanderais-pas\/#breadcrumb\"},\"inLanguage\":\"fr-BE\",\"potentialAction\":[{\"@type\":\"ReadAction\",\"target\":[\"https:\/\/vieassociative.be\/actualites\/jai-dirige-le-modele-open-weight-dopenai-sur-mon-ordinateur-portable-mais-je-ne-le-recommanderais-pas\/\"]}]},{\"@type\":\"ImageObject\",\"inLanguage\":\"fr-BE\",\"@id\":\"https:\/\/vieassociative.be\/actualites\/jai-dirige-le-modele-open-weight-dopenai-sur-mon-ordinateur-portable-mais-je-ne-le-recommanderais-pas\/#primaryimage\",\"url\":\"https:\/\/vieassociative.be\/actualites\/wp-content\/uploads\/2025\/08\/Jai-dirige-le-modele-Open-Weight-dOpenai-sur-mon-ordinateur.jpg\",\"contentUrl\":\"https:\/\/vieassociative.be\/actualites\/wp-content\/uploads\/2025\/08\/Jai-dirige-le-modele-Open-Weight-dOpenai-sur-mon-ordinateur.jpg\",\"width\":1200,\"height\":675,\"caption\":\"J'ai dirig\u00e9 le mod\u00e8le `` Open-Weight '' d'Openai sur mon ordinateur portable (mais je ne le recommanderais pas)\"},{\"@type\":\"BreadcrumbList\",\"@id\":\"https:\/\/vieassociative.be\/actualites\/jai-dirige-le-modele-open-weight-dopenai-sur-mon-ordinateur-portable-mais-je-ne-le-recommanderais-pas\/#breadcrumb\",\"itemListElement\":[{\"@type\":\"ListItem\",\"position\":1,\"name\":\"Accueil\",\"item\":\"https:\/\/vieassociative.be\/actualites\/\"},{\"@type\":\"ListItem\",\"position\":2,\"name\":\"J&rsquo;ai dirig\u00e9 le mod\u00e8le \u00ab\u00a0 Open-Weight \u00a0\u00bb d&rsquo;Openai sur mon ordinateur portable (mais je ne le recommanderais pas)\"}]},{\"@type\":\"WebSite\",\"@id\":\"https:\/\/vieassociative.be\/actualites\/#website\",\"url\":\"https:\/\/vieassociative.be\/actualites\/\",\"name\":\"Vie Associative\",\"description\":\"\",\"publisher\":{\"@id\":\"https:\/\/vieassociative.be\/actualites\/#organization\"},\"potentialAction\":[{\"@type\":\"SearchAction\",\"target\":{\"@type\":\"EntryPoint\",\"urlTemplate\":\"https:\/\/vieassociative.be\/actualites\/?s={search_term_string}\"},\"query-input\":{\"@type\":\"PropertyValueSpecification\",\"valueRequired\":true,\"valueName\":\"search_term_string\"}}],\"inLanguage\":\"fr-BE\"},{\"@type\":\"Organization\",\"@id\":\"https:\/\/vieassociative.be\/actualites\/#organization\",\"name\":\"Vie Associative\",\"url\":\"https:\/\/vieassociative.be\/actualites\/\",\"logo\":{\"@type\":\"ImageObject\",\"inLanguage\":\"fr-BE\",\"@id\":\"https:\/\/vieassociative.be\/actualites\/#\/schema\/logo\/image\/\",\"url\":\"https:\/\/vieassociative.be\/actualites\/wp-content\/uploads\/2024\/09\/cropped-vieassociative_favicon.ico.png\",\"contentUrl\":\"https:\/\/vieassociative.be\/actualites\/wp-content\/uploads\/2024\/09\/cropped-vieassociative_favicon.ico.png\",\"width\":512,\"height\":512,\"caption\":\"Vie Associative\"},\"image\":{\"@id\":\"https:\/\/vieassociative.be\/actualites\/#\/schema\/logo\/image\/\"}},{\"@type\":\"Person\",\"@id\":\"https:\/\/vieassociative.be\/actualites\/#\/schema\/person\/b87ac4f82f9d4e7b7cec7395b679edc4\",\"name\":\"Julien\",\"image\":{\"@type\":\"ImageObject\",\"inLanguage\":\"fr-BE\",\"@id\":\"https:\/\/vieassociative.be\/actualites\/#\/schema\/person\/image\/\",\"url\":\"https:\/\/vieassociative.be\/actualites\/wp-content\/uploads\/2024\/09\/vie-associative-1-150x150.jpg\",\"contentUrl\":\"https:\/\/vieassociative.be\/actualites\/wp-content\/uploads\/2024\/09\/vie-associative-1-150x150.jpg\",\"caption\":\"Julien\"},\"description\":\"Je suis Julien, r\u00e9dacteur pour Vie Associative. Passionn\u00e9 par le monde associatif depuis plus de 10 ans, j'ai \u00e0 c\u0153ur de partager des histoires inspirantes et de mettre en lumi\u00e8re les initiatives locales. Mon objectif est de sensibiliser et d'encourager l'engagement communautaire \u00e0 travers mes articles.\",\"sameAs\":[\"https:\/\/vieassociative.be\/\"]}]}<\/script>\n<!-- \/ Yoast SEO plugin. -->","yoast_head_json":{"title":"J'ai dirig\u00e9 le mod\u00e8le `` Open-Weight '' d'Openai sur mon ordinateur portable (mais je ne le recommanderais pas) | Vie Associative","robots":{"index":"index","follow":"follow","max-snippet":"max-snippet:-1","max-image-preview":"max-image-preview:large","max-video-preview":"max-video-preview:-1"},"canonical":"https:\/\/vieassociative.be\/actualites\/jai-dirige-le-modele-open-weight-dopenai-sur-mon-ordinateur-portable-mais-je-ne-le-recommanderais-pas\/","og_locale":"fr_FR","og_type":"article","og_title":"J'ai dirig\u00e9 le mod\u00e8le `` Open-Weight '' d'Openai sur mon ordinateur portable (mais je ne le recommanderais pas) | Vie Associative","og_description":"Il a fallu 90 secondes pour calculer la r\u00e9ponse \u00e0 \u00ab\u00a02 + 2\u00a0\u00bb. Tous les yeux de l&rsquo;IA pourraient \u00eatre sur GPT-5 cette semaine, le","og_url":"https:\/\/vieassociative.be\/actualites\/jai-dirige-le-modele-open-weight-dopenai-sur-mon-ordinateur-portable-mais-je-ne-le-recommanderais-pas\/","og_site_name":"Vie Associative","article_published_time":"2025-08-09T01:17:44+00:00","og_image":[{"url":"https:\/\/vieassociative.be\/actualites\/wp-content\/uploads\/2025\/08\/1754414314_422_Les-brins-du-NYT-daujourdhui-indiquent-et-repondent-pour-le.jpg","type":"","width":"","height":""}],"author":"Julien","twitter_card":"summary_large_image","twitter_misc":{"\u00c9crit par":"Julien","Dur\u00e9e de lecture est.":"8 minutes"},"schema":{"@context":"https:\/\/schema.org","@graph":[{"@type":"Article","@id":"https:\/\/vieassociative.be\/actualites\/jai-dirige-le-modele-open-weight-dopenai-sur-mon-ordinateur-portable-mais-je-ne-le-recommanderais-pas\/#article","isPartOf":{"@id":"https:\/\/vieassociative.be\/actualites\/jai-dirige-le-modele-open-weight-dopenai-sur-mon-ordinateur-portable-mais-je-ne-le-recommanderais-pas\/"},"author":{"name":"Julien","@id":"https:\/\/vieassociative.be\/actualites\/#\/schema\/person\/b87ac4f82f9d4e7b7cec7395b679edc4"},"headline":"J&rsquo;ai dirig\u00e9 le mod\u00e8le \u00ab\u00a0 Open-Weight \u00a0\u00bb d&rsquo;Openai sur mon ordinateur portable (mais je ne le recommanderais pas)","datePublished":"2025-08-09T01:17:44+00:00","dateModified":"2025-08-09T01:17:44+00:00","mainEntityOfPage":{"@id":"https:\/\/vieassociative.be\/actualites\/jai-dirige-le-modele-open-weight-dopenai-sur-mon-ordinateur-portable-mais-je-ne-le-recommanderais-pas\/"},"wordCount":1625,"publisher":{"@id":"https:\/\/vieassociative.be\/actualites\/#organization"},"image":{"@id":"https:\/\/vieassociative.be\/actualites\/jai-dirige-le-modele-open-weight-dopenai-sur-mon-ordinateur-portable-mais-je-ne-le-recommanderais-pas\/#primaryimage"},"thumbnailUrl":"https:\/\/vieassociative.be\/actualites\/wp-content\/uploads\/2025\/08\/Jai-dirige-le-modele-Open-Weight-dOpenai-sur-mon-ordinateur.jpg","keywords":["dirig\u00e9","dOpenAI","Jai","mais","mod\u00e8le","Mon","OpenWeight","ordinateur","pas","portable","recommanderais","sur"],"articleSection":["Technologie"],"inLanguage":"fr-BE"},{"@type":"WebPage","@id":"https:\/\/vieassociative.be\/actualites\/jai-dirige-le-modele-open-weight-dopenai-sur-mon-ordinateur-portable-mais-je-ne-le-recommanderais-pas\/","url":"https:\/\/vieassociative.be\/actualites\/jai-dirige-le-modele-open-weight-dopenai-sur-mon-ordinateur-portable-mais-je-ne-le-recommanderais-pas\/","name":"J'ai dirig\u00e9 le mod\u00e8le `` Open-Weight '' d'Openai sur mon ordinateur portable (mais je ne le recommanderais pas) | Vie Associative","isPartOf":{"@id":"https:\/\/vieassociative.be\/actualites\/#website"},"primaryImageOfPage":{"@id":"https:\/\/vieassociative.be\/actualites\/jai-dirige-le-modele-open-weight-dopenai-sur-mon-ordinateur-portable-mais-je-ne-le-recommanderais-pas\/#primaryimage"},"image":{"@id":"https:\/\/vieassociative.be\/actualites\/jai-dirige-le-modele-open-weight-dopenai-sur-mon-ordinateur-portable-mais-je-ne-le-recommanderais-pas\/#primaryimage"},"thumbnailUrl":"https:\/\/vieassociative.be\/actualites\/wp-content\/uploads\/2025\/08\/Jai-dirige-le-modele-Open-Weight-dOpenai-sur-mon-ordinateur.jpg","datePublished":"2025-08-09T01:17:44+00:00","dateModified":"2025-08-09T01:17:44+00:00","breadcrumb":{"@id":"https:\/\/vieassociative.be\/actualites\/jai-dirige-le-modele-open-weight-dopenai-sur-mon-ordinateur-portable-mais-je-ne-le-recommanderais-pas\/#breadcrumb"},"inLanguage":"fr-BE","potentialAction":[{"@type":"ReadAction","target":["https:\/\/vieassociative.be\/actualites\/jai-dirige-le-modele-open-weight-dopenai-sur-mon-ordinateur-portable-mais-je-ne-le-recommanderais-pas\/"]}]},{"@type":"ImageObject","inLanguage":"fr-BE","@id":"https:\/\/vieassociative.be\/actualites\/jai-dirige-le-modele-open-weight-dopenai-sur-mon-ordinateur-portable-mais-je-ne-le-recommanderais-pas\/#primaryimage","url":"https:\/\/vieassociative.be\/actualites\/wp-content\/uploads\/2025\/08\/Jai-dirige-le-modele-Open-Weight-dOpenai-sur-mon-ordinateur.jpg","contentUrl":"https:\/\/vieassociative.be\/actualites\/wp-content\/uploads\/2025\/08\/Jai-dirige-le-modele-Open-Weight-dOpenai-sur-mon-ordinateur.jpg","width":1200,"height":675,"caption":"J'ai dirig\u00e9 le mod\u00e8le `` Open-Weight '' d'Openai sur mon ordinateur portable (mais je ne le recommanderais pas)"},{"@type":"BreadcrumbList","@id":"https:\/\/vieassociative.be\/actualites\/jai-dirige-le-modele-open-weight-dopenai-sur-mon-ordinateur-portable-mais-je-ne-le-recommanderais-pas\/#breadcrumb","itemListElement":[{"@type":"ListItem","position":1,"name":"Accueil","item":"https:\/\/vieassociative.be\/actualites\/"},{"@type":"ListItem","position":2,"name":"J&rsquo;ai dirig\u00e9 le mod\u00e8le \u00ab\u00a0 Open-Weight \u00a0\u00bb d&rsquo;Openai sur mon ordinateur portable (mais je ne le recommanderais pas)"}]},{"@type":"WebSite","@id":"https:\/\/vieassociative.be\/actualites\/#website","url":"https:\/\/vieassociative.be\/actualites\/","name":"Vie Associative","description":"","publisher":{"@id":"https:\/\/vieassociative.be\/actualites\/#organization"},"potentialAction":[{"@type":"SearchAction","target":{"@type":"EntryPoint","urlTemplate":"https:\/\/vieassociative.be\/actualites\/?s={search_term_string}"},"query-input":{"@type":"PropertyValueSpecification","valueRequired":true,"valueName":"search_term_string"}}],"inLanguage":"fr-BE"},{"@type":"Organization","@id":"https:\/\/vieassociative.be\/actualites\/#organization","name":"Vie Associative","url":"https:\/\/vieassociative.be\/actualites\/","logo":{"@type":"ImageObject","inLanguage":"fr-BE","@id":"https:\/\/vieassociative.be\/actualites\/#\/schema\/logo\/image\/","url":"https:\/\/vieassociative.be\/actualites\/wp-content\/uploads\/2024\/09\/cropped-vieassociative_favicon.ico.png","contentUrl":"https:\/\/vieassociative.be\/actualites\/wp-content\/uploads\/2024\/09\/cropped-vieassociative_favicon.ico.png","width":512,"height":512,"caption":"Vie Associative"},"image":{"@id":"https:\/\/vieassociative.be\/actualites\/#\/schema\/logo\/image\/"}},{"@type":"Person","@id":"https:\/\/vieassociative.be\/actualites\/#\/schema\/person\/b87ac4f82f9d4e7b7cec7395b679edc4","name":"Julien","image":{"@type":"ImageObject","inLanguage":"fr-BE","@id":"https:\/\/vieassociative.be\/actualites\/#\/schema\/person\/image\/","url":"https:\/\/vieassociative.be\/actualites\/wp-content\/uploads\/2024\/09\/vie-associative-1-150x150.jpg","contentUrl":"https:\/\/vieassociative.be\/actualites\/wp-content\/uploads\/2024\/09\/vie-associative-1-150x150.jpg","caption":"Julien"},"description":"Je suis Julien, r\u00e9dacteur pour Vie Associative. Passionn\u00e9 par le monde associatif depuis plus de 10 ans, j'ai \u00e0 c\u0153ur de partager des histoires inspirantes et de mettre en lumi\u00e8re les initiatives locales. Mon objectif est de sensibiliser et d'encourager l'engagement communautaire \u00e0 travers mes articles.","sameAs":["https:\/\/vieassociative.be\/"]}]}},"_links":{"self":[{"href":"https:\/\/vieassociative.be\/actualites\/wp-json\/wp\/v2\/posts\/9294"}],"collection":[{"href":"https:\/\/vieassociative.be\/actualites\/wp-json\/wp\/v2\/posts"}],"about":[{"href":"https:\/\/vieassociative.be\/actualites\/wp-json\/wp\/v2\/types\/post"}],"author":[{"embeddable":true,"href":"https:\/\/vieassociative.be\/actualites\/wp-json\/wp\/v2\/users\/1"}],"replies":[{"embeddable":true,"href":"https:\/\/vieassociative.be\/actualites\/wp-json\/wp\/v2\/comments?post=9294"}],"version-history":[{"count":0,"href":"https:\/\/vieassociative.be\/actualites\/wp-json\/wp\/v2\/posts\/9294\/revisions"}],"wp:featuredmedia":[{"embeddable":true,"href":"https:\/\/vieassociative.be\/actualites\/wp-json\/wp\/v2\/media\/9295"}],"wp:attachment":[{"href":"https:\/\/vieassociative.be\/actualites\/wp-json\/wp\/v2\/media?parent=9294"}],"wp:term":[{"taxonomy":"category","embeddable":true,"href":"https:\/\/vieassociative.be\/actualites\/wp-json\/wp\/v2\/categories?post=9294"},{"taxonomy":"post_tag","embeddable":true,"href":"https:\/\/vieassociative.be\/actualites\/wp-json\/wp\/v2\/tags?post=9294"}],"curies":[{"name":"wp","href":"https:\/\/api.w.org\/{rel}","templated":true}]}}