{"id":9292,"date":"2025-08-08T22:17:02","date_gmt":"2025-08-08T20:17:02","guid":{"rendered":"https:\/\/vieassociative.be\/actualites\/israel-veut-etendre-lutilisation-militaire-dans-la-bande-de-gaza-quels-sont-les-effets-questions-et-reponses\/"},"modified":"2025-08-08T22:17:02","modified_gmt":"2025-08-08T20:17:02","slug":"israel-veut-etendre-lutilisation-militaire-dans-la-bande-de-gaza-quels-sont-les-effets-questions-et-reponses","status":"publish","type":"post","link":"https:\/\/vieassociative.be\/actualites\/israel-veut-etendre-lutilisation-militaire-dans-la-bande-de-gaza-quels-sont-les-effets-questions-et-reponses\/","title":{"rendered":"Isra\u00ebl veut \u00e9tendre l&rsquo;utilisation militaire dans la bande de Gaza: quels sont les effets? (Questions et r\u00e9ponses)"},"content":{"rendered":"<p><strong>Isra\u00ebl \u00e9largit son op\u00e9ration militaire: le cabinet de s\u00e9curit\u00e9 a convenu que l&rsquo;arm\u00e9e devrait prendre la ville de Gaza. Quelles cons\u00e9quences auraient pu avoir cette \u00e9tape?<\/strong><\/p>\n<p><span id=\"more-422017\"><\/span>Isra\u00ebl veut \u00e9tendre son op\u00e9ration militaire dans la bande de Gaza. Apr\u00e8s des heures de consultations, le cabinet de s\u00e9curit\u00e9 isra\u00e9lien a d\u00e9cid\u00e9 de prendre la ville de Gaza &#8211; peut-\u00eatre dans le but de prendre le contr\u00f4le de toute la zone c\u00f4ti\u00e8re.<\/p>\n<p>La plus grande ville de la bande de Gaza est la cible des attaques isra\u00e9liennes depuis le d\u00e9but de la guerre il y a environ 22 mois. Questions et r\u00e9ponses aux effets possibles.<\/p>\n<\/p>\n<div id=\"attachment_422012\" class=\"wp-caption alignleft\" style=\"max-width: 300px\"><img fetchpriority=\"high\" decoding=\"async\" class=\"wp-image-422012 size-medium\" src=\"https:\/\/vieassociative.be\/actualites\/wp-content\/uploads\/2025\/08\/Israel-veut-etendre-lutilisation-militaire-dans-la-bande-de-Gaza.jpg\" alt=\"\" width=\"300\" height=\"200\"><\/div>\n<p><strong>&#8211; Quels sont les objectifs d&rsquo;Isra\u00ebl?<\/strong><\/p>\n<p>In a statement by Prime Minister Benjamin Netanyahu&rsquo;s office, after the decision of the security cabinet, five principles for the end of the war were said to be said goodbye: the disarmament of Hamas, the return of all hostages -alive or dead -, the demilitarization of the Gaza strip, the military control of the coastal area by Israel and the establishment of a civil administration, which neither the Hamas should still be subject to the Palestinian Authority (PA).<\/p>\n<p>Dans une interview avec le diffuseur am\u00e9ricain Fox News avant la session du cabinet de s\u00e9curit\u00e9, Netanyahu a d\u00e9clar\u00e9 qu&rsquo;Isra\u00ebl voulait prendre le contr\u00f4le de toute la bande de Gaza, mais n&rsquo;a pas occup\u00e9 la r\u00e9gion en permanence. Le Hamas devrait \u00eatre lib\u00e9r\u00e9 afin de le remettre enfin \u00e0 d&rsquo;autres forces. Ce devrait \u00eatre des forces qui, comme l&rsquo;organisation terroriste islamiste du Hamas, n&rsquo;ont pas appel\u00e9 \u00e0 la destruction d&rsquo;Isra\u00ebl.<\/p>\n<p>Les m\u00e9dias sp\u00e9culent que l&rsquo;annonce d\u00e9sormais sp\u00e9cifique d&rsquo;une expansion des combats pourrait \u00e9galement faire partie d&rsquo;une tactique de n\u00e9gociation afin de mettre massivement le Hamas sous pression dans les n\u00e9gociations coinc\u00e9es.<\/p>\n<p>Les politiciens isra\u00e9liens ont indiqu\u00e9 une telle strat\u00e9gie. Le diffuseur N12 a rapport\u00e9 que le Qatar et l&rsquo;\u00c9gypte ainsi que la Turquie exerceraient d\u00e9j\u00e0 une pression sur le Hamas pour revenir rapidement \u00e0 la table de n\u00e9gociation.<\/p>\n<p><strong>&#8211; Qu&rsquo;est-ce que cela signifie pour la population de la bande de Gaza?<\/strong><\/p>\n<p>Destruction, des d\u00e9combres et de la mis\u00e8re vers 22 mois apr\u00e8s la guerre d\u00e9vastatrice de Gaza a commenc\u00e9 l&rsquo;image dans la bande c\u00f4ti\u00e8re. La situation humanitaire sur place est d\u00e9j\u00e0 d\u00e9crite comme catastrophique. Selon les Nations Unies, la famine menace \u00e9galement dans la r\u00e9gion.<\/p>\n<\/p>\n<div id=\"attachment_422030\" class=\"wp-caption alignleft\" style=\"max-width: 300px\"><img decoding=\"async\" class=\"wp-image-422030 size-medium\" src=\"https:\/\/vieassociative.be\/actualites\/wp-content\/uploads\/2025\/08\/1754684222_448_Israel-veut-etendre-lutilisation-militaire-dans-la-bande-de-Gaza.jpg\" alt=\"\" width=\"300\" height=\"203\"><\/div>\n<p>L&rsquo;arm\u00e9e isra\u00e9lienne d\u00e9tient actuellement environ 75% de la superficie de la bande de Gaza. La ville de Gaza est l&rsquo;une de ces parties de la zone c\u00f4ti\u00e8re qui ne sont pas encore sous le contr\u00f4le isra\u00e9lien. Environ 700 000 personnes y vivaient avant la guerre. Beaucoup de gens ont d\u00e9j\u00e0 quitt\u00e9 la r\u00e9gion, mais il est pr\u00e9vu que la conqu\u00eate entra\u00eenera le vol de nombreuses autres personnes. Les actes de guerre dans les zones urbaines sont consid\u00e9r\u00e9s comme particuli\u00e8rement mortels pour les civils.<\/p>\n<p>La station de t\u00e9l\u00e9vision N12 a rapport\u00e9 que les r\u00e9sidents devaient \u00eatre \u00e9vacu\u00e9s dans des camps de r\u00e9fugi\u00e9s au centre de la bande de Gaza &#8211; cela devrait se produire jusqu&rsquo;au d\u00e9but octobre. Ces camps sont d\u00e9j\u00e0 surpeupl\u00e9s, les conditions hygi\u00e9niques et de sant\u00e9 qui sont consid\u00e9r\u00e9es comme des organisations d&rsquo;aide \u00e0 plusieurs reprises \u00e0 la sant\u00e9 de la sant\u00e9.<\/p>\n<p>D\u00e9j\u00e0 des indices ant\u00e9rieurs sur la consommation d&rsquo;autres r\u00e9gions, sous la population palestinienne, craint une nouvelle vague de vols et de d\u00e9placements &#8211; similaire \u00e0 la guerre au cours de la Fondation de l&rsquo;\u00c9tat isra\u00e9lien en 1948 et au cours des six jours de 1967.<\/p>\n<p><strong>&#8211; Qu&rsquo;est-ce que cela signifie pour les otages?<\/strong><\/p>\n<p>La direction de l&rsquo;arm\u00e9e voit une expansion des combats du risque que les otages puissent \u00eatre en danger et tu\u00e9s par leurs ravisseurs si les troupes isra\u00e9liennes s&rsquo;approchent des endroits o\u00f9 ils sont d\u00e9tenus. Selon un rapport du journal \u00ab\u00a0Jediot Achronot\u00a0\u00bb, les militaires ont personnellement mis en garde contre le fait d&rsquo;aller profond\u00e9ment dans les zones cibl\u00e9es &#8211; une expansion des combats pourrait entra\u00eener la \u00ab\u00a0perte compl\u00e8te de tous les otages\u00a0\u00bb.<\/p>\n<p>Les proches des personnes kidnapp\u00e9es d\u00e9noncent \u00e9galement \u00e0 plusieurs reprises les tentatives militaires d&rsquo;exemption et exhortent plut\u00f4t un accord pour r\u00e9silier la guerre. Selon l&rsquo;\u00e9valuation isra\u00e9lienne, il y a encore 50 otages \u00e0 Gaza, dont 20 sont cens\u00e9s \u00eatre en vie.<\/p>\n<p>Cependant, les m\u00e9dias isra\u00e9liens ont cit\u00e9 un fonctionnaire avec les mots: \u00ab\u00a0Si nous n&rsquo;agissons pas maintenant, les otages meurent de faim et Gaza restera sous la r\u00e8gle du Hamas.\u00a0\u00bb<\/p>\n<p>Plus r\u00e9cemment, le Hamas et le Jihad islamique palestinien (PIJ) ont publi\u00e9 des vid\u00e9os de propagande hideuses de deux otages. L\u00e0, l&rsquo;allemand-isra\u00e9lien Rome Braslavski (21) et Evjatar David (24) sont \u00e9maci\u00e9s et excit\u00e9s.<\/p>\n<p><strong>&#8211; Comment la communaut\u00e9 internationale pourrait-elle r\u00e9agir?<\/strong><\/p>\n<\/p>\n<div id=\"attachment_422032\" class=\"wp-caption alignleft\" style=\"max-width: 300px\"><img decoding=\"async\" class=\"wp-image-422032 size-medium\" src=\"https:\/\/vieassociative.be\/actualites\/wp-content\/uploads\/2025\/08\/1754684222_572_Israel-veut-etendre-lutilisation-militaire-dans-la-bande-de-Gaza.jpg\" alt=\"\" width=\"300\" height=\"200\"  ><\/div>\n<p>L&rsquo;expansion des combats signifie une autre escalade de la guerre. Plus r\u00e9cemment, la critique internationale de l&rsquo;approche d&rsquo;Isra\u00ebl a d\u00e9j\u00e0 augment\u00e9 massivement. En Isra\u00ebl, on parle souvent d&rsquo;un \u00abtsunami diplomatique\u00bb &#8211; m\u00eame les alli\u00e9s proches de l&rsquo;\u00c9tat juif critiquent d\u00e9sormais fortement le gouvernement \u00e0 J\u00e9rusalem. Les commentateurs craignent l&rsquo;isolement diplomatique.<\/p>\n<p>L&rsquo;Allemagne r\u00e9agit clairement \u00e0 la d\u00e9cision d&rsquo;Isra\u00ebl de prendre la ville de Gaza et prend des mesures contre le partenaire pour la premi\u00e8re fois depuis le d\u00e9but de la guerre de Gaza. Le chancelier Friedrich Merz a annonc\u00e9 que pour le moment, aucune exportation d&rsquo;armes qui pourrait \u00eatre utilis\u00e9e dans cette guerre ne serait approuv\u00e9e.<\/p>\n<p>Au cours des derni\u00e8res semaines, le gouvernement f\u00e9d\u00e9ral avait de plus en plus critiqu\u00e9 l&rsquo;action militaire d&rsquo;Isra\u00ebl dans la bande de Gaza et la catastrophe humanitaire qui en r\u00e9sulte. Le fait qu&rsquo;elle ait maintenant partiellement \u00e9tabli ses exportations d&rsquo;armes signifie un changement de cours par rapport \u00e0 Isra\u00ebl dans le conflit du Moyen-Orient.<\/p>\n<p>Apr\u00e8s cette d\u00e9cision, le Premier ministre isra\u00e9lien Benjamin Netanyahu a fait de graves all\u00e9gations contre le gouvernement f\u00e9d\u00e9ral. Avec la d\u00e9cision d&rsquo;un arr\u00eat d&rsquo;exportation d&rsquo;armes partiels, ils r\u00e9compensent le Hamas islamiste. Son bureau a d\u00e9clar\u00e9 qu&rsquo;il avait exprim\u00e9 sa d\u00e9ception dans une conversation avec le chancelier Friedrich Merz.<\/p>\n<p>\u00ab\u00a0Au lieu de soutenir la guerre juste d&rsquo;Isra\u00ebl contre le Hamas, qui a commis l&rsquo;attaque la plus terrible contre le peuple juif depuis l&rsquo;Holocauste, l&rsquo;Allemagne a r\u00e9compens\u00e9 le terrorisme du Hamas gr\u00e2ce \u00e0 un embargo d&rsquo;armes pour Isra\u00ebl\u00a0\u00bb, a-t-il d\u00e9clar\u00e9. Netanyahu a d\u00e9clar\u00e9 que l&rsquo;objectif d&rsquo;Isra\u00ebl n&rsquo;\u00e9tait pas de reprendre la bande de Gaza, mais la lib\u00e9ration de la bande de Gaza du Hamas et l&rsquo;activation d&rsquo;un gouvernement pacifique l\u00e0-bas.<\/p>\n<div id=\"attachment_422024\" class=\"wp-caption alignleft\" style=\"max-width: 300px\"><img loading=\"lazy\" decoding=\"async\" class=\"wp-image-422024 size-medium\" src=\"https:\/\/vieassociative.be\/actualites\/wp-content\/uploads\/2025\/08\/1754684222_352_Israel-veut-etendre-lutilisation-militaire-dans-la-bande-de-Gaza.jpg\" alt=\"\" width=\"300\" height=\"200\"><\/div>\n<p>Certains pays envisagent d\u00e9j\u00e0 des sanctions contre Isra\u00ebl compte tenu de la situation catastrophique \u00e0 Gaza.<\/p>\n<p><strong>&#8211; Quelles autres cons\u00e9quences pourraient avoir la d\u00e9cision pour Isra\u00ebl?<\/strong><\/p>\n<p>Une autre offensive du sol dans une zone urbaine &#8211; m\u00eame si elle n&rsquo;a pas \u00e9t\u00e9 claire jusqu&rsquo;\u00e0 pr\u00e9sent quand elle pourrait commencer &#8211; comporte \u00e9galement des risques accrus pour les soldats isra\u00e9liens. De nombreux Isra\u00e9liens expriment d\u00e9j\u00e0 le d\u00e9sir de la fin de la guerre. La consternation de la soci\u00e9t\u00e9 sur les soldats d\u00e9chus cette ann\u00e9e \u00e9tait d\u00e9j\u00e0 excellente &#8211; des pertes suppl\u00e9mentaires du c\u00f4t\u00e9 isra\u00e9lien pourraient saper le soutien de la guerre.<\/p>\n<p>En termes de politique int\u00e9rieure, le Premier ministre Netanyahu est dans la question de savoir comment la bande de Gaza se poursuit dans un dilemme. Ses partenaires de coalition extr\u00e9miste \u00e0 droite appellent ouvertement \u00e0 prendre toute la zone et l&rsquo;expulsion des Palestiniens.<\/p>\n<p>Les membres du gouvernement sont r\u00e9ticents \u00e0 le faire. La plupart des partis d&rsquo;opposition rejettent avec v\u00e9h\u00e9mence cela. Une autre scission au sein du camp politique pourrait \u00eatre le r\u00e9sultat. (DPA)<\/p>\n","protected":false},"excerpt":{"rendered":"<p>Isra\u00ebl \u00e9largit son op\u00e9ration militaire: le cabinet de s\u00e9curit\u00e9 a convenu que l&rsquo;arm\u00e9e devrait prendre la ville de Gaza. Quelles cons\u00e9quences auraient pu avoir cette<\/p>\n","protected":false},"author":1,"featured_media":9293,"comment_status":"","ping_status":"","sticky":false,"template":"","format":"standard","meta":{"footnotes":""},"categories":[298],"tags":[4945,166,2364,8106,4755,3004,14,450,7852,3384,481,1882,18,2635],"class_list":["post-9292","post","type-post","status-publish","format-standard","has-post-thumbnail","hentry","category-belgique","tag-bande","tag-dans","tag-effets","tag-etendre","tag-gaza","tag-israel","tag-les","tag-lutilisation","tag-militaire","tag-quels","tag-questions","tag-reponses","tag-sont","tag-veut","generate-columns","tablet-grid-50","mobile-grid-100","grid-parent","grid-33"],"yoast_head":"<!-- This site is optimized with the Yoast SEO plugin v24.0 - https:\/\/yoast.com\/wordpress\/plugins\/seo\/ -->\n<title>Isra\u00ebl veut \u00e9tendre l&#039;utilisation militaire dans la bande de Gaza: quels sont les effets? (Questions et r\u00e9ponses) | Vie Associative<\/title>\n<meta name=\"robots\" content=\"index, follow, max-snippet:-1, max-image-preview:large, max-video-preview:-1\" \/>\n<link rel=\"canonical\" href=\"https:\/\/vieassociative.be\/actualites\/israel-veut-etendre-lutilisation-militaire-dans-la-bande-de-gaza-quels-sont-les-effets-questions-et-reponses\/\" \/>\n<meta property=\"og:locale\" content=\"fr_FR\" \/>\n<meta property=\"og:type\" content=\"article\" \/>\n<meta property=\"og:title\" content=\"Isra\u00ebl veut \u00e9tendre l&#039;utilisation militaire dans la bande de Gaza: quels sont les effets? (Questions et r\u00e9ponses) | Vie Associative\" \/>\n<meta property=\"og:description\" content=\"Isra\u00ebl \u00e9largit son op\u00e9ration militaire: le cabinet de s\u00e9curit\u00e9 a convenu que l&rsquo;arm\u00e9e devrait prendre la ville de Gaza. Quelles cons\u00e9quences auraient pu avoir cette\" \/>\n<meta property=\"og:url\" content=\"https:\/\/vieassociative.be\/actualites\/israel-veut-etendre-lutilisation-militaire-dans-la-bande-de-gaza-quels-sont-les-effets-questions-et-reponses\/\" \/>\n<meta property=\"og:site_name\" content=\"Vie Associative\" \/>\n<meta property=\"article:published_time\" content=\"2025-08-08T20:17:02+00:00\" \/>\n<meta property=\"og:image\" content=\"https:\/\/vieassociative.be\/actualites\/wp-content\/uploads\/2024\/09\/header_backgroundk-01-e1726694325946.png\" \/>\n\t<meta property=\"og:image:width\" content=\"279\" \/>\n\t<meta property=\"og:image:height\" content=\"92\" \/>\n\t<meta property=\"og:image:type\" content=\"image\/png\" \/>\n<meta name=\"author\" content=\"Julien\" \/>\n<meta name=\"twitter:card\" content=\"summary_large_image\" \/>\n<meta name=\"twitter:label1\" content=\"\u00c9crit par\" \/>\n\t<meta name=\"twitter:data1\" content=\"Julien\" \/>\n\t<meta name=\"twitter:label2\" content=\"Dur\u00e9e de lecture est.\" \/>\n\t<meta name=\"twitter:data2\" content=\"7 minutes\" \/>\n<script type=\"application\/ld+json\" class=\"yoast-schema-graph\">{\"@context\":\"https:\/\/schema.org\",\"@graph\":[{\"@type\":\"Article\",\"@id\":\"https:\/\/vieassociative.be\/actualites\/israel-veut-etendre-lutilisation-militaire-dans-la-bande-de-gaza-quels-sont-les-effets-questions-et-reponses\/#article\",\"isPartOf\":{\"@id\":\"https:\/\/vieassociative.be\/actualites\/israel-veut-etendre-lutilisation-militaire-dans-la-bande-de-gaza-quels-sont-les-effets-questions-et-reponses\/\"},\"author\":{\"name\":\"Julien\",\"@id\":\"https:\/\/vieassociative.be\/actualites\/#\/schema\/person\/b87ac4f82f9d4e7b7cec7395b679edc4\"},\"headline\":\"Isra\u00ebl veut \u00e9tendre l&rsquo;utilisation militaire dans la bande de Gaza: quels sont les effets? (Questions et r\u00e9ponses)\",\"datePublished\":\"2025-08-08T20:17:02+00:00\",\"dateModified\":\"2025-08-08T20:17:02+00:00\",\"mainEntityOfPage\":{\"@id\":\"https:\/\/vieassociative.be\/actualites\/israel-veut-etendre-lutilisation-militaire-dans-la-bande-de-gaza-quels-sont-les-effets-questions-et-reponses\/\"},\"wordCount\":1427,\"publisher\":{\"@id\":\"https:\/\/vieassociative.be\/actualites\/#organization\"},\"image\":{\"@id\":\"https:\/\/vieassociative.be\/actualites\/israel-veut-etendre-lutilisation-militaire-dans-la-bande-de-gaza-quels-sont-les-effets-questions-et-reponses\/#primaryimage\"},\"thumbnailUrl\":\"https:\/\/vieassociative.be\/actualites\/wp-content\/uploads\/2025\/08\/1754684223_Israel-veut-etendre-lutilisation-militaire-dans-la-bande-de-Gaza.jpg\",\"keywords\":[\"bande\",\"dans\",\"effets\",\"\u00e9tendre\",\"Gaza\",\"Isra\u00ebl\",\"Les\",\"lutilisation\",\"militaire\",\"quels\",\"questions\",\"r\u00e9ponses\",\"sont\",\"veut\"],\"articleSection\":[\"Belgique\"],\"inLanguage\":\"fr-BE\"},{\"@type\":\"WebPage\",\"@id\":\"https:\/\/vieassociative.be\/actualites\/israel-veut-etendre-lutilisation-militaire-dans-la-bande-de-gaza-quels-sont-les-effets-questions-et-reponses\/\",\"url\":\"https:\/\/vieassociative.be\/actualites\/israel-veut-etendre-lutilisation-militaire-dans-la-bande-de-gaza-quels-sont-les-effets-questions-et-reponses\/\",\"name\":\"Isra\u00ebl veut \u00e9tendre l'utilisation militaire dans la bande de Gaza: quels sont les effets? (Questions et r\u00e9ponses) | Vie Associative\",\"isPartOf\":{\"@id\":\"https:\/\/vieassociative.be\/actualites\/#website\"},\"primaryImageOfPage\":{\"@id\":\"https:\/\/vieassociative.be\/actualites\/israel-veut-etendre-lutilisation-militaire-dans-la-bande-de-gaza-quels-sont-les-effets-questions-et-reponses\/#primaryimage\"},\"image\":{\"@id\":\"https:\/\/vieassociative.be\/actualites\/israel-veut-etendre-lutilisation-militaire-dans-la-bande-de-gaza-quels-sont-les-effets-questions-et-reponses\/#primaryimage\"},\"thumbnailUrl\":\"https:\/\/vieassociative.be\/actualites\/wp-content\/uploads\/2025\/08\/1754684223_Israel-veut-etendre-lutilisation-militaire-dans-la-bande-de-Gaza.jpg\",\"datePublished\":\"2025-08-08T20:17:02+00:00\",\"dateModified\":\"2025-08-08T20:17:02+00:00\",\"breadcrumb\":{\"@id\":\"https:\/\/vieassociative.be\/actualites\/israel-veut-etendre-lutilisation-militaire-dans-la-bande-de-gaza-quels-sont-les-effets-questions-et-reponses\/#breadcrumb\"},\"inLanguage\":\"fr-BE\",\"potentialAction\":[{\"@type\":\"ReadAction\",\"target\":[\"https:\/\/vieassociative.be\/actualites\/israel-veut-etendre-lutilisation-militaire-dans-la-bande-de-gaza-quels-sont-les-effets-questions-et-reponses\/\"]}]},{\"@type\":\"ImageObject\",\"inLanguage\":\"fr-BE\",\"@id\":\"https:\/\/vieassociative.be\/actualites\/israel-veut-etendre-lutilisation-militaire-dans-la-bande-de-gaza-quels-sont-les-effets-questions-et-reponses\/#primaryimage\",\"url\":\"https:\/\/vieassociative.be\/actualites\/wp-content\/uploads\/2025\/08\/1754684223_Israel-veut-etendre-lutilisation-militaire-dans-la-bande-de-Gaza.jpg\",\"contentUrl\":\"https:\/\/vieassociative.be\/actualites\/wp-content\/uploads\/2025\/08\/1754684223_Israel-veut-etendre-lutilisation-militaire-dans-la-bande-de-Gaza.jpg\",\"width\":1200,\"height\":800,\"caption\":\"Isra\u00ebl veut \u00e9tendre l'utilisation militaire dans la bande de Gaza: quels sont les effets? (Questions et r\u00e9ponses)\"},{\"@type\":\"BreadcrumbList\",\"@id\":\"https:\/\/vieassociative.be\/actualites\/israel-veut-etendre-lutilisation-militaire-dans-la-bande-de-gaza-quels-sont-les-effets-questions-et-reponses\/#breadcrumb\",\"itemListElement\":[{\"@type\":\"ListItem\",\"position\":1,\"name\":\"Accueil\",\"item\":\"https:\/\/vieassociative.be\/actualites\/\"},{\"@type\":\"ListItem\",\"position\":2,\"name\":\"Isra\u00ebl veut \u00e9tendre l&rsquo;utilisation militaire dans la bande de Gaza: quels sont les effets? (Questions et r\u00e9ponses)\"}]},{\"@type\":\"WebSite\",\"@id\":\"https:\/\/vieassociative.be\/actualites\/#website\",\"url\":\"https:\/\/vieassociative.be\/actualites\/\",\"name\":\"Vie Associative\",\"description\":\"\",\"publisher\":{\"@id\":\"https:\/\/vieassociative.be\/actualites\/#organization\"},\"potentialAction\":[{\"@type\":\"SearchAction\",\"target\":{\"@type\":\"EntryPoint\",\"urlTemplate\":\"https:\/\/vieassociative.be\/actualites\/?s={search_term_string}\"},\"query-input\":{\"@type\":\"PropertyValueSpecification\",\"valueRequired\":true,\"valueName\":\"search_term_string\"}}],\"inLanguage\":\"fr-BE\"},{\"@type\":\"Organization\",\"@id\":\"https:\/\/vieassociative.be\/actualites\/#organization\",\"name\":\"Vie Associative\",\"url\":\"https:\/\/vieassociative.be\/actualites\/\",\"logo\":{\"@type\":\"ImageObject\",\"inLanguage\":\"fr-BE\",\"@id\":\"https:\/\/vieassociative.be\/actualites\/#\/schema\/logo\/image\/\",\"url\":\"https:\/\/vieassociative.be\/actualites\/wp-content\/uploads\/2024\/09\/cropped-vieassociative_favicon.ico.png\",\"contentUrl\":\"https:\/\/vieassociative.be\/actualites\/wp-content\/uploads\/2024\/09\/cropped-vieassociative_favicon.ico.png\",\"width\":512,\"height\":512,\"caption\":\"Vie Associative\"},\"image\":{\"@id\":\"https:\/\/vieassociative.be\/actualites\/#\/schema\/logo\/image\/\"}},{\"@type\":\"Person\",\"@id\":\"https:\/\/vieassociative.be\/actualites\/#\/schema\/person\/b87ac4f82f9d4e7b7cec7395b679edc4\",\"name\":\"Julien\",\"image\":{\"@type\":\"ImageObject\",\"inLanguage\":\"fr-BE\",\"@id\":\"https:\/\/vieassociative.be\/actualites\/#\/schema\/person\/image\/\",\"url\":\"https:\/\/vieassociative.be\/actualites\/wp-content\/uploads\/2024\/09\/vie-associative-1-150x150.jpg\",\"contentUrl\":\"https:\/\/vieassociative.be\/actualites\/wp-content\/uploads\/2024\/09\/vie-associative-1-150x150.jpg\",\"caption\":\"Julien\"},\"description\":\"Je suis Julien, r\u00e9dacteur pour Vie Associative. Passionn\u00e9 par le monde associatif depuis plus de 10 ans, j'ai \u00e0 c\u0153ur de partager des histoires inspirantes et de mettre en lumi\u00e8re les initiatives locales. Mon objectif est de sensibiliser et d'encourager l'engagement communautaire \u00e0 travers mes articles.\",\"sameAs\":[\"https:\/\/vieassociative.be\/\"]}]}<\/script>\n<!-- \/ Yoast SEO plugin. -->","yoast_head_json":{"title":"Isra\u00ebl veut \u00e9tendre l'utilisation militaire dans la bande de Gaza: quels sont les effets? (Questions et r\u00e9ponses) | Vie Associative","robots":{"index":"index","follow":"follow","max-snippet":"max-snippet:-1","max-image-preview":"max-image-preview:large","max-video-preview":"max-video-preview:-1"},"canonical":"https:\/\/vieassociative.be\/actualites\/israel-veut-etendre-lutilisation-militaire-dans-la-bande-de-gaza-quels-sont-les-effets-questions-et-reponses\/","og_locale":"fr_FR","og_type":"article","og_title":"Isra\u00ebl veut \u00e9tendre l'utilisation militaire dans la bande de Gaza: quels sont les effets? (Questions et r\u00e9ponses) | Vie Associative","og_description":"Isra\u00ebl \u00e9largit son op\u00e9ration militaire: le cabinet de s\u00e9curit\u00e9 a convenu que l&rsquo;arm\u00e9e devrait prendre la ville de Gaza. Quelles cons\u00e9quences auraient pu avoir cette","og_url":"https:\/\/vieassociative.be\/actualites\/israel-veut-etendre-lutilisation-militaire-dans-la-bande-de-gaza-quels-sont-les-effets-questions-et-reponses\/","og_site_name":"Vie Associative","article_published_time":"2025-08-08T20:17:02+00:00","og_image":[{"width":279,"height":92,"url":"https:\/\/vieassociative.be\/actualites\/wp-content\/uploads\/2024\/09\/header_backgroundk-01-e1726694325946.png","type":"image\/png"}],"author":"Julien","twitter_card":"summary_large_image","twitter_misc":{"\u00c9crit par":"Julien","Dur\u00e9e de lecture est.":"7 minutes"},"schema":{"@context":"https:\/\/schema.org","@graph":[{"@type":"Article","@id":"https:\/\/vieassociative.be\/actualites\/israel-veut-etendre-lutilisation-militaire-dans-la-bande-de-gaza-quels-sont-les-effets-questions-et-reponses\/#article","isPartOf":{"@id":"https:\/\/vieassociative.be\/actualites\/israel-veut-etendre-lutilisation-militaire-dans-la-bande-de-gaza-quels-sont-les-effets-questions-et-reponses\/"},"author":{"name":"Julien","@id":"https:\/\/vieassociative.be\/actualites\/#\/schema\/person\/b87ac4f82f9d4e7b7cec7395b679edc4"},"headline":"Isra\u00ebl veut \u00e9tendre l&rsquo;utilisation militaire dans la bande de Gaza: quels sont les effets? (Questions et r\u00e9ponses)","datePublished":"2025-08-08T20:17:02+00:00","dateModified":"2025-08-08T20:17:02+00:00","mainEntityOfPage":{"@id":"https:\/\/vieassociative.be\/actualites\/israel-veut-etendre-lutilisation-militaire-dans-la-bande-de-gaza-quels-sont-les-effets-questions-et-reponses\/"},"wordCount":1427,"publisher":{"@id":"https:\/\/vieassociative.be\/actualites\/#organization"},"image":{"@id":"https:\/\/vieassociative.be\/actualites\/israel-veut-etendre-lutilisation-militaire-dans-la-bande-de-gaza-quels-sont-les-effets-questions-et-reponses\/#primaryimage"},"thumbnailUrl":"https:\/\/vieassociative.be\/actualites\/wp-content\/uploads\/2025\/08\/1754684223_Israel-veut-etendre-lutilisation-militaire-dans-la-bande-de-Gaza.jpg","keywords":["bande","dans","effets","\u00e9tendre","Gaza","Isra\u00ebl","Les","lutilisation","militaire","quels","questions","r\u00e9ponses","sont","veut"],"articleSection":["Belgique"],"inLanguage":"fr-BE"},{"@type":"WebPage","@id":"https:\/\/vieassociative.be\/actualites\/israel-veut-etendre-lutilisation-militaire-dans-la-bande-de-gaza-quels-sont-les-effets-questions-et-reponses\/","url":"https:\/\/vieassociative.be\/actualites\/israel-veut-etendre-lutilisation-militaire-dans-la-bande-de-gaza-quels-sont-les-effets-questions-et-reponses\/","name":"Isra\u00ebl veut \u00e9tendre l'utilisation militaire dans la bande de Gaza: quels sont les effets? (Questions et r\u00e9ponses) | Vie Associative","isPartOf":{"@id":"https:\/\/vieassociative.be\/actualites\/#website"},"primaryImageOfPage":{"@id":"https:\/\/vieassociative.be\/actualites\/israel-veut-etendre-lutilisation-militaire-dans-la-bande-de-gaza-quels-sont-les-effets-questions-et-reponses\/#primaryimage"},"image":{"@id":"https:\/\/vieassociative.be\/actualites\/israel-veut-etendre-lutilisation-militaire-dans-la-bande-de-gaza-quels-sont-les-effets-questions-et-reponses\/#primaryimage"},"thumbnailUrl":"https:\/\/vieassociative.be\/actualites\/wp-content\/uploads\/2025\/08\/1754684223_Israel-veut-etendre-lutilisation-militaire-dans-la-bande-de-Gaza.jpg","datePublished":"2025-08-08T20:17:02+00:00","dateModified":"2025-08-08T20:17:02+00:00","breadcrumb":{"@id":"https:\/\/vieassociative.be\/actualites\/israel-veut-etendre-lutilisation-militaire-dans-la-bande-de-gaza-quels-sont-les-effets-questions-et-reponses\/#breadcrumb"},"inLanguage":"fr-BE","potentialAction":[{"@type":"ReadAction","target":["https:\/\/vieassociative.be\/actualites\/israel-veut-etendre-lutilisation-militaire-dans-la-bande-de-gaza-quels-sont-les-effets-questions-et-reponses\/"]}]},{"@type":"ImageObject","inLanguage":"fr-BE","@id":"https:\/\/vieassociative.be\/actualites\/israel-veut-etendre-lutilisation-militaire-dans-la-bande-de-gaza-quels-sont-les-effets-questions-et-reponses\/#primaryimage","url":"https:\/\/vieassociative.be\/actualites\/wp-content\/uploads\/2025\/08\/1754684223_Israel-veut-etendre-lutilisation-militaire-dans-la-bande-de-Gaza.jpg","contentUrl":"https:\/\/vieassociative.be\/actualites\/wp-content\/uploads\/2025\/08\/1754684223_Israel-veut-etendre-lutilisation-militaire-dans-la-bande-de-Gaza.jpg","width":1200,"height":800,"caption":"Isra\u00ebl veut \u00e9tendre l'utilisation militaire dans la bande de Gaza: quels sont les effets? (Questions et r\u00e9ponses)"},{"@type":"BreadcrumbList","@id":"https:\/\/vieassociative.be\/actualites\/israel-veut-etendre-lutilisation-militaire-dans-la-bande-de-gaza-quels-sont-les-effets-questions-et-reponses\/#breadcrumb","itemListElement":[{"@type":"ListItem","position":1,"name":"Accueil","item":"https:\/\/vieassociative.be\/actualites\/"},{"@type":"ListItem","position":2,"name":"Isra\u00ebl veut \u00e9tendre l&rsquo;utilisation militaire dans la bande de Gaza: quels sont les effets? (Questions et r\u00e9ponses)"}]},{"@type":"WebSite","@id":"https:\/\/vieassociative.be\/actualites\/#website","url":"https:\/\/vieassociative.be\/actualites\/","name":"Vie Associative","description":"","publisher":{"@id":"https:\/\/vieassociative.be\/actualites\/#organization"},"potentialAction":[{"@type":"SearchAction","target":{"@type":"EntryPoint","urlTemplate":"https:\/\/vieassociative.be\/actualites\/?s={search_term_string}"},"query-input":{"@type":"PropertyValueSpecification","valueRequired":true,"valueName":"search_term_string"}}],"inLanguage":"fr-BE"},{"@type":"Organization","@id":"https:\/\/vieassociative.be\/actualites\/#organization","name":"Vie Associative","url":"https:\/\/vieassociative.be\/actualites\/","logo":{"@type":"ImageObject","inLanguage":"fr-BE","@id":"https:\/\/vieassociative.be\/actualites\/#\/schema\/logo\/image\/","url":"https:\/\/vieassociative.be\/actualites\/wp-content\/uploads\/2024\/09\/cropped-vieassociative_favicon.ico.png","contentUrl":"https:\/\/vieassociative.be\/actualites\/wp-content\/uploads\/2024\/09\/cropped-vieassociative_favicon.ico.png","width":512,"height":512,"caption":"Vie Associative"},"image":{"@id":"https:\/\/vieassociative.be\/actualites\/#\/schema\/logo\/image\/"}},{"@type":"Person","@id":"https:\/\/vieassociative.be\/actualites\/#\/schema\/person\/b87ac4f82f9d4e7b7cec7395b679edc4","name":"Julien","image":{"@type":"ImageObject","inLanguage":"fr-BE","@id":"https:\/\/vieassociative.be\/actualites\/#\/schema\/person\/image\/","url":"https:\/\/vieassociative.be\/actualites\/wp-content\/uploads\/2024\/09\/vie-associative-1-150x150.jpg","contentUrl":"https:\/\/vieassociative.be\/actualites\/wp-content\/uploads\/2024\/09\/vie-associative-1-150x150.jpg","caption":"Julien"},"description":"Je suis Julien, r\u00e9dacteur pour Vie Associative. Passionn\u00e9 par le monde associatif depuis plus de 10 ans, j'ai \u00e0 c\u0153ur de partager des histoires inspirantes et de mettre en lumi\u00e8re les initiatives locales. Mon objectif est de sensibiliser et d'encourager l'engagement communautaire \u00e0 travers mes articles.","sameAs":["https:\/\/vieassociative.be\/"]}]}},"_links":{"self":[{"href":"https:\/\/vieassociative.be\/actualites\/wp-json\/wp\/v2\/posts\/9292"}],"collection":[{"href":"https:\/\/vieassociative.be\/actualites\/wp-json\/wp\/v2\/posts"}],"about":[{"href":"https:\/\/vieassociative.be\/actualites\/wp-json\/wp\/v2\/types\/post"}],"author":[{"embeddable":true,"href":"https:\/\/vieassociative.be\/actualites\/wp-json\/wp\/v2\/users\/1"}],"replies":[{"embeddable":true,"href":"https:\/\/vieassociative.be\/actualites\/wp-json\/wp\/v2\/comments?post=9292"}],"version-history":[{"count":0,"href":"https:\/\/vieassociative.be\/actualites\/wp-json\/wp\/v2\/posts\/9292\/revisions"}],"wp:featuredmedia":[{"embeddable":true,"href":"https:\/\/vieassociative.be\/actualites\/wp-json\/wp\/v2\/media\/9293"}],"wp:attachment":[{"href":"https:\/\/vieassociative.be\/actualites\/wp-json\/wp\/v2\/media?parent=9292"}],"wp:term":[{"taxonomy":"category","embeddable":true,"href":"https:\/\/vieassociative.be\/actualites\/wp-json\/wp\/v2\/categories?post=9292"},{"taxonomy":"post_tag","embeddable":true,"href":"https:\/\/vieassociative.be\/actualites\/wp-json\/wp\/v2\/tags?post=9292"}],"curies":[{"name":"wp","href":"https:\/\/api.w.org\/{rel}","templated":true}]}}