{"id":9284,"date":"2025-08-08T16:17:29","date_gmt":"2025-08-08T14:17:29","guid":{"rendered":"https:\/\/vieassociative.be\/actualites\/si-trop-de-vacanciers-ne-sont-plus-les-bienvenus-de-plus-en-plus-de-mesures-contre-le-tourisme-de-masse\/"},"modified":"2025-08-08T16:17:29","modified_gmt":"2025-08-08T14:17:29","slug":"si-trop-de-vacanciers-ne-sont-plus-les-bienvenus-de-plus-en-plus-de-mesures-contre-le-tourisme-de-masse","status":"publish","type":"post","link":"https:\/\/vieassociative.be\/actualites\/si-trop-de-vacanciers-ne-sont-plus-les-bienvenus-de-plus-en-plus-de-mesures-contre-le-tourisme-de-masse\/","title":{"rendered":"Si trop de vacanciers ne sont plus les bienvenus: de plus en plus de mesures contre le tourisme de masse"},"content":{"rendered":"<p><strong>Les millions visitent les plus beaux endroits de l&rsquo;Europe &#8211; et les am\u00e8ne au bord de la r\u00e9silience. Les villes r\u00e9agissent avec les frais d&rsquo;entr\u00e9e, interdits et diversions: est-ce l&rsquo;avenir du voyage?<\/strong><\/p>\n<p><span id=\"more-421992\"><\/span>Que ce soit des Dolomites, Santorini ou Majorque: la m\u00eame image partout. Les sentiers de randonn\u00e9e agissent comme des m\u00e9tros aux heures de pointe, les navires de croisi\u00e8re d\u00e9chargent des milliers d&rsquo;invit\u00e9s dans les vieilles villes qui ont longtemps \u00e9t\u00e9 \u00e0 la limite. Nous recherchons l&rsquo;idylle que le tourisme de masse a depuis longtemps remplac\u00e9. Au milieu: les habitants agac\u00e9s.<\/p>\n<p>L&rsquo;Italie se d\u00e9bat avec l&rsquo;acte d&rsquo;\u00e9quilibrage entre l&rsquo;hospitalit\u00e9 et le stress. Venise a fait la une des journaux avec des frais d&rsquo;entr\u00e9e pour les invit\u00e9s, mais en 2025, plus de cinq millions d&rsquo;euros ont \u00e9t\u00e9 pris. Cependant, le vrai probl\u00e8me est rest\u00e9: les ruelles surpeupl\u00e9es, les r\u00e9sidents irrit\u00e9s et une vie quotidienne en diminution.<\/p>\n<div id=\"attachment_421998\" class=\"wp-caption alignleft\" style=\"max-width: 300px\"><img fetchpriority=\"high\" decoding=\"async\" class=\"wp-image-421998 size-medium\" src=\"https:\/\/vieassociative.be\/actualites\/wp-content\/uploads\/2025\/08\/Si-trop-de-vacanciers-ne-sont-plus-les-bienvenus-de.jpg\" alt=\"\" width=\"300\" height=\"200\"><\/div>\n<p>Selon la ministre du Tourisme Daniela Santanch\u00e8, 75% des touristes se concentrent sur seulement quatre pour cent de la r\u00e9gion. Cependant, il n&rsquo;y a pas de probl\u00e8me avec le \u00ab\u00a0surprenance\u00a0\u00bb. Et tandis que certains se plaignent, d&rsquo;autres se plaignent quand cela devient plus calme. Par exemple, les concessionnaires du lac Garda, qui sont ennuy\u00e9s par des terrasses vides et de mauvaises figures de r\u00e9servation cet \u00e9t\u00e9.<\/p>\n<p>L&rsquo;\u00e9t\u00e9 devient un test de stress dans les dolomites. Quatre propri\u00e9taires fonciers ont r\u00e9agi de mani\u00e8re provocante: ils exigent cinq euros pour l&rsquo;acc\u00e8s au SecEDA &#8211; l&rsquo;un des points de vue les plus photographi\u00e9s du Tyrol du Sud en vue du groupe Geisler. Il ne s&rsquo;agit pas de profit, soulignent-ils, mais d&rsquo;un signe contre les ordures, des bovins stress\u00e9s, des p\u00e2turages alpins pi\u00e9tin\u00e9s &#8211; et des touristes qui travaillent avec des baskets et un b\u00e2ton de selfie comme s&rsquo;ils voulaient aller dans la vieille ville au lieu de 2500 m\u00e8tres d&rsquo;altitude. M\u00eame si les clubs alpins voient le p\u00e9age de mani\u00e8re critique, ils montrent une compr\u00e9hension: les masses devraient \u00eatre inform\u00e9es et dirig\u00e9es.<\/p>\n<p><strong>-TV sets comme aimant touristique:<\/strong> Il y a aussi un tourniquet dans le Suisse Iseltwald sur le lac Brienzer au sud de Berne. En 2023, la communaut\u00e9 a r\u00e9agi \u00e0 la ru\u00e9e des visiteurs, en particulier les touristes asiatiques qui sont venus \u00e0 la passerelle en bois pour un selfie, connu d&rsquo;une s\u00e9rie sud-cor\u00e9enne Netflix. L&rsquo;entr\u00e9e (autour de CHF 5.40) co\u00fbte l&rsquo;entr\u00e9e, donc le CHF 244 000 s&rsquo;est r\u00e9uni l&rsquo;ann\u00e9e derni\u00e8re. L&rsquo;argent circule dans le personnel de nettoyage, d&rsquo;entretien et de supervision. Le flux des visiteurs n&rsquo;est pas d\u00e9moli, admet une porte-parole.<\/p>\n<div id=\"attachment_421999\" class=\"wp-caption alignleft\" style=\"max-width: 300px\"><img decoding=\"async\" class=\"wp-image-421999 size-medium\" src=\"https:\/\/vieassociative.be\/actualites\/wp-content\/uploads\/2025\/08\/1754662649_522_Si-trop-de-vacanciers-ne-sont-plus-les-bienvenus-de.jpg\" alt=\"\" width=\"300\" height=\"225\"  ><\/div>\n<p>En Autriche, Hallstatt reste l&rsquo;endroit qui souffre le plus de touristes. La petite municipalit\u00e9 avec 750 habitants a plus d&rsquo;un million de visiteurs par an depuis l&rsquo;Asie, attir\u00e9 par la toile de fond pittoresque, qui est devenue connue dans le monde entier par le biais de s\u00e9ries t\u00e9l\u00e9vis\u00e9es. Il y a quelques ann\u00e9es, le nombre d&rsquo;entra\u00eeneurs \u00e9tait limit\u00e9 et un s\u00e9jour minimum pour les groupes de bus a \u00e9t\u00e9 introduit.<\/p>\n<p>\u00ab\u00a0Nous ne prenons le contr\u00f4le que si vous limitez l&rsquo;acc\u00e8s \u00e0 la route d&rsquo;\u00c9tat\u00a0\u00bb, explique le maire Alexander Scheutz. L&rsquo;objectif doit \u00eatre de bloquer l&rsquo;acc\u00e8s loin devant l&#8217;emplacement d\u00e8s que les h\u00f4tels et les places de stationnement sont enti\u00e8rement r\u00e9serv\u00e9es. Hallstatt b\u00e9n\u00e9ficie financi\u00e8rement: il y a des services de garde gratuits, une restauration des personnes \u00e2g\u00e9es bon march\u00e9, des appartements de location sociale ainsi que du soutien aux pompiers et au sauvetage des montagnes. La municipalit\u00e9 essaie une infrastructure qui re\u00e7oit l&rsquo;endroit qui vaut la peine d&rsquo;\u00eatre v\u00e9cu, selon le maire.<\/p>\n<p><strong>-Rules, les applications et un syst\u00e8me GPS:<\/strong> Des points chauds touristiques tels que la capitale danoise Copenhague ou les fjords pittoresques sur la c\u00f4te ouest de la Norv\u00e8ge sont \u00e9galement envahis en Europe du Nord. Dans de petits endroits qui contr\u00f4lent les navires de croisi\u00e8re, le nombre d&rsquo;invit\u00e9s de jour d\u00e9passe souvent celui des r\u00e9sidents. Et puisque la tendance au cours de la crise climatique va \u00e0 la \u00ab\u00a0coolcation\u00a0\u00bb &#8211; c&rsquo;est-\u00e0-dire en vacances dans des zones plus fra\u00eeches plut\u00f4t que dans le sud surchauff\u00e9 au sud de l&rsquo;Europe &#8211; les masses touristiques en Scandinavie ne deviendront gu\u00e8re plus petites.<\/p>\n<p>Les habitants se plaignent d&rsquo;un comportement impitoyable des touristes: par exemple, sur le Geirangerfjord en Norv\u00e8ge, de nombreux obstacles ignorent le probl\u00e8me Instagram parfait, mais aussi potentiellement mortel, qui peut \u00e9galement \u00eatre chant\u00e9 dans de nombreux endroits en Islande.<\/p>\n<div id=\"attachment_422000\" class=\"wp-caption alignleft\" style=\"max-width: 300px\"><img decoding=\"async\" class=\"wp-image-422000 size-medium\" src=\"https:\/\/vieassociative.be\/actualites\/wp-content\/uploads\/2025\/08\/1754662649_8_Si-trop-de-vacanciers-ne-sont-plus-les-bienvenus-de.jpg\" alt=\"\" width=\"300\" height=\"190\"><\/div>\n<p>Depuis des ann\u00e9es, les pays nordiques ont essay\u00e9 de contrer avec les r\u00e8gles, les signes, les appels et les id\u00e9es cr\u00e9atives. Copenhague fait de la publicit\u00e9 avec la campagne \u00ab\u00a0Copenpay\u00a0\u00bb pour les voyages durables. Les petites mais belles \u00eeles F\u00e9ro\u00e9 vont encore plus loin: les touristes peuvent utiliser des voitures de location avec des syst\u00e8mes GPS, qu&rsquo;ils les guident sp\u00e9cifiquement vers des endroits plus inconnus. Ceci est cens\u00e9 prot\u00e9ger la nature. La seule condition: la voiture d\u00e9cide o\u00f9 m\u00e8ne le voyage.<\/p>\n<p><strong>&#8211; Nombre d&rsquo;enregistrements et frustration croissante:<\/strong>  L&rsquo;Espagne, apr\u00e8s la France, le deuxi\u00e8me pays le plus visit\u00e9 au monde, s&rsquo;est dirig\u00e9 vers un nouveau record touristique en 2025: le nombre de visiteurs \u00e9trangers pourrait d\u00e9passer la marque de 100 millions pour la premi\u00e8re fois cette ann\u00e9e. Le ressentiment du tourisme de masse augmente d&rsquo;ann\u00e9e en ann\u00e9e. Majorque, l&rsquo;\u00eele de vacances les plus populaires des Allemands, a re\u00e7u 13,5 millions de personnes l&rsquo;ann\u00e9e derni\u00e8re &#8211; avec moins d&rsquo;un million d&rsquo;habitants.<\/p>\n<p>Du point de vue des associations de locataires, des \u00e9cologistes et d&rsquo;autres organisations, les cons\u00e9quences sont graves: p\u00e9nurie de logements, pollution, chaos du trafic, pollution sonore, hausse des prix et destruction de la nature. \u00c0 l&rsquo;\u00e9chelle nationale, les mesures contre le tourisme de masse sont v\u00e9rifi\u00e9es et prises &#8211; par exemple en augmentant consid\u00e9rablement l&rsquo;imp\u00f4t sur la nuit, \u00e0 Barcelone jusqu&rsquo;\u00e0 15 euros par nuit.<\/p>\n<p>Cela signifie que beaucoup d&rsquo;argent coule dans les coffres, mais cela rend \u00e9galement difficile la cons\u00e9quence politique. Cependant, Barcelone veut abolir compl\u00e8tement la location des appartements de vacances d&rsquo;ici la fin de 2028.<\/p>\n<div id=\"attachment_422001\" class=\"wp-caption alignleft\" style=\"max-width: 300px\"><img loading=\"lazy\" decoding=\"async\" class=\"wp-image-422001 size-medium\" src=\"https:\/\/vieassociative.be\/actualites\/wp-content\/uploads\/2025\/08\/1754662649_801_Si-trop-de-vacanciers-ne-sont-plus-les-bienvenus-de.jpg\" alt=\"\" width=\"300\" height=\"200\"><\/div>\n<p>Pendant ce temps, certains habitants utilisent des formes cr\u00e9atives de protestation. \u00c0 Majorque de l&rsquo;ann\u00e9e derni\u00e8re, les militants ont tromp\u00e9 de v\u00e9ritables signes avec des avertissements de m\u00e9duses, de chutes de rock ou de baignade pour \u00e9loigner les touristes. \u00c0 Barcelone, les r\u00e9sidents ont simplement transform\u00e9 les panneaux vers les bunkers du Tur\u00f3 de la Rovira pour induire les visiteurs en erreur.<\/p>\n<p><strong>&#8211; plages ch\u00e8res pour les touristes:<\/strong> \u00c0 Hellas, il n&rsquo;y a pas de manifestations contre les touristes, mais il y a des critiques. Des super destinations telles que les \u00eeles F\u00eates de Santorin et Mykonos souffrent des touristes de croisi\u00e8re qui atterrissent des milliers de personnes par jour en haute saison. En attendant, ils doivent payer 20 euros. Cela ne devrait gu\u00e8re changer beaucoup &#8211; mais l&rsquo;argent devrait passer dans les infrastructures.<\/p>\n<p>Le d\u00e9veloppement des prix est \u00e9galement probl\u00e9matique: Mykonos, par exemple, est d\u00e9sormais si cher que les vacances grecques peuvent ne pas se permettre. De plus, les employ\u00e9s ne trouvent pas d&rsquo;espace de vie car presque tout est lou\u00e9 aux touristes.<\/p>\n<p>Et enfin, les plages non g\u00e9r\u00e9es disparaissent: les bars de plage et les chaises longues occupent le dernier espace libre dans de nombreux endroits. Les plages en Gr\u00e8ce sont publiques par la loi &#8211; au moins la moiti\u00e9 de la r\u00e9gion doit toujours \u00eatre accessible \u00e0 tous. Entre-temps, les autorit\u00e9s ont de plus en plus v\u00e9rifi\u00e9 et les violations sont \u00e9galement punies. (DPA)<\/p>\n","protected":false},"excerpt":{"rendered":"<p>Les millions visitent les plus beaux endroits de l&rsquo;Europe &#8211; et les am\u00e8ne au bord de la r\u00e9silience. Les villes r\u00e9agissent avec les frais d&rsquo;entr\u00e9e,<\/p>\n","protected":false},"author":1,"featured_media":9285,"comment_status":"","ping_status":"","sticky":false,"template":"","format":"standard","meta":{"footnotes":""},"categories":[298],"tags":[8097,796,14,7903,5331,18,8098,656,8096],"class_list":["post-9284","post","type-post","status-publish","format-standard","has-post-thumbnail","hentry","category-belgique","tag-bienvenus","tag-contre","tag-les","tag-masse","tag-mesures","tag-sont","tag-tourisme","tag-trop","tag-vacanciers","generate-columns","tablet-grid-50","mobile-grid-100","grid-parent","grid-33"],"yoast_head":"<!-- This site is optimized with the Yoast SEO plugin v24.0 - https:\/\/yoast.com\/wordpress\/plugins\/seo\/ -->\n<title>Si trop de vacanciers ne sont plus les bienvenus: de plus en plus de mesures contre le tourisme de masse | Vie Associative<\/title>\n<meta name=\"robots\" content=\"index, follow, max-snippet:-1, max-image-preview:large, max-video-preview:-1\" \/>\n<link rel=\"canonical\" href=\"https:\/\/vieassociative.be\/actualites\/si-trop-de-vacanciers-ne-sont-plus-les-bienvenus-de-plus-en-plus-de-mesures-contre-le-tourisme-de-masse\/\" \/>\n<meta property=\"og:locale\" content=\"fr_FR\" \/>\n<meta property=\"og:type\" content=\"article\" \/>\n<meta property=\"og:title\" content=\"Si trop de vacanciers ne sont plus les bienvenus: de plus en plus de mesures contre le tourisme de masse | Vie Associative\" \/>\n<meta property=\"og:description\" content=\"Les millions visitent les plus beaux endroits de l&rsquo;Europe &#8211; et les am\u00e8ne au bord de la r\u00e9silience. Les villes r\u00e9agissent avec les frais d&rsquo;entr\u00e9e,\" \/>\n<meta property=\"og:url\" content=\"https:\/\/vieassociative.be\/actualites\/si-trop-de-vacanciers-ne-sont-plus-les-bienvenus-de-plus-en-plus-de-mesures-contre-le-tourisme-de-masse\/\" \/>\n<meta property=\"og:site_name\" content=\"Vie Associative\" \/>\n<meta property=\"article:published_time\" content=\"2025-08-08T14:17:29+00:00\" \/>\n<meta property=\"og:image\" content=\"https:\/\/vieassociative.be\/actualites\/wp-content\/uploads\/2024\/09\/header_backgroundk-01-e1726694325946.png\" \/>\n\t<meta property=\"og:image:width\" content=\"279\" \/>\n\t<meta property=\"og:image:height\" content=\"92\" \/>\n\t<meta property=\"og:image:type\" content=\"image\/png\" \/>\n<meta name=\"author\" content=\"Julien\" \/>\n<meta name=\"twitter:card\" content=\"summary_large_image\" \/>\n<meta name=\"twitter:label1\" content=\"\u00c9crit par\" \/>\n\t<meta name=\"twitter:data1\" content=\"Julien\" \/>\n\t<meta name=\"twitter:label2\" content=\"Dur\u00e9e de lecture est.\" \/>\n\t<meta name=\"twitter:data2\" content=\"7 minutes\" \/>\n<script type=\"application\/ld+json\" class=\"yoast-schema-graph\">{\"@context\":\"https:\/\/schema.org\",\"@graph\":[{\"@type\":\"Article\",\"@id\":\"https:\/\/vieassociative.be\/actualites\/si-trop-de-vacanciers-ne-sont-plus-les-bienvenus-de-plus-en-plus-de-mesures-contre-le-tourisme-de-masse\/#article\",\"isPartOf\":{\"@id\":\"https:\/\/vieassociative.be\/actualites\/si-trop-de-vacanciers-ne-sont-plus-les-bienvenus-de-plus-en-plus-de-mesures-contre-le-tourisme-de-masse\/\"},\"author\":{\"name\":\"Julien\",\"@id\":\"https:\/\/vieassociative.be\/actualites\/#\/schema\/person\/b87ac4f82f9d4e7b7cec7395b679edc4\"},\"headline\":\"Si trop de vacanciers ne sont plus les bienvenus: de plus en plus de mesures contre le tourisme de masse\",\"datePublished\":\"2025-08-08T14:17:29+00:00\",\"dateModified\":\"2025-08-08T14:17:29+00:00\",\"mainEntityOfPage\":{\"@id\":\"https:\/\/vieassociative.be\/actualites\/si-trop-de-vacanciers-ne-sont-plus-les-bienvenus-de-plus-en-plus-de-mesures-contre-le-tourisme-de-masse\/\"},\"wordCount\":1399,\"publisher\":{\"@id\":\"https:\/\/vieassociative.be\/actualites\/#organization\"},\"image\":{\"@id\":\"https:\/\/vieassociative.be\/actualites\/si-trop-de-vacanciers-ne-sont-plus-les-bienvenus-de-plus-en-plus-de-mesures-contre-le-tourisme-de-masse\/#primaryimage\"},\"thumbnailUrl\":\"https:\/\/vieassociative.be\/actualites\/wp-content\/uploads\/2025\/08\/1754662649_Si-trop-de-vacanciers-ne-sont-plus-les-bienvenus-de.jpg\",\"keywords\":[\"bienvenus\",\"contre\",\"Les\",\"masse\",\"mesures\",\"sont\",\"tourisme\",\"trop\",\"vacanciers\"],\"articleSection\":[\"Belgique\"],\"inLanguage\":\"fr-BE\"},{\"@type\":\"WebPage\",\"@id\":\"https:\/\/vieassociative.be\/actualites\/si-trop-de-vacanciers-ne-sont-plus-les-bienvenus-de-plus-en-plus-de-mesures-contre-le-tourisme-de-masse\/\",\"url\":\"https:\/\/vieassociative.be\/actualites\/si-trop-de-vacanciers-ne-sont-plus-les-bienvenus-de-plus-en-plus-de-mesures-contre-le-tourisme-de-masse\/\",\"name\":\"Si trop de vacanciers ne sont plus les bienvenus: de plus en plus de mesures contre le tourisme de masse | Vie Associative\",\"isPartOf\":{\"@id\":\"https:\/\/vieassociative.be\/actualites\/#website\"},\"primaryImageOfPage\":{\"@id\":\"https:\/\/vieassociative.be\/actualites\/si-trop-de-vacanciers-ne-sont-plus-les-bienvenus-de-plus-en-plus-de-mesures-contre-le-tourisme-de-masse\/#primaryimage\"},\"image\":{\"@id\":\"https:\/\/vieassociative.be\/actualites\/si-trop-de-vacanciers-ne-sont-plus-les-bienvenus-de-plus-en-plus-de-mesures-contre-le-tourisme-de-masse\/#primaryimage\"},\"thumbnailUrl\":\"https:\/\/vieassociative.be\/actualites\/wp-content\/uploads\/2025\/08\/1754662649_Si-trop-de-vacanciers-ne-sont-plus-les-bienvenus-de.jpg\",\"datePublished\":\"2025-08-08T14:17:29+00:00\",\"dateModified\":\"2025-08-08T14:17:29+00:00\",\"breadcrumb\":{\"@id\":\"https:\/\/vieassociative.be\/actualites\/si-trop-de-vacanciers-ne-sont-plus-les-bienvenus-de-plus-en-plus-de-mesures-contre-le-tourisme-de-masse\/#breadcrumb\"},\"inLanguage\":\"fr-BE\",\"potentialAction\":[{\"@type\":\"ReadAction\",\"target\":[\"https:\/\/vieassociative.be\/actualites\/si-trop-de-vacanciers-ne-sont-plus-les-bienvenus-de-plus-en-plus-de-mesures-contre-le-tourisme-de-masse\/\"]}]},{\"@type\":\"ImageObject\",\"inLanguage\":\"fr-BE\",\"@id\":\"https:\/\/vieassociative.be\/actualites\/si-trop-de-vacanciers-ne-sont-plus-les-bienvenus-de-plus-en-plus-de-mesures-contre-le-tourisme-de-masse\/#primaryimage\",\"url\":\"https:\/\/vieassociative.be\/actualites\/wp-content\/uploads\/2025\/08\/1754662649_Si-trop-de-vacanciers-ne-sont-plus-les-bienvenus-de.jpg\",\"contentUrl\":\"https:\/\/vieassociative.be\/actualites\/wp-content\/uploads\/2025\/08\/1754662649_Si-trop-de-vacanciers-ne-sont-plus-les-bienvenus-de.jpg\",\"width\":1200,\"height\":800,\"caption\":\"Si trop de vacanciers ne sont plus les bienvenus: de plus en plus de mesures contre le tourisme de masse\"},{\"@type\":\"BreadcrumbList\",\"@id\":\"https:\/\/vieassociative.be\/actualites\/si-trop-de-vacanciers-ne-sont-plus-les-bienvenus-de-plus-en-plus-de-mesures-contre-le-tourisme-de-masse\/#breadcrumb\",\"itemListElement\":[{\"@type\":\"ListItem\",\"position\":1,\"name\":\"Accueil\",\"item\":\"https:\/\/vieassociative.be\/actualites\/\"},{\"@type\":\"ListItem\",\"position\":2,\"name\":\"Si trop de vacanciers ne sont plus les bienvenus: de plus en plus de mesures contre le tourisme de masse\"}]},{\"@type\":\"WebSite\",\"@id\":\"https:\/\/vieassociative.be\/actualites\/#website\",\"url\":\"https:\/\/vieassociative.be\/actualites\/\",\"name\":\"Vie Associative\",\"description\":\"\",\"publisher\":{\"@id\":\"https:\/\/vieassociative.be\/actualites\/#organization\"},\"potentialAction\":[{\"@type\":\"SearchAction\",\"target\":{\"@type\":\"EntryPoint\",\"urlTemplate\":\"https:\/\/vieassociative.be\/actualites\/?s={search_term_string}\"},\"query-input\":{\"@type\":\"PropertyValueSpecification\",\"valueRequired\":true,\"valueName\":\"search_term_string\"}}],\"inLanguage\":\"fr-BE\"},{\"@type\":\"Organization\",\"@id\":\"https:\/\/vieassociative.be\/actualites\/#organization\",\"name\":\"Vie Associative\",\"url\":\"https:\/\/vieassociative.be\/actualites\/\",\"logo\":{\"@type\":\"ImageObject\",\"inLanguage\":\"fr-BE\",\"@id\":\"https:\/\/vieassociative.be\/actualites\/#\/schema\/logo\/image\/\",\"url\":\"https:\/\/vieassociative.be\/actualites\/wp-content\/uploads\/2024\/09\/cropped-vieassociative_favicon.ico.png\",\"contentUrl\":\"https:\/\/vieassociative.be\/actualites\/wp-content\/uploads\/2024\/09\/cropped-vieassociative_favicon.ico.png\",\"width\":512,\"height\":512,\"caption\":\"Vie Associative\"},\"image\":{\"@id\":\"https:\/\/vieassociative.be\/actualites\/#\/schema\/logo\/image\/\"}},{\"@type\":\"Person\",\"@id\":\"https:\/\/vieassociative.be\/actualites\/#\/schema\/person\/b87ac4f82f9d4e7b7cec7395b679edc4\",\"name\":\"Julien\",\"image\":{\"@type\":\"ImageObject\",\"inLanguage\":\"fr-BE\",\"@id\":\"https:\/\/vieassociative.be\/actualites\/#\/schema\/person\/image\/\",\"url\":\"https:\/\/vieassociative.be\/actualites\/wp-content\/uploads\/2024\/09\/vie-associative-1-150x150.jpg\",\"contentUrl\":\"https:\/\/vieassociative.be\/actualites\/wp-content\/uploads\/2024\/09\/vie-associative-1-150x150.jpg\",\"caption\":\"Julien\"},\"description\":\"Je suis Julien, r\u00e9dacteur pour Vie Associative. Passionn\u00e9 par le monde associatif depuis plus de 10 ans, j'ai \u00e0 c\u0153ur de partager des histoires inspirantes et de mettre en lumi\u00e8re les initiatives locales. Mon objectif est de sensibiliser et d'encourager l'engagement communautaire \u00e0 travers mes articles.\",\"sameAs\":[\"https:\/\/vieassociative.be\/\"]}]}<\/script>\n<!-- \/ Yoast SEO plugin. -->","yoast_head_json":{"title":"Si trop de vacanciers ne sont plus les bienvenus: de plus en plus de mesures contre le tourisme de masse | Vie Associative","robots":{"index":"index","follow":"follow","max-snippet":"max-snippet:-1","max-image-preview":"max-image-preview:large","max-video-preview":"max-video-preview:-1"},"canonical":"https:\/\/vieassociative.be\/actualites\/si-trop-de-vacanciers-ne-sont-plus-les-bienvenus-de-plus-en-plus-de-mesures-contre-le-tourisme-de-masse\/","og_locale":"fr_FR","og_type":"article","og_title":"Si trop de vacanciers ne sont plus les bienvenus: de plus en plus de mesures contre le tourisme de masse | Vie Associative","og_description":"Les millions visitent les plus beaux endroits de l&rsquo;Europe &#8211; et les am\u00e8ne au bord de la r\u00e9silience. Les villes r\u00e9agissent avec les frais d&rsquo;entr\u00e9e,","og_url":"https:\/\/vieassociative.be\/actualites\/si-trop-de-vacanciers-ne-sont-plus-les-bienvenus-de-plus-en-plus-de-mesures-contre-le-tourisme-de-masse\/","og_site_name":"Vie Associative","article_published_time":"2025-08-08T14:17:29+00:00","og_image":[{"width":279,"height":92,"url":"https:\/\/vieassociative.be\/actualites\/wp-content\/uploads\/2024\/09\/header_backgroundk-01-e1726694325946.png","type":"image\/png"}],"author":"Julien","twitter_card":"summary_large_image","twitter_misc":{"\u00c9crit par":"Julien","Dur\u00e9e de lecture est.":"7 minutes"},"schema":{"@context":"https:\/\/schema.org","@graph":[{"@type":"Article","@id":"https:\/\/vieassociative.be\/actualites\/si-trop-de-vacanciers-ne-sont-plus-les-bienvenus-de-plus-en-plus-de-mesures-contre-le-tourisme-de-masse\/#article","isPartOf":{"@id":"https:\/\/vieassociative.be\/actualites\/si-trop-de-vacanciers-ne-sont-plus-les-bienvenus-de-plus-en-plus-de-mesures-contre-le-tourisme-de-masse\/"},"author":{"name":"Julien","@id":"https:\/\/vieassociative.be\/actualites\/#\/schema\/person\/b87ac4f82f9d4e7b7cec7395b679edc4"},"headline":"Si trop de vacanciers ne sont plus les bienvenus: de plus en plus de mesures contre le tourisme de masse","datePublished":"2025-08-08T14:17:29+00:00","dateModified":"2025-08-08T14:17:29+00:00","mainEntityOfPage":{"@id":"https:\/\/vieassociative.be\/actualites\/si-trop-de-vacanciers-ne-sont-plus-les-bienvenus-de-plus-en-plus-de-mesures-contre-le-tourisme-de-masse\/"},"wordCount":1399,"publisher":{"@id":"https:\/\/vieassociative.be\/actualites\/#organization"},"image":{"@id":"https:\/\/vieassociative.be\/actualites\/si-trop-de-vacanciers-ne-sont-plus-les-bienvenus-de-plus-en-plus-de-mesures-contre-le-tourisme-de-masse\/#primaryimage"},"thumbnailUrl":"https:\/\/vieassociative.be\/actualites\/wp-content\/uploads\/2025\/08\/1754662649_Si-trop-de-vacanciers-ne-sont-plus-les-bienvenus-de.jpg","keywords":["bienvenus","contre","Les","masse","mesures","sont","tourisme","trop","vacanciers"],"articleSection":["Belgique"],"inLanguage":"fr-BE"},{"@type":"WebPage","@id":"https:\/\/vieassociative.be\/actualites\/si-trop-de-vacanciers-ne-sont-plus-les-bienvenus-de-plus-en-plus-de-mesures-contre-le-tourisme-de-masse\/","url":"https:\/\/vieassociative.be\/actualites\/si-trop-de-vacanciers-ne-sont-plus-les-bienvenus-de-plus-en-plus-de-mesures-contre-le-tourisme-de-masse\/","name":"Si trop de vacanciers ne sont plus les bienvenus: de plus en plus de mesures contre le tourisme de masse | Vie Associative","isPartOf":{"@id":"https:\/\/vieassociative.be\/actualites\/#website"},"primaryImageOfPage":{"@id":"https:\/\/vieassociative.be\/actualites\/si-trop-de-vacanciers-ne-sont-plus-les-bienvenus-de-plus-en-plus-de-mesures-contre-le-tourisme-de-masse\/#primaryimage"},"image":{"@id":"https:\/\/vieassociative.be\/actualites\/si-trop-de-vacanciers-ne-sont-plus-les-bienvenus-de-plus-en-plus-de-mesures-contre-le-tourisme-de-masse\/#primaryimage"},"thumbnailUrl":"https:\/\/vieassociative.be\/actualites\/wp-content\/uploads\/2025\/08\/1754662649_Si-trop-de-vacanciers-ne-sont-plus-les-bienvenus-de.jpg","datePublished":"2025-08-08T14:17:29+00:00","dateModified":"2025-08-08T14:17:29+00:00","breadcrumb":{"@id":"https:\/\/vieassociative.be\/actualites\/si-trop-de-vacanciers-ne-sont-plus-les-bienvenus-de-plus-en-plus-de-mesures-contre-le-tourisme-de-masse\/#breadcrumb"},"inLanguage":"fr-BE","potentialAction":[{"@type":"ReadAction","target":["https:\/\/vieassociative.be\/actualites\/si-trop-de-vacanciers-ne-sont-plus-les-bienvenus-de-plus-en-plus-de-mesures-contre-le-tourisme-de-masse\/"]}]},{"@type":"ImageObject","inLanguage":"fr-BE","@id":"https:\/\/vieassociative.be\/actualites\/si-trop-de-vacanciers-ne-sont-plus-les-bienvenus-de-plus-en-plus-de-mesures-contre-le-tourisme-de-masse\/#primaryimage","url":"https:\/\/vieassociative.be\/actualites\/wp-content\/uploads\/2025\/08\/1754662649_Si-trop-de-vacanciers-ne-sont-plus-les-bienvenus-de.jpg","contentUrl":"https:\/\/vieassociative.be\/actualites\/wp-content\/uploads\/2025\/08\/1754662649_Si-trop-de-vacanciers-ne-sont-plus-les-bienvenus-de.jpg","width":1200,"height":800,"caption":"Si trop de vacanciers ne sont plus les bienvenus: de plus en plus de mesures contre le tourisme de masse"},{"@type":"BreadcrumbList","@id":"https:\/\/vieassociative.be\/actualites\/si-trop-de-vacanciers-ne-sont-plus-les-bienvenus-de-plus-en-plus-de-mesures-contre-le-tourisme-de-masse\/#breadcrumb","itemListElement":[{"@type":"ListItem","position":1,"name":"Accueil","item":"https:\/\/vieassociative.be\/actualites\/"},{"@type":"ListItem","position":2,"name":"Si trop de vacanciers ne sont plus les bienvenus: de plus en plus de mesures contre le tourisme de masse"}]},{"@type":"WebSite","@id":"https:\/\/vieassociative.be\/actualites\/#website","url":"https:\/\/vieassociative.be\/actualites\/","name":"Vie Associative","description":"","publisher":{"@id":"https:\/\/vieassociative.be\/actualites\/#organization"},"potentialAction":[{"@type":"SearchAction","target":{"@type":"EntryPoint","urlTemplate":"https:\/\/vieassociative.be\/actualites\/?s={search_term_string}"},"query-input":{"@type":"PropertyValueSpecification","valueRequired":true,"valueName":"search_term_string"}}],"inLanguage":"fr-BE"},{"@type":"Organization","@id":"https:\/\/vieassociative.be\/actualites\/#organization","name":"Vie Associative","url":"https:\/\/vieassociative.be\/actualites\/","logo":{"@type":"ImageObject","inLanguage":"fr-BE","@id":"https:\/\/vieassociative.be\/actualites\/#\/schema\/logo\/image\/","url":"https:\/\/vieassociative.be\/actualites\/wp-content\/uploads\/2024\/09\/cropped-vieassociative_favicon.ico.png","contentUrl":"https:\/\/vieassociative.be\/actualites\/wp-content\/uploads\/2024\/09\/cropped-vieassociative_favicon.ico.png","width":512,"height":512,"caption":"Vie Associative"},"image":{"@id":"https:\/\/vieassociative.be\/actualites\/#\/schema\/logo\/image\/"}},{"@type":"Person","@id":"https:\/\/vieassociative.be\/actualites\/#\/schema\/person\/b87ac4f82f9d4e7b7cec7395b679edc4","name":"Julien","image":{"@type":"ImageObject","inLanguage":"fr-BE","@id":"https:\/\/vieassociative.be\/actualites\/#\/schema\/person\/image\/","url":"https:\/\/vieassociative.be\/actualites\/wp-content\/uploads\/2024\/09\/vie-associative-1-150x150.jpg","contentUrl":"https:\/\/vieassociative.be\/actualites\/wp-content\/uploads\/2024\/09\/vie-associative-1-150x150.jpg","caption":"Julien"},"description":"Je suis Julien, r\u00e9dacteur pour Vie Associative. Passionn\u00e9 par le monde associatif depuis plus de 10 ans, j'ai \u00e0 c\u0153ur de partager des histoires inspirantes et de mettre en lumi\u00e8re les initiatives locales. Mon objectif est de sensibiliser et d'encourager l'engagement communautaire \u00e0 travers mes articles.","sameAs":["https:\/\/vieassociative.be\/"]}]}},"_links":{"self":[{"href":"https:\/\/vieassociative.be\/actualites\/wp-json\/wp\/v2\/posts\/9284"}],"collection":[{"href":"https:\/\/vieassociative.be\/actualites\/wp-json\/wp\/v2\/posts"}],"about":[{"href":"https:\/\/vieassociative.be\/actualites\/wp-json\/wp\/v2\/types\/post"}],"author":[{"embeddable":true,"href":"https:\/\/vieassociative.be\/actualites\/wp-json\/wp\/v2\/users\/1"}],"replies":[{"embeddable":true,"href":"https:\/\/vieassociative.be\/actualites\/wp-json\/wp\/v2\/comments?post=9284"}],"version-history":[{"count":0,"href":"https:\/\/vieassociative.be\/actualites\/wp-json\/wp\/v2\/posts\/9284\/revisions"}],"wp:featuredmedia":[{"embeddable":true,"href":"https:\/\/vieassociative.be\/actualites\/wp-json\/wp\/v2\/media\/9285"}],"wp:attachment":[{"href":"https:\/\/vieassociative.be\/actualites\/wp-json\/wp\/v2\/media?parent=9284"}],"wp:term":[{"taxonomy":"category","embeddable":true,"href":"https:\/\/vieassociative.be\/actualites\/wp-json\/wp\/v2\/categories?post=9284"},{"taxonomy":"post_tag","embeddable":true,"href":"https:\/\/vieassociative.be\/actualites\/wp-json\/wp\/v2\/tags?post=9284"}],"curies":[{"name":"wp","href":"https:\/\/api.w.org\/{rel}","templated":true}]}}