{"id":9282,"date":"2025-08-08T15:17:05","date_gmt":"2025-08-08T13:17:05","guid":{"rendered":"https:\/\/vieassociative.be\/actualites\/cette-application-mac-declenche-automatiquement-ne-pas-deranger-lorsque-vous-etes-en-appel\/"},"modified":"2025-08-08T15:17:05","modified_gmt":"2025-08-08T13:17:05","slug":"cette-application-mac-declenche-automatiquement-ne-pas-deranger-lorsque-vous-etes-en-appel","status":"publish","type":"post","link":"https:\/\/vieassociative.be\/actualites\/cette-application-mac-declenche-automatiquement-ne-pas-deranger-lorsque-vous-etes-en-appel\/","title":{"rendered":"Cette application Mac d\u00e9clenche automatiquement \u00ab\u00a0 ne pas d\u00e9ranger &lsquo;lorsque vous \u00eates en appel"},"content":{"rendered":"<div class=\"mt-4 leading-6 md:mb-8\">Cette application Mac gratuite d\u00e9sactive automatiquement les notifications chaque fois que votre microphone est actif.<\/div>\n<p><\/p>\n<p>Imaginez un texte incroyablement embarrassant sur votre \u00e9cran pendant que vous faites une pr\u00e9sentation en ligne. Imaginez maintenant que vous n&rsquo;avez plus jamais \u00e0 vous soucier de ce qui se reproduit. Sur le mode AIR est une application Mac gratuite qui fait une chose: il d\u00e9finit votre Mac pour ne pas d\u00e9ranger le mode chaque fois que votre microphone est actif.<\/p>\n<p>L&rsquo;id\u00e9e est que votre microphone est actif signifie que vous parlez \u00e0 quelqu&rsquo;un ou enregistrez quelque chose &#8211; deux situations au cours desquelles vous pr\u00e9f\u00e9rez ne pas voir les notifications et vous distraire. Si vous partagez votre \u00e9cran lors d&rsquo;une r\u00e9union, il n&rsquo;y a aucune chance que quelque chose de peu professionnel apparaisse \u00e0 l&rsquo;\u00e9cran. Bien s\u00fbr, vous <em>pourrait<\/em> N&rsquo;oubliez pas d&rsquo;activer le mode de ne pas d\u00e9ranger sur votre Mac avant de commencer un appel, mais soyons honn\u00eates: parfois, vous allez oublier. <\/p>\n<p>Pour commencer, installez simplement l&rsquo;application \u00e0 partir de l&rsquo;App Store et ex\u00e9cutez-la. La premi\u00e8re fois que vous l&rsquo;ex\u00e9cutez, il vous sera demand\u00e9 d&rsquo;installer un raccourci appel\u00e9 \u00ab\u00a0Raccourci en mode Air\u00a0\u00bb &#8211; en mode Air n\u00e9cessite que ce raccourci fonctionne.<\/p>\n<div class=\"mx-auto mb-12 mt-5 w-full max-w-3xl rounded-md border-2 border-gray-100 p-3 shadow-md md:px-7 md:pb-7 md:pt-5\" id=\"related-video\">\n<div class=\"mb-3 flex items-center md:mb-5\">\n        <img decoding=\"async\" class=\"mr-4 mt-0 h-10 w-10 md:mr-5 md:h-12 md:w-12\" src=\"https:\/\/vieassociative.be\/actualites\/wp-content\/uploads\/2025\/08\/1754414314_422_Les-brins-du-NYT-daujourdhui-indiquent-et-repondent-pour-le.jpg\" alt=\"Logo Lifehacker\"><\/p><\/div>\n<div class=\"aspect-video w-full overflow-hidden rounded-md\">\n<div id=\"video-container-01K24WP8QWPGXRCSXDJEDEKK86\"><\/div>\n<\/p><\/div>\n<\/div>\n<p>Faites cela et l&rsquo;application s&rsquo;ex\u00e9cutera \u00e0 partir de la barre de menu. Vous pouvez le tester en ouvrant l&rsquo;application vocale Memos et en enregistrant quelque chose &#8211; vous verrez de ne pas d\u00e9ranger le mode activer la seconde o\u00f9 vous commencez \u00e0 enregistrer. Arr\u00eatez l&rsquo;enregistrement et ne perturbe pas le mode s&rsquo;\u00e9teint \u00e0 nouveau.<\/p>\n<p>Il est int\u00e9ressant de voir un d\u00e9veloppeur d&rsquo;applications utiliser un raccourci dans le cadre de leur flux de travail. Nous avons parl\u00e9 de raccourcis qui peuvent automatiser les t\u00e2ches sur votre Mac et c&rsquo;est un autre exemple de cela. <\/p>\n<p>L&rsquo;application, par le d\u00e9veloppeur Nikita Arentsov, est gratuite et elle est priv\u00e9e. \u00ab\u00a0Sur le mode AIR utilise des API mat\u00e9rielles syst\u00e8me pour d\u00e9tecter l&rsquo;activit\u00e9 de l&rsquo;appareil sans acc\u00e9der \u00e0 aucun contenu audio\u00a0\u00bb, indique la description de l&rsquo;application: \u00ab\u00a0Aucun enregistrement, pas de collecte de donn\u00e9es, pas de services cloud &#8211; tout se produit localement sur votre appareil.\u00a0\u00bb<\/p>\n<p>Si vous vous trouvez r\u00e9guli\u00e8rement distrait (ou embarrass\u00e9) par des notifications lors des r\u00e9unions, essayez cette application. Personne ne veut qu&rsquo;un texte priv\u00e9 apparaisse \u00e0 l&rsquo;\u00e9cran lors d&rsquo;une pr\u00e9sentation. <\/p>\n","protected":false},"excerpt":{"rendered":"<p>Cette application Mac gratuite d\u00e9sactive automatiquement les notifications chaque fois que votre microphone est actif. Imaginez un texte incroyablement embarrassant sur votre \u00e9cran pendant que<\/p>\n","protected":false},"author":1,"featured_media":9283,"comment_status":"","ping_status":"","sticky":false,"template":"","format":"standard","meta":{"footnotes":""},"categories":[13],"tags":[8095,1277,4890,206,5221,6306,184,559,1112,126,4],"class_list":["post-9282","post","type-post","status-publish","format-standard","has-post-thumbnail","hentry","category-technologie","tag-appel","tag-application","tag-automatiquement","tag-cette","tag-declenche","tag-deranger","tag-etes","tag-lorsque","tag-mac","tag-pas","tag-vous","generate-columns","tablet-grid-50","mobile-grid-100","grid-parent","grid-33"],"yoast_head":"<!-- This site is optimized with the Yoast SEO plugin v24.0 - https:\/\/yoast.com\/wordpress\/plugins\/seo\/ -->\n<title>Cette application Mac d\u00e9clenche automatiquement `` ne pas d\u00e9ranger &#039;lorsque vous \u00eates en appel | Vie Associative<\/title>\n<meta name=\"robots\" content=\"index, follow, max-snippet:-1, max-image-preview:large, max-video-preview:-1\" \/>\n<link rel=\"canonical\" href=\"https:\/\/vieassociative.be\/actualites\/cette-application-mac-declenche-automatiquement-ne-pas-deranger-lorsque-vous-etes-en-appel\/\" \/>\n<meta property=\"og:locale\" content=\"fr_FR\" \/>\n<meta property=\"og:type\" content=\"article\" \/>\n<meta property=\"og:title\" content=\"Cette application Mac d\u00e9clenche automatiquement `` ne pas d\u00e9ranger &#039;lorsque vous \u00eates en appel | Vie Associative\" \/>\n<meta property=\"og:description\" content=\"Cette application Mac gratuite d\u00e9sactive automatiquement les notifications chaque fois que votre microphone est actif. Imaginez un texte incroyablement embarrassant sur votre \u00e9cran pendant que\" \/>\n<meta property=\"og:url\" content=\"https:\/\/vieassociative.be\/actualites\/cette-application-mac-declenche-automatiquement-ne-pas-deranger-lorsque-vous-etes-en-appel\/\" \/>\n<meta property=\"og:site_name\" content=\"Vie Associative\" \/>\n<meta property=\"article:published_time\" content=\"2025-08-08T13:17:05+00:00\" \/>\n<meta property=\"og:image\" content=\"https:\/\/vieassociative.be\/actualites\/wp-content\/uploads\/2025\/08\/1754414314_422_Les-brins-du-NYT-daujourdhui-indiquent-et-repondent-pour-le.jpg\" \/>\n<meta name=\"author\" content=\"Julien\" \/>\n<meta name=\"twitter:card\" content=\"summary_large_image\" \/>\n<meta name=\"twitter:label1\" content=\"\u00c9crit par\" \/>\n\t<meta name=\"twitter:data1\" content=\"Julien\" \/>\n\t<meta name=\"twitter:label2\" content=\"Dur\u00e9e de lecture est.\" \/>\n\t<meta name=\"twitter:data2\" content=\"2 minutes\" \/>\n<script type=\"application\/ld+json\" class=\"yoast-schema-graph\">{\"@context\":\"https:\/\/schema.org\",\"@graph\":[{\"@type\":\"Article\",\"@id\":\"https:\/\/vieassociative.be\/actualites\/cette-application-mac-declenche-automatiquement-ne-pas-deranger-lorsque-vous-etes-en-appel\/#article\",\"isPartOf\":{\"@id\":\"https:\/\/vieassociative.be\/actualites\/cette-application-mac-declenche-automatiquement-ne-pas-deranger-lorsque-vous-etes-en-appel\/\"},\"author\":{\"name\":\"Julien\",\"@id\":\"https:\/\/vieassociative.be\/actualites\/#\/schema\/person\/b87ac4f82f9d4e7b7cec7395b679edc4\"},\"headline\":\"Cette application Mac d\u00e9clenche automatiquement \u00ab\u00a0 ne pas d\u00e9ranger &lsquo;lorsque vous \u00eates en appel\",\"datePublished\":\"2025-08-08T13:17:05+00:00\",\"dateModified\":\"2025-08-08T13:17:05+00:00\",\"mainEntityOfPage\":{\"@id\":\"https:\/\/vieassociative.be\/actualites\/cette-application-mac-declenche-automatiquement-ne-pas-deranger-lorsque-vous-etes-en-appel\/\"},\"wordCount\":440,\"publisher\":{\"@id\":\"https:\/\/vieassociative.be\/actualites\/#organization\"},\"image\":{\"@id\":\"https:\/\/vieassociative.be\/actualites\/cette-application-mac-declenche-automatiquement-ne-pas-deranger-lorsque-vous-etes-en-appel\/#primaryimage\"},\"thumbnailUrl\":\"https:\/\/vieassociative.be\/actualites\/wp-content\/uploads\/2025\/08\/Cette-application-Mac-declenche-automatiquement-ne-pas-deranger-lorsque.png\",\"keywords\":[\"appel\",\"application\",\"automatiquement\",\"cette\",\"d\u00e9clenche\",\"d\u00e9ranger\",\"\u00eates\",\"lorsque\",\"Mac\",\"pas\",\"Vous\"],\"articleSection\":[\"Technologie\"],\"inLanguage\":\"fr-BE\"},{\"@type\":\"WebPage\",\"@id\":\"https:\/\/vieassociative.be\/actualites\/cette-application-mac-declenche-automatiquement-ne-pas-deranger-lorsque-vous-etes-en-appel\/\",\"url\":\"https:\/\/vieassociative.be\/actualites\/cette-application-mac-declenche-automatiquement-ne-pas-deranger-lorsque-vous-etes-en-appel\/\",\"name\":\"Cette application Mac d\u00e9clenche automatiquement `` ne pas d\u00e9ranger 'lorsque vous \u00eates en appel | Vie Associative\",\"isPartOf\":{\"@id\":\"https:\/\/vieassociative.be\/actualites\/#website\"},\"primaryImageOfPage\":{\"@id\":\"https:\/\/vieassociative.be\/actualites\/cette-application-mac-declenche-automatiquement-ne-pas-deranger-lorsque-vous-etes-en-appel\/#primaryimage\"},\"image\":{\"@id\":\"https:\/\/vieassociative.be\/actualites\/cette-application-mac-declenche-automatiquement-ne-pas-deranger-lorsque-vous-etes-en-appel\/#primaryimage\"},\"thumbnailUrl\":\"https:\/\/vieassociative.be\/actualites\/wp-content\/uploads\/2025\/08\/Cette-application-Mac-declenche-automatiquement-ne-pas-deranger-lorsque.png\",\"datePublished\":\"2025-08-08T13:17:05+00:00\",\"dateModified\":\"2025-08-08T13:17:05+00:00\",\"breadcrumb\":{\"@id\":\"https:\/\/vieassociative.be\/actualites\/cette-application-mac-declenche-automatiquement-ne-pas-deranger-lorsque-vous-etes-en-appel\/#breadcrumb\"},\"inLanguage\":\"fr-BE\",\"potentialAction\":[{\"@type\":\"ReadAction\",\"target\":[\"https:\/\/vieassociative.be\/actualites\/cette-application-mac-declenche-automatiquement-ne-pas-deranger-lorsque-vous-etes-en-appel\/\"]}]},{\"@type\":\"ImageObject\",\"inLanguage\":\"fr-BE\",\"@id\":\"https:\/\/vieassociative.be\/actualites\/cette-application-mac-declenche-automatiquement-ne-pas-deranger-lorsque-vous-etes-en-appel\/#primaryimage\",\"url\":\"https:\/\/vieassociative.be\/actualites\/wp-content\/uploads\/2025\/08\/Cette-application-Mac-declenche-automatiquement-ne-pas-deranger-lorsque.png\",\"contentUrl\":\"https:\/\/vieassociative.be\/actualites\/wp-content\/uploads\/2025\/08\/Cette-application-Mac-declenche-automatiquement-ne-pas-deranger-lorsque.png\",\"width\":1198,\"height\":675,\"caption\":\"Cette application Mac d\u00e9clenche automatiquement `` ne pas d\u00e9ranger 'lorsque vous \u00eates en appel\"},{\"@type\":\"BreadcrumbList\",\"@id\":\"https:\/\/vieassociative.be\/actualites\/cette-application-mac-declenche-automatiquement-ne-pas-deranger-lorsque-vous-etes-en-appel\/#breadcrumb\",\"itemListElement\":[{\"@type\":\"ListItem\",\"position\":1,\"name\":\"Accueil\",\"item\":\"https:\/\/vieassociative.be\/actualites\/\"},{\"@type\":\"ListItem\",\"position\":2,\"name\":\"Cette application Mac d\u00e9clenche automatiquement \u00ab\u00a0 ne pas d\u00e9ranger &lsquo;lorsque vous \u00eates en appel\"}]},{\"@type\":\"WebSite\",\"@id\":\"https:\/\/vieassociative.be\/actualites\/#website\",\"url\":\"https:\/\/vieassociative.be\/actualites\/\",\"name\":\"Vie Associative\",\"description\":\"\",\"publisher\":{\"@id\":\"https:\/\/vieassociative.be\/actualites\/#organization\"},\"potentialAction\":[{\"@type\":\"SearchAction\",\"target\":{\"@type\":\"EntryPoint\",\"urlTemplate\":\"https:\/\/vieassociative.be\/actualites\/?s={search_term_string}\"},\"query-input\":{\"@type\":\"PropertyValueSpecification\",\"valueRequired\":true,\"valueName\":\"search_term_string\"}}],\"inLanguage\":\"fr-BE\"},{\"@type\":\"Organization\",\"@id\":\"https:\/\/vieassociative.be\/actualites\/#organization\",\"name\":\"Vie Associative\",\"url\":\"https:\/\/vieassociative.be\/actualites\/\",\"logo\":{\"@type\":\"ImageObject\",\"inLanguage\":\"fr-BE\",\"@id\":\"https:\/\/vieassociative.be\/actualites\/#\/schema\/logo\/image\/\",\"url\":\"https:\/\/vieassociative.be\/actualites\/wp-content\/uploads\/2024\/09\/cropped-vieassociative_favicon.ico.png\",\"contentUrl\":\"https:\/\/vieassociative.be\/actualites\/wp-content\/uploads\/2024\/09\/cropped-vieassociative_favicon.ico.png\",\"width\":512,\"height\":512,\"caption\":\"Vie Associative\"},\"image\":{\"@id\":\"https:\/\/vieassociative.be\/actualites\/#\/schema\/logo\/image\/\"}},{\"@type\":\"Person\",\"@id\":\"https:\/\/vieassociative.be\/actualites\/#\/schema\/person\/b87ac4f82f9d4e7b7cec7395b679edc4\",\"name\":\"Julien\",\"image\":{\"@type\":\"ImageObject\",\"inLanguage\":\"fr-BE\",\"@id\":\"https:\/\/vieassociative.be\/actualites\/#\/schema\/person\/image\/\",\"url\":\"https:\/\/vieassociative.be\/actualites\/wp-content\/uploads\/2024\/09\/vie-associative-1-150x150.jpg\",\"contentUrl\":\"https:\/\/vieassociative.be\/actualites\/wp-content\/uploads\/2024\/09\/vie-associative-1-150x150.jpg\",\"caption\":\"Julien\"},\"description\":\"Je suis Julien, r\u00e9dacteur pour Vie Associative. Passionn\u00e9 par le monde associatif depuis plus de 10 ans, j'ai \u00e0 c\u0153ur de partager des histoires inspirantes et de mettre en lumi\u00e8re les initiatives locales. Mon objectif est de sensibiliser et d'encourager l'engagement communautaire \u00e0 travers mes articles.\",\"sameAs\":[\"https:\/\/vieassociative.be\/\"]}]}<\/script>\n<!-- \/ Yoast SEO plugin. -->","yoast_head_json":{"title":"Cette application Mac d\u00e9clenche automatiquement `` ne pas d\u00e9ranger 'lorsque vous \u00eates en appel | Vie Associative","robots":{"index":"index","follow":"follow","max-snippet":"max-snippet:-1","max-image-preview":"max-image-preview:large","max-video-preview":"max-video-preview:-1"},"canonical":"https:\/\/vieassociative.be\/actualites\/cette-application-mac-declenche-automatiquement-ne-pas-deranger-lorsque-vous-etes-en-appel\/","og_locale":"fr_FR","og_type":"article","og_title":"Cette application Mac d\u00e9clenche automatiquement `` ne pas d\u00e9ranger 'lorsque vous \u00eates en appel | Vie Associative","og_description":"Cette application Mac gratuite d\u00e9sactive automatiquement les notifications chaque fois que votre microphone est actif. Imaginez un texte incroyablement embarrassant sur votre \u00e9cran pendant que","og_url":"https:\/\/vieassociative.be\/actualites\/cette-application-mac-declenche-automatiquement-ne-pas-deranger-lorsque-vous-etes-en-appel\/","og_site_name":"Vie Associative","article_published_time":"2025-08-08T13:17:05+00:00","og_image":[{"url":"https:\/\/vieassociative.be\/actualites\/wp-content\/uploads\/2025\/08\/1754414314_422_Les-brins-du-NYT-daujourdhui-indiquent-et-repondent-pour-le.jpg","type":"","width":"","height":""}],"author":"Julien","twitter_card":"summary_large_image","twitter_misc":{"\u00c9crit par":"Julien","Dur\u00e9e de lecture est.":"2 minutes"},"schema":{"@context":"https:\/\/schema.org","@graph":[{"@type":"Article","@id":"https:\/\/vieassociative.be\/actualites\/cette-application-mac-declenche-automatiquement-ne-pas-deranger-lorsque-vous-etes-en-appel\/#article","isPartOf":{"@id":"https:\/\/vieassociative.be\/actualites\/cette-application-mac-declenche-automatiquement-ne-pas-deranger-lorsque-vous-etes-en-appel\/"},"author":{"name":"Julien","@id":"https:\/\/vieassociative.be\/actualites\/#\/schema\/person\/b87ac4f82f9d4e7b7cec7395b679edc4"},"headline":"Cette application Mac d\u00e9clenche automatiquement \u00ab\u00a0 ne pas d\u00e9ranger &lsquo;lorsque vous \u00eates en appel","datePublished":"2025-08-08T13:17:05+00:00","dateModified":"2025-08-08T13:17:05+00:00","mainEntityOfPage":{"@id":"https:\/\/vieassociative.be\/actualites\/cette-application-mac-declenche-automatiquement-ne-pas-deranger-lorsque-vous-etes-en-appel\/"},"wordCount":440,"publisher":{"@id":"https:\/\/vieassociative.be\/actualites\/#organization"},"image":{"@id":"https:\/\/vieassociative.be\/actualites\/cette-application-mac-declenche-automatiquement-ne-pas-deranger-lorsque-vous-etes-en-appel\/#primaryimage"},"thumbnailUrl":"https:\/\/vieassociative.be\/actualites\/wp-content\/uploads\/2025\/08\/Cette-application-Mac-declenche-automatiquement-ne-pas-deranger-lorsque.png","keywords":["appel","application","automatiquement","cette","d\u00e9clenche","d\u00e9ranger","\u00eates","lorsque","Mac","pas","Vous"],"articleSection":["Technologie"],"inLanguage":"fr-BE"},{"@type":"WebPage","@id":"https:\/\/vieassociative.be\/actualites\/cette-application-mac-declenche-automatiquement-ne-pas-deranger-lorsque-vous-etes-en-appel\/","url":"https:\/\/vieassociative.be\/actualites\/cette-application-mac-declenche-automatiquement-ne-pas-deranger-lorsque-vous-etes-en-appel\/","name":"Cette application Mac d\u00e9clenche automatiquement `` ne pas d\u00e9ranger 'lorsque vous \u00eates en appel | Vie Associative","isPartOf":{"@id":"https:\/\/vieassociative.be\/actualites\/#website"},"primaryImageOfPage":{"@id":"https:\/\/vieassociative.be\/actualites\/cette-application-mac-declenche-automatiquement-ne-pas-deranger-lorsque-vous-etes-en-appel\/#primaryimage"},"image":{"@id":"https:\/\/vieassociative.be\/actualites\/cette-application-mac-declenche-automatiquement-ne-pas-deranger-lorsque-vous-etes-en-appel\/#primaryimage"},"thumbnailUrl":"https:\/\/vieassociative.be\/actualites\/wp-content\/uploads\/2025\/08\/Cette-application-Mac-declenche-automatiquement-ne-pas-deranger-lorsque.png","datePublished":"2025-08-08T13:17:05+00:00","dateModified":"2025-08-08T13:17:05+00:00","breadcrumb":{"@id":"https:\/\/vieassociative.be\/actualites\/cette-application-mac-declenche-automatiquement-ne-pas-deranger-lorsque-vous-etes-en-appel\/#breadcrumb"},"inLanguage":"fr-BE","potentialAction":[{"@type":"ReadAction","target":["https:\/\/vieassociative.be\/actualites\/cette-application-mac-declenche-automatiquement-ne-pas-deranger-lorsque-vous-etes-en-appel\/"]}]},{"@type":"ImageObject","inLanguage":"fr-BE","@id":"https:\/\/vieassociative.be\/actualites\/cette-application-mac-declenche-automatiquement-ne-pas-deranger-lorsque-vous-etes-en-appel\/#primaryimage","url":"https:\/\/vieassociative.be\/actualites\/wp-content\/uploads\/2025\/08\/Cette-application-Mac-declenche-automatiquement-ne-pas-deranger-lorsque.png","contentUrl":"https:\/\/vieassociative.be\/actualites\/wp-content\/uploads\/2025\/08\/Cette-application-Mac-declenche-automatiquement-ne-pas-deranger-lorsque.png","width":1198,"height":675,"caption":"Cette application Mac d\u00e9clenche automatiquement `` ne pas d\u00e9ranger 'lorsque vous \u00eates en appel"},{"@type":"BreadcrumbList","@id":"https:\/\/vieassociative.be\/actualites\/cette-application-mac-declenche-automatiquement-ne-pas-deranger-lorsque-vous-etes-en-appel\/#breadcrumb","itemListElement":[{"@type":"ListItem","position":1,"name":"Accueil","item":"https:\/\/vieassociative.be\/actualites\/"},{"@type":"ListItem","position":2,"name":"Cette application Mac d\u00e9clenche automatiquement \u00ab\u00a0 ne pas d\u00e9ranger &lsquo;lorsque vous \u00eates en appel"}]},{"@type":"WebSite","@id":"https:\/\/vieassociative.be\/actualites\/#website","url":"https:\/\/vieassociative.be\/actualites\/","name":"Vie Associative","description":"","publisher":{"@id":"https:\/\/vieassociative.be\/actualites\/#organization"},"potentialAction":[{"@type":"SearchAction","target":{"@type":"EntryPoint","urlTemplate":"https:\/\/vieassociative.be\/actualites\/?s={search_term_string}"},"query-input":{"@type":"PropertyValueSpecification","valueRequired":true,"valueName":"search_term_string"}}],"inLanguage":"fr-BE"},{"@type":"Organization","@id":"https:\/\/vieassociative.be\/actualites\/#organization","name":"Vie Associative","url":"https:\/\/vieassociative.be\/actualites\/","logo":{"@type":"ImageObject","inLanguage":"fr-BE","@id":"https:\/\/vieassociative.be\/actualites\/#\/schema\/logo\/image\/","url":"https:\/\/vieassociative.be\/actualites\/wp-content\/uploads\/2024\/09\/cropped-vieassociative_favicon.ico.png","contentUrl":"https:\/\/vieassociative.be\/actualites\/wp-content\/uploads\/2024\/09\/cropped-vieassociative_favicon.ico.png","width":512,"height":512,"caption":"Vie Associative"},"image":{"@id":"https:\/\/vieassociative.be\/actualites\/#\/schema\/logo\/image\/"}},{"@type":"Person","@id":"https:\/\/vieassociative.be\/actualites\/#\/schema\/person\/b87ac4f82f9d4e7b7cec7395b679edc4","name":"Julien","image":{"@type":"ImageObject","inLanguage":"fr-BE","@id":"https:\/\/vieassociative.be\/actualites\/#\/schema\/person\/image\/","url":"https:\/\/vieassociative.be\/actualites\/wp-content\/uploads\/2024\/09\/vie-associative-1-150x150.jpg","contentUrl":"https:\/\/vieassociative.be\/actualites\/wp-content\/uploads\/2024\/09\/vie-associative-1-150x150.jpg","caption":"Julien"},"description":"Je suis Julien, r\u00e9dacteur pour Vie Associative. Passionn\u00e9 par le monde associatif depuis plus de 10 ans, j'ai \u00e0 c\u0153ur de partager des histoires inspirantes et de mettre en lumi\u00e8re les initiatives locales. Mon objectif est de sensibiliser et d'encourager l'engagement communautaire \u00e0 travers mes articles.","sameAs":["https:\/\/vieassociative.be\/"]}]}},"_links":{"self":[{"href":"https:\/\/vieassociative.be\/actualites\/wp-json\/wp\/v2\/posts\/9282"}],"collection":[{"href":"https:\/\/vieassociative.be\/actualites\/wp-json\/wp\/v2\/posts"}],"about":[{"href":"https:\/\/vieassociative.be\/actualites\/wp-json\/wp\/v2\/types\/post"}],"author":[{"embeddable":true,"href":"https:\/\/vieassociative.be\/actualites\/wp-json\/wp\/v2\/users\/1"}],"replies":[{"embeddable":true,"href":"https:\/\/vieassociative.be\/actualites\/wp-json\/wp\/v2\/comments?post=9282"}],"version-history":[{"count":0,"href":"https:\/\/vieassociative.be\/actualites\/wp-json\/wp\/v2\/posts\/9282\/revisions"}],"wp:featuredmedia":[{"embeddable":true,"href":"https:\/\/vieassociative.be\/actualites\/wp-json\/wp\/v2\/media\/9283"}],"wp:attachment":[{"href":"https:\/\/vieassociative.be\/actualites\/wp-json\/wp\/v2\/media?parent=9282"}],"wp:term":[{"taxonomy":"category","embeddable":true,"href":"https:\/\/vieassociative.be\/actualites\/wp-json\/wp\/v2\/categories?post=9282"},{"taxonomy":"post_tag","embeddable":true,"href":"https:\/\/vieassociative.be\/actualites\/wp-json\/wp\/v2\/tags?post=9282"}],"curies":[{"name":"wp","href":"https:\/\/api.w.org\/{rel}","templated":true}]}}