{"id":9278,"date":"2025-08-08T10:17:15","date_gmt":"2025-08-08T08:17:15","guid":{"rendered":"https:\/\/vieassociative.be\/actualites\/government-de-wever-2026-seulement-deux-au-lieu-de-trois-fois-par-an-un-jour-dabsence-sans-certificat\/"},"modified":"2025-08-08T10:17:15","modified_gmt":"2025-08-08T08:17:15","slug":"government-de-wever-2026-seulement-deux-au-lieu-de-trois-fois-par-an-un-jour-dabsence-sans-certificat","status":"publish","type":"post","link":"https:\/\/vieassociative.be\/actualites\/government-de-wever-2026-seulement-deux-au-lieu-de-trois-fois-par-an-un-jour-dabsence-sans-certificat\/","title":{"rendered":"Government de Wever: 2026 seulement deux au lieu de trois fois par an un jour d&rsquo;absence sans certificat"},"content":{"rendered":"<p><strong>Le gouvernement \u00ab\u00a0Arizona\u00a0\u00bb du Premier ministre Bart De Wever (N-VA), compos\u00e9 de N-VA, MR, Vooruit, CD&#038;V et Les Engages, se pr\u00e9pare \u00e0 r\u00e9viser une mesure frapp\u00e9e par le gouvernement pr\u00e9c\u00e9dent de Vivaldi.<\/strong><\/p>\n<p><span id=\"more-421914\"><\/span>La mesure introduite sous le gouvernement d&rsquo;Alexander de Croo (Open VLD) en 2022 a accord\u00e9 jusqu&rsquo;\u00e0 trois fois par jour sans certificat m\u00e9dical par an. L&rsquo;objectif \u00e9tait d&rsquo;\u00e9viter les visites chez le m\u00e9decin en raison de sympt\u00f4mes l\u00e9gers et de soulager ainsi les m\u00e9decins.<\/p>\n<div id=\"attachment_407449\" class=\"wp-caption alignleft\" style=\"max-width: 300px\"><img fetchpriority=\"high\" decoding=\"async\" class=\"wp-image-407449 size-medium\" src=\"https:\/\/vieassociative.be\/actualites\/wp-content\/uploads\/2025\/08\/Government-de-Wever-2026-seulement-deux-au-lieu-de-trois.jpg\" alt=\"\" width=\"300\" height=\"200\"><\/div>\n<p>Cependant, la nouvelle coalition \u00abArizona\u00bb pr\u00e9voit de r\u00e9duire ce nombre d&rsquo;absence d&rsquo;une journ\u00e9e sans certificat m\u00e9dical de trois \u00e0 deux. Les textes ont d\u00e9j\u00e0 \u00e9t\u00e9 adopt\u00e9s lors de la premi\u00e8re lecture avant les vacances d&rsquo;\u00e9t\u00e9. \u00ab\u00a0Vous serez trait\u00e9 dans la deuxi\u00e8me lecture apr\u00e8s les vacances d&rsquo;\u00e9t\u00e9\u00a0\u00bb, confirme le cabinet du ministre du Travail David Clarinval (MR) \u00e0 Sudinfo. L&rsquo;entr\u00e9e en vigueur est pr\u00e9vue pour 2026.<\/p>\n<p>Selon Securex en Belgique, les absences d&rsquo;un jour ont augment\u00e9 de 44% depuis l&rsquo;introduction de la mesure en 2022. Cependant, il n&rsquo;y a aucune preuve directe d&rsquo;abus. En 2024, un peu plus de 17% des employ\u00e9s ont profit\u00e9 des trois jours disponibles.<br \/>\nIl convient de rappeler que les entreprises de moins de 50 employ\u00e9s ne sont pas oblig\u00e9es d&rsquo;accepter les absences sans certificat. (Cre)<\/p>\n","protected":false},"excerpt":{"rendered":"<p>Le gouvernement \u00ab\u00a0Arizona\u00a0\u00bb du Premier ministre Bart De Wever (N-VA), compos\u00e9 de N-VA, MR, Vooruit, CD&#038;V et Les Engages, se pr\u00e9pare \u00e0 r\u00e9viser une mesure<\/p>\n","protected":false},"author":1,"featured_media":9279,"comment_status":"","ping_status":"","sticky":false,"template":"","format":"standard","meta":{"footnotes":""},"categories":[298],"tags":[8094,8093,114,774,8092,53,1541,676,130,2583,771,2755],"class_list":["post-9278","post","type-post","status-publish","format-standard","has-post-thumbnail","hentry","category-belgique","tag-certificat","tag-dabsence","tag-deux","tag-fois","tag-government","tag-jour","tag-lieu","tag-par","tag-sans","tag-seulement","tag-trois","tag-wever","generate-columns","tablet-grid-50","mobile-grid-100","grid-parent","grid-33"],"yoast_head":"<!-- This site is optimized with the Yoast SEO plugin v24.0 - https:\/\/yoast.com\/wordpress\/plugins\/seo\/ -->\n<title>Government de Wever: 2026 seulement deux au lieu de trois fois par an un jour d&#039;absence sans certificat | Vie Associative<\/title>\n<meta name=\"robots\" content=\"index, follow, max-snippet:-1, max-image-preview:large, max-video-preview:-1\" \/>\n<link rel=\"canonical\" href=\"https:\/\/vieassociative.be\/actualites\/government-de-wever-2026-seulement-deux-au-lieu-de-trois-fois-par-an-un-jour-dabsence-sans-certificat\/\" \/>\n<meta property=\"og:locale\" content=\"fr_FR\" \/>\n<meta property=\"og:type\" content=\"article\" \/>\n<meta property=\"og:title\" content=\"Government de Wever: 2026 seulement deux au lieu de trois fois par an un jour d&#039;absence sans certificat | Vie Associative\" \/>\n<meta property=\"og:description\" content=\"Le gouvernement \u00ab\u00a0Arizona\u00a0\u00bb du Premier ministre Bart De Wever (N-VA), compos\u00e9 de N-VA, MR, Vooruit, CD&#038;V et Les Engages, se pr\u00e9pare \u00e0 r\u00e9viser une mesure\" \/>\n<meta property=\"og:url\" content=\"https:\/\/vieassociative.be\/actualites\/government-de-wever-2026-seulement-deux-au-lieu-de-trois-fois-par-an-un-jour-dabsence-sans-certificat\/\" \/>\n<meta property=\"og:site_name\" content=\"Vie Associative\" \/>\n<meta property=\"article:published_time\" content=\"2025-08-08T08:17:15+00:00\" \/>\n<meta property=\"og:image\" content=\"https:\/\/vieassociative.be\/actualites\/wp-content\/uploads\/2024\/09\/header_backgroundk-01-e1726694325946.png\" \/>\n\t<meta property=\"og:image:width\" content=\"279\" \/>\n\t<meta property=\"og:image:height\" content=\"92\" \/>\n\t<meta property=\"og:image:type\" content=\"image\/png\" \/>\n<meta name=\"author\" content=\"Julien\" \/>\n<meta name=\"twitter:card\" content=\"summary_large_image\" \/>\n<meta name=\"twitter:label1\" content=\"\u00c9crit par\" \/>\n\t<meta name=\"twitter:data1\" content=\"Julien\" \/>\n\t<meta name=\"twitter:label2\" content=\"Dur\u00e9e de lecture est.\" \/>\n\t<meta name=\"twitter:data2\" content=\"1 minute\" \/>\n<script type=\"application\/ld+json\" class=\"yoast-schema-graph\">{\"@context\":\"https:\/\/schema.org\",\"@graph\":[{\"@type\":\"Article\",\"@id\":\"https:\/\/vieassociative.be\/actualites\/government-de-wever-2026-seulement-deux-au-lieu-de-trois-fois-par-an-un-jour-dabsence-sans-certificat\/#article\",\"isPartOf\":{\"@id\":\"https:\/\/vieassociative.be\/actualites\/government-de-wever-2026-seulement-deux-au-lieu-de-trois-fois-par-an-un-jour-dabsence-sans-certificat\/\"},\"author\":{\"name\":\"Julien\",\"@id\":\"https:\/\/vieassociative.be\/actualites\/#\/schema\/person\/b87ac4f82f9d4e7b7cec7395b679edc4\"},\"headline\":\"Government de Wever: 2026 seulement deux au lieu de trois fois par an un jour d&rsquo;absence sans certificat\",\"datePublished\":\"2025-08-08T08:17:15+00:00\",\"dateModified\":\"2025-08-08T08:17:15+00:00\",\"mainEntityOfPage\":{\"@id\":\"https:\/\/vieassociative.be\/actualites\/government-de-wever-2026-seulement-deux-au-lieu-de-trois-fois-par-an-un-jour-dabsence-sans-certificat\/\"},\"wordCount\":251,\"publisher\":{\"@id\":\"https:\/\/vieassociative.be\/actualites\/#organization\"},\"image\":{\"@id\":\"https:\/\/vieassociative.be\/actualites\/government-de-wever-2026-seulement-deux-au-lieu-de-trois-fois-par-an-un-jour-dabsence-sans-certificat\/#primaryimage\"},\"thumbnailUrl\":\"https:\/\/vieassociative.be\/actualites\/wp-content\/uploads\/2025\/08\/1754641036_Government-de-Wever-2026-seulement-deux-au-lieu-de-trois.jpg\",\"keywords\":[\"certificat\",\"dabsence\",\"deux\",\"fois\",\"Government\",\"jour\",\"lieu\",\"par\",\"sans\",\"seulement\",\"trois\",\"Wever\"],\"articleSection\":[\"Belgique\"],\"inLanguage\":\"fr-BE\"},{\"@type\":\"WebPage\",\"@id\":\"https:\/\/vieassociative.be\/actualites\/government-de-wever-2026-seulement-deux-au-lieu-de-trois-fois-par-an-un-jour-dabsence-sans-certificat\/\",\"url\":\"https:\/\/vieassociative.be\/actualites\/government-de-wever-2026-seulement-deux-au-lieu-de-trois-fois-par-an-un-jour-dabsence-sans-certificat\/\",\"name\":\"Government de Wever: 2026 seulement deux au lieu de trois fois par an un jour d'absence sans certificat | Vie Associative\",\"isPartOf\":{\"@id\":\"https:\/\/vieassociative.be\/actualites\/#website\"},\"primaryImageOfPage\":{\"@id\":\"https:\/\/vieassociative.be\/actualites\/government-de-wever-2026-seulement-deux-au-lieu-de-trois-fois-par-an-un-jour-dabsence-sans-certificat\/#primaryimage\"},\"image\":{\"@id\":\"https:\/\/vieassociative.be\/actualites\/government-de-wever-2026-seulement-deux-au-lieu-de-trois-fois-par-an-un-jour-dabsence-sans-certificat\/#primaryimage\"},\"thumbnailUrl\":\"https:\/\/vieassociative.be\/actualites\/wp-content\/uploads\/2025\/08\/1754641036_Government-de-Wever-2026-seulement-deux-au-lieu-de-trois.jpg\",\"datePublished\":\"2025-08-08T08:17:15+00:00\",\"dateModified\":\"2025-08-08T08:17:15+00:00\",\"breadcrumb\":{\"@id\":\"https:\/\/vieassociative.be\/actualites\/government-de-wever-2026-seulement-deux-au-lieu-de-trois-fois-par-an-un-jour-dabsence-sans-certificat\/#breadcrumb\"},\"inLanguage\":\"fr-BE\",\"potentialAction\":[{\"@type\":\"ReadAction\",\"target\":[\"https:\/\/vieassociative.be\/actualites\/government-de-wever-2026-seulement-deux-au-lieu-de-trois-fois-par-an-un-jour-dabsence-sans-certificat\/\"]}]},{\"@type\":\"ImageObject\",\"inLanguage\":\"fr-BE\",\"@id\":\"https:\/\/vieassociative.be\/actualites\/government-de-wever-2026-seulement-deux-au-lieu-de-trois-fois-par-an-un-jour-dabsence-sans-certificat\/#primaryimage\",\"url\":\"https:\/\/vieassociative.be\/actualites\/wp-content\/uploads\/2025\/08\/1754641036_Government-de-Wever-2026-seulement-deux-au-lieu-de-trois.jpg\",\"contentUrl\":\"https:\/\/vieassociative.be\/actualites\/wp-content\/uploads\/2025\/08\/1754641036_Government-de-Wever-2026-seulement-deux-au-lieu-de-trois.jpg\",\"width\":1200,\"height\":849,\"caption\":\"Government de Wever: 2026 seulement deux au lieu de trois fois par an un jour d'absence sans certificat\"},{\"@type\":\"BreadcrumbList\",\"@id\":\"https:\/\/vieassociative.be\/actualites\/government-de-wever-2026-seulement-deux-au-lieu-de-trois-fois-par-an-un-jour-dabsence-sans-certificat\/#breadcrumb\",\"itemListElement\":[{\"@type\":\"ListItem\",\"position\":1,\"name\":\"Accueil\",\"item\":\"https:\/\/vieassociative.be\/actualites\/\"},{\"@type\":\"ListItem\",\"position\":2,\"name\":\"Government de Wever: 2026 seulement deux au lieu de trois fois par an un jour d&rsquo;absence sans certificat\"}]},{\"@type\":\"WebSite\",\"@id\":\"https:\/\/vieassociative.be\/actualites\/#website\",\"url\":\"https:\/\/vieassociative.be\/actualites\/\",\"name\":\"Vie Associative\",\"description\":\"\",\"publisher\":{\"@id\":\"https:\/\/vieassociative.be\/actualites\/#organization\"},\"potentialAction\":[{\"@type\":\"SearchAction\",\"target\":{\"@type\":\"EntryPoint\",\"urlTemplate\":\"https:\/\/vieassociative.be\/actualites\/?s={search_term_string}\"},\"query-input\":{\"@type\":\"PropertyValueSpecification\",\"valueRequired\":true,\"valueName\":\"search_term_string\"}}],\"inLanguage\":\"fr-BE\"},{\"@type\":\"Organization\",\"@id\":\"https:\/\/vieassociative.be\/actualites\/#organization\",\"name\":\"Vie Associative\",\"url\":\"https:\/\/vieassociative.be\/actualites\/\",\"logo\":{\"@type\":\"ImageObject\",\"inLanguage\":\"fr-BE\",\"@id\":\"https:\/\/vieassociative.be\/actualites\/#\/schema\/logo\/image\/\",\"url\":\"https:\/\/vieassociative.be\/actualites\/wp-content\/uploads\/2024\/09\/cropped-vieassociative_favicon.ico.png\",\"contentUrl\":\"https:\/\/vieassociative.be\/actualites\/wp-content\/uploads\/2024\/09\/cropped-vieassociative_favicon.ico.png\",\"width\":512,\"height\":512,\"caption\":\"Vie Associative\"},\"image\":{\"@id\":\"https:\/\/vieassociative.be\/actualites\/#\/schema\/logo\/image\/\"}},{\"@type\":\"Person\",\"@id\":\"https:\/\/vieassociative.be\/actualites\/#\/schema\/person\/b87ac4f82f9d4e7b7cec7395b679edc4\",\"name\":\"Julien\",\"image\":{\"@type\":\"ImageObject\",\"inLanguage\":\"fr-BE\",\"@id\":\"https:\/\/vieassociative.be\/actualites\/#\/schema\/person\/image\/\",\"url\":\"https:\/\/vieassociative.be\/actualites\/wp-content\/uploads\/2024\/09\/vie-associative-1-150x150.jpg\",\"contentUrl\":\"https:\/\/vieassociative.be\/actualites\/wp-content\/uploads\/2024\/09\/vie-associative-1-150x150.jpg\",\"caption\":\"Julien\"},\"description\":\"Je suis Julien, r\u00e9dacteur pour Vie Associative. Passionn\u00e9 par le monde associatif depuis plus de 10 ans, j'ai \u00e0 c\u0153ur de partager des histoires inspirantes et de mettre en lumi\u00e8re les initiatives locales. Mon objectif est de sensibiliser et d'encourager l'engagement communautaire \u00e0 travers mes articles.\",\"sameAs\":[\"https:\/\/vieassociative.be\/\"]}]}<\/script>\n<!-- \/ Yoast SEO plugin. -->","yoast_head_json":{"title":"Government de Wever: 2026 seulement deux au lieu de trois fois par an un jour d'absence sans certificat | Vie Associative","robots":{"index":"index","follow":"follow","max-snippet":"max-snippet:-1","max-image-preview":"max-image-preview:large","max-video-preview":"max-video-preview:-1"},"canonical":"https:\/\/vieassociative.be\/actualites\/government-de-wever-2026-seulement-deux-au-lieu-de-trois-fois-par-an-un-jour-dabsence-sans-certificat\/","og_locale":"fr_FR","og_type":"article","og_title":"Government de Wever: 2026 seulement deux au lieu de trois fois par an un jour d'absence sans certificat | Vie Associative","og_description":"Le gouvernement \u00ab\u00a0Arizona\u00a0\u00bb du Premier ministre Bart De Wever (N-VA), compos\u00e9 de N-VA, MR, Vooruit, CD&#038;V et Les Engages, se pr\u00e9pare \u00e0 r\u00e9viser une mesure","og_url":"https:\/\/vieassociative.be\/actualites\/government-de-wever-2026-seulement-deux-au-lieu-de-trois-fois-par-an-un-jour-dabsence-sans-certificat\/","og_site_name":"Vie Associative","article_published_time":"2025-08-08T08:17:15+00:00","og_image":[{"width":279,"height":92,"url":"https:\/\/vieassociative.be\/actualites\/wp-content\/uploads\/2024\/09\/header_backgroundk-01-e1726694325946.png","type":"image\/png"}],"author":"Julien","twitter_card":"summary_large_image","twitter_misc":{"\u00c9crit par":"Julien","Dur\u00e9e de lecture est.":"1 minute"},"schema":{"@context":"https:\/\/schema.org","@graph":[{"@type":"Article","@id":"https:\/\/vieassociative.be\/actualites\/government-de-wever-2026-seulement-deux-au-lieu-de-trois-fois-par-an-un-jour-dabsence-sans-certificat\/#article","isPartOf":{"@id":"https:\/\/vieassociative.be\/actualites\/government-de-wever-2026-seulement-deux-au-lieu-de-trois-fois-par-an-un-jour-dabsence-sans-certificat\/"},"author":{"name":"Julien","@id":"https:\/\/vieassociative.be\/actualites\/#\/schema\/person\/b87ac4f82f9d4e7b7cec7395b679edc4"},"headline":"Government de Wever: 2026 seulement deux au lieu de trois fois par an un jour d&rsquo;absence sans certificat","datePublished":"2025-08-08T08:17:15+00:00","dateModified":"2025-08-08T08:17:15+00:00","mainEntityOfPage":{"@id":"https:\/\/vieassociative.be\/actualites\/government-de-wever-2026-seulement-deux-au-lieu-de-trois-fois-par-an-un-jour-dabsence-sans-certificat\/"},"wordCount":251,"publisher":{"@id":"https:\/\/vieassociative.be\/actualites\/#organization"},"image":{"@id":"https:\/\/vieassociative.be\/actualites\/government-de-wever-2026-seulement-deux-au-lieu-de-trois-fois-par-an-un-jour-dabsence-sans-certificat\/#primaryimage"},"thumbnailUrl":"https:\/\/vieassociative.be\/actualites\/wp-content\/uploads\/2025\/08\/1754641036_Government-de-Wever-2026-seulement-deux-au-lieu-de-trois.jpg","keywords":["certificat","dabsence","deux","fois","Government","jour","lieu","par","sans","seulement","trois","Wever"],"articleSection":["Belgique"],"inLanguage":"fr-BE"},{"@type":"WebPage","@id":"https:\/\/vieassociative.be\/actualites\/government-de-wever-2026-seulement-deux-au-lieu-de-trois-fois-par-an-un-jour-dabsence-sans-certificat\/","url":"https:\/\/vieassociative.be\/actualites\/government-de-wever-2026-seulement-deux-au-lieu-de-trois-fois-par-an-un-jour-dabsence-sans-certificat\/","name":"Government de Wever: 2026 seulement deux au lieu de trois fois par an un jour d'absence sans certificat | Vie Associative","isPartOf":{"@id":"https:\/\/vieassociative.be\/actualites\/#website"},"primaryImageOfPage":{"@id":"https:\/\/vieassociative.be\/actualites\/government-de-wever-2026-seulement-deux-au-lieu-de-trois-fois-par-an-un-jour-dabsence-sans-certificat\/#primaryimage"},"image":{"@id":"https:\/\/vieassociative.be\/actualites\/government-de-wever-2026-seulement-deux-au-lieu-de-trois-fois-par-an-un-jour-dabsence-sans-certificat\/#primaryimage"},"thumbnailUrl":"https:\/\/vieassociative.be\/actualites\/wp-content\/uploads\/2025\/08\/1754641036_Government-de-Wever-2026-seulement-deux-au-lieu-de-trois.jpg","datePublished":"2025-08-08T08:17:15+00:00","dateModified":"2025-08-08T08:17:15+00:00","breadcrumb":{"@id":"https:\/\/vieassociative.be\/actualites\/government-de-wever-2026-seulement-deux-au-lieu-de-trois-fois-par-an-un-jour-dabsence-sans-certificat\/#breadcrumb"},"inLanguage":"fr-BE","potentialAction":[{"@type":"ReadAction","target":["https:\/\/vieassociative.be\/actualites\/government-de-wever-2026-seulement-deux-au-lieu-de-trois-fois-par-an-un-jour-dabsence-sans-certificat\/"]}]},{"@type":"ImageObject","inLanguage":"fr-BE","@id":"https:\/\/vieassociative.be\/actualites\/government-de-wever-2026-seulement-deux-au-lieu-de-trois-fois-par-an-un-jour-dabsence-sans-certificat\/#primaryimage","url":"https:\/\/vieassociative.be\/actualites\/wp-content\/uploads\/2025\/08\/1754641036_Government-de-Wever-2026-seulement-deux-au-lieu-de-trois.jpg","contentUrl":"https:\/\/vieassociative.be\/actualites\/wp-content\/uploads\/2025\/08\/1754641036_Government-de-Wever-2026-seulement-deux-au-lieu-de-trois.jpg","width":1200,"height":849,"caption":"Government de Wever: 2026 seulement deux au lieu de trois fois par an un jour d'absence sans certificat"},{"@type":"BreadcrumbList","@id":"https:\/\/vieassociative.be\/actualites\/government-de-wever-2026-seulement-deux-au-lieu-de-trois-fois-par-an-un-jour-dabsence-sans-certificat\/#breadcrumb","itemListElement":[{"@type":"ListItem","position":1,"name":"Accueil","item":"https:\/\/vieassociative.be\/actualites\/"},{"@type":"ListItem","position":2,"name":"Government de Wever: 2026 seulement deux au lieu de trois fois par an un jour d&rsquo;absence sans certificat"}]},{"@type":"WebSite","@id":"https:\/\/vieassociative.be\/actualites\/#website","url":"https:\/\/vieassociative.be\/actualites\/","name":"Vie Associative","description":"","publisher":{"@id":"https:\/\/vieassociative.be\/actualites\/#organization"},"potentialAction":[{"@type":"SearchAction","target":{"@type":"EntryPoint","urlTemplate":"https:\/\/vieassociative.be\/actualites\/?s={search_term_string}"},"query-input":{"@type":"PropertyValueSpecification","valueRequired":true,"valueName":"search_term_string"}}],"inLanguage":"fr-BE"},{"@type":"Organization","@id":"https:\/\/vieassociative.be\/actualites\/#organization","name":"Vie Associative","url":"https:\/\/vieassociative.be\/actualites\/","logo":{"@type":"ImageObject","inLanguage":"fr-BE","@id":"https:\/\/vieassociative.be\/actualites\/#\/schema\/logo\/image\/","url":"https:\/\/vieassociative.be\/actualites\/wp-content\/uploads\/2024\/09\/cropped-vieassociative_favicon.ico.png","contentUrl":"https:\/\/vieassociative.be\/actualites\/wp-content\/uploads\/2024\/09\/cropped-vieassociative_favicon.ico.png","width":512,"height":512,"caption":"Vie Associative"},"image":{"@id":"https:\/\/vieassociative.be\/actualites\/#\/schema\/logo\/image\/"}},{"@type":"Person","@id":"https:\/\/vieassociative.be\/actualites\/#\/schema\/person\/b87ac4f82f9d4e7b7cec7395b679edc4","name":"Julien","image":{"@type":"ImageObject","inLanguage":"fr-BE","@id":"https:\/\/vieassociative.be\/actualites\/#\/schema\/person\/image\/","url":"https:\/\/vieassociative.be\/actualites\/wp-content\/uploads\/2024\/09\/vie-associative-1-150x150.jpg","contentUrl":"https:\/\/vieassociative.be\/actualites\/wp-content\/uploads\/2024\/09\/vie-associative-1-150x150.jpg","caption":"Julien"},"description":"Je suis Julien, r\u00e9dacteur pour Vie Associative. Passionn\u00e9 par le monde associatif depuis plus de 10 ans, j'ai \u00e0 c\u0153ur de partager des histoires inspirantes et de mettre en lumi\u00e8re les initiatives locales. Mon objectif est de sensibiliser et d'encourager l'engagement communautaire \u00e0 travers mes articles.","sameAs":["https:\/\/vieassociative.be\/"]}]}},"_links":{"self":[{"href":"https:\/\/vieassociative.be\/actualites\/wp-json\/wp\/v2\/posts\/9278"}],"collection":[{"href":"https:\/\/vieassociative.be\/actualites\/wp-json\/wp\/v2\/posts"}],"about":[{"href":"https:\/\/vieassociative.be\/actualites\/wp-json\/wp\/v2\/types\/post"}],"author":[{"embeddable":true,"href":"https:\/\/vieassociative.be\/actualites\/wp-json\/wp\/v2\/users\/1"}],"replies":[{"embeddable":true,"href":"https:\/\/vieassociative.be\/actualites\/wp-json\/wp\/v2\/comments?post=9278"}],"version-history":[{"count":0,"href":"https:\/\/vieassociative.be\/actualites\/wp-json\/wp\/v2\/posts\/9278\/revisions"}],"wp:featuredmedia":[{"embeddable":true,"href":"https:\/\/vieassociative.be\/actualites\/wp-json\/wp\/v2\/media\/9279"}],"wp:attachment":[{"href":"https:\/\/vieassociative.be\/actualites\/wp-json\/wp\/v2\/media?parent=9278"}],"wp:term":[{"taxonomy":"category","embeddable":true,"href":"https:\/\/vieassociative.be\/actualites\/wp-json\/wp\/v2\/categories?post=9278"},{"taxonomy":"post_tag","embeddable":true,"href":"https:\/\/vieassociative.be\/actualites\/wp-json\/wp\/v2\/tags?post=9278"}],"curies":[{"name":"wp","href":"https:\/\/api.w.org\/{rel}","templated":true}]}}