{"id":9274,"date":"2025-08-08T04:18:20","date_gmt":"2025-08-08T02:18:20","guid":{"rendered":"https:\/\/vieassociative.be\/actualites\/les-nouveaux-tarifs-americains-sur-les-importations-en-provenance-de-lue-sont-entres-en-vigueur\/"},"modified":"2025-08-08T04:18:20","modified_gmt":"2025-08-08T02:18:20","slug":"les-nouveaux-tarifs-americains-sur-les-importations-en-provenance-de-lue-sont-entres-en-vigueur","status":"publish","type":"post","link":"https:\/\/vieassociative.be\/actualites\/les-nouveaux-tarifs-americains-sur-les-importations-en-provenance-de-lue-sont-entres-en-vigueur\/","title":{"rendered":"Les nouveaux tarifs am\u00e9ricains sur les importations en provenance de l&rsquo;UE sont entr\u00e9s en vigueur"},"content":{"rendered":"<p><strong>Avec de nouveaux tarifs, le pr\u00e9sident am\u00e9ricain Donald Trump souhaite \u00e9liminer les d\u00e9s\u00e9quilibres pr\u00e9sum\u00e9s dans le commerce avec d&rsquo;autres pays. L&rsquo;UE et pr\u00e8s de 70 autres pays doivent maintenant vivre avec les conditions resserr\u00e9es.<\/strong><\/p>\n<p><span id=\"more-421955\"><\/span>Les nouveaux tarifs am\u00e9ricains sur de nombreuses importations en provenance de l&rsquo;UE sont entr\u00e9s en vigueur. Les mesures commerciales command\u00e9es par Donald Trump devraient \u00eatre efficaces \u00e0 minuit (heure locale \u00e0 Washington; 6 h CEST), comme l&rsquo;a confirm\u00e9 le pr\u00e9sident am\u00e9ricain sur sa plate-forme sociale Truth quelques minutes auparavant. La Commission europ\u00e9enne, en revanche, a suppos\u00e9 que le nouvel ensemble de douanes de 15% sur l&rsquo;importation de la plupart des produits de l&rsquo;UE aux \u00c9tats-Unis ne s&rsquo;appliquera que vendredi.<\/p>\n<p>En plus de l&rsquo;UE, pr\u00e8s de 70 \u00e9tats sont affect\u00e9s par les ensembles de douanes modifi\u00e9s, chacun avec des hauteurs diff\u00e9rentes. Trump justifie sa politique de douane radicale avec des d\u00e9ficits commerciaux pr\u00e9sum\u00e9s qui \u00e9taient un risque de s\u00e9curit\u00e9 nationale pour les \u00c9tats-Unis &#8211; c&rsquo;est pourquoi il y a une urgence nationale qui justifie le tarif. Son approche est \u00e9galement l\u00e9galement controvers\u00e9e.<\/p>\n<div id=\"attachment_421958\" class=\"wp-caption alignleft\" style=\"max-width: 300px\"><img fetchpriority=\"high\" decoding=\"async\" class=\"wp-image-421958 size-medium\" src=\"https:\/\/vieassociative.be\/actualites\/wp-content\/uploads\/2025\/08\/Les-nouveaux-tarifs-americains-sur-les-importations-en-provenance-de.jpg\" alt=\"\" width=\"300\" height=\"200\"><\/div>\n<p>Quelques minutes avant minuit, Trump a annonc\u00e9 que Truth Social que les tarifs entreraient maintenant en vigueur. \u00ab\u00a0Il y aura des milliards de dollars aux \u00c9tats-Unis, principalement des pays qui ont \u00e9t\u00e9 exploit\u00e9s et ris aux \u00c9tats-Unis pendant de nombreuses ann\u00e9es\u00a0\u00bb, a-t-il \u00e9crit en majuscules.<\/p>\n<p>Trump avait ordonn\u00e9 les nouveaux tarifs par d\u00e9cret la semaine derni\u00e8re. La Commission de l&rsquo;UE a interpr\u00e9t\u00e9 la date limite diff\u00e9remment jusqu&rsquo;\u00e0 la fin et ne vient que d&rsquo;une entr\u00e9e en vigueur vendredi 8 ao\u00fbt. Il est rest\u00e9 clair pourquoi les deux parties n&rsquo;ont pas trouv\u00e9 de ligne uniforme lors de la communication de la date de d\u00e9but.<\/p>\n<p>D&rsquo;autres pr\u00e9l\u00e8vements s&rsquo;appliquent aux \u00c9tats qui ne figurent pas sur la longue liste de douanes. Avec la Chine et le Mexique, les \u00c9tats-Unis n\u00e9gocient \u00e9galement s\u00e9par\u00e9ment. En plus de cela, Trump a menac\u00e9 ou d\u00e9j\u00e0 impos\u00e9 des tarifs punitifs contre les \u00c9tats qui font affaire avec la Russie dans le secteur de l&rsquo;\u00e9nergie et soutiennent donc indirectement le Kremlin dans la guerre d&rsquo;attaque contre l&rsquo;Ukraine &#8211; il a donc \u00e9t\u00e9 justifi\u00e9 dans le cas des tarifs sp\u00e9ciaux pour l&rsquo;Inde.<\/p>\n<p><strong>&#8211; 15% un bon compromis ou trop?<\/strong> La Commission de l&rsquo;UE avait r\u00e9cemment obtenu un nouvel accord fondamental avec ses partenaires commerciaux am\u00e9ricains: cela a r\u00e9duit les droits de douane menac\u00e9s de moiti\u00e9 \u00e0 15% apr\u00e8s que Trump ait donn\u00e9 aux \u00c9tats-Unis la plupart des exportations de l&rsquo;UE aux \u00c9tats-Unis.<\/p>\n<div id=\"attachment_421153\" class=\"wp-caption alignleft\" style=\"max-width: 300px\"><img decoding=\"async\" class=\"wp-image-421153 size-medium\" src=\"https:\/\/vieassociative.be\/actualites\/wp-content\/uploads\/2025\/07\/Dispute-douaniere-reglee-Quest-ce-que-cela-signifie-pour-leconomie-et.jpg\" alt=\"\" width=\"300\" height=\"198\"><\/div>\n<p>Les critiques ont \u00e9valu\u00e9 cela comme la tactique connue du pr\u00e9sident: placer des demandes excessives afin de conclure alors un compromis qui ne r\u00e9pond pas aux pires craintes du c\u00f4t\u00e9 oppos\u00e9, mais approuve consid\u00e9rablement les \u00c9tats-Unis.<\/p>\n<p>La Commission europ\u00e9enne est d\u00e9sormais confront\u00e9e \u00e0 l&rsquo;accusation qu&rsquo;elle n&rsquo;a pas prot\u00e9g\u00e9 le march\u00e9 europ\u00e9en en retour avec des tarifs \u00e9quivalents sur les importations am\u00e9ricaines de la concurrence.<\/p>\n<p>Le pr\u00e9sident de la Commission de l&rsquo;UE, Ursula von Der Leyen, a d\u00e9clar\u00e9 que lorsque l&rsquo;accord a \u00e9t\u00e9 annonc\u00e9 que le nouvel ensemble de douanes s&rsquo;applique \u00e9galement aux voitures, semi-conducteurs et produits pharmaceutiques de l&rsquo;UE. L&rsquo;industrie automobile &#8211; l&rsquo;une des industries les plus importantes \u00e0 travers l&rsquo;Europe &#8211; \u00e9tait toujours d\u00e9\u00e7ue: les nouvelles coutumes sont nettement inf\u00e9rieures aux 27,5% que Trump a \u00e9lev\u00e9es au cours des derniers mois &#8211; mais beaucoup plus \u00e9lev\u00e9es que les 2,5% qui sont apparues sur les importations automobiles de l&rsquo;UE. De plus, les voitures am\u00e9ricaines devraient pouvoir \u00eatre import\u00e9es dans l&rsquo;Union europ\u00e9enne \u00e0 l&rsquo;avenir, tandis qu&rsquo;un taux de douane de dix pour cent a \u00e9t\u00e9 valable jusqu&rsquo;\u00e0 pr\u00e9sent.<\/p>\n<p><strong>&#8211; milliards d&rsquo;accords suppl\u00e9mentaires:<\/strong> En plus du taux de droits de 15%, l&rsquo;UE avait garanti \u00e0 Trump d&rsquo;acheter de l&rsquo;\u00e9nergie aux \u00c9tats-Unis d&rsquo;une valeur de 750 milliards de dollars (environ 650 milliards d&rsquo;euros) d&rsquo;ici la fin de sa dur\u00e9e. Selon les Leyens, le gaz liquide (GNL), le p\u00e9trole et le combustible nucl\u00e9aire des \u00c9tats-Unis devraient combler les lacunes qui surgiront apr\u00e8s la renonciation compl\u00e8te pr\u00e9vue du gaz et du p\u00e9trole russes.<\/p>\n<div id=\"attachment_421959\" class=\"wp-caption alignleft\" style=\"max-width: 300px\"><img decoding=\"async\" class=\"wp-image-421959 size-medium\" src=\"https:\/\/vieassociative.be\/actualites\/wp-content\/uploads\/2025\/08\/1754619500_66_Les-nouveaux-tarifs-americains-sur-les-importations-en-provenance-de.jpg\" alt=\"\" width=\"300\" height=\"172\"><\/div>\n<p>De plus, 600 milliards de dollars (pr\u00e8s de 520 milliards d&rsquo;euros) doivent \u00eatre investis aux \u00c9tats-Unis. La Commission de l&rsquo;UE fait r\u00e9f\u00e9rence aux expressions d&rsquo;int\u00e9r\u00eat des soci\u00e9t\u00e9s europ\u00e9ennes. Un agent de la commission a clairement indiqu\u00e9 que c&rsquo;\u00e9tait une question pour les entreprises priv\u00e9es que la Commission en tant qu&rsquo;autorit\u00e9 ne pouvait pas garantir cela. La Commission n&rsquo;a pas dit quelles entreprises ont exprim\u00e9 des intentions d&rsquo;investissement et de quel montant.<\/p>\n<p><strong>&#8211; un accord, deux interpr\u00e9tations:<\/strong> Dans tous les cas, il existe diff\u00e9rentes interpr\u00e9tations des deux c\u00f4t\u00e9s de l&rsquo;Atlantique: selon Trump, les investissements sont disponibles aux \u00c9tats-Unis. \u00ab\u00a0Ils nous ont donn\u00e9 600 milliards de dollars que nous pouvons investir dans tout ce que nous voulons\u00a0\u00bb, a-t-il d\u00e9clar\u00e9 dans une conversation avec le diffuseur CNBC. En fait, c&rsquo;est un \u00ab\u00a0cadeau\u00a0\u00bb. Cela contredit les informations de la Commission de l&rsquo;UE.<\/p>\n<p>En r\u00e9ponse \u00e0 la question de ce qui se passerait si l&rsquo;UE ne devait pas remettre les investissements en question, Trump a menac\u00e9 de tarifs de 35%. \u00c9tant donn\u00e9 que les engagements d&rsquo;investissement sont con\u00e7us pendant plusieurs ann\u00e9es, on ne sait pas quand ce point pourrait \u00eatre atteint.<\/p>\n<p><strong>Les tarifs suivants sont soulev\u00e9s aux importations de ces pays (s\u00e9lection):<\/strong><\/p>\n<ul>\n<li>Union europ\u00e9enne 15%<\/li>\n<li>Grande-Bretagne 10%<\/li>\n<li>Suisse 39%<\/li>\n<li>Norv\u00e8ge 15%<\/li>\n<li>Islande 15%<\/li>\n<li>Isra\u00ebl 15%<\/li>\n<li>Afrique du Sud 30%<\/li>\n<li>Cor\u00e9e du Sud 15%<\/li>\n<li>Taiwan 20%<\/li>\n<li>Malaisie 19%<\/li>\n<\/ul>\n","protected":false},"excerpt":{"rendered":"<p>Avec de nouveaux tarifs, le pr\u00e9sident am\u00e9ricain Donald Trump souhaite \u00e9liminer les d\u00e9s\u00e9quilibres pr\u00e9sum\u00e9s dans le commerce avec d&rsquo;autres pays. L&rsquo;UE et pr\u00e8s de 70<\/p>\n","protected":false},"author":1,"featured_media":9275,"comment_status":"","ping_status":"","sticky":false,"template":"","format":"standard","meta":{"footnotes":""},"categories":[298],"tags":[2061,8090,7726,14,3578,2052,8089,18,33,5819,5111],"class_list":["post-9274","post","type-post","status-publish","format-standard","has-post-thumbnail","hentry","category-belgique","tag-americains","tag-entres","tag-importations","tag-les","tag-lue","tag-nouveaux","tag-provenance","tag-sont","tag-sur","tag-tarifs","tag-vigueur","generate-columns","tablet-grid-50","mobile-grid-100","grid-parent","grid-33"],"yoast_head":"<!-- This site is optimized with the Yoast SEO plugin v24.0 - https:\/\/yoast.com\/wordpress\/plugins\/seo\/ -->\n<title>Les nouveaux tarifs am\u00e9ricains sur les importations en provenance de l&#039;UE sont entr\u00e9s en vigueur | Vie Associative<\/title>\n<meta name=\"robots\" content=\"index, follow, max-snippet:-1, max-image-preview:large, max-video-preview:-1\" \/>\n<link rel=\"canonical\" href=\"https:\/\/vieassociative.be\/actualites\/les-nouveaux-tarifs-americains-sur-les-importations-en-provenance-de-lue-sont-entres-en-vigueur\/\" \/>\n<meta property=\"og:locale\" content=\"fr_FR\" \/>\n<meta property=\"og:type\" content=\"article\" \/>\n<meta property=\"og:title\" content=\"Les nouveaux tarifs am\u00e9ricains sur les importations en provenance de l&#039;UE sont entr\u00e9s en vigueur | Vie Associative\" \/>\n<meta property=\"og:description\" content=\"Avec de nouveaux tarifs, le pr\u00e9sident am\u00e9ricain Donald Trump souhaite \u00e9liminer les d\u00e9s\u00e9quilibres pr\u00e9sum\u00e9s dans le commerce avec d&rsquo;autres pays. L&rsquo;UE et pr\u00e8s de 70\" \/>\n<meta property=\"og:url\" content=\"https:\/\/vieassociative.be\/actualites\/les-nouveaux-tarifs-americains-sur-les-importations-en-provenance-de-lue-sont-entres-en-vigueur\/\" \/>\n<meta property=\"og:site_name\" content=\"Vie Associative\" \/>\n<meta property=\"article:published_time\" content=\"2025-08-08T02:18:20+00:00\" \/>\n<meta property=\"og:image\" content=\"https:\/\/vieassociative.be\/actualites\/wp-content\/uploads\/2024\/09\/header_backgroundk-01-e1726694325946.png\" \/>\n\t<meta property=\"og:image:width\" content=\"279\" \/>\n\t<meta property=\"og:image:height\" content=\"92\" \/>\n\t<meta property=\"og:image:type\" content=\"image\/png\" \/>\n<meta name=\"author\" content=\"Julien\" \/>\n<meta name=\"twitter:card\" content=\"summary_large_image\" \/>\n<meta name=\"twitter:label1\" content=\"\u00c9crit par\" \/>\n\t<meta name=\"twitter:data1\" content=\"Julien\" \/>\n\t<meta name=\"twitter:label2\" content=\"Dur\u00e9e de lecture est.\" \/>\n\t<meta name=\"twitter:data2\" content=\"5 minutes\" \/>\n<script type=\"application\/ld+json\" class=\"yoast-schema-graph\">{\"@context\":\"https:\/\/schema.org\",\"@graph\":[{\"@type\":\"Article\",\"@id\":\"https:\/\/vieassociative.be\/actualites\/les-nouveaux-tarifs-americains-sur-les-importations-en-provenance-de-lue-sont-entres-en-vigueur\/#article\",\"isPartOf\":{\"@id\":\"https:\/\/vieassociative.be\/actualites\/les-nouveaux-tarifs-americains-sur-les-importations-en-provenance-de-lue-sont-entres-en-vigueur\/\"},\"author\":{\"name\":\"Julien\",\"@id\":\"https:\/\/vieassociative.be\/actualites\/#\/schema\/person\/b87ac4f82f9d4e7b7cec7395b679edc4\"},\"headline\":\"Les nouveaux tarifs am\u00e9ricains sur les importations en provenance de l&rsquo;UE sont entr\u00e9s en vigueur\",\"datePublished\":\"2025-08-08T02:18:20+00:00\",\"dateModified\":\"2025-08-08T02:18:20+00:00\",\"mainEntityOfPage\":{\"@id\":\"https:\/\/vieassociative.be\/actualites\/les-nouveaux-tarifs-americains-sur-les-importations-en-provenance-de-lue-sont-entres-en-vigueur\/\"},\"wordCount\":1011,\"publisher\":{\"@id\":\"https:\/\/vieassociative.be\/actualites\/#organization\"},\"image\":{\"@id\":\"https:\/\/vieassociative.be\/actualites\/les-nouveaux-tarifs-americains-sur-les-importations-en-provenance-de-lue-sont-entres-en-vigueur\/#primaryimage\"},\"thumbnailUrl\":\"https:\/\/vieassociative.be\/actualites\/wp-content\/uploads\/2025\/08\/1754619501_Les-nouveaux-tarifs-americains-sur-les-importations-en-provenance-de.jpg\",\"keywords\":[\"am\u00e9ricains\",\"entr\u00e9s\",\"importations\",\"Les\",\"LUE\",\"nouveaux\",\"provenance\",\"sont\",\"sur\",\"tarifs\",\"vigueur\"],\"articleSection\":[\"Belgique\"],\"inLanguage\":\"fr-BE\"},{\"@type\":\"WebPage\",\"@id\":\"https:\/\/vieassociative.be\/actualites\/les-nouveaux-tarifs-americains-sur-les-importations-en-provenance-de-lue-sont-entres-en-vigueur\/\",\"url\":\"https:\/\/vieassociative.be\/actualites\/les-nouveaux-tarifs-americains-sur-les-importations-en-provenance-de-lue-sont-entres-en-vigueur\/\",\"name\":\"Les nouveaux tarifs am\u00e9ricains sur les importations en provenance de l'UE sont entr\u00e9s en vigueur | Vie Associative\",\"isPartOf\":{\"@id\":\"https:\/\/vieassociative.be\/actualites\/#website\"},\"primaryImageOfPage\":{\"@id\":\"https:\/\/vieassociative.be\/actualites\/les-nouveaux-tarifs-americains-sur-les-importations-en-provenance-de-lue-sont-entres-en-vigueur\/#primaryimage\"},\"image\":{\"@id\":\"https:\/\/vieassociative.be\/actualites\/les-nouveaux-tarifs-americains-sur-les-importations-en-provenance-de-lue-sont-entres-en-vigueur\/#primaryimage\"},\"thumbnailUrl\":\"https:\/\/vieassociative.be\/actualites\/wp-content\/uploads\/2025\/08\/1754619501_Les-nouveaux-tarifs-americains-sur-les-importations-en-provenance-de.jpg\",\"datePublished\":\"2025-08-08T02:18:20+00:00\",\"dateModified\":\"2025-08-08T02:18:20+00:00\",\"breadcrumb\":{\"@id\":\"https:\/\/vieassociative.be\/actualites\/les-nouveaux-tarifs-americains-sur-les-importations-en-provenance-de-lue-sont-entres-en-vigueur\/#breadcrumb\"},\"inLanguage\":\"fr-BE\",\"potentialAction\":[{\"@type\":\"ReadAction\",\"target\":[\"https:\/\/vieassociative.be\/actualites\/les-nouveaux-tarifs-americains-sur-les-importations-en-provenance-de-lue-sont-entres-en-vigueur\/\"]}]},{\"@type\":\"ImageObject\",\"inLanguage\":\"fr-BE\",\"@id\":\"https:\/\/vieassociative.be\/actualites\/les-nouveaux-tarifs-americains-sur-les-importations-en-provenance-de-lue-sont-entres-en-vigueur\/#primaryimage\",\"url\":\"https:\/\/vieassociative.be\/actualites\/wp-content\/uploads\/2025\/08\/1754619501_Les-nouveaux-tarifs-americains-sur-les-importations-en-provenance-de.jpg\",\"contentUrl\":\"https:\/\/vieassociative.be\/actualites\/wp-content\/uploads\/2025\/08\/1754619501_Les-nouveaux-tarifs-americains-sur-les-importations-en-provenance-de.jpg\",\"width\":1200,\"height\":800,\"caption\":\"Les nouveaux tarifs am\u00e9ricains sur les importations en provenance de l'UE sont entr\u00e9s en vigueur\"},{\"@type\":\"BreadcrumbList\",\"@id\":\"https:\/\/vieassociative.be\/actualites\/les-nouveaux-tarifs-americains-sur-les-importations-en-provenance-de-lue-sont-entres-en-vigueur\/#breadcrumb\",\"itemListElement\":[{\"@type\":\"ListItem\",\"position\":1,\"name\":\"Accueil\",\"item\":\"https:\/\/vieassociative.be\/actualites\/\"},{\"@type\":\"ListItem\",\"position\":2,\"name\":\"Les nouveaux tarifs am\u00e9ricains sur les importations en provenance de l&rsquo;UE sont entr\u00e9s en vigueur\"}]},{\"@type\":\"WebSite\",\"@id\":\"https:\/\/vieassociative.be\/actualites\/#website\",\"url\":\"https:\/\/vieassociative.be\/actualites\/\",\"name\":\"Vie Associative\",\"description\":\"\",\"publisher\":{\"@id\":\"https:\/\/vieassociative.be\/actualites\/#organization\"},\"potentialAction\":[{\"@type\":\"SearchAction\",\"target\":{\"@type\":\"EntryPoint\",\"urlTemplate\":\"https:\/\/vieassociative.be\/actualites\/?s={search_term_string}\"},\"query-input\":{\"@type\":\"PropertyValueSpecification\",\"valueRequired\":true,\"valueName\":\"search_term_string\"}}],\"inLanguage\":\"fr-BE\"},{\"@type\":\"Organization\",\"@id\":\"https:\/\/vieassociative.be\/actualites\/#organization\",\"name\":\"Vie Associative\",\"url\":\"https:\/\/vieassociative.be\/actualites\/\",\"logo\":{\"@type\":\"ImageObject\",\"inLanguage\":\"fr-BE\",\"@id\":\"https:\/\/vieassociative.be\/actualites\/#\/schema\/logo\/image\/\",\"url\":\"https:\/\/vieassociative.be\/actualites\/wp-content\/uploads\/2024\/09\/cropped-vieassociative_favicon.ico.png\",\"contentUrl\":\"https:\/\/vieassociative.be\/actualites\/wp-content\/uploads\/2024\/09\/cropped-vieassociative_favicon.ico.png\",\"width\":512,\"height\":512,\"caption\":\"Vie Associative\"},\"image\":{\"@id\":\"https:\/\/vieassociative.be\/actualites\/#\/schema\/logo\/image\/\"}},{\"@type\":\"Person\",\"@id\":\"https:\/\/vieassociative.be\/actualites\/#\/schema\/person\/b87ac4f82f9d4e7b7cec7395b679edc4\",\"name\":\"Julien\",\"image\":{\"@type\":\"ImageObject\",\"inLanguage\":\"fr-BE\",\"@id\":\"https:\/\/vieassociative.be\/actualites\/#\/schema\/person\/image\/\",\"url\":\"https:\/\/vieassociative.be\/actualites\/wp-content\/uploads\/2024\/09\/vie-associative-1-150x150.jpg\",\"contentUrl\":\"https:\/\/vieassociative.be\/actualites\/wp-content\/uploads\/2024\/09\/vie-associative-1-150x150.jpg\",\"caption\":\"Julien\"},\"description\":\"Je suis Julien, r\u00e9dacteur pour Vie Associative. Passionn\u00e9 par le monde associatif depuis plus de 10 ans, j'ai \u00e0 c\u0153ur de partager des histoires inspirantes et de mettre en lumi\u00e8re les initiatives locales. Mon objectif est de sensibiliser et d'encourager l'engagement communautaire \u00e0 travers mes articles.\",\"sameAs\":[\"https:\/\/vieassociative.be\/\"]}]}<\/script>\n<!-- \/ Yoast SEO plugin. -->","yoast_head_json":{"title":"Les nouveaux tarifs am\u00e9ricains sur les importations en provenance de l'UE sont entr\u00e9s en vigueur | Vie Associative","robots":{"index":"index","follow":"follow","max-snippet":"max-snippet:-1","max-image-preview":"max-image-preview:large","max-video-preview":"max-video-preview:-1"},"canonical":"https:\/\/vieassociative.be\/actualites\/les-nouveaux-tarifs-americains-sur-les-importations-en-provenance-de-lue-sont-entres-en-vigueur\/","og_locale":"fr_FR","og_type":"article","og_title":"Les nouveaux tarifs am\u00e9ricains sur les importations en provenance de l'UE sont entr\u00e9s en vigueur | Vie Associative","og_description":"Avec de nouveaux tarifs, le pr\u00e9sident am\u00e9ricain Donald Trump souhaite \u00e9liminer les d\u00e9s\u00e9quilibres pr\u00e9sum\u00e9s dans le commerce avec d&rsquo;autres pays. L&rsquo;UE et pr\u00e8s de 70","og_url":"https:\/\/vieassociative.be\/actualites\/les-nouveaux-tarifs-americains-sur-les-importations-en-provenance-de-lue-sont-entres-en-vigueur\/","og_site_name":"Vie Associative","article_published_time":"2025-08-08T02:18:20+00:00","og_image":[{"width":279,"height":92,"url":"https:\/\/vieassociative.be\/actualites\/wp-content\/uploads\/2024\/09\/header_backgroundk-01-e1726694325946.png","type":"image\/png"}],"author":"Julien","twitter_card":"summary_large_image","twitter_misc":{"\u00c9crit par":"Julien","Dur\u00e9e de lecture est.":"5 minutes"},"schema":{"@context":"https:\/\/schema.org","@graph":[{"@type":"Article","@id":"https:\/\/vieassociative.be\/actualites\/les-nouveaux-tarifs-americains-sur-les-importations-en-provenance-de-lue-sont-entres-en-vigueur\/#article","isPartOf":{"@id":"https:\/\/vieassociative.be\/actualites\/les-nouveaux-tarifs-americains-sur-les-importations-en-provenance-de-lue-sont-entres-en-vigueur\/"},"author":{"name":"Julien","@id":"https:\/\/vieassociative.be\/actualites\/#\/schema\/person\/b87ac4f82f9d4e7b7cec7395b679edc4"},"headline":"Les nouveaux tarifs am\u00e9ricains sur les importations en provenance de l&rsquo;UE sont entr\u00e9s en vigueur","datePublished":"2025-08-08T02:18:20+00:00","dateModified":"2025-08-08T02:18:20+00:00","mainEntityOfPage":{"@id":"https:\/\/vieassociative.be\/actualites\/les-nouveaux-tarifs-americains-sur-les-importations-en-provenance-de-lue-sont-entres-en-vigueur\/"},"wordCount":1011,"publisher":{"@id":"https:\/\/vieassociative.be\/actualites\/#organization"},"image":{"@id":"https:\/\/vieassociative.be\/actualites\/les-nouveaux-tarifs-americains-sur-les-importations-en-provenance-de-lue-sont-entres-en-vigueur\/#primaryimage"},"thumbnailUrl":"https:\/\/vieassociative.be\/actualites\/wp-content\/uploads\/2025\/08\/1754619501_Les-nouveaux-tarifs-americains-sur-les-importations-en-provenance-de.jpg","keywords":["am\u00e9ricains","entr\u00e9s","importations","Les","LUE","nouveaux","provenance","sont","sur","tarifs","vigueur"],"articleSection":["Belgique"],"inLanguage":"fr-BE"},{"@type":"WebPage","@id":"https:\/\/vieassociative.be\/actualites\/les-nouveaux-tarifs-americains-sur-les-importations-en-provenance-de-lue-sont-entres-en-vigueur\/","url":"https:\/\/vieassociative.be\/actualites\/les-nouveaux-tarifs-americains-sur-les-importations-en-provenance-de-lue-sont-entres-en-vigueur\/","name":"Les nouveaux tarifs am\u00e9ricains sur les importations en provenance de l'UE sont entr\u00e9s en vigueur | Vie Associative","isPartOf":{"@id":"https:\/\/vieassociative.be\/actualites\/#website"},"primaryImageOfPage":{"@id":"https:\/\/vieassociative.be\/actualites\/les-nouveaux-tarifs-americains-sur-les-importations-en-provenance-de-lue-sont-entres-en-vigueur\/#primaryimage"},"image":{"@id":"https:\/\/vieassociative.be\/actualites\/les-nouveaux-tarifs-americains-sur-les-importations-en-provenance-de-lue-sont-entres-en-vigueur\/#primaryimage"},"thumbnailUrl":"https:\/\/vieassociative.be\/actualites\/wp-content\/uploads\/2025\/08\/1754619501_Les-nouveaux-tarifs-americains-sur-les-importations-en-provenance-de.jpg","datePublished":"2025-08-08T02:18:20+00:00","dateModified":"2025-08-08T02:18:20+00:00","breadcrumb":{"@id":"https:\/\/vieassociative.be\/actualites\/les-nouveaux-tarifs-americains-sur-les-importations-en-provenance-de-lue-sont-entres-en-vigueur\/#breadcrumb"},"inLanguage":"fr-BE","potentialAction":[{"@type":"ReadAction","target":["https:\/\/vieassociative.be\/actualites\/les-nouveaux-tarifs-americains-sur-les-importations-en-provenance-de-lue-sont-entres-en-vigueur\/"]}]},{"@type":"ImageObject","inLanguage":"fr-BE","@id":"https:\/\/vieassociative.be\/actualites\/les-nouveaux-tarifs-americains-sur-les-importations-en-provenance-de-lue-sont-entres-en-vigueur\/#primaryimage","url":"https:\/\/vieassociative.be\/actualites\/wp-content\/uploads\/2025\/08\/1754619501_Les-nouveaux-tarifs-americains-sur-les-importations-en-provenance-de.jpg","contentUrl":"https:\/\/vieassociative.be\/actualites\/wp-content\/uploads\/2025\/08\/1754619501_Les-nouveaux-tarifs-americains-sur-les-importations-en-provenance-de.jpg","width":1200,"height":800,"caption":"Les nouveaux tarifs am\u00e9ricains sur les importations en provenance de l'UE sont entr\u00e9s en vigueur"},{"@type":"BreadcrumbList","@id":"https:\/\/vieassociative.be\/actualites\/les-nouveaux-tarifs-americains-sur-les-importations-en-provenance-de-lue-sont-entres-en-vigueur\/#breadcrumb","itemListElement":[{"@type":"ListItem","position":1,"name":"Accueil","item":"https:\/\/vieassociative.be\/actualites\/"},{"@type":"ListItem","position":2,"name":"Les nouveaux tarifs am\u00e9ricains sur les importations en provenance de l&rsquo;UE sont entr\u00e9s en vigueur"}]},{"@type":"WebSite","@id":"https:\/\/vieassociative.be\/actualites\/#website","url":"https:\/\/vieassociative.be\/actualites\/","name":"Vie Associative","description":"","publisher":{"@id":"https:\/\/vieassociative.be\/actualites\/#organization"},"potentialAction":[{"@type":"SearchAction","target":{"@type":"EntryPoint","urlTemplate":"https:\/\/vieassociative.be\/actualites\/?s={search_term_string}"},"query-input":{"@type":"PropertyValueSpecification","valueRequired":true,"valueName":"search_term_string"}}],"inLanguage":"fr-BE"},{"@type":"Organization","@id":"https:\/\/vieassociative.be\/actualites\/#organization","name":"Vie Associative","url":"https:\/\/vieassociative.be\/actualites\/","logo":{"@type":"ImageObject","inLanguage":"fr-BE","@id":"https:\/\/vieassociative.be\/actualites\/#\/schema\/logo\/image\/","url":"https:\/\/vieassociative.be\/actualites\/wp-content\/uploads\/2024\/09\/cropped-vieassociative_favicon.ico.png","contentUrl":"https:\/\/vieassociative.be\/actualites\/wp-content\/uploads\/2024\/09\/cropped-vieassociative_favicon.ico.png","width":512,"height":512,"caption":"Vie Associative"},"image":{"@id":"https:\/\/vieassociative.be\/actualites\/#\/schema\/logo\/image\/"}},{"@type":"Person","@id":"https:\/\/vieassociative.be\/actualites\/#\/schema\/person\/b87ac4f82f9d4e7b7cec7395b679edc4","name":"Julien","image":{"@type":"ImageObject","inLanguage":"fr-BE","@id":"https:\/\/vieassociative.be\/actualites\/#\/schema\/person\/image\/","url":"https:\/\/vieassociative.be\/actualites\/wp-content\/uploads\/2024\/09\/vie-associative-1-150x150.jpg","contentUrl":"https:\/\/vieassociative.be\/actualites\/wp-content\/uploads\/2024\/09\/vie-associative-1-150x150.jpg","caption":"Julien"},"description":"Je suis Julien, r\u00e9dacteur pour Vie Associative. Passionn\u00e9 par le monde associatif depuis plus de 10 ans, j'ai \u00e0 c\u0153ur de partager des histoires inspirantes et de mettre en lumi\u00e8re les initiatives locales. Mon objectif est de sensibiliser et d'encourager l'engagement communautaire \u00e0 travers mes articles.","sameAs":["https:\/\/vieassociative.be\/"]}]}},"_links":{"self":[{"href":"https:\/\/vieassociative.be\/actualites\/wp-json\/wp\/v2\/posts\/9274"}],"collection":[{"href":"https:\/\/vieassociative.be\/actualites\/wp-json\/wp\/v2\/posts"}],"about":[{"href":"https:\/\/vieassociative.be\/actualites\/wp-json\/wp\/v2\/types\/post"}],"author":[{"embeddable":true,"href":"https:\/\/vieassociative.be\/actualites\/wp-json\/wp\/v2\/users\/1"}],"replies":[{"embeddable":true,"href":"https:\/\/vieassociative.be\/actualites\/wp-json\/wp\/v2\/comments?post=9274"}],"version-history":[{"count":0,"href":"https:\/\/vieassociative.be\/actualites\/wp-json\/wp\/v2\/posts\/9274\/revisions"}],"wp:featuredmedia":[{"embeddable":true,"href":"https:\/\/vieassociative.be\/actualites\/wp-json\/wp\/v2\/media\/9275"}],"wp:attachment":[{"href":"https:\/\/vieassociative.be\/actualites\/wp-json\/wp\/v2\/media?parent=9274"}],"wp:term":[{"taxonomy":"category","embeddable":true,"href":"https:\/\/vieassociative.be\/actualites\/wp-json\/wp\/v2\/categories?post=9274"},{"taxonomy":"post_tag","embeddable":true,"href":"https:\/\/vieassociative.be\/actualites\/wp-json\/wp\/v2\/tags?post=9274"}],"curies":[{"name":"wp","href":"https:\/\/api.w.org\/{rel}","templated":true}]}}