{"id":9270,"date":"2025-08-08T02:17:37","date_gmt":"2025-08-08T00:17:37","guid":{"rendered":"https:\/\/vieassociative.be\/actualites\/disney-tue-lapplication-hulu\/"},"modified":"2025-08-08T02:17:37","modified_gmt":"2025-08-08T00:17:37","slug":"disney-tue-lapplication-hulu","status":"publish","type":"post","link":"https:\/\/vieassociative.be\/actualites\/disney-tue-lapplication-hulu\/","title":{"rendered":"Disney tue l&rsquo;application Hulu"},"content":{"rendered":"<div class=\"mt-4 leading-6 md:mb-8\">Hulu ne s&rsquo;en va pas.<\/div>\n<p><\/p>\n<p>Mauvaise nouvelle, Fans Hulu: Disney pr\u00e9voit de tuer votre application. <\/p>\n<p>Comme le rapporte Variety, la soci\u00e9t\u00e9 a annonc\u00e9 la nouvelle lors d&rsquo;un appel trimestriel mercredi. Le plan? Absorber compl\u00e8tement l&rsquo;exp\u00e9rience Hulu dans l&rsquo;application Disney +. Pourquoi avoir deux applications alors que vous pourriez en avoir une? (Autre que, bien s\u00fbr, le fait qu&rsquo;il s&rsquo;agit de deux services distincts.)<\/p>\n<p>Du point de vue de Disney, c&rsquo;est une victoire totale. En gardant Hulu et Disney + dans une application, les deux services peuvent fonctionner sur une \u00abplateforme technologique\u00bb. Cela permettra soi-disant de gagner de l&rsquo;argent \u00e0 l&rsquo;entreprise, ainsi que d&rsquo;am\u00e9liorer l&rsquo;exp\u00e9rience client &#8211; du moins, selon Disney. De plus, du point de vue des entreprises, l&rsquo;entreprise peut regrouper les ventes d&rsquo;annonces pour Disney + et Hulu. Pr\u00e9parez-vous \u00e0 voir un <em>parcelle<\/em> de publicit\u00e9s pour ces deux services ensemble.<\/p>\n<div class=\"mx-auto mb-12 mt-5 w-full max-w-3xl rounded-md border-2 border-gray-100 p-3 shadow-md md:px-7 md:pb-7 md:pt-5\" id=\"related-video\">\n<div class=\"mb-3 flex items-center md:mb-5\">\n        <img decoding=\"async\" class=\"mr-4 mt-0 h-10 w-10 md:mr-5 md:h-12 md:w-12\" src=\"https:\/\/vieassociative.be\/actualites\/wp-content\/uploads\/2025\/08\/1754414314_422_Les-brins-du-NYT-daujourdhui-indiquent-et-repondent-pour-le.jpg\" alt=\"Logo Lifehacker\"><\/p><\/div>\n<div class=\"aspect-video w-full overflow-hidden rounded-md\">\n<div id=\"video-container-01K23FRBTGN6NCC86FKHVQBBZF\"><\/div>\n<\/p><\/div>\n<\/div>\n<h2 id=\"what-does-this-mean-for-hulu-subscribers\">Qu&rsquo;est-ce que cela signifie pour les abonn\u00e9s Hulu?<\/h2>\n<p>Bien s\u00fbr, la plupart d&rsquo;entre nous ne travaillent pas pour Disney et ne b\u00e9n\u00e9ficient pas directement des choses qui augmentent les b\u00e9n\u00e9fices de l&rsquo;entreprise. Ce qui vous affectera, si vous \u00eates un abonn\u00e9 \u00e0 Hulu, c&rsquo;est comment Disney g\u00e8re cette sorte cette fusion. <\/p>\n<p>Tout d&rsquo;abord: cela ne se produit pas du jour au lendemain. Selon Disney, la nouvelle application combin\u00e9e Disney + et Hulu ne sera pas disponible avant 2026. Jusque-l\u00e0, vous pourrez faire des affaires comme d&rsquo;habitude.<\/p>\n<p>Une fois que la nouvelle application est ici et que Disney ferme l&rsquo;application Hulu autonome, vous ne serez pas oblig\u00e9 de vous abonner \u00e0 Disney + juste pour regarder Hulu \u00e9galement. Disney dit que vous pourrez toujours vous abonner \u00e0 Hulu en soi, m\u00eame si vous devez utiliser cette application combin\u00e9e pour la regarder. Vous savez peut-\u00eatre que vous pouvez d\u00e9j\u00e0 regarder du contenu Hulu sur Disney +, mais c&rsquo;est une exp\u00e9rience beaucoup plus limit\u00e9e que celle que Disney lance maintenant. <\/p>\n<p>Selon Variety, Disney pr\u00e9voit de commercialiser s\u00e9par\u00e9ment Hulu + Live TV, car il combine le service avec Fubo, un autre service de t\u00e9l\u00e9vision en direct qui se concentre sur les sports en direct. Cela dit, un repr\u00e9sentant Disney + a d\u00e9clar\u00e9 \u00e0 Variety qu&rsquo;il \u00e9tait pr\u00e9vu que Hulu + Live TV soit repli\u00e9 dans l&rsquo;application Disney + \u00e0 un moment donn\u00e9 en 2026.<\/p>\n<h2 id=\"any-information-on-pricing\">Des informations sur les prix?<\/h2>\n<p>Pas \u00e0 ce moment. \u00c0 l&rsquo;heure actuelle, vous pouvez regrouper Hulu et Disney + pour 10,99 $ par mois, ou 19,99 $ pour l&rsquo;exp\u00e9rience principalement sans publicit\u00e9. On pourrait esp\u00e9rer qu&rsquo;en regroupant les services dans une application, Disney pr\u00e9voit de garder ces services \u00e0 ce prix. Mais comme nous l&rsquo;avons vu \u00e0 travers les services de streaming, les prix continuent de monter. <\/p>\n","protected":false},"excerpt":{"rendered":"<p>Hulu ne s&rsquo;en va pas. Mauvaise nouvelle, Fans Hulu: Disney pr\u00e9voit de tuer votre application. Comme le rapporte Variety, la soci\u00e9t\u00e9 a annonc\u00e9 la nouvelle<\/p>\n","protected":false},"author":1,"featured_media":9271,"comment_status":"","ping_status":"","sticky":false,"template":"","format":"standard","meta":{"footnotes":""},"categories":[13],"tags":[1893,2505,282,4814],"class_list":["post-9270","post","type-post","status-publish","format-standard","has-post-thumbnail","hentry","category-technologie","tag-disney","tag-hulu","tag-lapplication","tag-tue","generate-columns","tablet-grid-50","mobile-grid-100","grid-parent","grid-33"],"yoast_head":"<!-- This site is optimized with the Yoast SEO plugin v24.0 - https:\/\/yoast.com\/wordpress\/plugins\/seo\/ -->\n<title>Disney tue l&#039;application Hulu | Vie Associative<\/title>\n<meta name=\"robots\" content=\"index, follow, max-snippet:-1, max-image-preview:large, max-video-preview:-1\" \/>\n<link rel=\"canonical\" href=\"https:\/\/vieassociative.be\/actualites\/disney-tue-lapplication-hulu\/\" \/>\n<meta property=\"og:locale\" content=\"fr_FR\" \/>\n<meta property=\"og:type\" content=\"article\" \/>\n<meta property=\"og:title\" content=\"Disney tue l&#039;application Hulu | Vie Associative\" \/>\n<meta property=\"og:description\" content=\"Hulu ne s&rsquo;en va pas. Mauvaise nouvelle, Fans Hulu: Disney pr\u00e9voit de tuer votre application. Comme le rapporte Variety, la soci\u00e9t\u00e9 a annonc\u00e9 la nouvelle\" \/>\n<meta property=\"og:url\" content=\"https:\/\/vieassociative.be\/actualites\/disney-tue-lapplication-hulu\/\" \/>\n<meta property=\"og:site_name\" content=\"Vie Associative\" \/>\n<meta property=\"article:published_time\" content=\"2025-08-08T00:17:37+00:00\" \/>\n<meta property=\"og:image\" content=\"https:\/\/vieassociative.be\/actualites\/wp-content\/uploads\/2025\/08\/1754414314_422_Les-brins-du-NYT-daujourdhui-indiquent-et-repondent-pour-le.jpg\" \/>\n<meta name=\"author\" content=\"Julien\" \/>\n<meta name=\"twitter:card\" content=\"summary_large_image\" \/>\n<meta name=\"twitter:label1\" content=\"\u00c9crit par\" \/>\n\t<meta name=\"twitter:data1\" content=\"Julien\" \/>\n\t<meta name=\"twitter:label2\" content=\"Dur\u00e9e de lecture est.\" \/>\n\t<meta name=\"twitter:data2\" content=\"2 minutes\" \/>\n<script type=\"application\/ld+json\" class=\"yoast-schema-graph\">{\"@context\":\"https:\/\/schema.org\",\"@graph\":[{\"@type\":\"Article\",\"@id\":\"https:\/\/vieassociative.be\/actualites\/disney-tue-lapplication-hulu\/#article\",\"isPartOf\":{\"@id\":\"https:\/\/vieassociative.be\/actualites\/disney-tue-lapplication-hulu\/\"},\"author\":{\"name\":\"Julien\",\"@id\":\"https:\/\/vieassociative.be\/actualites\/#\/schema\/person\/b87ac4f82f9d4e7b7cec7395b679edc4\"},\"headline\":\"Disney tue l&rsquo;application Hulu\",\"datePublished\":\"2025-08-08T00:17:37+00:00\",\"dateModified\":\"2025-08-08T00:17:37+00:00\",\"mainEntityOfPage\":{\"@id\":\"https:\/\/vieassociative.be\/actualites\/disney-tue-lapplication-hulu\/\"},\"wordCount\":476,\"publisher\":{\"@id\":\"https:\/\/vieassociative.be\/actualites\/#organization\"},\"image\":{\"@id\":\"https:\/\/vieassociative.be\/actualites\/disney-tue-lapplication-hulu\/#primaryimage\"},\"thumbnailUrl\":\"https:\/\/vieassociative.be\/actualites\/wp-content\/uploads\/2025\/08\/Disney-tue-lapplication-Hulu.png\",\"keywords\":[\"Disney\",\"Hulu\",\"lapplication\",\"tue\"],\"articleSection\":[\"Technologie\"],\"inLanguage\":\"fr-BE\"},{\"@type\":\"WebPage\",\"@id\":\"https:\/\/vieassociative.be\/actualites\/disney-tue-lapplication-hulu\/\",\"url\":\"https:\/\/vieassociative.be\/actualites\/disney-tue-lapplication-hulu\/\",\"name\":\"Disney tue l'application Hulu | Vie Associative\",\"isPartOf\":{\"@id\":\"https:\/\/vieassociative.be\/actualites\/#website\"},\"primaryImageOfPage\":{\"@id\":\"https:\/\/vieassociative.be\/actualites\/disney-tue-lapplication-hulu\/#primaryimage\"},\"image\":{\"@id\":\"https:\/\/vieassociative.be\/actualites\/disney-tue-lapplication-hulu\/#primaryimage\"},\"thumbnailUrl\":\"https:\/\/vieassociative.be\/actualites\/wp-content\/uploads\/2025\/08\/Disney-tue-lapplication-Hulu.png\",\"datePublished\":\"2025-08-08T00:17:37+00:00\",\"dateModified\":\"2025-08-08T00:17:37+00:00\",\"breadcrumb\":{\"@id\":\"https:\/\/vieassociative.be\/actualites\/disney-tue-lapplication-hulu\/#breadcrumb\"},\"inLanguage\":\"fr-BE\",\"potentialAction\":[{\"@type\":\"ReadAction\",\"target\":[\"https:\/\/vieassociative.be\/actualites\/disney-tue-lapplication-hulu\/\"]}]},{\"@type\":\"ImageObject\",\"inLanguage\":\"fr-BE\",\"@id\":\"https:\/\/vieassociative.be\/actualites\/disney-tue-lapplication-hulu\/#primaryimage\",\"url\":\"https:\/\/vieassociative.be\/actualites\/wp-content\/uploads\/2025\/08\/Disney-tue-lapplication-Hulu.png\",\"contentUrl\":\"https:\/\/vieassociative.be\/actualites\/wp-content\/uploads\/2025\/08\/Disney-tue-lapplication-Hulu.png\",\"width\":1200,\"height\":675,\"caption\":\"Disney tue l'application Hulu\"},{\"@type\":\"BreadcrumbList\",\"@id\":\"https:\/\/vieassociative.be\/actualites\/disney-tue-lapplication-hulu\/#breadcrumb\",\"itemListElement\":[{\"@type\":\"ListItem\",\"position\":1,\"name\":\"Accueil\",\"item\":\"https:\/\/vieassociative.be\/actualites\/\"},{\"@type\":\"ListItem\",\"position\":2,\"name\":\"Disney tue l&rsquo;application Hulu\"}]},{\"@type\":\"WebSite\",\"@id\":\"https:\/\/vieassociative.be\/actualites\/#website\",\"url\":\"https:\/\/vieassociative.be\/actualites\/\",\"name\":\"Vie Associative\",\"description\":\"\",\"publisher\":{\"@id\":\"https:\/\/vieassociative.be\/actualites\/#organization\"},\"potentialAction\":[{\"@type\":\"SearchAction\",\"target\":{\"@type\":\"EntryPoint\",\"urlTemplate\":\"https:\/\/vieassociative.be\/actualites\/?s={search_term_string}\"},\"query-input\":{\"@type\":\"PropertyValueSpecification\",\"valueRequired\":true,\"valueName\":\"search_term_string\"}}],\"inLanguage\":\"fr-BE\"},{\"@type\":\"Organization\",\"@id\":\"https:\/\/vieassociative.be\/actualites\/#organization\",\"name\":\"Vie Associative\",\"url\":\"https:\/\/vieassociative.be\/actualites\/\",\"logo\":{\"@type\":\"ImageObject\",\"inLanguage\":\"fr-BE\",\"@id\":\"https:\/\/vieassociative.be\/actualites\/#\/schema\/logo\/image\/\",\"url\":\"https:\/\/vieassociative.be\/actualites\/wp-content\/uploads\/2024\/09\/cropped-vieassociative_favicon.ico.png\",\"contentUrl\":\"https:\/\/vieassociative.be\/actualites\/wp-content\/uploads\/2024\/09\/cropped-vieassociative_favicon.ico.png\",\"width\":512,\"height\":512,\"caption\":\"Vie Associative\"},\"image\":{\"@id\":\"https:\/\/vieassociative.be\/actualites\/#\/schema\/logo\/image\/\"}},{\"@type\":\"Person\",\"@id\":\"https:\/\/vieassociative.be\/actualites\/#\/schema\/person\/b87ac4f82f9d4e7b7cec7395b679edc4\",\"name\":\"Julien\",\"image\":{\"@type\":\"ImageObject\",\"inLanguage\":\"fr-BE\",\"@id\":\"https:\/\/vieassociative.be\/actualites\/#\/schema\/person\/image\/\",\"url\":\"https:\/\/vieassociative.be\/actualites\/wp-content\/uploads\/2024\/09\/vie-associative-1-150x150.jpg\",\"contentUrl\":\"https:\/\/vieassociative.be\/actualites\/wp-content\/uploads\/2024\/09\/vie-associative-1-150x150.jpg\",\"caption\":\"Julien\"},\"description\":\"Je suis Julien, r\u00e9dacteur pour Vie Associative. Passionn\u00e9 par le monde associatif depuis plus de 10 ans, j'ai \u00e0 c\u0153ur de partager des histoires inspirantes et de mettre en lumi\u00e8re les initiatives locales. Mon objectif est de sensibiliser et d'encourager l'engagement communautaire \u00e0 travers mes articles.\",\"sameAs\":[\"https:\/\/vieassociative.be\/\"]}]}<\/script>\n<!-- \/ Yoast SEO plugin. -->","yoast_head_json":{"title":"Disney tue l'application Hulu | Vie Associative","robots":{"index":"index","follow":"follow","max-snippet":"max-snippet:-1","max-image-preview":"max-image-preview:large","max-video-preview":"max-video-preview:-1"},"canonical":"https:\/\/vieassociative.be\/actualites\/disney-tue-lapplication-hulu\/","og_locale":"fr_FR","og_type":"article","og_title":"Disney tue l'application Hulu | Vie Associative","og_description":"Hulu ne s&rsquo;en va pas. Mauvaise nouvelle, Fans Hulu: Disney pr\u00e9voit de tuer votre application. Comme le rapporte Variety, la soci\u00e9t\u00e9 a annonc\u00e9 la nouvelle","og_url":"https:\/\/vieassociative.be\/actualites\/disney-tue-lapplication-hulu\/","og_site_name":"Vie Associative","article_published_time":"2025-08-08T00:17:37+00:00","og_image":[{"url":"https:\/\/vieassociative.be\/actualites\/wp-content\/uploads\/2025\/08\/1754414314_422_Les-brins-du-NYT-daujourdhui-indiquent-et-repondent-pour-le.jpg","type":"","width":"","height":""}],"author":"Julien","twitter_card":"summary_large_image","twitter_misc":{"\u00c9crit par":"Julien","Dur\u00e9e de lecture est.":"2 minutes"},"schema":{"@context":"https:\/\/schema.org","@graph":[{"@type":"Article","@id":"https:\/\/vieassociative.be\/actualites\/disney-tue-lapplication-hulu\/#article","isPartOf":{"@id":"https:\/\/vieassociative.be\/actualites\/disney-tue-lapplication-hulu\/"},"author":{"name":"Julien","@id":"https:\/\/vieassociative.be\/actualites\/#\/schema\/person\/b87ac4f82f9d4e7b7cec7395b679edc4"},"headline":"Disney tue l&rsquo;application Hulu","datePublished":"2025-08-08T00:17:37+00:00","dateModified":"2025-08-08T00:17:37+00:00","mainEntityOfPage":{"@id":"https:\/\/vieassociative.be\/actualites\/disney-tue-lapplication-hulu\/"},"wordCount":476,"publisher":{"@id":"https:\/\/vieassociative.be\/actualites\/#organization"},"image":{"@id":"https:\/\/vieassociative.be\/actualites\/disney-tue-lapplication-hulu\/#primaryimage"},"thumbnailUrl":"https:\/\/vieassociative.be\/actualites\/wp-content\/uploads\/2025\/08\/Disney-tue-lapplication-Hulu.png","keywords":["Disney","Hulu","lapplication","tue"],"articleSection":["Technologie"],"inLanguage":"fr-BE"},{"@type":"WebPage","@id":"https:\/\/vieassociative.be\/actualites\/disney-tue-lapplication-hulu\/","url":"https:\/\/vieassociative.be\/actualites\/disney-tue-lapplication-hulu\/","name":"Disney tue l'application Hulu | Vie Associative","isPartOf":{"@id":"https:\/\/vieassociative.be\/actualites\/#website"},"primaryImageOfPage":{"@id":"https:\/\/vieassociative.be\/actualites\/disney-tue-lapplication-hulu\/#primaryimage"},"image":{"@id":"https:\/\/vieassociative.be\/actualites\/disney-tue-lapplication-hulu\/#primaryimage"},"thumbnailUrl":"https:\/\/vieassociative.be\/actualites\/wp-content\/uploads\/2025\/08\/Disney-tue-lapplication-Hulu.png","datePublished":"2025-08-08T00:17:37+00:00","dateModified":"2025-08-08T00:17:37+00:00","breadcrumb":{"@id":"https:\/\/vieassociative.be\/actualites\/disney-tue-lapplication-hulu\/#breadcrumb"},"inLanguage":"fr-BE","potentialAction":[{"@type":"ReadAction","target":["https:\/\/vieassociative.be\/actualites\/disney-tue-lapplication-hulu\/"]}]},{"@type":"ImageObject","inLanguage":"fr-BE","@id":"https:\/\/vieassociative.be\/actualites\/disney-tue-lapplication-hulu\/#primaryimage","url":"https:\/\/vieassociative.be\/actualites\/wp-content\/uploads\/2025\/08\/Disney-tue-lapplication-Hulu.png","contentUrl":"https:\/\/vieassociative.be\/actualites\/wp-content\/uploads\/2025\/08\/Disney-tue-lapplication-Hulu.png","width":1200,"height":675,"caption":"Disney tue l'application Hulu"},{"@type":"BreadcrumbList","@id":"https:\/\/vieassociative.be\/actualites\/disney-tue-lapplication-hulu\/#breadcrumb","itemListElement":[{"@type":"ListItem","position":1,"name":"Accueil","item":"https:\/\/vieassociative.be\/actualites\/"},{"@type":"ListItem","position":2,"name":"Disney tue l&rsquo;application Hulu"}]},{"@type":"WebSite","@id":"https:\/\/vieassociative.be\/actualites\/#website","url":"https:\/\/vieassociative.be\/actualites\/","name":"Vie Associative","description":"","publisher":{"@id":"https:\/\/vieassociative.be\/actualites\/#organization"},"potentialAction":[{"@type":"SearchAction","target":{"@type":"EntryPoint","urlTemplate":"https:\/\/vieassociative.be\/actualites\/?s={search_term_string}"},"query-input":{"@type":"PropertyValueSpecification","valueRequired":true,"valueName":"search_term_string"}}],"inLanguage":"fr-BE"},{"@type":"Organization","@id":"https:\/\/vieassociative.be\/actualites\/#organization","name":"Vie Associative","url":"https:\/\/vieassociative.be\/actualites\/","logo":{"@type":"ImageObject","inLanguage":"fr-BE","@id":"https:\/\/vieassociative.be\/actualites\/#\/schema\/logo\/image\/","url":"https:\/\/vieassociative.be\/actualites\/wp-content\/uploads\/2024\/09\/cropped-vieassociative_favicon.ico.png","contentUrl":"https:\/\/vieassociative.be\/actualites\/wp-content\/uploads\/2024\/09\/cropped-vieassociative_favicon.ico.png","width":512,"height":512,"caption":"Vie Associative"},"image":{"@id":"https:\/\/vieassociative.be\/actualites\/#\/schema\/logo\/image\/"}},{"@type":"Person","@id":"https:\/\/vieassociative.be\/actualites\/#\/schema\/person\/b87ac4f82f9d4e7b7cec7395b679edc4","name":"Julien","image":{"@type":"ImageObject","inLanguage":"fr-BE","@id":"https:\/\/vieassociative.be\/actualites\/#\/schema\/person\/image\/","url":"https:\/\/vieassociative.be\/actualites\/wp-content\/uploads\/2024\/09\/vie-associative-1-150x150.jpg","contentUrl":"https:\/\/vieassociative.be\/actualites\/wp-content\/uploads\/2024\/09\/vie-associative-1-150x150.jpg","caption":"Julien"},"description":"Je suis Julien, r\u00e9dacteur pour Vie Associative. Passionn\u00e9 par le monde associatif depuis plus de 10 ans, j'ai \u00e0 c\u0153ur de partager des histoires inspirantes et de mettre en lumi\u00e8re les initiatives locales. Mon objectif est de sensibiliser et d'encourager l'engagement communautaire \u00e0 travers mes articles.","sameAs":["https:\/\/vieassociative.be\/"]}]}},"_links":{"self":[{"href":"https:\/\/vieassociative.be\/actualites\/wp-json\/wp\/v2\/posts\/9270"}],"collection":[{"href":"https:\/\/vieassociative.be\/actualites\/wp-json\/wp\/v2\/posts"}],"about":[{"href":"https:\/\/vieassociative.be\/actualites\/wp-json\/wp\/v2\/types\/post"}],"author":[{"embeddable":true,"href":"https:\/\/vieassociative.be\/actualites\/wp-json\/wp\/v2\/users\/1"}],"replies":[{"embeddable":true,"href":"https:\/\/vieassociative.be\/actualites\/wp-json\/wp\/v2\/comments?post=9270"}],"version-history":[{"count":0,"href":"https:\/\/vieassociative.be\/actualites\/wp-json\/wp\/v2\/posts\/9270\/revisions"}],"wp:featuredmedia":[{"embeddable":true,"href":"https:\/\/vieassociative.be\/actualites\/wp-json\/wp\/v2\/media\/9271"}],"wp:attachment":[{"href":"https:\/\/vieassociative.be\/actualites\/wp-json\/wp\/v2\/media?parent=9270"}],"wp:term":[{"taxonomy":"category","embeddable":true,"href":"https:\/\/vieassociative.be\/actualites\/wp-json\/wp\/v2\/categories?post=9270"},{"taxonomy":"post_tag","embeddable":true,"href":"https:\/\/vieassociative.be\/actualites\/wp-json\/wp\/v2\/tags?post=9270"}],"curies":[{"name":"wp","href":"https:\/\/api.w.org\/{rel}","templated":true}]}}