{"id":9266,"date":"2025-08-07T22:17:32","date_gmt":"2025-08-07T20:17:32","guid":{"rendered":"https:\/\/vieassociative.be\/actualites\/lallemand-garde-krokodil-dans-sa-piscine-de-jardin-video\/"},"modified":"2025-08-07T22:17:32","modified_gmt":"2025-08-07T20:17:32","slug":"lallemand-garde-krokodil-dans-sa-piscine-de-jardin-video","status":"publish","type":"post","link":"https:\/\/vieassociative.be\/actualites\/lallemand-garde-krokodil-dans-sa-piscine-de-jardin-video\/","title":{"rendered":"L&rsquo;allemand garde Krokodil dans sa piscine de jardin (vid\u00e9o)"},"content":{"rendered":"<p><strong>2,50 m\u00e8tres de long, 100 kilos lourds et ludiques: Mme Meyer est un alligator du Mississippi. L&rsquo;animal de compagnie de la famille Kaulis dans le nord-ouest de Mecklenburg captive \u00e9galement les touristes.<\/strong><\/p>\n<p><span id=\"more-421966\"><\/span>Un alligator nage avec la famille Kaulis \u00e0 Elmenhorst dans le district nord-ouest de Mecklenburg dans la piscine du jardin. L&rsquo;animal de 2,50 m\u00e8tres de long et environ 100 kilogrammes s&rsquo;appelle Mme Meyer, a 45 ans et vit dans la famille depuis 43 ans, explique l&rsquo;ancienne artiste de cirque Klaus Kaulis. \u00ab\u00a0C&rsquo;est notre animal de compagnie.\u00a0\u00bb<\/p>\n<div id=\"attachment_421973\" class=\"wp-caption alignleft\" style=\"max-width: 300px\"><img fetchpriority=\"high\" decoding=\"async\" class=\"wp-image-421973 size-medium\" src=\"https:\/\/vieassociative.be\/actualites\/wp-content\/uploads\/2025\/08\/Lallemand-garde-Krokodil-dans-sa-piscine-de-jardin-video.jpg\" alt=\"\" width=\"300\" height=\"200\"><\/div>\n<p>Pendant longtemps, Kaulis a jou\u00e9 avec un spectacle de reptiles dans le cirque. En tant que retrait\u00e9, l&rsquo;homme de 77 ans avec sa famille s&rsquo;est retir\u00e9 \u00e0 Elmenhorst. Mme Meyer est venue avec. Il a remis les serpents, explique Kaulis. \u00ab\u00a0Vous n&rsquo;avez pas un lien aussi \u00e9troit avec eux.\u00a0\u00bb Un crocodile est autre chose. \u00ab\u00a0Mme Meyer est comme un membre de la famille pour nous.\u00a0\u00bb<\/p>\n<p><strong>&#8211; L&rsquo;alligator dort dans le r\u00e9cipient de refroidissement chauff\u00e9:<\/strong> Mme Meyer voyageait sur un r\u00e9cipient de selle dans le r\u00e9cipient de refroidissement chauff\u00e9 lorsque Kaulis voyageait encore dans le cirque. Maintenant, le conteneur est dans le jardin d&rsquo;Elmenhorst.<\/p>\n<p>\u00c0 l&rsquo;int\u00e9rieur, Mme Meyer a une mare d&rsquo;eau o\u00f9 elle dort la nuit et o\u00f9 elle est nourrie exclusivement, comme Kaulis rapporte. C&rsquo;est important. Elle savait donc qu&rsquo;il n&rsquo;y a rien \u00e0 l&rsquo;ext\u00e9rieur et ne vient pas avec l&rsquo;id\u00e9e de claquer pour quelque chose parce qu&rsquo;elle pourrait consid\u00e9rer \u00e7a de la nourriture. Dans le jardin, Kaulis a construit une piscine suppl\u00e9mentaire pour l&rsquo;alligator du Mississippi car dans le conteneur ne correspond pas au r\u00e8glement &#8211; c&rsquo;\u00e9tait trop \u00e9troit.<\/p>\n<div id=\"attachment_421976\" class=\"wp-caption alignleft\" style=\"max-width: 300px\"><img decoding=\"async\" class=\"wp-image-421976 size-medium\" src=\"https:\/\/vieassociative.be\/actualites\/wp-content\/uploads\/2025\/08\/1754597852_554_Lallemand-garde-Krokodil-dans-sa-piscine-de-jardin-video.jpg\" alt=\"\" width=\"300\" height=\"219\"><\/div>\n<p><strong>&#8211; Respect pour Mme Meyer:<\/strong> La famille Kaulis n&rsquo;a pas peur de son animal de compagnie exotique, mais le respect, souligne l&rsquo;ex-artiste. Il faut toujours \u00eatre attentif et faire attention aux signaux de l&rsquo;alligator. Lorsque son fils Krystian avait trois ans, le gar\u00e7on se rapprochait pour la premi\u00e8re fois de la connaissance de Mme Meyer. Aujourd&rsquo;hui encore, il aime jouer avec l&rsquo;animal dans la piscine du jardin. Le petit-fils a maintenant \u00e9galement trois ans et peut caresser l&rsquo;alligator sous supervision. Soit dit en passant, les visiteurs sont autoris\u00e9s \u00e0 le faire.<\/p>\n<p>Klaus Kaulis ne s&rsquo;inqui\u00e8te pas que Mme Meyer puisse b\u00fcxen. \u00ab\u00a0Elle est trop paresseuse pour \u00e7a.\u00a0\u00bb L&rsquo;animal doit litt\u00e9ralement \u00eatre encourag\u00e9 \u00e0 d\u00e9placer quoi que ce soit. N\u00e9anmoins, le site est s\u00e9curis\u00e9 et sur la cam\u00e9ra. Les bureaux responsables auraient v\u00e9rifi\u00e9 l&rsquo;attitude et n&rsquo;auraient pas dit aucune plainte. Il n&rsquo;avait pas non plus entendu parler des voisins. Kaulis pr\u00e9vient toujours de tenir des animaux sauvages exotiques que des alligators. Les exigences sont tr\u00e8s \u00e9lev\u00e9es. (DPA)<\/p>\n<p><em><strong>L&rsquo;Alligator attire d\u00e9sormais non seulement les touristes, mais aussi les m\u00e9dias domestiques et \u00e9puis\u00e9s comme les cha\u00eenes de t\u00e9l\u00e9vision francophone belge RTL-TVI. Voir sa contribution au lien suivant:<\/strong><\/em><\/p>\n<p><u>http:\/\/www.rl.be\/page-videos\/monde\/rencontrez-lalland-qui-caline-nage-nage-son-alligator-americain-de-245\/2025-06\/video\/759071<\/u><\/p>\n","protected":false},"excerpt":{"rendered":"<p>2,50 m\u00e8tres de long, 100 kilos lourds et ludiques: Mme Meyer est un alligator du Mississippi. L&rsquo;animal de compagnie de la famille Kaulis dans le<\/p>\n","protected":false},"author":1,"featured_media":9267,"comment_status":"","ping_status":"","sticky":false,"template":"","format":"standard","meta":{"footnotes":""},"categories":[298],"tags":[166,903,321,8088,8087,5743,1204],"class_list":["post-9266","post","type-post","status-publish","format-standard","has-post-thumbnail","hentry","category-belgique","tag-dans","tag-garde","tag-jardin","tag-krokodil","tag-lallemand","tag-piscine","tag-video","generate-columns","tablet-grid-50","mobile-grid-100","grid-parent","grid-33"],"yoast_head":"<!-- This site is optimized with the Yoast SEO plugin v24.0 - https:\/\/yoast.com\/wordpress\/plugins\/seo\/ -->\n<title>L&#039;allemand garde Krokodil dans sa piscine de jardin (vid\u00e9o) | Vie Associative<\/title>\n<meta name=\"robots\" content=\"index, follow, max-snippet:-1, max-image-preview:large, max-video-preview:-1\" \/>\n<link rel=\"canonical\" href=\"https:\/\/vieassociative.be\/actualites\/lallemand-garde-krokodil-dans-sa-piscine-de-jardin-video\/\" \/>\n<meta property=\"og:locale\" content=\"fr_FR\" \/>\n<meta property=\"og:type\" content=\"article\" \/>\n<meta property=\"og:title\" content=\"L&#039;allemand garde Krokodil dans sa piscine de jardin (vid\u00e9o) | Vie Associative\" \/>\n<meta property=\"og:description\" content=\"2,50 m\u00e8tres de long, 100 kilos lourds et ludiques: Mme Meyer est un alligator du Mississippi. L&rsquo;animal de compagnie de la famille Kaulis dans le\" \/>\n<meta property=\"og:url\" content=\"https:\/\/vieassociative.be\/actualites\/lallemand-garde-krokodil-dans-sa-piscine-de-jardin-video\/\" \/>\n<meta property=\"og:site_name\" content=\"Vie Associative\" \/>\n<meta property=\"article:published_time\" content=\"2025-08-07T20:17:32+00:00\" \/>\n<meta property=\"og:image\" content=\"https:\/\/vieassociative.be\/actualites\/wp-content\/uploads\/2024\/09\/header_backgroundk-01-e1726694325946.png\" \/>\n\t<meta property=\"og:image:width\" content=\"279\" \/>\n\t<meta property=\"og:image:height\" content=\"92\" \/>\n\t<meta property=\"og:image:type\" content=\"image\/png\" \/>\n<meta name=\"author\" content=\"Julien\" \/>\n<meta name=\"twitter:card\" content=\"summary_large_image\" \/>\n<meta name=\"twitter:label1\" content=\"\u00c9crit par\" \/>\n\t<meta name=\"twitter:data1\" content=\"Julien\" \/>\n\t<meta name=\"twitter:label2\" content=\"Dur\u00e9e de lecture est.\" \/>\n\t<meta name=\"twitter:data2\" content=\"2 minutes\" \/>\n<script type=\"application\/ld+json\" class=\"yoast-schema-graph\">{\"@context\":\"https:\/\/schema.org\",\"@graph\":[{\"@type\":\"Article\",\"@id\":\"https:\/\/vieassociative.be\/actualites\/lallemand-garde-krokodil-dans-sa-piscine-de-jardin-video\/#article\",\"isPartOf\":{\"@id\":\"https:\/\/vieassociative.be\/actualites\/lallemand-garde-krokodil-dans-sa-piscine-de-jardin-video\/\"},\"author\":{\"name\":\"Julien\",\"@id\":\"https:\/\/vieassociative.be\/actualites\/#\/schema\/person\/b87ac4f82f9d4e7b7cec7395b679edc4\"},\"headline\":\"L&rsquo;allemand garde Krokodil dans sa piscine de jardin (vid\u00e9o)\",\"datePublished\":\"2025-08-07T20:17:32+00:00\",\"dateModified\":\"2025-08-07T20:17:32+00:00\",\"mainEntityOfPage\":{\"@id\":\"https:\/\/vieassociative.be\/actualites\/lallemand-garde-krokodil-dans-sa-piscine-de-jardin-video\/\"},\"wordCount\":533,\"publisher\":{\"@id\":\"https:\/\/vieassociative.be\/actualites\/#organization\"},\"image\":{\"@id\":\"https:\/\/vieassociative.be\/actualites\/lallemand-garde-krokodil-dans-sa-piscine-de-jardin-video\/#primaryimage\"},\"thumbnailUrl\":\"https:\/\/vieassociative.be\/actualites\/wp-content\/uploads\/2025\/08\/1754597852_Lallemand-garde-Krokodil-dans-sa-piscine-de-jardin-video.jpg\",\"keywords\":[\"dans\",\"garde\",\"jardin\",\"Krokodil\",\"Lallemand\",\"piscine\",\"vid\u00e9o\"],\"articleSection\":[\"Belgique\"],\"inLanguage\":\"fr-BE\"},{\"@type\":\"WebPage\",\"@id\":\"https:\/\/vieassociative.be\/actualites\/lallemand-garde-krokodil-dans-sa-piscine-de-jardin-video\/\",\"url\":\"https:\/\/vieassociative.be\/actualites\/lallemand-garde-krokodil-dans-sa-piscine-de-jardin-video\/\",\"name\":\"L'allemand garde Krokodil dans sa piscine de jardin (vid\u00e9o) | Vie Associative\",\"isPartOf\":{\"@id\":\"https:\/\/vieassociative.be\/actualites\/#website\"},\"primaryImageOfPage\":{\"@id\":\"https:\/\/vieassociative.be\/actualites\/lallemand-garde-krokodil-dans-sa-piscine-de-jardin-video\/#primaryimage\"},\"image\":{\"@id\":\"https:\/\/vieassociative.be\/actualites\/lallemand-garde-krokodil-dans-sa-piscine-de-jardin-video\/#primaryimage\"},\"thumbnailUrl\":\"https:\/\/vieassociative.be\/actualites\/wp-content\/uploads\/2025\/08\/1754597852_Lallemand-garde-Krokodil-dans-sa-piscine-de-jardin-video.jpg\",\"datePublished\":\"2025-08-07T20:17:32+00:00\",\"dateModified\":\"2025-08-07T20:17:32+00:00\",\"breadcrumb\":{\"@id\":\"https:\/\/vieassociative.be\/actualites\/lallemand-garde-krokodil-dans-sa-piscine-de-jardin-video\/#breadcrumb\"},\"inLanguage\":\"fr-BE\",\"potentialAction\":[{\"@type\":\"ReadAction\",\"target\":[\"https:\/\/vieassociative.be\/actualites\/lallemand-garde-krokodil-dans-sa-piscine-de-jardin-video\/\"]}]},{\"@type\":\"ImageObject\",\"inLanguage\":\"fr-BE\",\"@id\":\"https:\/\/vieassociative.be\/actualites\/lallemand-garde-krokodil-dans-sa-piscine-de-jardin-video\/#primaryimage\",\"url\":\"https:\/\/vieassociative.be\/actualites\/wp-content\/uploads\/2025\/08\/1754597852_Lallemand-garde-Krokodil-dans-sa-piscine-de-jardin-video.jpg\",\"contentUrl\":\"https:\/\/vieassociative.be\/actualites\/wp-content\/uploads\/2025\/08\/1754597852_Lallemand-garde-Krokodil-dans-sa-piscine-de-jardin-video.jpg\",\"width\":1200,\"height\":800,\"caption\":\"L'allemand garde Krokodil dans sa piscine de jardin (vid\u00e9o)\"},{\"@type\":\"BreadcrumbList\",\"@id\":\"https:\/\/vieassociative.be\/actualites\/lallemand-garde-krokodil-dans-sa-piscine-de-jardin-video\/#breadcrumb\",\"itemListElement\":[{\"@type\":\"ListItem\",\"position\":1,\"name\":\"Accueil\",\"item\":\"https:\/\/vieassociative.be\/actualites\/\"},{\"@type\":\"ListItem\",\"position\":2,\"name\":\"L&rsquo;allemand garde Krokodil dans sa piscine de jardin (vid\u00e9o)\"}]},{\"@type\":\"WebSite\",\"@id\":\"https:\/\/vieassociative.be\/actualites\/#website\",\"url\":\"https:\/\/vieassociative.be\/actualites\/\",\"name\":\"Vie Associative\",\"description\":\"\",\"publisher\":{\"@id\":\"https:\/\/vieassociative.be\/actualites\/#organization\"},\"potentialAction\":[{\"@type\":\"SearchAction\",\"target\":{\"@type\":\"EntryPoint\",\"urlTemplate\":\"https:\/\/vieassociative.be\/actualites\/?s={search_term_string}\"},\"query-input\":{\"@type\":\"PropertyValueSpecification\",\"valueRequired\":true,\"valueName\":\"search_term_string\"}}],\"inLanguage\":\"fr-BE\"},{\"@type\":\"Organization\",\"@id\":\"https:\/\/vieassociative.be\/actualites\/#organization\",\"name\":\"Vie Associative\",\"url\":\"https:\/\/vieassociative.be\/actualites\/\",\"logo\":{\"@type\":\"ImageObject\",\"inLanguage\":\"fr-BE\",\"@id\":\"https:\/\/vieassociative.be\/actualites\/#\/schema\/logo\/image\/\",\"url\":\"https:\/\/vieassociative.be\/actualites\/wp-content\/uploads\/2024\/09\/cropped-vieassociative_favicon.ico.png\",\"contentUrl\":\"https:\/\/vieassociative.be\/actualites\/wp-content\/uploads\/2024\/09\/cropped-vieassociative_favicon.ico.png\",\"width\":512,\"height\":512,\"caption\":\"Vie Associative\"},\"image\":{\"@id\":\"https:\/\/vieassociative.be\/actualites\/#\/schema\/logo\/image\/\"}},{\"@type\":\"Person\",\"@id\":\"https:\/\/vieassociative.be\/actualites\/#\/schema\/person\/b87ac4f82f9d4e7b7cec7395b679edc4\",\"name\":\"Julien\",\"image\":{\"@type\":\"ImageObject\",\"inLanguage\":\"fr-BE\",\"@id\":\"https:\/\/vieassociative.be\/actualites\/#\/schema\/person\/image\/\",\"url\":\"https:\/\/vieassociative.be\/actualites\/wp-content\/uploads\/2024\/09\/vie-associative-1-150x150.jpg\",\"contentUrl\":\"https:\/\/vieassociative.be\/actualites\/wp-content\/uploads\/2024\/09\/vie-associative-1-150x150.jpg\",\"caption\":\"Julien\"},\"description\":\"Je suis Julien, r\u00e9dacteur pour Vie Associative. Passionn\u00e9 par le monde associatif depuis plus de 10 ans, j'ai \u00e0 c\u0153ur de partager des histoires inspirantes et de mettre en lumi\u00e8re les initiatives locales. Mon objectif est de sensibiliser et d'encourager l'engagement communautaire \u00e0 travers mes articles.\",\"sameAs\":[\"https:\/\/vieassociative.be\/\"]}]}<\/script>\n<!-- \/ Yoast SEO plugin. -->","yoast_head_json":{"title":"L'allemand garde Krokodil dans sa piscine de jardin (vid\u00e9o) | Vie Associative","robots":{"index":"index","follow":"follow","max-snippet":"max-snippet:-1","max-image-preview":"max-image-preview:large","max-video-preview":"max-video-preview:-1"},"canonical":"https:\/\/vieassociative.be\/actualites\/lallemand-garde-krokodil-dans-sa-piscine-de-jardin-video\/","og_locale":"fr_FR","og_type":"article","og_title":"L'allemand garde Krokodil dans sa piscine de jardin (vid\u00e9o) | Vie Associative","og_description":"2,50 m\u00e8tres de long, 100 kilos lourds et ludiques: Mme Meyer est un alligator du Mississippi. L&rsquo;animal de compagnie de la famille Kaulis dans le","og_url":"https:\/\/vieassociative.be\/actualites\/lallemand-garde-krokodil-dans-sa-piscine-de-jardin-video\/","og_site_name":"Vie Associative","article_published_time":"2025-08-07T20:17:32+00:00","og_image":[{"width":279,"height":92,"url":"https:\/\/vieassociative.be\/actualites\/wp-content\/uploads\/2024\/09\/header_backgroundk-01-e1726694325946.png","type":"image\/png"}],"author":"Julien","twitter_card":"summary_large_image","twitter_misc":{"\u00c9crit par":"Julien","Dur\u00e9e de lecture est.":"2 minutes"},"schema":{"@context":"https:\/\/schema.org","@graph":[{"@type":"Article","@id":"https:\/\/vieassociative.be\/actualites\/lallemand-garde-krokodil-dans-sa-piscine-de-jardin-video\/#article","isPartOf":{"@id":"https:\/\/vieassociative.be\/actualites\/lallemand-garde-krokodil-dans-sa-piscine-de-jardin-video\/"},"author":{"name":"Julien","@id":"https:\/\/vieassociative.be\/actualites\/#\/schema\/person\/b87ac4f82f9d4e7b7cec7395b679edc4"},"headline":"L&rsquo;allemand garde Krokodil dans sa piscine de jardin (vid\u00e9o)","datePublished":"2025-08-07T20:17:32+00:00","dateModified":"2025-08-07T20:17:32+00:00","mainEntityOfPage":{"@id":"https:\/\/vieassociative.be\/actualites\/lallemand-garde-krokodil-dans-sa-piscine-de-jardin-video\/"},"wordCount":533,"publisher":{"@id":"https:\/\/vieassociative.be\/actualites\/#organization"},"image":{"@id":"https:\/\/vieassociative.be\/actualites\/lallemand-garde-krokodil-dans-sa-piscine-de-jardin-video\/#primaryimage"},"thumbnailUrl":"https:\/\/vieassociative.be\/actualites\/wp-content\/uploads\/2025\/08\/1754597852_Lallemand-garde-Krokodil-dans-sa-piscine-de-jardin-video.jpg","keywords":["dans","garde","jardin","Krokodil","Lallemand","piscine","vid\u00e9o"],"articleSection":["Belgique"],"inLanguage":"fr-BE"},{"@type":"WebPage","@id":"https:\/\/vieassociative.be\/actualites\/lallemand-garde-krokodil-dans-sa-piscine-de-jardin-video\/","url":"https:\/\/vieassociative.be\/actualites\/lallemand-garde-krokodil-dans-sa-piscine-de-jardin-video\/","name":"L'allemand garde Krokodil dans sa piscine de jardin (vid\u00e9o) | Vie Associative","isPartOf":{"@id":"https:\/\/vieassociative.be\/actualites\/#website"},"primaryImageOfPage":{"@id":"https:\/\/vieassociative.be\/actualites\/lallemand-garde-krokodil-dans-sa-piscine-de-jardin-video\/#primaryimage"},"image":{"@id":"https:\/\/vieassociative.be\/actualites\/lallemand-garde-krokodil-dans-sa-piscine-de-jardin-video\/#primaryimage"},"thumbnailUrl":"https:\/\/vieassociative.be\/actualites\/wp-content\/uploads\/2025\/08\/1754597852_Lallemand-garde-Krokodil-dans-sa-piscine-de-jardin-video.jpg","datePublished":"2025-08-07T20:17:32+00:00","dateModified":"2025-08-07T20:17:32+00:00","breadcrumb":{"@id":"https:\/\/vieassociative.be\/actualites\/lallemand-garde-krokodil-dans-sa-piscine-de-jardin-video\/#breadcrumb"},"inLanguage":"fr-BE","potentialAction":[{"@type":"ReadAction","target":["https:\/\/vieassociative.be\/actualites\/lallemand-garde-krokodil-dans-sa-piscine-de-jardin-video\/"]}]},{"@type":"ImageObject","inLanguage":"fr-BE","@id":"https:\/\/vieassociative.be\/actualites\/lallemand-garde-krokodil-dans-sa-piscine-de-jardin-video\/#primaryimage","url":"https:\/\/vieassociative.be\/actualites\/wp-content\/uploads\/2025\/08\/1754597852_Lallemand-garde-Krokodil-dans-sa-piscine-de-jardin-video.jpg","contentUrl":"https:\/\/vieassociative.be\/actualites\/wp-content\/uploads\/2025\/08\/1754597852_Lallemand-garde-Krokodil-dans-sa-piscine-de-jardin-video.jpg","width":1200,"height":800,"caption":"L'allemand garde Krokodil dans sa piscine de jardin (vid\u00e9o)"},{"@type":"BreadcrumbList","@id":"https:\/\/vieassociative.be\/actualites\/lallemand-garde-krokodil-dans-sa-piscine-de-jardin-video\/#breadcrumb","itemListElement":[{"@type":"ListItem","position":1,"name":"Accueil","item":"https:\/\/vieassociative.be\/actualites\/"},{"@type":"ListItem","position":2,"name":"L&rsquo;allemand garde Krokodil dans sa piscine de jardin (vid\u00e9o)"}]},{"@type":"WebSite","@id":"https:\/\/vieassociative.be\/actualites\/#website","url":"https:\/\/vieassociative.be\/actualites\/","name":"Vie Associative","description":"","publisher":{"@id":"https:\/\/vieassociative.be\/actualites\/#organization"},"potentialAction":[{"@type":"SearchAction","target":{"@type":"EntryPoint","urlTemplate":"https:\/\/vieassociative.be\/actualites\/?s={search_term_string}"},"query-input":{"@type":"PropertyValueSpecification","valueRequired":true,"valueName":"search_term_string"}}],"inLanguage":"fr-BE"},{"@type":"Organization","@id":"https:\/\/vieassociative.be\/actualites\/#organization","name":"Vie Associative","url":"https:\/\/vieassociative.be\/actualites\/","logo":{"@type":"ImageObject","inLanguage":"fr-BE","@id":"https:\/\/vieassociative.be\/actualites\/#\/schema\/logo\/image\/","url":"https:\/\/vieassociative.be\/actualites\/wp-content\/uploads\/2024\/09\/cropped-vieassociative_favicon.ico.png","contentUrl":"https:\/\/vieassociative.be\/actualites\/wp-content\/uploads\/2024\/09\/cropped-vieassociative_favicon.ico.png","width":512,"height":512,"caption":"Vie Associative"},"image":{"@id":"https:\/\/vieassociative.be\/actualites\/#\/schema\/logo\/image\/"}},{"@type":"Person","@id":"https:\/\/vieassociative.be\/actualites\/#\/schema\/person\/b87ac4f82f9d4e7b7cec7395b679edc4","name":"Julien","image":{"@type":"ImageObject","inLanguage":"fr-BE","@id":"https:\/\/vieassociative.be\/actualites\/#\/schema\/person\/image\/","url":"https:\/\/vieassociative.be\/actualites\/wp-content\/uploads\/2024\/09\/vie-associative-1-150x150.jpg","contentUrl":"https:\/\/vieassociative.be\/actualites\/wp-content\/uploads\/2024\/09\/vie-associative-1-150x150.jpg","caption":"Julien"},"description":"Je suis Julien, r\u00e9dacteur pour Vie Associative. Passionn\u00e9 par le monde associatif depuis plus de 10 ans, j'ai \u00e0 c\u0153ur de partager des histoires inspirantes et de mettre en lumi\u00e8re les initiatives locales. Mon objectif est de sensibiliser et d'encourager l'engagement communautaire \u00e0 travers mes articles.","sameAs":["https:\/\/vieassociative.be\/"]}]}},"_links":{"self":[{"href":"https:\/\/vieassociative.be\/actualites\/wp-json\/wp\/v2\/posts\/9266"}],"collection":[{"href":"https:\/\/vieassociative.be\/actualites\/wp-json\/wp\/v2\/posts"}],"about":[{"href":"https:\/\/vieassociative.be\/actualites\/wp-json\/wp\/v2\/types\/post"}],"author":[{"embeddable":true,"href":"https:\/\/vieassociative.be\/actualites\/wp-json\/wp\/v2\/users\/1"}],"replies":[{"embeddable":true,"href":"https:\/\/vieassociative.be\/actualites\/wp-json\/wp\/v2\/comments?post=9266"}],"version-history":[{"count":0,"href":"https:\/\/vieassociative.be\/actualites\/wp-json\/wp\/v2\/posts\/9266\/revisions"}],"wp:featuredmedia":[{"embeddable":true,"href":"https:\/\/vieassociative.be\/actualites\/wp-json\/wp\/v2\/media\/9267"}],"wp:attachment":[{"href":"https:\/\/vieassociative.be\/actualites\/wp-json\/wp\/v2\/media?parent=9266"}],"wp:term":[{"taxonomy":"category","embeddable":true,"href":"https:\/\/vieassociative.be\/actualites\/wp-json\/wp\/v2\/categories?post=9266"},{"taxonomy":"post_tag","embeddable":true,"href":"https:\/\/vieassociative.be\/actualites\/wp-json\/wp\/v2\/tags?post=9266"}],"curies":[{"name":"wp","href":"https:\/\/api.w.org\/{rel}","templated":true}]}}