{"id":9261,"date":"2025-08-07T16:17:54","date_gmt":"2025-08-07T14:17:54","guid":{"rendered":"https:\/\/vieassociative.be\/actualites\/les-poetes-orientaux-de-belge-freddy-des-elections-et-bruno-kartheuser-dans-akzente\/"},"modified":"2025-08-07T16:17:54","modified_gmt":"2025-08-07T14:17:54","slug":"les-poetes-orientaux-de-belge-freddy-des-elections-et-bruno-kartheuser-dans-akzente","status":"publish","type":"post","link":"https:\/\/vieassociative.be\/actualites\/les-poetes-orientaux-de-belge-freddy-des-elections-et-bruno-kartheuser-dans-akzente\/","title":{"rendered":"Les po\u00e8tes orientaux de Belge Freddy des \u00e9lections et Bruno Kartheuser dans \u00ab\u00a0Akzente\u00a0\u00bb"},"content":{"rendered":"<p><strong>\u00ab\u00a0Accente\u00a0\u00bb, l&rsquo;un des magazines de la litt\u00e9rature d&rsquo;apr\u00e8s-guerre les plus connus dans la zone culturelle germanophone, a \u00e9t\u00e9 pr\u00e9sent\u00e9 mardi par la r\u00e9dactrice Marietta Thien dans le D\u00fcsseldorf Heinrich-Heine-Haus dans une nouvelle \u00e9dition de Dittrich Verlag.<\/strong><\/p>\n<p><span id=\"more-421942\"><\/span>Le sujet du livret est \u00ab\u00a0l&rsquo;\u00e2ge\u00a0\u00bb, qui est \u00ab\u00a0des traces de temps sur ce qui \u00e9tait, est et devient\u00a0\u00bb. <\/p>\n<\/p>\n<div id=\"attachment_421950\" class=\"wp-caption alignleft\" style=\"max-width: 200px\"><img fetchpriority=\"high\" decoding=\"async\" class=\"wp-image-421950 size-medium\" src=\"https:\/\/vieassociative.be\/actualites\/wp-content\/uploads\/2025\/08\/Les-poetes-orientaux-de-Belge-Freddy-des-elections-et-Bruno.jpg\" alt=\"\" width=\"200\" height=\"300\"  ><\/div>\n<p>Les \u00abaccents ont \u00e9t\u00e9 fond\u00e9s en 1953 par Walter H\u00f6llerer, professeur litt\u00e9raire \u00e0 l&rsquo;Universit\u00e9 libre de Berlin, et par le po\u00e8te Hans Bender;<\/p>\n<p>Deux auteurs belges orientaux sont \u00e9galement repr\u00e9sent\u00e9s dans le livret trimestriel de 95 pages: l&rsquo;\u00e9crivain Eupen Freddy des \u00e9lections avec l&rsquo;histoire autobiographique \u00ab\u00a0Mariawald, Mon Amour\u00a0\u00bb et l&rsquo;\u00e9diteur \u00ab\u00a0Krautgarten\u00a0\u00bb Bruno Kartheuser avec des po\u00e8mes. Tous deux sont porteurs du prix de la litt\u00e9rature de l&rsquo;Est Belge et sont plus r\u00e9cemment venus au public avec les livres \u00ab\u00a0On The Marketplace\u00a0\u00bb et \u00ab\u00a0Baltes de Schlommefurt\u00a0\u00bb avec des \u0153uvres r\u00e9gionales de The Eupener Land et d&rsquo;Eifel.<\/p>\n<p>Le magazine est propos\u00e9 \u00e0 un prix de 12 euros de Dittrich Verlag dans D-53991 Weilerwist-Metternich ou \u00e0 info@velbrueck.de.<\/p>\n<p>\u2014\u2014\u2014\u2014\u2014\u2014\u2014\u2014\u2014&#8211;<br \/>\n\u00c9mission individuelle 12 euros<br \/>\nAccent &#8211; Magazine pour la litt\u00e9rature<br \/>\n\u00c2GE<br \/>\nR\u00e9dacteur en chef: Marietta Thien<br \/>\nIdite verlag<br \/>\nMeckenheimer Strass 47<br \/>\nD-53919 Weilerwist-Mettternich<br \/>\ninfo @ velbrueck.de<\/p>\n","protected":false},"excerpt":{"rendered":"<p>\u00ab\u00a0Accente\u00a0\u00bb, l&rsquo;un des magazines de la litt\u00e9rature d&rsquo;apr\u00e8s-guerre les plus connus dans la zone culturelle germanophone, a \u00e9t\u00e9 pr\u00e9sent\u00e9 mardi par la r\u00e9dactrice Marietta Thien<\/p>\n","protected":false},"author":1,"featured_media":9262,"comment_status":"","ping_status":"","sticky":false,"template":"","format":"standard","meta":{"footnotes":""},"categories":[298],"tags":[8084,410,7473,166,29,2569,4912,8083,14,8082,8081],"class_list":["post-9261","post","type-post","status-publish","format-standard","has-post-thumbnail","hentry","category-belgique","tag-akzente","tag-belge","tag-bruno","tag-dans","tag-des","tag-elections","tag-freddy","tag-kartheuser","tag-les","tag-orientaux","tag-poetes","generate-columns","tablet-grid-50","mobile-grid-100","grid-parent","grid-33"],"yoast_head":"<!-- This site is optimized with the Yoast SEO plugin v24.0 - https:\/\/yoast.com\/wordpress\/plugins\/seo\/ -->\n<title>Les po\u00e8tes orientaux de Belge Freddy des \u00e9lections et Bruno Kartheuser dans &quot;Akzente&quot; | Vie Associative<\/title>\n<meta name=\"robots\" content=\"index, follow, max-snippet:-1, max-image-preview:large, max-video-preview:-1\" \/>\n<link rel=\"canonical\" href=\"https:\/\/vieassociative.be\/actualites\/les-poetes-orientaux-de-belge-freddy-des-elections-et-bruno-kartheuser-dans-akzente\/\" \/>\n<meta property=\"og:locale\" content=\"fr_FR\" \/>\n<meta property=\"og:type\" content=\"article\" \/>\n<meta property=\"og:title\" content=\"Les po\u00e8tes orientaux de Belge Freddy des \u00e9lections et Bruno Kartheuser dans &quot;Akzente&quot; | Vie Associative\" \/>\n<meta property=\"og:description\" content=\"\u00ab\u00a0Accente\u00a0\u00bb, l&rsquo;un des magazines de la litt\u00e9rature d&rsquo;apr\u00e8s-guerre les plus connus dans la zone culturelle germanophone, a \u00e9t\u00e9 pr\u00e9sent\u00e9 mardi par la r\u00e9dactrice Marietta Thien\" \/>\n<meta property=\"og:url\" content=\"https:\/\/vieassociative.be\/actualites\/les-poetes-orientaux-de-belge-freddy-des-elections-et-bruno-kartheuser-dans-akzente\/\" \/>\n<meta property=\"og:site_name\" content=\"Vie Associative\" \/>\n<meta property=\"article:published_time\" content=\"2025-08-07T14:17:54+00:00\" \/>\n<meta property=\"og:image\" content=\"https:\/\/vieassociative.be\/actualites\/wp-content\/uploads\/2024\/09\/header_backgroundk-01-e1726694325946.png\" \/>\n\t<meta property=\"og:image:width\" content=\"279\" \/>\n\t<meta property=\"og:image:height\" content=\"92\" \/>\n\t<meta property=\"og:image:type\" content=\"image\/png\" \/>\n<meta name=\"author\" content=\"Julien\" \/>\n<meta name=\"twitter:card\" content=\"summary_large_image\" \/>\n<meta name=\"twitter:label1\" content=\"\u00c9crit par\" \/>\n\t<meta name=\"twitter:data1\" content=\"Julien\" \/>\n\t<meta name=\"twitter:label2\" content=\"Dur\u00e9e de lecture est.\" \/>\n\t<meta name=\"twitter:data2\" content=\"1 minute\" \/>\n<script type=\"application\/ld+json\" class=\"yoast-schema-graph\">{\"@context\":\"https:\/\/schema.org\",\"@graph\":[{\"@type\":\"Article\",\"@id\":\"https:\/\/vieassociative.be\/actualites\/les-poetes-orientaux-de-belge-freddy-des-elections-et-bruno-kartheuser-dans-akzente\/#article\",\"isPartOf\":{\"@id\":\"https:\/\/vieassociative.be\/actualites\/les-poetes-orientaux-de-belge-freddy-des-elections-et-bruno-kartheuser-dans-akzente\/\"},\"author\":{\"name\":\"Julien\",\"@id\":\"https:\/\/vieassociative.be\/actualites\/#\/schema\/person\/b87ac4f82f9d4e7b7cec7395b679edc4\"},\"headline\":\"Les po\u00e8tes orientaux de Belge Freddy des \u00e9lections et Bruno Kartheuser dans \u00ab\u00a0Akzente\u00a0\u00bb\",\"datePublished\":\"2025-08-07T14:17:54+00:00\",\"dateModified\":\"2025-08-07T14:17:54+00:00\",\"mainEntityOfPage\":{\"@id\":\"https:\/\/vieassociative.be\/actualites\/les-poetes-orientaux-de-belge-freddy-des-elections-et-bruno-kartheuser-dans-akzente\/\"},\"wordCount\":230,\"publisher\":{\"@id\":\"https:\/\/vieassociative.be\/actualites\/#organization\"},\"image\":{\"@id\":\"https:\/\/vieassociative.be\/actualites\/les-poetes-orientaux-de-belge-freddy-des-elections-et-bruno-kartheuser-dans-akzente\/#primaryimage\"},\"thumbnailUrl\":\"https:\/\/vieassociative.be\/actualites\/wp-content\/uploads\/2025\/08\/1754576275_Les-poetes-orientaux-de-Belge-Freddy-des-elections-et-Bruno.jpg\",\"keywords\":[\"Akzente\",\"belge\",\"Bruno\",\"dans\",\"Des\",\"\u00e9lections\",\"Freddy\",\"Kartheuser\",\"Les\",\"orientaux\",\"po\u00e8tes\"],\"articleSection\":[\"Belgique\"],\"inLanguage\":\"fr-BE\"},{\"@type\":\"WebPage\",\"@id\":\"https:\/\/vieassociative.be\/actualites\/les-poetes-orientaux-de-belge-freddy-des-elections-et-bruno-kartheuser-dans-akzente\/\",\"url\":\"https:\/\/vieassociative.be\/actualites\/les-poetes-orientaux-de-belge-freddy-des-elections-et-bruno-kartheuser-dans-akzente\/\",\"name\":\"Les po\u00e8tes orientaux de Belge Freddy des \u00e9lections et Bruno Kartheuser dans \\\"Akzente\\\" | Vie Associative\",\"isPartOf\":{\"@id\":\"https:\/\/vieassociative.be\/actualites\/#website\"},\"primaryImageOfPage\":{\"@id\":\"https:\/\/vieassociative.be\/actualites\/les-poetes-orientaux-de-belge-freddy-des-elections-et-bruno-kartheuser-dans-akzente\/#primaryimage\"},\"image\":{\"@id\":\"https:\/\/vieassociative.be\/actualites\/les-poetes-orientaux-de-belge-freddy-des-elections-et-bruno-kartheuser-dans-akzente\/#primaryimage\"},\"thumbnailUrl\":\"https:\/\/vieassociative.be\/actualites\/wp-content\/uploads\/2025\/08\/1754576275_Les-poetes-orientaux-de-Belge-Freddy-des-elections-et-Bruno.jpg\",\"datePublished\":\"2025-08-07T14:17:54+00:00\",\"dateModified\":\"2025-08-07T14:17:54+00:00\",\"breadcrumb\":{\"@id\":\"https:\/\/vieassociative.be\/actualites\/les-poetes-orientaux-de-belge-freddy-des-elections-et-bruno-kartheuser-dans-akzente\/#breadcrumb\"},\"inLanguage\":\"fr-BE\",\"potentialAction\":[{\"@type\":\"ReadAction\",\"target\":[\"https:\/\/vieassociative.be\/actualites\/les-poetes-orientaux-de-belge-freddy-des-elections-et-bruno-kartheuser-dans-akzente\/\"]}]},{\"@type\":\"ImageObject\",\"inLanguage\":\"fr-BE\",\"@id\":\"https:\/\/vieassociative.be\/actualites\/les-poetes-orientaux-de-belge-freddy-des-elections-et-bruno-kartheuser-dans-akzente\/#primaryimage\",\"url\":\"https:\/\/vieassociative.be\/actualites\/wp-content\/uploads\/2025\/08\/1754576275_Les-poetes-orientaux-de-Belge-Freddy-des-elections-et-Bruno.jpg\",\"contentUrl\":\"https:\/\/vieassociative.be\/actualites\/wp-content\/uploads\/2025\/08\/1754576275_Les-poetes-orientaux-de-Belge-Freddy-des-elections-et-Bruno.jpg\",\"width\":1942,\"height\":1294,\"caption\":\"Les po\u00e8tes orientaux de Belge Freddy des \u00e9lections et Bruno Kartheuser dans \\\"Akzente\\\"\"},{\"@type\":\"BreadcrumbList\",\"@id\":\"https:\/\/vieassociative.be\/actualites\/les-poetes-orientaux-de-belge-freddy-des-elections-et-bruno-kartheuser-dans-akzente\/#breadcrumb\",\"itemListElement\":[{\"@type\":\"ListItem\",\"position\":1,\"name\":\"Accueil\",\"item\":\"https:\/\/vieassociative.be\/actualites\/\"},{\"@type\":\"ListItem\",\"position\":2,\"name\":\"Les po\u00e8tes orientaux de Belge Freddy des \u00e9lections et Bruno Kartheuser dans \u00ab\u00a0Akzente\u00a0\u00bb\"}]},{\"@type\":\"WebSite\",\"@id\":\"https:\/\/vieassociative.be\/actualites\/#website\",\"url\":\"https:\/\/vieassociative.be\/actualites\/\",\"name\":\"Vie Associative\",\"description\":\"\",\"publisher\":{\"@id\":\"https:\/\/vieassociative.be\/actualites\/#organization\"},\"potentialAction\":[{\"@type\":\"SearchAction\",\"target\":{\"@type\":\"EntryPoint\",\"urlTemplate\":\"https:\/\/vieassociative.be\/actualites\/?s={search_term_string}\"},\"query-input\":{\"@type\":\"PropertyValueSpecification\",\"valueRequired\":true,\"valueName\":\"search_term_string\"}}],\"inLanguage\":\"fr-BE\"},{\"@type\":\"Organization\",\"@id\":\"https:\/\/vieassociative.be\/actualites\/#organization\",\"name\":\"Vie Associative\",\"url\":\"https:\/\/vieassociative.be\/actualites\/\",\"logo\":{\"@type\":\"ImageObject\",\"inLanguage\":\"fr-BE\",\"@id\":\"https:\/\/vieassociative.be\/actualites\/#\/schema\/logo\/image\/\",\"url\":\"https:\/\/vieassociative.be\/actualites\/wp-content\/uploads\/2024\/09\/cropped-vieassociative_favicon.ico.png\",\"contentUrl\":\"https:\/\/vieassociative.be\/actualites\/wp-content\/uploads\/2024\/09\/cropped-vieassociative_favicon.ico.png\",\"width\":512,\"height\":512,\"caption\":\"Vie Associative\"},\"image\":{\"@id\":\"https:\/\/vieassociative.be\/actualites\/#\/schema\/logo\/image\/\"}},{\"@type\":\"Person\",\"@id\":\"https:\/\/vieassociative.be\/actualites\/#\/schema\/person\/b87ac4f82f9d4e7b7cec7395b679edc4\",\"name\":\"Julien\",\"image\":{\"@type\":\"ImageObject\",\"inLanguage\":\"fr-BE\",\"@id\":\"https:\/\/vieassociative.be\/actualites\/#\/schema\/person\/image\/\",\"url\":\"https:\/\/vieassociative.be\/actualites\/wp-content\/uploads\/2024\/09\/vie-associative-1-150x150.jpg\",\"contentUrl\":\"https:\/\/vieassociative.be\/actualites\/wp-content\/uploads\/2024\/09\/vie-associative-1-150x150.jpg\",\"caption\":\"Julien\"},\"description\":\"Je suis Julien, r\u00e9dacteur pour Vie Associative. Passionn\u00e9 par le monde associatif depuis plus de 10 ans, j'ai \u00e0 c\u0153ur de partager des histoires inspirantes et de mettre en lumi\u00e8re les initiatives locales. Mon objectif est de sensibiliser et d'encourager l'engagement communautaire \u00e0 travers mes articles.\",\"sameAs\":[\"https:\/\/vieassociative.be\/\"]}]}<\/script>\n<!-- \/ Yoast SEO plugin. -->","yoast_head_json":{"title":"Les po\u00e8tes orientaux de Belge Freddy des \u00e9lections et Bruno Kartheuser dans \"Akzente\" | Vie Associative","robots":{"index":"index","follow":"follow","max-snippet":"max-snippet:-1","max-image-preview":"max-image-preview:large","max-video-preview":"max-video-preview:-1"},"canonical":"https:\/\/vieassociative.be\/actualites\/les-poetes-orientaux-de-belge-freddy-des-elections-et-bruno-kartheuser-dans-akzente\/","og_locale":"fr_FR","og_type":"article","og_title":"Les po\u00e8tes orientaux de Belge Freddy des \u00e9lections et Bruno Kartheuser dans \"Akzente\" | Vie Associative","og_description":"\u00ab\u00a0Accente\u00a0\u00bb, l&rsquo;un des magazines de la litt\u00e9rature d&rsquo;apr\u00e8s-guerre les plus connus dans la zone culturelle germanophone, a \u00e9t\u00e9 pr\u00e9sent\u00e9 mardi par la r\u00e9dactrice Marietta Thien","og_url":"https:\/\/vieassociative.be\/actualites\/les-poetes-orientaux-de-belge-freddy-des-elections-et-bruno-kartheuser-dans-akzente\/","og_site_name":"Vie Associative","article_published_time":"2025-08-07T14:17:54+00:00","og_image":[{"width":279,"height":92,"url":"https:\/\/vieassociative.be\/actualites\/wp-content\/uploads\/2024\/09\/header_backgroundk-01-e1726694325946.png","type":"image\/png"}],"author":"Julien","twitter_card":"summary_large_image","twitter_misc":{"\u00c9crit par":"Julien","Dur\u00e9e de lecture est.":"1 minute"},"schema":{"@context":"https:\/\/schema.org","@graph":[{"@type":"Article","@id":"https:\/\/vieassociative.be\/actualites\/les-poetes-orientaux-de-belge-freddy-des-elections-et-bruno-kartheuser-dans-akzente\/#article","isPartOf":{"@id":"https:\/\/vieassociative.be\/actualites\/les-poetes-orientaux-de-belge-freddy-des-elections-et-bruno-kartheuser-dans-akzente\/"},"author":{"name":"Julien","@id":"https:\/\/vieassociative.be\/actualites\/#\/schema\/person\/b87ac4f82f9d4e7b7cec7395b679edc4"},"headline":"Les po\u00e8tes orientaux de Belge Freddy des \u00e9lections et Bruno Kartheuser dans \u00ab\u00a0Akzente\u00a0\u00bb","datePublished":"2025-08-07T14:17:54+00:00","dateModified":"2025-08-07T14:17:54+00:00","mainEntityOfPage":{"@id":"https:\/\/vieassociative.be\/actualites\/les-poetes-orientaux-de-belge-freddy-des-elections-et-bruno-kartheuser-dans-akzente\/"},"wordCount":230,"publisher":{"@id":"https:\/\/vieassociative.be\/actualites\/#organization"},"image":{"@id":"https:\/\/vieassociative.be\/actualites\/les-poetes-orientaux-de-belge-freddy-des-elections-et-bruno-kartheuser-dans-akzente\/#primaryimage"},"thumbnailUrl":"https:\/\/vieassociative.be\/actualites\/wp-content\/uploads\/2025\/08\/1754576275_Les-poetes-orientaux-de-Belge-Freddy-des-elections-et-Bruno.jpg","keywords":["Akzente","belge","Bruno","dans","Des","\u00e9lections","Freddy","Kartheuser","Les","orientaux","po\u00e8tes"],"articleSection":["Belgique"],"inLanguage":"fr-BE"},{"@type":"WebPage","@id":"https:\/\/vieassociative.be\/actualites\/les-poetes-orientaux-de-belge-freddy-des-elections-et-bruno-kartheuser-dans-akzente\/","url":"https:\/\/vieassociative.be\/actualites\/les-poetes-orientaux-de-belge-freddy-des-elections-et-bruno-kartheuser-dans-akzente\/","name":"Les po\u00e8tes orientaux de Belge Freddy des \u00e9lections et Bruno Kartheuser dans \"Akzente\" | Vie Associative","isPartOf":{"@id":"https:\/\/vieassociative.be\/actualites\/#website"},"primaryImageOfPage":{"@id":"https:\/\/vieassociative.be\/actualites\/les-poetes-orientaux-de-belge-freddy-des-elections-et-bruno-kartheuser-dans-akzente\/#primaryimage"},"image":{"@id":"https:\/\/vieassociative.be\/actualites\/les-poetes-orientaux-de-belge-freddy-des-elections-et-bruno-kartheuser-dans-akzente\/#primaryimage"},"thumbnailUrl":"https:\/\/vieassociative.be\/actualites\/wp-content\/uploads\/2025\/08\/1754576275_Les-poetes-orientaux-de-Belge-Freddy-des-elections-et-Bruno.jpg","datePublished":"2025-08-07T14:17:54+00:00","dateModified":"2025-08-07T14:17:54+00:00","breadcrumb":{"@id":"https:\/\/vieassociative.be\/actualites\/les-poetes-orientaux-de-belge-freddy-des-elections-et-bruno-kartheuser-dans-akzente\/#breadcrumb"},"inLanguage":"fr-BE","potentialAction":[{"@type":"ReadAction","target":["https:\/\/vieassociative.be\/actualites\/les-poetes-orientaux-de-belge-freddy-des-elections-et-bruno-kartheuser-dans-akzente\/"]}]},{"@type":"ImageObject","inLanguage":"fr-BE","@id":"https:\/\/vieassociative.be\/actualites\/les-poetes-orientaux-de-belge-freddy-des-elections-et-bruno-kartheuser-dans-akzente\/#primaryimage","url":"https:\/\/vieassociative.be\/actualites\/wp-content\/uploads\/2025\/08\/1754576275_Les-poetes-orientaux-de-Belge-Freddy-des-elections-et-Bruno.jpg","contentUrl":"https:\/\/vieassociative.be\/actualites\/wp-content\/uploads\/2025\/08\/1754576275_Les-poetes-orientaux-de-Belge-Freddy-des-elections-et-Bruno.jpg","width":1942,"height":1294,"caption":"Les po\u00e8tes orientaux de Belge Freddy des \u00e9lections et Bruno Kartheuser dans \"Akzente\""},{"@type":"BreadcrumbList","@id":"https:\/\/vieassociative.be\/actualites\/les-poetes-orientaux-de-belge-freddy-des-elections-et-bruno-kartheuser-dans-akzente\/#breadcrumb","itemListElement":[{"@type":"ListItem","position":1,"name":"Accueil","item":"https:\/\/vieassociative.be\/actualites\/"},{"@type":"ListItem","position":2,"name":"Les po\u00e8tes orientaux de Belge Freddy des \u00e9lections et Bruno Kartheuser dans \u00ab\u00a0Akzente\u00a0\u00bb"}]},{"@type":"WebSite","@id":"https:\/\/vieassociative.be\/actualites\/#website","url":"https:\/\/vieassociative.be\/actualites\/","name":"Vie Associative","description":"","publisher":{"@id":"https:\/\/vieassociative.be\/actualites\/#organization"},"potentialAction":[{"@type":"SearchAction","target":{"@type":"EntryPoint","urlTemplate":"https:\/\/vieassociative.be\/actualites\/?s={search_term_string}"},"query-input":{"@type":"PropertyValueSpecification","valueRequired":true,"valueName":"search_term_string"}}],"inLanguage":"fr-BE"},{"@type":"Organization","@id":"https:\/\/vieassociative.be\/actualites\/#organization","name":"Vie Associative","url":"https:\/\/vieassociative.be\/actualites\/","logo":{"@type":"ImageObject","inLanguage":"fr-BE","@id":"https:\/\/vieassociative.be\/actualites\/#\/schema\/logo\/image\/","url":"https:\/\/vieassociative.be\/actualites\/wp-content\/uploads\/2024\/09\/cropped-vieassociative_favicon.ico.png","contentUrl":"https:\/\/vieassociative.be\/actualites\/wp-content\/uploads\/2024\/09\/cropped-vieassociative_favicon.ico.png","width":512,"height":512,"caption":"Vie Associative"},"image":{"@id":"https:\/\/vieassociative.be\/actualites\/#\/schema\/logo\/image\/"}},{"@type":"Person","@id":"https:\/\/vieassociative.be\/actualites\/#\/schema\/person\/b87ac4f82f9d4e7b7cec7395b679edc4","name":"Julien","image":{"@type":"ImageObject","inLanguage":"fr-BE","@id":"https:\/\/vieassociative.be\/actualites\/#\/schema\/person\/image\/","url":"https:\/\/vieassociative.be\/actualites\/wp-content\/uploads\/2024\/09\/vie-associative-1-150x150.jpg","contentUrl":"https:\/\/vieassociative.be\/actualites\/wp-content\/uploads\/2024\/09\/vie-associative-1-150x150.jpg","caption":"Julien"},"description":"Je suis Julien, r\u00e9dacteur pour Vie Associative. Passionn\u00e9 par le monde associatif depuis plus de 10 ans, j'ai \u00e0 c\u0153ur de partager des histoires inspirantes et de mettre en lumi\u00e8re les initiatives locales. Mon objectif est de sensibiliser et d'encourager l'engagement communautaire \u00e0 travers mes articles.","sameAs":["https:\/\/vieassociative.be\/"]}]}},"_links":{"self":[{"href":"https:\/\/vieassociative.be\/actualites\/wp-json\/wp\/v2\/posts\/9261"}],"collection":[{"href":"https:\/\/vieassociative.be\/actualites\/wp-json\/wp\/v2\/posts"}],"about":[{"href":"https:\/\/vieassociative.be\/actualites\/wp-json\/wp\/v2\/types\/post"}],"author":[{"embeddable":true,"href":"https:\/\/vieassociative.be\/actualites\/wp-json\/wp\/v2\/users\/1"}],"replies":[{"embeddable":true,"href":"https:\/\/vieassociative.be\/actualites\/wp-json\/wp\/v2\/comments?post=9261"}],"version-history":[{"count":0,"href":"https:\/\/vieassociative.be\/actualites\/wp-json\/wp\/v2\/posts\/9261\/revisions"}],"wp:featuredmedia":[{"embeddable":true,"href":"https:\/\/vieassociative.be\/actualites\/wp-json\/wp\/v2\/media\/9262"}],"wp:attachment":[{"href":"https:\/\/vieassociative.be\/actualites\/wp-json\/wp\/v2\/media?parent=9261"}],"wp:term":[{"taxonomy":"category","embeddable":true,"href":"https:\/\/vieassociative.be\/actualites\/wp-json\/wp\/v2\/categories?post=9261"},{"taxonomy":"post_tag","embeddable":true,"href":"https:\/\/vieassociative.be\/actualites\/wp-json\/wp\/v2\/tags?post=9261"}],"curies":[{"name":"wp","href":"https:\/\/api.w.org\/{rel}","templated":true}]}}