{"id":9259,"date":"2025-08-07T15:17:36","date_gmt":"2025-08-07T13:17:36","guid":{"rendered":"https:\/\/vieassociative.be\/actualites\/cette-came-de-securite-sans-subscription-est-a-son-prix-le-plus-bas-pour-le-moment\/"},"modified":"2025-08-07T15:17:36","modified_gmt":"2025-08-07T13:17:36","slug":"cette-came-de-securite-sans-subscription-est-a-son-prix-le-plus-bas-pour-le-moment","status":"publish","type":"post","link":"https:\/\/vieassociative.be\/actualites\/cette-came-de-securite-sans-subscription-est-a-son-prix-le-plus-bas-pour-le-moment\/","title":{"rendered":"Cette came de s\u00e9curit\u00e9 sans subscription est \u00e0 son prix le plus bas pour le moment"},"content":{"rendered":"<div class=\"mt-4 leading-6 md:mb-8\">Son IA int\u00e9gr\u00e9e pour les alertes de mouvement peut faire la diff\u00e9rence entre les personnes, les animaux de compagnie et les v\u00e9hicules.<\/div>\n<p><\/p>\n<p>Le Tapo Vistacam 360 \u00b0 (C530WS) est r\u00e9duit \u00e0 59,99 $ en ce moment &#8211; le prix le plus bas qu&rsquo;il est touch\u00e9 jusqu&rsquo;\u00e0 pr\u00e9sent, selon les trackers de prix. Normalement, cela co\u00fbte environ 80 $, donc si vous vouliez ajouter une cam\u00e9ra de s\u00e9curit\u00e9 en plein air \u00e0 votre configuration, celle-ci vaut le coup. <\/p>\n<div class=\"pogoClear mb-12 mt-10 rounded-md border-2 border-gray-100 py-7 shadow-xl md:py-6\">\n<div class=\"flex flex-wrap justify-between px-7 text-black no-underline md:flex-nowrap md:px-8\">\n<div class=\"order-1 mx-auto flex flex-col justify-center md:order-2 md:ml-4 md:w-full md:grow\">\n<div class=\"block cursor-pointer text-center font-akshar text-2xl font-medium leading-7 text-brand-green duration-200 ease-in-out hover:text-brand-green-700 md:text-left md:text-xl md:leading-6\">TAPO 3K 5MP OUTDOOOR PAN \/ TILT SEACKE Wi-Fi Cam\u00e9ra Wi-Fi\n                <\/div>\n<div class=\"mt-4 hidden md:flex md:justify-between\">\n<div class=\"self-end\">\n<div class=\"mb-0 h-11 md:flex md:flex-col md:justify-center\">\n<div class=\" font-sans leading-4 text-black\">\n<div class=\"flex flex-wrap items-center justify-center gap-1 md:justify-start\">\n        <span class=\"font-bold\"><\/p>\n<p>            59,99 $<br \/>\n                            <span class=\"font-medium\">\u00e0 Amazon<\/span><br \/>\n                    <\/span>\n            <\/div>\n<div class=\"flex items-center justify-center gap-x-1 font-bold md:justify-start\">\n            <span class=\"text-sm line-through\">79,99 $<\/span><br \/>\n            <span class=\"text-sm text-brand-green\">\u00c9conomisez 20,00 $<\/span>\n        <\/div>\n<\/p><\/div>\n<\/p><\/div>\n<\/p><\/div>\n<div class=\"w-44 self-end\">\n                            <button class=\"flex justify-center items-center w-full bg-brand-green text-white text-base font-sans font-medium rounded-md hover:bg-brand-green-700 hover:cursor-pointer md:text-sm h-11\"><\/p>\n<p>    Conclure un accord<br \/>\n<\/button>\n                        <\/div>\n<\/p><\/div>\n<\/p><\/div>\n<div class=\"order-2 mt-5 h-auto w-full md:order-1 md:mt-0 md:hidden\">\n<div class=\"flex aspect-video items-center justify-center\">\n                                            <img decoding=\"async\" class=\"m-0 max-h-full max-w-full rounded-md\" src=\"https:\/\/vieassociative.be\/actualites\/wp-content\/uploads\/2025\/08\/Cette-came-de-securite-sans-subscription-est-a-son-prix.jpg\" alt=\"TAPO 3K 5MP Pan de s\u00e9curit\u00e9 ext\u00e9rieure \/ Cam\u00e9ra Wi-Fi de s\u00e9curit\u00e9 - Vue \u00e0 360 \u00b0, d\u00e9tection de personne \/ v\u00e9hicule libre, vision nocturne de couleur Starlight, IP66, sons et alarme lumineuse, fonctionne avec Alexa et Google Home, Vistacam 360 \u00b0\" width=\"auto\" height=\"auto\" loading=\"lazy\">\n                                    <\/div>\n<\/p><\/div>\n<div class=\"order-2 ml-2 hidden w-32 shrink-0 items-center md:order-1 md:ml-0 md:flex\">\n<div class=\"flex aspect-video items-center justify-center\">\n                                            <img decoding=\"async\" class=\"m-0 max-h-full max-w-full rounded-md\" src=\"https:\/\/vieassociative.be\/actualites\/wp-content\/uploads\/2025\/08\/Cette-came-de-securite-sans-subscription-est-a-son-prix.jpg\" alt=\"TAPO 3K 5MP Pan de s\u00e9curit\u00e9 ext\u00e9rieure \/ Cam\u00e9ra Wi-Fi de s\u00e9curit\u00e9 - Vue \u00e0 360 \u00b0, d\u00e9tection de personne \/ v\u00e9hicule libre, vision nocturne de couleur Starlight, IP66, sons et alarme lumineuse, fonctionne avec Alexa et Google Home, Vistacam 360 \u00b0\" width=\"auto\" height=\"auto\" loading=\"lazy\">\n                                    <\/div>\n<\/p><\/div>\n<div class=\"order-3 flex grow flex-wrap md:hidden md:grow-0\">\n<div class=\"mt-4 w-full\">\n                        <button class=\"flex justify-center items-center w-full bg-brand-green text-white text-base font-sans font-medium rounded-md hover:bg-brand-green-700 hover:cursor-pointer md:text-sm h-11\"><\/p>\n<p>    Conclure un accord<br \/>\n<\/button>\n                    <\/div>\n<div class=\"mx-2 mt-4 w-full\">\n<div class=\" font-sans leading-4 text-black\">\n<div class=\"flex flex-wrap items-center justify-center gap-1 md:justify-start\">\n        <span class=\"font-bold\"><\/p>\n<p>            59,99 $<br \/>\n                            <span class=\"font-medium\">\u00e0 Amazon<\/span><br \/>\n                    <\/span>\n            <\/div>\n<div class=\"flex items-center justify-center gap-x-1 font-bold md:justify-start\">\n            <span class=\"text-sm line-through\">79,99 $<\/span><br \/>\n            <span class=\"text-sm text-brand-green\">\u00c9conomisez 20,00 $<\/span>\n        <\/div>\n<\/p><\/div>\n<\/p><\/div>\n<\/p><\/div>\n<\/p><\/div>\n<\/div>\n<p>La cam\u00e9ra couvre beaucoup pour le prix: r\u00e9solution 3K 5MP, rotation \u00e0 360 \u00b0, audio bidirectionnel, vision nocturne en couleur, compatibilit\u00e9 Alexa et Google Home, et plus encore. Il se connecte sur la bande 2,4 GHz, ce qui est plus courant pour les configurations WiFi \u00e0 domicile, et sa conception r\u00e9sistante aux intemp\u00e9ries (IP66) signifie qu&rsquo;elle est con\u00e7ue pour continuer \u00e0 travailler \u00e0 la fois \u00e0 travers les temp\u00eates estivales et les frissons d&rsquo;hiver.<\/p>\n<p>Ce qui le fait ressortir un peu plus que votre came budg\u00e9taire typique, c&rsquo;est la clart\u00e9 et l&rsquo;intelligence du mouvement suppl\u00e9mentaire. Il peut rep\u00e9rer la diff\u00e9rence entre une personne, une voiture ou un animal de compagnie, et vous permet de configurer des zones d&rsquo;activit\u00e9 personnalis\u00e9es afin de ne pas obtenir un flot d&rsquo;alertes inutiles. Le capteur \u00e9toil\u00e9 et les projecteurs int\u00e9gr\u00e9s aident \u00e9galement \u00e0 capturer de meilleurs d\u00e9tails apr\u00e8s la tomb\u00e9e de la nuit. Il y a aussi une alarme l\u00e9g\u00e8re et sonore qui peut \u00eatre d\u00e9clench\u00e9e manuellement ou automatiquement pour effrayer les intrus. Et l&rsquo;audio bidirectionnel signifie que vous pouvez en parler, que vous disiez au chauffeur de livraison o\u00f9 laisser un colis ou simplement vous enregistrer dans votre arri\u00e8re-cour.<\/p>\n<p>Quant au stockage, il n&rsquo;y a pas d&rsquo;abonnement requis. Vous pouvez simplement faire entrer une carte microSD (jusqu&rsquo;\u00e0 512 Go, vendu s\u00e9par\u00e9ment) et conserver les enregistrements localement. Cela dit, Tapo propose un plan cloud (3,49 $ \/ mois pour un seul appareil photo) si vous voulez des choses comme un historique vid\u00e9o de 30 jours ou des alertes riches en instantan\u00e9, et il y a un essai gratuit de 30 jours pour tester cela. Le montage est simple, et vous avez quelques options selon l&rsquo;endroit o\u00f9 vous voulez le placer. Dans l&rsquo;ensemble, le Tapo Vistacam 360 \u00b0 est une option solide pour garder un \u0153il sur votre place sans trop compliquer les choses ni s&rsquo;inscrire \u00e0 un tas de frais suppl\u00e9mentaires.<\/p>\n<hr>\n","protected":false},"excerpt":{"rendered":"<p>Son IA int\u00e9gr\u00e9e pour les alertes de mouvement peut faire la diff\u00e9rence entre les personnes, les animaux de compagnie et les v\u00e9hicules. Le Tapo Vistacam<\/p>\n","protected":false},"author":1,"featured_media":9260,"comment_status":"","ping_status":"","sticky":false,"template":"","format":"standard","meta":{"footnotes":""},"categories":[13],"tags":[700,206,76,1429,81,1399,130,151,800,8080],"class_list":["post-9259","post","type-post","status-publish","format-standard","has-post-thumbnail","hentry","category-technologie","tag-bas","tag-cette","tag-est","tag-moment","tag-pour","tag-prix","tag-sans","tag-securite","tag-son","tag-subscription","generate-columns","tablet-grid-50","mobile-grid-100","grid-parent","grid-33"],"yoast_head":"<!-- This site is optimized with the Yoast SEO plugin v24.0 - https:\/\/yoast.com\/wordpress\/plugins\/seo\/ -->\n<title>Cette came de s\u00e9curit\u00e9 sans subscription est \u00e0 son prix le plus bas pour le moment | Vie Associative<\/title>\n<meta name=\"robots\" content=\"index, follow, max-snippet:-1, max-image-preview:large, max-video-preview:-1\" \/>\n<link rel=\"canonical\" href=\"https:\/\/vieassociative.be\/actualites\/cette-came-de-securite-sans-subscription-est-a-son-prix-le-plus-bas-pour-le-moment\/\" \/>\n<meta property=\"og:locale\" content=\"fr_FR\" \/>\n<meta property=\"og:type\" content=\"article\" \/>\n<meta property=\"og:title\" content=\"Cette came de s\u00e9curit\u00e9 sans subscription est \u00e0 son prix le plus bas pour le moment | Vie Associative\" \/>\n<meta property=\"og:description\" content=\"Son IA int\u00e9gr\u00e9e pour les alertes de mouvement peut faire la diff\u00e9rence entre les personnes, les animaux de compagnie et les v\u00e9hicules. Le Tapo Vistacam\" \/>\n<meta property=\"og:url\" content=\"https:\/\/vieassociative.be\/actualites\/cette-came-de-securite-sans-subscription-est-a-son-prix-le-plus-bas-pour-le-moment\/\" \/>\n<meta property=\"og:site_name\" content=\"Vie Associative\" \/>\n<meta property=\"article:published_time\" content=\"2025-08-07T13:17:36+00:00\" \/>\n<meta property=\"og:image\" content=\"https:\/\/vieassociative.be\/actualites\/wp-content\/uploads\/2025\/08\/Cette-came-de-securite-sans-subscription-est-a-son-prix.jpg\" \/>\n<meta name=\"author\" content=\"Julien\" \/>\n<meta name=\"twitter:card\" content=\"summary_large_image\" \/>\n<meta name=\"twitter:label1\" content=\"\u00c9crit par\" \/>\n\t<meta name=\"twitter:data1\" content=\"Julien\" \/>\n\t<meta name=\"twitter:label2\" content=\"Dur\u00e9e de lecture est.\" \/>\n\t<meta name=\"twitter:data2\" content=\"2 minutes\" \/>\n<script type=\"application\/ld+json\" class=\"yoast-schema-graph\">{\"@context\":\"https:\/\/schema.org\",\"@graph\":[{\"@type\":\"Article\",\"@id\":\"https:\/\/vieassociative.be\/actualites\/cette-came-de-securite-sans-subscription-est-a-son-prix-le-plus-bas-pour-le-moment\/#article\",\"isPartOf\":{\"@id\":\"https:\/\/vieassociative.be\/actualites\/cette-came-de-securite-sans-subscription-est-a-son-prix-le-plus-bas-pour-le-moment\/\"},\"author\":{\"name\":\"Julien\",\"@id\":\"https:\/\/vieassociative.be\/actualites\/#\/schema\/person\/b87ac4f82f9d4e7b7cec7395b679edc4\"},\"headline\":\"Cette came de s\u00e9curit\u00e9 sans subscription est \u00e0 son prix le plus bas pour le moment\",\"datePublished\":\"2025-08-07T13:17:36+00:00\",\"dateModified\":\"2025-08-07T13:17:36+00:00\",\"mainEntityOfPage\":{\"@id\":\"https:\/\/vieassociative.be\/actualites\/cette-came-de-securite-sans-subscription-est-a-son-prix-le-plus-bas-pour-le-moment\/\"},\"wordCount\":452,\"publisher\":{\"@id\":\"https:\/\/vieassociative.be\/actualites\/#organization\"},\"image\":{\"@id\":\"https:\/\/vieassociative.be\/actualites\/cette-came-de-securite-sans-subscription-est-a-son-prix-le-plus-bas-pour-le-moment\/#primaryimage\"},\"thumbnailUrl\":\"https:\/\/vieassociative.be\/actualites\/wp-content\/uploads\/2025\/08\/Cette-came-de-securite-sans-subscription-est-a-son-prix.png\",\"keywords\":[\"bas\",\"cette\",\"est\",\"moment\",\"pour\",\"prix\",\"sans\",\"s\u00e9curit\u00e9\",\"son\",\"subscription\"],\"articleSection\":[\"Technologie\"],\"inLanguage\":\"fr-BE\"},{\"@type\":\"WebPage\",\"@id\":\"https:\/\/vieassociative.be\/actualites\/cette-came-de-securite-sans-subscription-est-a-son-prix-le-plus-bas-pour-le-moment\/\",\"url\":\"https:\/\/vieassociative.be\/actualites\/cette-came-de-securite-sans-subscription-est-a-son-prix-le-plus-bas-pour-le-moment\/\",\"name\":\"Cette came de s\u00e9curit\u00e9 sans subscription est \u00e0 son prix le plus bas pour le moment | Vie Associative\",\"isPartOf\":{\"@id\":\"https:\/\/vieassociative.be\/actualites\/#website\"},\"primaryImageOfPage\":{\"@id\":\"https:\/\/vieassociative.be\/actualites\/cette-came-de-securite-sans-subscription-est-a-son-prix-le-plus-bas-pour-le-moment\/#primaryimage\"},\"image\":{\"@id\":\"https:\/\/vieassociative.be\/actualites\/cette-came-de-securite-sans-subscription-est-a-son-prix-le-plus-bas-pour-le-moment\/#primaryimage\"},\"thumbnailUrl\":\"https:\/\/vieassociative.be\/actualites\/wp-content\/uploads\/2025\/08\/Cette-came-de-securite-sans-subscription-est-a-son-prix.png\",\"datePublished\":\"2025-08-07T13:17:36+00:00\",\"dateModified\":\"2025-08-07T13:17:36+00:00\",\"breadcrumb\":{\"@id\":\"https:\/\/vieassociative.be\/actualites\/cette-came-de-securite-sans-subscription-est-a-son-prix-le-plus-bas-pour-le-moment\/#breadcrumb\"},\"inLanguage\":\"fr-BE\",\"potentialAction\":[{\"@type\":\"ReadAction\",\"target\":[\"https:\/\/vieassociative.be\/actualites\/cette-came-de-securite-sans-subscription-est-a-son-prix-le-plus-bas-pour-le-moment\/\"]}]},{\"@type\":\"ImageObject\",\"inLanguage\":\"fr-BE\",\"@id\":\"https:\/\/vieassociative.be\/actualites\/cette-came-de-securite-sans-subscription-est-a-son-prix-le-plus-bas-pour-le-moment\/#primaryimage\",\"url\":\"https:\/\/vieassociative.be\/actualites\/wp-content\/uploads\/2025\/08\/Cette-came-de-securite-sans-subscription-est-a-son-prix.png\",\"contentUrl\":\"https:\/\/vieassociative.be\/actualites\/wp-content\/uploads\/2025\/08\/Cette-came-de-securite-sans-subscription-est-a-son-prix.png\",\"width\":1200,\"height\":675,\"caption\":\"Cette came de s\u00e9curit\u00e9 sans subscription est \u00e0 son prix le plus bas pour le moment\"},{\"@type\":\"BreadcrumbList\",\"@id\":\"https:\/\/vieassociative.be\/actualites\/cette-came-de-securite-sans-subscription-est-a-son-prix-le-plus-bas-pour-le-moment\/#breadcrumb\",\"itemListElement\":[{\"@type\":\"ListItem\",\"position\":1,\"name\":\"Accueil\",\"item\":\"https:\/\/vieassociative.be\/actualites\/\"},{\"@type\":\"ListItem\",\"position\":2,\"name\":\"Cette came de s\u00e9curit\u00e9 sans subscription est \u00e0 son prix le plus bas pour le moment\"}]},{\"@type\":\"WebSite\",\"@id\":\"https:\/\/vieassociative.be\/actualites\/#website\",\"url\":\"https:\/\/vieassociative.be\/actualites\/\",\"name\":\"Vie Associative\",\"description\":\"\",\"publisher\":{\"@id\":\"https:\/\/vieassociative.be\/actualites\/#organization\"},\"potentialAction\":[{\"@type\":\"SearchAction\",\"target\":{\"@type\":\"EntryPoint\",\"urlTemplate\":\"https:\/\/vieassociative.be\/actualites\/?s={search_term_string}\"},\"query-input\":{\"@type\":\"PropertyValueSpecification\",\"valueRequired\":true,\"valueName\":\"search_term_string\"}}],\"inLanguage\":\"fr-BE\"},{\"@type\":\"Organization\",\"@id\":\"https:\/\/vieassociative.be\/actualites\/#organization\",\"name\":\"Vie Associative\",\"url\":\"https:\/\/vieassociative.be\/actualites\/\",\"logo\":{\"@type\":\"ImageObject\",\"inLanguage\":\"fr-BE\",\"@id\":\"https:\/\/vieassociative.be\/actualites\/#\/schema\/logo\/image\/\",\"url\":\"https:\/\/vieassociative.be\/actualites\/wp-content\/uploads\/2024\/09\/cropped-vieassociative_favicon.ico.png\",\"contentUrl\":\"https:\/\/vieassociative.be\/actualites\/wp-content\/uploads\/2024\/09\/cropped-vieassociative_favicon.ico.png\",\"width\":512,\"height\":512,\"caption\":\"Vie Associative\"},\"image\":{\"@id\":\"https:\/\/vieassociative.be\/actualites\/#\/schema\/logo\/image\/\"}},{\"@type\":\"Person\",\"@id\":\"https:\/\/vieassociative.be\/actualites\/#\/schema\/person\/b87ac4f82f9d4e7b7cec7395b679edc4\",\"name\":\"Julien\",\"image\":{\"@type\":\"ImageObject\",\"inLanguage\":\"fr-BE\",\"@id\":\"https:\/\/vieassociative.be\/actualites\/#\/schema\/person\/image\/\",\"url\":\"https:\/\/vieassociative.be\/actualites\/wp-content\/uploads\/2024\/09\/vie-associative-1-150x150.jpg\",\"contentUrl\":\"https:\/\/vieassociative.be\/actualites\/wp-content\/uploads\/2024\/09\/vie-associative-1-150x150.jpg\",\"caption\":\"Julien\"},\"description\":\"Je suis Julien, r\u00e9dacteur pour Vie Associative. Passionn\u00e9 par le monde associatif depuis plus de 10 ans, j'ai \u00e0 c\u0153ur de partager des histoires inspirantes et de mettre en lumi\u00e8re les initiatives locales. Mon objectif est de sensibiliser et d'encourager l'engagement communautaire \u00e0 travers mes articles.\",\"sameAs\":[\"https:\/\/vieassociative.be\/\"]}]}<\/script>\n<!-- \/ Yoast SEO plugin. -->","yoast_head_json":{"title":"Cette came de s\u00e9curit\u00e9 sans subscription est \u00e0 son prix le plus bas pour le moment | Vie Associative","robots":{"index":"index","follow":"follow","max-snippet":"max-snippet:-1","max-image-preview":"max-image-preview:large","max-video-preview":"max-video-preview:-1"},"canonical":"https:\/\/vieassociative.be\/actualites\/cette-came-de-securite-sans-subscription-est-a-son-prix-le-plus-bas-pour-le-moment\/","og_locale":"fr_FR","og_type":"article","og_title":"Cette came de s\u00e9curit\u00e9 sans subscription est \u00e0 son prix le plus bas pour le moment | Vie Associative","og_description":"Son IA int\u00e9gr\u00e9e pour les alertes de mouvement peut faire la diff\u00e9rence entre les personnes, les animaux de compagnie et les v\u00e9hicules. Le Tapo Vistacam","og_url":"https:\/\/vieassociative.be\/actualites\/cette-came-de-securite-sans-subscription-est-a-son-prix-le-plus-bas-pour-le-moment\/","og_site_name":"Vie Associative","article_published_time":"2025-08-07T13:17:36+00:00","og_image":[{"url":"https:\/\/vieassociative.be\/actualites\/wp-content\/uploads\/2025\/08\/Cette-came-de-securite-sans-subscription-est-a-son-prix.jpg","type":"","width":"","height":""}],"author":"Julien","twitter_card":"summary_large_image","twitter_misc":{"\u00c9crit par":"Julien","Dur\u00e9e de lecture est.":"2 minutes"},"schema":{"@context":"https:\/\/schema.org","@graph":[{"@type":"Article","@id":"https:\/\/vieassociative.be\/actualites\/cette-came-de-securite-sans-subscription-est-a-son-prix-le-plus-bas-pour-le-moment\/#article","isPartOf":{"@id":"https:\/\/vieassociative.be\/actualites\/cette-came-de-securite-sans-subscription-est-a-son-prix-le-plus-bas-pour-le-moment\/"},"author":{"name":"Julien","@id":"https:\/\/vieassociative.be\/actualites\/#\/schema\/person\/b87ac4f82f9d4e7b7cec7395b679edc4"},"headline":"Cette came de s\u00e9curit\u00e9 sans subscription est \u00e0 son prix le plus bas pour le moment","datePublished":"2025-08-07T13:17:36+00:00","dateModified":"2025-08-07T13:17:36+00:00","mainEntityOfPage":{"@id":"https:\/\/vieassociative.be\/actualites\/cette-came-de-securite-sans-subscription-est-a-son-prix-le-plus-bas-pour-le-moment\/"},"wordCount":452,"publisher":{"@id":"https:\/\/vieassociative.be\/actualites\/#organization"},"image":{"@id":"https:\/\/vieassociative.be\/actualites\/cette-came-de-securite-sans-subscription-est-a-son-prix-le-plus-bas-pour-le-moment\/#primaryimage"},"thumbnailUrl":"https:\/\/vieassociative.be\/actualites\/wp-content\/uploads\/2025\/08\/Cette-came-de-securite-sans-subscription-est-a-son-prix.png","keywords":["bas","cette","est","moment","pour","prix","sans","s\u00e9curit\u00e9","son","subscription"],"articleSection":["Technologie"],"inLanguage":"fr-BE"},{"@type":"WebPage","@id":"https:\/\/vieassociative.be\/actualites\/cette-came-de-securite-sans-subscription-est-a-son-prix-le-plus-bas-pour-le-moment\/","url":"https:\/\/vieassociative.be\/actualites\/cette-came-de-securite-sans-subscription-est-a-son-prix-le-plus-bas-pour-le-moment\/","name":"Cette came de s\u00e9curit\u00e9 sans subscription est \u00e0 son prix le plus bas pour le moment | Vie Associative","isPartOf":{"@id":"https:\/\/vieassociative.be\/actualites\/#website"},"primaryImageOfPage":{"@id":"https:\/\/vieassociative.be\/actualites\/cette-came-de-securite-sans-subscription-est-a-son-prix-le-plus-bas-pour-le-moment\/#primaryimage"},"image":{"@id":"https:\/\/vieassociative.be\/actualites\/cette-came-de-securite-sans-subscription-est-a-son-prix-le-plus-bas-pour-le-moment\/#primaryimage"},"thumbnailUrl":"https:\/\/vieassociative.be\/actualites\/wp-content\/uploads\/2025\/08\/Cette-came-de-securite-sans-subscription-est-a-son-prix.png","datePublished":"2025-08-07T13:17:36+00:00","dateModified":"2025-08-07T13:17:36+00:00","breadcrumb":{"@id":"https:\/\/vieassociative.be\/actualites\/cette-came-de-securite-sans-subscription-est-a-son-prix-le-plus-bas-pour-le-moment\/#breadcrumb"},"inLanguage":"fr-BE","potentialAction":[{"@type":"ReadAction","target":["https:\/\/vieassociative.be\/actualites\/cette-came-de-securite-sans-subscription-est-a-son-prix-le-plus-bas-pour-le-moment\/"]}]},{"@type":"ImageObject","inLanguage":"fr-BE","@id":"https:\/\/vieassociative.be\/actualites\/cette-came-de-securite-sans-subscription-est-a-son-prix-le-plus-bas-pour-le-moment\/#primaryimage","url":"https:\/\/vieassociative.be\/actualites\/wp-content\/uploads\/2025\/08\/Cette-came-de-securite-sans-subscription-est-a-son-prix.png","contentUrl":"https:\/\/vieassociative.be\/actualites\/wp-content\/uploads\/2025\/08\/Cette-came-de-securite-sans-subscription-est-a-son-prix.png","width":1200,"height":675,"caption":"Cette came de s\u00e9curit\u00e9 sans subscription est \u00e0 son prix le plus bas pour le moment"},{"@type":"BreadcrumbList","@id":"https:\/\/vieassociative.be\/actualites\/cette-came-de-securite-sans-subscription-est-a-son-prix-le-plus-bas-pour-le-moment\/#breadcrumb","itemListElement":[{"@type":"ListItem","position":1,"name":"Accueil","item":"https:\/\/vieassociative.be\/actualites\/"},{"@type":"ListItem","position":2,"name":"Cette came de s\u00e9curit\u00e9 sans subscription est \u00e0 son prix le plus bas pour le moment"}]},{"@type":"WebSite","@id":"https:\/\/vieassociative.be\/actualites\/#website","url":"https:\/\/vieassociative.be\/actualites\/","name":"Vie Associative","description":"","publisher":{"@id":"https:\/\/vieassociative.be\/actualites\/#organization"},"potentialAction":[{"@type":"SearchAction","target":{"@type":"EntryPoint","urlTemplate":"https:\/\/vieassociative.be\/actualites\/?s={search_term_string}"},"query-input":{"@type":"PropertyValueSpecification","valueRequired":true,"valueName":"search_term_string"}}],"inLanguage":"fr-BE"},{"@type":"Organization","@id":"https:\/\/vieassociative.be\/actualites\/#organization","name":"Vie Associative","url":"https:\/\/vieassociative.be\/actualites\/","logo":{"@type":"ImageObject","inLanguage":"fr-BE","@id":"https:\/\/vieassociative.be\/actualites\/#\/schema\/logo\/image\/","url":"https:\/\/vieassociative.be\/actualites\/wp-content\/uploads\/2024\/09\/cropped-vieassociative_favicon.ico.png","contentUrl":"https:\/\/vieassociative.be\/actualites\/wp-content\/uploads\/2024\/09\/cropped-vieassociative_favicon.ico.png","width":512,"height":512,"caption":"Vie Associative"},"image":{"@id":"https:\/\/vieassociative.be\/actualites\/#\/schema\/logo\/image\/"}},{"@type":"Person","@id":"https:\/\/vieassociative.be\/actualites\/#\/schema\/person\/b87ac4f82f9d4e7b7cec7395b679edc4","name":"Julien","image":{"@type":"ImageObject","inLanguage":"fr-BE","@id":"https:\/\/vieassociative.be\/actualites\/#\/schema\/person\/image\/","url":"https:\/\/vieassociative.be\/actualites\/wp-content\/uploads\/2024\/09\/vie-associative-1-150x150.jpg","contentUrl":"https:\/\/vieassociative.be\/actualites\/wp-content\/uploads\/2024\/09\/vie-associative-1-150x150.jpg","caption":"Julien"},"description":"Je suis Julien, r\u00e9dacteur pour Vie Associative. Passionn\u00e9 par le monde associatif depuis plus de 10 ans, j'ai \u00e0 c\u0153ur de partager des histoires inspirantes et de mettre en lumi\u00e8re les initiatives locales. Mon objectif est de sensibiliser et d'encourager l'engagement communautaire \u00e0 travers mes articles.","sameAs":["https:\/\/vieassociative.be\/"]}]}},"_links":{"self":[{"href":"https:\/\/vieassociative.be\/actualites\/wp-json\/wp\/v2\/posts\/9259"}],"collection":[{"href":"https:\/\/vieassociative.be\/actualites\/wp-json\/wp\/v2\/posts"}],"about":[{"href":"https:\/\/vieassociative.be\/actualites\/wp-json\/wp\/v2\/types\/post"}],"author":[{"embeddable":true,"href":"https:\/\/vieassociative.be\/actualites\/wp-json\/wp\/v2\/users\/1"}],"replies":[{"embeddable":true,"href":"https:\/\/vieassociative.be\/actualites\/wp-json\/wp\/v2\/comments?post=9259"}],"version-history":[{"count":0,"href":"https:\/\/vieassociative.be\/actualites\/wp-json\/wp\/v2\/posts\/9259\/revisions"}],"wp:featuredmedia":[{"embeddable":true,"href":"https:\/\/vieassociative.be\/actualites\/wp-json\/wp\/v2\/media\/9260"}],"wp:attachment":[{"href":"https:\/\/vieassociative.be\/actualites\/wp-json\/wp\/v2\/media?parent=9259"}],"wp:term":[{"taxonomy":"category","embeddable":true,"href":"https:\/\/vieassociative.be\/actualites\/wp-json\/wp\/v2\/categories?post=9259"},{"taxonomy":"post_tag","embeddable":true,"href":"https:\/\/vieassociative.be\/actualites\/wp-json\/wp\/v2\/tags?post=9259"}],"curies":[{"name":"wp","href":"https:\/\/api.w.org\/{rel}","templated":true}]}}