{"id":9256,"date":"2025-08-07T10:18:32","date_gmt":"2025-08-07T08:18:32","guid":{"rendered":"https:\/\/vieassociative.be\/actualites\/bundesliga-reporter-ulli-potofski-decede-a-lage-de-73-ans\/"},"modified":"2025-08-07T10:18:32","modified_gmt":"2025-08-07T08:18:32","slug":"bundesliga-reporter-ulli-potofski-decede-a-lage-de-73-ans","status":"publish","type":"post","link":"https:\/\/vieassociative.be\/actualites\/bundesliga-reporter-ulli-potofski-decede-a-lage-de-73-ans\/","title":{"rendered":"Bundesliga Reporter Ulli Potofski d\u00e9c\u00e8de \u00e0 l&rsquo;\u00e2ge de 73 ans"},"content":{"rendered":"<p><strong>Le journaliste sportif de longue date Ulli Potofski est mort. Potofski, qui a signal\u00e9 sa premi\u00e8re et plus tard Sky au sujet de la Bundesliga depuis 2006, est d\u00e9c\u00e9d\u00e9 \u00e0 l&rsquo;\u00e2ge de 73 ans.<\/strong><\/p>\n<p><span id=\"more-421857\"><\/span>N\u00e9 \u00e0 Gelsenkirchen, a comment\u00e9 des jeux et a travaill\u00e9 sur la t\u00e9l\u00e9vision payante en tant que journaliste \u00e0 la pointe du terrain. M\u00eame \u00e0 plus de 70 ans, Potofski \u00e9tait toujours dans le secteur actuel. \u00ab\u00a0Une \u00e9quipe plus \u00e2g\u00e9e dans une \u00e9quipe est toujours bonne\u00a0\u00bb, a d\u00e9clar\u00e9 le journaliste en 2023 le \u00ab\u00a0Sport Bild\u00a0\u00bb \u00e0 son r\u00f4le. \u00c0 cette \u00e9poque, il s&rsquo;\u00e9tait \u00e9tendu pendant encore deux ans \u00e0 Sky.<\/p>\n<p>Potofski a commenc\u00e9 au WDR dans les ann\u00e9es 1970 et est pass\u00e9 \u00e0 RTL en 1984. En 1989, il a re\u00e7u le Bambi en tant que pr\u00e9sentateur de t\u00e9l\u00e9vision le plus populaire. En plus des \u00e9v\u00e9nements sportifs, il a \u00e9galement rendu compte de la Domino Day, qui a \u00e9t\u00e9 diffus\u00e9e chaque ann\u00e9e \u00e0 la station de t\u00e9l\u00e9vision de Cologne entre 1998 et 2009.<\/p>\n<div id=\"attachment_421860\" class=\"wp-caption alignnone\" style=\"max-width: 300px\"><img fetchpriority=\"high\" decoding=\"async\" class=\"wp-image-421860 size-medium\" src=\"https:\/\/vieassociative.be\/actualites\/wp-content\/uploads\/2025\/08\/Bundesliga-Reporter-Ulli-Potofski-decede-a-lage-de-73-ans.jpg\" alt=\"\" width=\"300\" height=\"200\"><\/div>\n<p>Plus tard, il a d\u00e9m\u00e9nag\u00e9 \u00e0 Sky, o\u00f9 depuis 2006, il a accompagn\u00e9 la Bundesliga et d&rsquo;autres \u00e9v\u00e9nements sportifs majeurs tels que le tournoi de tennis \u00e0 Wimbledon. Potofski a \u00e9galement \u00e9crit plusieurs livres pour enfants tels que \u00ab\u00a0Locke Stays on the Ball\u00a0\u00bb ou \u00ab\u00a0Locke Storms\u00a0\u00bb.<\/p>\n<p>Le 31 juillet, il y a presque une semaine, Potofski a parl\u00e9 dans son podcast \u00ab\u00a0Heart, Soul, Ball\u00a0\u00bb de son s\u00e9jour actuel \u00e0 l&rsquo;h\u00f4pital. \u00ab\u00a0Je me suis retrouv\u00e9 dans mon h\u00f4pital, j&rsquo;esp\u00e8re que je serai bien soign\u00e9 ici. Et le c\u0153ur, l&rsquo;\u00e2me, le ballon continue\u00a0\u00bb, a d\u00e9clar\u00e9 Potofski d&rsquo;une voix affaiblie reconnaissable. Potofski a parl\u00e9 de Schalke, Hertha, Fabian Reese &#8211; et \u00ab\u00a0une saison passionnante\u00a0\u00bb dans la 2e Bundesliga.<\/p>\n<p>Le 6 juillet, Potofski avait parl\u00e9 pour la derni\u00e8re fois sur Instagram et remerciait son partenaire Nadja pour la loyaut\u00e9 \u00ab\u00a0pendant plus de dix ans\u00a0\u00bb. (DPA)<\/p>\n","protected":false},"excerpt":{"rendered":"<p>Le journaliste sportif de longue date Ulli Potofski est mort. Potofski, qui a signal\u00e9 sa premi\u00e8re et plus tard Sky au sujet de la Bundesliga<\/p>\n","protected":false},"author":1,"featured_media":9257,"comment_status":"","ping_status":"","sticky":false,"template":"","format":"standard","meta":{"footnotes":""},"categories":[298],"tags":[584,3644,1223,501,8079,8077,8078],"class_list":["post-9256","post","type-post","status-publish","format-standard","has-post-thumbnail","hentry","category-belgique","tag-ans","tag-bundesliga","tag-decede","tag-lage","tag-potofski","tag-reporter","tag-ulli","generate-columns","tablet-grid-50","mobile-grid-100","grid-parent","grid-33"],"yoast_head":"<!-- This site is optimized with the Yoast SEO plugin v24.0 - https:\/\/yoast.com\/wordpress\/plugins\/seo\/ -->\n<title>Bundesliga Reporter Ulli Potofski d\u00e9c\u00e8de \u00e0 l&#039;\u00e2ge de 73 ans | Vie Associative<\/title>\n<meta name=\"robots\" content=\"index, follow, max-snippet:-1, max-image-preview:large, max-video-preview:-1\" \/>\n<link rel=\"canonical\" href=\"https:\/\/vieassociative.be\/actualites\/bundesliga-reporter-ulli-potofski-decede-a-lage-de-73-ans\/\" \/>\n<meta property=\"og:locale\" content=\"fr_FR\" \/>\n<meta property=\"og:type\" content=\"article\" \/>\n<meta property=\"og:title\" content=\"Bundesliga Reporter Ulli Potofski d\u00e9c\u00e8de \u00e0 l&#039;\u00e2ge de 73 ans | Vie Associative\" \/>\n<meta property=\"og:description\" content=\"Le journaliste sportif de longue date Ulli Potofski est mort. Potofski, qui a signal\u00e9 sa premi\u00e8re et plus tard Sky au sujet de la Bundesliga\" \/>\n<meta property=\"og:url\" content=\"https:\/\/vieassociative.be\/actualites\/bundesliga-reporter-ulli-potofski-decede-a-lage-de-73-ans\/\" \/>\n<meta property=\"og:site_name\" content=\"Vie Associative\" \/>\n<meta property=\"article:published_time\" content=\"2025-08-07T08:18:32+00:00\" \/>\n<meta property=\"og:image\" content=\"https:\/\/vieassociative.be\/actualites\/wp-content\/uploads\/2024\/09\/header_backgroundk-01-e1726694325946.png\" \/>\n\t<meta property=\"og:image:width\" content=\"279\" \/>\n\t<meta property=\"og:image:height\" content=\"92\" \/>\n\t<meta property=\"og:image:type\" content=\"image\/png\" \/>\n<meta name=\"author\" content=\"Julien\" \/>\n<meta name=\"twitter:card\" content=\"summary_large_image\" \/>\n<meta name=\"twitter:label1\" content=\"\u00c9crit par\" \/>\n\t<meta name=\"twitter:data1\" content=\"Julien\" \/>\n\t<meta name=\"twitter:label2\" content=\"Dur\u00e9e de lecture est.\" \/>\n\t<meta name=\"twitter:data2\" content=\"2 minutes\" \/>\n<script type=\"application\/ld+json\" class=\"yoast-schema-graph\">{\"@context\":\"https:\/\/schema.org\",\"@graph\":[{\"@type\":\"Article\",\"@id\":\"https:\/\/vieassociative.be\/actualites\/bundesliga-reporter-ulli-potofski-decede-a-lage-de-73-ans\/#article\",\"isPartOf\":{\"@id\":\"https:\/\/vieassociative.be\/actualites\/bundesliga-reporter-ulli-potofski-decede-a-lage-de-73-ans\/\"},\"author\":{\"name\":\"Julien\",\"@id\":\"https:\/\/vieassociative.be\/actualites\/#\/schema\/person\/b87ac4f82f9d4e7b7cec7395b679edc4\"},\"headline\":\"Bundesliga Reporter Ulli Potofski d\u00e9c\u00e8de \u00e0 l&rsquo;\u00e2ge de 73 ans\",\"datePublished\":\"2025-08-07T08:18:32+00:00\",\"dateModified\":\"2025-08-07T08:18:32+00:00\",\"mainEntityOfPage\":{\"@id\":\"https:\/\/vieassociative.be\/actualites\/bundesliga-reporter-ulli-potofski-decede-a-lage-de-73-ans\/\"},\"wordCount\":331,\"publisher\":{\"@id\":\"https:\/\/vieassociative.be\/actualites\/#organization\"},\"image\":{\"@id\":\"https:\/\/vieassociative.be\/actualites\/bundesliga-reporter-ulli-potofski-decede-a-lage-de-73-ans\/#primaryimage\"},\"thumbnailUrl\":\"https:\/\/vieassociative.be\/actualites\/wp-content\/uploads\/2025\/08\/1754554713_Bundesliga-Reporter-Ulli-Potofski-decede-a-lage-de-73-ans.jpg\",\"keywords\":[\"ans\",\"Bundesliga\",\"d\u00e9c\u00e9d\u00e9\",\"l\u00e2ge\",\"Potofski\",\"Reporter\",\"Ulli\"],\"articleSection\":[\"Belgique\"],\"inLanguage\":\"fr-BE\"},{\"@type\":\"WebPage\",\"@id\":\"https:\/\/vieassociative.be\/actualites\/bundesliga-reporter-ulli-potofski-decede-a-lage-de-73-ans\/\",\"url\":\"https:\/\/vieassociative.be\/actualites\/bundesliga-reporter-ulli-potofski-decede-a-lage-de-73-ans\/\",\"name\":\"Bundesliga Reporter Ulli Potofski d\u00e9c\u00e8de \u00e0 l'\u00e2ge de 73 ans | Vie Associative\",\"isPartOf\":{\"@id\":\"https:\/\/vieassociative.be\/actualites\/#website\"},\"primaryImageOfPage\":{\"@id\":\"https:\/\/vieassociative.be\/actualites\/bundesliga-reporter-ulli-potofski-decede-a-lage-de-73-ans\/#primaryimage\"},\"image\":{\"@id\":\"https:\/\/vieassociative.be\/actualites\/bundesliga-reporter-ulli-potofski-decede-a-lage-de-73-ans\/#primaryimage\"},\"thumbnailUrl\":\"https:\/\/vieassociative.be\/actualites\/wp-content\/uploads\/2025\/08\/1754554713_Bundesliga-Reporter-Ulli-Potofski-decede-a-lage-de-73-ans.jpg\",\"datePublished\":\"2025-08-07T08:18:32+00:00\",\"dateModified\":\"2025-08-07T08:18:32+00:00\",\"breadcrumb\":{\"@id\":\"https:\/\/vieassociative.be\/actualites\/bundesliga-reporter-ulli-potofski-decede-a-lage-de-73-ans\/#breadcrumb\"},\"inLanguage\":\"fr-BE\",\"potentialAction\":[{\"@type\":\"ReadAction\",\"target\":[\"https:\/\/vieassociative.be\/actualites\/bundesliga-reporter-ulli-potofski-decede-a-lage-de-73-ans\/\"]}]},{\"@type\":\"ImageObject\",\"inLanguage\":\"fr-BE\",\"@id\":\"https:\/\/vieassociative.be\/actualites\/bundesliga-reporter-ulli-potofski-decede-a-lage-de-73-ans\/#primaryimage\",\"url\":\"https:\/\/vieassociative.be\/actualites\/wp-content\/uploads\/2025\/08\/1754554713_Bundesliga-Reporter-Ulli-Potofski-decede-a-lage-de-73-ans.jpg\",\"contentUrl\":\"https:\/\/vieassociative.be\/actualites\/wp-content\/uploads\/2025\/08\/1754554713_Bundesliga-Reporter-Ulli-Potofski-decede-a-lage-de-73-ans.jpg\",\"width\":1200,\"height\":800,\"caption\":\"Bundesliga Reporter Ulli Potofski d\u00e9c\u00e8de \u00e0 l'\u00e2ge de 73 ans\"},{\"@type\":\"BreadcrumbList\",\"@id\":\"https:\/\/vieassociative.be\/actualites\/bundesliga-reporter-ulli-potofski-decede-a-lage-de-73-ans\/#breadcrumb\",\"itemListElement\":[{\"@type\":\"ListItem\",\"position\":1,\"name\":\"Accueil\",\"item\":\"https:\/\/vieassociative.be\/actualites\/\"},{\"@type\":\"ListItem\",\"position\":2,\"name\":\"Bundesliga Reporter Ulli Potofski d\u00e9c\u00e8de \u00e0 l&rsquo;\u00e2ge de 73 ans\"}]},{\"@type\":\"WebSite\",\"@id\":\"https:\/\/vieassociative.be\/actualites\/#website\",\"url\":\"https:\/\/vieassociative.be\/actualites\/\",\"name\":\"Vie Associative\",\"description\":\"\",\"publisher\":{\"@id\":\"https:\/\/vieassociative.be\/actualites\/#organization\"},\"potentialAction\":[{\"@type\":\"SearchAction\",\"target\":{\"@type\":\"EntryPoint\",\"urlTemplate\":\"https:\/\/vieassociative.be\/actualites\/?s={search_term_string}\"},\"query-input\":{\"@type\":\"PropertyValueSpecification\",\"valueRequired\":true,\"valueName\":\"search_term_string\"}}],\"inLanguage\":\"fr-BE\"},{\"@type\":\"Organization\",\"@id\":\"https:\/\/vieassociative.be\/actualites\/#organization\",\"name\":\"Vie Associative\",\"url\":\"https:\/\/vieassociative.be\/actualites\/\",\"logo\":{\"@type\":\"ImageObject\",\"inLanguage\":\"fr-BE\",\"@id\":\"https:\/\/vieassociative.be\/actualites\/#\/schema\/logo\/image\/\",\"url\":\"https:\/\/vieassociative.be\/actualites\/wp-content\/uploads\/2024\/09\/cropped-vieassociative_favicon.ico.png\",\"contentUrl\":\"https:\/\/vieassociative.be\/actualites\/wp-content\/uploads\/2024\/09\/cropped-vieassociative_favicon.ico.png\",\"width\":512,\"height\":512,\"caption\":\"Vie Associative\"},\"image\":{\"@id\":\"https:\/\/vieassociative.be\/actualites\/#\/schema\/logo\/image\/\"}},{\"@type\":\"Person\",\"@id\":\"https:\/\/vieassociative.be\/actualites\/#\/schema\/person\/b87ac4f82f9d4e7b7cec7395b679edc4\",\"name\":\"Julien\",\"image\":{\"@type\":\"ImageObject\",\"inLanguage\":\"fr-BE\",\"@id\":\"https:\/\/vieassociative.be\/actualites\/#\/schema\/person\/image\/\",\"url\":\"https:\/\/vieassociative.be\/actualites\/wp-content\/uploads\/2024\/09\/vie-associative-1-150x150.jpg\",\"contentUrl\":\"https:\/\/vieassociative.be\/actualites\/wp-content\/uploads\/2024\/09\/vie-associative-1-150x150.jpg\",\"caption\":\"Julien\"},\"description\":\"Je suis Julien, r\u00e9dacteur pour Vie Associative. Passionn\u00e9 par le monde associatif depuis plus de 10 ans, j'ai \u00e0 c\u0153ur de partager des histoires inspirantes et de mettre en lumi\u00e8re les initiatives locales. Mon objectif est de sensibiliser et d'encourager l'engagement communautaire \u00e0 travers mes articles.\",\"sameAs\":[\"https:\/\/vieassociative.be\/\"]}]}<\/script>\n<!-- \/ Yoast SEO plugin. -->","yoast_head_json":{"title":"Bundesliga Reporter Ulli Potofski d\u00e9c\u00e8de \u00e0 l'\u00e2ge de 73 ans | Vie Associative","robots":{"index":"index","follow":"follow","max-snippet":"max-snippet:-1","max-image-preview":"max-image-preview:large","max-video-preview":"max-video-preview:-1"},"canonical":"https:\/\/vieassociative.be\/actualites\/bundesliga-reporter-ulli-potofski-decede-a-lage-de-73-ans\/","og_locale":"fr_FR","og_type":"article","og_title":"Bundesliga Reporter Ulli Potofski d\u00e9c\u00e8de \u00e0 l'\u00e2ge de 73 ans | Vie Associative","og_description":"Le journaliste sportif de longue date Ulli Potofski est mort. Potofski, qui a signal\u00e9 sa premi\u00e8re et plus tard Sky au sujet de la Bundesliga","og_url":"https:\/\/vieassociative.be\/actualites\/bundesliga-reporter-ulli-potofski-decede-a-lage-de-73-ans\/","og_site_name":"Vie Associative","article_published_time":"2025-08-07T08:18:32+00:00","og_image":[{"width":279,"height":92,"url":"https:\/\/vieassociative.be\/actualites\/wp-content\/uploads\/2024\/09\/header_backgroundk-01-e1726694325946.png","type":"image\/png"}],"author":"Julien","twitter_card":"summary_large_image","twitter_misc":{"\u00c9crit par":"Julien","Dur\u00e9e de lecture est.":"2 minutes"},"schema":{"@context":"https:\/\/schema.org","@graph":[{"@type":"Article","@id":"https:\/\/vieassociative.be\/actualites\/bundesliga-reporter-ulli-potofski-decede-a-lage-de-73-ans\/#article","isPartOf":{"@id":"https:\/\/vieassociative.be\/actualites\/bundesliga-reporter-ulli-potofski-decede-a-lage-de-73-ans\/"},"author":{"name":"Julien","@id":"https:\/\/vieassociative.be\/actualites\/#\/schema\/person\/b87ac4f82f9d4e7b7cec7395b679edc4"},"headline":"Bundesliga Reporter Ulli Potofski d\u00e9c\u00e8de \u00e0 l&rsquo;\u00e2ge de 73 ans","datePublished":"2025-08-07T08:18:32+00:00","dateModified":"2025-08-07T08:18:32+00:00","mainEntityOfPage":{"@id":"https:\/\/vieassociative.be\/actualites\/bundesliga-reporter-ulli-potofski-decede-a-lage-de-73-ans\/"},"wordCount":331,"publisher":{"@id":"https:\/\/vieassociative.be\/actualites\/#organization"},"image":{"@id":"https:\/\/vieassociative.be\/actualites\/bundesliga-reporter-ulli-potofski-decede-a-lage-de-73-ans\/#primaryimage"},"thumbnailUrl":"https:\/\/vieassociative.be\/actualites\/wp-content\/uploads\/2025\/08\/1754554713_Bundesliga-Reporter-Ulli-Potofski-decede-a-lage-de-73-ans.jpg","keywords":["ans","Bundesliga","d\u00e9c\u00e9d\u00e9","l\u00e2ge","Potofski","Reporter","Ulli"],"articleSection":["Belgique"],"inLanguage":"fr-BE"},{"@type":"WebPage","@id":"https:\/\/vieassociative.be\/actualites\/bundesliga-reporter-ulli-potofski-decede-a-lage-de-73-ans\/","url":"https:\/\/vieassociative.be\/actualites\/bundesliga-reporter-ulli-potofski-decede-a-lage-de-73-ans\/","name":"Bundesliga Reporter Ulli Potofski d\u00e9c\u00e8de \u00e0 l'\u00e2ge de 73 ans | Vie Associative","isPartOf":{"@id":"https:\/\/vieassociative.be\/actualites\/#website"},"primaryImageOfPage":{"@id":"https:\/\/vieassociative.be\/actualites\/bundesliga-reporter-ulli-potofski-decede-a-lage-de-73-ans\/#primaryimage"},"image":{"@id":"https:\/\/vieassociative.be\/actualites\/bundesliga-reporter-ulli-potofski-decede-a-lage-de-73-ans\/#primaryimage"},"thumbnailUrl":"https:\/\/vieassociative.be\/actualites\/wp-content\/uploads\/2025\/08\/1754554713_Bundesliga-Reporter-Ulli-Potofski-decede-a-lage-de-73-ans.jpg","datePublished":"2025-08-07T08:18:32+00:00","dateModified":"2025-08-07T08:18:32+00:00","breadcrumb":{"@id":"https:\/\/vieassociative.be\/actualites\/bundesliga-reporter-ulli-potofski-decede-a-lage-de-73-ans\/#breadcrumb"},"inLanguage":"fr-BE","potentialAction":[{"@type":"ReadAction","target":["https:\/\/vieassociative.be\/actualites\/bundesliga-reporter-ulli-potofski-decede-a-lage-de-73-ans\/"]}]},{"@type":"ImageObject","inLanguage":"fr-BE","@id":"https:\/\/vieassociative.be\/actualites\/bundesliga-reporter-ulli-potofski-decede-a-lage-de-73-ans\/#primaryimage","url":"https:\/\/vieassociative.be\/actualites\/wp-content\/uploads\/2025\/08\/1754554713_Bundesliga-Reporter-Ulli-Potofski-decede-a-lage-de-73-ans.jpg","contentUrl":"https:\/\/vieassociative.be\/actualites\/wp-content\/uploads\/2025\/08\/1754554713_Bundesliga-Reporter-Ulli-Potofski-decede-a-lage-de-73-ans.jpg","width":1200,"height":800,"caption":"Bundesliga Reporter Ulli Potofski d\u00e9c\u00e8de \u00e0 l'\u00e2ge de 73 ans"},{"@type":"BreadcrumbList","@id":"https:\/\/vieassociative.be\/actualites\/bundesliga-reporter-ulli-potofski-decede-a-lage-de-73-ans\/#breadcrumb","itemListElement":[{"@type":"ListItem","position":1,"name":"Accueil","item":"https:\/\/vieassociative.be\/actualites\/"},{"@type":"ListItem","position":2,"name":"Bundesliga Reporter Ulli Potofski d\u00e9c\u00e8de \u00e0 l&rsquo;\u00e2ge de 73 ans"}]},{"@type":"WebSite","@id":"https:\/\/vieassociative.be\/actualites\/#website","url":"https:\/\/vieassociative.be\/actualites\/","name":"Vie Associative","description":"","publisher":{"@id":"https:\/\/vieassociative.be\/actualites\/#organization"},"potentialAction":[{"@type":"SearchAction","target":{"@type":"EntryPoint","urlTemplate":"https:\/\/vieassociative.be\/actualites\/?s={search_term_string}"},"query-input":{"@type":"PropertyValueSpecification","valueRequired":true,"valueName":"search_term_string"}}],"inLanguage":"fr-BE"},{"@type":"Organization","@id":"https:\/\/vieassociative.be\/actualites\/#organization","name":"Vie Associative","url":"https:\/\/vieassociative.be\/actualites\/","logo":{"@type":"ImageObject","inLanguage":"fr-BE","@id":"https:\/\/vieassociative.be\/actualites\/#\/schema\/logo\/image\/","url":"https:\/\/vieassociative.be\/actualites\/wp-content\/uploads\/2024\/09\/cropped-vieassociative_favicon.ico.png","contentUrl":"https:\/\/vieassociative.be\/actualites\/wp-content\/uploads\/2024\/09\/cropped-vieassociative_favicon.ico.png","width":512,"height":512,"caption":"Vie Associative"},"image":{"@id":"https:\/\/vieassociative.be\/actualites\/#\/schema\/logo\/image\/"}},{"@type":"Person","@id":"https:\/\/vieassociative.be\/actualites\/#\/schema\/person\/b87ac4f82f9d4e7b7cec7395b679edc4","name":"Julien","image":{"@type":"ImageObject","inLanguage":"fr-BE","@id":"https:\/\/vieassociative.be\/actualites\/#\/schema\/person\/image\/","url":"https:\/\/vieassociative.be\/actualites\/wp-content\/uploads\/2024\/09\/vie-associative-1-150x150.jpg","contentUrl":"https:\/\/vieassociative.be\/actualites\/wp-content\/uploads\/2024\/09\/vie-associative-1-150x150.jpg","caption":"Julien"},"description":"Je suis Julien, r\u00e9dacteur pour Vie Associative. Passionn\u00e9 par le monde associatif depuis plus de 10 ans, j'ai \u00e0 c\u0153ur de partager des histoires inspirantes et de mettre en lumi\u00e8re les initiatives locales. Mon objectif est de sensibiliser et d'encourager l'engagement communautaire \u00e0 travers mes articles.","sameAs":["https:\/\/vieassociative.be\/"]}]}},"_links":{"self":[{"href":"https:\/\/vieassociative.be\/actualites\/wp-json\/wp\/v2\/posts\/9256"}],"collection":[{"href":"https:\/\/vieassociative.be\/actualites\/wp-json\/wp\/v2\/posts"}],"about":[{"href":"https:\/\/vieassociative.be\/actualites\/wp-json\/wp\/v2\/types\/post"}],"author":[{"embeddable":true,"href":"https:\/\/vieassociative.be\/actualites\/wp-json\/wp\/v2\/users\/1"}],"replies":[{"embeddable":true,"href":"https:\/\/vieassociative.be\/actualites\/wp-json\/wp\/v2\/comments?post=9256"}],"version-history":[{"count":0,"href":"https:\/\/vieassociative.be\/actualites\/wp-json\/wp\/v2\/posts\/9256\/revisions"}],"wp:featuredmedia":[{"embeddable":true,"href":"https:\/\/vieassociative.be\/actualites\/wp-json\/wp\/v2\/media\/9257"}],"wp:attachment":[{"href":"https:\/\/vieassociative.be\/actualites\/wp-json\/wp\/v2\/media?parent=9256"}],"wp:term":[{"taxonomy":"category","embeddable":true,"href":"https:\/\/vieassociative.be\/actualites\/wp-json\/wp\/v2\/categories?post=9256"},{"taxonomy":"post_tag","embeddable":true,"href":"https:\/\/vieassociative.be\/actualites\/wp-json\/wp\/v2\/tags?post=9256"}],"curies":[{"name":"wp","href":"https:\/\/api.w.org\/{rel}","templated":true}]}}