{"id":9252,"date":"2025-08-07T08:19:05","date_gmt":"2025-08-07T06:19:05","guid":{"rendered":"https:\/\/vieassociative.be\/actualites\/la-derniere-mise-a-jour-dinstagram-a-ajoute-des-republiers-et-un-clone-de-carte-instantanee\/"},"modified":"2025-08-07T08:19:05","modified_gmt":"2025-08-07T06:19:05","slug":"la-derniere-mise-a-jour-dinstagram-a-ajoute-des-republiers-et-un-clone-de-carte-instantanee","status":"publish","type":"post","link":"https:\/\/vieassociative.be\/actualites\/la-derniere-mise-a-jour-dinstagram-a-ajoute-des-republiers-et-un-clone-de-carte-instantanee\/","title":{"rendered":"La derni\u00e8re mise \u00e0 jour d&rsquo;Instagram a ajout\u00e9 des republiers et un clone de carte instantan\u00e9e"},"content":{"rendered":"<div class=\"mt-4 leading-6 md:mb-8\">Meta essaie de d\u00e9gager encore plus de la comp\u00e9tition.<\/div>\n<p><\/p>\n<p>Instagram copie les principales fonctionnalit\u00e9s de trois autres r\u00e9seaux sociaux dans une mise \u00e0 jour de balayage. Il ajoute une carte instantan\u00e9e de type Snapchat, une option de republication clairement inspir\u00e9e par X (mais impl\u00e9ment\u00e9e dans le style de Tiktok), et pour faire bonne mesure, il d\u00e9ploie \u00e9galement son alimentation en bobine \u00ab\u00a0Friends\u00a0\u00bb de type Tiktok \u00e0 l&rsquo;\u00e9chelle mondiale. C&rsquo;est beaucoup \u00e0 prendre, alors d\u00e9composons cela.<\/p>\n<h2 id=\"reels-and-reposts\">Bobines et republier<\/h2>\n<div class=\"eloquent-imagery-image\">\n<div class=\"flex justify-center\">\n                    <img decoding=\"async\" class=\"border border-gray-100\" src=\"https:\/\/vieassociative.be\/actualites\/wp-content\/uploads\/2025\/08\/La-derniere-mise-a-jour-dInstagram-a-ajoute-des-republiers.jpg\" alt=\"Instagram Reels republier.\" width=\"2000\" height=\"1742\" loading=\"lazy\"  >\n            <\/div>\n<\/p><\/div>\n<p>Les republication arrivent enfin \u00e0 votre profil Instagram. La nouvelle fonctionnalit\u00e9 de republication permettra \u00e0 quiconque republiera des rouleaux publics ou des messages sur sa propre page, sans avoir \u00e0 se soucier de la solution de contournement Instagram pr\u00e9c\u00e9dente. Ceux-ci appara\u00eetront dans les flux de vos amis, mais contrairement \u00e0 d&rsquo;autres sites, les republier ne seront pas m\u00e9lang\u00e9s avec vos messages r\u00e9guliers sur votre propre profil et seront plut\u00f4t h\u00e9berg\u00e9s dans un nouvel onglet Recows. Comme un article de devis sur X, vous pouvez \u00e9galement ajouter vos propres commentaires aux republication, qui appara\u00eetront sur eux dans une petite bulle. Pour contr\u00f4ler si vos messages peuvent \u00eatre republi\u00e9s, acc\u00e9dez \u00e0 <strong>Param\u00e8tres et activit\u00e9 <\/strong>><strong> Partage et r\u00e9utilisation<\/strong>.<\/p>\n<h2 id=\"welcome-to-instagram-map\">Bienvenue sur la carte Instagram<\/h2>\n<div class=\"eloquent-imagery-image\">\n<div class=\"flex justify-center\">\n                    <img decoding=\"async\" class=\"border border-gray-100\" src=\"https:\/\/vieassociative.be\/actualites\/wp-content\/uploads\/2025\/08\/1754547545_327_La-derniere-mise-a-jour-dInstagram-a-ajoute-des-republiers.jpg\" alt=\"Carte Instagram\" width=\"2000\" height=\"1742\" loading=\"lazy\"  >\n            <\/div>\n<\/p><\/div>\n<p>La nouvelle fonctionnalit\u00e9 de carte d&rsquo;Instagram permettra aux utilisateurs de partager leur emplacement actif le plus r\u00e9cent avec leurs d\u00e9mons sur une carte interactive, que le site peut utiliser pour promouvoir plus de contenu bas\u00e9 sur la localisation. Cela rappelle la fonction de carte Snapchat, mais avec une diff\u00e9rence majeure. Snapchat vous permet de partager votre emplacement m\u00eame lorsque vous n&rsquo;utilisez pas l&rsquo;application, mais Instagram limite les mises \u00e0 jour de l&#8217;emplacement \u00e0 l&rsquo;ouverture active de l&rsquo;application. Il est \u00e9galement important de noter que le partage de localisation est d\u00e9sactiv\u00e9 par d\u00e9faut, vous devrez donc l&rsquo;allumer manuellement (sous <strong>Messages<\/strong> > <strong>Carte<\/strong> > <strong>Param\u00e8tres<\/strong>) pour publier votre emplacement sur la carte Instagram.<\/p>\n<div class=\"mx-auto mb-12 mt-5 w-full max-w-3xl rounded-md border-2 border-gray-100 p-3 shadow-md md:px-7 md:pb-7 md:pt-5\" id=\"related-video\">\n<div class=\"mb-3 flex items-center md:mb-5\">\n        <img decoding=\"async\" class=\"mr-4 mt-0 h-10 w-10 md:mr-5 md:h-12 md:w-12\" src=\"https:\/\/vieassociative.be\/actualites\/wp-content\/uploads\/2025\/08\/1754414314_422_Les-brins-du-NYT-daujourdhui-indiquent-et-repondent-pour-le.jpg\" alt=\"Logo Lifehacker\"><\/p><\/div>\n<div class=\"aspect-video w-full overflow-hidden rounded-md\">\n<div id=\"video-container-01K21J5BMCHN81E4HHSFFC8HKQ\"><\/div>\n<\/p><\/div>\n<\/div>\n<p>Instagram esp\u00e8re que les utilisateurs utiliseront la fonction de carte pour planifier des lieux de rencontre, mais j&rsquo;ai h\u00e2te de l&rsquo;utiliser pour m&rsquo;assurer que je suis loin de mes abonn\u00e9s Instagram. Instagram affichera \u00e9galement des histoires avec le partage de localisation activ\u00e9e sur la page de la carte, donc si votre ami ou votre influenceur local pr\u00e9f\u00e9r\u00e9 publie sur un nouveau caf\u00e9, il s&rsquo;y appara\u00eetra \u00e9galement, et vous n&rsquo;aurez m\u00eame pas besoin de partager l&#8217;emplacement pour le voir. De m\u00eame, les utilisateurs peuvent \u00e9galement partager des notes ou des messages courts directement sur la carte.<\/p>\n<h2 id=\"friends-tab-in-reels-goes-global\">Onglet \u00abamis\u00bb en bobines devient globale<\/h2>\n<div class=\"eloquent-imagery-image\">\n<div class=\"flex justify-center\">\n                    <img decoding=\"async\" class=\"border border-gray-100\" src=\"https:\/\/vieassociative.be\/actualites\/wp-content\/uploads\/2025\/08\/1754547545_76_La-derniere-mise-a-jour-dInstagram-a-ajoute-des-republiers.jpg\" alt=\"Onglet d'amis en bobines.\" width=\"2000\" height=\"1742\" loading=\"lazy\"  >\n            <\/div>\n<\/p><\/div>\n<p>Meta a d\u00e9j\u00e0 test\u00e9 un flux d&rsquo;amis d\u00e9vou\u00e9s pour l&rsquo;onglet des bobines aux \u00c9tats-Unis, mais maintenant il se d\u00e9roule \u00e0 l&rsquo;\u00e9chelle mondiale. Si vous avez toujours voulu un endroit qui vous montre tous les rouleaux \u00e9tranges que vos amis aiment et commentent, c&rsquo;est tout. Cela montrera seulement des bobines que vos amis ont cr\u00e9\u00e9, aim\u00e9, comment\u00e9 ou republi\u00e9, mais si vous voulez une confidentialit\u00e9 suppl\u00e9mentaire, Meta dit que cela fonctionne sur le d\u00e9ploiement de moyens de cacher vos propres go\u00fbts et commentaires de se pr\u00e9senter dans ce flux, ainsi que des activit\u00e9s muet d&rsquo;amis sp\u00e9cifiques. L&rsquo;onglet Friends se trouve juste au-dessus de l&rsquo;\u00e9cran des bobines, bien que je n&rsquo;ai pas encore localis\u00e9 les nouveaux contr\u00f4les de confidentialit\u00e9 &#8211; ils auront probablement besoin de temps pour atteindre tout le monde.<\/p>\n<p><script async src=\"\/\/www.instagram.com\/embed.js\"><\/script><\/p>\n","protected":false},"excerpt":{"rendered":"<p>Meta essaie de d\u00e9gager encore plus de la comp\u00e9tition. Instagram copie les principales fonctionnalit\u00e9s de trois autres r\u00e9seaux sociaux dans une mise \u00e0 jour de<\/p>\n","protected":false},"author":1,"featured_media":9253,"comment_status":"","ping_status":"","sticky":false,"template":"","format":"standard","meta":{"footnotes":""},"categories":[13],"tags":[6658,3055,8074,139,29,6491,6239,53,2183,8073],"class_list":["post-9252","post","type-post","status-publish","format-standard","has-post-thumbnail","hentry","category-technologie","tag-ajoute","tag-carte","tag-clone","tag-derniere","tag-des","tag-dinstagram","tag-instantanee","tag-jour","tag-mise","tag-republiers","generate-columns","tablet-grid-50","mobile-grid-100","grid-parent","grid-33"],"yoast_head":"<!-- This site is optimized with the Yoast SEO plugin v24.0 - https:\/\/yoast.com\/wordpress\/plugins\/seo\/ -->\n<title>La derni\u00e8re mise \u00e0 jour d&#039;Instagram a ajout\u00e9 des republiers et un clone de carte instantan\u00e9e | Vie Associative<\/title>\n<meta name=\"robots\" content=\"index, follow, max-snippet:-1, max-image-preview:large, max-video-preview:-1\" \/>\n<link rel=\"canonical\" href=\"https:\/\/vieassociative.be\/actualites\/la-derniere-mise-a-jour-dinstagram-a-ajoute-des-republiers-et-un-clone-de-carte-instantanee\/\" \/>\n<meta property=\"og:locale\" content=\"fr_FR\" \/>\n<meta property=\"og:type\" content=\"article\" \/>\n<meta property=\"og:title\" content=\"La derni\u00e8re mise \u00e0 jour d&#039;Instagram a ajout\u00e9 des republiers et un clone de carte instantan\u00e9e | Vie Associative\" \/>\n<meta property=\"og:description\" content=\"Meta essaie de d\u00e9gager encore plus de la comp\u00e9tition. Instagram copie les principales fonctionnalit\u00e9s de trois autres r\u00e9seaux sociaux dans une mise \u00e0 jour de\" \/>\n<meta property=\"og:url\" content=\"https:\/\/vieassociative.be\/actualites\/la-derniere-mise-a-jour-dinstagram-a-ajoute-des-republiers-et-un-clone-de-carte-instantanee\/\" \/>\n<meta property=\"og:site_name\" content=\"Vie Associative\" \/>\n<meta property=\"article:published_time\" content=\"2025-08-07T06:19:05+00:00\" \/>\n<meta property=\"og:image\" content=\"https:\/\/vieassociative.be\/actualites\/wp-content\/uploads\/2025\/08\/La-derniere-mise-a-jour-dInstagram-a-ajoute-des-republiers.jpg\" \/>\n<meta name=\"author\" content=\"Julien\" \/>\n<meta name=\"twitter:card\" content=\"summary_large_image\" \/>\n<meta name=\"twitter:label1\" content=\"\u00c9crit par\" \/>\n\t<meta name=\"twitter:data1\" content=\"Julien\" \/>\n\t<meta name=\"twitter:label2\" content=\"Dur\u00e9e de lecture est.\" \/>\n\t<meta name=\"twitter:data2\" content=\"3 minutes\" \/>\n<script type=\"application\/ld+json\" class=\"yoast-schema-graph\">{\"@context\":\"https:\/\/schema.org\",\"@graph\":[{\"@type\":\"Article\",\"@id\":\"https:\/\/vieassociative.be\/actualites\/la-derniere-mise-a-jour-dinstagram-a-ajoute-des-republiers-et-un-clone-de-carte-instantanee\/#article\",\"isPartOf\":{\"@id\":\"https:\/\/vieassociative.be\/actualites\/la-derniere-mise-a-jour-dinstagram-a-ajoute-des-republiers-et-un-clone-de-carte-instantanee\/\"},\"author\":{\"name\":\"Julien\",\"@id\":\"https:\/\/vieassociative.be\/actualites\/#\/schema\/person\/b87ac4f82f9d4e7b7cec7395b679edc4\"},\"headline\":\"La derni\u00e8re mise \u00e0 jour d&rsquo;Instagram a ajout\u00e9 des republiers et un clone de carte instantan\u00e9e\",\"datePublished\":\"2025-08-07T06:19:05+00:00\",\"dateModified\":\"2025-08-07T06:19:05+00:00\",\"mainEntityOfPage\":{\"@id\":\"https:\/\/vieassociative.be\/actualites\/la-derniere-mise-a-jour-dinstagram-a-ajoute-des-republiers-et-un-clone-de-carte-instantanee\/\"},\"wordCount\":620,\"publisher\":{\"@id\":\"https:\/\/vieassociative.be\/actualites\/#organization\"},\"image\":{\"@id\":\"https:\/\/vieassociative.be\/actualites\/la-derniere-mise-a-jour-dinstagram-a-ajoute-des-republiers-et-un-clone-de-carte-instantanee\/#primaryimage\"},\"thumbnailUrl\":\"https:\/\/vieassociative.be\/actualites\/wp-content\/uploads\/2025\/08\/La-derniere-mise-a-jour-dInstagram-a-ajoute-des-republiers.png\",\"keywords\":[\"ajoute\",\"carte\",\"clone\",\"derni\u00e8re\",\"Des\",\"dInstagram\",\"instantan\u00e9e\",\"jour\",\"mise\",\"republiers\"],\"articleSection\":[\"Technologie\"],\"inLanguage\":\"fr-BE\"},{\"@type\":\"WebPage\",\"@id\":\"https:\/\/vieassociative.be\/actualites\/la-derniere-mise-a-jour-dinstagram-a-ajoute-des-republiers-et-un-clone-de-carte-instantanee\/\",\"url\":\"https:\/\/vieassociative.be\/actualites\/la-derniere-mise-a-jour-dinstagram-a-ajoute-des-republiers-et-un-clone-de-carte-instantanee\/\",\"name\":\"La derni\u00e8re mise \u00e0 jour d'Instagram a ajout\u00e9 des republiers et un clone de carte instantan\u00e9e | Vie Associative\",\"isPartOf\":{\"@id\":\"https:\/\/vieassociative.be\/actualites\/#website\"},\"primaryImageOfPage\":{\"@id\":\"https:\/\/vieassociative.be\/actualites\/la-derniere-mise-a-jour-dinstagram-a-ajoute-des-republiers-et-un-clone-de-carte-instantanee\/#primaryimage\"},\"image\":{\"@id\":\"https:\/\/vieassociative.be\/actualites\/la-derniere-mise-a-jour-dinstagram-a-ajoute-des-republiers-et-un-clone-de-carte-instantanee\/#primaryimage\"},\"thumbnailUrl\":\"https:\/\/vieassociative.be\/actualites\/wp-content\/uploads\/2025\/08\/La-derniere-mise-a-jour-dInstagram-a-ajoute-des-republiers.png\",\"datePublished\":\"2025-08-07T06:19:05+00:00\",\"dateModified\":\"2025-08-07T06:19:05+00:00\",\"breadcrumb\":{\"@id\":\"https:\/\/vieassociative.be\/actualites\/la-derniere-mise-a-jour-dinstagram-a-ajoute-des-republiers-et-un-clone-de-carte-instantanee\/#breadcrumb\"},\"inLanguage\":\"fr-BE\",\"potentialAction\":[{\"@type\":\"ReadAction\",\"target\":[\"https:\/\/vieassociative.be\/actualites\/la-derniere-mise-a-jour-dinstagram-a-ajoute-des-republiers-et-un-clone-de-carte-instantanee\/\"]}]},{\"@type\":\"ImageObject\",\"inLanguage\":\"fr-BE\",\"@id\":\"https:\/\/vieassociative.be\/actualites\/la-derniere-mise-a-jour-dinstagram-a-ajoute-des-republiers-et-un-clone-de-carte-instantanee\/#primaryimage\",\"url\":\"https:\/\/vieassociative.be\/actualites\/wp-content\/uploads\/2025\/08\/La-derniere-mise-a-jour-dInstagram-a-ajoute-des-republiers.png\",\"contentUrl\":\"https:\/\/vieassociative.be\/actualites\/wp-content\/uploads\/2025\/08\/La-derniere-mise-a-jour-dInstagram-a-ajoute-des-republiers.png\",\"width\":1200,\"height\":675,\"caption\":\"La derni\u00e8re mise \u00e0 jour d'Instagram a ajout\u00e9 des republiers et un clone de carte instantan\u00e9e\"},{\"@type\":\"BreadcrumbList\",\"@id\":\"https:\/\/vieassociative.be\/actualites\/la-derniere-mise-a-jour-dinstagram-a-ajoute-des-republiers-et-un-clone-de-carte-instantanee\/#breadcrumb\",\"itemListElement\":[{\"@type\":\"ListItem\",\"position\":1,\"name\":\"Accueil\",\"item\":\"https:\/\/vieassociative.be\/actualites\/\"},{\"@type\":\"ListItem\",\"position\":2,\"name\":\"La derni\u00e8re mise \u00e0 jour d&rsquo;Instagram a ajout\u00e9 des republiers et un clone de carte instantan\u00e9e\"}]},{\"@type\":\"WebSite\",\"@id\":\"https:\/\/vieassociative.be\/actualites\/#website\",\"url\":\"https:\/\/vieassociative.be\/actualites\/\",\"name\":\"Vie Associative\",\"description\":\"\",\"publisher\":{\"@id\":\"https:\/\/vieassociative.be\/actualites\/#organization\"},\"potentialAction\":[{\"@type\":\"SearchAction\",\"target\":{\"@type\":\"EntryPoint\",\"urlTemplate\":\"https:\/\/vieassociative.be\/actualites\/?s={search_term_string}\"},\"query-input\":{\"@type\":\"PropertyValueSpecification\",\"valueRequired\":true,\"valueName\":\"search_term_string\"}}],\"inLanguage\":\"fr-BE\"},{\"@type\":\"Organization\",\"@id\":\"https:\/\/vieassociative.be\/actualites\/#organization\",\"name\":\"Vie Associative\",\"url\":\"https:\/\/vieassociative.be\/actualites\/\",\"logo\":{\"@type\":\"ImageObject\",\"inLanguage\":\"fr-BE\",\"@id\":\"https:\/\/vieassociative.be\/actualites\/#\/schema\/logo\/image\/\",\"url\":\"https:\/\/vieassociative.be\/actualites\/wp-content\/uploads\/2024\/09\/cropped-vieassociative_favicon.ico.png\",\"contentUrl\":\"https:\/\/vieassociative.be\/actualites\/wp-content\/uploads\/2024\/09\/cropped-vieassociative_favicon.ico.png\",\"width\":512,\"height\":512,\"caption\":\"Vie Associative\"},\"image\":{\"@id\":\"https:\/\/vieassociative.be\/actualites\/#\/schema\/logo\/image\/\"}},{\"@type\":\"Person\",\"@id\":\"https:\/\/vieassociative.be\/actualites\/#\/schema\/person\/b87ac4f82f9d4e7b7cec7395b679edc4\",\"name\":\"Julien\",\"image\":{\"@type\":\"ImageObject\",\"inLanguage\":\"fr-BE\",\"@id\":\"https:\/\/vieassociative.be\/actualites\/#\/schema\/person\/image\/\",\"url\":\"https:\/\/vieassociative.be\/actualites\/wp-content\/uploads\/2024\/09\/vie-associative-1-150x150.jpg\",\"contentUrl\":\"https:\/\/vieassociative.be\/actualites\/wp-content\/uploads\/2024\/09\/vie-associative-1-150x150.jpg\",\"caption\":\"Julien\"},\"description\":\"Je suis Julien, r\u00e9dacteur pour Vie Associative. Passionn\u00e9 par le monde associatif depuis plus de 10 ans, j'ai \u00e0 c\u0153ur de partager des histoires inspirantes et de mettre en lumi\u00e8re les initiatives locales. Mon objectif est de sensibiliser et d'encourager l'engagement communautaire \u00e0 travers mes articles.\",\"sameAs\":[\"https:\/\/vieassociative.be\/\"]}]}<\/script>\n<!-- \/ Yoast SEO plugin. -->","yoast_head_json":{"title":"La derni\u00e8re mise \u00e0 jour d'Instagram a ajout\u00e9 des republiers et un clone de carte instantan\u00e9e | Vie Associative","robots":{"index":"index","follow":"follow","max-snippet":"max-snippet:-1","max-image-preview":"max-image-preview:large","max-video-preview":"max-video-preview:-1"},"canonical":"https:\/\/vieassociative.be\/actualites\/la-derniere-mise-a-jour-dinstagram-a-ajoute-des-republiers-et-un-clone-de-carte-instantanee\/","og_locale":"fr_FR","og_type":"article","og_title":"La derni\u00e8re mise \u00e0 jour d'Instagram a ajout\u00e9 des republiers et un clone de carte instantan\u00e9e | Vie Associative","og_description":"Meta essaie de d\u00e9gager encore plus de la comp\u00e9tition. Instagram copie les principales fonctionnalit\u00e9s de trois autres r\u00e9seaux sociaux dans une mise \u00e0 jour de","og_url":"https:\/\/vieassociative.be\/actualites\/la-derniere-mise-a-jour-dinstagram-a-ajoute-des-republiers-et-un-clone-de-carte-instantanee\/","og_site_name":"Vie Associative","article_published_time":"2025-08-07T06:19:05+00:00","og_image":[{"url":"https:\/\/vieassociative.be\/actualites\/wp-content\/uploads\/2025\/08\/La-derniere-mise-a-jour-dInstagram-a-ajoute-des-republiers.jpg","type":"","width":"","height":""}],"author":"Julien","twitter_card":"summary_large_image","twitter_misc":{"\u00c9crit par":"Julien","Dur\u00e9e de lecture est.":"3 minutes"},"schema":{"@context":"https:\/\/schema.org","@graph":[{"@type":"Article","@id":"https:\/\/vieassociative.be\/actualites\/la-derniere-mise-a-jour-dinstagram-a-ajoute-des-republiers-et-un-clone-de-carte-instantanee\/#article","isPartOf":{"@id":"https:\/\/vieassociative.be\/actualites\/la-derniere-mise-a-jour-dinstagram-a-ajoute-des-republiers-et-un-clone-de-carte-instantanee\/"},"author":{"name":"Julien","@id":"https:\/\/vieassociative.be\/actualites\/#\/schema\/person\/b87ac4f82f9d4e7b7cec7395b679edc4"},"headline":"La derni\u00e8re mise \u00e0 jour d&rsquo;Instagram a ajout\u00e9 des republiers et un clone de carte instantan\u00e9e","datePublished":"2025-08-07T06:19:05+00:00","dateModified":"2025-08-07T06:19:05+00:00","mainEntityOfPage":{"@id":"https:\/\/vieassociative.be\/actualites\/la-derniere-mise-a-jour-dinstagram-a-ajoute-des-republiers-et-un-clone-de-carte-instantanee\/"},"wordCount":620,"publisher":{"@id":"https:\/\/vieassociative.be\/actualites\/#organization"},"image":{"@id":"https:\/\/vieassociative.be\/actualites\/la-derniere-mise-a-jour-dinstagram-a-ajoute-des-republiers-et-un-clone-de-carte-instantanee\/#primaryimage"},"thumbnailUrl":"https:\/\/vieassociative.be\/actualites\/wp-content\/uploads\/2025\/08\/La-derniere-mise-a-jour-dInstagram-a-ajoute-des-republiers.png","keywords":["ajoute","carte","clone","derni\u00e8re","Des","dInstagram","instantan\u00e9e","jour","mise","republiers"],"articleSection":["Technologie"],"inLanguage":"fr-BE"},{"@type":"WebPage","@id":"https:\/\/vieassociative.be\/actualites\/la-derniere-mise-a-jour-dinstagram-a-ajoute-des-republiers-et-un-clone-de-carte-instantanee\/","url":"https:\/\/vieassociative.be\/actualites\/la-derniere-mise-a-jour-dinstagram-a-ajoute-des-republiers-et-un-clone-de-carte-instantanee\/","name":"La derni\u00e8re mise \u00e0 jour d'Instagram a ajout\u00e9 des republiers et un clone de carte instantan\u00e9e | Vie Associative","isPartOf":{"@id":"https:\/\/vieassociative.be\/actualites\/#website"},"primaryImageOfPage":{"@id":"https:\/\/vieassociative.be\/actualites\/la-derniere-mise-a-jour-dinstagram-a-ajoute-des-republiers-et-un-clone-de-carte-instantanee\/#primaryimage"},"image":{"@id":"https:\/\/vieassociative.be\/actualites\/la-derniere-mise-a-jour-dinstagram-a-ajoute-des-republiers-et-un-clone-de-carte-instantanee\/#primaryimage"},"thumbnailUrl":"https:\/\/vieassociative.be\/actualites\/wp-content\/uploads\/2025\/08\/La-derniere-mise-a-jour-dInstagram-a-ajoute-des-republiers.png","datePublished":"2025-08-07T06:19:05+00:00","dateModified":"2025-08-07T06:19:05+00:00","breadcrumb":{"@id":"https:\/\/vieassociative.be\/actualites\/la-derniere-mise-a-jour-dinstagram-a-ajoute-des-republiers-et-un-clone-de-carte-instantanee\/#breadcrumb"},"inLanguage":"fr-BE","potentialAction":[{"@type":"ReadAction","target":["https:\/\/vieassociative.be\/actualites\/la-derniere-mise-a-jour-dinstagram-a-ajoute-des-republiers-et-un-clone-de-carte-instantanee\/"]}]},{"@type":"ImageObject","inLanguage":"fr-BE","@id":"https:\/\/vieassociative.be\/actualites\/la-derniere-mise-a-jour-dinstagram-a-ajoute-des-republiers-et-un-clone-de-carte-instantanee\/#primaryimage","url":"https:\/\/vieassociative.be\/actualites\/wp-content\/uploads\/2025\/08\/La-derniere-mise-a-jour-dInstagram-a-ajoute-des-republiers.png","contentUrl":"https:\/\/vieassociative.be\/actualites\/wp-content\/uploads\/2025\/08\/La-derniere-mise-a-jour-dInstagram-a-ajoute-des-republiers.png","width":1200,"height":675,"caption":"La derni\u00e8re mise \u00e0 jour d'Instagram a ajout\u00e9 des republiers et un clone de carte instantan\u00e9e"},{"@type":"BreadcrumbList","@id":"https:\/\/vieassociative.be\/actualites\/la-derniere-mise-a-jour-dinstagram-a-ajoute-des-republiers-et-un-clone-de-carte-instantanee\/#breadcrumb","itemListElement":[{"@type":"ListItem","position":1,"name":"Accueil","item":"https:\/\/vieassociative.be\/actualites\/"},{"@type":"ListItem","position":2,"name":"La derni\u00e8re mise \u00e0 jour d&rsquo;Instagram a ajout\u00e9 des republiers et un clone de carte instantan\u00e9e"}]},{"@type":"WebSite","@id":"https:\/\/vieassociative.be\/actualites\/#website","url":"https:\/\/vieassociative.be\/actualites\/","name":"Vie Associative","description":"","publisher":{"@id":"https:\/\/vieassociative.be\/actualites\/#organization"},"potentialAction":[{"@type":"SearchAction","target":{"@type":"EntryPoint","urlTemplate":"https:\/\/vieassociative.be\/actualites\/?s={search_term_string}"},"query-input":{"@type":"PropertyValueSpecification","valueRequired":true,"valueName":"search_term_string"}}],"inLanguage":"fr-BE"},{"@type":"Organization","@id":"https:\/\/vieassociative.be\/actualites\/#organization","name":"Vie Associative","url":"https:\/\/vieassociative.be\/actualites\/","logo":{"@type":"ImageObject","inLanguage":"fr-BE","@id":"https:\/\/vieassociative.be\/actualites\/#\/schema\/logo\/image\/","url":"https:\/\/vieassociative.be\/actualites\/wp-content\/uploads\/2024\/09\/cropped-vieassociative_favicon.ico.png","contentUrl":"https:\/\/vieassociative.be\/actualites\/wp-content\/uploads\/2024\/09\/cropped-vieassociative_favicon.ico.png","width":512,"height":512,"caption":"Vie Associative"},"image":{"@id":"https:\/\/vieassociative.be\/actualites\/#\/schema\/logo\/image\/"}},{"@type":"Person","@id":"https:\/\/vieassociative.be\/actualites\/#\/schema\/person\/b87ac4f82f9d4e7b7cec7395b679edc4","name":"Julien","image":{"@type":"ImageObject","inLanguage":"fr-BE","@id":"https:\/\/vieassociative.be\/actualites\/#\/schema\/person\/image\/","url":"https:\/\/vieassociative.be\/actualites\/wp-content\/uploads\/2024\/09\/vie-associative-1-150x150.jpg","contentUrl":"https:\/\/vieassociative.be\/actualites\/wp-content\/uploads\/2024\/09\/vie-associative-1-150x150.jpg","caption":"Julien"},"description":"Je suis Julien, r\u00e9dacteur pour Vie Associative. Passionn\u00e9 par le monde associatif depuis plus de 10 ans, j'ai \u00e0 c\u0153ur de partager des histoires inspirantes et de mettre en lumi\u00e8re les initiatives locales. Mon objectif est de sensibiliser et d'encourager l'engagement communautaire \u00e0 travers mes articles.","sameAs":["https:\/\/vieassociative.be\/"]}]}},"_links":{"self":[{"href":"https:\/\/vieassociative.be\/actualites\/wp-json\/wp\/v2\/posts\/9252"}],"collection":[{"href":"https:\/\/vieassociative.be\/actualites\/wp-json\/wp\/v2\/posts"}],"about":[{"href":"https:\/\/vieassociative.be\/actualites\/wp-json\/wp\/v2\/types\/post"}],"author":[{"embeddable":true,"href":"https:\/\/vieassociative.be\/actualites\/wp-json\/wp\/v2\/users\/1"}],"replies":[{"embeddable":true,"href":"https:\/\/vieassociative.be\/actualites\/wp-json\/wp\/v2\/comments?post=9252"}],"version-history":[{"count":0,"href":"https:\/\/vieassociative.be\/actualites\/wp-json\/wp\/v2\/posts\/9252\/revisions"}],"wp:featuredmedia":[{"embeddable":true,"href":"https:\/\/vieassociative.be\/actualites\/wp-json\/wp\/v2\/media\/9253"}],"wp:attachment":[{"href":"https:\/\/vieassociative.be\/actualites\/wp-json\/wp\/v2\/media?parent=9252"}],"wp:term":[{"taxonomy":"category","embeddable":true,"href":"https:\/\/vieassociative.be\/actualites\/wp-json\/wp\/v2\/categories?post=9252"},{"taxonomy":"post_tag","embeddable":true,"href":"https:\/\/vieassociative.be\/actualites\/wp-json\/wp\/v2\/tags?post=9252"}],"curies":[{"name":"wp","href":"https:\/\/api.w.org\/{rel}","templated":true}]}}