{"id":9250,"date":"2025-08-07T04:17:08","date_gmt":"2025-08-07T02:17:08","guid":{"rendered":"https:\/\/vieassociative.be\/actualites\/il-y-a-80-ans-le-bombardement-atomique-a-hiroshima-le-risque-dun-conflit-nucleaire-augmente-a-nouveau-video\/"},"modified":"2025-08-07T04:17:08","modified_gmt":"2025-08-07T02:17:08","slug":"il-y-a-80-ans-le-bombardement-atomique-a-hiroshima-le-risque-dun-conflit-nucleaire-augmente-a-nouveau-video","status":"publish","type":"post","link":"https:\/\/vieassociative.be\/actualites\/il-y-a-80-ans-le-bombardement-atomique-a-hiroshima-le-risque-dun-conflit-nucleaire-augmente-a-nouveau-video\/","title":{"rendered":"Il y a 80 ans, le bombardement atomique \u00e0 Hiroshima &#8211; le risque d&rsquo;un conflit nucl\u00e9aire augmente \u00e0 nouveau (vid\u00e9o)"},"content":{"rendered":"<p><strong>Avec les premi\u00e8res bombes atomiques utilis\u00e9es dans la guerre, les \u00c9tats-Unis ont transform\u00e9 Hiroshima et Nagasaki en enfer en 1945. Le maire d&rsquo;Hiroshima a un message important pour la jeune g\u00e9n\u00e9ration.<\/strong><\/p>\n<p><span id=\"more-421862\"><\/span>Des dizaines de milliers de personnes dans la ville japonaise d&rsquo;Hiroshima ont pens\u00e9 aux victimes du bombardement atomique il y a 80 ans. Compte tenu du monde, le maire Kazumi Matsui a demand\u00e9 \u00e0 la jeune g\u00e9n\u00e9ration de poursuivre la lutte contre les armes nucl\u00e9aires dans une d\u00e9claration de paix.<\/p>\n<div id=\"attachment_421872\" class=\"wp-caption alignleft\" style=\"max-width: 300px\"><img fetchpriority=\"high\" decoding=\"async\" class=\"wp-image-421872 size-medium\" src=\"https:\/\/vieassociative.be\/actualites\/wp-content\/uploads\/2025\/08\/Il-y-a-80-ans-le-bombardement-atomique-a-Hiroshima.jpg\" alt=\"\" width=\"300\" height=\"200\"><\/div>\n<p>\u00ab\u00a0Nos jeunes, les gestionnaires des g\u00e9n\u00e9rations futures, doivent reconna\u00eetre que les d\u00e9cisions erron\u00e9es peuvent avoir des cons\u00e9quences compl\u00e8tement inhumaines dans les questions des d\u00e9penses militaires, de la s\u00e9curit\u00e9 nationale et des armes nucl\u00e9aires\u00a0\u00bb, a d\u00e9clar\u00e9 le maire.<\/p>\n<p>\u00c0 8 h 15 (heure locale) &#8211; La fois o\u00f9 le bombardier am\u00e9ricain Enola Gay avait laiss\u00e9 tomber la premi\u00e8re bombe atomique avec le nom \u00ab\u00a0Little Boy\u00a0\u00bb sur Hiroshima le 6 ao\u00fbt 1945 &#8211; les environ 55 000 participants de la c\u00e9r\u00e9monie comm\u00e9morative \u00e0 Hiroshima ont pris une minute silencieuse. Des dizaines de milliers de r\u00e9sidents d&rsquo;Hiroshima ont \u00e9t\u00e9 imm\u00e9diatement tu\u00e9s, un total de 140 000 personnes sont mortes \u00e0 la fin de 1945.<\/p>\n<p>Trois jours apr\u00e8s avoir perdu Hiroshima, les \u00c9tats-Unis ont laiss\u00e9 tomber une deuxi\u00e8me bombe atomique sur la ville de Nagasaki. Peu de temps apr\u00e8s, l&rsquo;Empire japonais s&rsquo;est rendu.<\/p>\n<div id=\"attachment_421885\" class=\"wp-caption alignleft\" style=\"max-width: 300px\"><img decoding=\"async\" class=\"wp-image-421885 size-medium\" src=\"https:\/\/vieassociative.be\/actualites\/wp-content\/uploads\/2025\/08\/1754533028_682_Il-y-a-80-ans-le-bombardement-atomique-a-Hiroshima.jpg\" alt=\"\" width=\"300\" height=\"200\"><\/div>\n<p><strong>&#8211; Le risque de conflit nucl\u00e9aire se renforce \u00e0 nouveau:<\/strong> \u00c0 ce jour, ce sont les seules missions d&rsquo;armes nucl\u00e9aires dans une guerre. Le secr\u00e9taire g\u00e9n\u00e9ral de l&rsquo;ONU Ant\u00f3nio Guterres a averti dans un message que le risque de conflit nucl\u00e9aire augmente \u00e0 nouveau. Les m\u00eames armes, que Hiroshima et Nagasaki ont d\u00e9vast\u00e9es, sont \u00e0 nouveau consid\u00e9r\u00e9es comme un moyen de pression.<\/p>\n<p>L&rsquo;ann\u00e9e derni\u00e8re, l&rsquo;organisation japonaise Nihon Hidankyo a \u00e9t\u00e9 honor\u00e9e par les survivants du bombardement d&rsquo;Hiroshima et de Nagasaki avec le prix Nobel de la paix. Le mouvement de la gazon a re\u00e7u le prix de paix le plus important pour ses efforts pour un monde sans monde.<\/p>\n<p>Mais le survivant restant, le \u00ab\u00a0Hibakusha\u00a0\u00bb, devient de plus en plus difficile de garder les souvenirs \u00e9veill\u00e9s. L&rsquo;effet de leurs rapports de t\u00e9moins oculaires et appelle les armes nucl\u00e9aires s&rsquo;estompe. \u00c9galement au Japon. Des experts tels que MG Sheftt, professeur d&rsquo;histoire culturelle japonaise moderne \u00e0 l&rsquo;Universit\u00e9 japonaise de Shizuoka, trouvent un d\u00e9clin rampant du pacifisme, qui est ancr\u00e9 au Japon depuis des d\u00e9cennies, est bas\u00e9 sur l&rsquo;exp\u00e9rience d&rsquo;Hiroshima et de Nagasaki.<\/p>\n<div id=\"attachment_421873\" class=\"wp-caption alignleft\" style=\"max-width: 300px\"><img decoding=\"async\" class=\"wp-image-421873 size-medium\" src=\"https:\/\/vieassociative.be\/actualites\/wp-content\/uploads\/2025\/08\/1754533028_826_Il-y-a-80-ans-le-bombardement-atomique-a-Hiroshima.jpg\" alt=\"\" width=\"300\" height=\"200\"><\/div>\n<p><strong>&#8211; Le Japon am\u00e9liore \u00e9galement militairement:<\/strong> Le Premier ministre Shigeru Ishiba a confirm\u00e9 \u00e0 l&rsquo;occasion du 80e anniversaire du bombardement atomique sur Hiroshima que le gouvernement continue de s&rsquo;en tenir aux trois principes, selon lequel le Japon ne produit pas d&rsquo;armes nucl\u00e9aires ou autoris\u00e9s seuls. Dans le m\u00eame temps, compte tenu de la guerre des attaques russes contre l&rsquo;Ukraine, la lutte contre le pouvoir de la Chine et la menace de la Cor\u00e9e du Nord, le Japon est militairement boulevers\u00e9. Entre-temps, il y a m\u00eame des votes au Japon &#8211; le seul pays auquel les bombes atomiques ont \u00e9t\u00e9 rejet\u00e9es &#8211; qui exigent ouvertement l&rsquo;armement atomique de son propre pays.<\/p>\n<p>Sheftt, qui d\u00e9crit les exp\u00e9riences des derniers t\u00e9moins des bombardements atomiques dans deux livres dans des d\u00e9tails choquants, se plaint d&rsquo;un creux des programmes d&rsquo;\u00e9ducation de la paix au Japon, qui pendant des d\u00e9cennies ont transmis les horreurs de la guerre &#8211; en particulier celles d&rsquo;Hiroshima et de Nagasaki &#8211; par le biais de politiciens conservateurs et de bureaucrates \u00e9ducatifs.<\/p>\n<p>En cons\u00e9quence, les jeunes japonais ne savent presque rien de la guerre ces jours-ci. \u00ab\u00a0En dehors de ce que vous pouvez arracher des bandes dessin\u00e9es de mangas sensationnelles, en m\u00e9langeant des drames et des films t\u00e9l\u00e9vis\u00e9s ou du contenu Internet luride\u00a0\u00bb, a d\u00e9clar\u00e9 l&rsquo;expert devant des journalistes \u00e9trangers. (DPA)<\/p>\n<p><i><b>Vous trouverez ci-dessous un document du ZDF sur le bombardement atomique sur Hiroshima le 6 ao\u00fbt 1945:<\/b><\/i><\/p>\n<div class=\"responsive-embed widescreen\">\n<div class=\"rll-youtube-player\" data-src=\"https:\/\/www.youtube.com\/embed\/ACui8ii6VqI\" data-id=\"ACui8ii6VqI\" data-query=\"feature=oembed\" data-alt=\"ZDF History - Hiroshima (Doku HD)\"><\/div>\n<p><noscript><a href=\"https:\/\/www.youtube.com\/watch?v=ACUI8II6VQI\">https:\/\/www.youtube.com\/watch?v=ACUI8II6VQI<\/a><\/noscript><\/div>\n","protected":false},"excerpt":{"rendered":"<p>Avec les premi\u00e8res bombes atomiques utilis\u00e9es dans la guerre, les \u00c9tats-Unis ont transform\u00e9 Hiroshima et Nagasaki en enfer en 1945. Le maire d&rsquo;Hiroshima a un<\/p>\n","protected":false},"author":1,"featured_media":9251,"comment_status":"","ping_status":"","sticky":false,"template":"","format":"standard","meta":{"footnotes":""},"categories":[298],"tags":[584,8071,2803,8070,7397,354,8072,553,7035,2800,1204],"class_list":["post-9250","post","type-post","status-publish","format-standard","has-post-thumbnail","hentry","category-belgique","tag-ans","tag-atomique","tag-augmente","tag-bombardement","tag-conflit","tag-dun","tag-hiroshima","tag-nouveau","tag-nucleaire","tag-risque","tag-video","generate-columns","tablet-grid-50","mobile-grid-100","grid-parent","grid-33"],"yoast_head":"<!-- This site is optimized with the Yoast SEO plugin v24.0 - https:\/\/yoast.com\/wordpress\/plugins\/seo\/ -->\n<title>Il y a 80 ans, le bombardement atomique \u00e0 Hiroshima - le risque d&#039;un conflit nucl\u00e9aire augmente \u00e0 nouveau (vid\u00e9o) | Vie Associative<\/title>\n<meta name=\"robots\" content=\"index, follow, max-snippet:-1, max-image-preview:large, max-video-preview:-1\" \/>\n<link rel=\"canonical\" href=\"https:\/\/vieassociative.be\/actualites\/il-y-a-80-ans-le-bombardement-atomique-a-hiroshima-le-risque-dun-conflit-nucleaire-augmente-a-nouveau-video\/\" \/>\n<meta property=\"og:locale\" content=\"fr_FR\" \/>\n<meta property=\"og:type\" content=\"article\" \/>\n<meta property=\"og:title\" content=\"Il y a 80 ans, le bombardement atomique \u00e0 Hiroshima - le risque d&#039;un conflit nucl\u00e9aire augmente \u00e0 nouveau (vid\u00e9o) | Vie Associative\" \/>\n<meta property=\"og:description\" content=\"Avec les premi\u00e8res bombes atomiques utilis\u00e9es dans la guerre, les \u00c9tats-Unis ont transform\u00e9 Hiroshima et Nagasaki en enfer en 1945. Le maire d&rsquo;Hiroshima a un\" \/>\n<meta property=\"og:url\" content=\"https:\/\/vieassociative.be\/actualites\/il-y-a-80-ans-le-bombardement-atomique-a-hiroshima-le-risque-dun-conflit-nucleaire-augmente-a-nouveau-video\/\" \/>\n<meta property=\"og:site_name\" content=\"Vie Associative\" \/>\n<meta property=\"article:published_time\" content=\"2025-08-07T02:17:08+00:00\" \/>\n<meta property=\"og:image\" content=\"https:\/\/vieassociative.be\/actualites\/wp-content\/uploads\/2024\/09\/header_backgroundk-01-e1726694325946.png\" \/>\n\t<meta property=\"og:image:width\" content=\"279\" \/>\n\t<meta property=\"og:image:height\" content=\"92\" \/>\n\t<meta property=\"og:image:type\" content=\"image\/png\" \/>\n<meta name=\"author\" content=\"Julien\" \/>\n<meta name=\"twitter:card\" content=\"summary_large_image\" \/>\n<meta name=\"twitter:label1\" content=\"\u00c9crit par\" \/>\n\t<meta name=\"twitter:data1\" content=\"Julien\" \/>\n\t<meta name=\"twitter:label2\" content=\"Dur\u00e9e de lecture est.\" \/>\n\t<meta name=\"twitter:data2\" content=\"3 minutes\" \/>\n<script type=\"application\/ld+json\" class=\"yoast-schema-graph\">{\"@context\":\"https:\/\/schema.org\",\"@graph\":[{\"@type\":\"Article\",\"@id\":\"https:\/\/vieassociative.be\/actualites\/il-y-a-80-ans-le-bombardement-atomique-a-hiroshima-le-risque-dun-conflit-nucleaire-augmente-a-nouveau-video\/#article\",\"isPartOf\":{\"@id\":\"https:\/\/vieassociative.be\/actualites\/il-y-a-80-ans-le-bombardement-atomique-a-hiroshima-le-risque-dun-conflit-nucleaire-augmente-a-nouveau-video\/\"},\"author\":{\"name\":\"Julien\",\"@id\":\"https:\/\/vieassociative.be\/actualites\/#\/schema\/person\/b87ac4f82f9d4e7b7cec7395b679edc4\"},\"headline\":\"Il y a 80 ans, le bombardement atomique \u00e0 Hiroshima &#8211; le risque d&rsquo;un conflit nucl\u00e9aire augmente \u00e0 nouveau (vid\u00e9o)\",\"datePublished\":\"2025-08-07T02:17:08+00:00\",\"dateModified\":\"2025-08-07T02:17:08+00:00\",\"mainEntityOfPage\":{\"@id\":\"https:\/\/vieassociative.be\/actualites\/il-y-a-80-ans-le-bombardement-atomique-a-hiroshima-le-risque-dun-conflit-nucleaire-augmente-a-nouveau-video\/\"},\"wordCount\":742,\"publisher\":{\"@id\":\"https:\/\/vieassociative.be\/actualites\/#organization\"},\"image\":{\"@id\":\"https:\/\/vieassociative.be\/actualites\/il-y-a-80-ans-le-bombardement-atomique-a-hiroshima-le-risque-dun-conflit-nucleaire-augmente-a-nouveau-video\/#primaryimage\"},\"thumbnailUrl\":\"https:\/\/vieassociative.be\/actualites\/wp-content\/uploads\/2025\/08\/Il-y-a-80-ans-le-bombardement-atomique-a-Hiroshima.jpeg\",\"keywords\":[\"ans\",\"atomique\",\"augmente\",\"bombardement\",\"conflit\",\"dun\",\"Hiroshima\",\"nouveau\",\"nucl\u00e9aire\",\"risque\",\"vid\u00e9o\"],\"articleSection\":[\"Belgique\"],\"inLanguage\":\"fr-BE\"},{\"@type\":\"WebPage\",\"@id\":\"https:\/\/vieassociative.be\/actualites\/il-y-a-80-ans-le-bombardement-atomique-a-hiroshima-le-risque-dun-conflit-nucleaire-augmente-a-nouveau-video\/\",\"url\":\"https:\/\/vieassociative.be\/actualites\/il-y-a-80-ans-le-bombardement-atomique-a-hiroshima-le-risque-dun-conflit-nucleaire-augmente-a-nouveau-video\/\",\"name\":\"Il y a 80 ans, le bombardement atomique \u00e0 Hiroshima - le risque d'un conflit nucl\u00e9aire augmente \u00e0 nouveau (vid\u00e9o) | Vie Associative\",\"isPartOf\":{\"@id\":\"https:\/\/vieassociative.be\/actualites\/#website\"},\"primaryImageOfPage\":{\"@id\":\"https:\/\/vieassociative.be\/actualites\/il-y-a-80-ans-le-bombardement-atomique-a-hiroshima-le-risque-dun-conflit-nucleaire-augmente-a-nouveau-video\/#primaryimage\"},\"image\":{\"@id\":\"https:\/\/vieassociative.be\/actualites\/il-y-a-80-ans-le-bombardement-atomique-a-hiroshima-le-risque-dun-conflit-nucleaire-augmente-a-nouveau-video\/#primaryimage\"},\"thumbnailUrl\":\"https:\/\/vieassociative.be\/actualites\/wp-content\/uploads\/2025\/08\/Il-y-a-80-ans-le-bombardement-atomique-a-Hiroshima.jpeg\",\"datePublished\":\"2025-08-07T02:17:08+00:00\",\"dateModified\":\"2025-08-07T02:17:08+00:00\",\"breadcrumb\":{\"@id\":\"https:\/\/vieassociative.be\/actualites\/il-y-a-80-ans-le-bombardement-atomique-a-hiroshima-le-risque-dun-conflit-nucleaire-augmente-a-nouveau-video\/#breadcrumb\"},\"inLanguage\":\"fr-BE\",\"potentialAction\":[{\"@type\":\"ReadAction\",\"target\":[\"https:\/\/vieassociative.be\/actualites\/il-y-a-80-ans-le-bombardement-atomique-a-hiroshima-le-risque-dun-conflit-nucleaire-augmente-a-nouveau-video\/\"]}]},{\"@type\":\"ImageObject\",\"inLanguage\":\"fr-BE\",\"@id\":\"https:\/\/vieassociative.be\/actualites\/il-y-a-80-ans-le-bombardement-atomique-a-hiroshima-le-risque-dun-conflit-nucleaire-augmente-a-nouveau-video\/#primaryimage\",\"url\":\"https:\/\/vieassociative.be\/actualites\/wp-content\/uploads\/2025\/08\/Il-y-a-80-ans-le-bombardement-atomique-a-Hiroshima.jpeg\",\"contentUrl\":\"https:\/\/vieassociative.be\/actualites\/wp-content\/uploads\/2025\/08\/Il-y-a-80-ans-le-bombardement-atomique-a-Hiroshima.jpeg\",\"width\":1786,\"height\":1276,\"caption\":\"Il y a 80 ans, le bombardement atomique \u00e0 Hiroshima - le risque d'un conflit nucl\u00e9aire augmente \u00e0 nouveau (vid\u00e9o)\"},{\"@type\":\"BreadcrumbList\",\"@id\":\"https:\/\/vieassociative.be\/actualites\/il-y-a-80-ans-le-bombardement-atomique-a-hiroshima-le-risque-dun-conflit-nucleaire-augmente-a-nouveau-video\/#breadcrumb\",\"itemListElement\":[{\"@type\":\"ListItem\",\"position\":1,\"name\":\"Accueil\",\"item\":\"https:\/\/vieassociative.be\/actualites\/\"},{\"@type\":\"ListItem\",\"position\":2,\"name\":\"Il y a 80 ans, le bombardement atomique \u00e0 Hiroshima &#8211; le risque d&rsquo;un conflit nucl\u00e9aire augmente \u00e0 nouveau (vid\u00e9o)\"}]},{\"@type\":\"WebSite\",\"@id\":\"https:\/\/vieassociative.be\/actualites\/#website\",\"url\":\"https:\/\/vieassociative.be\/actualites\/\",\"name\":\"Vie Associative\",\"description\":\"\",\"publisher\":{\"@id\":\"https:\/\/vieassociative.be\/actualites\/#organization\"},\"potentialAction\":[{\"@type\":\"SearchAction\",\"target\":{\"@type\":\"EntryPoint\",\"urlTemplate\":\"https:\/\/vieassociative.be\/actualites\/?s={search_term_string}\"},\"query-input\":{\"@type\":\"PropertyValueSpecification\",\"valueRequired\":true,\"valueName\":\"search_term_string\"}}],\"inLanguage\":\"fr-BE\"},{\"@type\":\"Organization\",\"@id\":\"https:\/\/vieassociative.be\/actualites\/#organization\",\"name\":\"Vie Associative\",\"url\":\"https:\/\/vieassociative.be\/actualites\/\",\"logo\":{\"@type\":\"ImageObject\",\"inLanguage\":\"fr-BE\",\"@id\":\"https:\/\/vieassociative.be\/actualites\/#\/schema\/logo\/image\/\",\"url\":\"https:\/\/vieassociative.be\/actualites\/wp-content\/uploads\/2024\/09\/cropped-vieassociative_favicon.ico.png\",\"contentUrl\":\"https:\/\/vieassociative.be\/actualites\/wp-content\/uploads\/2024\/09\/cropped-vieassociative_favicon.ico.png\",\"width\":512,\"height\":512,\"caption\":\"Vie Associative\"},\"image\":{\"@id\":\"https:\/\/vieassociative.be\/actualites\/#\/schema\/logo\/image\/\"}},{\"@type\":\"Person\",\"@id\":\"https:\/\/vieassociative.be\/actualites\/#\/schema\/person\/b87ac4f82f9d4e7b7cec7395b679edc4\",\"name\":\"Julien\",\"image\":{\"@type\":\"ImageObject\",\"inLanguage\":\"fr-BE\",\"@id\":\"https:\/\/vieassociative.be\/actualites\/#\/schema\/person\/image\/\",\"url\":\"https:\/\/vieassociative.be\/actualites\/wp-content\/uploads\/2024\/09\/vie-associative-1-150x150.jpg\",\"contentUrl\":\"https:\/\/vieassociative.be\/actualites\/wp-content\/uploads\/2024\/09\/vie-associative-1-150x150.jpg\",\"caption\":\"Julien\"},\"description\":\"Je suis Julien, r\u00e9dacteur pour Vie Associative. Passionn\u00e9 par le monde associatif depuis plus de 10 ans, j'ai \u00e0 c\u0153ur de partager des histoires inspirantes et de mettre en lumi\u00e8re les initiatives locales. Mon objectif est de sensibiliser et d'encourager l'engagement communautaire \u00e0 travers mes articles.\",\"sameAs\":[\"https:\/\/vieassociative.be\/\"]}]}<\/script>\n<!-- \/ Yoast SEO plugin. -->","yoast_head_json":{"title":"Il y a 80 ans, le bombardement atomique \u00e0 Hiroshima - le risque d'un conflit nucl\u00e9aire augmente \u00e0 nouveau (vid\u00e9o) | Vie Associative","robots":{"index":"index","follow":"follow","max-snippet":"max-snippet:-1","max-image-preview":"max-image-preview:large","max-video-preview":"max-video-preview:-1"},"canonical":"https:\/\/vieassociative.be\/actualites\/il-y-a-80-ans-le-bombardement-atomique-a-hiroshima-le-risque-dun-conflit-nucleaire-augmente-a-nouveau-video\/","og_locale":"fr_FR","og_type":"article","og_title":"Il y a 80 ans, le bombardement atomique \u00e0 Hiroshima - le risque d'un conflit nucl\u00e9aire augmente \u00e0 nouveau (vid\u00e9o) | Vie Associative","og_description":"Avec les premi\u00e8res bombes atomiques utilis\u00e9es dans la guerre, les \u00c9tats-Unis ont transform\u00e9 Hiroshima et Nagasaki en enfer en 1945. Le maire d&rsquo;Hiroshima a un","og_url":"https:\/\/vieassociative.be\/actualites\/il-y-a-80-ans-le-bombardement-atomique-a-hiroshima-le-risque-dun-conflit-nucleaire-augmente-a-nouveau-video\/","og_site_name":"Vie Associative","article_published_time":"2025-08-07T02:17:08+00:00","og_image":[{"width":279,"height":92,"url":"https:\/\/vieassociative.be\/actualites\/wp-content\/uploads\/2024\/09\/header_backgroundk-01-e1726694325946.png","type":"image\/png"}],"author":"Julien","twitter_card":"summary_large_image","twitter_misc":{"\u00c9crit par":"Julien","Dur\u00e9e de lecture est.":"3 minutes"},"schema":{"@context":"https:\/\/schema.org","@graph":[{"@type":"Article","@id":"https:\/\/vieassociative.be\/actualites\/il-y-a-80-ans-le-bombardement-atomique-a-hiroshima-le-risque-dun-conflit-nucleaire-augmente-a-nouveau-video\/#article","isPartOf":{"@id":"https:\/\/vieassociative.be\/actualites\/il-y-a-80-ans-le-bombardement-atomique-a-hiroshima-le-risque-dun-conflit-nucleaire-augmente-a-nouveau-video\/"},"author":{"name":"Julien","@id":"https:\/\/vieassociative.be\/actualites\/#\/schema\/person\/b87ac4f82f9d4e7b7cec7395b679edc4"},"headline":"Il y a 80 ans, le bombardement atomique \u00e0 Hiroshima &#8211; le risque d&rsquo;un conflit nucl\u00e9aire augmente \u00e0 nouveau (vid\u00e9o)","datePublished":"2025-08-07T02:17:08+00:00","dateModified":"2025-08-07T02:17:08+00:00","mainEntityOfPage":{"@id":"https:\/\/vieassociative.be\/actualites\/il-y-a-80-ans-le-bombardement-atomique-a-hiroshima-le-risque-dun-conflit-nucleaire-augmente-a-nouveau-video\/"},"wordCount":742,"publisher":{"@id":"https:\/\/vieassociative.be\/actualites\/#organization"},"image":{"@id":"https:\/\/vieassociative.be\/actualites\/il-y-a-80-ans-le-bombardement-atomique-a-hiroshima-le-risque-dun-conflit-nucleaire-augmente-a-nouveau-video\/#primaryimage"},"thumbnailUrl":"https:\/\/vieassociative.be\/actualites\/wp-content\/uploads\/2025\/08\/Il-y-a-80-ans-le-bombardement-atomique-a-Hiroshima.jpeg","keywords":["ans","atomique","augmente","bombardement","conflit","dun","Hiroshima","nouveau","nucl\u00e9aire","risque","vid\u00e9o"],"articleSection":["Belgique"],"inLanguage":"fr-BE"},{"@type":"WebPage","@id":"https:\/\/vieassociative.be\/actualites\/il-y-a-80-ans-le-bombardement-atomique-a-hiroshima-le-risque-dun-conflit-nucleaire-augmente-a-nouveau-video\/","url":"https:\/\/vieassociative.be\/actualites\/il-y-a-80-ans-le-bombardement-atomique-a-hiroshima-le-risque-dun-conflit-nucleaire-augmente-a-nouveau-video\/","name":"Il y a 80 ans, le bombardement atomique \u00e0 Hiroshima - le risque d'un conflit nucl\u00e9aire augmente \u00e0 nouveau (vid\u00e9o) | Vie Associative","isPartOf":{"@id":"https:\/\/vieassociative.be\/actualites\/#website"},"primaryImageOfPage":{"@id":"https:\/\/vieassociative.be\/actualites\/il-y-a-80-ans-le-bombardement-atomique-a-hiroshima-le-risque-dun-conflit-nucleaire-augmente-a-nouveau-video\/#primaryimage"},"image":{"@id":"https:\/\/vieassociative.be\/actualites\/il-y-a-80-ans-le-bombardement-atomique-a-hiroshima-le-risque-dun-conflit-nucleaire-augmente-a-nouveau-video\/#primaryimage"},"thumbnailUrl":"https:\/\/vieassociative.be\/actualites\/wp-content\/uploads\/2025\/08\/Il-y-a-80-ans-le-bombardement-atomique-a-Hiroshima.jpeg","datePublished":"2025-08-07T02:17:08+00:00","dateModified":"2025-08-07T02:17:08+00:00","breadcrumb":{"@id":"https:\/\/vieassociative.be\/actualites\/il-y-a-80-ans-le-bombardement-atomique-a-hiroshima-le-risque-dun-conflit-nucleaire-augmente-a-nouveau-video\/#breadcrumb"},"inLanguage":"fr-BE","potentialAction":[{"@type":"ReadAction","target":["https:\/\/vieassociative.be\/actualites\/il-y-a-80-ans-le-bombardement-atomique-a-hiroshima-le-risque-dun-conflit-nucleaire-augmente-a-nouveau-video\/"]}]},{"@type":"ImageObject","inLanguage":"fr-BE","@id":"https:\/\/vieassociative.be\/actualites\/il-y-a-80-ans-le-bombardement-atomique-a-hiroshima-le-risque-dun-conflit-nucleaire-augmente-a-nouveau-video\/#primaryimage","url":"https:\/\/vieassociative.be\/actualites\/wp-content\/uploads\/2025\/08\/Il-y-a-80-ans-le-bombardement-atomique-a-Hiroshima.jpeg","contentUrl":"https:\/\/vieassociative.be\/actualites\/wp-content\/uploads\/2025\/08\/Il-y-a-80-ans-le-bombardement-atomique-a-Hiroshima.jpeg","width":1786,"height":1276,"caption":"Il y a 80 ans, le bombardement atomique \u00e0 Hiroshima - le risque d'un conflit nucl\u00e9aire augmente \u00e0 nouveau (vid\u00e9o)"},{"@type":"BreadcrumbList","@id":"https:\/\/vieassociative.be\/actualites\/il-y-a-80-ans-le-bombardement-atomique-a-hiroshima-le-risque-dun-conflit-nucleaire-augmente-a-nouveau-video\/#breadcrumb","itemListElement":[{"@type":"ListItem","position":1,"name":"Accueil","item":"https:\/\/vieassociative.be\/actualites\/"},{"@type":"ListItem","position":2,"name":"Il y a 80 ans, le bombardement atomique \u00e0 Hiroshima &#8211; le risque d&rsquo;un conflit nucl\u00e9aire augmente \u00e0 nouveau (vid\u00e9o)"}]},{"@type":"WebSite","@id":"https:\/\/vieassociative.be\/actualites\/#website","url":"https:\/\/vieassociative.be\/actualites\/","name":"Vie Associative","description":"","publisher":{"@id":"https:\/\/vieassociative.be\/actualites\/#organization"},"potentialAction":[{"@type":"SearchAction","target":{"@type":"EntryPoint","urlTemplate":"https:\/\/vieassociative.be\/actualites\/?s={search_term_string}"},"query-input":{"@type":"PropertyValueSpecification","valueRequired":true,"valueName":"search_term_string"}}],"inLanguage":"fr-BE"},{"@type":"Organization","@id":"https:\/\/vieassociative.be\/actualites\/#organization","name":"Vie Associative","url":"https:\/\/vieassociative.be\/actualites\/","logo":{"@type":"ImageObject","inLanguage":"fr-BE","@id":"https:\/\/vieassociative.be\/actualites\/#\/schema\/logo\/image\/","url":"https:\/\/vieassociative.be\/actualites\/wp-content\/uploads\/2024\/09\/cropped-vieassociative_favicon.ico.png","contentUrl":"https:\/\/vieassociative.be\/actualites\/wp-content\/uploads\/2024\/09\/cropped-vieassociative_favicon.ico.png","width":512,"height":512,"caption":"Vie Associative"},"image":{"@id":"https:\/\/vieassociative.be\/actualites\/#\/schema\/logo\/image\/"}},{"@type":"Person","@id":"https:\/\/vieassociative.be\/actualites\/#\/schema\/person\/b87ac4f82f9d4e7b7cec7395b679edc4","name":"Julien","image":{"@type":"ImageObject","inLanguage":"fr-BE","@id":"https:\/\/vieassociative.be\/actualites\/#\/schema\/person\/image\/","url":"https:\/\/vieassociative.be\/actualites\/wp-content\/uploads\/2024\/09\/vie-associative-1-150x150.jpg","contentUrl":"https:\/\/vieassociative.be\/actualites\/wp-content\/uploads\/2024\/09\/vie-associative-1-150x150.jpg","caption":"Julien"},"description":"Je suis Julien, r\u00e9dacteur pour Vie Associative. Passionn\u00e9 par le monde associatif depuis plus de 10 ans, j'ai \u00e0 c\u0153ur de partager des histoires inspirantes et de mettre en lumi\u00e8re les initiatives locales. Mon objectif est de sensibiliser et d'encourager l'engagement communautaire \u00e0 travers mes articles.","sameAs":["https:\/\/vieassociative.be\/"]}]}},"_links":{"self":[{"href":"https:\/\/vieassociative.be\/actualites\/wp-json\/wp\/v2\/posts\/9250"}],"collection":[{"href":"https:\/\/vieassociative.be\/actualites\/wp-json\/wp\/v2\/posts"}],"about":[{"href":"https:\/\/vieassociative.be\/actualites\/wp-json\/wp\/v2\/types\/post"}],"author":[{"embeddable":true,"href":"https:\/\/vieassociative.be\/actualites\/wp-json\/wp\/v2\/users\/1"}],"replies":[{"embeddable":true,"href":"https:\/\/vieassociative.be\/actualites\/wp-json\/wp\/v2\/comments?post=9250"}],"version-history":[{"count":0,"href":"https:\/\/vieassociative.be\/actualites\/wp-json\/wp\/v2\/posts\/9250\/revisions"}],"wp:featuredmedia":[{"embeddable":true,"href":"https:\/\/vieassociative.be\/actualites\/wp-json\/wp\/v2\/media\/9251"}],"wp:attachment":[{"href":"https:\/\/vieassociative.be\/actualites\/wp-json\/wp\/v2\/media?parent=9250"}],"wp:term":[{"taxonomy":"category","embeddable":true,"href":"https:\/\/vieassociative.be\/actualites\/wp-json\/wp\/v2\/categories?post=9250"},{"taxonomy":"post_tag","embeddable":true,"href":"https:\/\/vieassociative.be\/actualites\/wp-json\/wp\/v2\/tags?post=9250"}],"curies":[{"name":"wp","href":"https:\/\/api.w.org\/{rel}","templated":true}]}}