{"id":9246,"date":"2025-08-07T02:17:34","date_gmt":"2025-08-07T00:17:34","guid":{"rendered":"https:\/\/vieassociative.be\/actualites\/mon-amazon-de-la-journee-preferee-the-beats-powerbeats-pro-2-earbuds\/"},"modified":"2025-08-07T02:17:34","modified_gmt":"2025-08-07T00:17:34","slug":"mon-amazon-de-la-journee-preferee-the-beats-powerbeats-pro-2-earbuds","status":"publish","type":"post","link":"https:\/\/vieassociative.be\/actualites\/mon-amazon-de-la-journee-preferee-the-beats-powerbeats-pro-2-earbuds\/","title":{"rendered":"Mon Amazon de la journ\u00e9e pr\u00e9f\u00e9r\u00e9e: The Beats Powerbeats Pro 2 Earbuds"},"content":{"rendered":"<div class=\"mt-4 leading-6 md:mb-8\">Les derniers \u00e9couteurs d&rsquo;entra\u00eenement avec transparence et annulation de bruit sont \u00e0 ce prix le plus bas \u00e0 ce jour.<\/div>\n<p><\/p>\n<p>Le Beats Powerbeats Pro 2 a peut-\u00eatre fait la une des journaux pour leur fonctionnalit\u00e9 de surveillance cardiaque, mais c&rsquo;est <em>en fait<\/em> leur pire caract\u00e9ristique. Ces nouveaux \u00e9couteurs, qui sont sortis en f\u00e9vrier, rivalisent avec l&rsquo;Airpods Pro 2, car ils sont normalement le m\u00eame prix. En ce moment, cependant, vous pouvez obtenir des Beats &lsquo;Powerbeats Pro 2 pour <strong>199,95 $<\/strong> (\u00e0 l&rsquo;origine 249,99 $), le plus bas qu&rsquo;ils ont \u00e9t\u00e9, selon les outils de suivi des prix.<\/p>\n<div class=\"pogoClear mb-12 mt-10 rounded-md border-2 border-gray-100 py-7 shadow-xl md:py-6\">\n<div class=\"flex flex-wrap justify-between px-7 text-black no-underline md:flex-nowrap md:px-8\">\n<div class=\"order-1 mx-auto flex flex-col justify-center md:order-2 md:ml-4 md:w-full md:grow\">\n<div class=\"block cursor-pointer text-center font-akshar text-2xl font-medium leading-7 text-brand-green duration-200 ease-in-out hover:text-brand-green-700 md:text-left md:text-xl md:leading-6\">Beats Powerbeats Pro 2\n                <\/div>\n<div class=\"mt-4 hidden md:flex md:justify-between\">\n<div class=\"self-end\">\n<div class=\"mb-0 h-11 md:flex md:flex-col md:justify-center\">\n<div class=\" font-sans leading-4 text-black\">\n<div class=\"flex flex-wrap items-center justify-center gap-1 md:justify-start\">\n        <span class=\"font-bold\"><\/p>\n<p>            199,95 $<br \/>\n                            <span class=\"font-medium\">\u00e0 Amazon<\/span><br \/>\n                    <\/span>\n            <\/div>\n<div class=\"flex items-center justify-center gap-x-1 font-bold md:justify-start\">\n            <span class=\"text-sm line-through\">249,99 $<\/span><br \/>\n            <span class=\"text-sm text-brand-green\">\u00c9conomisez 50,04 $<\/span>\n        <\/div>\n<\/p><\/div>\n<\/p><\/div>\n<\/p><\/div>\n<div class=\"w-44 self-end\">\n                            <button class=\"flex justify-center items-center w-full bg-brand-green text-white text-base font-sans font-medium rounded-md hover:bg-brand-green-700 hover:cursor-pointer md:text-sm h-11\"><\/p>\n<p>    Conclure un accord<br \/>\n<\/button>\n                        <\/div>\n<\/p><\/div>\n<\/p><\/div>\n<div class=\"order-2 mt-5 h-auto w-full md:order-1 md:mt-0 md:hidden\">\n<div class=\"flex aspect-video items-center justify-center\">\n                                            <img decoding=\"async\" class=\"m-0 max-h-full max-w-full rounded-md\" src=\"https:\/\/vieassociative.be\/actualites\/wp-content\/uploads\/2025\/08\/Mon-Amazon-de-la-journee-preferee-The-Beats-Powerbeats-Pro.jpg\" alt=\"Beats Powerbeats Pro 2 \u00c9diteurs Bluetooth sans fil - Annulation du bruit, moniteur de fr\u00e9quence cardiaque, IPX4, jusqu'\u00e0 45H Battery &#038; Charging Case, fonctionne avec Apple &#038; Android - Orange \u00e9lectrique\" width=\"auto\" height=\"auto\" loading=\"lazy\">\n                                    <\/div>\n<\/p><\/div>\n<div class=\"order-2 ml-2 hidden w-32 shrink-0 items-center md:order-1 md:ml-0 md:flex\">\n<div class=\"flex aspect-video items-center justify-center\">\n                                            <img decoding=\"async\" class=\"m-0 max-h-full max-w-full rounded-md\" src=\"https:\/\/vieassociative.be\/actualites\/wp-content\/uploads\/2025\/08\/Mon-Amazon-de-la-journee-preferee-The-Beats-Powerbeats-Pro.jpg\" alt=\"Beats Powerbeats Pro 2 \u00c9diteurs Bluetooth sans fil - Annulation du bruit, moniteur de fr\u00e9quence cardiaque, IPX4, jusqu'\u00e0 45H Battery &#038; Charging Case, fonctionne avec Apple &#038; Android - Orange \u00e9lectrique\" width=\"auto\" height=\"auto\" loading=\"lazy\">\n                                    <\/div>\n<\/p><\/div>\n<div class=\"order-3 flex grow flex-wrap md:hidden md:grow-0\">\n<div class=\"mt-4 w-full\">\n                        <button class=\"flex justify-center items-center w-full bg-brand-green text-white text-base font-sans font-medium rounded-md hover:bg-brand-green-700 hover:cursor-pointer md:text-sm h-11\"><\/p>\n<p>    Conclure un accord<br \/>\n<\/button>\n                    <\/div>\n<div class=\"mx-2 mt-4 w-full\">\n<div class=\" font-sans leading-4 text-black\">\n<div class=\"flex flex-wrap items-center justify-center gap-1 md:justify-start\">\n        <span class=\"font-bold\"><\/p>\n<p>            199,95 $<br \/>\n                            <span class=\"font-medium\">\u00e0 Amazon<\/span><br \/>\n                    <\/span>\n            <\/div>\n<div class=\"flex items-center justify-center gap-x-1 font-bold md:justify-start\">\n            <span class=\"text-sm line-through\">249,99 $<\/span><br \/>\n            <span class=\"text-sm text-brand-green\">\u00c9conomisez 50,04 $<\/span>\n        <\/div>\n<\/p><\/div>\n<\/p><\/div>\n<\/p><\/div>\n<\/p><\/div>\n<\/div>\n<p>Beats a attendu cinq ans pour am\u00e9liorer le Powerbeats Pro. Pour ceux qui ont attendu patiemment la nouvelle version, ils seront r\u00e9compens\u00e9s par d&rsquo;excellents \u00e9couteurs d&rsquo;entra\u00eenement, selon la r\u00e9dactrice en chef senior de Vie Associative, Beth Skwarecki, pour moins de 200 $. Les nouveaux crochets d&rsquo;oreille sont plus petits et sont en alliage en titane en nickel, les rendant flexibles et durables. Il y a quatre tailles de dessus d&rsquo;oreilles, vous pouvez donc obtenir un joint serr\u00e9 pour profiter de l&rsquo;annulation du bruit active (ANC) et de la qualit\u00e9 audio. Vous pouvez \u00e9galement entendre votre environnement avec son mode de transparence, une fonctionnalit\u00e9 critique pour courir \u00e0 l&rsquo;ext\u00e9rieur.<\/p>\n<div class=\"mx-auto mt-8 w-full max-w-4xl aspect-video\">\n<div id=\"video-container-01K20XW29WJDX2588AB69VNDJN\"><\/div>\n<\/div>\n<p>Les Powerbeats Pro 2 sont con\u00e7us pour travailler \u00e0 l&rsquo;esprit, c&rsquo;est pourquoi ils sont r\u00e9sistants \u00e0 l&rsquo;eau IPX4 et ont un bouton physique pour contr\u00f4ler les supports (par opposition au contr\u00f4le tactile). Le cas de charge a d\u00e9sormais une charge sans fil et est plus petit que le cas gigantesque de la g\u00e9n\u00e9ration pr\u00e9c\u00e9dente, mais ils sont toujours plus grands que les Airpods Pro 2. Vous pouvez \u00e9tirer la dur\u00e9e de vie de la batterie \u00e0 10 heures avec ANC et environ huit heures avec ANC (environ deux fois ce que vous obtenez avec l&rsquo;AirPod Pro 2).<\/p>\n<p>La puce H2 est la m\u00eame qui vient dans l&rsquo;AirPods Pro 2. Les m\u00e9dias s&rsquo;arr\u00eatent automatiquement lorsque vous retirez les \u00e9couteurs, et il a un moniteur de fr\u00e9quence cardiaque qui sous-performe sur chaque \u00e9couteur (vous pouvez en savoir plus \u00e0 ce sujet dans l&rsquo;article de Beth). Comme beaucoup d&rsquo;autres produits de battements, il n&rsquo;y a pas de personnalisation compl\u00e8te de l&rsquo;\u00e9galiseur sur l&rsquo;application, vous serez donc coinc\u00e9 avec la signature sonore percutante et naus\u00e9euse et basse.<\/p>\n<hr>\n","protected":false},"excerpt":{"rendered":"<p>Les derniers \u00e9couteurs d&rsquo;entra\u00eenement avec transparence et annulation de bruit sont \u00e0 ce prix le plus bas \u00e0 ce jour. Le Beats Powerbeats Pro 2<\/p>\n","protected":false},"author":1,"featured_media":9247,"comment_status":"","ping_status":"","sticky":false,"template":"","format":"standard","meta":{"footnotes":""},"categories":[13],"tags":[51,4088,8068,2877,49,5296,52,630],"class_list":["post-9246","post","type-post","status-publish","format-standard","has-post-thumbnail","hentry","category-technologie","tag-amazon","tag-beats","tag-earbuds","tag-journee","tag-mon","tag-powerbeats","tag-preferee","tag-pro","generate-columns","tablet-grid-50","mobile-grid-100","grid-parent","grid-33"],"yoast_head":"<!-- This site is optimized with the Yoast SEO plugin v24.0 - https:\/\/yoast.com\/wordpress\/plugins\/seo\/ -->\n<title>Mon Amazon de la journ\u00e9e pr\u00e9f\u00e9r\u00e9e: The Beats Powerbeats Pro 2 Earbuds | Vie Associative<\/title>\n<meta name=\"robots\" content=\"index, follow, max-snippet:-1, max-image-preview:large, max-video-preview:-1\" \/>\n<link rel=\"canonical\" href=\"https:\/\/vieassociative.be\/actualites\/mon-amazon-de-la-journee-preferee-the-beats-powerbeats-pro-2-earbuds\/\" \/>\n<meta property=\"og:locale\" content=\"fr_FR\" \/>\n<meta property=\"og:type\" content=\"article\" \/>\n<meta property=\"og:title\" content=\"Mon Amazon de la journ\u00e9e pr\u00e9f\u00e9r\u00e9e: The Beats Powerbeats Pro 2 Earbuds | Vie Associative\" \/>\n<meta property=\"og:description\" content=\"Les derniers \u00e9couteurs d&rsquo;entra\u00eenement avec transparence et annulation de bruit sont \u00e0 ce prix le plus bas \u00e0 ce jour. Le Beats Powerbeats Pro 2\" \/>\n<meta property=\"og:url\" content=\"https:\/\/vieassociative.be\/actualites\/mon-amazon-de-la-journee-preferee-the-beats-powerbeats-pro-2-earbuds\/\" \/>\n<meta property=\"og:site_name\" content=\"Vie Associative\" \/>\n<meta property=\"article:published_time\" content=\"2025-08-07T00:17:34+00:00\" \/>\n<meta property=\"og:image\" content=\"https:\/\/vieassociative.be\/actualites\/wp-content\/uploads\/2025\/08\/Mon-Amazon-de-la-journee-preferee-The-Beats-Powerbeats-Pro.jpg\" \/>\n<meta name=\"author\" content=\"Julien\" \/>\n<meta name=\"twitter:card\" content=\"summary_large_image\" \/>\n<meta name=\"twitter:label1\" content=\"\u00c9crit par\" \/>\n\t<meta name=\"twitter:data1\" content=\"Julien\" \/>\n\t<meta name=\"twitter:label2\" content=\"Dur\u00e9e de lecture est.\" \/>\n\t<meta name=\"twitter:data2\" content=\"2 minutes\" \/>\n<script type=\"application\/ld+json\" class=\"yoast-schema-graph\">{\"@context\":\"https:\/\/schema.org\",\"@graph\":[{\"@type\":\"Article\",\"@id\":\"https:\/\/vieassociative.be\/actualites\/mon-amazon-de-la-journee-preferee-the-beats-powerbeats-pro-2-earbuds\/#article\",\"isPartOf\":{\"@id\":\"https:\/\/vieassociative.be\/actualites\/mon-amazon-de-la-journee-preferee-the-beats-powerbeats-pro-2-earbuds\/\"},\"author\":{\"name\":\"Julien\",\"@id\":\"https:\/\/vieassociative.be\/actualites\/#\/schema\/person\/b87ac4f82f9d4e7b7cec7395b679edc4\"},\"headline\":\"Mon Amazon de la journ\u00e9e pr\u00e9f\u00e9r\u00e9e: The Beats Powerbeats Pro 2 Earbuds\",\"datePublished\":\"2025-08-07T00:17:34+00:00\",\"dateModified\":\"2025-08-07T00:17:34+00:00\",\"mainEntityOfPage\":{\"@id\":\"https:\/\/vieassociative.be\/actualites\/mon-amazon-de-la-journee-preferee-the-beats-powerbeats-pro-2-earbuds\/\"},\"wordCount\":433,\"publisher\":{\"@id\":\"https:\/\/vieassociative.be\/actualites\/#organization\"},\"image\":{\"@id\":\"https:\/\/vieassociative.be\/actualites\/mon-amazon-de-la-journee-preferee-the-beats-powerbeats-pro-2-earbuds\/#primaryimage\"},\"thumbnailUrl\":\"https:\/\/vieassociative.be\/actualites\/wp-content\/uploads\/2025\/08\/Mon-Amazon-de-la-journee-preferee-The-Beats-Powerbeats-Pro.png\",\"keywords\":[\"Amazon\",\"Beats\",\"Earbuds\",\"journ\u00e9e\",\"Mon\",\"Powerbeats\",\"pr\u00e9f\u00e9r\u00e9e\",\"Pro\"],\"articleSection\":[\"Technologie\"],\"inLanguage\":\"fr-BE\"},{\"@type\":\"WebPage\",\"@id\":\"https:\/\/vieassociative.be\/actualites\/mon-amazon-de-la-journee-preferee-the-beats-powerbeats-pro-2-earbuds\/\",\"url\":\"https:\/\/vieassociative.be\/actualites\/mon-amazon-de-la-journee-preferee-the-beats-powerbeats-pro-2-earbuds\/\",\"name\":\"Mon Amazon de la journ\u00e9e pr\u00e9f\u00e9r\u00e9e: The Beats Powerbeats Pro 2 Earbuds | Vie Associative\",\"isPartOf\":{\"@id\":\"https:\/\/vieassociative.be\/actualites\/#website\"},\"primaryImageOfPage\":{\"@id\":\"https:\/\/vieassociative.be\/actualites\/mon-amazon-de-la-journee-preferee-the-beats-powerbeats-pro-2-earbuds\/#primaryimage\"},\"image\":{\"@id\":\"https:\/\/vieassociative.be\/actualites\/mon-amazon-de-la-journee-preferee-the-beats-powerbeats-pro-2-earbuds\/#primaryimage\"},\"thumbnailUrl\":\"https:\/\/vieassociative.be\/actualites\/wp-content\/uploads\/2025\/08\/Mon-Amazon-de-la-journee-preferee-The-Beats-Powerbeats-Pro.png\",\"datePublished\":\"2025-08-07T00:17:34+00:00\",\"dateModified\":\"2025-08-07T00:17:34+00:00\",\"breadcrumb\":{\"@id\":\"https:\/\/vieassociative.be\/actualites\/mon-amazon-de-la-journee-preferee-the-beats-powerbeats-pro-2-earbuds\/#breadcrumb\"},\"inLanguage\":\"fr-BE\",\"potentialAction\":[{\"@type\":\"ReadAction\",\"target\":[\"https:\/\/vieassociative.be\/actualites\/mon-amazon-de-la-journee-preferee-the-beats-powerbeats-pro-2-earbuds\/\"]}]},{\"@type\":\"ImageObject\",\"inLanguage\":\"fr-BE\",\"@id\":\"https:\/\/vieassociative.be\/actualites\/mon-amazon-de-la-journee-preferee-the-beats-powerbeats-pro-2-earbuds\/#primaryimage\",\"url\":\"https:\/\/vieassociative.be\/actualites\/wp-content\/uploads\/2025\/08\/Mon-Amazon-de-la-journee-preferee-The-Beats-Powerbeats-Pro.png\",\"contentUrl\":\"https:\/\/vieassociative.be\/actualites\/wp-content\/uploads\/2025\/08\/Mon-Amazon-de-la-journee-preferee-The-Beats-Powerbeats-Pro.png\",\"width\":1200,\"height\":675,\"caption\":\"Mon Amazon de la journ\u00e9e pr\u00e9f\u00e9r\u00e9e: The Beats Powerbeats Pro 2 Earbuds\"},{\"@type\":\"BreadcrumbList\",\"@id\":\"https:\/\/vieassociative.be\/actualites\/mon-amazon-de-la-journee-preferee-the-beats-powerbeats-pro-2-earbuds\/#breadcrumb\",\"itemListElement\":[{\"@type\":\"ListItem\",\"position\":1,\"name\":\"Accueil\",\"item\":\"https:\/\/vieassociative.be\/actualites\/\"},{\"@type\":\"ListItem\",\"position\":2,\"name\":\"Mon Amazon de la journ\u00e9e pr\u00e9f\u00e9r\u00e9e: The Beats Powerbeats Pro 2 Earbuds\"}]},{\"@type\":\"WebSite\",\"@id\":\"https:\/\/vieassociative.be\/actualites\/#website\",\"url\":\"https:\/\/vieassociative.be\/actualites\/\",\"name\":\"Vie Associative\",\"description\":\"\",\"publisher\":{\"@id\":\"https:\/\/vieassociative.be\/actualites\/#organization\"},\"potentialAction\":[{\"@type\":\"SearchAction\",\"target\":{\"@type\":\"EntryPoint\",\"urlTemplate\":\"https:\/\/vieassociative.be\/actualites\/?s={search_term_string}\"},\"query-input\":{\"@type\":\"PropertyValueSpecification\",\"valueRequired\":true,\"valueName\":\"search_term_string\"}}],\"inLanguage\":\"fr-BE\"},{\"@type\":\"Organization\",\"@id\":\"https:\/\/vieassociative.be\/actualites\/#organization\",\"name\":\"Vie Associative\",\"url\":\"https:\/\/vieassociative.be\/actualites\/\",\"logo\":{\"@type\":\"ImageObject\",\"inLanguage\":\"fr-BE\",\"@id\":\"https:\/\/vieassociative.be\/actualites\/#\/schema\/logo\/image\/\",\"url\":\"https:\/\/vieassociative.be\/actualites\/wp-content\/uploads\/2024\/09\/cropped-vieassociative_favicon.ico.png\",\"contentUrl\":\"https:\/\/vieassociative.be\/actualites\/wp-content\/uploads\/2024\/09\/cropped-vieassociative_favicon.ico.png\",\"width\":512,\"height\":512,\"caption\":\"Vie Associative\"},\"image\":{\"@id\":\"https:\/\/vieassociative.be\/actualites\/#\/schema\/logo\/image\/\"}},{\"@type\":\"Person\",\"@id\":\"https:\/\/vieassociative.be\/actualites\/#\/schema\/person\/b87ac4f82f9d4e7b7cec7395b679edc4\",\"name\":\"Julien\",\"image\":{\"@type\":\"ImageObject\",\"inLanguage\":\"fr-BE\",\"@id\":\"https:\/\/vieassociative.be\/actualites\/#\/schema\/person\/image\/\",\"url\":\"https:\/\/vieassociative.be\/actualites\/wp-content\/uploads\/2024\/09\/vie-associative-1-150x150.jpg\",\"contentUrl\":\"https:\/\/vieassociative.be\/actualites\/wp-content\/uploads\/2024\/09\/vie-associative-1-150x150.jpg\",\"caption\":\"Julien\"},\"description\":\"Je suis Julien, r\u00e9dacteur pour Vie Associative. Passionn\u00e9 par le monde associatif depuis plus de 10 ans, j'ai \u00e0 c\u0153ur de partager des histoires inspirantes et de mettre en lumi\u00e8re les initiatives locales. Mon objectif est de sensibiliser et d'encourager l'engagement communautaire \u00e0 travers mes articles.\",\"sameAs\":[\"https:\/\/vieassociative.be\/\"]}]}<\/script>\n<!-- \/ Yoast SEO plugin. -->","yoast_head_json":{"title":"Mon Amazon de la journ\u00e9e pr\u00e9f\u00e9r\u00e9e: The Beats Powerbeats Pro 2 Earbuds | Vie Associative","robots":{"index":"index","follow":"follow","max-snippet":"max-snippet:-1","max-image-preview":"max-image-preview:large","max-video-preview":"max-video-preview:-1"},"canonical":"https:\/\/vieassociative.be\/actualites\/mon-amazon-de-la-journee-preferee-the-beats-powerbeats-pro-2-earbuds\/","og_locale":"fr_FR","og_type":"article","og_title":"Mon Amazon de la journ\u00e9e pr\u00e9f\u00e9r\u00e9e: The Beats Powerbeats Pro 2 Earbuds | Vie Associative","og_description":"Les derniers \u00e9couteurs d&rsquo;entra\u00eenement avec transparence et annulation de bruit sont \u00e0 ce prix le plus bas \u00e0 ce jour. Le Beats Powerbeats Pro 2","og_url":"https:\/\/vieassociative.be\/actualites\/mon-amazon-de-la-journee-preferee-the-beats-powerbeats-pro-2-earbuds\/","og_site_name":"Vie Associative","article_published_time":"2025-08-07T00:17:34+00:00","og_image":[{"url":"https:\/\/vieassociative.be\/actualites\/wp-content\/uploads\/2025\/08\/Mon-Amazon-de-la-journee-preferee-The-Beats-Powerbeats-Pro.jpg","type":"","width":"","height":""}],"author":"Julien","twitter_card":"summary_large_image","twitter_misc":{"\u00c9crit par":"Julien","Dur\u00e9e de lecture est.":"2 minutes"},"schema":{"@context":"https:\/\/schema.org","@graph":[{"@type":"Article","@id":"https:\/\/vieassociative.be\/actualites\/mon-amazon-de-la-journee-preferee-the-beats-powerbeats-pro-2-earbuds\/#article","isPartOf":{"@id":"https:\/\/vieassociative.be\/actualites\/mon-amazon-de-la-journee-preferee-the-beats-powerbeats-pro-2-earbuds\/"},"author":{"name":"Julien","@id":"https:\/\/vieassociative.be\/actualites\/#\/schema\/person\/b87ac4f82f9d4e7b7cec7395b679edc4"},"headline":"Mon Amazon de la journ\u00e9e pr\u00e9f\u00e9r\u00e9e: The Beats Powerbeats Pro 2 Earbuds","datePublished":"2025-08-07T00:17:34+00:00","dateModified":"2025-08-07T00:17:34+00:00","mainEntityOfPage":{"@id":"https:\/\/vieassociative.be\/actualites\/mon-amazon-de-la-journee-preferee-the-beats-powerbeats-pro-2-earbuds\/"},"wordCount":433,"publisher":{"@id":"https:\/\/vieassociative.be\/actualites\/#organization"},"image":{"@id":"https:\/\/vieassociative.be\/actualites\/mon-amazon-de-la-journee-preferee-the-beats-powerbeats-pro-2-earbuds\/#primaryimage"},"thumbnailUrl":"https:\/\/vieassociative.be\/actualites\/wp-content\/uploads\/2025\/08\/Mon-Amazon-de-la-journee-preferee-The-Beats-Powerbeats-Pro.png","keywords":["Amazon","Beats","Earbuds","journ\u00e9e","Mon","Powerbeats","pr\u00e9f\u00e9r\u00e9e","Pro"],"articleSection":["Technologie"],"inLanguage":"fr-BE"},{"@type":"WebPage","@id":"https:\/\/vieassociative.be\/actualites\/mon-amazon-de-la-journee-preferee-the-beats-powerbeats-pro-2-earbuds\/","url":"https:\/\/vieassociative.be\/actualites\/mon-amazon-de-la-journee-preferee-the-beats-powerbeats-pro-2-earbuds\/","name":"Mon Amazon de la journ\u00e9e pr\u00e9f\u00e9r\u00e9e: The Beats Powerbeats Pro 2 Earbuds | Vie Associative","isPartOf":{"@id":"https:\/\/vieassociative.be\/actualites\/#website"},"primaryImageOfPage":{"@id":"https:\/\/vieassociative.be\/actualites\/mon-amazon-de-la-journee-preferee-the-beats-powerbeats-pro-2-earbuds\/#primaryimage"},"image":{"@id":"https:\/\/vieassociative.be\/actualites\/mon-amazon-de-la-journee-preferee-the-beats-powerbeats-pro-2-earbuds\/#primaryimage"},"thumbnailUrl":"https:\/\/vieassociative.be\/actualites\/wp-content\/uploads\/2025\/08\/Mon-Amazon-de-la-journee-preferee-The-Beats-Powerbeats-Pro.png","datePublished":"2025-08-07T00:17:34+00:00","dateModified":"2025-08-07T00:17:34+00:00","breadcrumb":{"@id":"https:\/\/vieassociative.be\/actualites\/mon-amazon-de-la-journee-preferee-the-beats-powerbeats-pro-2-earbuds\/#breadcrumb"},"inLanguage":"fr-BE","potentialAction":[{"@type":"ReadAction","target":["https:\/\/vieassociative.be\/actualites\/mon-amazon-de-la-journee-preferee-the-beats-powerbeats-pro-2-earbuds\/"]}]},{"@type":"ImageObject","inLanguage":"fr-BE","@id":"https:\/\/vieassociative.be\/actualites\/mon-amazon-de-la-journee-preferee-the-beats-powerbeats-pro-2-earbuds\/#primaryimage","url":"https:\/\/vieassociative.be\/actualites\/wp-content\/uploads\/2025\/08\/Mon-Amazon-de-la-journee-preferee-The-Beats-Powerbeats-Pro.png","contentUrl":"https:\/\/vieassociative.be\/actualites\/wp-content\/uploads\/2025\/08\/Mon-Amazon-de-la-journee-preferee-The-Beats-Powerbeats-Pro.png","width":1200,"height":675,"caption":"Mon Amazon de la journ\u00e9e pr\u00e9f\u00e9r\u00e9e: The Beats Powerbeats Pro 2 Earbuds"},{"@type":"BreadcrumbList","@id":"https:\/\/vieassociative.be\/actualites\/mon-amazon-de-la-journee-preferee-the-beats-powerbeats-pro-2-earbuds\/#breadcrumb","itemListElement":[{"@type":"ListItem","position":1,"name":"Accueil","item":"https:\/\/vieassociative.be\/actualites\/"},{"@type":"ListItem","position":2,"name":"Mon Amazon de la journ\u00e9e pr\u00e9f\u00e9r\u00e9e: The Beats Powerbeats Pro 2 Earbuds"}]},{"@type":"WebSite","@id":"https:\/\/vieassociative.be\/actualites\/#website","url":"https:\/\/vieassociative.be\/actualites\/","name":"Vie Associative","description":"","publisher":{"@id":"https:\/\/vieassociative.be\/actualites\/#organization"},"potentialAction":[{"@type":"SearchAction","target":{"@type":"EntryPoint","urlTemplate":"https:\/\/vieassociative.be\/actualites\/?s={search_term_string}"},"query-input":{"@type":"PropertyValueSpecification","valueRequired":true,"valueName":"search_term_string"}}],"inLanguage":"fr-BE"},{"@type":"Organization","@id":"https:\/\/vieassociative.be\/actualites\/#organization","name":"Vie Associative","url":"https:\/\/vieassociative.be\/actualites\/","logo":{"@type":"ImageObject","inLanguage":"fr-BE","@id":"https:\/\/vieassociative.be\/actualites\/#\/schema\/logo\/image\/","url":"https:\/\/vieassociative.be\/actualites\/wp-content\/uploads\/2024\/09\/cropped-vieassociative_favicon.ico.png","contentUrl":"https:\/\/vieassociative.be\/actualites\/wp-content\/uploads\/2024\/09\/cropped-vieassociative_favicon.ico.png","width":512,"height":512,"caption":"Vie Associative"},"image":{"@id":"https:\/\/vieassociative.be\/actualites\/#\/schema\/logo\/image\/"}},{"@type":"Person","@id":"https:\/\/vieassociative.be\/actualites\/#\/schema\/person\/b87ac4f82f9d4e7b7cec7395b679edc4","name":"Julien","image":{"@type":"ImageObject","inLanguage":"fr-BE","@id":"https:\/\/vieassociative.be\/actualites\/#\/schema\/person\/image\/","url":"https:\/\/vieassociative.be\/actualites\/wp-content\/uploads\/2024\/09\/vie-associative-1-150x150.jpg","contentUrl":"https:\/\/vieassociative.be\/actualites\/wp-content\/uploads\/2024\/09\/vie-associative-1-150x150.jpg","caption":"Julien"},"description":"Je suis Julien, r\u00e9dacteur pour Vie Associative. Passionn\u00e9 par le monde associatif depuis plus de 10 ans, j'ai \u00e0 c\u0153ur de partager des histoires inspirantes et de mettre en lumi\u00e8re les initiatives locales. Mon objectif est de sensibiliser et d'encourager l'engagement communautaire \u00e0 travers mes articles.","sameAs":["https:\/\/vieassociative.be\/"]}]}},"_links":{"self":[{"href":"https:\/\/vieassociative.be\/actualites\/wp-json\/wp\/v2\/posts\/9246"}],"collection":[{"href":"https:\/\/vieassociative.be\/actualites\/wp-json\/wp\/v2\/posts"}],"about":[{"href":"https:\/\/vieassociative.be\/actualites\/wp-json\/wp\/v2\/types\/post"}],"author":[{"embeddable":true,"href":"https:\/\/vieassociative.be\/actualites\/wp-json\/wp\/v2\/users\/1"}],"replies":[{"embeddable":true,"href":"https:\/\/vieassociative.be\/actualites\/wp-json\/wp\/v2\/comments?post=9246"}],"version-history":[{"count":0,"href":"https:\/\/vieassociative.be\/actualites\/wp-json\/wp\/v2\/posts\/9246\/revisions"}],"wp:featuredmedia":[{"embeddable":true,"href":"https:\/\/vieassociative.be\/actualites\/wp-json\/wp\/v2\/media\/9247"}],"wp:attachment":[{"href":"https:\/\/vieassociative.be\/actualites\/wp-json\/wp\/v2\/media?parent=9246"}],"wp:term":[{"taxonomy":"category","embeddable":true,"href":"https:\/\/vieassociative.be\/actualites\/wp-json\/wp\/v2\/categories?post=9246"},{"taxonomy":"post_tag","embeddable":true,"href":"https:\/\/vieassociative.be\/actualites\/wp-json\/wp\/v2\/tags?post=9246"}],"curies":[{"name":"wp","href":"https:\/\/api.w.org\/{rel}","templated":true}]}}