{"id":9242,"date":"2025-08-06T22:17:12","date_gmt":"2025-08-06T20:17:12","guid":{"rendered":"https:\/\/vieassociative.be\/actualites\/brugge-maintient-sa-chance-des-series-eliminatoires-de-la-ligue-des-champions-grace-a-une-victoire-1-0-a-rb-salzburg\/"},"modified":"2025-08-06T22:17:12","modified_gmt":"2025-08-06T20:17:12","slug":"brugge-maintient-sa-chance-des-series-eliminatoires-de-la-ligue-des-champions-grace-a-une-victoire-1-0-a-rb-salzburg","status":"publish","type":"post","link":"https:\/\/vieassociative.be\/actualites\/brugge-maintient-sa-chance-des-series-eliminatoires-de-la-ligue-des-champions-grace-a-une-victoire-1-0-a-rb-salzburg\/","title":{"rendered":"Br\u00fcgge maintient sa chance des s\u00e9ries \u00e9liminatoires de la Ligue des champions gr\u00e2ce \u00e0 une victoire 1-0 \u00e0 RB Salzburg"},"content":{"rendered":"<p><strong>Le football belge peut \u00e9galement esp\u00e9rer \u00eatre repr\u00e9sent\u00e9 avec deux clubs dans la phase de groupe de la Ligue des champions. <\/strong><\/p>\n<p><span id=\"more-421893\"><\/span>Alors que Union Saint-Gilloinme en tant que champion national est automatiquement pr\u00e9vu pour la manche principale de la premi\u00e8re classe, le Vizemeister FC Bruges a gagn\u00e9 une bonne position de d\u00e9part pour le deuxi\u00e8me \u00e9tage mardi la semaine prochaine dans le stade Jan Breydel (19h30 \/ Live on Club RTL et VTM2). Romeo Vermant a marqu\u00e9 le seul but du match.<\/p>\n<div id=\"attachment_421906\" class=\"wp-caption alignleft\" style=\"max-width: 300px\"><img fetchpriority=\"high\" decoding=\"async\" class=\"wp-image-421906 size-medium\" src=\"https:\/\/vieassociative.be\/actualites\/wp-content\/uploads\/2025\/08\/Brugge-maintient-sa-chance-des-series-eliminatoires-de-la-Ligue.jpg\" alt=\"\" width=\"300\" height=\"206\"><\/div>\n<p>Si \u00ab\u00a0Blauw en Zwart\u00a0\u00bb pr\u00e9valait contre RB Salzbourg, l&rsquo;\u00e9quipe de l&rsquo;entra\u00eeneur Nicky Hayen devrait \u00e9galement survivre aux s\u00e9ries \u00e9liminatoires, o\u00f9 elle rencontrerait les Rangers de Glasgow ou Viktoria Pilsen. Les \u00c9cossais ont remport\u00e9 le match aller 3: 0.<\/p>\n<p>Avec les Autrichiens, l&rsquo;entra\u00eeneur Thomas Letsch n&rsquo;a pas surpris et a mis le Yorbe belge dans la temp\u00eate \u00e0 c\u00f4t\u00e9 de Dorgeles Nene. Au FC Bruges, Nicky Hayen a opt\u00e9 pour le Simon Mignolet exp\u00e9riment\u00e9 dans l&rsquo;objectif. De plus, il a pr\u00e9f\u00e9r\u00e9 Jorne Spileers dans la d\u00e9fense devant Zaid Romero et a quitt\u00e9 Hugo Vetlesen \u00e0 droite.<\/p>\n<p>D\u00e8s le d\u00e9but, le Br\u00fcgger a montr\u00e9 qu&rsquo;ils aimeraient avoir le ballon et l&rsquo;avaient presque exclusivement dans leurs rangs pendant un quart d&rsquo;heure (73%). Cependant, ils \u00e9taient heureux que Mignolet ait d\u00e9fendu un tir de Maurits Kj\u00e6rgaard sous la barre transversale (11e).<\/p>\n<\/p>\n<div id=\"attachment_421907\" class=\"wp-caption alignleft\" style=\"max-width: 300px\"><img decoding=\"async\" class=\"wp-image-421907 size-medium\" src=\"https:\/\/vieassociative.be\/actualites\/wp-content\/uploads\/2025\/08\/1754511432_504_Brugge-maintient-sa-chance-des-series-eliminatoires-de-la-Ligue.jpg\" alt=\"\" width=\"300\" height=\"200\"><\/div>\n<p>Les Autrichiens qui ont attendu un Br\u00fcgger pour faire une erreur puis assurer la pleine force, pouss\u00e9 dans la moiti\u00e9 oppos\u00e9e, mais ils ont \u00e9chou\u00e9 en raison d&rsquo;une d\u00e9fense compacte. De plus, le coureur belge -up a eu une grande chance apr\u00e8s un croisement de Joaquin Seys sur le deuxi\u00e8me poste de Vermant, qui a \u00e9t\u00e9 arr\u00eat\u00e9 par Alexander Schlager (41e).<\/p>\n<p>Bruges a eu des difficult\u00e9s avec l&rsquo;exactitude et a lutt\u00e9 contre un adversaire d&rsquo;acteur maintenant puissant au d\u00e9but de la seconde moiti\u00e9.<\/p>\n<p>Malgr\u00e9 un manque d&rsquo;agressivit\u00e9, le Br\u00fcgger est revenu dans le jeu et Ludovit Reis a forc\u00e9 Schlager \u00e0 un brillant d\u00e9fil\u00e9 (61.). Cependant, le gardien autrichien \u00e9tait impuissant lorsque Vermant a jou\u00e9 son d\u00e9fenseur et a converti un flanc net de Bjorn Meijer dans la p\u00e9nalit\u00e9 de Salzbourg \u00e0 0: 1 (75.).<\/p>\n<p>Les Autrichiens ont de nouveau augment\u00e9 un \u00e9quipement au cours des derni\u00e8res minutes, mais Mignolet a par\u00e9 un tir de Petar Ratkov et une t\u00eate de Nene (85.). Il est donc rest\u00e9 dans le point de vue 0-1. (Cre)<\/p>\n","protected":false},"excerpt":{"rendered":"<p>Le football belge peut \u00e9galement esp\u00e9rer \u00eatre repr\u00e9sent\u00e9 avec deux clubs dans la phase de groupe de la Ligue des champions. Alors que Union Saint-Gilloinme<\/p>\n","protected":false},"author":1,"featured_media":9243,"comment_status":"","ping_status":"","sticky":false,"template":"","format":"standard","meta":{"footnotes":""},"categories":[298],"tags":[691,2818,5810,29,5033,527,2817,4584,8066,1397,110,784],"class_list":["post-9242","post","type-post","status-publish","format-standard","has-post-thumbnail","hentry","category-belgique","tag-brugge","tag-champions","tag-chance","tag-des","tag-eliminatoires","tag-grace","tag-ligue","tag-maintient","tag-salzburg","tag-series","tag-une","tag-victoire","generate-columns","tablet-grid-50","mobile-grid-100","grid-parent","grid-33"],"yoast_head":"<!-- This site is optimized with the Yoast SEO plugin v24.0 - https:\/\/yoast.com\/wordpress\/plugins\/seo\/ -->\n<title>Br\u00fcgge maintient sa chance des s\u00e9ries \u00e9liminatoires de la Ligue des champions gr\u00e2ce \u00e0 une victoire 1-0 \u00e0 RB Salzburg | Vie Associative<\/title>\n<meta name=\"robots\" content=\"index, follow, max-snippet:-1, max-image-preview:large, max-video-preview:-1\" \/>\n<link rel=\"canonical\" href=\"https:\/\/vieassociative.be\/actualites\/brugge-maintient-sa-chance-des-series-eliminatoires-de-la-ligue-des-champions-grace-a-une-victoire-1-0-a-rb-salzburg\/\" \/>\n<meta property=\"og:locale\" content=\"fr_FR\" \/>\n<meta property=\"og:type\" content=\"article\" \/>\n<meta property=\"og:title\" content=\"Br\u00fcgge maintient sa chance des s\u00e9ries \u00e9liminatoires de la Ligue des champions gr\u00e2ce \u00e0 une victoire 1-0 \u00e0 RB Salzburg | Vie Associative\" \/>\n<meta property=\"og:description\" content=\"Le football belge peut \u00e9galement esp\u00e9rer \u00eatre repr\u00e9sent\u00e9 avec deux clubs dans la phase de groupe de la Ligue des champions. Alors que Union Saint-Gilloinme\" \/>\n<meta property=\"og:url\" content=\"https:\/\/vieassociative.be\/actualites\/brugge-maintient-sa-chance-des-series-eliminatoires-de-la-ligue-des-champions-grace-a-une-victoire-1-0-a-rb-salzburg\/\" \/>\n<meta property=\"og:site_name\" content=\"Vie Associative\" \/>\n<meta property=\"article:published_time\" content=\"2025-08-06T20:17:12+00:00\" \/>\n<meta property=\"og:image\" content=\"https:\/\/vieassociative.be\/actualites\/wp-content\/uploads\/2024\/09\/header_backgroundk-01-e1726694325946.png\" \/>\n\t<meta property=\"og:image:width\" content=\"279\" \/>\n\t<meta property=\"og:image:height\" content=\"92\" \/>\n\t<meta property=\"og:image:type\" content=\"image\/png\" \/>\n<meta name=\"author\" content=\"Julien\" \/>\n<meta name=\"twitter:card\" content=\"summary_large_image\" \/>\n<meta name=\"twitter:label1\" content=\"\u00c9crit par\" \/>\n\t<meta name=\"twitter:data1\" content=\"Julien\" \/>\n\t<meta name=\"twitter:label2\" content=\"Dur\u00e9e de lecture est.\" \/>\n\t<meta name=\"twitter:data2\" content=\"2 minutes\" \/>\n<script type=\"application\/ld+json\" class=\"yoast-schema-graph\">{\"@context\":\"https:\/\/schema.org\",\"@graph\":[{\"@type\":\"Article\",\"@id\":\"https:\/\/vieassociative.be\/actualites\/brugge-maintient-sa-chance-des-series-eliminatoires-de-la-ligue-des-champions-grace-a-une-victoire-1-0-a-rb-salzburg\/#article\",\"isPartOf\":{\"@id\":\"https:\/\/vieassociative.be\/actualites\/brugge-maintient-sa-chance-des-series-eliminatoires-de-la-ligue-des-champions-grace-a-une-victoire-1-0-a-rb-salzburg\/\"},\"author\":{\"name\":\"Julien\",\"@id\":\"https:\/\/vieassociative.be\/actualites\/#\/schema\/person\/b87ac4f82f9d4e7b7cec7395b679edc4\"},\"headline\":\"Br\u00fcgge maintient sa chance des s\u00e9ries \u00e9liminatoires de la Ligue des champions gr\u00e2ce \u00e0 une victoire 1-0 \u00e0 RB Salzburg\",\"datePublished\":\"2025-08-06T20:17:12+00:00\",\"dateModified\":\"2025-08-06T20:17:12+00:00\",\"mainEntityOfPage\":{\"@id\":\"https:\/\/vieassociative.be\/actualites\/brugge-maintient-sa-chance-des-series-eliminatoires-de-la-ligue-des-champions-grace-a-une-victoire-1-0-a-rb-salzburg\/\"},\"wordCount\":448,\"publisher\":{\"@id\":\"https:\/\/vieassociative.be\/actualites\/#organization\"},\"image\":{\"@id\":\"https:\/\/vieassociative.be\/actualites\/brugge-maintient-sa-chance-des-series-eliminatoires-de-la-ligue-des-champions-grace-a-une-victoire-1-0-a-rb-salzburg\/#primaryimage\"},\"thumbnailUrl\":\"https:\/\/vieassociative.be\/actualites\/wp-content\/uploads\/2025\/08\/1754511433_Brugge-maintient-sa-chance-des-series-eliminatoires-de-la-Ligue.jpg\",\"keywords\":[\"Br\u00fcgge\",\"Champions\",\"chance\",\"Des\",\"\u00e9liminatoires\",\"gr\u00e2ce\",\"Ligue\",\"maintient\",\"Salzburg\",\"s\u00e9ries\",\"une\",\"victoire\"],\"articleSection\":[\"Belgique\"],\"inLanguage\":\"fr-BE\"},{\"@type\":\"WebPage\",\"@id\":\"https:\/\/vieassociative.be\/actualites\/brugge-maintient-sa-chance-des-series-eliminatoires-de-la-ligue-des-champions-grace-a-une-victoire-1-0-a-rb-salzburg\/\",\"url\":\"https:\/\/vieassociative.be\/actualites\/brugge-maintient-sa-chance-des-series-eliminatoires-de-la-ligue-des-champions-grace-a-une-victoire-1-0-a-rb-salzburg\/\",\"name\":\"Br\u00fcgge maintient sa chance des s\u00e9ries \u00e9liminatoires de la Ligue des champions gr\u00e2ce \u00e0 une victoire 1-0 \u00e0 RB Salzburg | Vie Associative\",\"isPartOf\":{\"@id\":\"https:\/\/vieassociative.be\/actualites\/#website\"},\"primaryImageOfPage\":{\"@id\":\"https:\/\/vieassociative.be\/actualites\/brugge-maintient-sa-chance-des-series-eliminatoires-de-la-ligue-des-champions-grace-a-une-victoire-1-0-a-rb-salzburg\/#primaryimage\"},\"image\":{\"@id\":\"https:\/\/vieassociative.be\/actualites\/brugge-maintient-sa-chance-des-series-eliminatoires-de-la-ligue-des-champions-grace-a-une-victoire-1-0-a-rb-salzburg\/#primaryimage\"},\"thumbnailUrl\":\"https:\/\/vieassociative.be\/actualites\/wp-content\/uploads\/2025\/08\/1754511433_Brugge-maintient-sa-chance-des-series-eliminatoires-de-la-Ligue.jpg\",\"datePublished\":\"2025-08-06T20:17:12+00:00\",\"dateModified\":\"2025-08-06T20:17:12+00:00\",\"breadcrumb\":{\"@id\":\"https:\/\/vieassociative.be\/actualites\/brugge-maintient-sa-chance-des-series-eliminatoires-de-la-ligue-des-champions-grace-a-une-victoire-1-0-a-rb-salzburg\/#breadcrumb\"},\"inLanguage\":\"fr-BE\",\"potentialAction\":[{\"@type\":\"ReadAction\",\"target\":[\"https:\/\/vieassociative.be\/actualites\/brugge-maintient-sa-chance-des-series-eliminatoires-de-la-ligue-des-champions-grace-a-une-victoire-1-0-a-rb-salzburg\/\"]}]},{\"@type\":\"ImageObject\",\"inLanguage\":\"fr-BE\",\"@id\":\"https:\/\/vieassociative.be\/actualites\/brugge-maintient-sa-chance-des-series-eliminatoires-de-la-ligue-des-champions-grace-a-une-victoire-1-0-a-rb-salzburg\/#primaryimage\",\"url\":\"https:\/\/vieassociative.be\/actualites\/wp-content\/uploads\/2025\/08\/1754511433_Brugge-maintient-sa-chance-des-series-eliminatoires-de-la-Ligue.jpg\",\"contentUrl\":\"https:\/\/vieassociative.be\/actualites\/wp-content\/uploads\/2025\/08\/1754511433_Brugge-maintient-sa-chance-des-series-eliminatoires-de-la-Ligue.jpg\",\"width\":1200,\"height\":912,\"caption\":\"Br\u00fcgge maintient sa chance des s\u00e9ries \u00e9liminatoires de la Ligue des champions gr\u00e2ce \u00e0 une victoire 1-0 \u00e0 RB Salzburg\"},{\"@type\":\"BreadcrumbList\",\"@id\":\"https:\/\/vieassociative.be\/actualites\/brugge-maintient-sa-chance-des-series-eliminatoires-de-la-ligue-des-champions-grace-a-une-victoire-1-0-a-rb-salzburg\/#breadcrumb\",\"itemListElement\":[{\"@type\":\"ListItem\",\"position\":1,\"name\":\"Accueil\",\"item\":\"https:\/\/vieassociative.be\/actualites\/\"},{\"@type\":\"ListItem\",\"position\":2,\"name\":\"Br\u00fcgge maintient sa chance des s\u00e9ries \u00e9liminatoires de la Ligue des champions gr\u00e2ce \u00e0 une victoire 1-0 \u00e0 RB Salzburg\"}]},{\"@type\":\"WebSite\",\"@id\":\"https:\/\/vieassociative.be\/actualites\/#website\",\"url\":\"https:\/\/vieassociative.be\/actualites\/\",\"name\":\"Vie Associative\",\"description\":\"\",\"publisher\":{\"@id\":\"https:\/\/vieassociative.be\/actualites\/#organization\"},\"potentialAction\":[{\"@type\":\"SearchAction\",\"target\":{\"@type\":\"EntryPoint\",\"urlTemplate\":\"https:\/\/vieassociative.be\/actualites\/?s={search_term_string}\"},\"query-input\":{\"@type\":\"PropertyValueSpecification\",\"valueRequired\":true,\"valueName\":\"search_term_string\"}}],\"inLanguage\":\"fr-BE\"},{\"@type\":\"Organization\",\"@id\":\"https:\/\/vieassociative.be\/actualites\/#organization\",\"name\":\"Vie Associative\",\"url\":\"https:\/\/vieassociative.be\/actualites\/\",\"logo\":{\"@type\":\"ImageObject\",\"inLanguage\":\"fr-BE\",\"@id\":\"https:\/\/vieassociative.be\/actualites\/#\/schema\/logo\/image\/\",\"url\":\"https:\/\/vieassociative.be\/actualites\/wp-content\/uploads\/2024\/09\/cropped-vieassociative_favicon.ico.png\",\"contentUrl\":\"https:\/\/vieassociative.be\/actualites\/wp-content\/uploads\/2024\/09\/cropped-vieassociative_favicon.ico.png\",\"width\":512,\"height\":512,\"caption\":\"Vie Associative\"},\"image\":{\"@id\":\"https:\/\/vieassociative.be\/actualites\/#\/schema\/logo\/image\/\"}},{\"@type\":\"Person\",\"@id\":\"https:\/\/vieassociative.be\/actualites\/#\/schema\/person\/b87ac4f82f9d4e7b7cec7395b679edc4\",\"name\":\"Julien\",\"image\":{\"@type\":\"ImageObject\",\"inLanguage\":\"fr-BE\",\"@id\":\"https:\/\/vieassociative.be\/actualites\/#\/schema\/person\/image\/\",\"url\":\"https:\/\/vieassociative.be\/actualites\/wp-content\/uploads\/2024\/09\/vie-associative-1-150x150.jpg\",\"contentUrl\":\"https:\/\/vieassociative.be\/actualites\/wp-content\/uploads\/2024\/09\/vie-associative-1-150x150.jpg\",\"caption\":\"Julien\"},\"description\":\"Je suis Julien, r\u00e9dacteur pour Vie Associative. Passionn\u00e9 par le monde associatif depuis plus de 10 ans, j'ai \u00e0 c\u0153ur de partager des histoires inspirantes et de mettre en lumi\u00e8re les initiatives locales. Mon objectif est de sensibiliser et d'encourager l'engagement communautaire \u00e0 travers mes articles.\",\"sameAs\":[\"https:\/\/vieassociative.be\/\"]}]}<\/script>\n<!-- \/ Yoast SEO plugin. -->","yoast_head_json":{"title":"Br\u00fcgge maintient sa chance des s\u00e9ries \u00e9liminatoires de la Ligue des champions gr\u00e2ce \u00e0 une victoire 1-0 \u00e0 RB Salzburg | Vie Associative","robots":{"index":"index","follow":"follow","max-snippet":"max-snippet:-1","max-image-preview":"max-image-preview:large","max-video-preview":"max-video-preview:-1"},"canonical":"https:\/\/vieassociative.be\/actualites\/brugge-maintient-sa-chance-des-series-eliminatoires-de-la-ligue-des-champions-grace-a-une-victoire-1-0-a-rb-salzburg\/","og_locale":"fr_FR","og_type":"article","og_title":"Br\u00fcgge maintient sa chance des s\u00e9ries \u00e9liminatoires de la Ligue des champions gr\u00e2ce \u00e0 une victoire 1-0 \u00e0 RB Salzburg | Vie Associative","og_description":"Le football belge peut \u00e9galement esp\u00e9rer \u00eatre repr\u00e9sent\u00e9 avec deux clubs dans la phase de groupe de la Ligue des champions. Alors que Union Saint-Gilloinme","og_url":"https:\/\/vieassociative.be\/actualites\/brugge-maintient-sa-chance-des-series-eliminatoires-de-la-ligue-des-champions-grace-a-une-victoire-1-0-a-rb-salzburg\/","og_site_name":"Vie Associative","article_published_time":"2025-08-06T20:17:12+00:00","og_image":[{"width":279,"height":92,"url":"https:\/\/vieassociative.be\/actualites\/wp-content\/uploads\/2024\/09\/header_backgroundk-01-e1726694325946.png","type":"image\/png"}],"author":"Julien","twitter_card":"summary_large_image","twitter_misc":{"\u00c9crit par":"Julien","Dur\u00e9e de lecture est.":"2 minutes"},"schema":{"@context":"https:\/\/schema.org","@graph":[{"@type":"Article","@id":"https:\/\/vieassociative.be\/actualites\/brugge-maintient-sa-chance-des-series-eliminatoires-de-la-ligue-des-champions-grace-a-une-victoire-1-0-a-rb-salzburg\/#article","isPartOf":{"@id":"https:\/\/vieassociative.be\/actualites\/brugge-maintient-sa-chance-des-series-eliminatoires-de-la-ligue-des-champions-grace-a-une-victoire-1-0-a-rb-salzburg\/"},"author":{"name":"Julien","@id":"https:\/\/vieassociative.be\/actualites\/#\/schema\/person\/b87ac4f82f9d4e7b7cec7395b679edc4"},"headline":"Br\u00fcgge maintient sa chance des s\u00e9ries \u00e9liminatoires de la Ligue des champions gr\u00e2ce \u00e0 une victoire 1-0 \u00e0 RB Salzburg","datePublished":"2025-08-06T20:17:12+00:00","dateModified":"2025-08-06T20:17:12+00:00","mainEntityOfPage":{"@id":"https:\/\/vieassociative.be\/actualites\/brugge-maintient-sa-chance-des-series-eliminatoires-de-la-ligue-des-champions-grace-a-une-victoire-1-0-a-rb-salzburg\/"},"wordCount":448,"publisher":{"@id":"https:\/\/vieassociative.be\/actualites\/#organization"},"image":{"@id":"https:\/\/vieassociative.be\/actualites\/brugge-maintient-sa-chance-des-series-eliminatoires-de-la-ligue-des-champions-grace-a-une-victoire-1-0-a-rb-salzburg\/#primaryimage"},"thumbnailUrl":"https:\/\/vieassociative.be\/actualites\/wp-content\/uploads\/2025\/08\/1754511433_Brugge-maintient-sa-chance-des-series-eliminatoires-de-la-Ligue.jpg","keywords":["Br\u00fcgge","Champions","chance","Des","\u00e9liminatoires","gr\u00e2ce","Ligue","maintient","Salzburg","s\u00e9ries","une","victoire"],"articleSection":["Belgique"],"inLanguage":"fr-BE"},{"@type":"WebPage","@id":"https:\/\/vieassociative.be\/actualites\/brugge-maintient-sa-chance-des-series-eliminatoires-de-la-ligue-des-champions-grace-a-une-victoire-1-0-a-rb-salzburg\/","url":"https:\/\/vieassociative.be\/actualites\/brugge-maintient-sa-chance-des-series-eliminatoires-de-la-ligue-des-champions-grace-a-une-victoire-1-0-a-rb-salzburg\/","name":"Br\u00fcgge maintient sa chance des s\u00e9ries \u00e9liminatoires de la Ligue des champions gr\u00e2ce \u00e0 une victoire 1-0 \u00e0 RB Salzburg | Vie Associative","isPartOf":{"@id":"https:\/\/vieassociative.be\/actualites\/#website"},"primaryImageOfPage":{"@id":"https:\/\/vieassociative.be\/actualites\/brugge-maintient-sa-chance-des-series-eliminatoires-de-la-ligue-des-champions-grace-a-une-victoire-1-0-a-rb-salzburg\/#primaryimage"},"image":{"@id":"https:\/\/vieassociative.be\/actualites\/brugge-maintient-sa-chance-des-series-eliminatoires-de-la-ligue-des-champions-grace-a-une-victoire-1-0-a-rb-salzburg\/#primaryimage"},"thumbnailUrl":"https:\/\/vieassociative.be\/actualites\/wp-content\/uploads\/2025\/08\/1754511433_Brugge-maintient-sa-chance-des-series-eliminatoires-de-la-Ligue.jpg","datePublished":"2025-08-06T20:17:12+00:00","dateModified":"2025-08-06T20:17:12+00:00","breadcrumb":{"@id":"https:\/\/vieassociative.be\/actualites\/brugge-maintient-sa-chance-des-series-eliminatoires-de-la-ligue-des-champions-grace-a-une-victoire-1-0-a-rb-salzburg\/#breadcrumb"},"inLanguage":"fr-BE","potentialAction":[{"@type":"ReadAction","target":["https:\/\/vieassociative.be\/actualites\/brugge-maintient-sa-chance-des-series-eliminatoires-de-la-ligue-des-champions-grace-a-une-victoire-1-0-a-rb-salzburg\/"]}]},{"@type":"ImageObject","inLanguage":"fr-BE","@id":"https:\/\/vieassociative.be\/actualites\/brugge-maintient-sa-chance-des-series-eliminatoires-de-la-ligue-des-champions-grace-a-une-victoire-1-0-a-rb-salzburg\/#primaryimage","url":"https:\/\/vieassociative.be\/actualites\/wp-content\/uploads\/2025\/08\/1754511433_Brugge-maintient-sa-chance-des-series-eliminatoires-de-la-Ligue.jpg","contentUrl":"https:\/\/vieassociative.be\/actualites\/wp-content\/uploads\/2025\/08\/1754511433_Brugge-maintient-sa-chance-des-series-eliminatoires-de-la-Ligue.jpg","width":1200,"height":912,"caption":"Br\u00fcgge maintient sa chance des s\u00e9ries \u00e9liminatoires de la Ligue des champions gr\u00e2ce \u00e0 une victoire 1-0 \u00e0 RB Salzburg"},{"@type":"BreadcrumbList","@id":"https:\/\/vieassociative.be\/actualites\/brugge-maintient-sa-chance-des-series-eliminatoires-de-la-ligue-des-champions-grace-a-une-victoire-1-0-a-rb-salzburg\/#breadcrumb","itemListElement":[{"@type":"ListItem","position":1,"name":"Accueil","item":"https:\/\/vieassociative.be\/actualites\/"},{"@type":"ListItem","position":2,"name":"Br\u00fcgge maintient sa chance des s\u00e9ries \u00e9liminatoires de la Ligue des champions gr\u00e2ce \u00e0 une victoire 1-0 \u00e0 RB Salzburg"}]},{"@type":"WebSite","@id":"https:\/\/vieassociative.be\/actualites\/#website","url":"https:\/\/vieassociative.be\/actualites\/","name":"Vie Associative","description":"","publisher":{"@id":"https:\/\/vieassociative.be\/actualites\/#organization"},"potentialAction":[{"@type":"SearchAction","target":{"@type":"EntryPoint","urlTemplate":"https:\/\/vieassociative.be\/actualites\/?s={search_term_string}"},"query-input":{"@type":"PropertyValueSpecification","valueRequired":true,"valueName":"search_term_string"}}],"inLanguage":"fr-BE"},{"@type":"Organization","@id":"https:\/\/vieassociative.be\/actualites\/#organization","name":"Vie Associative","url":"https:\/\/vieassociative.be\/actualites\/","logo":{"@type":"ImageObject","inLanguage":"fr-BE","@id":"https:\/\/vieassociative.be\/actualites\/#\/schema\/logo\/image\/","url":"https:\/\/vieassociative.be\/actualites\/wp-content\/uploads\/2024\/09\/cropped-vieassociative_favicon.ico.png","contentUrl":"https:\/\/vieassociative.be\/actualites\/wp-content\/uploads\/2024\/09\/cropped-vieassociative_favicon.ico.png","width":512,"height":512,"caption":"Vie Associative"},"image":{"@id":"https:\/\/vieassociative.be\/actualites\/#\/schema\/logo\/image\/"}},{"@type":"Person","@id":"https:\/\/vieassociative.be\/actualites\/#\/schema\/person\/b87ac4f82f9d4e7b7cec7395b679edc4","name":"Julien","image":{"@type":"ImageObject","inLanguage":"fr-BE","@id":"https:\/\/vieassociative.be\/actualites\/#\/schema\/person\/image\/","url":"https:\/\/vieassociative.be\/actualites\/wp-content\/uploads\/2024\/09\/vie-associative-1-150x150.jpg","contentUrl":"https:\/\/vieassociative.be\/actualites\/wp-content\/uploads\/2024\/09\/vie-associative-1-150x150.jpg","caption":"Julien"},"description":"Je suis Julien, r\u00e9dacteur pour Vie Associative. Passionn\u00e9 par le monde associatif depuis plus de 10 ans, j'ai \u00e0 c\u0153ur de partager des histoires inspirantes et de mettre en lumi\u00e8re les initiatives locales. Mon objectif est de sensibiliser et d'encourager l'engagement communautaire \u00e0 travers mes articles.","sameAs":["https:\/\/vieassociative.be\/"]}]}},"_links":{"self":[{"href":"https:\/\/vieassociative.be\/actualites\/wp-json\/wp\/v2\/posts\/9242"}],"collection":[{"href":"https:\/\/vieassociative.be\/actualites\/wp-json\/wp\/v2\/posts"}],"about":[{"href":"https:\/\/vieassociative.be\/actualites\/wp-json\/wp\/v2\/types\/post"}],"author":[{"embeddable":true,"href":"https:\/\/vieassociative.be\/actualites\/wp-json\/wp\/v2\/users\/1"}],"replies":[{"embeddable":true,"href":"https:\/\/vieassociative.be\/actualites\/wp-json\/wp\/v2\/comments?post=9242"}],"version-history":[{"count":0,"href":"https:\/\/vieassociative.be\/actualites\/wp-json\/wp\/v2\/posts\/9242\/revisions"}],"wp:featuredmedia":[{"embeddable":true,"href":"https:\/\/vieassociative.be\/actualites\/wp-json\/wp\/v2\/media\/9243"}],"wp:attachment":[{"href":"https:\/\/vieassociative.be\/actualites\/wp-json\/wp\/v2\/media?parent=9242"}],"wp:term":[{"taxonomy":"category","embeddable":true,"href":"https:\/\/vieassociative.be\/actualites\/wp-json\/wp\/v2\/categories?post=9242"},{"taxonomy":"post_tag","embeddable":true,"href":"https:\/\/vieassociative.be\/actualites\/wp-json\/wp\/v2\/tags?post=9242"}],"curies":[{"name":"wp","href":"https:\/\/api.w.org\/{rel}","templated":true}]}}