{"id":9240,"date":"2025-08-06T21:18:01","date_gmt":"2025-08-06T19:18:01","guid":{"rendered":"https:\/\/vieassociative.be\/actualites\/les-ecouteurs-ouverts-soundcore-v20i-sont-a-plus-de-la-moitie-de-la-moitie-sur-amazon\/"},"modified":"2025-08-06T21:18:01","modified_gmt":"2025-08-06T19:18:01","slug":"les-ecouteurs-ouverts-soundcore-v20i-sont-a-plus-de-la-moitie-de-la-moitie-sur-amazon","status":"publish","type":"post","link":"https:\/\/vieassociative.be\/actualites\/les-ecouteurs-ouverts-soundcore-v20i-sont-a-plus-de-la-moitie-de-la-moitie-sur-amazon\/","title":{"rendered":"Les \u00e9couteurs ouverts Soundcore v20i sont \u00e0 plus de la moiti\u00e9 de la moiti\u00e9 sur Amazon"},"content":{"rendered":"<div class=\"mt-4 leading-6 md:mb-8\">Ouvrez les \u00e9couteurs pour ceux qui n&rsquo;ont pas besoin de l&rsquo;ANC complet mais qui veulent toujours des fonctionnalit\u00e9s comp\u00e9titives et une qualit\u00e9 sonore.<\/div>\n<p><\/p>\n<p>Les \u00e9couteurs ouverts SoundCore V20I par Anker sont actuellement r\u00e9duits de 53% sur Amazon et \u00e0 seulement 1 $ au-dessus de leur prix le plus bas de tous les temps, selon les trackers de prix. \u00c0 <strong>23,49 $<\/strong> (\u00e0 l&rsquo;origine 49,99 $), ces \u00e9couteurs \u00e0 oreille ouverte conviviaux comportent des crochets d&rsquo;oreille r\u00e9glables, plusieurs fonctionnalit\u00e9s d&rsquo;applications et des commandes tactiles, ce qui en fait un excellent choix pour un usage quotidien. Malgr\u00e9 leur prix bas, les critiques d&rsquo;Amazon les comparent aux bourgeons \u00e0 oreilles ouverts Bose et louent leur fonctionnalit\u00e9 et leur confort.<\/p>\n<div class=\"pogoClear mb-12 mt-10 rounded-md border-2 border-gray-100 py-7 shadow-xl md:py-6\">\n<div class=\"flex flex-wrap justify-between px-7 text-black no-underline md:flex-nowrap md:px-8\">\n<div class=\"order-1 mx-auto flex flex-col justify-center md:order-2 md:ml-4 md:w-full md:grow\">\n<div class=\"block cursor-pointer text-center font-akshar text-2xl font-medium leading-7 text-brand-green duration-200 ease-in-out hover:text-brand-green-700 md:text-left md:text-xl md:leading-6\">SoundCore V20I Open Earbuds\n                <\/div>\n<div class=\"mt-4 hidden md:flex md:justify-between\">\n<div class=\"self-end\">\n<div class=\"mb-0 h-11 md:flex md:flex-col md:justify-center\">\n<div class=\" font-sans leading-4 text-black\">\n<div class=\"flex flex-wrap items-center justify-center gap-1 md:justify-start\">\n        <span class=\"font-bold\"><\/p>\n<p>            23,49 $<br \/>\n                            <span class=\"font-medium\">\u00e0 Amazon<\/span><br \/>\n                    <\/span>\n            <\/div>\n<div class=\"flex items-center justify-center gap-x-1 font-bold md:justify-start\">\n            <span class=\"text-sm line-through\">49,99 $<\/span><br \/>\n            <span class=\"text-sm text-brand-green\">\u00c9conomisez 26,50 $<\/span>\n        <\/div>\n<\/p><\/div>\n<\/p><\/div>\n<\/p><\/div>\n<div class=\"w-44 self-end\">\n                            <button class=\"flex justify-center items-center w-full bg-brand-green text-white text-base font-sans font-medium rounded-md hover:bg-brand-green-700 hover:cursor-pointer md:text-sm h-11\"><\/p>\n<p>    Conclure un accord<br \/>\n<\/button>\n                        <\/div>\n<\/p><\/div>\n<\/p><\/div>\n<div class=\"order-2 mt-5 h-auto w-full md:order-1 md:mt-0 md:hidden\">\n<div class=\"flex aspect-video items-center justify-center\">\n                                            <img decoding=\"async\" class=\"m-0 max-h-full max-w-full rounded-md\" src=\"https:\/\/vieassociative.be\/actualites\/wp-content\/uploads\/2025\/08\/Les-ecouteurs-ouverts-Soundcore-v20i-sont-a-plus-de-la.jpg\" alt=\"SoundCore V20i Open Earbuds by Anker\" width=\"auto\" height=\"auto\" loading=\"lazy\">\n                                    <\/div>\n<\/p><\/div>\n<div class=\"order-2 ml-2 hidden w-32 shrink-0 items-center md:order-1 md:ml-0 md:flex\">\n<div class=\"flex aspect-video items-center justify-center\">\n                                            <img decoding=\"async\" class=\"m-0 max-h-full max-w-full rounded-md\" src=\"https:\/\/vieassociative.be\/actualites\/wp-content\/uploads\/2025\/08\/Les-ecouteurs-ouverts-Soundcore-v20i-sont-a-plus-de-la.jpg\" alt=\"SoundCore V20i Open Earbuds by Anker\" width=\"auto\" height=\"auto\" loading=\"lazy\">\n                                    <\/div>\n<\/p><\/div>\n<div class=\"order-3 flex grow flex-wrap md:hidden md:grow-0\">\n<div class=\"mt-4 w-full\">\n                        <button class=\"flex justify-center items-center w-full bg-brand-green text-white text-base font-sans font-medium rounded-md hover:bg-brand-green-700 hover:cursor-pointer md:text-sm h-11\"><\/p>\n<p>    Conclure un accord<br \/>\n<\/button>\n                    <\/div>\n<div class=\"mx-2 mt-4 w-full\">\n<div class=\" font-sans leading-4 text-black\">\n<div class=\"flex flex-wrap items-center justify-center gap-1 md:justify-start\">\n        <span class=\"font-bold\"><\/p>\n<p>            23,49 $<br \/>\n                            <span class=\"font-medium\">\u00e0 Amazon<\/span><br \/>\n                    <\/span>\n            <\/div>\n<div class=\"flex items-center justify-center gap-x-1 font-bold md:justify-start\">\n            <span class=\"text-sm line-through\">49,99 $<\/span><br \/>\n            <span class=\"text-sm text-brand-green\">\u00c9conomisez 26,50 $<\/span>\n        <\/div>\n<\/p><\/div>\n<\/p><\/div>\n<\/p><\/div>\n<\/p><\/div>\n<\/div>\n<p>Ces \u00e9couteurs reposent doucement \u00e0 l&rsquo;ext\u00e9rieur des oreilles, les rendant s\u00e9curis\u00e9s et confortables. La conception ouverte permet une conscience de la situation, ce qui les rend id\u00e9ales pour ceux qui ne veulent pas bloquer tout leur environnement.<\/p>\n<p>Une note IP55 signifie qu&rsquo;ils peuvent \u00eatre port\u00e9s pour les s\u00e9ances d&rsquo;entra\u00eenement en sueur (de nombreux utilisateurs disent qu&rsquo;ils fonctionnent tr\u00e8s bien pour les s\u00e9ances de course ou de gymnase, contrairement aux bourgeons intra-auriculaires, qui peuvent tomber dans des conditions en sueur) et sous des pluies l\u00e9g\u00e8res. Avec une connexion Bluetooth 5.4 fiable, quatre micros et une r\u00e9duction du bruit, les appels sont nets et naturels. L&rsquo;application SoundCore vous permet d&rsquo;ajuster le r\u00e9glage et les basses de l&rsquo;\u00e9quation. <\/p>\n<p>Ces \u00e9couteurs offrent un total de 36 heures de jeu avec le bo\u00eetier (8 heures sans), et la fonction de charge rapide vous donne environ une heure de jeu sur une charge de 10 minutes. Si vous voulez l&rsquo;annulation totale du bruit, pr\u00e9f\u00e9rez les boutons aux commandes tactiles ou n&rsquo;aimez pas la sensation d&rsquo;\u00e9couteurs qui s&rsquo;accrochent autour de vos oreilles, vous voudrez peut-\u00eatre opter pour des \u00e9couteurs ferm\u00e9s ou ANC. Cependant, si vous voulez une exp\u00e9rience d&rsquo;\u00e9coute non intrusive et l\u00e9g\u00e8re qui permet \u00e0 un son ambiant naturel et est id\u00e9al pour l&rsquo;utilisation \u00e0 la fois en salle et en plein air, les \u00e9couteurs ouverts SoundCore V20I par Anker sont un choix intelligent, en particulier \u00e0 la remise actuelle. <\/p>\n","protected":false},"excerpt":{"rendered":"<p>Ouvrez les \u00e9couteurs pour ceux qui n&rsquo;ont pas besoin de l&rsquo;ANC complet mais qui veulent toujours des fonctionnalit\u00e9s comp\u00e9titives et une qualit\u00e9 sonore. Les \u00e9couteurs<\/p>\n","protected":false},"author":1,"featured_media":9241,"comment_status":"","ping_status":"","sticky":false,"template":"","format":"standard","meta":{"footnotes":""},"categories":[13],"tags":[51,1537,14,4637,8064,18,5381,33,8065],"class_list":["post-9240","post","type-post","status-publish","format-standard","has-post-thumbnail","hentry","category-technologie","tag-amazon","tag-ecouteurs","tag-les","tag-moitie","tag-ouverts","tag-sont","tag-soundcore","tag-sur","tag-v20i","generate-columns","tablet-grid-50","mobile-grid-100","grid-parent","grid-33"],"yoast_head":"<!-- This site is optimized with the Yoast SEO plugin v24.0 - https:\/\/yoast.com\/wordpress\/plugins\/seo\/ -->\n<title>Les \u00e9couteurs ouverts Soundcore v20i sont \u00e0 plus de la moiti\u00e9 de la moiti\u00e9 sur Amazon | Vie Associative<\/title>\n<meta name=\"robots\" content=\"index, follow, max-snippet:-1, max-image-preview:large, max-video-preview:-1\" \/>\n<link rel=\"canonical\" href=\"https:\/\/vieassociative.be\/actualites\/les-ecouteurs-ouverts-soundcore-v20i-sont-a-plus-de-la-moitie-de-la-moitie-sur-amazon\/\" \/>\n<meta property=\"og:locale\" content=\"fr_FR\" \/>\n<meta property=\"og:type\" content=\"article\" \/>\n<meta property=\"og:title\" content=\"Les \u00e9couteurs ouverts Soundcore v20i sont \u00e0 plus de la moiti\u00e9 de la moiti\u00e9 sur Amazon | Vie Associative\" \/>\n<meta property=\"og:description\" content=\"Ouvrez les \u00e9couteurs pour ceux qui n&rsquo;ont pas besoin de l&rsquo;ANC complet mais qui veulent toujours des fonctionnalit\u00e9s comp\u00e9titives et une qualit\u00e9 sonore. Les \u00e9couteurs\" \/>\n<meta property=\"og:url\" content=\"https:\/\/vieassociative.be\/actualites\/les-ecouteurs-ouverts-soundcore-v20i-sont-a-plus-de-la-moitie-de-la-moitie-sur-amazon\/\" \/>\n<meta property=\"og:site_name\" content=\"Vie Associative\" \/>\n<meta property=\"article:published_time\" content=\"2025-08-06T19:18:01+00:00\" \/>\n<meta property=\"og:image\" content=\"https:\/\/vieassociative.be\/actualites\/wp-content\/uploads\/2025\/08\/Les-ecouteurs-ouverts-Soundcore-v20i-sont-a-plus-de-la.jpg\" \/>\n<meta name=\"author\" content=\"Julien\" \/>\n<meta name=\"twitter:card\" content=\"summary_large_image\" \/>\n<meta name=\"twitter:label1\" content=\"\u00c9crit par\" \/>\n\t<meta name=\"twitter:data1\" content=\"Julien\" \/>\n\t<meta name=\"twitter:label2\" content=\"Dur\u00e9e de lecture est.\" \/>\n\t<meta name=\"twitter:data2\" content=\"2 minutes\" \/>\n<script type=\"application\/ld+json\" class=\"yoast-schema-graph\">{\"@context\":\"https:\/\/schema.org\",\"@graph\":[{\"@type\":\"Article\",\"@id\":\"https:\/\/vieassociative.be\/actualites\/les-ecouteurs-ouverts-soundcore-v20i-sont-a-plus-de-la-moitie-de-la-moitie-sur-amazon\/#article\",\"isPartOf\":{\"@id\":\"https:\/\/vieassociative.be\/actualites\/les-ecouteurs-ouverts-soundcore-v20i-sont-a-plus-de-la-moitie-de-la-moitie-sur-amazon\/\"},\"author\":{\"name\":\"Julien\",\"@id\":\"https:\/\/vieassociative.be\/actualites\/#\/schema\/person\/b87ac4f82f9d4e7b7cec7395b679edc4\"},\"headline\":\"Les \u00e9couteurs ouverts Soundcore v20i sont \u00e0 plus de la moiti\u00e9 de la moiti\u00e9 sur Amazon\",\"datePublished\":\"2025-08-06T19:18:01+00:00\",\"dateModified\":\"2025-08-06T19:18:01+00:00\",\"mainEntityOfPage\":{\"@id\":\"https:\/\/vieassociative.be\/actualites\/les-ecouteurs-ouverts-soundcore-v20i-sont-a-plus-de-la-moitie-de-la-moitie-sur-amazon\/\"},\"wordCount\":409,\"publisher\":{\"@id\":\"https:\/\/vieassociative.be\/actualites\/#organization\"},\"image\":{\"@id\":\"https:\/\/vieassociative.be\/actualites\/les-ecouteurs-ouverts-soundcore-v20i-sont-a-plus-de-la-moitie-de-la-moitie-sur-amazon\/#primaryimage\"},\"thumbnailUrl\":\"https:\/\/vieassociative.be\/actualites\/wp-content\/uploads\/2025\/08\/Les-ecouteurs-ouverts-Soundcore-v20i-sont-a-plus-de-la.png\",\"keywords\":[\"Amazon\",\"\u00e9couteurs\",\"Les\",\"moiti\u00e9\",\"ouverts\",\"sont\",\"SoundCore\",\"sur\",\"v20i\"],\"articleSection\":[\"Technologie\"],\"inLanguage\":\"fr-BE\"},{\"@type\":\"WebPage\",\"@id\":\"https:\/\/vieassociative.be\/actualites\/les-ecouteurs-ouverts-soundcore-v20i-sont-a-plus-de-la-moitie-de-la-moitie-sur-amazon\/\",\"url\":\"https:\/\/vieassociative.be\/actualites\/les-ecouteurs-ouverts-soundcore-v20i-sont-a-plus-de-la-moitie-de-la-moitie-sur-amazon\/\",\"name\":\"Les \u00e9couteurs ouverts Soundcore v20i sont \u00e0 plus de la moiti\u00e9 de la moiti\u00e9 sur Amazon | Vie Associative\",\"isPartOf\":{\"@id\":\"https:\/\/vieassociative.be\/actualites\/#website\"},\"primaryImageOfPage\":{\"@id\":\"https:\/\/vieassociative.be\/actualites\/les-ecouteurs-ouverts-soundcore-v20i-sont-a-plus-de-la-moitie-de-la-moitie-sur-amazon\/#primaryimage\"},\"image\":{\"@id\":\"https:\/\/vieassociative.be\/actualites\/les-ecouteurs-ouverts-soundcore-v20i-sont-a-plus-de-la-moitie-de-la-moitie-sur-amazon\/#primaryimage\"},\"thumbnailUrl\":\"https:\/\/vieassociative.be\/actualites\/wp-content\/uploads\/2025\/08\/Les-ecouteurs-ouverts-Soundcore-v20i-sont-a-plus-de-la.png\",\"datePublished\":\"2025-08-06T19:18:01+00:00\",\"dateModified\":\"2025-08-06T19:18:01+00:00\",\"breadcrumb\":{\"@id\":\"https:\/\/vieassociative.be\/actualites\/les-ecouteurs-ouverts-soundcore-v20i-sont-a-plus-de-la-moitie-de-la-moitie-sur-amazon\/#breadcrumb\"},\"inLanguage\":\"fr-BE\",\"potentialAction\":[{\"@type\":\"ReadAction\",\"target\":[\"https:\/\/vieassociative.be\/actualites\/les-ecouteurs-ouverts-soundcore-v20i-sont-a-plus-de-la-moitie-de-la-moitie-sur-amazon\/\"]}]},{\"@type\":\"ImageObject\",\"inLanguage\":\"fr-BE\",\"@id\":\"https:\/\/vieassociative.be\/actualites\/les-ecouteurs-ouverts-soundcore-v20i-sont-a-plus-de-la-moitie-de-la-moitie-sur-amazon\/#primaryimage\",\"url\":\"https:\/\/vieassociative.be\/actualites\/wp-content\/uploads\/2025\/08\/Les-ecouteurs-ouverts-Soundcore-v20i-sont-a-plus-de-la.png\",\"contentUrl\":\"https:\/\/vieassociative.be\/actualites\/wp-content\/uploads\/2025\/08\/Les-ecouteurs-ouverts-Soundcore-v20i-sont-a-plus-de-la.png\",\"width\":1200,\"height\":675,\"caption\":\"Les \u00e9couteurs ouverts Soundcore v20i sont \u00e0 plus de la moiti\u00e9 de la moiti\u00e9 sur Amazon\"},{\"@type\":\"BreadcrumbList\",\"@id\":\"https:\/\/vieassociative.be\/actualites\/les-ecouteurs-ouverts-soundcore-v20i-sont-a-plus-de-la-moitie-de-la-moitie-sur-amazon\/#breadcrumb\",\"itemListElement\":[{\"@type\":\"ListItem\",\"position\":1,\"name\":\"Accueil\",\"item\":\"https:\/\/vieassociative.be\/actualites\/\"},{\"@type\":\"ListItem\",\"position\":2,\"name\":\"Les \u00e9couteurs ouverts Soundcore v20i sont \u00e0 plus de la moiti\u00e9 de la moiti\u00e9 sur Amazon\"}]},{\"@type\":\"WebSite\",\"@id\":\"https:\/\/vieassociative.be\/actualites\/#website\",\"url\":\"https:\/\/vieassociative.be\/actualites\/\",\"name\":\"Vie Associative\",\"description\":\"\",\"publisher\":{\"@id\":\"https:\/\/vieassociative.be\/actualites\/#organization\"},\"potentialAction\":[{\"@type\":\"SearchAction\",\"target\":{\"@type\":\"EntryPoint\",\"urlTemplate\":\"https:\/\/vieassociative.be\/actualites\/?s={search_term_string}\"},\"query-input\":{\"@type\":\"PropertyValueSpecification\",\"valueRequired\":true,\"valueName\":\"search_term_string\"}}],\"inLanguage\":\"fr-BE\"},{\"@type\":\"Organization\",\"@id\":\"https:\/\/vieassociative.be\/actualites\/#organization\",\"name\":\"Vie Associative\",\"url\":\"https:\/\/vieassociative.be\/actualites\/\",\"logo\":{\"@type\":\"ImageObject\",\"inLanguage\":\"fr-BE\",\"@id\":\"https:\/\/vieassociative.be\/actualites\/#\/schema\/logo\/image\/\",\"url\":\"https:\/\/vieassociative.be\/actualites\/wp-content\/uploads\/2024\/09\/cropped-vieassociative_favicon.ico.png\",\"contentUrl\":\"https:\/\/vieassociative.be\/actualites\/wp-content\/uploads\/2024\/09\/cropped-vieassociative_favicon.ico.png\",\"width\":512,\"height\":512,\"caption\":\"Vie Associative\"},\"image\":{\"@id\":\"https:\/\/vieassociative.be\/actualites\/#\/schema\/logo\/image\/\"}},{\"@type\":\"Person\",\"@id\":\"https:\/\/vieassociative.be\/actualites\/#\/schema\/person\/b87ac4f82f9d4e7b7cec7395b679edc4\",\"name\":\"Julien\",\"image\":{\"@type\":\"ImageObject\",\"inLanguage\":\"fr-BE\",\"@id\":\"https:\/\/vieassociative.be\/actualites\/#\/schema\/person\/image\/\",\"url\":\"https:\/\/vieassociative.be\/actualites\/wp-content\/uploads\/2024\/09\/vie-associative-1-150x150.jpg\",\"contentUrl\":\"https:\/\/vieassociative.be\/actualites\/wp-content\/uploads\/2024\/09\/vie-associative-1-150x150.jpg\",\"caption\":\"Julien\"},\"description\":\"Je suis Julien, r\u00e9dacteur pour Vie Associative. Passionn\u00e9 par le monde associatif depuis plus de 10 ans, j'ai \u00e0 c\u0153ur de partager des histoires inspirantes et de mettre en lumi\u00e8re les initiatives locales. Mon objectif est de sensibiliser et d'encourager l'engagement communautaire \u00e0 travers mes articles.\",\"sameAs\":[\"https:\/\/vieassociative.be\/\"]}]}<\/script>\n<!-- \/ Yoast SEO plugin. -->","yoast_head_json":{"title":"Les \u00e9couteurs ouverts Soundcore v20i sont \u00e0 plus de la moiti\u00e9 de la moiti\u00e9 sur Amazon | Vie Associative","robots":{"index":"index","follow":"follow","max-snippet":"max-snippet:-1","max-image-preview":"max-image-preview:large","max-video-preview":"max-video-preview:-1"},"canonical":"https:\/\/vieassociative.be\/actualites\/les-ecouteurs-ouverts-soundcore-v20i-sont-a-plus-de-la-moitie-de-la-moitie-sur-amazon\/","og_locale":"fr_FR","og_type":"article","og_title":"Les \u00e9couteurs ouverts Soundcore v20i sont \u00e0 plus de la moiti\u00e9 de la moiti\u00e9 sur Amazon | Vie Associative","og_description":"Ouvrez les \u00e9couteurs pour ceux qui n&rsquo;ont pas besoin de l&rsquo;ANC complet mais qui veulent toujours des fonctionnalit\u00e9s comp\u00e9titives et une qualit\u00e9 sonore. Les \u00e9couteurs","og_url":"https:\/\/vieassociative.be\/actualites\/les-ecouteurs-ouverts-soundcore-v20i-sont-a-plus-de-la-moitie-de-la-moitie-sur-amazon\/","og_site_name":"Vie Associative","article_published_time":"2025-08-06T19:18:01+00:00","og_image":[{"url":"https:\/\/vieassociative.be\/actualites\/wp-content\/uploads\/2025\/08\/Les-ecouteurs-ouverts-Soundcore-v20i-sont-a-plus-de-la.jpg","type":"","width":"","height":""}],"author":"Julien","twitter_card":"summary_large_image","twitter_misc":{"\u00c9crit par":"Julien","Dur\u00e9e de lecture est.":"2 minutes"},"schema":{"@context":"https:\/\/schema.org","@graph":[{"@type":"Article","@id":"https:\/\/vieassociative.be\/actualites\/les-ecouteurs-ouverts-soundcore-v20i-sont-a-plus-de-la-moitie-de-la-moitie-sur-amazon\/#article","isPartOf":{"@id":"https:\/\/vieassociative.be\/actualites\/les-ecouteurs-ouverts-soundcore-v20i-sont-a-plus-de-la-moitie-de-la-moitie-sur-amazon\/"},"author":{"name":"Julien","@id":"https:\/\/vieassociative.be\/actualites\/#\/schema\/person\/b87ac4f82f9d4e7b7cec7395b679edc4"},"headline":"Les \u00e9couteurs ouverts Soundcore v20i sont \u00e0 plus de la moiti\u00e9 de la moiti\u00e9 sur Amazon","datePublished":"2025-08-06T19:18:01+00:00","dateModified":"2025-08-06T19:18:01+00:00","mainEntityOfPage":{"@id":"https:\/\/vieassociative.be\/actualites\/les-ecouteurs-ouverts-soundcore-v20i-sont-a-plus-de-la-moitie-de-la-moitie-sur-amazon\/"},"wordCount":409,"publisher":{"@id":"https:\/\/vieassociative.be\/actualites\/#organization"},"image":{"@id":"https:\/\/vieassociative.be\/actualites\/les-ecouteurs-ouverts-soundcore-v20i-sont-a-plus-de-la-moitie-de-la-moitie-sur-amazon\/#primaryimage"},"thumbnailUrl":"https:\/\/vieassociative.be\/actualites\/wp-content\/uploads\/2025\/08\/Les-ecouteurs-ouverts-Soundcore-v20i-sont-a-plus-de-la.png","keywords":["Amazon","\u00e9couteurs","Les","moiti\u00e9","ouverts","sont","SoundCore","sur","v20i"],"articleSection":["Technologie"],"inLanguage":"fr-BE"},{"@type":"WebPage","@id":"https:\/\/vieassociative.be\/actualites\/les-ecouteurs-ouverts-soundcore-v20i-sont-a-plus-de-la-moitie-de-la-moitie-sur-amazon\/","url":"https:\/\/vieassociative.be\/actualites\/les-ecouteurs-ouverts-soundcore-v20i-sont-a-plus-de-la-moitie-de-la-moitie-sur-amazon\/","name":"Les \u00e9couteurs ouverts Soundcore v20i sont \u00e0 plus de la moiti\u00e9 de la moiti\u00e9 sur Amazon | Vie Associative","isPartOf":{"@id":"https:\/\/vieassociative.be\/actualites\/#website"},"primaryImageOfPage":{"@id":"https:\/\/vieassociative.be\/actualites\/les-ecouteurs-ouverts-soundcore-v20i-sont-a-plus-de-la-moitie-de-la-moitie-sur-amazon\/#primaryimage"},"image":{"@id":"https:\/\/vieassociative.be\/actualites\/les-ecouteurs-ouverts-soundcore-v20i-sont-a-plus-de-la-moitie-de-la-moitie-sur-amazon\/#primaryimage"},"thumbnailUrl":"https:\/\/vieassociative.be\/actualites\/wp-content\/uploads\/2025\/08\/Les-ecouteurs-ouverts-Soundcore-v20i-sont-a-plus-de-la.png","datePublished":"2025-08-06T19:18:01+00:00","dateModified":"2025-08-06T19:18:01+00:00","breadcrumb":{"@id":"https:\/\/vieassociative.be\/actualites\/les-ecouteurs-ouverts-soundcore-v20i-sont-a-plus-de-la-moitie-de-la-moitie-sur-amazon\/#breadcrumb"},"inLanguage":"fr-BE","potentialAction":[{"@type":"ReadAction","target":["https:\/\/vieassociative.be\/actualites\/les-ecouteurs-ouverts-soundcore-v20i-sont-a-plus-de-la-moitie-de-la-moitie-sur-amazon\/"]}]},{"@type":"ImageObject","inLanguage":"fr-BE","@id":"https:\/\/vieassociative.be\/actualites\/les-ecouteurs-ouverts-soundcore-v20i-sont-a-plus-de-la-moitie-de-la-moitie-sur-amazon\/#primaryimage","url":"https:\/\/vieassociative.be\/actualites\/wp-content\/uploads\/2025\/08\/Les-ecouteurs-ouverts-Soundcore-v20i-sont-a-plus-de-la.png","contentUrl":"https:\/\/vieassociative.be\/actualites\/wp-content\/uploads\/2025\/08\/Les-ecouteurs-ouverts-Soundcore-v20i-sont-a-plus-de-la.png","width":1200,"height":675,"caption":"Les \u00e9couteurs ouverts Soundcore v20i sont \u00e0 plus de la moiti\u00e9 de la moiti\u00e9 sur Amazon"},{"@type":"BreadcrumbList","@id":"https:\/\/vieassociative.be\/actualites\/les-ecouteurs-ouverts-soundcore-v20i-sont-a-plus-de-la-moitie-de-la-moitie-sur-amazon\/#breadcrumb","itemListElement":[{"@type":"ListItem","position":1,"name":"Accueil","item":"https:\/\/vieassociative.be\/actualites\/"},{"@type":"ListItem","position":2,"name":"Les \u00e9couteurs ouverts Soundcore v20i sont \u00e0 plus de la moiti\u00e9 de la moiti\u00e9 sur Amazon"}]},{"@type":"WebSite","@id":"https:\/\/vieassociative.be\/actualites\/#website","url":"https:\/\/vieassociative.be\/actualites\/","name":"Vie Associative","description":"","publisher":{"@id":"https:\/\/vieassociative.be\/actualites\/#organization"},"potentialAction":[{"@type":"SearchAction","target":{"@type":"EntryPoint","urlTemplate":"https:\/\/vieassociative.be\/actualites\/?s={search_term_string}"},"query-input":{"@type":"PropertyValueSpecification","valueRequired":true,"valueName":"search_term_string"}}],"inLanguage":"fr-BE"},{"@type":"Organization","@id":"https:\/\/vieassociative.be\/actualites\/#organization","name":"Vie Associative","url":"https:\/\/vieassociative.be\/actualites\/","logo":{"@type":"ImageObject","inLanguage":"fr-BE","@id":"https:\/\/vieassociative.be\/actualites\/#\/schema\/logo\/image\/","url":"https:\/\/vieassociative.be\/actualites\/wp-content\/uploads\/2024\/09\/cropped-vieassociative_favicon.ico.png","contentUrl":"https:\/\/vieassociative.be\/actualites\/wp-content\/uploads\/2024\/09\/cropped-vieassociative_favicon.ico.png","width":512,"height":512,"caption":"Vie Associative"},"image":{"@id":"https:\/\/vieassociative.be\/actualites\/#\/schema\/logo\/image\/"}},{"@type":"Person","@id":"https:\/\/vieassociative.be\/actualites\/#\/schema\/person\/b87ac4f82f9d4e7b7cec7395b679edc4","name":"Julien","image":{"@type":"ImageObject","inLanguage":"fr-BE","@id":"https:\/\/vieassociative.be\/actualites\/#\/schema\/person\/image\/","url":"https:\/\/vieassociative.be\/actualites\/wp-content\/uploads\/2024\/09\/vie-associative-1-150x150.jpg","contentUrl":"https:\/\/vieassociative.be\/actualites\/wp-content\/uploads\/2024\/09\/vie-associative-1-150x150.jpg","caption":"Julien"},"description":"Je suis Julien, r\u00e9dacteur pour Vie Associative. Passionn\u00e9 par le monde associatif depuis plus de 10 ans, j'ai \u00e0 c\u0153ur de partager des histoires inspirantes et de mettre en lumi\u00e8re les initiatives locales. Mon objectif est de sensibiliser et d'encourager l'engagement communautaire \u00e0 travers mes articles.","sameAs":["https:\/\/vieassociative.be\/"]}]}},"_links":{"self":[{"href":"https:\/\/vieassociative.be\/actualites\/wp-json\/wp\/v2\/posts\/9240"}],"collection":[{"href":"https:\/\/vieassociative.be\/actualites\/wp-json\/wp\/v2\/posts"}],"about":[{"href":"https:\/\/vieassociative.be\/actualites\/wp-json\/wp\/v2\/types\/post"}],"author":[{"embeddable":true,"href":"https:\/\/vieassociative.be\/actualites\/wp-json\/wp\/v2\/users\/1"}],"replies":[{"embeddable":true,"href":"https:\/\/vieassociative.be\/actualites\/wp-json\/wp\/v2\/comments?post=9240"}],"version-history":[{"count":0,"href":"https:\/\/vieassociative.be\/actualites\/wp-json\/wp\/v2\/posts\/9240\/revisions"}],"wp:featuredmedia":[{"embeddable":true,"href":"https:\/\/vieassociative.be\/actualites\/wp-json\/wp\/v2\/media\/9241"}],"wp:attachment":[{"href":"https:\/\/vieassociative.be\/actualites\/wp-json\/wp\/v2\/media?parent=9240"}],"wp:term":[{"taxonomy":"category","embeddable":true,"href":"https:\/\/vieassociative.be\/actualites\/wp-json\/wp\/v2\/categories?post=9240"},{"taxonomy":"post_tag","embeddable":true,"href":"https:\/\/vieassociative.be\/actualites\/wp-json\/wp\/v2\/tags?post=9240"}],"curies":[{"name":"wp","href":"https:\/\/api.w.org\/{rel}","templated":true}]}}