{"id":9239,"date":"2025-08-06T19:18:58","date_gmt":"2025-08-06T17:18:58","guid":{"rendered":"https:\/\/vieassociative.be\/actualites\/que-sest-il-passe-lorsque-jai-remplace-tous-mes-ecrans-par-des-lunettes-intelligentes-xreal-one-pendant-une-journee-2\/"},"modified":"2025-08-06T19:18:58","modified_gmt":"2025-08-06T17:18:58","slug":"que-sest-il-passe-lorsque-jai-remplace-tous-mes-ecrans-par-des-lunettes-intelligentes-xreal-one-pendant-une-journee-2","status":"publish","type":"post","link":"https:\/\/vieassociative.be\/actualites\/que-sest-il-passe-lorsque-jai-remplace-tous-mes-ecrans-par-des-lunettes-intelligentes-xreal-one-pendant-une-journee-2\/","title":{"rendered":"Que s&rsquo;est-il pass\u00e9 lorsque j&rsquo;ai remplac\u00e9 tous mes \u00e9crans par des lunettes intelligentes Xreal One pendant une journ\u00e9e"},"content":{"rendered":"<div class=\"mt-4 leading-6 md:mb-8\">L&rsquo;avenir sans \u00e9cran est-il d\u00e9j\u00e0 l\u00e0?<\/div>\n<p><\/p>\n<p>L&rsquo;avenir (s&rsquo;il y en avait un) ne se d\u00e9roulera pas sur un \u00e9cran. <\/p>\n<p>Je ne parle pas d&rsquo;un avenir dans lequel nous avons abandonn\u00e9 la technologie pour vivre comme des hommes des cavernes, mais un avenir o\u00f9 nous<em> avoir <\/em>Couch\u00e9 nos \u00e9crans (ordinateurs portables, t\u00e9l\u00e9phones et t\u00e9l\u00e9viseurs) dans la poubelle parce que nous n&rsquo;en avons plus besoin pour regarder Tiktok &#8211; nous pouvons simplement utiliser des lunettes intelligentes. <\/p>\n<p>Cet avenir semble plus proche que vous ne le pensez. La derni\u00e8re g\u00e9n\u00e9ration de lunettes intelligentes est sur le point de pouvoir remplacer tous les rectangles brillants que nous regardons, un changement qui pourrait s&rsquo;av\u00e9rer aussi transformationnel et culturellement perturbateur que la propagation des smartphones il y a deux d\u00e9cennies. <\/p>\n<div class=\"mx-auto mb-12 mt-5 w-full max-w-3xl rounded-md border-2 border-gray-100 p-3 shadow-md md:px-7 md:pb-7 md:pt-5\" id=\"related-video\">\n<div class=\"mb-3 flex items-center md:mb-5\">\n        <img decoding=\"async\" class=\"mr-4 mt-0 h-10 w-10 md:mr-5 md:h-12 md:w-12\" src=\"https:\/\/vieassociative.be\/actualites\/wp-content\/uploads\/2025\/08\/1754414314_422_Les-brins-du-NYT-daujourdhui-indiquent-et-repondent-pour-le.jpg\" alt=\"Logo Lifehacker\"><\/p><\/div>\n<div class=\"aspect-video w-full overflow-hidden rounded-md\">\n<div id=\"video-container-01K205DSYT1ZW66CQBF9CKYYKN\"><\/div>\n<\/p><\/div>\n<\/div>\n<p>\u00c0 quoi pourrait ressembler ce nouveau monde courageux? Je n&rsquo;aime pas attendre que l&rsquo;avenir arrive, alors j&rsquo;ai d\u00e9cid\u00e9 de me donner un aper\u00e7u en rempla\u00e7ant tous mes \u00e9crans par une paire de lunettes Smart Xreal One Pro pour une journ\u00e9e. Une seule paire de sp\u00e9cifications ridicules mais impressionnantes pourrait-elle faire les travaux de mon moniteur informatique, de mon t\u00e9l\u00e9viseur et de mon iPhone? <\/p>\n<h2 id=\"even-the-best-smart-glasses-arent-there-yet\">M\u00eame les meilleures lunettes intelligentes ne sont pas encore l\u00e0<\/h2>\n<p>Avant de commencer, une mise en garde: les Xreal One Pros sont excellents, probablement la chose la plus proche sur le march\u00e9 actuel d&rsquo;un appareil portable \u00abtous les \u00e9crans\u00bb, mais ils ne sont pas con\u00e7us pour les essais d&rsquo;immersion toute la journ\u00e9e que je les ai mis. <\/p>\n<p>Aux fins de cette exp\u00e9rience, je compare Xreal One Pros \u00e0 un id\u00e9al imagin\u00e9, il n&rsquo;est donc pas vraiment surprenant qu&rsquo;ils n&rsquo;aient parfois pas pu \u00eatre \u00e0 la hauteur de mes r\u00eaves.<\/p>\n<h2 id=\"productivity-potential-versus-reality\">Productivit\u00e9: potentiel contre r\u00e9alit\u00e9<\/h2>\n<div class=\"eloquent-imagery-image\">\n<div class=\"flex justify-center\">\n                    <img decoding=\"async\" class=\"border border-gray-100\" src=\"https:\/\/vieassociative.be\/actualites\/wp-content\/uploads\/2025\/08\/Que-sest-il-passe-lorsque-jai-remplace-tous-mes-ecrans-par.png\" alt=\"Affichage Xreal One Pro\" width=\"2000\" height=\"1125\" loading=\"lazy\"  >\n            <\/div>\n<\/p><\/div>\n<p>XReal One Lunes ne n\u00e9cessite aucune configuration technique, du moins lorsqu&rsquo;elle est associ\u00e9e \u00e0 un appareil USB-C-Envable, alors j&rsquo;ai commenc\u00e9 ma journ\u00e9e de travail sans \u00e9cran en faisant glisser le cordon dans le port USB-C sur mon MacBook et en me faisant travailler. <\/p>\n<p>Il faut quelques minutes pour s&rsquo;habituer \u00e0 l&rsquo;\u00e9criture sur un \u00e9cran virtuel, mais cela semble naturel. L&rsquo;affichage de Xreal One est plus que suffisamment brillant dans un \u00e9clairage normal, et il peut \u00eatre d\u00e9fini pour \u00eatre <em>chemin<\/em> plus grand que l&rsquo;\u00e9cran r\u00e9el de mon ordinateur portable. Il n&rsquo;y a pas de retard notable entre mes entr\u00e9es physiques et l&rsquo;\u00e9cran virtuel, non plus. <\/p>\n<p>Mais une fois que je me suis install\u00e9, j&rsquo;ai not\u00e9 que l&rsquo;\u00e9cran de Xreal \u00e9tait l\u00e9g\u00e8rement inclin\u00e9. Plus je l&rsquo;ai utilis\u00e9, plus il devient ennuyeux. Peu importe ce que j&rsquo;ai fait, je ne pouvais pas me redresser. J&rsquo;ai finalement r\u00e9alis\u00e9 que ce n&rsquo;\u00e9tait pas un probl\u00e8me technique: l&rsquo;\u00e9cran \u00e9tait tordu parce que<em> Mon nez est tordu<\/em>. Je n&rsquo;ai jamais r\u00e9alis\u00e9 cela auparavant. J&rsquo;ai pu ajuster les cadres pour corriger mon asym\u00e9trie faciale, mais cela a mis en \u00e9vidence les types de nouvelles choses que nous apprendrons sur nous-m\u00eames dans un avenir sans \u00e9cran &#8211; et \u00e0 quel point l&rsquo;ing\u00e9nierie devra \u00eatre incroyablement pr\u00e9cise pour le faire fonctionner. <\/p>\n<p>Mon nez \u00e9tant tordu n&rsquo;\u00e9tait pas le seul inconv\u00e9nient de travailler sans \u00e9cran. Le texte \u00e0 l&rsquo;\u00e9cran n&rsquo;\u00e9tait pas aussi clair qu&rsquo;il le serait sur un v\u00e9ritable moniteur, et il y a un effet \u00e9trange et constant \u00ab\u00a0chatoyant\u00a0\u00bb dans votre vision p\u00e9riph\u00e9rique. Ces probl\u00e8mes pourraient \u00eatre un probl\u00e8me si vous entreprenez un travail graphiquement d\u00e9taill\u00e9, mais pour les t\u00e2ches de bureau banal, je n&rsquo;ai rencontr\u00e9 aucun probl\u00e8me. <\/p>\n<p>J&rsquo;ai m\u00eame utilis\u00e9 mes lunettes intelligentes sur un appel de zoom avec le r\u00e9dacteur en chef de Vie Associative, Meghan Walbert. Cela m&rsquo;a oblig\u00e9 \u00e0 utiliser une cam\u00e9ra secondaire pour diffuser, et je ressemblais \u00e0 une merveille geek Stevie, mais l&rsquo;appel lui-m\u00eame s&rsquo;est bien pass\u00e9. Voici \u00e0 quoi je ressemblais: <\/p>\n<div class=\"eloquent-imagery-image\">\n<div class=\"flex justify-center\">\n                    <img decoding=\"async\" class=\"border border-gray-100\" src=\"https:\/\/vieassociative.be\/actualites\/wp-content\/uploads\/2025\/08\/1754486376_980_Que-sest-il-passe-lorsque-jai-remplace-tous-mes-ecrans-par.png\" alt=\"Xreal One Pro Smart Lunes\" width=\"2000\" height=\"1247\" loading=\"lazy\"  >\n            <\/div>\n<\/p><\/div>\n<p>Dans l&rsquo;ensemble,<strong> <\/strong>Pour la plupart des t\u00e2ches li\u00e9es \u00e0 l&#8217;emploi &#8211; les e-mails en pr\u00e9servant, les recherches sur le Web, effectuant des appels zoom &#8211; vous pouvez totalement remplacer votre \u00e9cran par des lunettes. Pendant quelques heures, de toute fa\u00e7on.<\/p>\n<h2 id=\"comfort-is-a-problem\">Le confort est un probl\u00e8me<\/h2>\n<p>Xreal One Pro Lunes Habille une puce X1 pour permettre leurs caract\u00e9ristiques de r\u00e9alit\u00e9 augment\u00e9e, qui sont impressionnantes, mais cette puissance de traitement suppl\u00e9mentaire signifie qu&rsquo;elles chauffent sensiblement au fil du temps. La zone de mon front juste au-dessus des cadres \u00e9tait certainement sensiblement chaude apr\u00e8s une p\u00e9riode prolong\u00e9e, m\u00eame si je ne le dirais pas <em>blesser,<\/em> exactement. La fatigue oculaire, cependant? C&rsquo;\u00e9tait douloureux. <\/p>\n<p>Porter les lunettes pendant une p\u00e9riode prolong\u00e9e m&rsquo;a rappel\u00e9 toutes les fois que ma m\u00e8re m&rsquo;a dit de ne pas m&rsquo;asseoir trop pr\u00e8s de la t\u00e9l\u00e9vision. Eh bien, maman, je me suis attach\u00e9 sur une paire de lunettes qui projettent une lumi\u00e8re extr\u00eamement brillante directement dans mes globes oculaires \u00e0 une distance d&rsquo;environ un demi-pouce, et vous aviez raison: \u00e7a <em>a fait<\/em> me blesser les yeux. Pas en permanence, j&rsquo;esp\u00e8re &#8211; mais j&rsquo;ai finalement d\u00fb \u00e9teindre les lunettes et retirer le cordon, juste pour donner une pause \u00e0 mes yeux. J&rsquo;ai gard\u00e9 les sp\u00e9cifications non aliment\u00e9es sur mon visage, cependant &#8211; je suppose que c&rsquo;est ce que nous ferons tous \u00e0 l&rsquo;avenir, non?<\/p>\n<h2 id=\"a-real-world-reality-check\">Une v\u00e9rification de la r\u00e9alit\u00e9 du monde r\u00e9el<\/h2>\n<div class=\"eloquent-imagery-image\">\n<div class=\"flex justify-center\">\n                    <img decoding=\"async\" class=\"border border-gray-100\" src=\"https:\/\/vieassociative.be\/actualites\/wp-content\/uploads\/2025\/08\/1754486376_83_Que-sest-il-passe-lorsque-jai-remplace-tous-mes-ecrans-par.png\" alt=\"Xreal one pro\" width=\"2000\" height=\"1125\" loading=\"lazy\"  >\n            <\/div>\n<\/p><\/div>\n<p>Je n&rsquo;ai pas dur\u00e9 longtemps en utilisant Xreal One Pros comme \u00ablunettes stupides\u00bb. C&rsquo;est <em>possible<\/em> Pour les porter comme des lunettes \u00abr\u00e9guli\u00e8res\u00bb &#8211; j&rsquo;ai des inserts de prescription et tout &#8211; mais l&rsquo;\u00e9cran Prism obstruent trop votre vision pour \u00eatre pratique pour vous promener dans votre maison, sans parler de conduire ou d&rsquo;aller n&rsquo;importe o\u00f9 en public (en plus, ils ont l&rsquo;air un peu idiots.)<\/p>\n<p>Ce n&rsquo;est pas vraiment la faute de Xreal &#8211; ils ne sont pas destin\u00e9s \u00e0 \u00eatre utilis\u00e9s comme lunettes r\u00e9guli\u00e8res &#8211; mais il met en \u00e9vidence un obstacle technique qui nous emp\u00eachait actuellement de vous attacher dans des \u00e9crans de t\u00eate de vie r\u00e9els pour la dur\u00e9e: la partie \u00ablunettes r\u00e9guli\u00e8res\u00bb doit fonctionner ainsi que la partie \u00abaffichage\u00bb.<\/p>\n<h2 id=\"gaming-is-where-the-magic-happens\">Le jeu est l&rsquo;endroit o\u00f9 la magie se produit<\/h2>\n<p>Apr\u00e8s avoir pass\u00e9 le reste de ma journ\u00e9e de travail \u00e0 minimiser mon temps \u00e0 porter les verres pour \u00e9viter la fatigue oculaire, j&rsquo;ai tir\u00e9 un jeu vid\u00e9o pour me d\u00e9tendre. C&rsquo;est l\u00e0 que les lunettes Xreal brillent: il n&rsquo;y a pas de d\u00e9calage d&rsquo;entr\u00e9e notable, et la possibilit\u00e9 de modifier la taille et le placement de votre \u00e9cran virtuel pour s&rsquo;adapter \u00e0 ce que vous jouez n&rsquo;est jamais moins qu&rsquo;incroyable.<\/p>\n<p>Je suis entr\u00e9 dans les sims de vol ces derniers <em>Vol X<\/em> est fou cool. Le param\u00e8tre utilise les capacit\u00e9s 3DOF int\u00e9gr\u00e9es du Xreal One Pro pour cr\u00e9er un affichage virtuel qui semble se courber autour de vous dans l&rsquo;espace, comme une version beaucoup plus grande de l&rsquo;un de ces moniteurs de jeu de fantaisie. Une fois que vous vous \u00eates habitu\u00e9 \u00e0 ne pas voir l&rsquo;\u00e9cran dans votre vision p\u00e9riph\u00e9rique &#8211; le champ de vision de Xreal One Pro n&rsquo;est pas assez grand pour vous entourer compl\u00e8tement &#8211; l&rsquo;exp\u00e9rience ne ressemble vraiment \u00e0 rien d&rsquo;autre. L&rsquo;affichage n&rsquo;a pas l&rsquo;impression de flotter sous vos yeux, mais comme si c&rsquo;\u00e9tait physiquement <em>l\u00e0<\/em>faire du vol en jeu et conduire des jeux particuli\u00e8rement immersifs.<\/p>\n<h2 id=\"movies-and-music\">Films et musique<\/h2>\n<div class=\"eloquent-imagery-image\">\n<div class=\"flex justify-center\">\n                    <img decoding=\"async\" class=\"border border-gray-100\" src=\"https:\/\/vieassociative.be\/actualites\/wp-content\/uploads\/2025\/08\/1754500738_450_Que-sest-il-passe-lorsque-jai-remplace-tous-mes-ecrans-par.png\" alt=\"Xreal one pro\" width=\"2000\" height=\"1125\" loading=\"lazy\"  >\n            <\/div>\n<\/p><\/div>\n<p>Associ\u00e9 \u00e0 un appareil mobile (j&rsquo;ai utilis\u00e9 Xreal&rsquo;s Beam Pro, mais tout nouvel t\u00e9l\u00e9phone intelligent fera l&rsquo;affaire) ces lunettes sont un moyen de tueur de diffusion vid\u00e9o. En tant que personne extr\u00eamement paresseuse, j&rsquo;ai ador\u00e9 avoir la possibilit\u00e9 de m&rsquo;allonger \u00e0 plat sur le dos et de projeter un \u00e9cran au-dessus de moi. L&rsquo;\u00e9cran virtuel semble tout aussi brillant et clair que mon t\u00e9l\u00e9viseur, en particulier dans une pi\u00e8ce sombre, mais contrairement \u00e0 un t\u00e9l\u00e9viseur physique, vous pouvez changer sa taille et votre \u00ab\u00a0distance\u00a0\u00bb avec lui avec quelques pressions sur bouton. Vous pouvez \u00e9galement le r\u00e9gler sur \u00abSuivre\u00bb, donc si vous vous retournez sur le c\u00f4t\u00e9, l&rsquo;\u00e9cran sera toujours l\u00e0 devant vous. Mode paresseux complet d\u00e9verrouill\u00e9!<\/p>\n<p>Les lunettes sont id\u00e9ales pour regarder un film en priv\u00e9 aussi, bien qu&rsquo;il y ait un petit saignement audio, surtout dans un environnement calme. En parlant de la qualit\u00e9 de l&rsquo;audio, il est bon, mais souffre des configurations audio de toutes les basses toutes les basses \u00aben plein air\u00bb ont tendance \u00e0 exposer. Si vous voulez \u00e9couter la musique de fid\u00e9lit\u00e9 compl\u00e8te ou vraiment vivre l&rsquo;audio d&rsquo;un film, vous devez associer votre casque Bluetooth \u00e0 n&rsquo;importe quel appareil dans lequel vous avez branch\u00e9 les PRO Xreal One. (Les haut-parleurs int\u00e9gr\u00e9s sont parfaitement ad\u00e9quats pour des appels t\u00e9l\u00e9phoniques et des podcasts non exigeants.). <\/p>\n<h2 id=\"the-verdict-a-sometimes-frustrating-peek-into-the-future\">Le verdict: un aper\u00e7u parfois frustrant dans le futur<\/h2>\n<div class=\"eloquent-imagery-image\">\n<div class=\"flex justify-center\">\n                    <img decoding=\"async\" class=\"border border-gray-100\" src=\"https:\/\/vieassociative.be\/actualites\/wp-content\/uploads\/2025\/08\/1754500738_294_Que-sest-il-passe-lorsque-jai-remplace-tous-mes-ecrans-par.png\" alt=\"Stephen Johnson Sci Fi\" width=\"2000\" height=\"1125\" loading=\"lazy\"  >\n            <\/div>\n<\/p><\/div>\n<p>Dans l&rsquo;ensemble, j&rsquo;ai trouv\u00e9 mes 24 heures d&rsquo;\u00e9cran \u00e0 la fois \u00e9clairantes et frustrantes. L&rsquo;avenir augment\u00e9 est <em>al\u00e9atoire<\/em> Close, mais pour l&rsquo;instant, nous sommes toujours dans une phase de transition maladroite o\u00f9 la technologie fonctionne, mais n&rsquo;est pas tout \u00e0 fait pr\u00eate \u00e0 \u00eatre pleinement int\u00e9gr\u00e9e dans notre vie quotidienne. <\/p>\n<p>Les lunettes Smart Xreal One Pro Excel pour des utilisations sp\u00e9cifiques &#8211; jeux immersifs, regardant des films dans un avion, mais ils n&rsquo;offrent pas la fonctionnalit\u00e9 transparente et toute la journ\u00e9e dont ils ont besoin pour vraiment remplacer nos \u00e9crans. Pourtant, apr\u00e8s avoir noy\u00e9 mes yeux dedans pendant une journ\u00e9e compl\u00e8te, je suis plus convaincu que jamais que des lunettes intelligentes en quelque sorte <em>volont\u00e9<\/em> finalement remplacer chaque \u00e9cran. Nous avons juste besoin d&rsquo;\u00eatre patient alors que nous attendons que l&rsquo;avenir arrive.<\/p>\n","protected":false},"excerpt":{"rendered":"<p>L&rsquo;avenir sans \u00e9cran est-il d\u00e9j\u00e0 l\u00e0? L&rsquo;avenir (s&rsquo;il y en avait un) ne se d\u00e9roulera pas sur un \u00e9cran. Je ne parle pas d&rsquo;un avenir<\/p>\n","protected":false},"author":1,"featured_media":9236,"comment_status":"","ping_status":"","sticky":false,"template":"","format":"standard","meta":{"footnotes":""},"categories":[13],"tags":[29,8055,2170,823,2877,559,3912,87,676,1073,198,8054,8053,546,110,8056],"class_list":["post-9239","post","type-post","status-publish","format-standard","has-post-thumbnail","hentry","category-technologie","tag-des","tag-ecrans","tag-intelligentes","tag-jai","tag-journee","tag-lorsque","tag-lunettes","tag-mes","tag-par","tag-passe","tag-pendant","tag-remplace","tag-sestil","tag-tous","tag-une","tag-xreal","generate-columns","tablet-grid-50","mobile-grid-100","grid-parent","grid-33"],"yoast_head":"<!-- This site is optimized with the Yoast SEO plugin v24.0 - https:\/\/yoast.com\/wordpress\/plugins\/seo\/ -->\n<title>Que s&#039;est-il pass\u00e9 lorsque j&#039;ai remplac\u00e9 tous mes \u00e9crans par des lunettes intelligentes Xreal One pendant une journ\u00e9e | Vie Associative<\/title>\n<meta name=\"robots\" content=\"index, follow, max-snippet:-1, max-image-preview:large, max-video-preview:-1\" \/>\n<link rel=\"canonical\" href=\"https:\/\/vieassociative.be\/actualites\/que-sest-il-passe-lorsque-jai-remplace-tous-mes-ecrans-par-des-lunettes-intelligentes-xreal-one-pendant-une-journee-2\/\" \/>\n<meta property=\"og:locale\" content=\"fr_FR\" \/>\n<meta property=\"og:type\" content=\"article\" \/>\n<meta property=\"og:title\" content=\"Que s&#039;est-il pass\u00e9 lorsque j&#039;ai remplac\u00e9 tous mes \u00e9crans par des lunettes intelligentes Xreal One pendant une journ\u00e9e | Vie Associative\" \/>\n<meta property=\"og:description\" content=\"L&rsquo;avenir sans \u00e9cran est-il d\u00e9j\u00e0 l\u00e0? L&rsquo;avenir (s&rsquo;il y en avait un) ne se d\u00e9roulera pas sur un \u00e9cran. Je ne parle pas d&rsquo;un avenir\" \/>\n<meta property=\"og:url\" content=\"https:\/\/vieassociative.be\/actualites\/que-sest-il-passe-lorsque-jai-remplace-tous-mes-ecrans-par-des-lunettes-intelligentes-xreal-one-pendant-une-journee-2\/\" \/>\n<meta property=\"og:site_name\" content=\"Vie Associative\" \/>\n<meta property=\"article:published_time\" content=\"2025-08-06T17:18:58+00:00\" \/>\n<meta property=\"og:image\" content=\"https:\/\/vieassociative.be\/actualites\/wp-content\/uploads\/2025\/08\/1754414314_422_Les-brins-du-NYT-daujourdhui-indiquent-et-repondent-pour-le.jpg\" \/>\n<meta name=\"author\" content=\"Julien\" \/>\n<meta name=\"twitter:card\" content=\"summary_large_image\" \/>\n<meta name=\"twitter:label1\" content=\"\u00c9crit par\" \/>\n\t<meta name=\"twitter:data1\" content=\"Julien\" \/>\n\t<meta name=\"twitter:label2\" content=\"Dur\u00e9e de lecture est.\" \/>\n\t<meta name=\"twitter:data2\" content=\"8 minutes\" \/>\n<script type=\"application\/ld+json\" class=\"yoast-schema-graph\">{\"@context\":\"https:\/\/schema.org\",\"@graph\":[{\"@type\":\"Article\",\"@id\":\"https:\/\/vieassociative.be\/actualites\/que-sest-il-passe-lorsque-jai-remplace-tous-mes-ecrans-par-des-lunettes-intelligentes-xreal-one-pendant-une-journee-2\/#article\",\"isPartOf\":{\"@id\":\"https:\/\/vieassociative.be\/actualites\/que-sest-il-passe-lorsque-jai-remplace-tous-mes-ecrans-par-des-lunettes-intelligentes-xreal-one-pendant-une-journee-2\/\"},\"author\":{\"name\":\"Julien\",\"@id\":\"https:\/\/vieassociative.be\/actualites\/#\/schema\/person\/b87ac4f82f9d4e7b7cec7395b679edc4\"},\"headline\":\"Que s&rsquo;est-il pass\u00e9 lorsque j&rsquo;ai remplac\u00e9 tous mes \u00e9crans par des lunettes intelligentes Xreal One pendant une journ\u00e9e\",\"datePublished\":\"2025-08-06T17:18:58+00:00\",\"dateModified\":\"2025-08-06T17:18:58+00:00\",\"mainEntityOfPage\":{\"@id\":\"https:\/\/vieassociative.be\/actualites\/que-sest-il-passe-lorsque-jai-remplace-tous-mes-ecrans-par-des-lunettes-intelligentes-xreal-one-pendant-une-journee-2\/\"},\"wordCount\":1757,\"publisher\":{\"@id\":\"https:\/\/vieassociative.be\/actualites\/#organization\"},\"image\":{\"@id\":\"https:\/\/vieassociative.be\/actualites\/que-sest-il-passe-lorsque-jai-remplace-tous-mes-ecrans-par-des-lunettes-intelligentes-xreal-one-pendant-une-journee-2\/#primaryimage\"},\"thumbnailUrl\":\"https:\/\/vieassociative.be\/actualites\/wp-content\/uploads\/2025\/08\/1754486377_Que-sest-il-passe-lorsque-jai-remplace-tous-mes-ecrans-par.png\",\"keywords\":[\"Des\",\"\u00e9crans\",\"intelligentes\",\"Jai\",\"journ\u00e9e\",\"lorsque\",\"lunettes\",\"Mes\",\"par\",\"passe\",\"pendant\",\"remplac\u00e9\",\"sestil\",\"tous\",\"une\",\"Xreal\"],\"articleSection\":[\"Technologie\"],\"inLanguage\":\"fr-BE\"},{\"@type\":\"WebPage\",\"@id\":\"https:\/\/vieassociative.be\/actualites\/que-sest-il-passe-lorsque-jai-remplace-tous-mes-ecrans-par-des-lunettes-intelligentes-xreal-one-pendant-une-journee-2\/\",\"url\":\"https:\/\/vieassociative.be\/actualites\/que-sest-il-passe-lorsque-jai-remplace-tous-mes-ecrans-par-des-lunettes-intelligentes-xreal-one-pendant-une-journee-2\/\",\"name\":\"Que s'est-il pass\u00e9 lorsque j'ai remplac\u00e9 tous mes \u00e9crans par des lunettes intelligentes Xreal One pendant une journ\u00e9e | Vie Associative\",\"isPartOf\":{\"@id\":\"https:\/\/vieassociative.be\/actualites\/#website\"},\"primaryImageOfPage\":{\"@id\":\"https:\/\/vieassociative.be\/actualites\/que-sest-il-passe-lorsque-jai-remplace-tous-mes-ecrans-par-des-lunettes-intelligentes-xreal-one-pendant-une-journee-2\/#primaryimage\"},\"image\":{\"@id\":\"https:\/\/vieassociative.be\/actualites\/que-sest-il-passe-lorsque-jai-remplace-tous-mes-ecrans-par-des-lunettes-intelligentes-xreal-one-pendant-une-journee-2\/#primaryimage\"},\"thumbnailUrl\":\"https:\/\/vieassociative.be\/actualites\/wp-content\/uploads\/2025\/08\/1754486377_Que-sest-il-passe-lorsque-jai-remplace-tous-mes-ecrans-par.png\",\"datePublished\":\"2025-08-06T17:18:58+00:00\",\"dateModified\":\"2025-08-06T17:18:58+00:00\",\"breadcrumb\":{\"@id\":\"https:\/\/vieassociative.be\/actualites\/que-sest-il-passe-lorsque-jai-remplace-tous-mes-ecrans-par-des-lunettes-intelligentes-xreal-one-pendant-une-journee-2\/#breadcrumb\"},\"inLanguage\":\"fr-BE\",\"potentialAction\":[{\"@type\":\"ReadAction\",\"target\":[\"https:\/\/vieassociative.be\/actualites\/que-sest-il-passe-lorsque-jai-remplace-tous-mes-ecrans-par-des-lunettes-intelligentes-xreal-one-pendant-une-journee-2\/\"]}]},{\"@type\":\"ImageObject\",\"inLanguage\":\"fr-BE\",\"@id\":\"https:\/\/vieassociative.be\/actualites\/que-sest-il-passe-lorsque-jai-remplace-tous-mes-ecrans-par-des-lunettes-intelligentes-xreal-one-pendant-une-journee-2\/#primaryimage\",\"url\":\"https:\/\/vieassociative.be\/actualites\/wp-content\/uploads\/2025\/08\/1754486377_Que-sest-il-passe-lorsque-jai-remplace-tous-mes-ecrans-par.png\",\"contentUrl\":\"https:\/\/vieassociative.be\/actualites\/wp-content\/uploads\/2025\/08\/1754486377_Que-sest-il-passe-lorsque-jai-remplace-tous-mes-ecrans-par.png\",\"width\":1200,\"height\":675,\"caption\":\"Que s'est-il pass\u00e9 lorsque j'ai remplac\u00e9 tous mes \u00e9crans par des lunettes intelligentes Xreal One pendant une journ\u00e9e\"},{\"@type\":\"BreadcrumbList\",\"@id\":\"https:\/\/vieassociative.be\/actualites\/que-sest-il-passe-lorsque-jai-remplace-tous-mes-ecrans-par-des-lunettes-intelligentes-xreal-one-pendant-une-journee-2\/#breadcrumb\",\"itemListElement\":[{\"@type\":\"ListItem\",\"position\":1,\"name\":\"Accueil\",\"item\":\"https:\/\/vieassociative.be\/actualites\/\"},{\"@type\":\"ListItem\",\"position\":2,\"name\":\"Que s&rsquo;est-il pass\u00e9 lorsque j&rsquo;ai remplac\u00e9 tous mes \u00e9crans par des lunettes intelligentes Xreal One pendant une journ\u00e9e\"}]},{\"@type\":\"WebSite\",\"@id\":\"https:\/\/vieassociative.be\/actualites\/#website\",\"url\":\"https:\/\/vieassociative.be\/actualites\/\",\"name\":\"Vie Associative\",\"description\":\"\",\"publisher\":{\"@id\":\"https:\/\/vieassociative.be\/actualites\/#organization\"},\"potentialAction\":[{\"@type\":\"SearchAction\",\"target\":{\"@type\":\"EntryPoint\",\"urlTemplate\":\"https:\/\/vieassociative.be\/actualites\/?s={search_term_string}\"},\"query-input\":{\"@type\":\"PropertyValueSpecification\",\"valueRequired\":true,\"valueName\":\"search_term_string\"}}],\"inLanguage\":\"fr-BE\"},{\"@type\":\"Organization\",\"@id\":\"https:\/\/vieassociative.be\/actualites\/#organization\",\"name\":\"Vie Associative\",\"url\":\"https:\/\/vieassociative.be\/actualites\/\",\"logo\":{\"@type\":\"ImageObject\",\"inLanguage\":\"fr-BE\",\"@id\":\"https:\/\/vieassociative.be\/actualites\/#\/schema\/logo\/image\/\",\"url\":\"https:\/\/vieassociative.be\/actualites\/wp-content\/uploads\/2024\/09\/cropped-vieassociative_favicon.ico.png\",\"contentUrl\":\"https:\/\/vieassociative.be\/actualites\/wp-content\/uploads\/2024\/09\/cropped-vieassociative_favicon.ico.png\",\"width\":512,\"height\":512,\"caption\":\"Vie Associative\"},\"image\":{\"@id\":\"https:\/\/vieassociative.be\/actualites\/#\/schema\/logo\/image\/\"}},{\"@type\":\"Person\",\"@id\":\"https:\/\/vieassociative.be\/actualites\/#\/schema\/person\/b87ac4f82f9d4e7b7cec7395b679edc4\",\"name\":\"Julien\",\"image\":{\"@type\":\"ImageObject\",\"inLanguage\":\"fr-BE\",\"@id\":\"https:\/\/vieassociative.be\/actualites\/#\/schema\/person\/image\/\",\"url\":\"https:\/\/vieassociative.be\/actualites\/wp-content\/uploads\/2024\/09\/vie-associative-1-150x150.jpg\",\"contentUrl\":\"https:\/\/vieassociative.be\/actualites\/wp-content\/uploads\/2024\/09\/vie-associative-1-150x150.jpg\",\"caption\":\"Julien\"},\"description\":\"Je suis Julien, r\u00e9dacteur pour Vie Associative. Passionn\u00e9 par le monde associatif depuis plus de 10 ans, j'ai \u00e0 c\u0153ur de partager des histoires inspirantes et de mettre en lumi\u00e8re les initiatives locales. Mon objectif est de sensibiliser et d'encourager l'engagement communautaire \u00e0 travers mes articles.\",\"sameAs\":[\"https:\/\/vieassociative.be\/\"]}]}<\/script>\n<!-- \/ Yoast SEO plugin. -->","yoast_head_json":{"title":"Que s'est-il pass\u00e9 lorsque j'ai remplac\u00e9 tous mes \u00e9crans par des lunettes intelligentes Xreal One pendant une journ\u00e9e | Vie Associative","robots":{"index":"index","follow":"follow","max-snippet":"max-snippet:-1","max-image-preview":"max-image-preview:large","max-video-preview":"max-video-preview:-1"},"canonical":"https:\/\/vieassociative.be\/actualites\/que-sest-il-passe-lorsque-jai-remplace-tous-mes-ecrans-par-des-lunettes-intelligentes-xreal-one-pendant-une-journee-2\/","og_locale":"fr_FR","og_type":"article","og_title":"Que s'est-il pass\u00e9 lorsque j'ai remplac\u00e9 tous mes \u00e9crans par des lunettes intelligentes Xreal One pendant une journ\u00e9e | Vie Associative","og_description":"L&rsquo;avenir sans \u00e9cran est-il d\u00e9j\u00e0 l\u00e0? L&rsquo;avenir (s&rsquo;il y en avait un) ne se d\u00e9roulera pas sur un \u00e9cran. Je ne parle pas d&rsquo;un avenir","og_url":"https:\/\/vieassociative.be\/actualites\/que-sest-il-passe-lorsque-jai-remplace-tous-mes-ecrans-par-des-lunettes-intelligentes-xreal-one-pendant-une-journee-2\/","og_site_name":"Vie Associative","article_published_time":"2025-08-06T17:18:58+00:00","og_image":[{"url":"https:\/\/vieassociative.be\/actualites\/wp-content\/uploads\/2025\/08\/1754414314_422_Les-brins-du-NYT-daujourdhui-indiquent-et-repondent-pour-le.jpg","type":"","width":"","height":""}],"author":"Julien","twitter_card":"summary_large_image","twitter_misc":{"\u00c9crit par":"Julien","Dur\u00e9e de lecture est.":"8 minutes"},"schema":{"@context":"https:\/\/schema.org","@graph":[{"@type":"Article","@id":"https:\/\/vieassociative.be\/actualites\/que-sest-il-passe-lorsque-jai-remplace-tous-mes-ecrans-par-des-lunettes-intelligentes-xreal-one-pendant-une-journee-2\/#article","isPartOf":{"@id":"https:\/\/vieassociative.be\/actualites\/que-sest-il-passe-lorsque-jai-remplace-tous-mes-ecrans-par-des-lunettes-intelligentes-xreal-one-pendant-une-journee-2\/"},"author":{"name":"Julien","@id":"https:\/\/vieassociative.be\/actualites\/#\/schema\/person\/b87ac4f82f9d4e7b7cec7395b679edc4"},"headline":"Que s&rsquo;est-il pass\u00e9 lorsque j&rsquo;ai remplac\u00e9 tous mes \u00e9crans par des lunettes intelligentes Xreal One pendant une journ\u00e9e","datePublished":"2025-08-06T17:18:58+00:00","dateModified":"2025-08-06T17:18:58+00:00","mainEntityOfPage":{"@id":"https:\/\/vieassociative.be\/actualites\/que-sest-il-passe-lorsque-jai-remplace-tous-mes-ecrans-par-des-lunettes-intelligentes-xreal-one-pendant-une-journee-2\/"},"wordCount":1757,"publisher":{"@id":"https:\/\/vieassociative.be\/actualites\/#organization"},"image":{"@id":"https:\/\/vieassociative.be\/actualites\/que-sest-il-passe-lorsque-jai-remplace-tous-mes-ecrans-par-des-lunettes-intelligentes-xreal-one-pendant-une-journee-2\/#primaryimage"},"thumbnailUrl":"https:\/\/vieassociative.be\/actualites\/wp-content\/uploads\/2025\/08\/1754486377_Que-sest-il-passe-lorsque-jai-remplace-tous-mes-ecrans-par.png","keywords":["Des","\u00e9crans","intelligentes","Jai","journ\u00e9e","lorsque","lunettes","Mes","par","passe","pendant","remplac\u00e9","sestil","tous","une","Xreal"],"articleSection":["Technologie"],"inLanguage":"fr-BE"},{"@type":"WebPage","@id":"https:\/\/vieassociative.be\/actualites\/que-sest-il-passe-lorsque-jai-remplace-tous-mes-ecrans-par-des-lunettes-intelligentes-xreal-one-pendant-une-journee-2\/","url":"https:\/\/vieassociative.be\/actualites\/que-sest-il-passe-lorsque-jai-remplace-tous-mes-ecrans-par-des-lunettes-intelligentes-xreal-one-pendant-une-journee-2\/","name":"Que s'est-il pass\u00e9 lorsque j'ai remplac\u00e9 tous mes \u00e9crans par des lunettes intelligentes Xreal One pendant une journ\u00e9e | Vie Associative","isPartOf":{"@id":"https:\/\/vieassociative.be\/actualites\/#website"},"primaryImageOfPage":{"@id":"https:\/\/vieassociative.be\/actualites\/que-sest-il-passe-lorsque-jai-remplace-tous-mes-ecrans-par-des-lunettes-intelligentes-xreal-one-pendant-une-journee-2\/#primaryimage"},"image":{"@id":"https:\/\/vieassociative.be\/actualites\/que-sest-il-passe-lorsque-jai-remplace-tous-mes-ecrans-par-des-lunettes-intelligentes-xreal-one-pendant-une-journee-2\/#primaryimage"},"thumbnailUrl":"https:\/\/vieassociative.be\/actualites\/wp-content\/uploads\/2025\/08\/1754486377_Que-sest-il-passe-lorsque-jai-remplace-tous-mes-ecrans-par.png","datePublished":"2025-08-06T17:18:58+00:00","dateModified":"2025-08-06T17:18:58+00:00","breadcrumb":{"@id":"https:\/\/vieassociative.be\/actualites\/que-sest-il-passe-lorsque-jai-remplace-tous-mes-ecrans-par-des-lunettes-intelligentes-xreal-one-pendant-une-journee-2\/#breadcrumb"},"inLanguage":"fr-BE","potentialAction":[{"@type":"ReadAction","target":["https:\/\/vieassociative.be\/actualites\/que-sest-il-passe-lorsque-jai-remplace-tous-mes-ecrans-par-des-lunettes-intelligentes-xreal-one-pendant-une-journee-2\/"]}]},{"@type":"ImageObject","inLanguage":"fr-BE","@id":"https:\/\/vieassociative.be\/actualites\/que-sest-il-passe-lorsque-jai-remplace-tous-mes-ecrans-par-des-lunettes-intelligentes-xreal-one-pendant-une-journee-2\/#primaryimage","url":"https:\/\/vieassociative.be\/actualites\/wp-content\/uploads\/2025\/08\/1754486377_Que-sest-il-passe-lorsque-jai-remplace-tous-mes-ecrans-par.png","contentUrl":"https:\/\/vieassociative.be\/actualites\/wp-content\/uploads\/2025\/08\/1754486377_Que-sest-il-passe-lorsque-jai-remplace-tous-mes-ecrans-par.png","width":1200,"height":675,"caption":"Que s'est-il pass\u00e9 lorsque j'ai remplac\u00e9 tous mes \u00e9crans par des lunettes intelligentes Xreal One pendant une journ\u00e9e"},{"@type":"BreadcrumbList","@id":"https:\/\/vieassociative.be\/actualites\/que-sest-il-passe-lorsque-jai-remplace-tous-mes-ecrans-par-des-lunettes-intelligentes-xreal-one-pendant-une-journee-2\/#breadcrumb","itemListElement":[{"@type":"ListItem","position":1,"name":"Accueil","item":"https:\/\/vieassociative.be\/actualites\/"},{"@type":"ListItem","position":2,"name":"Que s&rsquo;est-il pass\u00e9 lorsque j&rsquo;ai remplac\u00e9 tous mes \u00e9crans par des lunettes intelligentes Xreal One pendant une journ\u00e9e"}]},{"@type":"WebSite","@id":"https:\/\/vieassociative.be\/actualites\/#website","url":"https:\/\/vieassociative.be\/actualites\/","name":"Vie Associative","description":"","publisher":{"@id":"https:\/\/vieassociative.be\/actualites\/#organization"},"potentialAction":[{"@type":"SearchAction","target":{"@type":"EntryPoint","urlTemplate":"https:\/\/vieassociative.be\/actualites\/?s={search_term_string}"},"query-input":{"@type":"PropertyValueSpecification","valueRequired":true,"valueName":"search_term_string"}}],"inLanguage":"fr-BE"},{"@type":"Organization","@id":"https:\/\/vieassociative.be\/actualites\/#organization","name":"Vie Associative","url":"https:\/\/vieassociative.be\/actualites\/","logo":{"@type":"ImageObject","inLanguage":"fr-BE","@id":"https:\/\/vieassociative.be\/actualites\/#\/schema\/logo\/image\/","url":"https:\/\/vieassociative.be\/actualites\/wp-content\/uploads\/2024\/09\/cropped-vieassociative_favicon.ico.png","contentUrl":"https:\/\/vieassociative.be\/actualites\/wp-content\/uploads\/2024\/09\/cropped-vieassociative_favicon.ico.png","width":512,"height":512,"caption":"Vie Associative"},"image":{"@id":"https:\/\/vieassociative.be\/actualites\/#\/schema\/logo\/image\/"}},{"@type":"Person","@id":"https:\/\/vieassociative.be\/actualites\/#\/schema\/person\/b87ac4f82f9d4e7b7cec7395b679edc4","name":"Julien","image":{"@type":"ImageObject","inLanguage":"fr-BE","@id":"https:\/\/vieassociative.be\/actualites\/#\/schema\/person\/image\/","url":"https:\/\/vieassociative.be\/actualites\/wp-content\/uploads\/2024\/09\/vie-associative-1-150x150.jpg","contentUrl":"https:\/\/vieassociative.be\/actualites\/wp-content\/uploads\/2024\/09\/vie-associative-1-150x150.jpg","caption":"Julien"},"description":"Je suis Julien, r\u00e9dacteur pour Vie Associative. Passionn\u00e9 par le monde associatif depuis plus de 10 ans, j'ai \u00e0 c\u0153ur de partager des histoires inspirantes et de mettre en lumi\u00e8re les initiatives locales. Mon objectif est de sensibiliser et d'encourager l'engagement communautaire \u00e0 travers mes articles.","sameAs":["https:\/\/vieassociative.be\/"]}]}},"_links":{"self":[{"href":"https:\/\/vieassociative.be\/actualites\/wp-json\/wp\/v2\/posts\/9239"}],"collection":[{"href":"https:\/\/vieassociative.be\/actualites\/wp-json\/wp\/v2\/posts"}],"about":[{"href":"https:\/\/vieassociative.be\/actualites\/wp-json\/wp\/v2\/types\/post"}],"author":[{"embeddable":true,"href":"https:\/\/vieassociative.be\/actualites\/wp-json\/wp\/v2\/users\/1"}],"replies":[{"embeddable":true,"href":"https:\/\/vieassociative.be\/actualites\/wp-json\/wp\/v2\/comments?post=9239"}],"version-history":[{"count":0,"href":"https:\/\/vieassociative.be\/actualites\/wp-json\/wp\/v2\/posts\/9239\/revisions"}],"wp:featuredmedia":[{"embeddable":true,"href":"https:\/\/vieassociative.be\/actualites\/wp-json\/wp\/v2\/media\/9236"}],"wp:attachment":[{"href":"https:\/\/vieassociative.be\/actualites\/wp-json\/wp\/v2\/media?parent=9239"}],"wp:term":[{"taxonomy":"category","embeddable":true,"href":"https:\/\/vieassociative.be\/actualites\/wp-json\/wp\/v2\/categories?post=9239"},{"taxonomy":"post_tag","embeddable":true,"href":"https:\/\/vieassociative.be\/actualites\/wp-json\/wp\/v2\/tags?post=9239"}],"curies":[{"name":"wp","href":"https:\/\/api.w.org\/{rel}","templated":true}]}}