{"id":9237,"date":"2025-08-06T16:17:37","date_gmt":"2025-08-06T14:17:37","guid":{"rendered":"https:\/\/vieassociative.be\/actualites\/mascotte-vivante-comme-colognes-geisbock-hennes-et-francfort-adler-attila-tierleid-ou-tradition\/"},"modified":"2025-08-06T16:17:37","modified_gmt":"2025-08-06T14:17:37","slug":"mascotte-vivante-comme-colognes-geisbock-hennes-et-francfort-adler-attila-tierleid-ou-tradition","status":"publish","type":"post","link":"https:\/\/vieassociative.be\/actualites\/mascotte-vivante-comme-colognes-geisbock-hennes-et-francfort-adler-attila-tierleid-ou-tradition\/","title":{"rendered":"Mascotte vivante comme Cologne&rsquo;s Gei\u00dfbock Hennes et Francfort Adler Attila: Tierleid ou tradition?"},"content":{"rendered":"<p><strong>Gei\u00dfbock Hennes et Adler Attila sont les seuls clubs chanceux avec un battement de c\u0153ur dans le football allemand. Pour les militants des droits des animaux, leurs apparitions sont une imposition &#8211; les deux clubs le voient diff\u00e9remment.<\/strong><\/p>\n<p><span id=\"more-421835\"><\/span>Si Hennes IX. Le leadership est dirig\u00e9 sur la pelouse du 1er FC K\u00f6ln ou Attila dans le stade de Frankfurt sur le gant de son fauconer tourne un fans, un murmure traverse la foule. Apr\u00e8s tout, la ch\u00e8vre et l&rsquo;aigle de pierre sont la seule mascotte vivante une vraie raret\u00e9 dans la Bundesliga.<\/p>\n<div id=\"attachment_421840\" class=\"wp-caption alignleft\" style=\"max-width: 300px\"><img fetchpriority=\"high\" decoding=\"async\" class=\"wp-image-421840 size-medium\" src=\"https:\/\/vieassociative.be\/actualites\/wp-content\/uploads\/2025\/08\/Mascotte-vivante-comme-Colognes-Geisbock-Hennes-et-Francfort-Adler-Attila.jpg\" alt=\"\" width=\"300\" height=\"200\"><\/div>\n<p>L&rsquo;importance des Charms Lucky Animal en tant que figures d&rsquo;identification et sympathie pour les clubs et les fans est particuli\u00e8rement \u00e9vidente au 1. FC K\u00f6ln. En f\u00e9vrier de cette ann\u00e9e, le club traditionnel comprenait \u00e0 titre posthume le premier club Gei\u00dfbock, Hennes I.<\/p>\n<p>Mais tandis que les fans des stades sur les apparitions de Hennes IX. Et Attila Cheer, il y a aussi des critiques: les organisations de bien-\u00eatre animal appellent depuis longtemps \u00e0 la fin des apparences des animaux, qui souffrent \u00e0 leur avis de leurs missions. \u00ab\u00a0Que ce soit de l&rsquo;aigle ou de la ch\u00e8vre, pour les deux animaux, l&rsquo;utilisation dans le stade bruyant, les nombreuses personnes et l&rsquo;environnement mouvement\u00e9 signifient un stress massif\u00a0\u00bb, critique l&rsquo;organisation des droits des animaux PETA. Le transport vers les jeux suscite \u00e9galement le stress.<\/p>\n<div id=\"attachment_421851\" class=\"wp-caption alignleft\" style=\"max-width: 300px\"><img decoding=\"async\" class=\"wp-image-421851 size-medium\" src=\"https:\/\/vieassociative.be\/actualites\/wp-content\/uploads\/2025\/08\/1754489857_589_Mascotte-vivante-comme-Colognes-Geisbock-Hennes-et-Francfort-Adler-Attila.jpg\" alt=\"\" width=\"300\" height=\"199\"><\/div>\n<p>L&rsquo;Association allemande pour le bien-\u00eatre animal voit la situation de la m\u00eame mani\u00e8re: \u00ab\u00a0L&rsquo;animal n&rsquo;a aucune possibilit\u00e9 de retraite et ne peut \u00e9viter l&rsquo;agitation et l&rsquo;agitation dans le stade.\u00a0\u00bb De plus, le bruit dans le stade pourrait endommager l&rsquo;audition sensible des animaux. Mais les militants des droits des animaux sont li\u00e9s aux militants des droits des animaux que l&rsquo;on pourrait \u00e0 peine faire quoi que ce soit: \u00ab\u00a0Il est difficile de prouver la\u00a0\u00bb douleur, souffrance et dommages \u00ab\u00a0interdite par la loi sur le bien-\u00eatre des animaux\u00a0\u00bb.<\/p>\n<p><strong>-Dans le \u00ab\u00a0Hennes-Mobil\u00a0\u00bb au stade:<\/strong> Hennes, je suis arriv\u00e9 au 1. FC K\u00f6ln en 1950 en cadeau lors d&rsquo;une session de carnaval. Depuis lors, il est dans une g\u00e9n\u00e9ration de neuf, inspir\u00e9e par la l\u00e9gende de l&rsquo;entra\u00eeneur Hennes Weisweiler.<\/p>\n<p>\u00ab\u00a0Hennes IX. Appartient au FC comme la cath\u00e9drale de Cologne\u00a0\u00bb, explique le FC. Comme son pr\u00e9d\u00e9cesseur, il vit dans le zoo de Cologne. Les jours de match, le superviseur Ingo Reipka conduit la ch\u00e8vre au stade avec le \u00ab\u00a0Hennes-Mobil\u00a0\u00bb. \u00ab\u00a0Hennes est si bien form\u00e9e par les infirmi\u00e8res du zoo, de sorte qu&rsquo;il saute souvent dans la voiture presque seul quand je viens\u00a0\u00bb, dit-il.<\/p>\n<p>Peu de temps avant le coup d&rsquo;envoi, il y a une contribution commune que Hennes sera soign\u00e9e dans son \u00ab\u00a0espace s\u00fbr\u00a0\u00bb dans le coin du sud-ouest pendant le match avant de retourner au zoo.<\/p>\n<\/p>\n<div id=\"attachment_421841\" class=\"wp-caption alignleft\" style=\"max-width: 300px\"><img decoding=\"async\" class=\"wp-image-421841 size-medium\" src=\"https:\/\/vieassociative.be\/actualites\/wp-content\/uploads\/2025\/08\/1754489857_665_Mascotte-vivante-comme-Colognes-Geisbock-Hennes-et-Francfort-Adler-Attila.jpg\" alt=\"\" width=\"300\" height=\"174\"><\/div>\n<p>Un incident de 2015 montre que les apparitions du stade ne sont pas toujours aussi \u00abs\u00fbres\u00bb: apr\u00e8s une c\u00e9l\u00e9bration de but, l&rsquo;attaquant du FC Anthony Ujah a attrap\u00e9 la poule \u00e0 l&rsquo;\u00e9poque aux cornes et l&rsquo;a retir\u00e9e. L&rsquo;indignation \u00e9tait grande, les militants des droits des animaux ont parl\u00e9 d&rsquo;une utilisation impitoyable de l&rsquo;animal. Ujah s&rsquo;est excus\u00e9 plus tard publiquement.<\/p>\n<p><strong>&#8211; Un aigle sous observation:<\/strong> \u00c0 Francfort, Attila accompagne Eintila depuis 2006 \u00e0 la hauteur et aux vols bas. L&rsquo;oiseau de 20 ans avec pr\u00e8s de deux m\u00e8tres de Wingspan est habitu\u00e9 aux humains d\u00e8s son plus jeune \u00e2ge, explique Falkner et Adler Holder Norbert Lawitschka. \u00ab\u00a0Attila participait \u00e0 des \u00e9missions de vol. Il connaissait le microphone, les gens, le bruit de fond &#8211; c&rsquo;est pourquoi il n&rsquo;a aucun stress \u00e0 Eintracht.\u00a0\u00bb Il a obtenu Attila pendant un demi-an au stade avant d&rsquo;\u00eatre officiellement pr\u00e9sent\u00e9.<\/p>\n<p>Les clubs de football comptent \u00e9galement sur un aigle en tant que mascotte. Par exemple, \u00e0 Benfica Lisbonne \u00c1guia Vit\u00f3ria et au Lazio Rome Olimpia volent \u00e0 travers les stades avant les Jeux.<\/p>\n<\/p>\n<div id=\"attachment_421845\" class=\"wp-caption alignleft\" style=\"max-width: 300px\"><img loading=\"lazy\" decoding=\"async\" class=\"wp-image-421845 size-medium\" src=\"https:\/\/vieassociative.be\/actualites\/wp-content\/uploads\/2025\/08\/1754489857_449_Mascotte-vivante-comme-Colognes-Geisbock-Hennes-et-Francfort-Adler-Attila.jpg\" alt=\"\" width=\"300\" height=\"200\"><\/div>\n<p>Attila ne doit pas voler librement dans le Francfort Waldstadion. Il fait un tour \u00e0 travers le stade sur le bras du Falkner et accompagne l&rsquo;\u00e9quipe sur le terrain. Ce n&rsquo;est pas un probl\u00e8me, explique le Falkner \u00e0 70 ans.<\/p>\n<p>Mais Peta pr\u00e9vient qu&rsquo;Attila a pris l&rsquo;occasion de s&rsquo;envoler en attachant le bras du fauconien. Selon la Animal Welfare Association, les oiseaux de proie seraient \u00e9galement traditionnellement plac\u00e9s dans un \u00e9tat de faim contr\u00f4l\u00e9 afin de retourner au Falcon. Lawitschka contredit les all\u00e9gations: \u00ab\u00a0Vous pouvez voir qu&rsquo;il va bien.\u00a0\u00bb Attila peut vivre jusqu&rsquo;\u00e0 50 ans en soins humains &#8211; plus \u00e2g\u00e9 qu&rsquo;\u00e0 l&rsquo;\u00e9tat sauvage.<\/p>\n<p><strong>&#8211; Alternatives en peluche:<\/strong> Alors que Cologne et Francfort tiennent leur mascotte de la peau et des cheveux (plumes), les militants des droits des animaux sugg\u00e8rent des alternatives en peluche. Selon PETA, d&rsquo;autres clubs de Bundesliga, tels que la deuxi\u00e8me division Hertha BSC, ont montr\u00e9 le fait que la renonciation aux animaux vivants travaille dans le stade avec l&rsquo;ours brun en peluche \u00ab\u00a0Herthinho\u00a0\u00bb ou le \u00ab\u00a0W\u00f6lfi\u00a0\u00bb inoffensif de VFL Wolfsburg. (DPA)<\/p>\n","protected":false},"excerpt":{"rendered":"<p>Gei\u00dfbock Hennes et Adler Attila sont les seuls clubs chanceux avec un battement de c\u0153ur dans le football allemand. Pour les militants des droits des<\/p>\n","protected":false},"author":1,"featured_media":9238,"comment_status":"","ping_status":"","sticky":false,"template":"","format":"standard","meta":{"footnotes":""},"categories":[298],"tags":[8061,8062,8058,1254,3776,8059,8060,8057,8063,4159,3192],"class_list":["post-9237","post","type-post","status-publish","format-standard","has-post-thumbnail","hentry","category-belgique","tag-adler","tag-attila","tag-colognes","tag-comme","tag-francfort","tag-geisbock","tag-hennes","tag-mascotte","tag-tierleid","tag-tradition","tag-vivante","generate-columns","tablet-grid-50","mobile-grid-100","grid-parent","grid-33"],"yoast_head":"<!-- This site is optimized with the Yoast SEO plugin v24.0 - https:\/\/yoast.com\/wordpress\/plugins\/seo\/ -->\n<title>Mascotte vivante comme Cologne&#039;s Gei\u00dfbock Hennes et Francfort Adler Attila: Tierleid ou tradition? | Vie Associative<\/title>\n<meta name=\"robots\" content=\"index, follow, max-snippet:-1, max-image-preview:large, max-video-preview:-1\" \/>\n<link rel=\"canonical\" href=\"https:\/\/vieassociative.be\/actualites\/mascotte-vivante-comme-colognes-geisbock-hennes-et-francfort-adler-attila-tierleid-ou-tradition\/\" \/>\n<meta property=\"og:locale\" content=\"fr_FR\" \/>\n<meta property=\"og:type\" content=\"article\" \/>\n<meta property=\"og:title\" content=\"Mascotte vivante comme Cologne&#039;s Gei\u00dfbock Hennes et Francfort Adler Attila: Tierleid ou tradition? | Vie Associative\" \/>\n<meta property=\"og:description\" content=\"Gei\u00dfbock Hennes et Adler Attila sont les seuls clubs chanceux avec un battement de c\u0153ur dans le football allemand. Pour les militants des droits des\" \/>\n<meta property=\"og:url\" content=\"https:\/\/vieassociative.be\/actualites\/mascotte-vivante-comme-colognes-geisbock-hennes-et-francfort-adler-attila-tierleid-ou-tradition\/\" \/>\n<meta property=\"og:site_name\" content=\"Vie Associative\" \/>\n<meta property=\"article:published_time\" content=\"2025-08-06T14:17:37+00:00\" \/>\n<meta property=\"og:image\" content=\"https:\/\/vieassociative.be\/actualites\/wp-content\/uploads\/2024\/09\/header_backgroundk-01-e1726694325946.png\" \/>\n\t<meta property=\"og:image:width\" content=\"279\" \/>\n\t<meta property=\"og:image:height\" content=\"92\" \/>\n\t<meta property=\"og:image:type\" content=\"image\/png\" \/>\n<meta name=\"author\" content=\"Julien\" \/>\n<meta name=\"twitter:card\" content=\"summary_large_image\" \/>\n<meta name=\"twitter:label1\" content=\"\u00c9crit par\" \/>\n\t<meta name=\"twitter:data1\" content=\"Julien\" \/>\n\t<meta name=\"twitter:label2\" content=\"Dur\u00e9e de lecture est.\" \/>\n\t<meta name=\"twitter:data2\" content=\"4 minutes\" \/>\n<script type=\"application\/ld+json\" class=\"yoast-schema-graph\">{\"@context\":\"https:\/\/schema.org\",\"@graph\":[{\"@type\":\"Article\",\"@id\":\"https:\/\/vieassociative.be\/actualites\/mascotte-vivante-comme-colognes-geisbock-hennes-et-francfort-adler-attila-tierleid-ou-tradition\/#article\",\"isPartOf\":{\"@id\":\"https:\/\/vieassociative.be\/actualites\/mascotte-vivante-comme-colognes-geisbock-hennes-et-francfort-adler-attila-tierleid-ou-tradition\/\"},\"author\":{\"name\":\"Julien\",\"@id\":\"https:\/\/vieassociative.be\/actualites\/#\/schema\/person\/b87ac4f82f9d4e7b7cec7395b679edc4\"},\"headline\":\"Mascotte vivante comme Cologne&rsquo;s Gei\u00dfbock Hennes et Francfort Adler Attila: Tierleid ou tradition?\",\"datePublished\":\"2025-08-06T14:17:37+00:00\",\"dateModified\":\"2025-08-06T14:17:37+00:00\",\"mainEntityOfPage\":{\"@id\":\"https:\/\/vieassociative.be\/actualites\/mascotte-vivante-comme-colognes-geisbock-hennes-et-francfort-adler-attila-tierleid-ou-tradition\/\"},\"wordCount\":880,\"publisher\":{\"@id\":\"https:\/\/vieassociative.be\/actualites\/#organization\"},\"image\":{\"@id\":\"https:\/\/vieassociative.be\/actualites\/mascotte-vivante-comme-colognes-geisbock-hennes-et-francfort-adler-attila-tierleid-ou-tradition\/#primaryimage\"},\"thumbnailUrl\":\"https:\/\/vieassociative.be\/actualites\/wp-content\/uploads\/2025\/08\/1754489858_Mascotte-vivante-comme-Colognes-Geisbock-Hennes-et-Francfort-Adler-Attila.jpg\",\"keywords\":[\"Adler\",\"Attila\",\"Colognes\",\"comme\",\"Francfort\",\"Gei\u00dfbock\",\"Hennes\",\"Mascotte\",\"Tierleid\",\"tradition\",\"vivante\"],\"articleSection\":[\"Belgique\"],\"inLanguage\":\"fr-BE\"},{\"@type\":\"WebPage\",\"@id\":\"https:\/\/vieassociative.be\/actualites\/mascotte-vivante-comme-colognes-geisbock-hennes-et-francfort-adler-attila-tierleid-ou-tradition\/\",\"url\":\"https:\/\/vieassociative.be\/actualites\/mascotte-vivante-comme-colognes-geisbock-hennes-et-francfort-adler-attila-tierleid-ou-tradition\/\",\"name\":\"Mascotte vivante comme Cologne's Gei\u00dfbock Hennes et Francfort Adler Attila: Tierleid ou tradition? | Vie Associative\",\"isPartOf\":{\"@id\":\"https:\/\/vieassociative.be\/actualites\/#website\"},\"primaryImageOfPage\":{\"@id\":\"https:\/\/vieassociative.be\/actualites\/mascotte-vivante-comme-colognes-geisbock-hennes-et-francfort-adler-attila-tierleid-ou-tradition\/#primaryimage\"},\"image\":{\"@id\":\"https:\/\/vieassociative.be\/actualites\/mascotte-vivante-comme-colognes-geisbock-hennes-et-francfort-adler-attila-tierleid-ou-tradition\/#primaryimage\"},\"thumbnailUrl\":\"https:\/\/vieassociative.be\/actualites\/wp-content\/uploads\/2025\/08\/1754489858_Mascotte-vivante-comme-Colognes-Geisbock-Hennes-et-Francfort-Adler-Attila.jpg\",\"datePublished\":\"2025-08-06T14:17:37+00:00\",\"dateModified\":\"2025-08-06T14:17:37+00:00\",\"breadcrumb\":{\"@id\":\"https:\/\/vieassociative.be\/actualites\/mascotte-vivante-comme-colognes-geisbock-hennes-et-francfort-adler-attila-tierleid-ou-tradition\/#breadcrumb\"},\"inLanguage\":\"fr-BE\",\"potentialAction\":[{\"@type\":\"ReadAction\",\"target\":[\"https:\/\/vieassociative.be\/actualites\/mascotte-vivante-comme-colognes-geisbock-hennes-et-francfort-adler-attila-tierleid-ou-tradition\/\"]}]},{\"@type\":\"ImageObject\",\"inLanguage\":\"fr-BE\",\"@id\":\"https:\/\/vieassociative.be\/actualites\/mascotte-vivante-comme-colognes-geisbock-hennes-et-francfort-adler-attila-tierleid-ou-tradition\/#primaryimage\",\"url\":\"https:\/\/vieassociative.be\/actualites\/wp-content\/uploads\/2025\/08\/1754489858_Mascotte-vivante-comme-Colognes-Geisbock-Hennes-et-Francfort-Adler-Attila.jpg\",\"contentUrl\":\"https:\/\/vieassociative.be\/actualites\/wp-content\/uploads\/2025\/08\/1754489858_Mascotte-vivante-comme-Colognes-Geisbock-Hennes-et-Francfort-Adler-Attila.jpg\",\"width\":2560,\"height\":852,\"caption\":\"Mascotte vivante comme Cologne's Gei\u00dfbock Hennes et Francfort Adler Attila: Tierleid ou tradition?\"},{\"@type\":\"BreadcrumbList\",\"@id\":\"https:\/\/vieassociative.be\/actualites\/mascotte-vivante-comme-colognes-geisbock-hennes-et-francfort-adler-attila-tierleid-ou-tradition\/#breadcrumb\",\"itemListElement\":[{\"@type\":\"ListItem\",\"position\":1,\"name\":\"Accueil\",\"item\":\"https:\/\/vieassociative.be\/actualites\/\"},{\"@type\":\"ListItem\",\"position\":2,\"name\":\"Mascotte vivante comme Cologne&rsquo;s Gei\u00dfbock Hennes et Francfort Adler Attila: Tierleid ou tradition?\"}]},{\"@type\":\"WebSite\",\"@id\":\"https:\/\/vieassociative.be\/actualites\/#website\",\"url\":\"https:\/\/vieassociative.be\/actualites\/\",\"name\":\"Vie Associative\",\"description\":\"\",\"publisher\":{\"@id\":\"https:\/\/vieassociative.be\/actualites\/#organization\"},\"potentialAction\":[{\"@type\":\"SearchAction\",\"target\":{\"@type\":\"EntryPoint\",\"urlTemplate\":\"https:\/\/vieassociative.be\/actualites\/?s={search_term_string}\"},\"query-input\":{\"@type\":\"PropertyValueSpecification\",\"valueRequired\":true,\"valueName\":\"search_term_string\"}}],\"inLanguage\":\"fr-BE\"},{\"@type\":\"Organization\",\"@id\":\"https:\/\/vieassociative.be\/actualites\/#organization\",\"name\":\"Vie Associative\",\"url\":\"https:\/\/vieassociative.be\/actualites\/\",\"logo\":{\"@type\":\"ImageObject\",\"inLanguage\":\"fr-BE\",\"@id\":\"https:\/\/vieassociative.be\/actualites\/#\/schema\/logo\/image\/\",\"url\":\"https:\/\/vieassociative.be\/actualites\/wp-content\/uploads\/2024\/09\/cropped-vieassociative_favicon.ico.png\",\"contentUrl\":\"https:\/\/vieassociative.be\/actualites\/wp-content\/uploads\/2024\/09\/cropped-vieassociative_favicon.ico.png\",\"width\":512,\"height\":512,\"caption\":\"Vie Associative\"},\"image\":{\"@id\":\"https:\/\/vieassociative.be\/actualites\/#\/schema\/logo\/image\/\"}},{\"@type\":\"Person\",\"@id\":\"https:\/\/vieassociative.be\/actualites\/#\/schema\/person\/b87ac4f82f9d4e7b7cec7395b679edc4\",\"name\":\"Julien\",\"image\":{\"@type\":\"ImageObject\",\"inLanguage\":\"fr-BE\",\"@id\":\"https:\/\/vieassociative.be\/actualites\/#\/schema\/person\/image\/\",\"url\":\"https:\/\/vieassociative.be\/actualites\/wp-content\/uploads\/2024\/09\/vie-associative-1-150x150.jpg\",\"contentUrl\":\"https:\/\/vieassociative.be\/actualites\/wp-content\/uploads\/2024\/09\/vie-associative-1-150x150.jpg\",\"caption\":\"Julien\"},\"description\":\"Je suis Julien, r\u00e9dacteur pour Vie Associative. Passionn\u00e9 par le monde associatif depuis plus de 10 ans, j'ai \u00e0 c\u0153ur de partager des histoires inspirantes et de mettre en lumi\u00e8re les initiatives locales. Mon objectif est de sensibiliser et d'encourager l'engagement communautaire \u00e0 travers mes articles.\",\"sameAs\":[\"https:\/\/vieassociative.be\/\"]}]}<\/script>\n<!-- \/ Yoast SEO plugin. -->","yoast_head_json":{"title":"Mascotte vivante comme Cologne's Gei\u00dfbock Hennes et Francfort Adler Attila: Tierleid ou tradition? | Vie Associative","robots":{"index":"index","follow":"follow","max-snippet":"max-snippet:-1","max-image-preview":"max-image-preview:large","max-video-preview":"max-video-preview:-1"},"canonical":"https:\/\/vieassociative.be\/actualites\/mascotte-vivante-comme-colognes-geisbock-hennes-et-francfort-adler-attila-tierleid-ou-tradition\/","og_locale":"fr_FR","og_type":"article","og_title":"Mascotte vivante comme Cologne's Gei\u00dfbock Hennes et Francfort Adler Attila: Tierleid ou tradition? | Vie Associative","og_description":"Gei\u00dfbock Hennes et Adler Attila sont les seuls clubs chanceux avec un battement de c\u0153ur dans le football allemand. Pour les militants des droits des","og_url":"https:\/\/vieassociative.be\/actualites\/mascotte-vivante-comme-colognes-geisbock-hennes-et-francfort-adler-attila-tierleid-ou-tradition\/","og_site_name":"Vie Associative","article_published_time":"2025-08-06T14:17:37+00:00","og_image":[{"width":279,"height":92,"url":"https:\/\/vieassociative.be\/actualites\/wp-content\/uploads\/2024\/09\/header_backgroundk-01-e1726694325946.png","type":"image\/png"}],"author":"Julien","twitter_card":"summary_large_image","twitter_misc":{"\u00c9crit par":"Julien","Dur\u00e9e de lecture est.":"4 minutes"},"schema":{"@context":"https:\/\/schema.org","@graph":[{"@type":"Article","@id":"https:\/\/vieassociative.be\/actualites\/mascotte-vivante-comme-colognes-geisbock-hennes-et-francfort-adler-attila-tierleid-ou-tradition\/#article","isPartOf":{"@id":"https:\/\/vieassociative.be\/actualites\/mascotte-vivante-comme-colognes-geisbock-hennes-et-francfort-adler-attila-tierleid-ou-tradition\/"},"author":{"name":"Julien","@id":"https:\/\/vieassociative.be\/actualites\/#\/schema\/person\/b87ac4f82f9d4e7b7cec7395b679edc4"},"headline":"Mascotte vivante comme Cologne&rsquo;s Gei\u00dfbock Hennes et Francfort Adler Attila: Tierleid ou tradition?","datePublished":"2025-08-06T14:17:37+00:00","dateModified":"2025-08-06T14:17:37+00:00","mainEntityOfPage":{"@id":"https:\/\/vieassociative.be\/actualites\/mascotte-vivante-comme-colognes-geisbock-hennes-et-francfort-adler-attila-tierleid-ou-tradition\/"},"wordCount":880,"publisher":{"@id":"https:\/\/vieassociative.be\/actualites\/#organization"},"image":{"@id":"https:\/\/vieassociative.be\/actualites\/mascotte-vivante-comme-colognes-geisbock-hennes-et-francfort-adler-attila-tierleid-ou-tradition\/#primaryimage"},"thumbnailUrl":"https:\/\/vieassociative.be\/actualites\/wp-content\/uploads\/2025\/08\/1754489858_Mascotte-vivante-comme-Colognes-Geisbock-Hennes-et-Francfort-Adler-Attila.jpg","keywords":["Adler","Attila","Colognes","comme","Francfort","Gei\u00dfbock","Hennes","Mascotte","Tierleid","tradition","vivante"],"articleSection":["Belgique"],"inLanguage":"fr-BE"},{"@type":"WebPage","@id":"https:\/\/vieassociative.be\/actualites\/mascotte-vivante-comme-colognes-geisbock-hennes-et-francfort-adler-attila-tierleid-ou-tradition\/","url":"https:\/\/vieassociative.be\/actualites\/mascotte-vivante-comme-colognes-geisbock-hennes-et-francfort-adler-attila-tierleid-ou-tradition\/","name":"Mascotte vivante comme Cologne's Gei\u00dfbock Hennes et Francfort Adler Attila: Tierleid ou tradition? | Vie Associative","isPartOf":{"@id":"https:\/\/vieassociative.be\/actualites\/#website"},"primaryImageOfPage":{"@id":"https:\/\/vieassociative.be\/actualites\/mascotte-vivante-comme-colognes-geisbock-hennes-et-francfort-adler-attila-tierleid-ou-tradition\/#primaryimage"},"image":{"@id":"https:\/\/vieassociative.be\/actualites\/mascotte-vivante-comme-colognes-geisbock-hennes-et-francfort-adler-attila-tierleid-ou-tradition\/#primaryimage"},"thumbnailUrl":"https:\/\/vieassociative.be\/actualites\/wp-content\/uploads\/2025\/08\/1754489858_Mascotte-vivante-comme-Colognes-Geisbock-Hennes-et-Francfort-Adler-Attila.jpg","datePublished":"2025-08-06T14:17:37+00:00","dateModified":"2025-08-06T14:17:37+00:00","breadcrumb":{"@id":"https:\/\/vieassociative.be\/actualites\/mascotte-vivante-comme-colognes-geisbock-hennes-et-francfort-adler-attila-tierleid-ou-tradition\/#breadcrumb"},"inLanguage":"fr-BE","potentialAction":[{"@type":"ReadAction","target":["https:\/\/vieassociative.be\/actualites\/mascotte-vivante-comme-colognes-geisbock-hennes-et-francfort-adler-attila-tierleid-ou-tradition\/"]}]},{"@type":"ImageObject","inLanguage":"fr-BE","@id":"https:\/\/vieassociative.be\/actualites\/mascotte-vivante-comme-colognes-geisbock-hennes-et-francfort-adler-attila-tierleid-ou-tradition\/#primaryimage","url":"https:\/\/vieassociative.be\/actualites\/wp-content\/uploads\/2025\/08\/1754489858_Mascotte-vivante-comme-Colognes-Geisbock-Hennes-et-Francfort-Adler-Attila.jpg","contentUrl":"https:\/\/vieassociative.be\/actualites\/wp-content\/uploads\/2025\/08\/1754489858_Mascotte-vivante-comme-Colognes-Geisbock-Hennes-et-Francfort-Adler-Attila.jpg","width":2560,"height":852,"caption":"Mascotte vivante comme Cologne's Gei\u00dfbock Hennes et Francfort Adler Attila: Tierleid ou tradition?"},{"@type":"BreadcrumbList","@id":"https:\/\/vieassociative.be\/actualites\/mascotte-vivante-comme-colognes-geisbock-hennes-et-francfort-adler-attila-tierleid-ou-tradition\/#breadcrumb","itemListElement":[{"@type":"ListItem","position":1,"name":"Accueil","item":"https:\/\/vieassociative.be\/actualites\/"},{"@type":"ListItem","position":2,"name":"Mascotte vivante comme Cologne&rsquo;s Gei\u00dfbock Hennes et Francfort Adler Attila: Tierleid ou tradition?"}]},{"@type":"WebSite","@id":"https:\/\/vieassociative.be\/actualites\/#website","url":"https:\/\/vieassociative.be\/actualites\/","name":"Vie Associative","description":"","publisher":{"@id":"https:\/\/vieassociative.be\/actualites\/#organization"},"potentialAction":[{"@type":"SearchAction","target":{"@type":"EntryPoint","urlTemplate":"https:\/\/vieassociative.be\/actualites\/?s={search_term_string}"},"query-input":{"@type":"PropertyValueSpecification","valueRequired":true,"valueName":"search_term_string"}}],"inLanguage":"fr-BE"},{"@type":"Organization","@id":"https:\/\/vieassociative.be\/actualites\/#organization","name":"Vie Associative","url":"https:\/\/vieassociative.be\/actualites\/","logo":{"@type":"ImageObject","inLanguage":"fr-BE","@id":"https:\/\/vieassociative.be\/actualites\/#\/schema\/logo\/image\/","url":"https:\/\/vieassociative.be\/actualites\/wp-content\/uploads\/2024\/09\/cropped-vieassociative_favicon.ico.png","contentUrl":"https:\/\/vieassociative.be\/actualites\/wp-content\/uploads\/2024\/09\/cropped-vieassociative_favicon.ico.png","width":512,"height":512,"caption":"Vie Associative"},"image":{"@id":"https:\/\/vieassociative.be\/actualites\/#\/schema\/logo\/image\/"}},{"@type":"Person","@id":"https:\/\/vieassociative.be\/actualites\/#\/schema\/person\/b87ac4f82f9d4e7b7cec7395b679edc4","name":"Julien","image":{"@type":"ImageObject","inLanguage":"fr-BE","@id":"https:\/\/vieassociative.be\/actualites\/#\/schema\/person\/image\/","url":"https:\/\/vieassociative.be\/actualites\/wp-content\/uploads\/2024\/09\/vie-associative-1-150x150.jpg","contentUrl":"https:\/\/vieassociative.be\/actualites\/wp-content\/uploads\/2024\/09\/vie-associative-1-150x150.jpg","caption":"Julien"},"description":"Je suis Julien, r\u00e9dacteur pour Vie Associative. Passionn\u00e9 par le monde associatif depuis plus de 10 ans, j'ai \u00e0 c\u0153ur de partager des histoires inspirantes et de mettre en lumi\u00e8re les initiatives locales. Mon objectif est de sensibiliser et d'encourager l'engagement communautaire \u00e0 travers mes articles.","sameAs":["https:\/\/vieassociative.be\/"]}]}},"_links":{"self":[{"href":"https:\/\/vieassociative.be\/actualites\/wp-json\/wp\/v2\/posts\/9237"}],"collection":[{"href":"https:\/\/vieassociative.be\/actualites\/wp-json\/wp\/v2\/posts"}],"about":[{"href":"https:\/\/vieassociative.be\/actualites\/wp-json\/wp\/v2\/types\/post"}],"author":[{"embeddable":true,"href":"https:\/\/vieassociative.be\/actualites\/wp-json\/wp\/v2\/users\/1"}],"replies":[{"embeddable":true,"href":"https:\/\/vieassociative.be\/actualites\/wp-json\/wp\/v2\/comments?post=9237"}],"version-history":[{"count":0,"href":"https:\/\/vieassociative.be\/actualites\/wp-json\/wp\/v2\/posts\/9237\/revisions"}],"wp:featuredmedia":[{"embeddable":true,"href":"https:\/\/vieassociative.be\/actualites\/wp-json\/wp\/v2\/media\/9238"}],"wp:attachment":[{"href":"https:\/\/vieassociative.be\/actualites\/wp-json\/wp\/v2\/media?parent=9237"}],"wp:term":[{"taxonomy":"category","embeddable":true,"href":"https:\/\/vieassociative.be\/actualites\/wp-json\/wp\/v2\/categories?post=9237"},{"taxonomy":"post_tag","embeddable":true,"href":"https:\/\/vieassociative.be\/actualites\/wp-json\/wp\/v2\/tags?post=9237"}],"curies":[{"name":"wp","href":"https:\/\/api.w.org\/{rel}","templated":true}]}}