{"id":9226,"date":"2025-08-05T22:17:14","date_gmt":"2025-08-05T20:17:14","guid":{"rendered":"https:\/\/vieassociative.be\/actualites\/mega-transfer-radsportstar-remco-evenepoel-en-belgique-modifie-lequipe-red-bull\/"},"modified":"2025-08-05T22:17:14","modified_gmt":"2025-08-05T20:17:14","slug":"mega-transfer-radsportstar-remco-evenepoel-en-belgique-modifie-lequipe-red-bull","status":"publish","type":"post","link":"https:\/\/vieassociative.be\/actualites\/mega-transfer-radsportstar-remco-evenepoel-en-belgique-modifie-lequipe-red-bull\/","title":{"rendered":"Mega Transfer: Radsportstar Remco Evenepoel en Belgique modifie l&rsquo;\u00e9quipe Red Bull"},"content":{"rendered":"<p><strong>Des rumeurs sur le m\u00e9ga transfert de la star de la roue belge Remco Evenepoel \u00e0 l&rsquo;\u00e9quipe de Red Bull ont persist\u00e9. Maintenant, l&rsquo;\u00e9quipe de course annonce le changement.<\/strong><\/p>\n<p><span id=\"more-421792\"><\/span>Le double champion olympique belge d\u00e9m\u00e9nagera dans l&rsquo;\u00e9quipe allemande Red Bull-Bora-Hansgrohe l&rsquo;ann\u00e9e prochaine. L&rsquo;\u00e9quipe n&rsquo;a fourni aucune information sur la dur\u00e9e du contrat et les d\u00e9tails financiers de l&rsquo;accord.<\/p>\n<p>\u00ab\u00a0Remco signifie une r\u00e9clamation. Il ne veut pas rouler &#8211; il veut fa\u00e7onner\u00a0\u00bb, a d\u00e9clar\u00e9 le patron de l&rsquo;\u00e9quipe Ralph Denk dans le message. \u00ab\u00a0Remco a non seulement des comp\u00e9tences sportives exceptionnelles, mais aussi une mentalit\u00e9 remarquable. Sa d\u00e9termination, son professionnalisme et son inconditionnel m&rsquo;inspireront au succ\u00e8s.\u00a0\u00bb<\/p>\n<div id=\"attachment_419854\" class=\"wp-caption alignleft\" style=\"max-width: 300px\"><img fetchpriority=\"high\" decoding=\"async\" class=\"wp-image-419854 size-medium\" src=\"https:\/\/vieassociative.be\/actualites\/wp-content\/uploads\/2025\/08\/Mega-Transfer-Radsportstar-Remco-Evenepoel-en-Belgique-modifie-lequipe-Red.jpg\" alt=\"\" width=\"300\" height=\"200\"><\/div>\n<p><strong>&#8211; Rumeurs pendant plus d&rsquo;un an:<\/strong> Le champion de Zeitfahr-World, Evenepoel, qui a remport\u00e9 l&rsquo;or dans la course de rue et le contre-la-montre aux Jeux olympiques de 2024, provient de l&rsquo;\u00e9quipe belge Soudal Quick-Step, o\u00f9 il a toujours un contrat jusqu&rsquo;\u00e0 la fin de 2026. Plusieurs m\u00e9dias ont r\u00e9cemment rapport\u00e9 des frais de transfert d&rsquo;environ deux millions d&rsquo;euros.<\/p>\n<p>Lors du dernier tour en France, m\u00eame le contre-la-montre a remport\u00e9 le premier proc\u00e8s, mais s&rsquo;est ensuite \u00e9lev\u00e9 du v\u00e9lo pendant la 14e \u00e9tape des Pyr\u00e9n\u00e9es. L&rsquo;ann\u00e9e derni\u00e8re, il avait termin\u00e9 troisi\u00e8me de la tourn\u00e9e.<\/p>\n<p>Les rumeurs sur le changement de sp\u00e9cialiste du contre-la-montre sont persistantes depuis plus d&rsquo;un an et ont \u00e9galement accompagn\u00e9 le Tour de France de cette ann\u00e9e. Le champion du monde de rue de 2022 pourrait contester la t\u00eate de l&rsquo;\u00e9quipe de la nouvelle star allemande du v\u00e9lo Florian Lipowitz. Le quadruple vainqueur exp\u00e9riment\u00e9 de Vuelta, Primoz Roglic, expirera \u00e0 Red Bull \u00e0 la fin de la saison.<\/p>\n<p><strong>&#8211; \u00ab\u00a0r\u00e9aliser quelque chose de grand ensemble\u00a0\u00bb: <\/strong> \u00ab\u00a0S&rsquo;il devait r\u00e9ellement venir, je serais aussi heureux. Nous pourrions alors r\u00e9aliser quelque chose de grand ensemble\u00a0\u00bb, a d\u00e9clar\u00e9 Lipowitz il y a un peu plus d&rsquo;une semaine apr\u00e8s son triomphe de la tourn\u00e9e dans le maillot blanc du meilleur jeune professionnel. M\u00eamePoel avait remport\u00e9 le maillot l&rsquo;ann\u00e9e derni\u00e8re.<\/p>\n<p>En tout cas, beaucoup de changements dans l&rsquo;\u00e9quipe autour du chef Denk. L&rsquo;\u00e9quipe de course et la pr\u00e9c\u00e9dente directrice sportive Rolf Aldag feront des chemins s\u00e9par\u00e9s \u00e0 l&rsquo;avenir. Le directeur sportif Enrico Gasparotto ne sera bient\u00f4t plus membre de l&rsquo;\u00e9quipe. L&rsquo;ancien entra\u00eeneur national belge Sven Vanthourenhout, auquel m\u00eame Oelepoel a une relation \u00e9troite, a r\u00e9cemment \u00e9t\u00e9 sous contrat avec l&rsquo;\u00e9quipe de Red Bull. (DPA \/ CRE)<\/p>\n","protected":false},"excerpt":{"rendered":"<p>Des rumeurs sur le m\u00e9ga transfert de la star de la roue belge Remco Evenepoel \u00e0 l&rsquo;\u00e9quipe de Red Bull ont persist\u00e9. Maintenant, l&rsquo;\u00e9quipe de<\/p>\n","protected":false},"author":1,"featured_media":9227,"comment_status":"","ping_status":"","sticky":false,"template":"","format":"standard","meta":{"footnotes":""},"categories":[298],"tags":[383,4740,3737,537,8045,8048,8047,3312,6493,8046],"class_list":["post-9226","post","type-post","status-publish","format-standard","has-post-thumbnail","hentry","category-belgique","tag-belgique","tag-bull","tag-evenepoel","tag-lequipe","tag-mega","tag-modifie","tag-radsportstar","tag-red","tag-remco","tag-transfer","generate-columns","tablet-grid-50","mobile-grid-100","grid-parent","grid-33"],"yoast_head":"<!-- This site is optimized with the Yoast SEO plugin v24.0 - https:\/\/yoast.com\/wordpress\/plugins\/seo\/ -->\n<title>Mega Transfer: Radsportstar Remco Evenepoel en Belgique modifie l&#039;\u00e9quipe Red Bull | Vie Associative<\/title>\n<meta name=\"robots\" content=\"index, follow, max-snippet:-1, max-image-preview:large, max-video-preview:-1\" \/>\n<link rel=\"canonical\" href=\"https:\/\/vieassociative.be\/actualites\/mega-transfer-radsportstar-remco-evenepoel-en-belgique-modifie-lequipe-red-bull\/\" \/>\n<meta property=\"og:locale\" content=\"fr_FR\" \/>\n<meta property=\"og:type\" content=\"article\" \/>\n<meta property=\"og:title\" content=\"Mega Transfer: Radsportstar Remco Evenepoel en Belgique modifie l&#039;\u00e9quipe Red Bull | Vie Associative\" \/>\n<meta property=\"og:description\" content=\"Des rumeurs sur le m\u00e9ga transfert de la star de la roue belge Remco Evenepoel \u00e0 l&rsquo;\u00e9quipe de Red Bull ont persist\u00e9. Maintenant, l&rsquo;\u00e9quipe de\" \/>\n<meta property=\"og:url\" content=\"https:\/\/vieassociative.be\/actualites\/mega-transfer-radsportstar-remco-evenepoel-en-belgique-modifie-lequipe-red-bull\/\" \/>\n<meta property=\"og:site_name\" content=\"Vie Associative\" \/>\n<meta property=\"article:published_time\" content=\"2025-08-05T20:17:14+00:00\" \/>\n<meta property=\"og:image\" content=\"https:\/\/vieassociative.be\/actualites\/wp-content\/uploads\/2024\/09\/header_backgroundk-01-e1726694325946.png\" \/>\n\t<meta property=\"og:image:width\" content=\"279\" \/>\n\t<meta property=\"og:image:height\" content=\"92\" \/>\n\t<meta property=\"og:image:type\" content=\"image\/png\" \/>\n<meta name=\"author\" content=\"Julien\" \/>\n<meta name=\"twitter:card\" content=\"summary_large_image\" \/>\n<meta name=\"twitter:label1\" content=\"\u00c9crit par\" \/>\n\t<meta name=\"twitter:data1\" content=\"Julien\" \/>\n\t<meta name=\"twitter:label2\" content=\"Dur\u00e9e de lecture est.\" \/>\n\t<meta name=\"twitter:data2\" content=\"2 minutes\" \/>\n<script type=\"application\/ld+json\" class=\"yoast-schema-graph\">{\"@context\":\"https:\/\/schema.org\",\"@graph\":[{\"@type\":\"Article\",\"@id\":\"https:\/\/vieassociative.be\/actualites\/mega-transfer-radsportstar-remco-evenepoel-en-belgique-modifie-lequipe-red-bull\/#article\",\"isPartOf\":{\"@id\":\"https:\/\/vieassociative.be\/actualites\/mega-transfer-radsportstar-remco-evenepoel-en-belgique-modifie-lequipe-red-bull\/\"},\"author\":{\"name\":\"Julien\",\"@id\":\"https:\/\/vieassociative.be\/actualites\/#\/schema\/person\/b87ac4f82f9d4e7b7cec7395b679edc4\"},\"headline\":\"Mega Transfer: Radsportstar Remco Evenepoel en Belgique modifie l&rsquo;\u00e9quipe Red Bull\",\"datePublished\":\"2025-08-05T20:17:14+00:00\",\"dateModified\":\"2025-08-05T20:17:14+00:00\",\"mainEntityOfPage\":{\"@id\":\"https:\/\/vieassociative.be\/actualites\/mega-transfer-radsportstar-remco-evenepoel-en-belgique-modifie-lequipe-red-bull\/\"},\"wordCount\":463,\"publisher\":{\"@id\":\"https:\/\/vieassociative.be\/actualites\/#organization\"},\"image\":{\"@id\":\"https:\/\/vieassociative.be\/actualites\/mega-transfer-radsportstar-remco-evenepoel-en-belgique-modifie-lequipe-red-bull\/#primaryimage\"},\"thumbnailUrl\":\"https:\/\/vieassociative.be\/actualites\/wp-content\/uploads\/2025\/08\/1754425034_Mega-Transfer-Radsportstar-Remco-Evenepoel-en-Belgique-modifie-lequipe-Red.jpg\",\"keywords\":[\"Belgique\",\"Bull\",\"Evenepoel\",\"l\u00e9quipe\",\"Mega\",\"modifie\",\"Radsportstar\",\"Red\",\"Remco\",\"Transfer\"],\"articleSection\":[\"Belgique\"],\"inLanguage\":\"fr-BE\"},{\"@type\":\"WebPage\",\"@id\":\"https:\/\/vieassociative.be\/actualites\/mega-transfer-radsportstar-remco-evenepoel-en-belgique-modifie-lequipe-red-bull\/\",\"url\":\"https:\/\/vieassociative.be\/actualites\/mega-transfer-radsportstar-remco-evenepoel-en-belgique-modifie-lequipe-red-bull\/\",\"name\":\"Mega Transfer: Radsportstar Remco Evenepoel en Belgique modifie l'\u00e9quipe Red Bull | Vie Associative\",\"isPartOf\":{\"@id\":\"https:\/\/vieassociative.be\/actualites\/#website\"},\"primaryImageOfPage\":{\"@id\":\"https:\/\/vieassociative.be\/actualites\/mega-transfer-radsportstar-remco-evenepoel-en-belgique-modifie-lequipe-red-bull\/#primaryimage\"},\"image\":{\"@id\":\"https:\/\/vieassociative.be\/actualites\/mega-transfer-radsportstar-remco-evenepoel-en-belgique-modifie-lequipe-red-bull\/#primaryimage\"},\"thumbnailUrl\":\"https:\/\/vieassociative.be\/actualites\/wp-content\/uploads\/2025\/08\/1754425034_Mega-Transfer-Radsportstar-Remco-Evenepoel-en-Belgique-modifie-lequipe-Red.jpg\",\"datePublished\":\"2025-08-05T20:17:14+00:00\",\"dateModified\":\"2025-08-05T20:17:14+00:00\",\"breadcrumb\":{\"@id\":\"https:\/\/vieassociative.be\/actualites\/mega-transfer-radsportstar-remco-evenepoel-en-belgique-modifie-lequipe-red-bull\/#breadcrumb\"},\"inLanguage\":\"fr-BE\",\"potentialAction\":[{\"@type\":\"ReadAction\",\"target\":[\"https:\/\/vieassociative.be\/actualites\/mega-transfer-radsportstar-remco-evenepoel-en-belgique-modifie-lequipe-red-bull\/\"]}]},{\"@type\":\"ImageObject\",\"inLanguage\":\"fr-BE\",\"@id\":\"https:\/\/vieassociative.be\/actualites\/mega-transfer-radsportstar-remco-evenepoel-en-belgique-modifie-lequipe-red-bull\/#primaryimage\",\"url\":\"https:\/\/vieassociative.be\/actualites\/wp-content\/uploads\/2025\/08\/1754425034_Mega-Transfer-Radsportstar-Remco-Evenepoel-en-Belgique-modifie-lequipe-Red.jpg\",\"contentUrl\":\"https:\/\/vieassociative.be\/actualites\/wp-content\/uploads\/2025\/08\/1754425034_Mega-Transfer-Radsportstar-Remco-Evenepoel-en-Belgique-modifie-lequipe-Red.jpg\",\"width\":1200,\"height\":800,\"caption\":\"Mega Transfer: Radsportstar Remco Evenepoel en Belgique modifie l'\u00e9quipe Red Bull\"},{\"@type\":\"BreadcrumbList\",\"@id\":\"https:\/\/vieassociative.be\/actualites\/mega-transfer-radsportstar-remco-evenepoel-en-belgique-modifie-lequipe-red-bull\/#breadcrumb\",\"itemListElement\":[{\"@type\":\"ListItem\",\"position\":1,\"name\":\"Accueil\",\"item\":\"https:\/\/vieassociative.be\/actualites\/\"},{\"@type\":\"ListItem\",\"position\":2,\"name\":\"Mega Transfer: Radsportstar Remco Evenepoel en Belgique modifie l&rsquo;\u00e9quipe Red Bull\"}]},{\"@type\":\"WebSite\",\"@id\":\"https:\/\/vieassociative.be\/actualites\/#website\",\"url\":\"https:\/\/vieassociative.be\/actualites\/\",\"name\":\"Vie Associative\",\"description\":\"\",\"publisher\":{\"@id\":\"https:\/\/vieassociative.be\/actualites\/#organization\"},\"potentialAction\":[{\"@type\":\"SearchAction\",\"target\":{\"@type\":\"EntryPoint\",\"urlTemplate\":\"https:\/\/vieassociative.be\/actualites\/?s={search_term_string}\"},\"query-input\":{\"@type\":\"PropertyValueSpecification\",\"valueRequired\":true,\"valueName\":\"search_term_string\"}}],\"inLanguage\":\"fr-BE\"},{\"@type\":\"Organization\",\"@id\":\"https:\/\/vieassociative.be\/actualites\/#organization\",\"name\":\"Vie Associative\",\"url\":\"https:\/\/vieassociative.be\/actualites\/\",\"logo\":{\"@type\":\"ImageObject\",\"inLanguage\":\"fr-BE\",\"@id\":\"https:\/\/vieassociative.be\/actualites\/#\/schema\/logo\/image\/\",\"url\":\"https:\/\/vieassociative.be\/actualites\/wp-content\/uploads\/2024\/09\/cropped-vieassociative_favicon.ico.png\",\"contentUrl\":\"https:\/\/vieassociative.be\/actualites\/wp-content\/uploads\/2024\/09\/cropped-vieassociative_favicon.ico.png\",\"width\":512,\"height\":512,\"caption\":\"Vie Associative\"},\"image\":{\"@id\":\"https:\/\/vieassociative.be\/actualites\/#\/schema\/logo\/image\/\"}},{\"@type\":\"Person\",\"@id\":\"https:\/\/vieassociative.be\/actualites\/#\/schema\/person\/b87ac4f82f9d4e7b7cec7395b679edc4\",\"name\":\"Julien\",\"image\":{\"@type\":\"ImageObject\",\"inLanguage\":\"fr-BE\",\"@id\":\"https:\/\/vieassociative.be\/actualites\/#\/schema\/person\/image\/\",\"url\":\"https:\/\/vieassociative.be\/actualites\/wp-content\/uploads\/2024\/09\/vie-associative-1-150x150.jpg\",\"contentUrl\":\"https:\/\/vieassociative.be\/actualites\/wp-content\/uploads\/2024\/09\/vie-associative-1-150x150.jpg\",\"caption\":\"Julien\"},\"description\":\"Je suis Julien, r\u00e9dacteur pour Vie Associative. Passionn\u00e9 par le monde associatif depuis plus de 10 ans, j'ai \u00e0 c\u0153ur de partager des histoires inspirantes et de mettre en lumi\u00e8re les initiatives locales. Mon objectif est de sensibiliser et d'encourager l'engagement communautaire \u00e0 travers mes articles.\",\"sameAs\":[\"https:\/\/vieassociative.be\/\"]}]}<\/script>\n<!-- \/ Yoast SEO plugin. -->","yoast_head_json":{"title":"Mega Transfer: Radsportstar Remco Evenepoel en Belgique modifie l'\u00e9quipe Red Bull | Vie Associative","robots":{"index":"index","follow":"follow","max-snippet":"max-snippet:-1","max-image-preview":"max-image-preview:large","max-video-preview":"max-video-preview:-1"},"canonical":"https:\/\/vieassociative.be\/actualites\/mega-transfer-radsportstar-remco-evenepoel-en-belgique-modifie-lequipe-red-bull\/","og_locale":"fr_FR","og_type":"article","og_title":"Mega Transfer: Radsportstar Remco Evenepoel en Belgique modifie l'\u00e9quipe Red Bull | Vie Associative","og_description":"Des rumeurs sur le m\u00e9ga transfert de la star de la roue belge Remco Evenepoel \u00e0 l&rsquo;\u00e9quipe de Red Bull ont persist\u00e9. Maintenant, l&rsquo;\u00e9quipe de","og_url":"https:\/\/vieassociative.be\/actualites\/mega-transfer-radsportstar-remco-evenepoel-en-belgique-modifie-lequipe-red-bull\/","og_site_name":"Vie Associative","article_published_time":"2025-08-05T20:17:14+00:00","og_image":[{"width":279,"height":92,"url":"https:\/\/vieassociative.be\/actualites\/wp-content\/uploads\/2024\/09\/header_backgroundk-01-e1726694325946.png","type":"image\/png"}],"author":"Julien","twitter_card":"summary_large_image","twitter_misc":{"\u00c9crit par":"Julien","Dur\u00e9e de lecture est.":"2 minutes"},"schema":{"@context":"https:\/\/schema.org","@graph":[{"@type":"Article","@id":"https:\/\/vieassociative.be\/actualites\/mega-transfer-radsportstar-remco-evenepoel-en-belgique-modifie-lequipe-red-bull\/#article","isPartOf":{"@id":"https:\/\/vieassociative.be\/actualites\/mega-transfer-radsportstar-remco-evenepoel-en-belgique-modifie-lequipe-red-bull\/"},"author":{"name":"Julien","@id":"https:\/\/vieassociative.be\/actualites\/#\/schema\/person\/b87ac4f82f9d4e7b7cec7395b679edc4"},"headline":"Mega Transfer: Radsportstar Remco Evenepoel en Belgique modifie l&rsquo;\u00e9quipe Red Bull","datePublished":"2025-08-05T20:17:14+00:00","dateModified":"2025-08-05T20:17:14+00:00","mainEntityOfPage":{"@id":"https:\/\/vieassociative.be\/actualites\/mega-transfer-radsportstar-remco-evenepoel-en-belgique-modifie-lequipe-red-bull\/"},"wordCount":463,"publisher":{"@id":"https:\/\/vieassociative.be\/actualites\/#organization"},"image":{"@id":"https:\/\/vieassociative.be\/actualites\/mega-transfer-radsportstar-remco-evenepoel-en-belgique-modifie-lequipe-red-bull\/#primaryimage"},"thumbnailUrl":"https:\/\/vieassociative.be\/actualites\/wp-content\/uploads\/2025\/08\/1754425034_Mega-Transfer-Radsportstar-Remco-Evenepoel-en-Belgique-modifie-lequipe-Red.jpg","keywords":["Belgique","Bull","Evenepoel","l\u00e9quipe","Mega","modifie","Radsportstar","Red","Remco","Transfer"],"articleSection":["Belgique"],"inLanguage":"fr-BE"},{"@type":"WebPage","@id":"https:\/\/vieassociative.be\/actualites\/mega-transfer-radsportstar-remco-evenepoel-en-belgique-modifie-lequipe-red-bull\/","url":"https:\/\/vieassociative.be\/actualites\/mega-transfer-radsportstar-remco-evenepoel-en-belgique-modifie-lequipe-red-bull\/","name":"Mega Transfer: Radsportstar Remco Evenepoel en Belgique modifie l'\u00e9quipe Red Bull | Vie Associative","isPartOf":{"@id":"https:\/\/vieassociative.be\/actualites\/#website"},"primaryImageOfPage":{"@id":"https:\/\/vieassociative.be\/actualites\/mega-transfer-radsportstar-remco-evenepoel-en-belgique-modifie-lequipe-red-bull\/#primaryimage"},"image":{"@id":"https:\/\/vieassociative.be\/actualites\/mega-transfer-radsportstar-remco-evenepoel-en-belgique-modifie-lequipe-red-bull\/#primaryimage"},"thumbnailUrl":"https:\/\/vieassociative.be\/actualites\/wp-content\/uploads\/2025\/08\/1754425034_Mega-Transfer-Radsportstar-Remco-Evenepoel-en-Belgique-modifie-lequipe-Red.jpg","datePublished":"2025-08-05T20:17:14+00:00","dateModified":"2025-08-05T20:17:14+00:00","breadcrumb":{"@id":"https:\/\/vieassociative.be\/actualites\/mega-transfer-radsportstar-remco-evenepoel-en-belgique-modifie-lequipe-red-bull\/#breadcrumb"},"inLanguage":"fr-BE","potentialAction":[{"@type":"ReadAction","target":["https:\/\/vieassociative.be\/actualites\/mega-transfer-radsportstar-remco-evenepoel-en-belgique-modifie-lequipe-red-bull\/"]}]},{"@type":"ImageObject","inLanguage":"fr-BE","@id":"https:\/\/vieassociative.be\/actualites\/mega-transfer-radsportstar-remco-evenepoel-en-belgique-modifie-lequipe-red-bull\/#primaryimage","url":"https:\/\/vieassociative.be\/actualites\/wp-content\/uploads\/2025\/08\/1754425034_Mega-Transfer-Radsportstar-Remco-Evenepoel-en-Belgique-modifie-lequipe-Red.jpg","contentUrl":"https:\/\/vieassociative.be\/actualites\/wp-content\/uploads\/2025\/08\/1754425034_Mega-Transfer-Radsportstar-Remco-Evenepoel-en-Belgique-modifie-lequipe-Red.jpg","width":1200,"height":800,"caption":"Mega Transfer: Radsportstar Remco Evenepoel en Belgique modifie l'\u00e9quipe Red Bull"},{"@type":"BreadcrumbList","@id":"https:\/\/vieassociative.be\/actualites\/mega-transfer-radsportstar-remco-evenepoel-en-belgique-modifie-lequipe-red-bull\/#breadcrumb","itemListElement":[{"@type":"ListItem","position":1,"name":"Accueil","item":"https:\/\/vieassociative.be\/actualites\/"},{"@type":"ListItem","position":2,"name":"Mega Transfer: Radsportstar Remco Evenepoel en Belgique modifie l&rsquo;\u00e9quipe Red Bull"}]},{"@type":"WebSite","@id":"https:\/\/vieassociative.be\/actualites\/#website","url":"https:\/\/vieassociative.be\/actualites\/","name":"Vie Associative","description":"","publisher":{"@id":"https:\/\/vieassociative.be\/actualites\/#organization"},"potentialAction":[{"@type":"SearchAction","target":{"@type":"EntryPoint","urlTemplate":"https:\/\/vieassociative.be\/actualites\/?s={search_term_string}"},"query-input":{"@type":"PropertyValueSpecification","valueRequired":true,"valueName":"search_term_string"}}],"inLanguage":"fr-BE"},{"@type":"Organization","@id":"https:\/\/vieassociative.be\/actualites\/#organization","name":"Vie Associative","url":"https:\/\/vieassociative.be\/actualites\/","logo":{"@type":"ImageObject","inLanguage":"fr-BE","@id":"https:\/\/vieassociative.be\/actualites\/#\/schema\/logo\/image\/","url":"https:\/\/vieassociative.be\/actualites\/wp-content\/uploads\/2024\/09\/cropped-vieassociative_favicon.ico.png","contentUrl":"https:\/\/vieassociative.be\/actualites\/wp-content\/uploads\/2024\/09\/cropped-vieassociative_favicon.ico.png","width":512,"height":512,"caption":"Vie Associative"},"image":{"@id":"https:\/\/vieassociative.be\/actualites\/#\/schema\/logo\/image\/"}},{"@type":"Person","@id":"https:\/\/vieassociative.be\/actualites\/#\/schema\/person\/b87ac4f82f9d4e7b7cec7395b679edc4","name":"Julien","image":{"@type":"ImageObject","inLanguage":"fr-BE","@id":"https:\/\/vieassociative.be\/actualites\/#\/schema\/person\/image\/","url":"https:\/\/vieassociative.be\/actualites\/wp-content\/uploads\/2024\/09\/vie-associative-1-150x150.jpg","contentUrl":"https:\/\/vieassociative.be\/actualites\/wp-content\/uploads\/2024\/09\/vie-associative-1-150x150.jpg","caption":"Julien"},"description":"Je suis Julien, r\u00e9dacteur pour Vie Associative. Passionn\u00e9 par le monde associatif depuis plus de 10 ans, j'ai \u00e0 c\u0153ur de partager des histoires inspirantes et de mettre en lumi\u00e8re les initiatives locales. Mon objectif est de sensibiliser et d'encourager l'engagement communautaire \u00e0 travers mes articles.","sameAs":["https:\/\/vieassociative.be\/"]}]}},"_links":{"self":[{"href":"https:\/\/vieassociative.be\/actualites\/wp-json\/wp\/v2\/posts\/9226"}],"collection":[{"href":"https:\/\/vieassociative.be\/actualites\/wp-json\/wp\/v2\/posts"}],"about":[{"href":"https:\/\/vieassociative.be\/actualites\/wp-json\/wp\/v2\/types\/post"}],"author":[{"embeddable":true,"href":"https:\/\/vieassociative.be\/actualites\/wp-json\/wp\/v2\/users\/1"}],"replies":[{"embeddable":true,"href":"https:\/\/vieassociative.be\/actualites\/wp-json\/wp\/v2\/comments?post=9226"}],"version-history":[{"count":0,"href":"https:\/\/vieassociative.be\/actualites\/wp-json\/wp\/v2\/posts\/9226\/revisions"}],"wp:featuredmedia":[{"embeddable":true,"href":"https:\/\/vieassociative.be\/actualites\/wp-json\/wp\/v2\/media\/9227"}],"wp:attachment":[{"href":"https:\/\/vieassociative.be\/actualites\/wp-json\/wp\/v2\/media?parent=9226"}],"wp:term":[{"taxonomy":"category","embeddable":true,"href":"https:\/\/vieassociative.be\/actualites\/wp-json\/wp\/v2\/categories?post=9226"},{"taxonomy":"post_tag","embeddable":true,"href":"https:\/\/vieassociative.be\/actualites\/wp-json\/wp\/v2\/tags?post=9226"}],"curies":[{"name":"wp","href":"https:\/\/api.w.org\/{rel}","templated":true}]}}