{"id":922,"date":"2024-10-06T18:17:06","date_gmt":"2024-10-06T16:17:06","guid":{"rendered":"https:\/\/vieassociative.be\/actualites\/mettez-a-jour-votre-iphone-pour-proteger-vos-messages-enregistres-contre-la-suppression\/"},"modified":"2024-10-06T18:17:06","modified_gmt":"2024-10-06T16:17:06","slug":"mettez-a-jour-votre-iphone-pour-proteger-vos-messages-enregistres-contre-la-suppression","status":"publish","type":"post","link":"https:\/\/vieassociative.be\/actualites\/mettez-a-jour-votre-iphone-pour-proteger-vos-messages-enregistres-contre-la-suppression\/","title":{"rendered":"Mettez \u00e0 jour votre iPhone pour prot\u00e9ger vos messages enregistr\u00e9s contre la suppression"},"content":{"rendered":"<div class=\"mt-4 leading-6 md:mb-8\">iOS 18.0.1 est l\u00e0.<\/div>\n<p><\/p>\n<p>iOS 18 a apport\u00e9 de nombreuses nouvelles fonctionnalit\u00e9s et modifications, mais aussi des bugs et des probl\u00e8mes. Avec un bug en particulier, vos messages enregistr\u00e9s sont mis en danger, simplement en r\u00e9pondant au mauvais message dans un fil de discussion. Un peu plus de deux semaines apr\u00e8s le lancement d&rsquo;iOS 18, Apple a publi\u00e9 iOS 18.0.1, une mise \u00e0 jour qui corrige quatre de ces probl\u00e8mes, ainsi que deux failles de s\u00e9curit\u00e9 relativement graves. <\/p>\n<h2 id=\"ios-1801-fixes-four-bugs\">iOS 18.0.1 corrige quatre bugs <\/h2>\n<p>Selon les notes de version d&rsquo;Apple pour iOS 18.0.1, cette mise \u00e0 jour ajoute quatre correctifs cl\u00e9s \u00e0 votre iPhone. Premi\u00e8rement, Apple a corrig\u00e9 un probl\u00e8me sur la nouvelle s\u00e9rie d\u2019iPhone 16, o\u00f9 les \u00e9crans tactiles ne r\u00e9pondaient plus. Ce bug a affect\u00e9 les quatre nouveaux iPhone 16, y compris les mod\u00e8les de base et les Pros, donc si vous en avez un, vous devez le mettre \u00e0 jour pour \u00e9viter tout probl\u00e8me d&rsquo;\u00e9cran tactile \u00e0 l&rsquo;avenir.<\/p>\n<p>Vous avez peut-\u00eatre \u00e9galement remarqu\u00e9 que la cam\u00e9ra de votre iPhone 16 se figeait lors de l&rsquo;enregistrement vid\u00e9o en mode macro \u00e0 l&rsquo;aide de la cam\u00e9ra Ultra Wide : Cela se produisait uniquement en enregistrement 4K avec le HDR d\u00e9sactiv\u00e9, ce qui est une configuration sp\u00e9cifique \u00e0 d\u00e9finir : La vid\u00e9o est en 1080p par d\u00e9faut, et HDR est \u00e9galement automatiquement activ\u00e9, vous devrez donc ajuster les deux options afin de d\u00e9clencher ce bug. Pourtant, ce bug a \u00e9t\u00e9 corrig\u00e9 avec cette derni\u00e8re mise \u00e0 jour. <\/p>\n<p>Passant aux probl\u00e8mes qui affectent d\u2019autres iPhones ex\u00e9cutant iOS 18, Apple a corrig\u00e9 un bug qui affectait les performances en raison d\u2019un probl\u00e8me d\u2019allocation de m\u00e9moire. Apple affirme que ce bug affectait \u00ab certains mod\u00e8les d&rsquo;iPhone \u00bb, mais n&rsquo;a pas pr\u00e9cis\u00e9 lesquels. Esp\u00e9rons que si vous avez remarqu\u00e9 des probl\u00e8mes de performances sur iOS 18, la version 18.0.1 rendra les choses plus fluides. <\/p>\n<p>Il est important de noter qu&rsquo;Apple a \u00e9galement corrig\u00e9 un bug s\u00e9rieux dans Messages, qui pourrait entra\u00eener une perte de l&rsquo;historique des messages. Comme je l&rsquo;ai d\u00e9j\u00e0 expliqu\u00e9, si vous r\u00e9pondiez \u00e0 un visage Apple Watch partag\u00e9 dans un fil de discussion, l&rsquo;application planterait \u00e0 plusieurs reprises. La seule solution serait de supprimer l\u2019int\u00e9gralit\u00e9 du fil de discussion, ce qui pourrait entra\u00eener la perte de plusieurs ann\u00e9es de messages. M\u00eame si la situation requise pour d\u00e9clencher le bug \u00e9tait assez sp\u00e9cifique, il est bon de savoir que le bug est d\u00e9sormais corrig\u00e9. <\/p>\n<h2 id=\"security-patches-in-ios-1801\">Correctifs de s\u00e9curit\u00e9 dans iOS 18.0.1<\/h2>\n<p>C&rsquo;est tout en ce qui concerne les notes d&rsquo;Apple, mais il y a encore plus dans cette mise \u00e0 jour. Apple n&rsquo;inclut pas les notes de s\u00e9curit\u00e9 avec ses notes de version pour les mises \u00e0 jour, et en acc\u00e9dant \u00e0 cette page, nous pouvons voir deux correctifs de s\u00e9curit\u00e9 inclus dans iOS 18.0.1. Il s\u2019agit \u00e9galement de failles de s\u00e9curit\u00e9 assez graves : la premi\u00e8re concerne les messages audio sur les appareils iPhone 16, o\u00f9 un message audio peut capturer quelques secondes d\u2019audio avant que l\u2019indicateur du microphone ne s\u2019allume. Ce voyant orange est cens\u00e9 s&rsquo;allumer \u00e0 chaque fois que le microphone est activ\u00e9, donc le fait qu&rsquo;une fonction &#8211; celle d&rsquo;Apple, en fait &#8211; puisse acc\u00e9der au microphone pendant n&rsquo;importe quelle dur\u00e9e sans d\u00e9clencher l&rsquo;indicateur est pr\u00e9occupant. J&rsquo;esp\u00e8re qu&rsquo;il s&rsquo;agit d&rsquo;un incident tr\u00e8s isol\u00e9 et non d&rsquo;une vuln\u00e9rabilit\u00e9 plus importante que des tiers pourraient exploiter. Apr\u00e8s tout, nous n\u2019avons pas besoin de logiciels espions acc\u00e9dant silencieusement au microphone de votre iPhone en arri\u00e8re-plan.<\/p>\n<p>La deuxi\u00e8me faille de s\u00e9curit\u00e9 concerne la nouvelle application Mots de passe d&rsquo;Apple, o\u00f9 les mots de passe enregistr\u00e9s peuvent \u00eatre lus \u00e0 haute voix via VoiceOver. \u00c9videmment, ce n\u2019est pas id\u00e9al, mais Apple n\u2019a pas expliqu\u00e9 \u00e0 quel point cette faille \u00e9tait facile ou difficile \u00e0 activer. Celui-ci affecte une multitude d&rsquo;appareils ex\u00e9cutant iOS 18, notamment l&rsquo;iPhone XS et les versions ult\u00e9rieures, l&rsquo;iPad Pro 13 pouces, l&rsquo;iPad Pro 12,9 pouces de 3e g\u00e9n\u00e9ration et les versions ult\u00e9rieures, l&rsquo;iPad Pro 11 pouces de 1re g\u00e9n\u00e9ration et les versions ult\u00e9rieures, l&rsquo;iPad Air de 3e g\u00e9n\u00e9ration et les versions ult\u00e9rieures, iPad 7e g\u00e9n\u00e9ration et versions ult\u00e9rieures, et iPad mini 5e g\u00e9n\u00e9ration et versions ult\u00e9rieures.<\/p>\n","protected":false},"excerpt":{"rendered":"<p>iOS 18.0.1 est l\u00e0. iOS 18 a apport\u00e9 de nombreuses nouvelles fonctionnalit\u00e9s et modifications, mais aussi des bugs et des probl\u00e8mes. Avec un bug en<\/p>\n","protected":false},"author":1,"featured_media":923,"comment_status":"","ping_status":"","sticky":false,"template":"","format":"standard","meta":{"footnotes":""},"categories":[13],"tags":[796,1425,652,53,28,1424,81,275,1426,27,8],"class_list":["post-922","post","type-post","status-publish","format-standard","has-post-thumbnail","hentry","category-technologie","tag-contre","tag-enregistres","tag-iphone","tag-jour","tag-messages","tag-mettez","tag-pour","tag-proteger","tag-suppression","tag-vos","tag-votre","generate-columns","tablet-grid-50","mobile-grid-100","grid-parent","grid-33"],"yoast_head":"<!-- This site is optimized with the Yoast SEO plugin v24.0 - https:\/\/yoast.com\/wordpress\/plugins\/seo\/ -->\n<title>Mettez \u00e0 jour votre iPhone pour prot\u00e9ger vos messages enregistr\u00e9s contre la suppression | Vie Associative<\/title>\n<meta name=\"robots\" content=\"index, follow, max-snippet:-1, max-image-preview:large, max-video-preview:-1\" \/>\n<link rel=\"canonical\" href=\"https:\/\/vieassociative.be\/actualites\/mettez-a-jour-votre-iphone-pour-proteger-vos-messages-enregistres-contre-la-suppression\/\" \/>\n<meta property=\"og:locale\" content=\"fr_FR\" \/>\n<meta property=\"og:type\" content=\"article\" \/>\n<meta property=\"og:title\" content=\"Mettez \u00e0 jour votre iPhone pour prot\u00e9ger vos messages enregistr\u00e9s contre la suppression | Vie Associative\" \/>\n<meta property=\"og:description\" content=\"iOS 18.0.1 est l\u00e0. iOS 18 a apport\u00e9 de nombreuses nouvelles fonctionnalit\u00e9s et modifications, mais aussi des bugs et des probl\u00e8mes. Avec un bug en\" \/>\n<meta property=\"og:url\" content=\"https:\/\/vieassociative.be\/actualites\/mettez-a-jour-votre-iphone-pour-proteger-vos-messages-enregistres-contre-la-suppression\/\" \/>\n<meta property=\"og:site_name\" content=\"Vie Associative\" \/>\n<meta property=\"article:published_time\" content=\"2024-10-06T16:17:06+00:00\" \/>\n<meta property=\"og:image\" content=\"https:\/\/vieassociative.be\/actualites\/wp-content\/uploads\/2024\/09\/header_backgroundk-01-e1726694325946.png\" \/>\n\t<meta property=\"og:image:width\" content=\"279\" \/>\n\t<meta property=\"og:image:height\" content=\"92\" \/>\n\t<meta property=\"og:image:type\" content=\"image\/png\" \/>\n<meta name=\"author\" content=\"Julien\" \/>\n<meta name=\"twitter:card\" content=\"summary_large_image\" \/>\n<meta name=\"twitter:label1\" content=\"\u00c9crit par\" \/>\n\t<meta name=\"twitter:data1\" content=\"Julien\" \/>\n\t<meta name=\"twitter:label2\" content=\"Dur\u00e9e de lecture est.\" \/>\n\t<meta name=\"twitter:data2\" content=\"4 minutes\" \/>\n<script type=\"application\/ld+json\" class=\"yoast-schema-graph\">{\"@context\":\"https:\/\/schema.org\",\"@graph\":[{\"@type\":\"Article\",\"@id\":\"https:\/\/vieassociative.be\/actualites\/mettez-a-jour-votre-iphone-pour-proteger-vos-messages-enregistres-contre-la-suppression\/#article\",\"isPartOf\":{\"@id\":\"https:\/\/vieassociative.be\/actualites\/mettez-a-jour-votre-iphone-pour-proteger-vos-messages-enregistres-contre-la-suppression\/\"},\"author\":{\"name\":\"Julien\",\"@id\":\"https:\/\/vieassociative.be\/actualites\/#\/schema\/person\/b87ac4f82f9d4e7b7cec7395b679edc4\"},\"headline\":\"Mettez \u00e0 jour votre iPhone pour prot\u00e9ger vos messages enregistr\u00e9s contre la suppression\",\"datePublished\":\"2024-10-06T16:17:06+00:00\",\"dateModified\":\"2024-10-06T16:17:06+00:00\",\"mainEntityOfPage\":{\"@id\":\"https:\/\/vieassociative.be\/actualites\/mettez-a-jour-votre-iphone-pour-proteger-vos-messages-enregistres-contre-la-suppression\/\"},\"wordCount\":782,\"publisher\":{\"@id\":\"https:\/\/vieassociative.be\/actualites\/#organization\"},\"image\":{\"@id\":\"https:\/\/vieassociative.be\/actualites\/mettez-a-jour-votre-iphone-pour-proteger-vos-messages-enregistres-contre-la-suppression\/#primaryimage\"},\"thumbnailUrl\":\"https:\/\/vieassociative.be\/actualites\/wp-content\/uploads\/2024\/10\/Mettez-a-jour-votre-iPhone-pour-proteger-vos-messages-enregistres.png\",\"keywords\":[\"contre\",\"enregistr\u00e9s\",\"iPhone\",\"jour\",\"messages\",\"Mettez\",\"pour\",\"prot\u00e9ger\",\"suppression\",\"vos\",\"votre\"],\"articleSection\":[\"Technologie\"],\"inLanguage\":\"fr-BE\"},{\"@type\":\"WebPage\",\"@id\":\"https:\/\/vieassociative.be\/actualites\/mettez-a-jour-votre-iphone-pour-proteger-vos-messages-enregistres-contre-la-suppression\/\",\"url\":\"https:\/\/vieassociative.be\/actualites\/mettez-a-jour-votre-iphone-pour-proteger-vos-messages-enregistres-contre-la-suppression\/\",\"name\":\"Mettez \u00e0 jour votre iPhone pour prot\u00e9ger vos messages enregistr\u00e9s contre la suppression | Vie Associative\",\"isPartOf\":{\"@id\":\"https:\/\/vieassociative.be\/actualites\/#website\"},\"primaryImageOfPage\":{\"@id\":\"https:\/\/vieassociative.be\/actualites\/mettez-a-jour-votre-iphone-pour-proteger-vos-messages-enregistres-contre-la-suppression\/#primaryimage\"},\"image\":{\"@id\":\"https:\/\/vieassociative.be\/actualites\/mettez-a-jour-votre-iphone-pour-proteger-vos-messages-enregistres-contre-la-suppression\/#primaryimage\"},\"thumbnailUrl\":\"https:\/\/vieassociative.be\/actualites\/wp-content\/uploads\/2024\/10\/Mettez-a-jour-votre-iPhone-pour-proteger-vos-messages-enregistres.png\",\"datePublished\":\"2024-10-06T16:17:06+00:00\",\"dateModified\":\"2024-10-06T16:17:06+00:00\",\"breadcrumb\":{\"@id\":\"https:\/\/vieassociative.be\/actualites\/mettez-a-jour-votre-iphone-pour-proteger-vos-messages-enregistres-contre-la-suppression\/#breadcrumb\"},\"inLanguage\":\"fr-BE\",\"potentialAction\":[{\"@type\":\"ReadAction\",\"target\":[\"https:\/\/vieassociative.be\/actualites\/mettez-a-jour-votre-iphone-pour-proteger-vos-messages-enregistres-contre-la-suppression\/\"]}]},{\"@type\":\"ImageObject\",\"inLanguage\":\"fr-BE\",\"@id\":\"https:\/\/vieassociative.be\/actualites\/mettez-a-jour-votre-iphone-pour-proteger-vos-messages-enregistres-contre-la-suppression\/#primaryimage\",\"url\":\"https:\/\/vieassociative.be\/actualites\/wp-content\/uploads\/2024\/10\/Mettez-a-jour-votre-iPhone-pour-proteger-vos-messages-enregistres.png\",\"contentUrl\":\"https:\/\/vieassociative.be\/actualites\/wp-content\/uploads\/2024\/10\/Mettez-a-jour-votre-iPhone-pour-proteger-vos-messages-enregistres.png\",\"width\":1200,\"height\":675,\"caption\":\"Mettez \u00e0 jour votre iPhone pour prot\u00e9ger vos messages enregistr\u00e9s contre la suppression\"},{\"@type\":\"BreadcrumbList\",\"@id\":\"https:\/\/vieassociative.be\/actualites\/mettez-a-jour-votre-iphone-pour-proteger-vos-messages-enregistres-contre-la-suppression\/#breadcrumb\",\"itemListElement\":[{\"@type\":\"ListItem\",\"position\":1,\"name\":\"Accueil\",\"item\":\"https:\/\/vieassociative.be\/actualites\/\"},{\"@type\":\"ListItem\",\"position\":2,\"name\":\"Mettez \u00e0 jour votre iPhone pour prot\u00e9ger vos messages enregistr\u00e9s contre la suppression\"}]},{\"@type\":\"WebSite\",\"@id\":\"https:\/\/vieassociative.be\/actualites\/#website\",\"url\":\"https:\/\/vieassociative.be\/actualites\/\",\"name\":\"Vie Associative\",\"description\":\"\",\"publisher\":{\"@id\":\"https:\/\/vieassociative.be\/actualites\/#organization\"},\"potentialAction\":[{\"@type\":\"SearchAction\",\"target\":{\"@type\":\"EntryPoint\",\"urlTemplate\":\"https:\/\/vieassociative.be\/actualites\/?s={search_term_string}\"},\"query-input\":{\"@type\":\"PropertyValueSpecification\",\"valueRequired\":true,\"valueName\":\"search_term_string\"}}],\"inLanguage\":\"fr-BE\"},{\"@type\":\"Organization\",\"@id\":\"https:\/\/vieassociative.be\/actualites\/#organization\",\"name\":\"Vie Associative\",\"url\":\"https:\/\/vieassociative.be\/actualites\/\",\"logo\":{\"@type\":\"ImageObject\",\"inLanguage\":\"fr-BE\",\"@id\":\"https:\/\/vieassociative.be\/actualites\/#\/schema\/logo\/image\/\",\"url\":\"https:\/\/vieassociative.be\/actualites\/wp-content\/uploads\/2024\/09\/cropped-vieassociative_favicon.ico.png\",\"contentUrl\":\"https:\/\/vieassociative.be\/actualites\/wp-content\/uploads\/2024\/09\/cropped-vieassociative_favicon.ico.png\",\"width\":512,\"height\":512,\"caption\":\"Vie Associative\"},\"image\":{\"@id\":\"https:\/\/vieassociative.be\/actualites\/#\/schema\/logo\/image\/\"}},{\"@type\":\"Person\",\"@id\":\"https:\/\/vieassociative.be\/actualites\/#\/schema\/person\/b87ac4f82f9d4e7b7cec7395b679edc4\",\"name\":\"Julien\",\"image\":{\"@type\":\"ImageObject\",\"inLanguage\":\"fr-BE\",\"@id\":\"https:\/\/vieassociative.be\/actualites\/#\/schema\/person\/image\/\",\"url\":\"https:\/\/vieassociative.be\/actualites\/wp-content\/uploads\/2024\/09\/vie-associative-1-150x150.jpg\",\"contentUrl\":\"https:\/\/vieassociative.be\/actualites\/wp-content\/uploads\/2024\/09\/vie-associative-1-150x150.jpg\",\"caption\":\"Julien\"},\"description\":\"Je suis Julien, r\u00e9dacteur pour Vie Associative. Passionn\u00e9 par le monde associatif depuis plus de 10 ans, j'ai \u00e0 c\u0153ur de partager des histoires inspirantes et de mettre en lumi\u00e8re les initiatives locales. Mon objectif est de sensibiliser et d'encourager l'engagement communautaire \u00e0 travers mes articles.\",\"sameAs\":[\"https:\/\/vieassociative.be\/\"]}]}<\/script>\n<!-- \/ Yoast SEO plugin. -->","yoast_head_json":{"title":"Mettez \u00e0 jour votre iPhone pour prot\u00e9ger vos messages enregistr\u00e9s contre la suppression | Vie Associative","robots":{"index":"index","follow":"follow","max-snippet":"max-snippet:-1","max-image-preview":"max-image-preview:large","max-video-preview":"max-video-preview:-1"},"canonical":"https:\/\/vieassociative.be\/actualites\/mettez-a-jour-votre-iphone-pour-proteger-vos-messages-enregistres-contre-la-suppression\/","og_locale":"fr_FR","og_type":"article","og_title":"Mettez \u00e0 jour votre iPhone pour prot\u00e9ger vos messages enregistr\u00e9s contre la suppression | Vie Associative","og_description":"iOS 18.0.1 est l\u00e0. iOS 18 a apport\u00e9 de nombreuses nouvelles fonctionnalit\u00e9s et modifications, mais aussi des bugs et des probl\u00e8mes. Avec un bug en","og_url":"https:\/\/vieassociative.be\/actualites\/mettez-a-jour-votre-iphone-pour-proteger-vos-messages-enregistres-contre-la-suppression\/","og_site_name":"Vie Associative","article_published_time":"2024-10-06T16:17:06+00:00","og_image":[{"width":279,"height":92,"url":"https:\/\/vieassociative.be\/actualites\/wp-content\/uploads\/2024\/09\/header_backgroundk-01-e1726694325946.png","type":"image\/png"}],"author":"Julien","twitter_card":"summary_large_image","twitter_misc":{"\u00c9crit par":"Julien","Dur\u00e9e de lecture est.":"4 minutes"},"schema":{"@context":"https:\/\/schema.org","@graph":[{"@type":"Article","@id":"https:\/\/vieassociative.be\/actualites\/mettez-a-jour-votre-iphone-pour-proteger-vos-messages-enregistres-contre-la-suppression\/#article","isPartOf":{"@id":"https:\/\/vieassociative.be\/actualites\/mettez-a-jour-votre-iphone-pour-proteger-vos-messages-enregistres-contre-la-suppression\/"},"author":{"name":"Julien","@id":"https:\/\/vieassociative.be\/actualites\/#\/schema\/person\/b87ac4f82f9d4e7b7cec7395b679edc4"},"headline":"Mettez \u00e0 jour votre iPhone pour prot\u00e9ger vos messages enregistr\u00e9s contre la suppression","datePublished":"2024-10-06T16:17:06+00:00","dateModified":"2024-10-06T16:17:06+00:00","mainEntityOfPage":{"@id":"https:\/\/vieassociative.be\/actualites\/mettez-a-jour-votre-iphone-pour-proteger-vos-messages-enregistres-contre-la-suppression\/"},"wordCount":782,"publisher":{"@id":"https:\/\/vieassociative.be\/actualites\/#organization"},"image":{"@id":"https:\/\/vieassociative.be\/actualites\/mettez-a-jour-votre-iphone-pour-proteger-vos-messages-enregistres-contre-la-suppression\/#primaryimage"},"thumbnailUrl":"https:\/\/vieassociative.be\/actualites\/wp-content\/uploads\/2024\/10\/Mettez-a-jour-votre-iPhone-pour-proteger-vos-messages-enregistres.png","keywords":["contre","enregistr\u00e9s","iPhone","jour","messages","Mettez","pour","prot\u00e9ger","suppression","vos","votre"],"articleSection":["Technologie"],"inLanguage":"fr-BE"},{"@type":"WebPage","@id":"https:\/\/vieassociative.be\/actualites\/mettez-a-jour-votre-iphone-pour-proteger-vos-messages-enregistres-contre-la-suppression\/","url":"https:\/\/vieassociative.be\/actualites\/mettez-a-jour-votre-iphone-pour-proteger-vos-messages-enregistres-contre-la-suppression\/","name":"Mettez \u00e0 jour votre iPhone pour prot\u00e9ger vos messages enregistr\u00e9s contre la suppression | Vie Associative","isPartOf":{"@id":"https:\/\/vieassociative.be\/actualites\/#website"},"primaryImageOfPage":{"@id":"https:\/\/vieassociative.be\/actualites\/mettez-a-jour-votre-iphone-pour-proteger-vos-messages-enregistres-contre-la-suppression\/#primaryimage"},"image":{"@id":"https:\/\/vieassociative.be\/actualites\/mettez-a-jour-votre-iphone-pour-proteger-vos-messages-enregistres-contre-la-suppression\/#primaryimage"},"thumbnailUrl":"https:\/\/vieassociative.be\/actualites\/wp-content\/uploads\/2024\/10\/Mettez-a-jour-votre-iPhone-pour-proteger-vos-messages-enregistres.png","datePublished":"2024-10-06T16:17:06+00:00","dateModified":"2024-10-06T16:17:06+00:00","breadcrumb":{"@id":"https:\/\/vieassociative.be\/actualites\/mettez-a-jour-votre-iphone-pour-proteger-vos-messages-enregistres-contre-la-suppression\/#breadcrumb"},"inLanguage":"fr-BE","potentialAction":[{"@type":"ReadAction","target":["https:\/\/vieassociative.be\/actualites\/mettez-a-jour-votre-iphone-pour-proteger-vos-messages-enregistres-contre-la-suppression\/"]}]},{"@type":"ImageObject","inLanguage":"fr-BE","@id":"https:\/\/vieassociative.be\/actualites\/mettez-a-jour-votre-iphone-pour-proteger-vos-messages-enregistres-contre-la-suppression\/#primaryimage","url":"https:\/\/vieassociative.be\/actualites\/wp-content\/uploads\/2024\/10\/Mettez-a-jour-votre-iPhone-pour-proteger-vos-messages-enregistres.png","contentUrl":"https:\/\/vieassociative.be\/actualites\/wp-content\/uploads\/2024\/10\/Mettez-a-jour-votre-iPhone-pour-proteger-vos-messages-enregistres.png","width":1200,"height":675,"caption":"Mettez \u00e0 jour votre iPhone pour prot\u00e9ger vos messages enregistr\u00e9s contre la suppression"},{"@type":"BreadcrumbList","@id":"https:\/\/vieassociative.be\/actualites\/mettez-a-jour-votre-iphone-pour-proteger-vos-messages-enregistres-contre-la-suppression\/#breadcrumb","itemListElement":[{"@type":"ListItem","position":1,"name":"Accueil","item":"https:\/\/vieassociative.be\/actualites\/"},{"@type":"ListItem","position":2,"name":"Mettez \u00e0 jour votre iPhone pour prot\u00e9ger vos messages enregistr\u00e9s contre la suppression"}]},{"@type":"WebSite","@id":"https:\/\/vieassociative.be\/actualites\/#website","url":"https:\/\/vieassociative.be\/actualites\/","name":"Vie Associative","description":"","publisher":{"@id":"https:\/\/vieassociative.be\/actualites\/#organization"},"potentialAction":[{"@type":"SearchAction","target":{"@type":"EntryPoint","urlTemplate":"https:\/\/vieassociative.be\/actualites\/?s={search_term_string}"},"query-input":{"@type":"PropertyValueSpecification","valueRequired":true,"valueName":"search_term_string"}}],"inLanguage":"fr-BE"},{"@type":"Organization","@id":"https:\/\/vieassociative.be\/actualites\/#organization","name":"Vie Associative","url":"https:\/\/vieassociative.be\/actualites\/","logo":{"@type":"ImageObject","inLanguage":"fr-BE","@id":"https:\/\/vieassociative.be\/actualites\/#\/schema\/logo\/image\/","url":"https:\/\/vieassociative.be\/actualites\/wp-content\/uploads\/2024\/09\/cropped-vieassociative_favicon.ico.png","contentUrl":"https:\/\/vieassociative.be\/actualites\/wp-content\/uploads\/2024\/09\/cropped-vieassociative_favicon.ico.png","width":512,"height":512,"caption":"Vie Associative"},"image":{"@id":"https:\/\/vieassociative.be\/actualites\/#\/schema\/logo\/image\/"}},{"@type":"Person","@id":"https:\/\/vieassociative.be\/actualites\/#\/schema\/person\/b87ac4f82f9d4e7b7cec7395b679edc4","name":"Julien","image":{"@type":"ImageObject","inLanguage":"fr-BE","@id":"https:\/\/vieassociative.be\/actualites\/#\/schema\/person\/image\/","url":"https:\/\/vieassociative.be\/actualites\/wp-content\/uploads\/2024\/09\/vie-associative-1-150x150.jpg","contentUrl":"https:\/\/vieassociative.be\/actualites\/wp-content\/uploads\/2024\/09\/vie-associative-1-150x150.jpg","caption":"Julien"},"description":"Je suis Julien, r\u00e9dacteur pour Vie Associative. Passionn\u00e9 par le monde associatif depuis plus de 10 ans, j'ai \u00e0 c\u0153ur de partager des histoires inspirantes et de mettre en lumi\u00e8re les initiatives locales. Mon objectif est de sensibiliser et d'encourager l'engagement communautaire \u00e0 travers mes articles.","sameAs":["https:\/\/vieassociative.be\/"]}]}},"_links":{"self":[{"href":"https:\/\/vieassociative.be\/actualites\/wp-json\/wp\/v2\/posts\/922"}],"collection":[{"href":"https:\/\/vieassociative.be\/actualites\/wp-json\/wp\/v2\/posts"}],"about":[{"href":"https:\/\/vieassociative.be\/actualites\/wp-json\/wp\/v2\/types\/post"}],"author":[{"embeddable":true,"href":"https:\/\/vieassociative.be\/actualites\/wp-json\/wp\/v2\/users\/1"}],"replies":[{"embeddable":true,"href":"https:\/\/vieassociative.be\/actualites\/wp-json\/wp\/v2\/comments?post=922"}],"version-history":[{"count":0,"href":"https:\/\/vieassociative.be\/actualites\/wp-json\/wp\/v2\/posts\/922\/revisions"}],"wp:featuredmedia":[{"embeddable":true,"href":"https:\/\/vieassociative.be\/actualites\/wp-json\/wp\/v2\/media\/923"}],"wp:attachment":[{"href":"https:\/\/vieassociative.be\/actualites\/wp-json\/wp\/v2\/media?parent=922"}],"wp:term":[{"taxonomy":"category","embeddable":true,"href":"https:\/\/vieassociative.be\/actualites\/wp-json\/wp\/v2\/categories?post=922"},{"taxonomy":"post_tag","embeddable":true,"href":"https:\/\/vieassociative.be\/actualites\/wp-json\/wp\/v2\/tags?post=922"}],"curies":[{"name":"wp","href":"https:\/\/api.w.org\/{rel}","templated":true}]}}