{"id":9218,"date":"2025-08-05T16:17:20","date_gmt":"2025-08-05T14:17:20","guid":{"rendered":"https:\/\/vieassociative.be\/actualites\/aeroport-de-charleroi-lun-des-pires-aeroports\/"},"modified":"2025-08-05T16:17:20","modified_gmt":"2025-08-05T14:17:20","slug":"aeroport-de-charleroi-lun-des-pires-aeroports","status":"publish","type":"post","link":"https:\/\/vieassociative.be\/actualites\/aeroport-de-charleroi-lun-des-pires-aeroports\/","title":{"rendered":"A\u00e9roport de Charleroi l&rsquo;un des pires a\u00e9roports?"},"content":{"rendered":"<p><strong>L&rsquo;a\u00e9roport de Charleroi serait le troisi\u00e8me partie le plus en Europe. Cela peut \u00eatre vu au moins \u00e0 partir d&rsquo;une analyse de milliers de critiques des a\u00e9roports europ\u00e9ens, qui ont \u00e9t\u00e9 publi\u00e9s sur Google Maps et ont \u00e9t\u00e9 r\u00e9alis\u00e9s par la soci\u00e9t\u00e9 de maisons de vacances Holidu.<\/strong><\/p>\n<p><span id=\"more-421754\"><\/span>C&rsquo;est le principal temps de trajet en Europe, qui se concentre sur les a\u00e9roports: bien que certains d&rsquo;entre eux soient lou\u00e9s pour leur excellent service, leurs installations propres et leur traitement efficace, d&rsquo;autres se battent avec des critiques n\u00e9gatives en raison de temps d&rsquo;attente longs, d&rsquo;\u00e9quipement inad\u00e9quat et de personnel hostile.<\/p>\n<p>L&rsquo;analyse la plus r\u00e9cente des a\u00e9roports de Holidu a \u00e9valu\u00e9 le meilleur et le pire montre que les a\u00e9roports d\u00e9passent les attentes des voyageurs &#8211; et lesquels ont besoin d&rsquo;am\u00e9liorations urgents.<\/p>\n<p>L&rsquo;\u00e9tude a \u00e9t\u00e9 r\u00e9alis\u00e9e sur la base des donn\u00e9es de Google Maps, par laquelle la note de Google moyenne et le nombre d&rsquo;examens ont \u00e9t\u00e9 utilis\u00e9s pour cr\u00e9er un classement europ\u00e9en de l&rsquo;a\u00e9roport.<\/p>\n<div id=\"attachment_421763\" class=\"wp-caption alignleft\" style=\"max-width: 300px\"><img fetchpriority=\"high\" decoding=\"async\" class=\"wp-image-421763 size-medium\" src=\"https:\/\/vieassociative.be\/actualites\/wp-content\/uploads\/2025\/08\/Aeroport-de-Charleroi-lun-des-pires-aeroports.jpg\" alt=\"\" width=\"300\" height=\"200\"><\/div>\n<p>L&rsquo;a\u00e9roport de Charleroi et Bruxels South a re\u00e7u une note moyenne de 3,1 \/ 5 et 23 202 revues. Cela se trouve \u00e0 la 83e place, deux endroits pires que l&rsquo;ann\u00e9e pr\u00e9c\u00e9dente.<\/p>\n<p>Les sympt\u00f4mes exprim\u00e9s par les voyageurs de l&rsquo;a\u00e9roport de Charleroi sont divers: les files d&rsquo;attente sans fin sur les contr\u00f4les de s\u00e9curit\u00e9, le manque de personnel, la signalisation d\u00e9routante, les infrastructures obsol\u00e8tes et le manque de confort dans les zones d&rsquo;attente. Certains parlent \u00e9galement d&rsquo;une administration per\u00e7ue comme une administration chaotique en p\u00e9riode de trafic \u00e9lev\u00e9, en particulier pendant les vacances scolaires.<\/p>\n<p>L&rsquo;autre a\u00e9roport belge du classement est l&rsquo;a\u00e9roport de Bruxelles-Zaventem. Avec une \u00e9valuation de 4\/5 et 31 825 revues, il a pris la 31e place. C&rsquo;est mieux que la derni\u00e8re fois.<\/p>\n<p>Les a\u00e9roports d&rsquo;Istanbul, Porto et Helsinki sont en haut du classement. Les trois ont re\u00e7u une note de 4,4, avec l&rsquo;a\u00e9roport turc le plus fr\u00e9quemment \u00e9valu\u00e9 (106 543 revues), suivi de Porto (30.153) et Helsinki (17 728).<\/p>\n<p>Les a\u00e9roports qui sont \u00e0 la fin du classement avec celui de Charleroi sont Bordeaux-M\u00e9rignac et Heraklion. L&rsquo;a\u00e9roport fran\u00e7ais a re\u00e7u la 3e ann\u00e9e pour 16 582 revues, tandis que l&rsquo;a\u00e9roport grec a obtenu une note de 2,6 \u00e0 25 293 revues. (Cre)<\/p>\n<p><strong>Les 5 meilleurs a\u00e9roports d&rsquo;Europe:<\/strong><\/p>\n<p>1. A\u00e9roport d&rsquo;Istanbul (T\u00fcrkiye)<br \/>\n2. A\u00e9roport de Porto (Portugal)<br \/>\n3. A\u00e9roport d&rsquo;Helsinki (Finlande)<br \/>\n4. A\u00e9roport d&rsquo;Ath\u00e8nes (Gr\u00e8ce)<br \/>\n5. A\u00e9roport de Zurich (Suisse)<\/p>\n<p><strong>Le flop 5 des pires a\u00e9roports d&rsquo;Europe:<\/strong><\/p>\n<p>81. A\u00e9roport de Nantes (France)<br \/>\n82. Airport Manchester (Royaume-Uni)<br \/>\n83. A\u00e9roport de Charleroi (Belgique)<br \/>\n84. A\u00e9roport de Bordeaux-M\u00e9rignac (France) (France)<br \/>\n85. A\u00e9roport d&rsquo;H\u00e9raklion (Gr\u00e8ce)<\/p>\n","protected":false},"excerpt":{"rendered":"<p>L&rsquo;a\u00e9roport de Charleroi serait le troisi\u00e8me partie le plus en Europe. Cela peut \u00eatre vu au moins \u00e0 partir d&rsquo;une analyse de milliers de critiques<\/p>\n","protected":false},"author":1,"featured_media":9219,"comment_status":"","ping_status":"","sticky":false,"template":"","format":"standard","meta":{"footnotes":""},"categories":[298],"tags":[8042,8044,8043,29,247,312],"class_list":["post-9218","post","type-post","status-publish","format-standard","has-post-thumbnail","hentry","category-belgique","tag-aeroport","tag-aeroports","tag-charleroi","tag-des","tag-lun","tag-pires","generate-columns","tablet-grid-50","mobile-grid-100","grid-parent","grid-33"],"yoast_head":"<!-- This site is optimized with the Yoast SEO plugin v24.0 - https:\/\/yoast.com\/wordpress\/plugins\/seo\/ -->\n<title>A\u00e9roport de Charleroi l&#039;un des pires a\u00e9roports? | Vie Associative<\/title>\n<meta name=\"robots\" content=\"index, follow, max-snippet:-1, max-image-preview:large, max-video-preview:-1\" \/>\n<link rel=\"canonical\" href=\"https:\/\/vieassociative.be\/actualites\/aeroport-de-charleroi-lun-des-pires-aeroports\/\" \/>\n<meta property=\"og:locale\" content=\"fr_FR\" \/>\n<meta property=\"og:type\" content=\"article\" \/>\n<meta property=\"og:title\" content=\"A\u00e9roport de Charleroi l&#039;un des pires a\u00e9roports? | Vie Associative\" \/>\n<meta property=\"og:description\" content=\"L&rsquo;a\u00e9roport de Charleroi serait le troisi\u00e8me partie le plus en Europe. Cela peut \u00eatre vu au moins \u00e0 partir d&rsquo;une analyse de milliers de critiques\" \/>\n<meta property=\"og:url\" content=\"https:\/\/vieassociative.be\/actualites\/aeroport-de-charleroi-lun-des-pires-aeroports\/\" \/>\n<meta property=\"og:site_name\" content=\"Vie Associative\" \/>\n<meta property=\"article:published_time\" content=\"2025-08-05T14:17:20+00:00\" \/>\n<meta property=\"og:image\" content=\"https:\/\/vieassociative.be\/actualites\/wp-content\/uploads\/2024\/09\/header_backgroundk-01-e1726694325946.png\" \/>\n\t<meta property=\"og:image:width\" content=\"279\" \/>\n\t<meta property=\"og:image:height\" content=\"92\" \/>\n\t<meta property=\"og:image:type\" content=\"image\/png\" \/>\n<meta name=\"author\" content=\"Julien\" \/>\n<meta name=\"twitter:card\" content=\"summary_large_image\" \/>\n<meta name=\"twitter:label1\" content=\"\u00c9crit par\" \/>\n\t<meta name=\"twitter:data1\" content=\"Julien\" \/>\n\t<meta name=\"twitter:label2\" content=\"Dur\u00e9e de lecture est.\" \/>\n\t<meta name=\"twitter:data2\" content=\"2 minutes\" \/>\n<script type=\"application\/ld+json\" class=\"yoast-schema-graph\">{\"@context\":\"https:\/\/schema.org\",\"@graph\":[{\"@type\":\"Article\",\"@id\":\"https:\/\/vieassociative.be\/actualites\/aeroport-de-charleroi-lun-des-pires-aeroports\/#article\",\"isPartOf\":{\"@id\":\"https:\/\/vieassociative.be\/actualites\/aeroport-de-charleroi-lun-des-pires-aeroports\/\"},\"author\":{\"name\":\"Julien\",\"@id\":\"https:\/\/vieassociative.be\/actualites\/#\/schema\/person\/b87ac4f82f9d4e7b7cec7395b679edc4\"},\"headline\":\"A\u00e9roport de Charleroi l&rsquo;un des pires a\u00e9roports?\",\"datePublished\":\"2025-08-05T14:17:20+00:00\",\"dateModified\":\"2025-08-05T14:17:20+00:00\",\"mainEntityOfPage\":{\"@id\":\"https:\/\/vieassociative.be\/actualites\/aeroport-de-charleroi-lun-des-pires-aeroports\/\"},\"wordCount\":499,\"publisher\":{\"@id\":\"https:\/\/vieassociative.be\/actualites\/#organization\"},\"image\":{\"@id\":\"https:\/\/vieassociative.be\/actualites\/aeroport-de-charleroi-lun-des-pires-aeroports\/#primaryimage\"},\"thumbnailUrl\":\"https:\/\/vieassociative.be\/actualites\/wp-content\/uploads\/2025\/08\/1754403440_Aeroport-de-Charleroi-lun-des-pires-aeroports.jpg\",\"keywords\":[\"A\u00e9roport\",\"a\u00e9roports\",\"Charleroi\",\"Des\",\"lun\",\"pires\"],\"articleSection\":[\"Belgique\"],\"inLanguage\":\"fr-BE\"},{\"@type\":\"WebPage\",\"@id\":\"https:\/\/vieassociative.be\/actualites\/aeroport-de-charleroi-lun-des-pires-aeroports\/\",\"url\":\"https:\/\/vieassociative.be\/actualites\/aeroport-de-charleroi-lun-des-pires-aeroports\/\",\"name\":\"A\u00e9roport de Charleroi l'un des pires a\u00e9roports? | Vie Associative\",\"isPartOf\":{\"@id\":\"https:\/\/vieassociative.be\/actualites\/#website\"},\"primaryImageOfPage\":{\"@id\":\"https:\/\/vieassociative.be\/actualites\/aeroport-de-charleroi-lun-des-pires-aeroports\/#primaryimage\"},\"image\":{\"@id\":\"https:\/\/vieassociative.be\/actualites\/aeroport-de-charleroi-lun-des-pires-aeroports\/#primaryimage\"},\"thumbnailUrl\":\"https:\/\/vieassociative.be\/actualites\/wp-content\/uploads\/2025\/08\/1754403440_Aeroport-de-Charleroi-lun-des-pires-aeroports.jpg\",\"datePublished\":\"2025-08-05T14:17:20+00:00\",\"dateModified\":\"2025-08-05T14:17:20+00:00\",\"breadcrumb\":{\"@id\":\"https:\/\/vieassociative.be\/actualites\/aeroport-de-charleroi-lun-des-pires-aeroports\/#breadcrumb\"},\"inLanguage\":\"fr-BE\",\"potentialAction\":[{\"@type\":\"ReadAction\",\"target\":[\"https:\/\/vieassociative.be\/actualites\/aeroport-de-charleroi-lun-des-pires-aeroports\/\"]}]},{\"@type\":\"ImageObject\",\"inLanguage\":\"fr-BE\",\"@id\":\"https:\/\/vieassociative.be\/actualites\/aeroport-de-charleroi-lun-des-pires-aeroports\/#primaryimage\",\"url\":\"https:\/\/vieassociative.be\/actualites\/wp-content\/uploads\/2025\/08\/1754403440_Aeroport-de-Charleroi-lun-des-pires-aeroports.jpg\",\"contentUrl\":\"https:\/\/vieassociative.be\/actualites\/wp-content\/uploads\/2025\/08\/1754403440_Aeroport-de-Charleroi-lun-des-pires-aeroports.jpg\",\"width\":1000,\"height\":570,\"caption\":\"A\u00e9roport de Charleroi l'un des pires a\u00e9roports?\"},{\"@type\":\"BreadcrumbList\",\"@id\":\"https:\/\/vieassociative.be\/actualites\/aeroport-de-charleroi-lun-des-pires-aeroports\/#breadcrumb\",\"itemListElement\":[{\"@type\":\"ListItem\",\"position\":1,\"name\":\"Accueil\",\"item\":\"https:\/\/vieassociative.be\/actualites\/\"},{\"@type\":\"ListItem\",\"position\":2,\"name\":\"A\u00e9roport de Charleroi l&rsquo;un des pires a\u00e9roports?\"}]},{\"@type\":\"WebSite\",\"@id\":\"https:\/\/vieassociative.be\/actualites\/#website\",\"url\":\"https:\/\/vieassociative.be\/actualites\/\",\"name\":\"Vie Associative\",\"description\":\"\",\"publisher\":{\"@id\":\"https:\/\/vieassociative.be\/actualites\/#organization\"},\"potentialAction\":[{\"@type\":\"SearchAction\",\"target\":{\"@type\":\"EntryPoint\",\"urlTemplate\":\"https:\/\/vieassociative.be\/actualites\/?s={search_term_string}\"},\"query-input\":{\"@type\":\"PropertyValueSpecification\",\"valueRequired\":true,\"valueName\":\"search_term_string\"}}],\"inLanguage\":\"fr-BE\"},{\"@type\":\"Organization\",\"@id\":\"https:\/\/vieassociative.be\/actualites\/#organization\",\"name\":\"Vie Associative\",\"url\":\"https:\/\/vieassociative.be\/actualites\/\",\"logo\":{\"@type\":\"ImageObject\",\"inLanguage\":\"fr-BE\",\"@id\":\"https:\/\/vieassociative.be\/actualites\/#\/schema\/logo\/image\/\",\"url\":\"https:\/\/vieassociative.be\/actualites\/wp-content\/uploads\/2024\/09\/cropped-vieassociative_favicon.ico.png\",\"contentUrl\":\"https:\/\/vieassociative.be\/actualites\/wp-content\/uploads\/2024\/09\/cropped-vieassociative_favicon.ico.png\",\"width\":512,\"height\":512,\"caption\":\"Vie Associative\"},\"image\":{\"@id\":\"https:\/\/vieassociative.be\/actualites\/#\/schema\/logo\/image\/\"}},{\"@type\":\"Person\",\"@id\":\"https:\/\/vieassociative.be\/actualites\/#\/schema\/person\/b87ac4f82f9d4e7b7cec7395b679edc4\",\"name\":\"Julien\",\"image\":{\"@type\":\"ImageObject\",\"inLanguage\":\"fr-BE\",\"@id\":\"https:\/\/vieassociative.be\/actualites\/#\/schema\/person\/image\/\",\"url\":\"https:\/\/vieassociative.be\/actualites\/wp-content\/uploads\/2024\/09\/vie-associative-1-150x150.jpg\",\"contentUrl\":\"https:\/\/vieassociative.be\/actualites\/wp-content\/uploads\/2024\/09\/vie-associative-1-150x150.jpg\",\"caption\":\"Julien\"},\"description\":\"Je suis Julien, r\u00e9dacteur pour Vie Associative. Passionn\u00e9 par le monde associatif depuis plus de 10 ans, j'ai \u00e0 c\u0153ur de partager des histoires inspirantes et de mettre en lumi\u00e8re les initiatives locales. Mon objectif est de sensibiliser et d'encourager l'engagement communautaire \u00e0 travers mes articles.\",\"sameAs\":[\"https:\/\/vieassociative.be\/\"]}]}<\/script>\n<!-- \/ Yoast SEO plugin. -->","yoast_head_json":{"title":"A\u00e9roport de Charleroi l'un des pires a\u00e9roports? | Vie Associative","robots":{"index":"index","follow":"follow","max-snippet":"max-snippet:-1","max-image-preview":"max-image-preview:large","max-video-preview":"max-video-preview:-1"},"canonical":"https:\/\/vieassociative.be\/actualites\/aeroport-de-charleroi-lun-des-pires-aeroports\/","og_locale":"fr_FR","og_type":"article","og_title":"A\u00e9roport de Charleroi l'un des pires a\u00e9roports? | Vie Associative","og_description":"L&rsquo;a\u00e9roport de Charleroi serait le troisi\u00e8me partie le plus en Europe. Cela peut \u00eatre vu au moins \u00e0 partir d&rsquo;une analyse de milliers de critiques","og_url":"https:\/\/vieassociative.be\/actualites\/aeroport-de-charleroi-lun-des-pires-aeroports\/","og_site_name":"Vie Associative","article_published_time":"2025-08-05T14:17:20+00:00","og_image":[{"width":279,"height":92,"url":"https:\/\/vieassociative.be\/actualites\/wp-content\/uploads\/2024\/09\/header_backgroundk-01-e1726694325946.png","type":"image\/png"}],"author":"Julien","twitter_card":"summary_large_image","twitter_misc":{"\u00c9crit par":"Julien","Dur\u00e9e de lecture est.":"2 minutes"},"schema":{"@context":"https:\/\/schema.org","@graph":[{"@type":"Article","@id":"https:\/\/vieassociative.be\/actualites\/aeroport-de-charleroi-lun-des-pires-aeroports\/#article","isPartOf":{"@id":"https:\/\/vieassociative.be\/actualites\/aeroport-de-charleroi-lun-des-pires-aeroports\/"},"author":{"name":"Julien","@id":"https:\/\/vieassociative.be\/actualites\/#\/schema\/person\/b87ac4f82f9d4e7b7cec7395b679edc4"},"headline":"A\u00e9roport de Charleroi l&rsquo;un des pires a\u00e9roports?","datePublished":"2025-08-05T14:17:20+00:00","dateModified":"2025-08-05T14:17:20+00:00","mainEntityOfPage":{"@id":"https:\/\/vieassociative.be\/actualites\/aeroport-de-charleroi-lun-des-pires-aeroports\/"},"wordCount":499,"publisher":{"@id":"https:\/\/vieassociative.be\/actualites\/#organization"},"image":{"@id":"https:\/\/vieassociative.be\/actualites\/aeroport-de-charleroi-lun-des-pires-aeroports\/#primaryimage"},"thumbnailUrl":"https:\/\/vieassociative.be\/actualites\/wp-content\/uploads\/2025\/08\/1754403440_Aeroport-de-Charleroi-lun-des-pires-aeroports.jpg","keywords":["A\u00e9roport","a\u00e9roports","Charleroi","Des","lun","pires"],"articleSection":["Belgique"],"inLanguage":"fr-BE"},{"@type":"WebPage","@id":"https:\/\/vieassociative.be\/actualites\/aeroport-de-charleroi-lun-des-pires-aeroports\/","url":"https:\/\/vieassociative.be\/actualites\/aeroport-de-charleroi-lun-des-pires-aeroports\/","name":"A\u00e9roport de Charleroi l'un des pires a\u00e9roports? | Vie Associative","isPartOf":{"@id":"https:\/\/vieassociative.be\/actualites\/#website"},"primaryImageOfPage":{"@id":"https:\/\/vieassociative.be\/actualites\/aeroport-de-charleroi-lun-des-pires-aeroports\/#primaryimage"},"image":{"@id":"https:\/\/vieassociative.be\/actualites\/aeroport-de-charleroi-lun-des-pires-aeroports\/#primaryimage"},"thumbnailUrl":"https:\/\/vieassociative.be\/actualites\/wp-content\/uploads\/2025\/08\/1754403440_Aeroport-de-Charleroi-lun-des-pires-aeroports.jpg","datePublished":"2025-08-05T14:17:20+00:00","dateModified":"2025-08-05T14:17:20+00:00","breadcrumb":{"@id":"https:\/\/vieassociative.be\/actualites\/aeroport-de-charleroi-lun-des-pires-aeroports\/#breadcrumb"},"inLanguage":"fr-BE","potentialAction":[{"@type":"ReadAction","target":["https:\/\/vieassociative.be\/actualites\/aeroport-de-charleroi-lun-des-pires-aeroports\/"]}]},{"@type":"ImageObject","inLanguage":"fr-BE","@id":"https:\/\/vieassociative.be\/actualites\/aeroport-de-charleroi-lun-des-pires-aeroports\/#primaryimage","url":"https:\/\/vieassociative.be\/actualites\/wp-content\/uploads\/2025\/08\/1754403440_Aeroport-de-Charleroi-lun-des-pires-aeroports.jpg","contentUrl":"https:\/\/vieassociative.be\/actualites\/wp-content\/uploads\/2025\/08\/1754403440_Aeroport-de-Charleroi-lun-des-pires-aeroports.jpg","width":1000,"height":570,"caption":"A\u00e9roport de Charleroi l'un des pires a\u00e9roports?"},{"@type":"BreadcrumbList","@id":"https:\/\/vieassociative.be\/actualites\/aeroport-de-charleroi-lun-des-pires-aeroports\/#breadcrumb","itemListElement":[{"@type":"ListItem","position":1,"name":"Accueil","item":"https:\/\/vieassociative.be\/actualites\/"},{"@type":"ListItem","position":2,"name":"A\u00e9roport de Charleroi l&rsquo;un des pires a\u00e9roports?"}]},{"@type":"WebSite","@id":"https:\/\/vieassociative.be\/actualites\/#website","url":"https:\/\/vieassociative.be\/actualites\/","name":"Vie Associative","description":"","publisher":{"@id":"https:\/\/vieassociative.be\/actualites\/#organization"},"potentialAction":[{"@type":"SearchAction","target":{"@type":"EntryPoint","urlTemplate":"https:\/\/vieassociative.be\/actualites\/?s={search_term_string}"},"query-input":{"@type":"PropertyValueSpecification","valueRequired":true,"valueName":"search_term_string"}}],"inLanguage":"fr-BE"},{"@type":"Organization","@id":"https:\/\/vieassociative.be\/actualites\/#organization","name":"Vie Associative","url":"https:\/\/vieassociative.be\/actualites\/","logo":{"@type":"ImageObject","inLanguage":"fr-BE","@id":"https:\/\/vieassociative.be\/actualites\/#\/schema\/logo\/image\/","url":"https:\/\/vieassociative.be\/actualites\/wp-content\/uploads\/2024\/09\/cropped-vieassociative_favicon.ico.png","contentUrl":"https:\/\/vieassociative.be\/actualites\/wp-content\/uploads\/2024\/09\/cropped-vieassociative_favicon.ico.png","width":512,"height":512,"caption":"Vie Associative"},"image":{"@id":"https:\/\/vieassociative.be\/actualites\/#\/schema\/logo\/image\/"}},{"@type":"Person","@id":"https:\/\/vieassociative.be\/actualites\/#\/schema\/person\/b87ac4f82f9d4e7b7cec7395b679edc4","name":"Julien","image":{"@type":"ImageObject","inLanguage":"fr-BE","@id":"https:\/\/vieassociative.be\/actualites\/#\/schema\/person\/image\/","url":"https:\/\/vieassociative.be\/actualites\/wp-content\/uploads\/2024\/09\/vie-associative-1-150x150.jpg","contentUrl":"https:\/\/vieassociative.be\/actualites\/wp-content\/uploads\/2024\/09\/vie-associative-1-150x150.jpg","caption":"Julien"},"description":"Je suis Julien, r\u00e9dacteur pour Vie Associative. Passionn\u00e9 par le monde associatif depuis plus de 10 ans, j'ai \u00e0 c\u0153ur de partager des histoires inspirantes et de mettre en lumi\u00e8re les initiatives locales. Mon objectif est de sensibiliser et d'encourager l'engagement communautaire \u00e0 travers mes articles.","sameAs":["https:\/\/vieassociative.be\/"]}]}},"_links":{"self":[{"href":"https:\/\/vieassociative.be\/actualites\/wp-json\/wp\/v2\/posts\/9218"}],"collection":[{"href":"https:\/\/vieassociative.be\/actualites\/wp-json\/wp\/v2\/posts"}],"about":[{"href":"https:\/\/vieassociative.be\/actualites\/wp-json\/wp\/v2\/types\/post"}],"author":[{"embeddable":true,"href":"https:\/\/vieassociative.be\/actualites\/wp-json\/wp\/v2\/users\/1"}],"replies":[{"embeddable":true,"href":"https:\/\/vieassociative.be\/actualites\/wp-json\/wp\/v2\/comments?post=9218"}],"version-history":[{"count":0,"href":"https:\/\/vieassociative.be\/actualites\/wp-json\/wp\/v2\/posts\/9218\/revisions"}],"wp:featuredmedia":[{"embeddable":true,"href":"https:\/\/vieassociative.be\/actualites\/wp-json\/wp\/v2\/media\/9219"}],"wp:attachment":[{"href":"https:\/\/vieassociative.be\/actualites\/wp-json\/wp\/v2\/media?parent=9218"}],"wp:term":[{"taxonomy":"category","embeddable":true,"href":"https:\/\/vieassociative.be\/actualites\/wp-json\/wp\/v2\/categories?post=9218"},{"taxonomy":"post_tag","embeddable":true,"href":"https:\/\/vieassociative.be\/actualites\/wp-json\/wp\/v2\/tags?post=9218"}],"curies":[{"name":"wp","href":"https:\/\/api.w.org\/{rel}","templated":true}]}}