{"id":9212,"date":"2025-08-05T10:19:01","date_gmt":"2025-08-05T08:19:01","guid":{"rendered":"https:\/\/vieassociative.be\/actualites\/sechapper-dans-lor-laugmentation-des-prix-est-presque-imparable\/"},"modified":"2025-08-05T10:19:01","modified_gmt":"2025-08-05T08:19:01","slug":"sechapper-dans-lor-laugmentation-des-prix-est-presque-imparable","status":"publish","type":"post","link":"https:\/\/vieassociative.be\/actualites\/sechapper-dans-lor-laugmentation-des-prix-est-presque-imparable\/","title":{"rendered":"S&rsquo;\u00e9chapper dans l&rsquo;or: l&rsquo;augmentation des prix est presque imparable"},"content":{"rendered":"<p><strong>Parfois, la politique mondiale devient perceptible dans la vie quotidienne. La Chine et d&rsquo;autres pays ach\u00e8tent de grandes quantit\u00e9s d&rsquo;or car elles veulent devenir ind\u00e9pendantes du dollar. Selon les concessionnaires et les secteurs financiers, l&rsquo;augmentation presque imparable du prix de l&rsquo;or se poursuivra.<\/strong><\/p>\n<p><span id=\"more-421688\"><\/span>Le World Gold Council (WGC) \u00e0 Londres pr\u00e9dit une nouvelle augmentation des prix au deuxi\u00e8me semestre de l&rsquo;ann\u00e9e dans ses r\u00e9centes pr\u00e9visions, bien que facilement ralentie.<\/p>\n<p>Enfin et surtout, les couples de mari\u00e9e du monde entier ont ressenti: l&rsquo;or est devenu si cher que la demande mondiale des fabricants de bijoux a consid\u00e9rablement baiss\u00e9 cette ann\u00e9e &#8211; de 435 tonnes dans les premi\u00e8res \u00e0 356 tonnes au deuxi\u00e8me trimestre.<\/p>\n<div id=\"attachment_421706\" class=\"wp-caption alignleft\" style=\"max-width: 300px\"><img fetchpriority=\"high\" decoding=\"async\" class=\"wp-image-421706 size-medium\" src=\"https:\/\/vieassociative.be\/actualites\/wp-content\/uploads\/2025\/08\/Sechapper-dans-lor-laugmentation-des-prix-est-presque-imparable.jpg\" alt=\"\" width=\"300\" height=\"250\"  ><\/div>\n<p><strong>&#8211; Banques centrales en tant que moteurs de prix:<\/strong> Le prix par l&rsquo;once Troy &#8211; 31,1 grammes &#8211; est actuellement un bon 3 300 $, presque deux fois plus \u00e9lev\u00e9 que 2022. Un prix d\u00e9cisif est les banques centrales de la Chine et d&rsquo;autres pays qui souhaitent r\u00e9duire la d\u00e9pendance \u00e0 l&rsquo;\u00e9gard du dollar et augmenter en permanence leurs r\u00e9serves d&rsquo;or. Selon une \u00e9valuation r\u00e9cemment publi\u00e9e de la banque d&rsquo;investissement am\u00e9ricaine Goldman Sachs, le prix pourrait passer \u00e0 4 000 $ d&rsquo;ici la mi-2026.<\/p>\n<p>\u00ab\u00a0Tant que les banques centrales augmentent encore leurs r\u00e9serves d&rsquo;or, le prix de l&rsquo;or ne se d\u00e9placera pas vers le sud, mais vers le nord\u00a0\u00bb, explique un expert. \u00abNord\u00bb signifie augmenter les prix dans la langue de la sc\u00e8ne financi\u00e8re, mais la baisse du \u00abSud\u00bb. \u00ab\u00a0Les incertitudes dans le monde augmentent, l&rsquo;or a \u00e9t\u00e9 responsable de 5 000 ans au nimbus qu&rsquo;il peut \u00e9galement \u00eatre \u00e9chang\u00e9 en temps de crise.\u00a0\u00bb<\/p>\n<p>Ces derni\u00e8res ann\u00e9es, les banques centrales ont acquis environ 1 000 tonnes d&rsquo;or chaque ann\u00e9e. Une partie importante de celui-ci \u00e9tait probablement en Chine. En plus des achats de banque centrale, les experts jouent des tensions g\u00e9opolitiques, la vaste politique mon\u00e9taire de nombreuses banques centrales et la peur de l&rsquo;inflation jouent un r\u00f4le.<\/p>\n<\/p>\n<div id=\"attachment_378813\" class=\"wp-caption alignleft\" style=\"max-width: 300px\"><img decoding=\"async\" class=\"wp-image-378813 size-medium\" src=\"https:\/\/vieassociative.be\/actualites\/wp-content\/uploads\/2025\/08\/1754381941_254_Sechapper-dans-lor-laugmentation-des-prix-est-presque-imparable.jpg\" alt=\"\" width=\"300\" height=\"194\"><\/div>\n<p><strong>&#8211; La Chine ach\u00e8te vraisemblablement plus que l&rsquo;admission:<\/strong><br \/>\n Depuis le d\u00e9but du si\u00e8cle, la Chine a presque chang\u00e9 ses r\u00e9serves d&rsquo;or officielles selon les donn\u00e9es du WGC, de 395 tonnes \u00e0 2 292 tonnes \u00e0 la fin du premier quart. Cela ferait du tr\u00e9sor d&rsquo;or national de la Chine. Cependant, un certain nombre d&rsquo;experts sont convaincus que la direction de Beijinger a en fait beaucoup plus augment\u00e9 son inventaire.<\/p>\n<p><strong>&#8211; Ind\u00e9pendance du dollar:<\/strong> Ce n&rsquo;est un secret pour personne que le Parti communiste chinois pr\u00e9f\u00e8re voir la domination des \u00c9tats-Unis s&rsquo;est termin\u00e9e aujourd&rsquo;hui qu&rsquo;\u00e0 demain. Les r\u00e9serves d&rsquo;or correspondantes incluent le statut d&rsquo;une puissance mondiale.<\/p>\n<p>Mais la Chine n&rsquo;est en aucun cas le seul pays qui ach\u00e8te de l&rsquo;or. Ces \u00c9tats veulent se rendre plus ind\u00e9pendants du dollar am\u00e9ricain et s&rsquo;appuient donc de plus en plus sur l&rsquo;or physique. Cela comprend, par exemple, l&rsquo;Inde, les \u00c9mirats arabes unis ou le Qatar. Cependant, cette ann\u00e9e n&rsquo;est pas la plus active, mais la Pologne, qui, selon WGC 2025, est au sommet avec plus de 48 tonnes jusqu&rsquo;\u00e0 pr\u00e9sent. Selon les chiffres officiels, Long Russie \u00e9tait le plus grand acheteur d&rsquo;or, qui a limit\u00e9 ses achats depuis 2020.<\/p>\n<div id=\"attachment_308019\" class=\"wp-caption alignleft\" style=\"max-width: 300px\"><img decoding=\"async\" class=\"wp-image-308019 size-medium\" src=\"https:\/\/vieassociative.be\/actualites\/wp-content\/uploads\/2025\/08\/Sechapper-dans-lor-laugmentation-des-prix-est-presque-imparable.png\" alt=\"\" width=\"300\" height=\"169\"  ><\/div>\n<p>Tout d&rsquo;abord dans le classement des nations avec les r\u00e9serves d&rsquo;or les plus \u00e9lev\u00e9es, les \u00c9tats-Unis d\u00e9passent 8 100 tonnes, suivis de l&rsquo;Allemagne. La Deutsche Bundesbank n&rsquo;a pas achet\u00e9 mais a l\u00e9g\u00e8rement r\u00e9duit sa r\u00e9serve. Ces derni\u00e8res ann\u00e9es, de petites quantit\u00e9s sont all\u00e9es au minist\u00e8re f\u00e9d\u00e9ral des Finances, qui en fa\u00e7onne et en vend des pi\u00e8ces d&rsquo;or.<\/p>\n<p>Les propri\u00e9taires d&rsquo;or peuvent \u00eatre heureux, mais les acheteurs d&rsquo;or doivent creuser de plus en plus profond\u00e9ment dans leurs poches. Cela ne s&rsquo;applique pas seulement aux investisseurs. L&rsquo;augmentation du prix de l&rsquo;or du march\u00e9 des capitaux a des cons\u00e9quences pour les bijoutiers du monde entier et leurs clients. Les ventes ont augment\u00e9, bien que les magasins ne transmettent pas enti\u00e8rement leurs frais d&rsquo;achat plus \u00e9lev\u00e9s aux clients.<\/p>\n<p>Dans tous les cas, le march\u00e9 des bijoux en or s&rsquo;\u00e9panouit malgr\u00e9 l&rsquo;augmentation des prix et des changements d\u00e9mographiques. Apr\u00e8s une bosse de vente, les stands records ont \u00e9t\u00e9 atteints en 2023 et 2024. \u00ab\u00a0Le march\u00e9 des produits de luxe a apparemment d\u00e9coupl\u00e9 de l&rsquo;humeur g\u00e9n\u00e9rale d&rsquo;achat et des crises du monde\u00a0\u00bb, explique un expert. (DPA \/ CRE)<\/p>\n","protected":false},"excerpt":{"rendered":"<p>Parfois, la politique mondiale devient perceptible dans la vie quotidienne. La Chine et d&rsquo;autres pays ach\u00e8tent de grandes quantit\u00e9s d&rsquo;or car elles veulent devenir ind\u00e9pendantes<\/p>\n","protected":false},"author":1,"featured_media":1881,"comment_status":"","ping_status":"","sticky":false,"template":"","format":"standard","meta":{"footnotes":""},"categories":[298],"tags":[166,29,76,8040,8039,2566,340,1399,8038],"class_list":["post-9212","post","type-post","status-publish","format-standard","has-post-thumbnail","hentry","category-belgique","tag-dans","tag-des","tag-est","tag-imparable","tag-laugmentation","tag-lor","tag-presque","tag-prix","tag-sechapper","generate-columns","tablet-grid-50","mobile-grid-100","grid-parent","grid-33"],"yoast_head":"<!-- This site is optimized with the Yoast SEO plugin v24.0 - https:\/\/yoast.com\/wordpress\/plugins\/seo\/ -->\n<title>S&#039;\u00e9chapper dans l&#039;or: l&#039;augmentation des prix est presque imparable | Vie Associative<\/title>\n<meta name=\"robots\" content=\"index, follow, max-snippet:-1, max-image-preview:large, max-video-preview:-1\" \/>\n<link rel=\"canonical\" href=\"https:\/\/vieassociative.be\/actualites\/sechapper-dans-lor-laugmentation-des-prix-est-presque-imparable\/\" \/>\n<meta property=\"og:locale\" content=\"fr_FR\" \/>\n<meta property=\"og:type\" content=\"article\" \/>\n<meta property=\"og:title\" content=\"S&#039;\u00e9chapper dans l&#039;or: l&#039;augmentation des prix est presque imparable | Vie Associative\" \/>\n<meta property=\"og:description\" content=\"Parfois, la politique mondiale devient perceptible dans la vie quotidienne. La Chine et d&rsquo;autres pays ach\u00e8tent de grandes quantit\u00e9s d&rsquo;or car elles veulent devenir ind\u00e9pendantes\" \/>\n<meta property=\"og:url\" content=\"https:\/\/vieassociative.be\/actualites\/sechapper-dans-lor-laugmentation-des-prix-est-presque-imparable\/\" \/>\n<meta property=\"og:site_name\" content=\"Vie Associative\" \/>\n<meta property=\"article:published_time\" content=\"2025-08-05T08:19:01+00:00\" \/>\n<meta property=\"og:image\" content=\"https:\/\/vieassociative.be\/actualites\/wp-content\/uploads\/2024\/09\/header_backgroundk-01-e1726694325946.png\" \/>\n\t<meta property=\"og:image:width\" content=\"279\" \/>\n\t<meta property=\"og:image:height\" content=\"92\" \/>\n\t<meta property=\"og:image:type\" content=\"image\/png\" \/>\n<meta name=\"author\" content=\"Julien\" \/>\n<meta name=\"twitter:card\" content=\"summary_large_image\" \/>\n<meta name=\"twitter:label1\" content=\"\u00c9crit par\" \/>\n\t<meta name=\"twitter:data1\" content=\"Julien\" \/>\n\t<meta name=\"twitter:label2\" content=\"Dur\u00e9e de lecture est.\" \/>\n\t<meta name=\"twitter:data2\" content=\"4 minutes\" \/>\n<script type=\"application\/ld+json\" class=\"yoast-schema-graph\">{\"@context\":\"https:\/\/schema.org\",\"@graph\":[{\"@type\":\"Article\",\"@id\":\"https:\/\/vieassociative.be\/actualites\/sechapper-dans-lor-laugmentation-des-prix-est-presque-imparable\/#article\",\"isPartOf\":{\"@id\":\"https:\/\/vieassociative.be\/actualites\/sechapper-dans-lor-laugmentation-des-prix-est-presque-imparable\/\"},\"author\":{\"name\":\"Julien\",\"@id\":\"https:\/\/vieassociative.be\/actualites\/#\/schema\/person\/b87ac4f82f9d4e7b7cec7395b679edc4\"},\"headline\":\"S&rsquo;\u00e9chapper dans l&rsquo;or: l&rsquo;augmentation des prix est presque imparable\",\"datePublished\":\"2025-08-05T08:19:01+00:00\",\"dateModified\":\"2025-08-05T08:19:01+00:00\",\"mainEntityOfPage\":{\"@id\":\"https:\/\/vieassociative.be\/actualites\/sechapper-dans-lor-laugmentation-des-prix-est-presque-imparable\/\"},\"wordCount\":798,\"publisher\":{\"@id\":\"https:\/\/vieassociative.be\/actualites\/#organization\"},\"image\":{\"@id\":\"https:\/\/vieassociative.be\/actualites\/sechapper-dans-lor-laugmentation-des-prix-est-presque-imparable\/#primaryimage\"},\"thumbnailUrl\":\"https:\/\/vieassociative.be\/actualites\/wp-content\/uploads\/2024\/10\/Le-prix-de-lor-atteint-un-nouveau-record-avant-les.jpg\",\"keywords\":[\"dans\",\"Des\",\"est\",\"imparable\",\"laugmentation\",\"lor\",\"presque\",\"prix\",\"S\u00e9chapper\"],\"articleSection\":[\"Belgique\"],\"inLanguage\":\"fr-BE\"},{\"@type\":\"WebPage\",\"@id\":\"https:\/\/vieassociative.be\/actualites\/sechapper-dans-lor-laugmentation-des-prix-est-presque-imparable\/\",\"url\":\"https:\/\/vieassociative.be\/actualites\/sechapper-dans-lor-laugmentation-des-prix-est-presque-imparable\/\",\"name\":\"S'\u00e9chapper dans l'or: l'augmentation des prix est presque imparable | Vie Associative\",\"isPartOf\":{\"@id\":\"https:\/\/vieassociative.be\/actualites\/#website\"},\"primaryImageOfPage\":{\"@id\":\"https:\/\/vieassociative.be\/actualites\/sechapper-dans-lor-laugmentation-des-prix-est-presque-imparable\/#primaryimage\"},\"image\":{\"@id\":\"https:\/\/vieassociative.be\/actualites\/sechapper-dans-lor-laugmentation-des-prix-est-presque-imparable\/#primaryimage\"},\"thumbnailUrl\":\"https:\/\/vieassociative.be\/actualites\/wp-content\/uploads\/2024\/10\/Le-prix-de-lor-atteint-un-nouveau-record-avant-les.jpg\",\"datePublished\":\"2025-08-05T08:19:01+00:00\",\"dateModified\":\"2025-08-05T08:19:01+00:00\",\"breadcrumb\":{\"@id\":\"https:\/\/vieassociative.be\/actualites\/sechapper-dans-lor-laugmentation-des-prix-est-presque-imparable\/#breadcrumb\"},\"inLanguage\":\"fr-BE\",\"potentialAction\":[{\"@type\":\"ReadAction\",\"target\":[\"https:\/\/vieassociative.be\/actualites\/sechapper-dans-lor-laugmentation-des-prix-est-presque-imparable\/\"]}]},{\"@type\":\"ImageObject\",\"inLanguage\":\"fr-BE\",\"@id\":\"https:\/\/vieassociative.be\/actualites\/sechapper-dans-lor-laugmentation-des-prix-est-presque-imparable\/#primaryimage\",\"url\":\"https:\/\/vieassociative.be\/actualites\/wp-content\/uploads\/2024\/10\/Le-prix-de-lor-atteint-un-nouveau-record-avant-les.jpg\",\"contentUrl\":\"https:\/\/vieassociative.be\/actualites\/wp-content\/uploads\/2024\/10\/Le-prix-de-lor-atteint-un-nouveau-record-avant-les.jpg\",\"width\":1200,\"height\":798,\"caption\":\"Le prix de l\u2019or atteint un nouveau record avant les \u00e9lections am\u00e9ricaines\"},{\"@type\":\"BreadcrumbList\",\"@id\":\"https:\/\/vieassociative.be\/actualites\/sechapper-dans-lor-laugmentation-des-prix-est-presque-imparable\/#breadcrumb\",\"itemListElement\":[{\"@type\":\"ListItem\",\"position\":1,\"name\":\"Accueil\",\"item\":\"https:\/\/vieassociative.be\/actualites\/\"},{\"@type\":\"ListItem\",\"position\":2,\"name\":\"S&rsquo;\u00e9chapper dans l&rsquo;or: l&rsquo;augmentation des prix est presque imparable\"}]},{\"@type\":\"WebSite\",\"@id\":\"https:\/\/vieassociative.be\/actualites\/#website\",\"url\":\"https:\/\/vieassociative.be\/actualites\/\",\"name\":\"Vie Associative\",\"description\":\"\",\"publisher\":{\"@id\":\"https:\/\/vieassociative.be\/actualites\/#organization\"},\"potentialAction\":[{\"@type\":\"SearchAction\",\"target\":{\"@type\":\"EntryPoint\",\"urlTemplate\":\"https:\/\/vieassociative.be\/actualites\/?s={search_term_string}\"},\"query-input\":{\"@type\":\"PropertyValueSpecification\",\"valueRequired\":true,\"valueName\":\"search_term_string\"}}],\"inLanguage\":\"fr-BE\"},{\"@type\":\"Organization\",\"@id\":\"https:\/\/vieassociative.be\/actualites\/#organization\",\"name\":\"Vie Associative\",\"url\":\"https:\/\/vieassociative.be\/actualites\/\",\"logo\":{\"@type\":\"ImageObject\",\"inLanguage\":\"fr-BE\",\"@id\":\"https:\/\/vieassociative.be\/actualites\/#\/schema\/logo\/image\/\",\"url\":\"https:\/\/vieassociative.be\/actualites\/wp-content\/uploads\/2024\/09\/cropped-vieassociative_favicon.ico.png\",\"contentUrl\":\"https:\/\/vieassociative.be\/actualites\/wp-content\/uploads\/2024\/09\/cropped-vieassociative_favicon.ico.png\",\"width\":512,\"height\":512,\"caption\":\"Vie Associative\"},\"image\":{\"@id\":\"https:\/\/vieassociative.be\/actualites\/#\/schema\/logo\/image\/\"}},{\"@type\":\"Person\",\"@id\":\"https:\/\/vieassociative.be\/actualites\/#\/schema\/person\/b87ac4f82f9d4e7b7cec7395b679edc4\",\"name\":\"Julien\",\"image\":{\"@type\":\"ImageObject\",\"inLanguage\":\"fr-BE\",\"@id\":\"https:\/\/vieassociative.be\/actualites\/#\/schema\/person\/image\/\",\"url\":\"https:\/\/vieassociative.be\/actualites\/wp-content\/uploads\/2024\/09\/vie-associative-1-150x150.jpg\",\"contentUrl\":\"https:\/\/vieassociative.be\/actualites\/wp-content\/uploads\/2024\/09\/vie-associative-1-150x150.jpg\",\"caption\":\"Julien\"},\"description\":\"Je suis Julien, r\u00e9dacteur pour Vie Associative. Passionn\u00e9 par le monde associatif depuis plus de 10 ans, j'ai \u00e0 c\u0153ur de partager des histoires inspirantes et de mettre en lumi\u00e8re les initiatives locales. Mon objectif est de sensibiliser et d'encourager l'engagement communautaire \u00e0 travers mes articles.\",\"sameAs\":[\"https:\/\/vieassociative.be\/\"]}]}<\/script>\n<!-- \/ Yoast SEO plugin. -->","yoast_head_json":{"title":"S'\u00e9chapper dans l'or: l'augmentation des prix est presque imparable | Vie Associative","robots":{"index":"index","follow":"follow","max-snippet":"max-snippet:-1","max-image-preview":"max-image-preview:large","max-video-preview":"max-video-preview:-1"},"canonical":"https:\/\/vieassociative.be\/actualites\/sechapper-dans-lor-laugmentation-des-prix-est-presque-imparable\/","og_locale":"fr_FR","og_type":"article","og_title":"S'\u00e9chapper dans l'or: l'augmentation des prix est presque imparable | Vie Associative","og_description":"Parfois, la politique mondiale devient perceptible dans la vie quotidienne. La Chine et d&rsquo;autres pays ach\u00e8tent de grandes quantit\u00e9s d&rsquo;or car elles veulent devenir ind\u00e9pendantes","og_url":"https:\/\/vieassociative.be\/actualites\/sechapper-dans-lor-laugmentation-des-prix-est-presque-imparable\/","og_site_name":"Vie Associative","article_published_time":"2025-08-05T08:19:01+00:00","og_image":[{"width":279,"height":92,"url":"https:\/\/vieassociative.be\/actualites\/wp-content\/uploads\/2024\/09\/header_backgroundk-01-e1726694325946.png","type":"image\/png"}],"author":"Julien","twitter_card":"summary_large_image","twitter_misc":{"\u00c9crit par":"Julien","Dur\u00e9e de lecture est.":"4 minutes"},"schema":{"@context":"https:\/\/schema.org","@graph":[{"@type":"Article","@id":"https:\/\/vieassociative.be\/actualites\/sechapper-dans-lor-laugmentation-des-prix-est-presque-imparable\/#article","isPartOf":{"@id":"https:\/\/vieassociative.be\/actualites\/sechapper-dans-lor-laugmentation-des-prix-est-presque-imparable\/"},"author":{"name":"Julien","@id":"https:\/\/vieassociative.be\/actualites\/#\/schema\/person\/b87ac4f82f9d4e7b7cec7395b679edc4"},"headline":"S&rsquo;\u00e9chapper dans l&rsquo;or: l&rsquo;augmentation des prix est presque imparable","datePublished":"2025-08-05T08:19:01+00:00","dateModified":"2025-08-05T08:19:01+00:00","mainEntityOfPage":{"@id":"https:\/\/vieassociative.be\/actualites\/sechapper-dans-lor-laugmentation-des-prix-est-presque-imparable\/"},"wordCount":798,"publisher":{"@id":"https:\/\/vieassociative.be\/actualites\/#organization"},"image":{"@id":"https:\/\/vieassociative.be\/actualites\/sechapper-dans-lor-laugmentation-des-prix-est-presque-imparable\/#primaryimage"},"thumbnailUrl":"https:\/\/vieassociative.be\/actualites\/wp-content\/uploads\/2024\/10\/Le-prix-de-lor-atteint-un-nouveau-record-avant-les.jpg","keywords":["dans","Des","est","imparable","laugmentation","lor","presque","prix","S\u00e9chapper"],"articleSection":["Belgique"],"inLanguage":"fr-BE"},{"@type":"WebPage","@id":"https:\/\/vieassociative.be\/actualites\/sechapper-dans-lor-laugmentation-des-prix-est-presque-imparable\/","url":"https:\/\/vieassociative.be\/actualites\/sechapper-dans-lor-laugmentation-des-prix-est-presque-imparable\/","name":"S'\u00e9chapper dans l'or: l'augmentation des prix est presque imparable | Vie Associative","isPartOf":{"@id":"https:\/\/vieassociative.be\/actualites\/#website"},"primaryImageOfPage":{"@id":"https:\/\/vieassociative.be\/actualites\/sechapper-dans-lor-laugmentation-des-prix-est-presque-imparable\/#primaryimage"},"image":{"@id":"https:\/\/vieassociative.be\/actualites\/sechapper-dans-lor-laugmentation-des-prix-est-presque-imparable\/#primaryimage"},"thumbnailUrl":"https:\/\/vieassociative.be\/actualites\/wp-content\/uploads\/2024\/10\/Le-prix-de-lor-atteint-un-nouveau-record-avant-les.jpg","datePublished":"2025-08-05T08:19:01+00:00","dateModified":"2025-08-05T08:19:01+00:00","breadcrumb":{"@id":"https:\/\/vieassociative.be\/actualites\/sechapper-dans-lor-laugmentation-des-prix-est-presque-imparable\/#breadcrumb"},"inLanguage":"fr-BE","potentialAction":[{"@type":"ReadAction","target":["https:\/\/vieassociative.be\/actualites\/sechapper-dans-lor-laugmentation-des-prix-est-presque-imparable\/"]}]},{"@type":"ImageObject","inLanguage":"fr-BE","@id":"https:\/\/vieassociative.be\/actualites\/sechapper-dans-lor-laugmentation-des-prix-est-presque-imparable\/#primaryimage","url":"https:\/\/vieassociative.be\/actualites\/wp-content\/uploads\/2024\/10\/Le-prix-de-lor-atteint-un-nouveau-record-avant-les.jpg","contentUrl":"https:\/\/vieassociative.be\/actualites\/wp-content\/uploads\/2024\/10\/Le-prix-de-lor-atteint-un-nouveau-record-avant-les.jpg","width":1200,"height":798,"caption":"Le prix de l\u2019or atteint un nouveau record avant les \u00e9lections am\u00e9ricaines"},{"@type":"BreadcrumbList","@id":"https:\/\/vieassociative.be\/actualites\/sechapper-dans-lor-laugmentation-des-prix-est-presque-imparable\/#breadcrumb","itemListElement":[{"@type":"ListItem","position":1,"name":"Accueil","item":"https:\/\/vieassociative.be\/actualites\/"},{"@type":"ListItem","position":2,"name":"S&rsquo;\u00e9chapper dans l&rsquo;or: l&rsquo;augmentation des prix est presque imparable"}]},{"@type":"WebSite","@id":"https:\/\/vieassociative.be\/actualites\/#website","url":"https:\/\/vieassociative.be\/actualites\/","name":"Vie Associative","description":"","publisher":{"@id":"https:\/\/vieassociative.be\/actualites\/#organization"},"potentialAction":[{"@type":"SearchAction","target":{"@type":"EntryPoint","urlTemplate":"https:\/\/vieassociative.be\/actualites\/?s={search_term_string}"},"query-input":{"@type":"PropertyValueSpecification","valueRequired":true,"valueName":"search_term_string"}}],"inLanguage":"fr-BE"},{"@type":"Organization","@id":"https:\/\/vieassociative.be\/actualites\/#organization","name":"Vie Associative","url":"https:\/\/vieassociative.be\/actualites\/","logo":{"@type":"ImageObject","inLanguage":"fr-BE","@id":"https:\/\/vieassociative.be\/actualites\/#\/schema\/logo\/image\/","url":"https:\/\/vieassociative.be\/actualites\/wp-content\/uploads\/2024\/09\/cropped-vieassociative_favicon.ico.png","contentUrl":"https:\/\/vieassociative.be\/actualites\/wp-content\/uploads\/2024\/09\/cropped-vieassociative_favicon.ico.png","width":512,"height":512,"caption":"Vie Associative"},"image":{"@id":"https:\/\/vieassociative.be\/actualites\/#\/schema\/logo\/image\/"}},{"@type":"Person","@id":"https:\/\/vieassociative.be\/actualites\/#\/schema\/person\/b87ac4f82f9d4e7b7cec7395b679edc4","name":"Julien","image":{"@type":"ImageObject","inLanguage":"fr-BE","@id":"https:\/\/vieassociative.be\/actualites\/#\/schema\/person\/image\/","url":"https:\/\/vieassociative.be\/actualites\/wp-content\/uploads\/2024\/09\/vie-associative-1-150x150.jpg","contentUrl":"https:\/\/vieassociative.be\/actualites\/wp-content\/uploads\/2024\/09\/vie-associative-1-150x150.jpg","caption":"Julien"},"description":"Je suis Julien, r\u00e9dacteur pour Vie Associative. Passionn\u00e9 par le monde associatif depuis plus de 10 ans, j'ai \u00e0 c\u0153ur de partager des histoires inspirantes et de mettre en lumi\u00e8re les initiatives locales. Mon objectif est de sensibiliser et d'encourager l'engagement communautaire \u00e0 travers mes articles.","sameAs":["https:\/\/vieassociative.be\/"]}]}},"_links":{"self":[{"href":"https:\/\/vieassociative.be\/actualites\/wp-json\/wp\/v2\/posts\/9212"}],"collection":[{"href":"https:\/\/vieassociative.be\/actualites\/wp-json\/wp\/v2\/posts"}],"about":[{"href":"https:\/\/vieassociative.be\/actualites\/wp-json\/wp\/v2\/types\/post"}],"author":[{"embeddable":true,"href":"https:\/\/vieassociative.be\/actualites\/wp-json\/wp\/v2\/users\/1"}],"replies":[{"embeddable":true,"href":"https:\/\/vieassociative.be\/actualites\/wp-json\/wp\/v2\/comments?post=9212"}],"version-history":[{"count":0,"href":"https:\/\/vieassociative.be\/actualites\/wp-json\/wp\/v2\/posts\/9212\/revisions"}],"wp:featuredmedia":[{"embeddable":true,"href":"https:\/\/vieassociative.be\/actualites\/wp-json\/wp\/v2\/media\/1881"}],"wp:attachment":[{"href":"https:\/\/vieassociative.be\/actualites\/wp-json\/wp\/v2\/media?parent=9212"}],"wp:term":[{"taxonomy":"category","embeddable":true,"href":"https:\/\/vieassociative.be\/actualites\/wp-json\/wp\/v2\/categories?post=9212"},{"taxonomy":"post_tag","embeddable":true,"href":"https:\/\/vieassociative.be\/actualites\/wp-json\/wp\/v2\/tags?post=9212"}],"curies":[{"name":"wp","href":"https:\/\/api.w.org\/{rel}","templated":true}]}}