{"id":9210,"date":"2025-08-05T09:18:28","date_gmt":"2025-08-05T07:18:28","guid":{"rendered":"https:\/\/vieassociative.be\/actualites\/ce-paquet-de-cameras-de-spotlight-ring-est-de-100-de-reduction-en-ce-moment\/"},"modified":"2025-08-05T09:18:28","modified_gmt":"2025-08-05T07:18:28","slug":"ce-paquet-de-cameras-de-spotlight-ring-est-de-100-de-reduction-en-ce-moment","status":"publish","type":"post","link":"https:\/\/vieassociative.be\/actualites\/ce-paquet-de-cameras-de-spotlight-ring-est-de-100-de-reduction-en-ce-moment\/","title":{"rendered":"Ce paquet de cam\u00e9ras de Spotlight Ring est de 100 $ de r\u00e9duction en ce moment"},"content":{"rendered":"<div class=\"mt-4 leading-6 md:mb-8\">Ce faisceau de cam\u00e9ras propose deux projecteurs activ\u00e9s par un mouvement, une vid\u00e9o 1080p et une vision nocturne.<\/div>\n<p><\/p>\n<p>\u00c0 l&rsquo;heure actuelle, ce Ring Spotlight Cam Plus est de 100 $ de rabais et \u00e0 son prix le plus bas de tous les temps, selon les d\u00e9put\u00e9s de prix. Le pr\u00e9d\u00e9cesseur de Ring Spotlight Cam Pro, qui est \u00e9valu\u00e9 \u00abexcellent\u00bb par PCMAG, ce pack de cam\u00e9ras aliment\u00e9 par batterie propose deux projecteurs LED activ\u00e9s par un mouvement qui aident \u00e0 effrayer les intrus et \u00e0 am\u00e9liorer la visibilit\u00e9 de votre propri\u00e9t\u00e9 avec plusieurs points de vue.<\/p>\n<div class=\"pogoClear mb-12 mt-10 rounded-md border-2 border-gray-100 py-7 shadow-xl md:py-6\">\n<div class=\"flex flex-wrap justify-between px-7 text-black no-underline md:flex-nowrap md:px-8\">\n<div class=\"order-1 mx-auto flex flex-col justify-center md:order-2 md:ml-4 md:w-full md:grow\">\n<div class=\"block cursor-pointer text-center font-akshar text-2xl font-medium leading-7 text-brand-green duration-200 ease-in-out hover:text-brand-green-700 md:text-left md:text-xl md:leading-6\">  Cam de projecteurs \u00e0 deux packs plus\n                <\/div>\n<div class=\"mt-4 hidden md:flex md:justify-between\">\n<div class=\"self-end\">\n<div class=\"mb-0 h-11 md:flex md:flex-col md:justify-center\">\n<div class=\" font-sans leading-4 text-black\">\n<div class=\"flex flex-wrap items-center justify-center gap-1 md:justify-start\">\n        <span class=\"font-bold\"><\/p>\n<p>            179,98 $<br \/>\n                            <span class=\"font-medium\">\u00e0 Amazon<\/span><br \/>\n                    <\/span>\n            <\/div>\n<div class=\"flex items-center justify-center gap-x-1 font-bold md:justify-start\">\n            <span class=\"text-sm line-through\">279,99 $<\/span><br \/>\n            <span class=\"text-sm text-brand-green\">\u00c9conomisez 100,01 $<\/span>\n        <\/div>\n<\/p><\/div>\n<\/p><\/div>\n<\/p><\/div>\n<div class=\"w-44 self-end\">\n                            <button class=\"flex justify-center items-center w-full bg-brand-green text-white text-base font-sans font-medium rounded-md hover:bg-brand-green-700 hover:cursor-pointer md:text-sm h-11\"><\/p>\n<p>    Conclure un accord<br \/>\n<\/button>\n                        <\/div>\n<\/p><\/div>\n<\/p><\/div>\n<div class=\"order-2 mt-5 h-auto w-full md:order-1 md:mt-0 md:hidden\">\n<div class=\"flex aspect-video items-center justify-center\">\n                                            <img decoding=\"async\" class=\"m-0 max-h-full max-w-full rounded-md\" src=\"https:\/\/vieassociative.be\/actualites\/wp-content\/uploads\/2025\/08\/Ce-paquet-de-cameras-de-Spotlight-Ring-est-de-100.jpg\" alt=\"Cam de projecteurs \u00e0 deux packs plus\" width=\"auto\" height=\"auto\" loading=\"lazy\">\n                                    <\/div>\n<\/p><\/div>\n<div class=\"order-2 ml-2 hidden w-32 shrink-0 items-center md:order-1 md:ml-0 md:flex\">\n<div class=\"flex aspect-video items-center justify-center\">\n                                            <img decoding=\"async\" class=\"m-0 max-h-full max-w-full rounded-md\" src=\"https:\/\/vieassociative.be\/actualites\/wp-content\/uploads\/2025\/08\/Ce-paquet-de-cameras-de-Spotlight-Ring-est-de-100.jpg\" alt=\"Cam de projecteurs \u00e0 deux packs plus\" width=\"auto\" height=\"auto\" loading=\"lazy\">\n                                    <\/div>\n<\/p><\/div>\n<div class=\"order-3 flex grow flex-wrap md:hidden md:grow-0\">\n<div class=\"mt-4 w-full\">\n                        <button class=\"flex justify-center items-center w-full bg-brand-green text-white text-base font-sans font-medium rounded-md hover:bg-brand-green-700 hover:cursor-pointer md:text-sm h-11\"><\/p>\n<p>    Conclure un accord<br \/>\n<\/button>\n                    <\/div>\n<div class=\"mx-2 mt-4 w-full\">\n<div class=\" font-sans leading-4 text-black\">\n<div class=\"flex flex-wrap items-center justify-center gap-1 md:justify-start\">\n        <span class=\"font-bold\"><\/p>\n<p>            179,98 $<br \/>\n                            <span class=\"font-medium\">\u00e0 Amazon<\/span><br \/>\n                    <\/span>\n            <\/div>\n<div class=\"flex items-center justify-center gap-x-1 font-bold md:justify-start\">\n            <span class=\"text-sm line-through\">279,99 $<\/span><br \/>\n            <span class=\"text-sm text-brand-green\">\u00c9conomisez 100,01 $<\/span>\n        <\/div>\n<\/p><\/div>\n<\/p><\/div>\n<\/p><\/div>\n<\/p><\/div>\n<\/div>\n<p>Compar\u00e9 \u00e0 la version c\u00e2bl\u00e9e, le mod\u00e8le rechargeable vous permet de charger facilement votre appareil avec la batterie \u00e0 lib\u00e9ration rapide. Les talks bidirectionnels et l&rsquo;audio avec annulation de bruit de fond vous permettent de communiquer avec les invit\u00e9s (les visiteurs invit\u00e9s et ind\u00e9sirables) non seulement de l&rsquo;int\u00e9rieur de votre maison, mais \u00e0 distance de l&rsquo;application Ring. Comme le Spotlight Cam Pro, il dispose d&rsquo;une vid\u00e9o HD 1080p Sharp avec vision nocturne couleur et a une sir\u00e8ne de 110 dB int\u00e9gr\u00e9e pour dissuader les intrus. L&rsquo;installation est un jeu d&rsquo;enfant; La cam\u00e9ra peut \u00eatre mont\u00e9e verticalement ou horizontalement avec un r\u00e9glage d&rsquo;angle facile, tandis que les zones de mouvement personnalisables aident \u00e0 r\u00e9duire la surcharge de notification. Les vid\u00e9os enregistr\u00e9es peuvent \u00eatre enregistr\u00e9es jusqu&rsquo;\u00e0 180 jours, mais de nombreuses fonctionnalit\u00e9s, y compris la fonctionnalit\u00e9 de lecture, n\u00e9cessitent un plan d&rsquo;anneau pay\u00e9. <\/p>\n<p>Bien que l&rsquo;image soit nette et re\u00e7oit des \u00e9loges des critiques d&rsquo;Amazon, il n&rsquo;a pas la qualit\u00e9 vid\u00e9o HDR du plus r\u00e9cent Spotlight Cam Pro et n&rsquo;offre que le WiFi \u00e0 bande unique jusqu&rsquo;\u00e0 2,4 GHz, qui se d\u00e9bat sur une longue port\u00e9e ou sur un r\u00e9seau occup\u00e9. Il manque \u00e9galement de la fonction de vue a\u00e9rienne du PRO. Si vous voulez une vid\u00e9o WiFi \u00e0 double bande ou une r\u00e9solution sup\u00e9rieure, vous voudrez peut-\u00eatre passer \u00e0 un mod\u00e8le avanc\u00e9 comme le Pro.<\/p>\n<p>Cependant, si vous faites partie de l&rsquo;\u00e9cosyst\u00e8me Alexa et Google Assistant et que vous souhaitez un ajout de s\u00e9curit\u00e9 fiable \u00e0 votre propri\u00e9t\u00e9 avec l&rsquo;\u00e9clairage intelligent, les fonctionnalit\u00e9s de dissuasion de base et la clart\u00e9 vid\u00e9o fiable, ce pack Cam Plus Cam Plus peut vous aider \u00e0 am\u00e9liorer votre syst\u00e8me de surveillance, surtout la nuit. Compar\u00e9 \u00e0 la version am\u00e9lior\u00e9e, ce pack 2 ne co\u00fbte que 90 $ par cam\u00e9ra, offrant une forte valeur pour ceux qui ont un budget. <\/p>\n<hr>\n","protected":false},"excerpt":{"rendered":"<p>Ce faisceau de cam\u00e9ras propose deux projecteurs activ\u00e9s par un mouvement, une vid\u00e9o 1080p et une vision nocturne. \u00c0 l&rsquo;heure actuelle, ce Ring Spotlight Cam<\/p>\n","protected":false},"author":1,"featured_media":9211,"comment_status":"","ping_status":"","sticky":false,"template":"","format":"standard","meta":{"footnotes":""},"categories":[13],"tags":[3519,76,1429,6149,308,2311,2740],"class_list":["post-9210","post","type-post","status-publish","format-standard","has-post-thumbnail","hentry","category-technologie","tag-cameras","tag-est","tag-moment","tag-paquet","tag-reduction","tag-ring","tag-spotlight","generate-columns","tablet-grid-50","mobile-grid-100","grid-parent","grid-33"],"yoast_head":"<!-- This site is optimized with the Yoast SEO plugin v24.0 - https:\/\/yoast.com\/wordpress\/plugins\/seo\/ -->\n<title>Ce paquet de cam\u00e9ras de Spotlight Ring est de 100 $ de r\u00e9duction en ce moment | Vie Associative<\/title>\n<meta name=\"robots\" content=\"index, follow, max-snippet:-1, max-image-preview:large, max-video-preview:-1\" \/>\n<link rel=\"canonical\" href=\"https:\/\/vieassociative.be\/actualites\/ce-paquet-de-cameras-de-spotlight-ring-est-de-100-de-reduction-en-ce-moment\/\" \/>\n<meta property=\"og:locale\" content=\"fr_FR\" \/>\n<meta property=\"og:type\" content=\"article\" \/>\n<meta property=\"og:title\" content=\"Ce paquet de cam\u00e9ras de Spotlight Ring est de 100 $ de r\u00e9duction en ce moment | Vie Associative\" \/>\n<meta property=\"og:description\" content=\"Ce faisceau de cam\u00e9ras propose deux projecteurs activ\u00e9s par un mouvement, une vid\u00e9o 1080p et une vision nocturne. \u00c0 l&rsquo;heure actuelle, ce Ring Spotlight Cam\" \/>\n<meta property=\"og:url\" content=\"https:\/\/vieassociative.be\/actualites\/ce-paquet-de-cameras-de-spotlight-ring-est-de-100-de-reduction-en-ce-moment\/\" \/>\n<meta property=\"og:site_name\" content=\"Vie Associative\" \/>\n<meta property=\"article:published_time\" content=\"2025-08-05T07:18:28+00:00\" \/>\n<meta property=\"og:image\" content=\"https:\/\/vieassociative.be\/actualites\/wp-content\/uploads\/2025\/08\/Ce-paquet-de-cameras-de-Spotlight-Ring-est-de-100.jpg\" \/>\n<meta name=\"author\" content=\"Julien\" \/>\n<meta name=\"twitter:card\" content=\"summary_large_image\" \/>\n<meta name=\"twitter:label1\" content=\"\u00c9crit par\" \/>\n\t<meta name=\"twitter:data1\" content=\"Julien\" \/>\n\t<meta name=\"twitter:label2\" content=\"Dur\u00e9e de lecture est.\" \/>\n\t<meta name=\"twitter:data2\" content=\"2 minutes\" \/>\n<script type=\"application\/ld+json\" class=\"yoast-schema-graph\">{\"@context\":\"https:\/\/schema.org\",\"@graph\":[{\"@type\":\"Article\",\"@id\":\"https:\/\/vieassociative.be\/actualites\/ce-paquet-de-cameras-de-spotlight-ring-est-de-100-de-reduction-en-ce-moment\/#article\",\"isPartOf\":{\"@id\":\"https:\/\/vieassociative.be\/actualites\/ce-paquet-de-cameras-de-spotlight-ring-est-de-100-de-reduction-en-ce-moment\/\"},\"author\":{\"name\":\"Julien\",\"@id\":\"https:\/\/vieassociative.be\/actualites\/#\/schema\/person\/b87ac4f82f9d4e7b7cec7395b679edc4\"},\"headline\":\"Ce paquet de cam\u00e9ras de Spotlight Ring est de 100 $ de r\u00e9duction en ce moment\",\"datePublished\":\"2025-08-05T07:18:28+00:00\",\"dateModified\":\"2025-08-05T07:18:28+00:00\",\"mainEntityOfPage\":{\"@id\":\"https:\/\/vieassociative.be\/actualites\/ce-paquet-de-cameras-de-spotlight-ring-est-de-100-de-reduction-en-ce-moment\/\"},\"wordCount\":479,\"publisher\":{\"@id\":\"https:\/\/vieassociative.be\/actualites\/#organization\"},\"image\":{\"@id\":\"https:\/\/vieassociative.be\/actualites\/ce-paquet-de-cameras-de-spotlight-ring-est-de-100-de-reduction-en-ce-moment\/#primaryimage\"},\"thumbnailUrl\":\"https:\/\/vieassociative.be\/actualites\/wp-content\/uploads\/2025\/08\/Ce-paquet-de-cameras-de-Spotlight-Ring-est-de-100.png\",\"keywords\":[\"cam\u00e9ras\",\"est\",\"moment\",\"paquet\",\"r\u00e9duction\",\"Ring\",\"Spotlight\"],\"articleSection\":[\"Technologie\"],\"inLanguage\":\"fr-BE\"},{\"@type\":\"WebPage\",\"@id\":\"https:\/\/vieassociative.be\/actualites\/ce-paquet-de-cameras-de-spotlight-ring-est-de-100-de-reduction-en-ce-moment\/\",\"url\":\"https:\/\/vieassociative.be\/actualites\/ce-paquet-de-cameras-de-spotlight-ring-est-de-100-de-reduction-en-ce-moment\/\",\"name\":\"Ce paquet de cam\u00e9ras de Spotlight Ring est de 100 $ de r\u00e9duction en ce moment | Vie Associative\",\"isPartOf\":{\"@id\":\"https:\/\/vieassociative.be\/actualites\/#website\"},\"primaryImageOfPage\":{\"@id\":\"https:\/\/vieassociative.be\/actualites\/ce-paquet-de-cameras-de-spotlight-ring-est-de-100-de-reduction-en-ce-moment\/#primaryimage\"},\"image\":{\"@id\":\"https:\/\/vieassociative.be\/actualites\/ce-paquet-de-cameras-de-spotlight-ring-est-de-100-de-reduction-en-ce-moment\/#primaryimage\"},\"thumbnailUrl\":\"https:\/\/vieassociative.be\/actualites\/wp-content\/uploads\/2025\/08\/Ce-paquet-de-cameras-de-Spotlight-Ring-est-de-100.png\",\"datePublished\":\"2025-08-05T07:18:28+00:00\",\"dateModified\":\"2025-08-05T07:18:28+00:00\",\"breadcrumb\":{\"@id\":\"https:\/\/vieassociative.be\/actualites\/ce-paquet-de-cameras-de-spotlight-ring-est-de-100-de-reduction-en-ce-moment\/#breadcrumb\"},\"inLanguage\":\"fr-BE\",\"potentialAction\":[{\"@type\":\"ReadAction\",\"target\":[\"https:\/\/vieassociative.be\/actualites\/ce-paquet-de-cameras-de-spotlight-ring-est-de-100-de-reduction-en-ce-moment\/\"]}]},{\"@type\":\"ImageObject\",\"inLanguage\":\"fr-BE\",\"@id\":\"https:\/\/vieassociative.be\/actualites\/ce-paquet-de-cameras-de-spotlight-ring-est-de-100-de-reduction-en-ce-moment\/#primaryimage\",\"url\":\"https:\/\/vieassociative.be\/actualites\/wp-content\/uploads\/2025\/08\/Ce-paquet-de-cameras-de-Spotlight-Ring-est-de-100.png\",\"contentUrl\":\"https:\/\/vieassociative.be\/actualites\/wp-content\/uploads\/2025\/08\/Ce-paquet-de-cameras-de-Spotlight-Ring-est-de-100.png\",\"width\":1200,\"height\":675,\"caption\":\"Ce paquet de cam\u00e9ras de Spotlight Ring est de 100 $ de r\u00e9duction en ce moment\"},{\"@type\":\"BreadcrumbList\",\"@id\":\"https:\/\/vieassociative.be\/actualites\/ce-paquet-de-cameras-de-spotlight-ring-est-de-100-de-reduction-en-ce-moment\/#breadcrumb\",\"itemListElement\":[{\"@type\":\"ListItem\",\"position\":1,\"name\":\"Accueil\",\"item\":\"https:\/\/vieassociative.be\/actualites\/\"},{\"@type\":\"ListItem\",\"position\":2,\"name\":\"Ce paquet de cam\u00e9ras de Spotlight Ring est de 100 $ de r\u00e9duction en ce moment\"}]},{\"@type\":\"WebSite\",\"@id\":\"https:\/\/vieassociative.be\/actualites\/#website\",\"url\":\"https:\/\/vieassociative.be\/actualites\/\",\"name\":\"Vie Associative\",\"description\":\"\",\"publisher\":{\"@id\":\"https:\/\/vieassociative.be\/actualites\/#organization\"},\"potentialAction\":[{\"@type\":\"SearchAction\",\"target\":{\"@type\":\"EntryPoint\",\"urlTemplate\":\"https:\/\/vieassociative.be\/actualites\/?s={search_term_string}\"},\"query-input\":{\"@type\":\"PropertyValueSpecification\",\"valueRequired\":true,\"valueName\":\"search_term_string\"}}],\"inLanguage\":\"fr-BE\"},{\"@type\":\"Organization\",\"@id\":\"https:\/\/vieassociative.be\/actualites\/#organization\",\"name\":\"Vie Associative\",\"url\":\"https:\/\/vieassociative.be\/actualites\/\",\"logo\":{\"@type\":\"ImageObject\",\"inLanguage\":\"fr-BE\",\"@id\":\"https:\/\/vieassociative.be\/actualites\/#\/schema\/logo\/image\/\",\"url\":\"https:\/\/vieassociative.be\/actualites\/wp-content\/uploads\/2024\/09\/cropped-vieassociative_favicon.ico.png\",\"contentUrl\":\"https:\/\/vieassociative.be\/actualites\/wp-content\/uploads\/2024\/09\/cropped-vieassociative_favicon.ico.png\",\"width\":512,\"height\":512,\"caption\":\"Vie Associative\"},\"image\":{\"@id\":\"https:\/\/vieassociative.be\/actualites\/#\/schema\/logo\/image\/\"}},{\"@type\":\"Person\",\"@id\":\"https:\/\/vieassociative.be\/actualites\/#\/schema\/person\/b87ac4f82f9d4e7b7cec7395b679edc4\",\"name\":\"Julien\",\"image\":{\"@type\":\"ImageObject\",\"inLanguage\":\"fr-BE\",\"@id\":\"https:\/\/vieassociative.be\/actualites\/#\/schema\/person\/image\/\",\"url\":\"https:\/\/vieassociative.be\/actualites\/wp-content\/uploads\/2024\/09\/vie-associative-1-150x150.jpg\",\"contentUrl\":\"https:\/\/vieassociative.be\/actualites\/wp-content\/uploads\/2024\/09\/vie-associative-1-150x150.jpg\",\"caption\":\"Julien\"},\"description\":\"Je suis Julien, r\u00e9dacteur pour Vie Associative. Passionn\u00e9 par le monde associatif depuis plus de 10 ans, j'ai \u00e0 c\u0153ur de partager des histoires inspirantes et de mettre en lumi\u00e8re les initiatives locales. Mon objectif est de sensibiliser et d'encourager l'engagement communautaire \u00e0 travers mes articles.\",\"sameAs\":[\"https:\/\/vieassociative.be\/\"]}]}<\/script>\n<!-- \/ Yoast SEO plugin. -->","yoast_head_json":{"title":"Ce paquet de cam\u00e9ras de Spotlight Ring est de 100 $ de r\u00e9duction en ce moment | Vie Associative","robots":{"index":"index","follow":"follow","max-snippet":"max-snippet:-1","max-image-preview":"max-image-preview:large","max-video-preview":"max-video-preview:-1"},"canonical":"https:\/\/vieassociative.be\/actualites\/ce-paquet-de-cameras-de-spotlight-ring-est-de-100-de-reduction-en-ce-moment\/","og_locale":"fr_FR","og_type":"article","og_title":"Ce paquet de cam\u00e9ras de Spotlight Ring est de 100 $ de r\u00e9duction en ce moment | Vie Associative","og_description":"Ce faisceau de cam\u00e9ras propose deux projecteurs activ\u00e9s par un mouvement, une vid\u00e9o 1080p et une vision nocturne. \u00c0 l&rsquo;heure actuelle, ce Ring Spotlight Cam","og_url":"https:\/\/vieassociative.be\/actualites\/ce-paquet-de-cameras-de-spotlight-ring-est-de-100-de-reduction-en-ce-moment\/","og_site_name":"Vie Associative","article_published_time":"2025-08-05T07:18:28+00:00","og_image":[{"url":"https:\/\/vieassociative.be\/actualites\/wp-content\/uploads\/2025\/08\/Ce-paquet-de-cameras-de-Spotlight-Ring-est-de-100.jpg","type":"","width":"","height":""}],"author":"Julien","twitter_card":"summary_large_image","twitter_misc":{"\u00c9crit par":"Julien","Dur\u00e9e de lecture est.":"2 minutes"},"schema":{"@context":"https:\/\/schema.org","@graph":[{"@type":"Article","@id":"https:\/\/vieassociative.be\/actualites\/ce-paquet-de-cameras-de-spotlight-ring-est-de-100-de-reduction-en-ce-moment\/#article","isPartOf":{"@id":"https:\/\/vieassociative.be\/actualites\/ce-paquet-de-cameras-de-spotlight-ring-est-de-100-de-reduction-en-ce-moment\/"},"author":{"name":"Julien","@id":"https:\/\/vieassociative.be\/actualites\/#\/schema\/person\/b87ac4f82f9d4e7b7cec7395b679edc4"},"headline":"Ce paquet de cam\u00e9ras de Spotlight Ring est de 100 $ de r\u00e9duction en ce moment","datePublished":"2025-08-05T07:18:28+00:00","dateModified":"2025-08-05T07:18:28+00:00","mainEntityOfPage":{"@id":"https:\/\/vieassociative.be\/actualites\/ce-paquet-de-cameras-de-spotlight-ring-est-de-100-de-reduction-en-ce-moment\/"},"wordCount":479,"publisher":{"@id":"https:\/\/vieassociative.be\/actualites\/#organization"},"image":{"@id":"https:\/\/vieassociative.be\/actualites\/ce-paquet-de-cameras-de-spotlight-ring-est-de-100-de-reduction-en-ce-moment\/#primaryimage"},"thumbnailUrl":"https:\/\/vieassociative.be\/actualites\/wp-content\/uploads\/2025\/08\/Ce-paquet-de-cameras-de-Spotlight-Ring-est-de-100.png","keywords":["cam\u00e9ras","est","moment","paquet","r\u00e9duction","Ring","Spotlight"],"articleSection":["Technologie"],"inLanguage":"fr-BE"},{"@type":"WebPage","@id":"https:\/\/vieassociative.be\/actualites\/ce-paquet-de-cameras-de-spotlight-ring-est-de-100-de-reduction-en-ce-moment\/","url":"https:\/\/vieassociative.be\/actualites\/ce-paquet-de-cameras-de-spotlight-ring-est-de-100-de-reduction-en-ce-moment\/","name":"Ce paquet de cam\u00e9ras de Spotlight Ring est de 100 $ de r\u00e9duction en ce moment | Vie Associative","isPartOf":{"@id":"https:\/\/vieassociative.be\/actualites\/#website"},"primaryImageOfPage":{"@id":"https:\/\/vieassociative.be\/actualites\/ce-paquet-de-cameras-de-spotlight-ring-est-de-100-de-reduction-en-ce-moment\/#primaryimage"},"image":{"@id":"https:\/\/vieassociative.be\/actualites\/ce-paquet-de-cameras-de-spotlight-ring-est-de-100-de-reduction-en-ce-moment\/#primaryimage"},"thumbnailUrl":"https:\/\/vieassociative.be\/actualites\/wp-content\/uploads\/2025\/08\/Ce-paquet-de-cameras-de-Spotlight-Ring-est-de-100.png","datePublished":"2025-08-05T07:18:28+00:00","dateModified":"2025-08-05T07:18:28+00:00","breadcrumb":{"@id":"https:\/\/vieassociative.be\/actualites\/ce-paquet-de-cameras-de-spotlight-ring-est-de-100-de-reduction-en-ce-moment\/#breadcrumb"},"inLanguage":"fr-BE","potentialAction":[{"@type":"ReadAction","target":["https:\/\/vieassociative.be\/actualites\/ce-paquet-de-cameras-de-spotlight-ring-est-de-100-de-reduction-en-ce-moment\/"]}]},{"@type":"ImageObject","inLanguage":"fr-BE","@id":"https:\/\/vieassociative.be\/actualites\/ce-paquet-de-cameras-de-spotlight-ring-est-de-100-de-reduction-en-ce-moment\/#primaryimage","url":"https:\/\/vieassociative.be\/actualites\/wp-content\/uploads\/2025\/08\/Ce-paquet-de-cameras-de-Spotlight-Ring-est-de-100.png","contentUrl":"https:\/\/vieassociative.be\/actualites\/wp-content\/uploads\/2025\/08\/Ce-paquet-de-cameras-de-Spotlight-Ring-est-de-100.png","width":1200,"height":675,"caption":"Ce paquet de cam\u00e9ras de Spotlight Ring est de 100 $ de r\u00e9duction en ce moment"},{"@type":"BreadcrumbList","@id":"https:\/\/vieassociative.be\/actualites\/ce-paquet-de-cameras-de-spotlight-ring-est-de-100-de-reduction-en-ce-moment\/#breadcrumb","itemListElement":[{"@type":"ListItem","position":1,"name":"Accueil","item":"https:\/\/vieassociative.be\/actualites\/"},{"@type":"ListItem","position":2,"name":"Ce paquet de cam\u00e9ras de Spotlight Ring est de 100 $ de r\u00e9duction en ce moment"}]},{"@type":"WebSite","@id":"https:\/\/vieassociative.be\/actualites\/#website","url":"https:\/\/vieassociative.be\/actualites\/","name":"Vie Associative","description":"","publisher":{"@id":"https:\/\/vieassociative.be\/actualites\/#organization"},"potentialAction":[{"@type":"SearchAction","target":{"@type":"EntryPoint","urlTemplate":"https:\/\/vieassociative.be\/actualites\/?s={search_term_string}"},"query-input":{"@type":"PropertyValueSpecification","valueRequired":true,"valueName":"search_term_string"}}],"inLanguage":"fr-BE"},{"@type":"Organization","@id":"https:\/\/vieassociative.be\/actualites\/#organization","name":"Vie Associative","url":"https:\/\/vieassociative.be\/actualites\/","logo":{"@type":"ImageObject","inLanguage":"fr-BE","@id":"https:\/\/vieassociative.be\/actualites\/#\/schema\/logo\/image\/","url":"https:\/\/vieassociative.be\/actualites\/wp-content\/uploads\/2024\/09\/cropped-vieassociative_favicon.ico.png","contentUrl":"https:\/\/vieassociative.be\/actualites\/wp-content\/uploads\/2024\/09\/cropped-vieassociative_favicon.ico.png","width":512,"height":512,"caption":"Vie Associative"},"image":{"@id":"https:\/\/vieassociative.be\/actualites\/#\/schema\/logo\/image\/"}},{"@type":"Person","@id":"https:\/\/vieassociative.be\/actualites\/#\/schema\/person\/b87ac4f82f9d4e7b7cec7395b679edc4","name":"Julien","image":{"@type":"ImageObject","inLanguage":"fr-BE","@id":"https:\/\/vieassociative.be\/actualites\/#\/schema\/person\/image\/","url":"https:\/\/vieassociative.be\/actualites\/wp-content\/uploads\/2024\/09\/vie-associative-1-150x150.jpg","contentUrl":"https:\/\/vieassociative.be\/actualites\/wp-content\/uploads\/2024\/09\/vie-associative-1-150x150.jpg","caption":"Julien"},"description":"Je suis Julien, r\u00e9dacteur pour Vie Associative. Passionn\u00e9 par le monde associatif depuis plus de 10 ans, j'ai \u00e0 c\u0153ur de partager des histoires inspirantes et de mettre en lumi\u00e8re les initiatives locales. Mon objectif est de sensibiliser et d'encourager l'engagement communautaire \u00e0 travers mes articles.","sameAs":["https:\/\/vieassociative.be\/"]}]}},"_links":{"self":[{"href":"https:\/\/vieassociative.be\/actualites\/wp-json\/wp\/v2\/posts\/9210"}],"collection":[{"href":"https:\/\/vieassociative.be\/actualites\/wp-json\/wp\/v2\/posts"}],"about":[{"href":"https:\/\/vieassociative.be\/actualites\/wp-json\/wp\/v2\/types\/post"}],"author":[{"embeddable":true,"href":"https:\/\/vieassociative.be\/actualites\/wp-json\/wp\/v2\/users\/1"}],"replies":[{"embeddable":true,"href":"https:\/\/vieassociative.be\/actualites\/wp-json\/wp\/v2\/comments?post=9210"}],"version-history":[{"count":0,"href":"https:\/\/vieassociative.be\/actualites\/wp-json\/wp\/v2\/posts\/9210\/revisions"}],"wp:featuredmedia":[{"embeddable":true,"href":"https:\/\/vieassociative.be\/actualites\/wp-json\/wp\/v2\/media\/9211"}],"wp:attachment":[{"href":"https:\/\/vieassociative.be\/actualites\/wp-json\/wp\/v2\/media?parent=9210"}],"wp:term":[{"taxonomy":"category","embeddable":true,"href":"https:\/\/vieassociative.be\/actualites\/wp-json\/wp\/v2\/categories?post=9210"},{"taxonomy":"post_tag","embeddable":true,"href":"https:\/\/vieassociative.be\/actualites\/wp-json\/wp\/v2\/tags?post=9210"}],"curies":[{"name":"wp","href":"https:\/\/api.w.org\/{rel}","templated":true}]}}