{"id":9209,"date":"2025-08-05T04:17:06","date_gmt":"2025-08-05T02:17:06","guid":{"rendered":"https:\/\/vieassociative.be\/actualites\/lettre-a-lediteur-lettre-ouverte-au-conseil-municipal-de-raeren\/"},"modified":"2025-08-05T04:17:06","modified_gmt":"2025-08-05T02:17:06","slug":"lettre-a-lediteur-lettre-ouverte-au-conseil-municipal-de-raeren","status":"publish","type":"post","link":"https:\/\/vieassociative.be\/actualites\/lettre-a-lediteur-lettre-ouverte-au-conseil-municipal-de-raeren\/","title":{"rendered":"Lettre \u00e0 l&rsquo;\u00e9diteur &#8211; Lettre ouverte au Conseil municipal de Raeren"},"content":{"rendered":"<p><strong>Sujet: D\u00e9claration sur le projet de parc \u00e9olien \u00e0 Raeren<\/strong><\/p>\n<p><span id=\"more-421691\"><\/span>Mesdames et Messieurs<\/p>\n<p>Je voudrais exprimer mon rejet pour le projet \u00e9olien pr\u00e9vu \u00e0 Raeren.<\/p>\n<p>Avec le non-sens d&rsquo;une \u00ab\u00a0crise climatique du CO2\u00a0\u00bb ainsi que l&rsquo;impossibilit\u00e9 de conversion l&rsquo;alimentation \u00e9lectrique des centrales \u00e9lectriques contr\u00f4lables aux g\u00e9n\u00e9rateurs de vent et solaires d\u00e9pendants des intemp\u00e9ries (voir le retrait de la \u00ab\u00a0d\u00e9pression nucl\u00e9aire\u00a0\u00bb), il n&rsquo;est pas logique de discuter parce que cet argument n&rsquo;est g\u00e9n\u00e9ralement ni comprise ni consid\u00e9r\u00e9.<\/p>\n<p>Au contraire, en tant que repr\u00e9sentant communautaire, je voudrais souligner les risques incalculables que la municipalit\u00e9 entre dans ce projet. La \u00abb\u00e9n\u00e9diction de l&rsquo;argent\u00bb esp\u00e9r\u00e9e pour la communaut\u00e9 d\u00e9pend de la nouvelle subvention permanente des flux de vent, car sans lequel l&rsquo;\u00e9conomie n&rsquo;est pas disponible. Dans quelle mesure l&rsquo;UE, et par cons\u00e9quent, le gouvernement belge peut garantir ces subventions, a \u00e9t\u00e9 tr\u00e8s discutable au plus tard depuis la fin du \u00ab\u00a0Deal Green\u00a0\u00bb par le pr\u00e9sident am\u00e9ricain Trump. Les probl\u00e8mes avec le financement du projet \u00ab\u00a0L&rsquo;It Princesse Elisabeth\u00a0\u00bb sont un premier appel de sillage sur lequel les pieds toniques que cette \u00ab\u00a0transition \u00e9nerg\u00e9tique\u00a0\u00bb est financi\u00e8rement.<\/p>\n<p>L&rsquo;\u00e9olienne de St. Vith, qui a \u00e9t\u00e9 la premi\u00e8re \u00e9olienne belge de \u00ab\u00a0Energie 2030\u00a0\u00bb, a atteint sa fin de vie et, oh Wonder, il n&rsquo;y a pas d&rsquo;accord entre l&rsquo;op\u00e9rateur et la municipalit\u00e9 de Saint-Vith. Et ce n&rsquo;est qu&rsquo;une \u00abmini-\u00e9olienne\u00bb mesur\u00e9e par ce qui doit \u00eatre plac\u00e9 dans la for\u00eat sur Peterg\u00e8nes. Et s&rsquo;il y a 5 \u00ab\u00a0v\u00e9los g\u00e9ants\u00a0\u00bb dans la for\u00eat de Raerener et dont la d\u00e9molition n&rsquo;explique? Ceux qui promettent aujourd&rsquo;hui que le d\u00e9mant\u00e8lement ne sera pas un probl\u00e8me devrait peut-\u00eatre a) expliquer pourquoi le probl\u00e8me est \u00e0 Saint-Vith, et b) puis et plus en fonction, probablement m\u00eame d\u00e9c\u00e9d\u00e9.<\/p>\n<p>Veuillez \u00e9galement garder \u00e0 l&rsquo;esprit que le revenu du fonctionnement des \u00e9oliennes ne \u00ab\u00a0tombe pas du ciel\u00a0\u00bb mais doit \u00eatre appliqu\u00e9 par les consommateurs via une facture d&rsquo;\u00e9lectricit\u00e9. Donc, le cas \u00e9ch\u00e9ant, la municipalit\u00e9 ne re\u00e7oit pas l&rsquo;argent \u00ab\u00a0offert par le vent\u00a0\u00bb mais des clients \u00e9lectriques sur leur facture d&rsquo;\u00e9lectricit\u00e9.<\/p>\n<p>Je ne continue pas au conte de f\u00e9es que \u00ab\u00a0le vent ne fait pas de facture\u00a0\u00bb, la communaut\u00e9 veut le gagner, donc quelqu&rsquo;un doit \u00e9galement payer, et ce n&rsquo;est en fait pas le vent.<\/p>\n<p>Ces grands syst\u00e8mes de l&rsquo;industrie \u00e9olienne n&rsquo;ont pas leur place dans la for\u00eat de Raerener. Je voudrais donc vous demander de ne pas soutenir ce projet davantage.<\/p>\n<p><strong>04.08.2025 Gerald Pesch, Raeren<\/strong><\/p>\n","protected":false},"excerpt":{"rendered":"<p>Sujet: D\u00e9claration sur le projet de parc \u00e9olien \u00e0 Raeren Mesdames et Messieurs Je voudrais exprimer mon rejet pour le projet \u00e9olien pr\u00e9vu \u00e0 Raeren.<\/p>\n","protected":false},"author":1,"featured_media":2567,"comment_status":"","ping_status":"","sticky":false,"template":"","format":"standard","meta":{"footnotes":""},"categories":[298],"tags":[1085,4400,2628,4052,1977,2645],"class_list":["post-9209","post","type-post","status-publish","format-standard","has-post-thumbnail","hentry","category-belgique","tag-conseil","tag-lediteur","tag-lettre","tag-municipal","tag-ouverte","tag-raeren","generate-columns","tablet-grid-50","mobile-grid-100","grid-parent","grid-33"],"yoast_head":"<!-- This site is optimized with the Yoast SEO plugin v24.0 - https:\/\/yoast.com\/wordpress\/plugins\/seo\/ -->\n<title>Lettre \u00e0 l&#039;\u00e9diteur - Lettre ouverte au Conseil municipal de Raeren | Vie Associative<\/title>\n<meta name=\"robots\" content=\"index, follow, max-snippet:-1, max-image-preview:large, max-video-preview:-1\" \/>\n<link rel=\"canonical\" href=\"https:\/\/vieassociative.be\/actualites\/lettre-a-lediteur-lettre-ouverte-au-conseil-municipal-de-raeren\/\" \/>\n<meta property=\"og:locale\" content=\"fr_FR\" \/>\n<meta property=\"og:type\" content=\"article\" \/>\n<meta property=\"og:title\" content=\"Lettre \u00e0 l&#039;\u00e9diteur - Lettre ouverte au Conseil municipal de Raeren | Vie Associative\" \/>\n<meta property=\"og:description\" content=\"Sujet: D\u00e9claration sur le projet de parc \u00e9olien \u00e0 Raeren Mesdames et Messieurs Je voudrais exprimer mon rejet pour le projet \u00e9olien pr\u00e9vu \u00e0 Raeren.\" \/>\n<meta property=\"og:url\" content=\"https:\/\/vieassociative.be\/actualites\/lettre-a-lediteur-lettre-ouverte-au-conseil-municipal-de-raeren\/\" \/>\n<meta property=\"og:site_name\" content=\"Vie Associative\" \/>\n<meta property=\"article:published_time\" content=\"2025-08-05T02:17:06+00:00\" \/>\n<meta property=\"og:image\" content=\"https:\/\/vieassociative.be\/actualites\/wp-content\/uploads\/2024\/09\/header_backgroundk-01-e1726694325946.png\" \/>\n\t<meta property=\"og:image:width\" content=\"279\" \/>\n\t<meta property=\"og:image:height\" content=\"92\" \/>\n\t<meta property=\"og:image:type\" content=\"image\/png\" \/>\n<meta name=\"author\" content=\"Julien\" \/>\n<meta name=\"twitter:card\" content=\"summary_large_image\" \/>\n<meta name=\"twitter:label1\" content=\"\u00c9crit par\" \/>\n\t<meta name=\"twitter:data1\" content=\"Julien\" \/>\n\t<meta name=\"twitter:label2\" content=\"Dur\u00e9e de lecture est.\" \/>\n\t<meta name=\"twitter:data2\" content=\"2 minutes\" \/>\n<script type=\"application\/ld+json\" class=\"yoast-schema-graph\">{\"@context\":\"https:\/\/schema.org\",\"@graph\":[{\"@type\":\"Article\",\"@id\":\"https:\/\/vieassociative.be\/actualites\/lettre-a-lediteur-lettre-ouverte-au-conseil-municipal-de-raeren\/#article\",\"isPartOf\":{\"@id\":\"https:\/\/vieassociative.be\/actualites\/lettre-a-lediteur-lettre-ouverte-au-conseil-municipal-de-raeren\/\"},\"author\":{\"name\":\"Julien\",\"@id\":\"https:\/\/vieassociative.be\/actualites\/#\/schema\/person\/b87ac4f82f9d4e7b7cec7395b679edc4\"},\"headline\":\"Lettre \u00e0 l&rsquo;\u00e9diteur &#8211; Lettre ouverte au Conseil municipal de Raeren\",\"datePublished\":\"2025-08-05T02:17:06+00:00\",\"dateModified\":\"2025-08-05T02:17:06+00:00\",\"mainEntityOfPage\":{\"@id\":\"https:\/\/vieassociative.be\/actualites\/lettre-a-lediteur-lettre-ouverte-au-conseil-municipal-de-raeren\/\"},\"wordCount\":475,\"publisher\":{\"@id\":\"https:\/\/vieassociative.be\/actualites\/#organization\"},\"image\":{\"@id\":\"https:\/\/vieassociative.be\/actualites\/lettre-a-lediteur-lettre-ouverte-au-conseil-municipal-de-raeren\/#primaryimage\"},\"thumbnailUrl\":\"https:\/\/vieassociative.be\/actualites\/wp-content\/uploads\/2024\/11\/LETTRE-A-LA-REDACTION-\u2013-Audi-Bruxelles-dernier-avertissement-du.jpeg\",\"keywords\":[\"conseil\",\"L\u00c9DITEUR\",\"lettre\",\"municipal\",\"ouverte\",\"Raeren\"],\"articleSection\":[\"Belgique\"],\"inLanguage\":\"fr-BE\"},{\"@type\":\"WebPage\",\"@id\":\"https:\/\/vieassociative.be\/actualites\/lettre-a-lediteur-lettre-ouverte-au-conseil-municipal-de-raeren\/\",\"url\":\"https:\/\/vieassociative.be\/actualites\/lettre-a-lediteur-lettre-ouverte-au-conseil-municipal-de-raeren\/\",\"name\":\"Lettre \u00e0 l'\u00e9diteur - Lettre ouverte au Conseil municipal de Raeren | Vie Associative\",\"isPartOf\":{\"@id\":\"https:\/\/vieassociative.be\/actualites\/#website\"},\"primaryImageOfPage\":{\"@id\":\"https:\/\/vieassociative.be\/actualites\/lettre-a-lediteur-lettre-ouverte-au-conseil-municipal-de-raeren\/#primaryimage\"},\"image\":{\"@id\":\"https:\/\/vieassociative.be\/actualites\/lettre-a-lediteur-lettre-ouverte-au-conseil-municipal-de-raeren\/#primaryimage\"},\"thumbnailUrl\":\"https:\/\/vieassociative.be\/actualites\/wp-content\/uploads\/2024\/11\/LETTRE-A-LA-REDACTION-\u2013-Audi-Bruxelles-dernier-avertissement-du.jpeg\",\"datePublished\":\"2025-08-05T02:17:06+00:00\",\"dateModified\":\"2025-08-05T02:17:06+00:00\",\"breadcrumb\":{\"@id\":\"https:\/\/vieassociative.be\/actualites\/lettre-a-lediteur-lettre-ouverte-au-conseil-municipal-de-raeren\/#breadcrumb\"},\"inLanguage\":\"fr-BE\",\"potentialAction\":[{\"@type\":\"ReadAction\",\"target\":[\"https:\/\/vieassociative.be\/actualites\/lettre-a-lediteur-lettre-ouverte-au-conseil-municipal-de-raeren\/\"]}]},{\"@type\":\"ImageObject\",\"inLanguage\":\"fr-BE\",\"@id\":\"https:\/\/vieassociative.be\/actualites\/lettre-a-lediteur-lettre-ouverte-au-conseil-municipal-de-raeren\/#primaryimage\",\"url\":\"https:\/\/vieassociative.be\/actualites\/wp-content\/uploads\/2024\/11\/LETTRE-A-LA-REDACTION-\u2013-Audi-Bruxelles-dernier-avertissement-du.jpeg\",\"contentUrl\":\"https:\/\/vieassociative.be\/actualites\/wp-content\/uploads\/2024\/11\/LETTRE-A-LA-REDACTION-\u2013-Audi-Bruxelles-dernier-avertissement-du.jpeg\",\"width\":1024,\"height\":747,\"caption\":\"LETTRE \u00c0 LA R\u00c9DACTION \u2013 Audi Bruxelles, dernier avertissement du gouffre\"},{\"@type\":\"BreadcrumbList\",\"@id\":\"https:\/\/vieassociative.be\/actualites\/lettre-a-lediteur-lettre-ouverte-au-conseil-municipal-de-raeren\/#breadcrumb\",\"itemListElement\":[{\"@type\":\"ListItem\",\"position\":1,\"name\":\"Accueil\",\"item\":\"https:\/\/vieassociative.be\/actualites\/\"},{\"@type\":\"ListItem\",\"position\":2,\"name\":\"Lettre \u00e0 l&rsquo;\u00e9diteur &#8211; Lettre ouverte au Conseil municipal de Raeren\"}]},{\"@type\":\"WebSite\",\"@id\":\"https:\/\/vieassociative.be\/actualites\/#website\",\"url\":\"https:\/\/vieassociative.be\/actualites\/\",\"name\":\"Vie Associative\",\"description\":\"\",\"publisher\":{\"@id\":\"https:\/\/vieassociative.be\/actualites\/#organization\"},\"potentialAction\":[{\"@type\":\"SearchAction\",\"target\":{\"@type\":\"EntryPoint\",\"urlTemplate\":\"https:\/\/vieassociative.be\/actualites\/?s={search_term_string}\"},\"query-input\":{\"@type\":\"PropertyValueSpecification\",\"valueRequired\":true,\"valueName\":\"search_term_string\"}}],\"inLanguage\":\"fr-BE\"},{\"@type\":\"Organization\",\"@id\":\"https:\/\/vieassociative.be\/actualites\/#organization\",\"name\":\"Vie Associative\",\"url\":\"https:\/\/vieassociative.be\/actualites\/\",\"logo\":{\"@type\":\"ImageObject\",\"inLanguage\":\"fr-BE\",\"@id\":\"https:\/\/vieassociative.be\/actualites\/#\/schema\/logo\/image\/\",\"url\":\"https:\/\/vieassociative.be\/actualites\/wp-content\/uploads\/2024\/09\/cropped-vieassociative_favicon.ico.png\",\"contentUrl\":\"https:\/\/vieassociative.be\/actualites\/wp-content\/uploads\/2024\/09\/cropped-vieassociative_favicon.ico.png\",\"width\":512,\"height\":512,\"caption\":\"Vie Associative\"},\"image\":{\"@id\":\"https:\/\/vieassociative.be\/actualites\/#\/schema\/logo\/image\/\"}},{\"@type\":\"Person\",\"@id\":\"https:\/\/vieassociative.be\/actualites\/#\/schema\/person\/b87ac4f82f9d4e7b7cec7395b679edc4\",\"name\":\"Julien\",\"image\":{\"@type\":\"ImageObject\",\"inLanguage\":\"fr-BE\",\"@id\":\"https:\/\/vieassociative.be\/actualites\/#\/schema\/person\/image\/\",\"url\":\"https:\/\/vieassociative.be\/actualites\/wp-content\/uploads\/2024\/09\/vie-associative-1-150x150.jpg\",\"contentUrl\":\"https:\/\/vieassociative.be\/actualites\/wp-content\/uploads\/2024\/09\/vie-associative-1-150x150.jpg\",\"caption\":\"Julien\"},\"description\":\"Je suis Julien, r\u00e9dacteur pour Vie Associative. Passionn\u00e9 par le monde associatif depuis plus de 10 ans, j'ai \u00e0 c\u0153ur de partager des histoires inspirantes et de mettre en lumi\u00e8re les initiatives locales. Mon objectif est de sensibiliser et d'encourager l'engagement communautaire \u00e0 travers mes articles.\",\"sameAs\":[\"https:\/\/vieassociative.be\/\"]}]}<\/script>\n<!-- \/ Yoast SEO plugin. -->","yoast_head_json":{"title":"Lettre \u00e0 l'\u00e9diteur - Lettre ouverte au Conseil municipal de Raeren | Vie Associative","robots":{"index":"index","follow":"follow","max-snippet":"max-snippet:-1","max-image-preview":"max-image-preview:large","max-video-preview":"max-video-preview:-1"},"canonical":"https:\/\/vieassociative.be\/actualites\/lettre-a-lediteur-lettre-ouverte-au-conseil-municipal-de-raeren\/","og_locale":"fr_FR","og_type":"article","og_title":"Lettre \u00e0 l'\u00e9diteur - Lettre ouverte au Conseil municipal de Raeren | Vie Associative","og_description":"Sujet: D\u00e9claration sur le projet de parc \u00e9olien \u00e0 Raeren Mesdames et Messieurs Je voudrais exprimer mon rejet pour le projet \u00e9olien pr\u00e9vu \u00e0 Raeren.","og_url":"https:\/\/vieassociative.be\/actualites\/lettre-a-lediteur-lettre-ouverte-au-conseil-municipal-de-raeren\/","og_site_name":"Vie Associative","article_published_time":"2025-08-05T02:17:06+00:00","og_image":[{"width":279,"height":92,"url":"https:\/\/vieassociative.be\/actualites\/wp-content\/uploads\/2024\/09\/header_backgroundk-01-e1726694325946.png","type":"image\/png"}],"author":"Julien","twitter_card":"summary_large_image","twitter_misc":{"\u00c9crit par":"Julien","Dur\u00e9e de lecture est.":"2 minutes"},"schema":{"@context":"https:\/\/schema.org","@graph":[{"@type":"Article","@id":"https:\/\/vieassociative.be\/actualites\/lettre-a-lediteur-lettre-ouverte-au-conseil-municipal-de-raeren\/#article","isPartOf":{"@id":"https:\/\/vieassociative.be\/actualites\/lettre-a-lediteur-lettre-ouverte-au-conseil-municipal-de-raeren\/"},"author":{"name":"Julien","@id":"https:\/\/vieassociative.be\/actualites\/#\/schema\/person\/b87ac4f82f9d4e7b7cec7395b679edc4"},"headline":"Lettre \u00e0 l&rsquo;\u00e9diteur &#8211; Lettre ouverte au Conseil municipal de Raeren","datePublished":"2025-08-05T02:17:06+00:00","dateModified":"2025-08-05T02:17:06+00:00","mainEntityOfPage":{"@id":"https:\/\/vieassociative.be\/actualites\/lettre-a-lediteur-lettre-ouverte-au-conseil-municipal-de-raeren\/"},"wordCount":475,"publisher":{"@id":"https:\/\/vieassociative.be\/actualites\/#organization"},"image":{"@id":"https:\/\/vieassociative.be\/actualites\/lettre-a-lediteur-lettre-ouverte-au-conseil-municipal-de-raeren\/#primaryimage"},"thumbnailUrl":"https:\/\/vieassociative.be\/actualites\/wp-content\/uploads\/2024\/11\/LETTRE-A-LA-REDACTION-\u2013-Audi-Bruxelles-dernier-avertissement-du.jpeg","keywords":["conseil","L\u00c9DITEUR","lettre","municipal","ouverte","Raeren"],"articleSection":["Belgique"],"inLanguage":"fr-BE"},{"@type":"WebPage","@id":"https:\/\/vieassociative.be\/actualites\/lettre-a-lediteur-lettre-ouverte-au-conseil-municipal-de-raeren\/","url":"https:\/\/vieassociative.be\/actualites\/lettre-a-lediteur-lettre-ouverte-au-conseil-municipal-de-raeren\/","name":"Lettre \u00e0 l'\u00e9diteur - Lettre ouverte au Conseil municipal de Raeren | Vie Associative","isPartOf":{"@id":"https:\/\/vieassociative.be\/actualites\/#website"},"primaryImageOfPage":{"@id":"https:\/\/vieassociative.be\/actualites\/lettre-a-lediteur-lettre-ouverte-au-conseil-municipal-de-raeren\/#primaryimage"},"image":{"@id":"https:\/\/vieassociative.be\/actualites\/lettre-a-lediteur-lettre-ouverte-au-conseil-municipal-de-raeren\/#primaryimage"},"thumbnailUrl":"https:\/\/vieassociative.be\/actualites\/wp-content\/uploads\/2024\/11\/LETTRE-A-LA-REDACTION-\u2013-Audi-Bruxelles-dernier-avertissement-du.jpeg","datePublished":"2025-08-05T02:17:06+00:00","dateModified":"2025-08-05T02:17:06+00:00","breadcrumb":{"@id":"https:\/\/vieassociative.be\/actualites\/lettre-a-lediteur-lettre-ouverte-au-conseil-municipal-de-raeren\/#breadcrumb"},"inLanguage":"fr-BE","potentialAction":[{"@type":"ReadAction","target":["https:\/\/vieassociative.be\/actualites\/lettre-a-lediteur-lettre-ouverte-au-conseil-municipal-de-raeren\/"]}]},{"@type":"ImageObject","inLanguage":"fr-BE","@id":"https:\/\/vieassociative.be\/actualites\/lettre-a-lediteur-lettre-ouverte-au-conseil-municipal-de-raeren\/#primaryimage","url":"https:\/\/vieassociative.be\/actualites\/wp-content\/uploads\/2024\/11\/LETTRE-A-LA-REDACTION-\u2013-Audi-Bruxelles-dernier-avertissement-du.jpeg","contentUrl":"https:\/\/vieassociative.be\/actualites\/wp-content\/uploads\/2024\/11\/LETTRE-A-LA-REDACTION-\u2013-Audi-Bruxelles-dernier-avertissement-du.jpeg","width":1024,"height":747,"caption":"LETTRE \u00c0 LA R\u00c9DACTION \u2013 Audi Bruxelles, dernier avertissement du gouffre"},{"@type":"BreadcrumbList","@id":"https:\/\/vieassociative.be\/actualites\/lettre-a-lediteur-lettre-ouverte-au-conseil-municipal-de-raeren\/#breadcrumb","itemListElement":[{"@type":"ListItem","position":1,"name":"Accueil","item":"https:\/\/vieassociative.be\/actualites\/"},{"@type":"ListItem","position":2,"name":"Lettre \u00e0 l&rsquo;\u00e9diteur &#8211; Lettre ouverte au Conseil municipal de Raeren"}]},{"@type":"WebSite","@id":"https:\/\/vieassociative.be\/actualites\/#website","url":"https:\/\/vieassociative.be\/actualites\/","name":"Vie Associative","description":"","publisher":{"@id":"https:\/\/vieassociative.be\/actualites\/#organization"},"potentialAction":[{"@type":"SearchAction","target":{"@type":"EntryPoint","urlTemplate":"https:\/\/vieassociative.be\/actualites\/?s={search_term_string}"},"query-input":{"@type":"PropertyValueSpecification","valueRequired":true,"valueName":"search_term_string"}}],"inLanguage":"fr-BE"},{"@type":"Organization","@id":"https:\/\/vieassociative.be\/actualites\/#organization","name":"Vie Associative","url":"https:\/\/vieassociative.be\/actualites\/","logo":{"@type":"ImageObject","inLanguage":"fr-BE","@id":"https:\/\/vieassociative.be\/actualites\/#\/schema\/logo\/image\/","url":"https:\/\/vieassociative.be\/actualites\/wp-content\/uploads\/2024\/09\/cropped-vieassociative_favicon.ico.png","contentUrl":"https:\/\/vieassociative.be\/actualites\/wp-content\/uploads\/2024\/09\/cropped-vieassociative_favicon.ico.png","width":512,"height":512,"caption":"Vie Associative"},"image":{"@id":"https:\/\/vieassociative.be\/actualites\/#\/schema\/logo\/image\/"}},{"@type":"Person","@id":"https:\/\/vieassociative.be\/actualites\/#\/schema\/person\/b87ac4f82f9d4e7b7cec7395b679edc4","name":"Julien","image":{"@type":"ImageObject","inLanguage":"fr-BE","@id":"https:\/\/vieassociative.be\/actualites\/#\/schema\/person\/image\/","url":"https:\/\/vieassociative.be\/actualites\/wp-content\/uploads\/2024\/09\/vie-associative-1-150x150.jpg","contentUrl":"https:\/\/vieassociative.be\/actualites\/wp-content\/uploads\/2024\/09\/vie-associative-1-150x150.jpg","caption":"Julien"},"description":"Je suis Julien, r\u00e9dacteur pour Vie Associative. Passionn\u00e9 par le monde associatif depuis plus de 10 ans, j'ai \u00e0 c\u0153ur de partager des histoires inspirantes et de mettre en lumi\u00e8re les initiatives locales. Mon objectif est de sensibiliser et d'encourager l'engagement communautaire \u00e0 travers mes articles.","sameAs":["https:\/\/vieassociative.be\/"]}]}},"_links":{"self":[{"href":"https:\/\/vieassociative.be\/actualites\/wp-json\/wp\/v2\/posts\/9209"}],"collection":[{"href":"https:\/\/vieassociative.be\/actualites\/wp-json\/wp\/v2\/posts"}],"about":[{"href":"https:\/\/vieassociative.be\/actualites\/wp-json\/wp\/v2\/types\/post"}],"author":[{"embeddable":true,"href":"https:\/\/vieassociative.be\/actualites\/wp-json\/wp\/v2\/users\/1"}],"replies":[{"embeddable":true,"href":"https:\/\/vieassociative.be\/actualites\/wp-json\/wp\/v2\/comments?post=9209"}],"version-history":[{"count":0,"href":"https:\/\/vieassociative.be\/actualites\/wp-json\/wp\/v2\/posts\/9209\/revisions"}],"wp:featuredmedia":[{"embeddable":true,"href":"https:\/\/vieassociative.be\/actualites\/wp-json\/wp\/v2\/media\/2567"}],"wp:attachment":[{"href":"https:\/\/vieassociative.be\/actualites\/wp-json\/wp\/v2\/media?parent=9209"}],"wp:term":[{"taxonomy":"category","embeddable":true,"href":"https:\/\/vieassociative.be\/actualites\/wp-json\/wp\/v2\/categories?post=9209"},{"taxonomy":"post_tag","embeddable":true,"href":"https:\/\/vieassociative.be\/actualites\/wp-json\/wp\/v2\/tags?post=9209"}],"curies":[{"name":"wp","href":"https:\/\/api.w.org\/{rel}","templated":true}]}}