{"id":9201,"date":"2025-08-04T22:17:02","date_gmt":"2025-08-04T20:17:02","guid":{"rendered":"https:\/\/vieassociative.be\/actualites\/hein-heintje-simons-menace-la-fin-de-la-carriere-lancienne-star-des-enfants-aura-70-ans-le-12-aout\/"},"modified":"2025-08-04T22:17:02","modified_gmt":"2025-08-04T20:17:02","slug":"hein-heintje-simons-menace-la-fin-de-la-carriere-lancienne-star-des-enfants-aura-70-ans-le-12-aout","status":"publish","type":"post","link":"https:\/\/vieassociative.be\/actualites\/hein-heintje-simons-menace-la-fin-de-la-carriere-lancienne-star-des-enfants-aura-70-ans-le-12-aout\/","title":{"rendered":"Hein \u00ab\u00a0Heintje\u00a0\u00bb Simons menace la fin de la carri\u00e8re &#8211; l&rsquo;ancienne star des enfants aura 70 ans le 12 ao\u00fbt"},"content":{"rendered":"<p><strong>Le N\u00e9erlandais \u00ab\u00a0Heintje\u00a0\u00bb Simons a commenc\u00e9 une carri\u00e8re internationale avec \u00ab\u00a0Mama\u00a0\u00bb en 1967. Maintenant, les adieux sont menac\u00e9s de la sc\u00e8ne. Et surtout, il y a des raisons m\u00e9dicales.<\/strong><\/p>\n<p><span id=\"more-421717\"><\/span>La chanteuse pop n\u00e9erlandaise Hein \u00ab\u00a0Heintje\u00a0\u00bb Simons s&rsquo;inqui\u00e8te pour sa carri\u00e8re. Son audition ne joue plus, a d\u00e9clar\u00e9 la chanteuse de 69 ans de l&rsquo;agence de presse allemande. Il n&rsquo;entend que 70% sur l&rsquo;oreille gauche, et m\u00eame 30% \u00e0 droite.<\/p>\n<p>\u00ab\u00a0Si cela ne s&rsquo;am\u00e9liore pas, je dois raccrocher le chant plus t\u00f4t que je ne veux\u00a0\u00bb, a d\u00e9clar\u00e9 Simons, qui vit dans un domaine de campagne \u00e0 Moresnet en Belgique et a 70 ans le 12 ao\u00fbt.<\/p>\n<div id=\"attachment_79784\" class=\"wp-caption alignleft\" style=\"max-width: 300px\"><img fetchpriority=\"high\" decoding=\"async\" class=\"wp-image-79784 size-medium\" src=\"https:\/\/vieassociative.be\/actualites\/wp-content\/uploads\/2025\/08\/Hein-Heintje-Simons-menace-la-fin-de-la-carriere.jpg\" alt=\"\" width=\"300\" height=\"192\"  ><\/div>\n<p>Simons porte des aides auditives, mais ils ne feraient que tout renforcer, a-t-il d\u00e9clar\u00e9. Il manquait les tons du milieu &#8211; une apparence lui \u00e9tait donc impossible. Maintenant, Singer s&rsquo;appuie sur la technologie. \u00ab\u00a0Peut-\u00eatre qu&rsquo;il y a encore quelque chose \u00e0 voir avec l&rsquo;intelligence artificielle.\u00a0\u00bb Tout d&rsquo;abord, cependant, Simons a annul\u00e9 tous les concerts. Il ne veut que r\u00e9appara\u00eetre quand il est \u00ab\u00a0\u00e0 cent pour cent, sinon cela n&rsquo;a aucun but\u00a0\u00bb.<\/p>\n<p>Il a \u00e9galement d\u00fb lutter avec le diagnostic du cancer de la peau. Au printemps 2023, un m\u00e9decin a accidentellement d\u00e9couvert un endroit \u00e9trange sur son nez. \u00ab\u00a0Et la zone \u00e9tait dangereusement proche de l&rsquo;\u0153il\u00a0\u00bb, a d\u00e9clar\u00e9 le chanteur. La tumeur a \u00e9t\u00e9 retir\u00e9e chirurgicalement et elle a r\u00e9cup\u00e9r\u00e9. \u00ab\u00a0J&rsquo;ai eu beaucoup de chance que le m\u00e9decin l&rsquo;ait d\u00e9couvert si rapidement\u00a0\u00bb, a d\u00e9clar\u00e9 Heintje \u00e0 l&rsquo;\u00e9poque. \u00ab\u00a0Heureusement, il n&rsquo;y avait pas de m\u00e9tastases.\u00a0\u00bb<\/p>\n<div id=\"attachment_421733\" class=\"wp-caption alignleft\" style=\"max-width: 300px\"><img decoding=\"async\" class=\"wp-image-421733 size-medium\" src=\"https:\/\/vieassociative.be\/actualites\/wp-content\/uploads\/2025\/08\/1754338622_110_Hein-Heintje-Simons-menace-la-fin-de-la-carriere.jpg\" alt=\"\" width=\"300\" height=\"111\"  ><\/div>\n<p>Il a actuellement \u00ab\u00a0assez bien sous contr\u00f4le\u00a0\u00bb, dit-il maintenant dans le \u00ab\u00a0Welt Am Sonntag\u00a0\u00bb. \u00ab\u00a0Il y a seulement quelques jours, j&rsquo;\u00e9tais de retour chez le m\u00e9decin pour que quelque chose soit coup\u00e9.\u00a0\u00bb M\u00eame un nouvel amour ne devrait pas \u00eatre oppos\u00e9. Hein Simons: \u00ab\u00a0Voyons ce qui s&rsquo;en vient. Qu&rsquo;est-ce que cela signifie: l&rsquo;automne a aussi de beaux jours.\u00a0\u00bb<\/p>\n<p>En tant que \u00ab\u00a0Heintje\u00a0\u00bb, Simons \u00e9tait une star du monde \u00e0 14 ans, enfant qu&rsquo;il fans qu&rsquo;il fans avec enthousiasme avec des chansons comme \u00ab\u00a0Mama\u00a0\u00bb (voir la vid\u00e9o ci-dessous), \u00ab\u00a0Heidschi Bumbeidschi\u00a0\u00bb et d&rsquo;autres succ\u00e8s. Plus de 40 millions de disques et de concerts du monde entier &#8211; une carri\u00e8re \u00e0 couper le souffle et \u00e0 couper le souffle, car la pause vocale \u00e0 l&rsquo;\u00e2ge de 17 ans \u00e9tait termin\u00e9e. \u00ab\u00a0Heintje\u00a0\u00bb est devenu \u00ab\u00a0Hein\u00a0\u00bb. (DPA \/ CRE)<\/p>\n<p><i><b>La vid\u00e9o suivante montre la star des enfants \u00ab\u00a0Heintje\u00a0\u00bb avec la chanson \u00ab\u00a0Mama\u00a0\u00bb:<\/b><\/i><\/p>\n<div class=\"responsive-embed\">\n<div class=\"rll-youtube-player\" data-src=\"https:\/\/www.youtube.com\/embed\/PDBDtIOxUsI\" data-id=\"PDBDtIOxUsI\" data-query=\"feature=oembed\" data-alt=\"Heintje - Mama  (Offici\u00eble video)\"><\/div>\n<p><noscript><a href=\"https:\/\/www.youtube.com\/watch?v=pdbdtiooxusi\">https:\/\/www.youtube.com\/watch?v=pdbdtiooxusi<\/a><\/noscript><\/div>\n","protected":false},"excerpt":{"rendered":"<p>Le N\u00e9erlandais \u00ab\u00a0Heintje\u00a0\u00bb Simons a commenc\u00e9 une carri\u00e8re internationale avec \u00ab\u00a0Mama\u00a0\u00bb en 1967. Maintenant, les adieux sont menac\u00e9s de la sc\u00e8ne. Et surtout, il y<\/p>\n","protected":false},"author":1,"featured_media":9202,"comment_status":"","ping_status":"","sticky":false,"template":"","format":"standard","meta":{"footnotes":""},"categories":[298],"tags":[584,1778,7431,4714,29,324,1908,8034,8035,214,3396,8036,7018],"class_list":["post-9201","post","type-post","status-publish","format-standard","has-post-thumbnail","hentry","category-belgique","tag-ans","tag-aout","tag-aura","tag-carriere","tag-des","tag-enfants","tag-fin","tag-hein","tag-heintje","tag-lancienne","tag-menace","tag-simons","tag-star","generate-columns","tablet-grid-50","mobile-grid-100","grid-parent","grid-33"],"yoast_head":"<!-- This site is optimized with the Yoast SEO plugin v24.0 - https:\/\/yoast.com\/wordpress\/plugins\/seo\/ -->\n<title>Hein &quot;Heintje&quot; Simons menace la fin de la carri\u00e8re - l&#039;ancienne star des enfants aura 70 ans le 12 ao\u00fbt | Vie Associative<\/title>\n<meta name=\"robots\" content=\"index, follow, max-snippet:-1, max-image-preview:large, max-video-preview:-1\" \/>\n<link rel=\"canonical\" href=\"https:\/\/vieassociative.be\/actualites\/hein-heintje-simons-menace-la-fin-de-la-carriere-lancienne-star-des-enfants-aura-70-ans-le-12-aout\/\" \/>\n<meta property=\"og:locale\" content=\"fr_FR\" \/>\n<meta property=\"og:type\" content=\"article\" \/>\n<meta property=\"og:title\" content=\"Hein &quot;Heintje&quot; Simons menace la fin de la carri\u00e8re - l&#039;ancienne star des enfants aura 70 ans le 12 ao\u00fbt | Vie Associative\" \/>\n<meta property=\"og:description\" content=\"Le N\u00e9erlandais \u00ab\u00a0Heintje\u00a0\u00bb Simons a commenc\u00e9 une carri\u00e8re internationale avec \u00ab\u00a0Mama\u00a0\u00bb en 1967. Maintenant, les adieux sont menac\u00e9s de la sc\u00e8ne. Et surtout, il y\" \/>\n<meta property=\"og:url\" content=\"https:\/\/vieassociative.be\/actualites\/hein-heintje-simons-menace-la-fin-de-la-carriere-lancienne-star-des-enfants-aura-70-ans-le-12-aout\/\" \/>\n<meta property=\"og:site_name\" content=\"Vie Associative\" \/>\n<meta property=\"article:published_time\" content=\"2025-08-04T20:17:02+00:00\" \/>\n<meta property=\"og:image\" content=\"https:\/\/vieassociative.be\/actualites\/wp-content\/uploads\/2024\/09\/header_backgroundk-01-e1726694325946.png\" \/>\n\t<meta property=\"og:image:width\" content=\"279\" \/>\n\t<meta property=\"og:image:height\" content=\"92\" \/>\n\t<meta property=\"og:image:type\" content=\"image\/png\" \/>\n<meta name=\"author\" content=\"Julien\" \/>\n<meta name=\"twitter:card\" content=\"summary_large_image\" \/>\n<meta name=\"twitter:label1\" content=\"\u00c9crit par\" \/>\n\t<meta name=\"twitter:data1\" content=\"Julien\" \/>\n\t<meta name=\"twitter:label2\" content=\"Dur\u00e9e de lecture est.\" \/>\n\t<meta name=\"twitter:data2\" content=\"2 minutes\" \/>\n<script type=\"application\/ld+json\" class=\"yoast-schema-graph\">{\"@context\":\"https:\/\/schema.org\",\"@graph\":[{\"@type\":\"Article\",\"@id\":\"https:\/\/vieassociative.be\/actualites\/hein-heintje-simons-menace-la-fin-de-la-carriere-lancienne-star-des-enfants-aura-70-ans-le-12-aout\/#article\",\"isPartOf\":{\"@id\":\"https:\/\/vieassociative.be\/actualites\/hein-heintje-simons-menace-la-fin-de-la-carriere-lancienne-star-des-enfants-aura-70-ans-le-12-aout\/\"},\"author\":{\"name\":\"Julien\",\"@id\":\"https:\/\/vieassociative.be\/actualites\/#\/schema\/person\/b87ac4f82f9d4e7b7cec7395b679edc4\"},\"headline\":\"Hein \u00ab\u00a0Heintje\u00a0\u00bb Simons menace la fin de la carri\u00e8re &#8211; l&rsquo;ancienne star des enfants aura 70 ans le 12 ao\u00fbt\",\"datePublished\":\"2025-08-04T20:17:02+00:00\",\"dateModified\":\"2025-08-04T20:17:02+00:00\",\"mainEntityOfPage\":{\"@id\":\"https:\/\/vieassociative.be\/actualites\/hein-heintje-simons-menace-la-fin-de-la-carriere-lancienne-star-des-enfants-aura-70-ans-le-12-aout\/\"},\"wordCount\":466,\"publisher\":{\"@id\":\"https:\/\/vieassociative.be\/actualites\/#organization\"},\"image\":{\"@id\":\"https:\/\/vieassociative.be\/actualites\/hein-heintje-simons-menace-la-fin-de-la-carriere-lancienne-star-des-enfants-aura-70-ans-le-12-aout\/#primaryimage\"},\"thumbnailUrl\":\"https:\/\/vieassociative.be\/actualites\/wp-content\/uploads\/2025\/08\/1754338623_Hein-Heintje-Simons-menace-la-fin-de-la-carriere.jpg\",\"keywords\":[\"ans\",\"ao\u00fbt\",\"aura\",\"carri\u00e8re\",\"Des\",\"enfants\",\"fin\",\"Hein\",\"Heintje\",\"lancienne\",\"menac\u00e9\",\"Simons\",\"star\"],\"articleSection\":[\"Belgique\"],\"inLanguage\":\"fr-BE\"},{\"@type\":\"WebPage\",\"@id\":\"https:\/\/vieassociative.be\/actualites\/hein-heintje-simons-menace-la-fin-de-la-carriere-lancienne-star-des-enfants-aura-70-ans-le-12-aout\/\",\"url\":\"https:\/\/vieassociative.be\/actualites\/hein-heintje-simons-menace-la-fin-de-la-carriere-lancienne-star-des-enfants-aura-70-ans-le-12-aout\/\",\"name\":\"Hein \\\"Heintje\\\" Simons menace la fin de la carri\u00e8re - l'ancienne star des enfants aura 70 ans le 12 ao\u00fbt | Vie Associative\",\"isPartOf\":{\"@id\":\"https:\/\/vieassociative.be\/actualites\/#website\"},\"primaryImageOfPage\":{\"@id\":\"https:\/\/vieassociative.be\/actualites\/hein-heintje-simons-menace-la-fin-de-la-carriere-lancienne-star-des-enfants-aura-70-ans-le-12-aout\/#primaryimage\"},\"image\":{\"@id\":\"https:\/\/vieassociative.be\/actualites\/hein-heintje-simons-menace-la-fin-de-la-carriere-lancienne-star-des-enfants-aura-70-ans-le-12-aout\/#primaryimage\"},\"thumbnailUrl\":\"https:\/\/vieassociative.be\/actualites\/wp-content\/uploads\/2025\/08\/1754338623_Hein-Heintje-Simons-menace-la-fin-de-la-carriere.jpg\",\"datePublished\":\"2025-08-04T20:17:02+00:00\",\"dateModified\":\"2025-08-04T20:17:02+00:00\",\"breadcrumb\":{\"@id\":\"https:\/\/vieassociative.be\/actualites\/hein-heintje-simons-menace-la-fin-de-la-carriere-lancienne-star-des-enfants-aura-70-ans-le-12-aout\/#breadcrumb\"},\"inLanguage\":\"fr-BE\",\"potentialAction\":[{\"@type\":\"ReadAction\",\"target\":[\"https:\/\/vieassociative.be\/actualites\/hein-heintje-simons-menace-la-fin-de-la-carriere-lancienne-star-des-enfants-aura-70-ans-le-12-aout\/\"]}]},{\"@type\":\"ImageObject\",\"inLanguage\":\"fr-BE\",\"@id\":\"https:\/\/vieassociative.be\/actualites\/hein-heintje-simons-menace-la-fin-de-la-carriere-lancienne-star-des-enfants-aura-70-ans-le-12-aout\/#primaryimage\",\"url\":\"https:\/\/vieassociative.be\/actualites\/wp-content\/uploads\/2025\/08\/1754338623_Hein-Heintje-Simons-menace-la-fin-de-la-carriere.jpg\",\"contentUrl\":\"https:\/\/vieassociative.be\/actualites\/wp-content\/uploads\/2025\/08\/1754338623_Hein-Heintje-Simons-menace-la-fin-de-la-carriere.jpg\",\"width\":1200,\"height\":798,\"caption\":\"Hein \\\"Heintje\\\" Simons menace la fin de la carri\u00e8re - l'ancienne star des enfants aura 70 ans le 12 ao\u00fbt\"},{\"@type\":\"BreadcrumbList\",\"@id\":\"https:\/\/vieassociative.be\/actualites\/hein-heintje-simons-menace-la-fin-de-la-carriere-lancienne-star-des-enfants-aura-70-ans-le-12-aout\/#breadcrumb\",\"itemListElement\":[{\"@type\":\"ListItem\",\"position\":1,\"name\":\"Accueil\",\"item\":\"https:\/\/vieassociative.be\/actualites\/\"},{\"@type\":\"ListItem\",\"position\":2,\"name\":\"Hein \u00ab\u00a0Heintje\u00a0\u00bb Simons menace la fin de la carri\u00e8re &#8211; l&rsquo;ancienne star des enfants aura 70 ans le 12 ao\u00fbt\"}]},{\"@type\":\"WebSite\",\"@id\":\"https:\/\/vieassociative.be\/actualites\/#website\",\"url\":\"https:\/\/vieassociative.be\/actualites\/\",\"name\":\"Vie Associative\",\"description\":\"\",\"publisher\":{\"@id\":\"https:\/\/vieassociative.be\/actualites\/#organization\"},\"potentialAction\":[{\"@type\":\"SearchAction\",\"target\":{\"@type\":\"EntryPoint\",\"urlTemplate\":\"https:\/\/vieassociative.be\/actualites\/?s={search_term_string}\"},\"query-input\":{\"@type\":\"PropertyValueSpecification\",\"valueRequired\":true,\"valueName\":\"search_term_string\"}}],\"inLanguage\":\"fr-BE\"},{\"@type\":\"Organization\",\"@id\":\"https:\/\/vieassociative.be\/actualites\/#organization\",\"name\":\"Vie Associative\",\"url\":\"https:\/\/vieassociative.be\/actualites\/\",\"logo\":{\"@type\":\"ImageObject\",\"inLanguage\":\"fr-BE\",\"@id\":\"https:\/\/vieassociative.be\/actualites\/#\/schema\/logo\/image\/\",\"url\":\"https:\/\/vieassociative.be\/actualites\/wp-content\/uploads\/2024\/09\/cropped-vieassociative_favicon.ico.png\",\"contentUrl\":\"https:\/\/vieassociative.be\/actualites\/wp-content\/uploads\/2024\/09\/cropped-vieassociative_favicon.ico.png\",\"width\":512,\"height\":512,\"caption\":\"Vie Associative\"},\"image\":{\"@id\":\"https:\/\/vieassociative.be\/actualites\/#\/schema\/logo\/image\/\"}},{\"@type\":\"Person\",\"@id\":\"https:\/\/vieassociative.be\/actualites\/#\/schema\/person\/b87ac4f82f9d4e7b7cec7395b679edc4\",\"name\":\"Julien\",\"image\":{\"@type\":\"ImageObject\",\"inLanguage\":\"fr-BE\",\"@id\":\"https:\/\/vieassociative.be\/actualites\/#\/schema\/person\/image\/\",\"url\":\"https:\/\/vieassociative.be\/actualites\/wp-content\/uploads\/2024\/09\/vie-associative-1-150x150.jpg\",\"contentUrl\":\"https:\/\/vieassociative.be\/actualites\/wp-content\/uploads\/2024\/09\/vie-associative-1-150x150.jpg\",\"caption\":\"Julien\"},\"description\":\"Je suis Julien, r\u00e9dacteur pour Vie Associative. Passionn\u00e9 par le monde associatif depuis plus de 10 ans, j'ai \u00e0 c\u0153ur de partager des histoires inspirantes et de mettre en lumi\u00e8re les initiatives locales. Mon objectif est de sensibiliser et d'encourager l'engagement communautaire \u00e0 travers mes articles.\",\"sameAs\":[\"https:\/\/vieassociative.be\/\"]}]}<\/script>\n<!-- \/ Yoast SEO plugin. -->","yoast_head_json":{"title":"Hein \"Heintje\" Simons menace la fin de la carri\u00e8re - l'ancienne star des enfants aura 70 ans le 12 ao\u00fbt | Vie Associative","robots":{"index":"index","follow":"follow","max-snippet":"max-snippet:-1","max-image-preview":"max-image-preview:large","max-video-preview":"max-video-preview:-1"},"canonical":"https:\/\/vieassociative.be\/actualites\/hein-heintje-simons-menace-la-fin-de-la-carriere-lancienne-star-des-enfants-aura-70-ans-le-12-aout\/","og_locale":"fr_FR","og_type":"article","og_title":"Hein \"Heintje\" Simons menace la fin de la carri\u00e8re - l'ancienne star des enfants aura 70 ans le 12 ao\u00fbt | Vie Associative","og_description":"Le N\u00e9erlandais \u00ab\u00a0Heintje\u00a0\u00bb Simons a commenc\u00e9 une carri\u00e8re internationale avec \u00ab\u00a0Mama\u00a0\u00bb en 1967. Maintenant, les adieux sont menac\u00e9s de la sc\u00e8ne. Et surtout, il y","og_url":"https:\/\/vieassociative.be\/actualites\/hein-heintje-simons-menace-la-fin-de-la-carriere-lancienne-star-des-enfants-aura-70-ans-le-12-aout\/","og_site_name":"Vie Associative","article_published_time":"2025-08-04T20:17:02+00:00","og_image":[{"width":279,"height":92,"url":"https:\/\/vieassociative.be\/actualites\/wp-content\/uploads\/2024\/09\/header_backgroundk-01-e1726694325946.png","type":"image\/png"}],"author":"Julien","twitter_card":"summary_large_image","twitter_misc":{"\u00c9crit par":"Julien","Dur\u00e9e de lecture est.":"2 minutes"},"schema":{"@context":"https:\/\/schema.org","@graph":[{"@type":"Article","@id":"https:\/\/vieassociative.be\/actualites\/hein-heintje-simons-menace-la-fin-de-la-carriere-lancienne-star-des-enfants-aura-70-ans-le-12-aout\/#article","isPartOf":{"@id":"https:\/\/vieassociative.be\/actualites\/hein-heintje-simons-menace-la-fin-de-la-carriere-lancienne-star-des-enfants-aura-70-ans-le-12-aout\/"},"author":{"name":"Julien","@id":"https:\/\/vieassociative.be\/actualites\/#\/schema\/person\/b87ac4f82f9d4e7b7cec7395b679edc4"},"headline":"Hein \u00ab\u00a0Heintje\u00a0\u00bb Simons menace la fin de la carri\u00e8re &#8211; l&rsquo;ancienne star des enfants aura 70 ans le 12 ao\u00fbt","datePublished":"2025-08-04T20:17:02+00:00","dateModified":"2025-08-04T20:17:02+00:00","mainEntityOfPage":{"@id":"https:\/\/vieassociative.be\/actualites\/hein-heintje-simons-menace-la-fin-de-la-carriere-lancienne-star-des-enfants-aura-70-ans-le-12-aout\/"},"wordCount":466,"publisher":{"@id":"https:\/\/vieassociative.be\/actualites\/#organization"},"image":{"@id":"https:\/\/vieassociative.be\/actualites\/hein-heintje-simons-menace-la-fin-de-la-carriere-lancienne-star-des-enfants-aura-70-ans-le-12-aout\/#primaryimage"},"thumbnailUrl":"https:\/\/vieassociative.be\/actualites\/wp-content\/uploads\/2025\/08\/1754338623_Hein-Heintje-Simons-menace-la-fin-de-la-carriere.jpg","keywords":["ans","ao\u00fbt","aura","carri\u00e8re","Des","enfants","fin","Hein","Heintje","lancienne","menac\u00e9","Simons","star"],"articleSection":["Belgique"],"inLanguage":"fr-BE"},{"@type":"WebPage","@id":"https:\/\/vieassociative.be\/actualites\/hein-heintje-simons-menace-la-fin-de-la-carriere-lancienne-star-des-enfants-aura-70-ans-le-12-aout\/","url":"https:\/\/vieassociative.be\/actualites\/hein-heintje-simons-menace-la-fin-de-la-carriere-lancienne-star-des-enfants-aura-70-ans-le-12-aout\/","name":"Hein \"Heintje\" Simons menace la fin de la carri\u00e8re - l'ancienne star des enfants aura 70 ans le 12 ao\u00fbt | Vie Associative","isPartOf":{"@id":"https:\/\/vieassociative.be\/actualites\/#website"},"primaryImageOfPage":{"@id":"https:\/\/vieassociative.be\/actualites\/hein-heintje-simons-menace-la-fin-de-la-carriere-lancienne-star-des-enfants-aura-70-ans-le-12-aout\/#primaryimage"},"image":{"@id":"https:\/\/vieassociative.be\/actualites\/hein-heintje-simons-menace-la-fin-de-la-carriere-lancienne-star-des-enfants-aura-70-ans-le-12-aout\/#primaryimage"},"thumbnailUrl":"https:\/\/vieassociative.be\/actualites\/wp-content\/uploads\/2025\/08\/1754338623_Hein-Heintje-Simons-menace-la-fin-de-la-carriere.jpg","datePublished":"2025-08-04T20:17:02+00:00","dateModified":"2025-08-04T20:17:02+00:00","breadcrumb":{"@id":"https:\/\/vieassociative.be\/actualites\/hein-heintje-simons-menace-la-fin-de-la-carriere-lancienne-star-des-enfants-aura-70-ans-le-12-aout\/#breadcrumb"},"inLanguage":"fr-BE","potentialAction":[{"@type":"ReadAction","target":["https:\/\/vieassociative.be\/actualites\/hein-heintje-simons-menace-la-fin-de-la-carriere-lancienne-star-des-enfants-aura-70-ans-le-12-aout\/"]}]},{"@type":"ImageObject","inLanguage":"fr-BE","@id":"https:\/\/vieassociative.be\/actualites\/hein-heintje-simons-menace-la-fin-de-la-carriere-lancienne-star-des-enfants-aura-70-ans-le-12-aout\/#primaryimage","url":"https:\/\/vieassociative.be\/actualites\/wp-content\/uploads\/2025\/08\/1754338623_Hein-Heintje-Simons-menace-la-fin-de-la-carriere.jpg","contentUrl":"https:\/\/vieassociative.be\/actualites\/wp-content\/uploads\/2025\/08\/1754338623_Hein-Heintje-Simons-menace-la-fin-de-la-carriere.jpg","width":1200,"height":798,"caption":"Hein \"Heintje\" Simons menace la fin de la carri\u00e8re - l'ancienne star des enfants aura 70 ans le 12 ao\u00fbt"},{"@type":"BreadcrumbList","@id":"https:\/\/vieassociative.be\/actualites\/hein-heintje-simons-menace-la-fin-de-la-carriere-lancienne-star-des-enfants-aura-70-ans-le-12-aout\/#breadcrumb","itemListElement":[{"@type":"ListItem","position":1,"name":"Accueil","item":"https:\/\/vieassociative.be\/actualites\/"},{"@type":"ListItem","position":2,"name":"Hein \u00ab\u00a0Heintje\u00a0\u00bb Simons menace la fin de la carri\u00e8re &#8211; l&rsquo;ancienne star des enfants aura 70 ans le 12 ao\u00fbt"}]},{"@type":"WebSite","@id":"https:\/\/vieassociative.be\/actualites\/#website","url":"https:\/\/vieassociative.be\/actualites\/","name":"Vie Associative","description":"","publisher":{"@id":"https:\/\/vieassociative.be\/actualites\/#organization"},"potentialAction":[{"@type":"SearchAction","target":{"@type":"EntryPoint","urlTemplate":"https:\/\/vieassociative.be\/actualites\/?s={search_term_string}"},"query-input":{"@type":"PropertyValueSpecification","valueRequired":true,"valueName":"search_term_string"}}],"inLanguage":"fr-BE"},{"@type":"Organization","@id":"https:\/\/vieassociative.be\/actualites\/#organization","name":"Vie Associative","url":"https:\/\/vieassociative.be\/actualites\/","logo":{"@type":"ImageObject","inLanguage":"fr-BE","@id":"https:\/\/vieassociative.be\/actualites\/#\/schema\/logo\/image\/","url":"https:\/\/vieassociative.be\/actualites\/wp-content\/uploads\/2024\/09\/cropped-vieassociative_favicon.ico.png","contentUrl":"https:\/\/vieassociative.be\/actualites\/wp-content\/uploads\/2024\/09\/cropped-vieassociative_favicon.ico.png","width":512,"height":512,"caption":"Vie Associative"},"image":{"@id":"https:\/\/vieassociative.be\/actualites\/#\/schema\/logo\/image\/"}},{"@type":"Person","@id":"https:\/\/vieassociative.be\/actualites\/#\/schema\/person\/b87ac4f82f9d4e7b7cec7395b679edc4","name":"Julien","image":{"@type":"ImageObject","inLanguage":"fr-BE","@id":"https:\/\/vieassociative.be\/actualites\/#\/schema\/person\/image\/","url":"https:\/\/vieassociative.be\/actualites\/wp-content\/uploads\/2024\/09\/vie-associative-1-150x150.jpg","contentUrl":"https:\/\/vieassociative.be\/actualites\/wp-content\/uploads\/2024\/09\/vie-associative-1-150x150.jpg","caption":"Julien"},"description":"Je suis Julien, r\u00e9dacteur pour Vie Associative. Passionn\u00e9 par le monde associatif depuis plus de 10 ans, j'ai \u00e0 c\u0153ur de partager des histoires inspirantes et de mettre en lumi\u00e8re les initiatives locales. Mon objectif est de sensibiliser et d'encourager l'engagement communautaire \u00e0 travers mes articles.","sameAs":["https:\/\/vieassociative.be\/"]}]}},"_links":{"self":[{"href":"https:\/\/vieassociative.be\/actualites\/wp-json\/wp\/v2\/posts\/9201"}],"collection":[{"href":"https:\/\/vieassociative.be\/actualites\/wp-json\/wp\/v2\/posts"}],"about":[{"href":"https:\/\/vieassociative.be\/actualites\/wp-json\/wp\/v2\/types\/post"}],"author":[{"embeddable":true,"href":"https:\/\/vieassociative.be\/actualites\/wp-json\/wp\/v2\/users\/1"}],"replies":[{"embeddable":true,"href":"https:\/\/vieassociative.be\/actualites\/wp-json\/wp\/v2\/comments?post=9201"}],"version-history":[{"count":0,"href":"https:\/\/vieassociative.be\/actualites\/wp-json\/wp\/v2\/posts\/9201\/revisions"}],"wp:featuredmedia":[{"embeddable":true,"href":"https:\/\/vieassociative.be\/actualites\/wp-json\/wp\/v2\/media\/9202"}],"wp:attachment":[{"href":"https:\/\/vieassociative.be\/actualites\/wp-json\/wp\/v2\/media?parent=9201"}],"wp:term":[{"taxonomy":"category","embeddable":true,"href":"https:\/\/vieassociative.be\/actualites\/wp-json\/wp\/v2\/categories?post=9201"},{"taxonomy":"post_tag","embeddable":true,"href":"https:\/\/vieassociative.be\/actualites\/wp-json\/wp\/v2\/tags?post=9201"}],"curies":[{"name":"wp","href":"https:\/\/api.w.org\/{rel}","templated":true}]}}