{"id":9187,"date":"2025-08-04T03:17:00","date_gmt":"2025-08-04T01:17:00","guid":{"rendered":"https:\/\/vieassociative.be\/actualites\/jaime-plus-que-je-ne-le-pensais-que-je-ne-le-pensais-que-je-ne-le-pensais\/"},"modified":"2025-08-04T03:17:00","modified_gmt":"2025-08-04T01:17:00","slug":"jaime-plus-que-je-ne-le-pensais-que-je-ne-le-pensais-que-je-ne-le-pensais","status":"publish","type":"post","link":"https:\/\/vieassociative.be\/actualites\/jaime-plus-que-je-ne-le-pensais-que-je-ne-le-pensais-que-je-ne-le-pensais\/","title":{"rendered":"J&rsquo;aime plus que je ne le pensais que je ne le pensais que je ne le pensais"},"content":{"rendered":"<div class=\"mt-4 leading-6 md:mb-8\">Un peu de m\u00e9ditation et du cardio en un.<\/div>\n<p><\/p>\n<p>Je l&rsquo;ai d\u00e9j\u00e0 dit et je le r\u00e9p\u00e8te: je ne suis pas un type de personne tr\u00e8s woo-woo ou conscient, mais j&rsquo;appr\u00e9cie les cours de m\u00e9ditation que Peloton propose via son application \u00e9tonnamment polyvalente. Pourtant, je suis plus une personne agressive et pratique, donc j&rsquo;appr\u00e9cie vraiment un entra\u00eenement difficile, en particulier un entra\u00eenement cycliste. R\u00e9cemment, j&rsquo;ai d\u00e9couvert une offre de la soci\u00e9t\u00e9 de fitness \u00e0 domicile qui combine la m\u00e9ditation et le v\u00e9lo. Les \u00ab\u00a0promenades de r\u00e9flexion\u00a0\u00bb sont des cours de cardio plus calmes et plus cibl\u00e9s &#8211; et maintenant, Peloton les a rendus plus faciles \u00e0 acc\u00e9der. <\/p>\n<h2 id=\"what-is-a-reflection-ride\">Qu&rsquo;est-ce qu&rsquo;un tour de r\u00e9flexion?<\/h2>\n<p>Les promenades de r\u00e9flexion sont dirig\u00e9es par Christine D&rsquo;Ercole, une cycliste de piste qui dirige un certain nombre de cours de rotation sur la plate-forme. Selon ses propres mots, \u00ab\u00a0Les promenades de r\u00e9flexion sont une s\u00e9rie de conduites consciente o\u00f9 nous \u00e9tions \u00e0 l&rsquo;\u00e9coute des m\u00e9triques afin que nous puissions nous connecter \u00e0 nous-m\u00eames et \u00e0 notre moi-m\u00eame.\u00a0\u00bb <\/p>\n<p>Ainsi, ces man\u00e8ges concernent moins le classement, les d\u00e9penses WATT ou les calories br\u00fbl\u00e9es, et plus de devenir mentalement plus fortes, ce qui peut souvent se traduire par un athl\u00e8te \u00e0 devenir plus fort physiquement. (Cette approche rappelle la s\u00e9rie d&rsquo;entra\u00eenement Hyrox de Peloton, qui comprend des cours de formation cardio et en force ainsi que de la m\u00e9ditation et est con\u00e7u pour renforcer chaque partie de l&rsquo;approche d&rsquo;un stagiaire pour faire la course.)  <\/p>\n<p>Pourtant, les classes int\u00e8grent des techniques d&rsquo;entra\u00eenement cyclistes traditionnelles. Il y a des ascensions et des routes plates, par exemple, vous obtenez donc toujours un d\u00e9fi cardio tout en restant attentif et en pratiquant \u00ab\u00a0l&rsquo;agence pour vous donner ce dont vous avez besoin\u00a0\u00bb, comme le dit D&rsquo;ERCOLE dans une classe. Elle vous encourage \u00e0 aller \u00e0 votre rythme, bien qu&rsquo;il y ait des indices et des suggestions traditionnels o\u00f9 vous voudrez peut-\u00eatre \u00eatre en termes de rythme et de r\u00e9sistance. <\/p>\n<p>D&rsquo;Erccole encourage les participants \u00e0 r\u00e9fl\u00e9chir \u00e0 ce qui les motive, \u00e0 ce qui leur fait peur et aux d\u00e9fis qu&rsquo;ils sont confront\u00e9s pendant la balade, et elle sugg\u00e8re des mantras comme: \u00ab\u00a0Je vais passer l&rsquo;appel. Je vais dire ma v\u00e9rit\u00e9.\u00a0\u00bb Au lieu de la pop ou du rock \u00e0 haute intensit\u00e9, les classes sont en bandes sonores par une musique plus douce et terreux. <\/p>\n<p>Les man\u00e8ges de r\u00e9flexion varient en longueur de 20 \u00e0 30 minutes et peuvent \u00eatre trouv\u00e9s en recherchant simplement la \u00ab\u00a0r\u00e9flexion\u00a0\u00bb dans l&rsquo;application, que ce soit sur l&rsquo;\u00e9cran du v\u00e9lo ou sur votre appareil mobile. Personnellement, j&rsquo;aime toujours pr\u00e9s\u00e9lectionner mes cours sur mon t\u00e9l\u00e9phone, puis cr\u00e9er une pile (le mot de Peloton pour la playlist) avec celles que je veux avant de passer au v\u00e9lo. Il est tout simplement plus facile de rechercher ce que je veux faire de cette fa\u00e7on et j&rsquo;identifie de meilleures classes lorsque je prends le temps de les trouver sur mon t\u00e9l\u00e9phone au lieu de se pr\u00e9cipiter sur mon \u00e9cran de v\u00e9lo.<\/p>\n<p>Vous pouvez \u00e9galement trouver toutes les promenades de r\u00e9flexion dans une collection de peloton d\u00e9sign\u00e9e. Au bas de l&rsquo;\u00e9cran d&rsquo;accueil de l&rsquo;application, appuyez sur <strong>Parcourir tous les entra\u00eenements<\/strong>puis appuyez sur <strong>Collections<\/strong> en haut. Vous verrez la s\u00e9rie de formation Hyrox, les man\u00e8ges de r\u00e9flexion, et plus encore, tous collect\u00e9s dans des cat\u00e9gories faciles \u00e0 trouver. Vous pouvez \u00e9galement trouver des collections sur l&rsquo;\u00e9cran du v\u00e9lo en tapant <strong>Classes<\/strong> dans le menu inf\u00e9rieur, puis <strong>Collections<\/strong> en haut \u00e0 gauche. <\/p>\n<h2 id=\"why-i-like-these-classes\">Pourquoi j&rsquo;aime ces cours<\/h2>\n<p>Neuf fois sur 10, je veux transpirer, aller vite et me pousser, mais j&rsquo;aime aussi les avantages qui proviennent de ne pas faire cela de temps en temps. Je peux \u00eatre vraiment dur avec moi-m\u00eame, surtout en ce qui concerne mes objectifs de fitness, donc c&rsquo;est agr\u00e9able de prendre le temps de simplement bouger, de r\u00e9fl\u00e9chir \u00e0 la fa\u00e7on dont il <em>se sentir<\/em> Pour bouger et profiter du sentiment accompli de l&rsquo;avoir fait. <\/p>\n<p>\u00catre encourag\u00e9 \u00e0 r\u00e9fl\u00e9chir profond\u00e9ment \u00e0 la fa\u00e7on dont je me parle &#8211; encore une fois, surtout en ce qui concerne mes objectifs corporels &#8211; et \u00e0 reconna\u00eetre \u00e0 quel point il est agr\u00e9able d&rsquo;avoir le privil\u00e8ge de bouger du tout m&rsquo;aide \u00e0 r\u00e9orienter ma pens\u00e9e un peu. Au lieu de consid\u00e9rer l&rsquo;exercice comme quelque chose que je dois simplement faire pour r\u00e9aliser et maintenir le corps que je veux, je peux le voir comme quelque chose que j&rsquo;ai la chance d&rsquo;\u00eatre assez bien pour faire et quelque chose que je devrais faire par plaisir. <\/p>\n<p>Comme je l&rsquo;ai dit, je ne suis pas particuli\u00e8rement woo-woo, donc je ne dirais pas que je fais ce genre de chose beaucoup ou m\u00eame aussi souvent que je le devrais, mais avoir acc\u00e8s \u00e0 quelque chose qui me fonde tout en m&rsquo;aidant \u00e0 obtenir du cardio est plut\u00f4t g\u00e9nial. <\/p>\n","protected":false},"excerpt":{"rendered":"<p>Un peu de m\u00e9ditation et du cardio en un. Je l&rsquo;ai d\u00e9j\u00e0 dit et je le r\u00e9p\u00e8te: je ne suis pas un type de personne<\/p>\n","protected":false},"author":1,"featured_media":9188,"comment_status":"","ping_status":"","sticky":false,"template":"","format":"standard","meta":{"footnotes":""},"categories":[38],"tags":[64,6380],"class_list":["post-9187","post","type-post","status-publish","format-standard","has-post-thumbnail","hentry","category-sante","tag-jaime","tag-pensais","generate-columns","tablet-grid-50","mobile-grid-100","grid-parent","grid-33"],"yoast_head":"<!-- This site is optimized with the Yoast SEO plugin v24.0 - https:\/\/yoast.com\/wordpress\/plugins\/seo\/ -->\n<title>J&#039;aime plus que je ne le pensais que je ne le pensais que je ne le pensais | Vie Associative<\/title>\n<meta name=\"robots\" content=\"index, follow, max-snippet:-1, max-image-preview:large, max-video-preview:-1\" \/>\n<link rel=\"canonical\" href=\"https:\/\/vieassociative.be\/actualites\/jaime-plus-que-je-ne-le-pensais-que-je-ne-le-pensais-que-je-ne-le-pensais\/\" \/>\n<meta property=\"og:locale\" content=\"fr_FR\" \/>\n<meta property=\"og:type\" content=\"article\" \/>\n<meta property=\"og:title\" content=\"J&#039;aime plus que je ne le pensais que je ne le pensais que je ne le pensais | Vie Associative\" \/>\n<meta property=\"og:description\" content=\"Un peu de m\u00e9ditation et du cardio en un. Je l&rsquo;ai d\u00e9j\u00e0 dit et je le r\u00e9p\u00e8te: je ne suis pas un type de personne\" \/>\n<meta property=\"og:url\" content=\"https:\/\/vieassociative.be\/actualites\/jaime-plus-que-je-ne-le-pensais-que-je-ne-le-pensais-que-je-ne-le-pensais\/\" \/>\n<meta property=\"og:site_name\" content=\"Vie Associative\" \/>\n<meta property=\"article:published_time\" content=\"2025-08-04T01:17:00+00:00\" \/>\n<meta property=\"og:image\" content=\"https:\/\/vieassociative.be\/actualites\/wp-content\/uploads\/2024\/09\/header_backgroundk-01-e1726694325946.png\" \/>\n\t<meta property=\"og:image:width\" content=\"279\" \/>\n\t<meta property=\"og:image:height\" content=\"92\" \/>\n\t<meta property=\"og:image:type\" content=\"image\/png\" \/>\n<meta name=\"author\" content=\"Julien\" \/>\n<meta name=\"twitter:card\" content=\"summary_large_image\" \/>\n<meta name=\"twitter:label1\" content=\"\u00c9crit par\" \/>\n\t<meta name=\"twitter:data1\" content=\"Julien\" \/>\n\t<meta name=\"twitter:label2\" content=\"Dur\u00e9e de lecture est.\" \/>\n\t<meta name=\"twitter:data2\" content=\"4 minutes\" \/>\n<script type=\"application\/ld+json\" class=\"yoast-schema-graph\">{\"@context\":\"https:\/\/schema.org\",\"@graph\":[{\"@type\":\"Article\",\"@id\":\"https:\/\/vieassociative.be\/actualites\/jaime-plus-que-je-ne-le-pensais-que-je-ne-le-pensais-que-je-ne-le-pensais\/#article\",\"isPartOf\":{\"@id\":\"https:\/\/vieassociative.be\/actualites\/jaime-plus-que-je-ne-le-pensais-que-je-ne-le-pensais-que-je-ne-le-pensais\/\"},\"author\":{\"name\":\"Julien\",\"@id\":\"https:\/\/vieassociative.be\/actualites\/#\/schema\/person\/b87ac4f82f9d4e7b7cec7395b679edc4\"},\"headline\":\"J&rsquo;aime plus que je ne le pensais que je ne le pensais que je ne le pensais\",\"datePublished\":\"2025-08-04T01:17:00+00:00\",\"dateModified\":\"2025-08-04T01:17:00+00:00\",\"mainEntityOfPage\":{\"@id\":\"https:\/\/vieassociative.be\/actualites\/jaime-plus-que-je-ne-le-pensais-que-je-ne-le-pensais-que-je-ne-le-pensais\/\"},\"wordCount\":919,\"publisher\":{\"@id\":\"https:\/\/vieassociative.be\/actualites\/#organization\"},\"image\":{\"@id\":\"https:\/\/vieassociative.be\/actualites\/jaime-plus-que-je-ne-le-pensais-que-je-ne-le-pensais-que-je-ne-le-pensais\/#primaryimage\"},\"thumbnailUrl\":\"https:\/\/vieassociative.be\/actualites\/wp-content\/uploads\/2025\/08\/Jaime-plus-que-je-ne-le-pensais-que-je-ne.png\",\"keywords\":[\"jaime\",\"pensais\"],\"articleSection\":[\"Sant\u00e9\"],\"inLanguage\":\"fr-BE\"},{\"@type\":\"WebPage\",\"@id\":\"https:\/\/vieassociative.be\/actualites\/jaime-plus-que-je-ne-le-pensais-que-je-ne-le-pensais-que-je-ne-le-pensais\/\",\"url\":\"https:\/\/vieassociative.be\/actualites\/jaime-plus-que-je-ne-le-pensais-que-je-ne-le-pensais-que-je-ne-le-pensais\/\",\"name\":\"J'aime plus que je ne le pensais que je ne le pensais que je ne le pensais | Vie Associative\",\"isPartOf\":{\"@id\":\"https:\/\/vieassociative.be\/actualites\/#website\"},\"primaryImageOfPage\":{\"@id\":\"https:\/\/vieassociative.be\/actualites\/jaime-plus-que-je-ne-le-pensais-que-je-ne-le-pensais-que-je-ne-le-pensais\/#primaryimage\"},\"image\":{\"@id\":\"https:\/\/vieassociative.be\/actualites\/jaime-plus-que-je-ne-le-pensais-que-je-ne-le-pensais-que-je-ne-le-pensais\/#primaryimage\"},\"thumbnailUrl\":\"https:\/\/vieassociative.be\/actualites\/wp-content\/uploads\/2025\/08\/Jaime-plus-que-je-ne-le-pensais-que-je-ne.png\",\"datePublished\":\"2025-08-04T01:17:00+00:00\",\"dateModified\":\"2025-08-04T01:17:00+00:00\",\"breadcrumb\":{\"@id\":\"https:\/\/vieassociative.be\/actualites\/jaime-plus-que-je-ne-le-pensais-que-je-ne-le-pensais-que-je-ne-le-pensais\/#breadcrumb\"},\"inLanguage\":\"fr-BE\",\"potentialAction\":[{\"@type\":\"ReadAction\",\"target\":[\"https:\/\/vieassociative.be\/actualites\/jaime-plus-que-je-ne-le-pensais-que-je-ne-le-pensais-que-je-ne-le-pensais\/\"]}]},{\"@type\":\"ImageObject\",\"inLanguage\":\"fr-BE\",\"@id\":\"https:\/\/vieassociative.be\/actualites\/jaime-plus-que-je-ne-le-pensais-que-je-ne-le-pensais-que-je-ne-le-pensais\/#primaryimage\",\"url\":\"https:\/\/vieassociative.be\/actualites\/wp-content\/uploads\/2025\/08\/Jaime-plus-que-je-ne-le-pensais-que-je-ne.png\",\"contentUrl\":\"https:\/\/vieassociative.be\/actualites\/wp-content\/uploads\/2025\/08\/Jaime-plus-que-je-ne-le-pensais-que-je-ne.png\",\"width\":1200,\"height\":675,\"caption\":\"J'aime plus que je ne le pensais que je ne le pensais que je ne le pensais\"},{\"@type\":\"BreadcrumbList\",\"@id\":\"https:\/\/vieassociative.be\/actualites\/jaime-plus-que-je-ne-le-pensais-que-je-ne-le-pensais-que-je-ne-le-pensais\/#breadcrumb\",\"itemListElement\":[{\"@type\":\"ListItem\",\"position\":1,\"name\":\"Accueil\",\"item\":\"https:\/\/vieassociative.be\/actualites\/\"},{\"@type\":\"ListItem\",\"position\":2,\"name\":\"J&rsquo;aime plus que je ne le pensais que je ne le pensais que je ne le pensais\"}]},{\"@type\":\"WebSite\",\"@id\":\"https:\/\/vieassociative.be\/actualites\/#website\",\"url\":\"https:\/\/vieassociative.be\/actualites\/\",\"name\":\"Vie Associative\",\"description\":\"\",\"publisher\":{\"@id\":\"https:\/\/vieassociative.be\/actualites\/#organization\"},\"potentialAction\":[{\"@type\":\"SearchAction\",\"target\":{\"@type\":\"EntryPoint\",\"urlTemplate\":\"https:\/\/vieassociative.be\/actualites\/?s={search_term_string}\"},\"query-input\":{\"@type\":\"PropertyValueSpecification\",\"valueRequired\":true,\"valueName\":\"search_term_string\"}}],\"inLanguage\":\"fr-BE\"},{\"@type\":\"Organization\",\"@id\":\"https:\/\/vieassociative.be\/actualites\/#organization\",\"name\":\"Vie Associative\",\"url\":\"https:\/\/vieassociative.be\/actualites\/\",\"logo\":{\"@type\":\"ImageObject\",\"inLanguage\":\"fr-BE\",\"@id\":\"https:\/\/vieassociative.be\/actualites\/#\/schema\/logo\/image\/\",\"url\":\"https:\/\/vieassociative.be\/actualites\/wp-content\/uploads\/2024\/09\/cropped-vieassociative_favicon.ico.png\",\"contentUrl\":\"https:\/\/vieassociative.be\/actualites\/wp-content\/uploads\/2024\/09\/cropped-vieassociative_favicon.ico.png\",\"width\":512,\"height\":512,\"caption\":\"Vie Associative\"},\"image\":{\"@id\":\"https:\/\/vieassociative.be\/actualites\/#\/schema\/logo\/image\/\"}},{\"@type\":\"Person\",\"@id\":\"https:\/\/vieassociative.be\/actualites\/#\/schema\/person\/b87ac4f82f9d4e7b7cec7395b679edc4\",\"name\":\"Julien\",\"image\":{\"@type\":\"ImageObject\",\"inLanguage\":\"fr-BE\",\"@id\":\"https:\/\/vieassociative.be\/actualites\/#\/schema\/person\/image\/\",\"url\":\"https:\/\/vieassociative.be\/actualites\/wp-content\/uploads\/2024\/09\/vie-associative-1-150x150.jpg\",\"contentUrl\":\"https:\/\/vieassociative.be\/actualites\/wp-content\/uploads\/2024\/09\/vie-associative-1-150x150.jpg\",\"caption\":\"Julien\"},\"description\":\"Je suis Julien, r\u00e9dacteur pour Vie Associative. Passionn\u00e9 par le monde associatif depuis plus de 10 ans, j'ai \u00e0 c\u0153ur de partager des histoires inspirantes et de mettre en lumi\u00e8re les initiatives locales. Mon objectif est de sensibiliser et d'encourager l'engagement communautaire \u00e0 travers mes articles.\",\"sameAs\":[\"https:\/\/vieassociative.be\/\"]}]}<\/script>\n<!-- \/ Yoast SEO plugin. -->","yoast_head_json":{"title":"J'aime plus que je ne le pensais que je ne le pensais que je ne le pensais | Vie Associative","robots":{"index":"index","follow":"follow","max-snippet":"max-snippet:-1","max-image-preview":"max-image-preview:large","max-video-preview":"max-video-preview:-1"},"canonical":"https:\/\/vieassociative.be\/actualites\/jaime-plus-que-je-ne-le-pensais-que-je-ne-le-pensais-que-je-ne-le-pensais\/","og_locale":"fr_FR","og_type":"article","og_title":"J'aime plus que je ne le pensais que je ne le pensais que je ne le pensais | Vie Associative","og_description":"Un peu de m\u00e9ditation et du cardio en un. Je l&rsquo;ai d\u00e9j\u00e0 dit et je le r\u00e9p\u00e8te: je ne suis pas un type de personne","og_url":"https:\/\/vieassociative.be\/actualites\/jaime-plus-que-je-ne-le-pensais-que-je-ne-le-pensais-que-je-ne-le-pensais\/","og_site_name":"Vie Associative","article_published_time":"2025-08-04T01:17:00+00:00","og_image":[{"width":279,"height":92,"url":"https:\/\/vieassociative.be\/actualites\/wp-content\/uploads\/2024\/09\/header_backgroundk-01-e1726694325946.png","type":"image\/png"}],"author":"Julien","twitter_card":"summary_large_image","twitter_misc":{"\u00c9crit par":"Julien","Dur\u00e9e de lecture est.":"4 minutes"},"schema":{"@context":"https:\/\/schema.org","@graph":[{"@type":"Article","@id":"https:\/\/vieassociative.be\/actualites\/jaime-plus-que-je-ne-le-pensais-que-je-ne-le-pensais-que-je-ne-le-pensais\/#article","isPartOf":{"@id":"https:\/\/vieassociative.be\/actualites\/jaime-plus-que-je-ne-le-pensais-que-je-ne-le-pensais-que-je-ne-le-pensais\/"},"author":{"name":"Julien","@id":"https:\/\/vieassociative.be\/actualites\/#\/schema\/person\/b87ac4f82f9d4e7b7cec7395b679edc4"},"headline":"J&rsquo;aime plus que je ne le pensais que je ne le pensais que je ne le pensais","datePublished":"2025-08-04T01:17:00+00:00","dateModified":"2025-08-04T01:17:00+00:00","mainEntityOfPage":{"@id":"https:\/\/vieassociative.be\/actualites\/jaime-plus-que-je-ne-le-pensais-que-je-ne-le-pensais-que-je-ne-le-pensais\/"},"wordCount":919,"publisher":{"@id":"https:\/\/vieassociative.be\/actualites\/#organization"},"image":{"@id":"https:\/\/vieassociative.be\/actualites\/jaime-plus-que-je-ne-le-pensais-que-je-ne-le-pensais-que-je-ne-le-pensais\/#primaryimage"},"thumbnailUrl":"https:\/\/vieassociative.be\/actualites\/wp-content\/uploads\/2025\/08\/Jaime-plus-que-je-ne-le-pensais-que-je-ne.png","keywords":["jaime","pensais"],"articleSection":["Sant\u00e9"],"inLanguage":"fr-BE"},{"@type":"WebPage","@id":"https:\/\/vieassociative.be\/actualites\/jaime-plus-que-je-ne-le-pensais-que-je-ne-le-pensais-que-je-ne-le-pensais\/","url":"https:\/\/vieassociative.be\/actualites\/jaime-plus-que-je-ne-le-pensais-que-je-ne-le-pensais-que-je-ne-le-pensais\/","name":"J'aime plus que je ne le pensais que je ne le pensais que je ne le pensais | Vie Associative","isPartOf":{"@id":"https:\/\/vieassociative.be\/actualites\/#website"},"primaryImageOfPage":{"@id":"https:\/\/vieassociative.be\/actualites\/jaime-plus-que-je-ne-le-pensais-que-je-ne-le-pensais-que-je-ne-le-pensais\/#primaryimage"},"image":{"@id":"https:\/\/vieassociative.be\/actualites\/jaime-plus-que-je-ne-le-pensais-que-je-ne-le-pensais-que-je-ne-le-pensais\/#primaryimage"},"thumbnailUrl":"https:\/\/vieassociative.be\/actualites\/wp-content\/uploads\/2025\/08\/Jaime-plus-que-je-ne-le-pensais-que-je-ne.png","datePublished":"2025-08-04T01:17:00+00:00","dateModified":"2025-08-04T01:17:00+00:00","breadcrumb":{"@id":"https:\/\/vieassociative.be\/actualites\/jaime-plus-que-je-ne-le-pensais-que-je-ne-le-pensais-que-je-ne-le-pensais\/#breadcrumb"},"inLanguage":"fr-BE","potentialAction":[{"@type":"ReadAction","target":["https:\/\/vieassociative.be\/actualites\/jaime-plus-que-je-ne-le-pensais-que-je-ne-le-pensais-que-je-ne-le-pensais\/"]}]},{"@type":"ImageObject","inLanguage":"fr-BE","@id":"https:\/\/vieassociative.be\/actualites\/jaime-plus-que-je-ne-le-pensais-que-je-ne-le-pensais-que-je-ne-le-pensais\/#primaryimage","url":"https:\/\/vieassociative.be\/actualites\/wp-content\/uploads\/2025\/08\/Jaime-plus-que-je-ne-le-pensais-que-je-ne.png","contentUrl":"https:\/\/vieassociative.be\/actualites\/wp-content\/uploads\/2025\/08\/Jaime-plus-que-je-ne-le-pensais-que-je-ne.png","width":1200,"height":675,"caption":"J'aime plus que je ne le pensais que je ne le pensais que je ne le pensais"},{"@type":"BreadcrumbList","@id":"https:\/\/vieassociative.be\/actualites\/jaime-plus-que-je-ne-le-pensais-que-je-ne-le-pensais-que-je-ne-le-pensais\/#breadcrumb","itemListElement":[{"@type":"ListItem","position":1,"name":"Accueil","item":"https:\/\/vieassociative.be\/actualites\/"},{"@type":"ListItem","position":2,"name":"J&rsquo;aime plus que je ne le pensais que je ne le pensais que je ne le pensais"}]},{"@type":"WebSite","@id":"https:\/\/vieassociative.be\/actualites\/#website","url":"https:\/\/vieassociative.be\/actualites\/","name":"Vie Associative","description":"","publisher":{"@id":"https:\/\/vieassociative.be\/actualites\/#organization"},"potentialAction":[{"@type":"SearchAction","target":{"@type":"EntryPoint","urlTemplate":"https:\/\/vieassociative.be\/actualites\/?s={search_term_string}"},"query-input":{"@type":"PropertyValueSpecification","valueRequired":true,"valueName":"search_term_string"}}],"inLanguage":"fr-BE"},{"@type":"Organization","@id":"https:\/\/vieassociative.be\/actualites\/#organization","name":"Vie Associative","url":"https:\/\/vieassociative.be\/actualites\/","logo":{"@type":"ImageObject","inLanguage":"fr-BE","@id":"https:\/\/vieassociative.be\/actualites\/#\/schema\/logo\/image\/","url":"https:\/\/vieassociative.be\/actualites\/wp-content\/uploads\/2024\/09\/cropped-vieassociative_favicon.ico.png","contentUrl":"https:\/\/vieassociative.be\/actualites\/wp-content\/uploads\/2024\/09\/cropped-vieassociative_favicon.ico.png","width":512,"height":512,"caption":"Vie Associative"},"image":{"@id":"https:\/\/vieassociative.be\/actualites\/#\/schema\/logo\/image\/"}},{"@type":"Person","@id":"https:\/\/vieassociative.be\/actualites\/#\/schema\/person\/b87ac4f82f9d4e7b7cec7395b679edc4","name":"Julien","image":{"@type":"ImageObject","inLanguage":"fr-BE","@id":"https:\/\/vieassociative.be\/actualites\/#\/schema\/person\/image\/","url":"https:\/\/vieassociative.be\/actualites\/wp-content\/uploads\/2024\/09\/vie-associative-1-150x150.jpg","contentUrl":"https:\/\/vieassociative.be\/actualites\/wp-content\/uploads\/2024\/09\/vie-associative-1-150x150.jpg","caption":"Julien"},"description":"Je suis Julien, r\u00e9dacteur pour Vie Associative. Passionn\u00e9 par le monde associatif depuis plus de 10 ans, j'ai \u00e0 c\u0153ur de partager des histoires inspirantes et de mettre en lumi\u00e8re les initiatives locales. Mon objectif est de sensibiliser et d'encourager l'engagement communautaire \u00e0 travers mes articles.","sameAs":["https:\/\/vieassociative.be\/"]}]}},"_links":{"self":[{"href":"https:\/\/vieassociative.be\/actualites\/wp-json\/wp\/v2\/posts\/9187"}],"collection":[{"href":"https:\/\/vieassociative.be\/actualites\/wp-json\/wp\/v2\/posts"}],"about":[{"href":"https:\/\/vieassociative.be\/actualites\/wp-json\/wp\/v2\/types\/post"}],"author":[{"embeddable":true,"href":"https:\/\/vieassociative.be\/actualites\/wp-json\/wp\/v2\/users\/1"}],"replies":[{"embeddable":true,"href":"https:\/\/vieassociative.be\/actualites\/wp-json\/wp\/v2\/comments?post=9187"}],"version-history":[{"count":0,"href":"https:\/\/vieassociative.be\/actualites\/wp-json\/wp\/v2\/posts\/9187\/revisions"}],"wp:featuredmedia":[{"embeddable":true,"href":"https:\/\/vieassociative.be\/actualites\/wp-json\/wp\/v2\/media\/9188"}],"wp:attachment":[{"href":"https:\/\/vieassociative.be\/actualites\/wp-json\/wp\/v2\/media?parent=9187"}],"wp:term":[{"taxonomy":"category","embeddable":true,"href":"https:\/\/vieassociative.be\/actualites\/wp-json\/wp\/v2\/categories?post=9187"},{"taxonomy":"post_tag","embeddable":true,"href":"https:\/\/vieassociative.be\/actualites\/wp-json\/wp\/v2\/tags?post=9187"}],"curies":[{"name":"wp","href":"https:\/\/api.w.org\/{rel}","templated":true}]}}