{"id":9185,"date":"2025-08-03T22:17:07","date_gmt":"2025-08-03T20:17:07","guid":{"rendered":"https:\/\/vieassociative.be\/actualites\/hut-complete-au-43rd-eupener-tyrolean-festival-galerie-de-photos\/"},"modified":"2025-08-03T22:17:07","modified_gmt":"2025-08-03T20:17:07","slug":"hut-complete-au-43rd-eupener-tyrolean-festival-galerie-de-photos","status":"publish","type":"post","link":"https:\/\/vieassociative.be\/actualites\/hut-complete-au-43rd-eupener-tyrolean-festival-galerie-de-photos\/","title":{"rendered":"Hut compl\u00e8te au 43rd Eupener Tyrolean Festival (galerie de photos)"},"content":{"rendered":"<p><strong>Il n&rsquo;y a probablement pas d&rsquo;autre f\u00eate en dehors de la \u00ab\u00a0cinqui\u00e8me saison\u00a0\u00bb \u00e0 Eupen, qui cr\u00e9e une humeur telle que le festival tyrolien. Le photographe Helmut Koch a assist\u00e9 \u00e0 l&rsquo;\u00e9v\u00e9nement pour \u00abl&rsquo;est de la Belgique directement\u00bb. Voici ses photos (voir la galerie de photos).<\/strong><\/p>\n<p><span id=\"more-421588\"><\/span>Comme indiqu\u00e9 en 2025, la r\u00e9gion de la dolomite \u00e9tait l&rsquo;ALM de Seiser dans le Tyrol du sud de la r\u00e9gion partenaire &#8211; une \u00e9l\u00e9gante visite de retour de nombreux Belges orientaux qui y partent en vacances.<\/p>\n<p>Le 43e festival tyrolien Eupener a commenc\u00e9 vendredi soir avec la f\u00eate de l&rsquo;\u00e9t\u00e9 \u00e0 l&rsquo;Eastbelgica Event Lieu sur la place Eupen. Il y avait de la musique live de VIP de Stuttgart, connu, parmi l&rsquo;Oktoberfest.<\/p>\n<div id=\"attachment_421663\" class=\"wp-caption alignleft\" style=\"max-width: 300px\"><img decoding=\"async\" class=\"wp-image-421663 size-medium\" src=\"https:\/\/vieassociative.be\/actualites\/wp-content\/uploads\/2025\/08\/Hut-complete-au-43rd-Eupener-Tyrolean-Festival-galerie-de-photos.jpg\" alt=\"\" width=\"300\" height=\"160\"  ><\/div>\n<p>Samedi, nous avons continu\u00e9 dans la ville inf\u00e9rieure avec le V\u00f6ls Music Band sur Schlern, Schlernwind et des spectacles de danse par l&rsquo;Alpler Plattlergitschen.<\/p>\n<p>Le point culminant a suivi dans la soir\u00e9e dans l&#8217;emplacement de l&rsquo;\u00e9v\u00e9nement dans l&rsquo;Eupen Plaza, qui a \u00e9t\u00e9 d\u00e9cor\u00e9 de grands efforts, avec des performances en direct de Die Ladiner, de la chanteuse pop Rosanna Rocci et de Schlernwind.<\/p>\n<p>Le grand panorama alpin dans l&#8217;emplacement de l&rsquo;\u00e9v\u00e9nement a non seulement cr\u00e9\u00e9 la meilleure atmosph\u00e8re, car vous en faites chaque ann\u00e9e au Festival Tyrolean Eupener, mais devrait \u00e9galement convaincre tous ceux qui souhaitent le chapiteau sur la valeur de la valeur de ce m\u00e9ga \u00e9v\u00e9nement.<\/p>\n<p>Dimanche, le festival tyrolien en 2025 a pris fin apr\u00e8s une c\u00e9r\u00e9monie de mesure dans l&rsquo;\u00e9glise paroissiale de Saint-Nikolaus et la pinte du matin musical dans le lieu de l&rsquo;\u00e9v\u00e9nement. Les fans de Tyrol attendent avec impatience le prochain festival tyrolien en un an. (Cre)<\/p>\n<p><em><strong>Vous trouverez ci-dessous une galerie de photos avec des photos du photographe Helmut Koch du 43rd Eupener TiroLerfest (cliquez pour l&rsquo;\u00e9largissement):<\/strong><\/em><\/p>\n<div class=\"wp-gallery row\">\n<figure class=\"column small-6 medium-3 end\"><img decoding=\"async\" src=\"https:\/\/vieassociative.be\/actualites\/wp-content\/uploads\/2025\/08\/1754252225_38_Hut-complete-au-43rd-Eupener-Tyrolean-Festival-galerie-de-photos.jpg\" width=\"159\" height=\"159\" alt=\"\"><\/figure>\n<figure class=\"column small-6 medium-3 end\"><img decoding=\"async\" src=\"https:\/\/vieassociative.be\/actualites\/wp-content\/uploads\/2025\/08\/1754252225_708_Hut-complete-au-43rd-Eupener-Tyrolean-Festival-galerie-de-photos.jpg\" width=\"159\" height=\"159\" alt=\"\"><\/figure>\n<figure class=\"column small-6 medium-3 end\"><img loading=\"lazy\" decoding=\"async\" src=\"https:\/\/vieassociative.be\/actualites\/wp-content\/uploads\/2025\/08\/1754252225_468_Hut-complete-au-43rd-Eupener-Tyrolean-Festival-galerie-de-photos.jpg\" width=\"159\" height=\"159\" alt=\"\"><\/figure>\n<figure class=\"column small-6 medium-3 end\"><img loading=\"lazy\" decoding=\"async\" src=\"https:\/\/vieassociative.be\/actualites\/wp-content\/uploads\/2025\/08\/1754252226_982_Hut-complete-au-43rd-Eupener-Tyrolean-Festival-galerie-de-photos.jpg\" width=\"159\" height=\"159\" alt=\"\"><\/figure>\n<figure class=\"column small-6 medium-3 end\"><img loading=\"lazy\" decoding=\"async\" src=\"https:\/\/vieassociative.be\/actualites\/wp-content\/uploads\/2025\/08\/1754252226_604_Hut-complete-au-43rd-Eupener-Tyrolean-Festival-galerie-de-photos.jpg\" width=\"159\" height=\"159\" alt=\"\"><\/figure>\n<figure class=\"column small-6 medium-3 end\"><img loading=\"lazy\" decoding=\"async\" src=\"https:\/\/vieassociative.be\/actualites\/wp-content\/uploads\/2025\/08\/1754252226_923_Hut-complete-au-43rd-Eupener-Tyrolean-Festival-galerie-de-photos.jpg\" width=\"159\" height=\"159\" alt=\"\"><\/figure>\n<figure class=\"column small-6 medium-3 end\"><img loading=\"lazy\" decoding=\"async\" src=\"https:\/\/vieassociative.be\/actualites\/wp-content\/uploads\/2025\/08\/1754252226_572_Hut-complete-au-43rd-Eupener-Tyrolean-Festival-galerie-de-photos.jpg\" width=\"159\" height=\"159\" alt=\"\"><\/figure>\n<figure class=\"column small-6 medium-3 end\"><img loading=\"lazy\" decoding=\"async\" src=\"https:\/\/vieassociative.be\/actualites\/wp-content\/uploads\/2025\/08\/1754252226_853_Hut-complete-au-43rd-Eupener-Tyrolean-Festival-galerie-de-photos.jpg\" width=\"159\" height=\"159\" alt=\"\"><\/figure>\n<figure class=\"column small-6 medium-3 end\"><img loading=\"lazy\" decoding=\"async\" src=\"https:\/\/vieassociative.be\/actualites\/wp-content\/uploads\/2025\/08\/1754252226_559_Hut-complete-au-43rd-Eupener-Tyrolean-Festival-galerie-de-photos.jpg\" width=\"159\" height=\"159\" alt=\"\"><\/figure>\n<figure class=\"column small-6 medium-3 end\"><img loading=\"lazy\" decoding=\"async\" src=\"https:\/\/vieassociative.be\/actualites\/wp-content\/uploads\/2025\/08\/1754252226_7_Hut-complete-au-43rd-Eupener-Tyrolean-Festival-galerie-de-photos.jpg\" width=\"159\" height=\"159\" alt=\"\"><\/figure>\n<figure class=\"column small-6 medium-3 end\"><img loading=\"lazy\" decoding=\"async\" src=\"https:\/\/vieassociative.be\/actualites\/wp-content\/uploads\/2025\/08\/1754252226_513_Hut-complete-au-43rd-Eupener-Tyrolean-Festival-galerie-de-photos.jpg\" width=\"159\" height=\"159\" alt=\"\"><\/figure>\n<figure class=\"column small-6 medium-3 end\"><img loading=\"lazy\" decoding=\"async\" src=\"https:\/\/vieassociative.be\/actualites\/wp-content\/uploads\/2025\/08\/1754252226_922_Hut-complete-au-43rd-Eupener-Tyrolean-Festival-galerie-de-photos.jpg\" width=\"159\" height=\"159\" alt=\"\"><\/figure>\n<figure class=\"column small-6 medium-3 end\"><img loading=\"lazy\" decoding=\"async\" src=\"https:\/\/vieassociative.be\/actualites\/wp-content\/uploads\/2025\/08\/1754252226_824_Hut-complete-au-43rd-Eupener-Tyrolean-Festival-galerie-de-photos.jpg\" width=\"159\" height=\"159\" alt=\"\"><\/figure>\n<figure class=\"column small-6 medium-3 end\"><img loading=\"lazy\" decoding=\"async\" src=\"https:\/\/vieassociative.be\/actualites\/wp-content\/uploads\/2025\/08\/1754252226_257_Hut-complete-au-43rd-Eupener-Tyrolean-Festival-galerie-de-photos.jpg\" width=\"159\" height=\"159\" alt=\"\"><\/figure>\n<figure class=\"column small-6 medium-3 end\"><img loading=\"lazy\" decoding=\"async\" src=\"https:\/\/vieassociative.be\/actualites\/wp-content\/uploads\/2025\/08\/1754252226_595_Hut-complete-au-43rd-Eupener-Tyrolean-Festival-galerie-de-photos.jpg\" width=\"159\" height=\"159\" alt=\"\"><\/figure>\n<figure class=\"column small-6 medium-3 end\"><img loading=\"lazy\" decoding=\"async\" src=\"https:\/\/vieassociative.be\/actualites\/wp-content\/uploads\/2025\/08\/1754252226_739_Hut-complete-au-43rd-Eupener-Tyrolean-Festival-galerie-de-photos.jpg\" width=\"159\" height=\"159\" alt=\"\"><\/figure>\n<figure class=\"column small-6 medium-3 end\"><img loading=\"lazy\" decoding=\"async\" src=\"https:\/\/vieassociative.be\/actualites\/wp-content\/uploads\/2025\/08\/1754252226_591_Hut-complete-au-43rd-Eupener-Tyrolean-Festival-galerie-de-photos.jpg\" width=\"159\" height=\"159\" alt=\"\"><\/figure>\n<figure class=\"column small-6 medium-3 end\"><img loading=\"lazy\" decoding=\"async\" src=\"https:\/\/vieassociative.be\/actualites\/wp-content\/uploads\/2025\/08\/1754252226_902_Hut-complete-au-43rd-Eupener-Tyrolean-Festival-galerie-de-photos.jpg\" width=\"159\" height=\"159\" alt=\"\"><\/figure>\n<figure class=\"column small-6 medium-3 end\"><img loading=\"lazy\" decoding=\"async\" src=\"https:\/\/vieassociative.be\/actualites\/wp-content\/uploads\/2025\/08\/1754252226_236_Hut-complete-au-43rd-Eupener-Tyrolean-Festival-galerie-de-photos.jpg\" width=\"159\" height=\"159\" alt=\"\"><\/figure>\n<figure class=\"column small-6 medium-3 end\"><img loading=\"lazy\" decoding=\"async\" src=\"https:\/\/vieassociative.be\/actualites\/wp-content\/uploads\/2025\/08\/1754252226_243_Hut-complete-au-43rd-Eupener-Tyrolean-Festival-galerie-de-photos.jpg\" width=\"159\" height=\"159\" alt=\"\"><\/figure>\n<figure class=\"column small-6 medium-3 end\"><img loading=\"lazy\" decoding=\"async\" src=\"https:\/\/vieassociative.be\/actualites\/wp-content\/uploads\/2025\/08\/1754252226_8_Hut-complete-au-43rd-Eupener-Tyrolean-Festival-galerie-de-photos.jpg\" width=\"159\" height=\"159\" alt=\"\"><\/figure>\n<figure class=\"column small-6 medium-3 end\"><img loading=\"lazy\" decoding=\"async\" src=\"https:\/\/vieassociative.be\/actualites\/wp-content\/uploads\/2025\/08\/1754252226_826_Hut-complete-au-43rd-Eupener-Tyrolean-Festival-galerie-de-photos.jpg\" width=\"159\" height=\"159\" alt=\"\"><\/figure>\n<figure class=\"column small-6 medium-3 end\"><img loading=\"lazy\" decoding=\"async\" src=\"https:\/\/vieassociative.be\/actualites\/wp-content\/uploads\/2025\/08\/1754252226_117_Hut-complete-au-43rd-Eupener-Tyrolean-Festival-galerie-de-photos.jpg\" width=\"159\" height=\"159\" alt=\"\"><\/figure>\n<figure class=\"column small-6 medium-3 end\"><img loading=\"lazy\" decoding=\"async\" src=\"https:\/\/vieassociative.be\/actualites\/wp-content\/uploads\/2025\/08\/1754252226_493_Hut-complete-au-43rd-Eupener-Tyrolean-Festival-galerie-de-photos.jpg\" width=\"159\" height=\"159\" alt=\"\"><\/figure>\n<figure class=\"column small-6 medium-3 end\"><img loading=\"lazy\" decoding=\"async\" src=\"https:\/\/vieassociative.be\/actualites\/wp-content\/uploads\/2025\/08\/1754252226_838_Hut-complete-au-43rd-Eupener-Tyrolean-Festival-galerie-de-photos.jpg\" width=\"159\" height=\"159\" alt=\"\"><\/figure>\n<figure class=\"column small-6 medium-3 end\"><img loading=\"lazy\" decoding=\"async\" src=\"https:\/\/vieassociative.be\/actualites\/wp-content\/uploads\/2025\/08\/1754252226_633_Hut-complete-au-43rd-Eupener-Tyrolean-Festival-galerie-de-photos.jpg\" width=\"159\" height=\"159\" alt=\"\"><\/figure>\n<figure class=\"column small-6 medium-3 end\"><img loading=\"lazy\" decoding=\"async\" src=\"https:\/\/vieassociative.be\/actualites\/wp-content\/uploads\/2025\/08\/1754252226_53_Hut-complete-au-43rd-Eupener-Tyrolean-Festival-galerie-de-photos.jpg\" width=\"159\" height=\"159\" alt=\"\"><\/figure>\n<figure class=\"column small-6 medium-3 end\"><img loading=\"lazy\" decoding=\"async\" src=\"https:\/\/vieassociative.be\/actualites\/wp-content\/uploads\/2025\/08\/1754252226_936_Hut-complete-au-43rd-Eupener-Tyrolean-Festival-galerie-de-photos.jpg\" width=\"159\" height=\"159\" alt=\"\"><\/figure>\n<figure class=\"column small-6 medium-3 end\"><img loading=\"lazy\" decoding=\"async\" src=\"https:\/\/vieassociative.be\/actualites\/wp-content\/uploads\/2025\/08\/1754252226_936_Hut-complete-au-43rd-Eupener-Tyrolean-Festival-galerie-de-photos.jpg\" width=\"159\" height=\"159\" alt=\"\"><\/figure>\n<figure class=\"column small-6 medium-3 end\"><img loading=\"lazy\" decoding=\"async\" src=\"https:\/\/vieassociative.be\/actualites\/wp-content\/uploads\/2025\/08\/1754252226_76_Hut-complete-au-43rd-Eupener-Tyrolean-Festival-galerie-de-photos.jpg\" width=\"159\" height=\"159\" alt=\"\"><\/figure>\n<figure class=\"column small-6 medium-3 end\"><img loading=\"lazy\" decoding=\"async\" src=\"https:\/\/vieassociative.be\/actualites\/wp-content\/uploads\/2025\/08\/1754252226_628_Hut-complete-au-43rd-Eupener-Tyrolean-Festival-galerie-de-photos.jpg\" width=\"159\" height=\"159\" alt=\"\"><\/figure>\n<figure class=\"column small-6 medium-3 end\"><img loading=\"lazy\" decoding=\"async\" src=\"https:\/\/vieassociative.be\/actualites\/wp-content\/uploads\/2025\/08\/1754252227_728_Hut-complete-au-43rd-Eupener-Tyrolean-Festival-galerie-de-photos.jpg\" width=\"159\" height=\"159\" alt=\"\"><\/figure>\n<figure class=\"column small-6 medium-3 end\"><img loading=\"lazy\" decoding=\"async\" src=\"https:\/\/vieassociative.be\/actualites\/wp-content\/uploads\/2025\/08\/1754252227_957_Hut-complete-au-43rd-Eupener-Tyrolean-Festival-galerie-de-photos.jpg\" width=\"159\" height=\"159\" alt=\"\"><\/figure>\n<figure class=\"column small-6 medium-3 end\"><img loading=\"lazy\" decoding=\"async\" src=\"https:\/\/vieassociative.be\/actualites\/wp-content\/uploads\/2025\/08\/1754252227_119_Hut-complete-au-43rd-Eupener-Tyrolean-Festival-galerie-de-photos.jpg\" width=\"159\" height=\"159\" alt=\"\"><\/figure>\n<figure class=\"column small-6 medium-3 end\"><img loading=\"lazy\" decoding=\"async\" src=\"https:\/\/vieassociative.be\/actualites\/wp-content\/uploads\/2025\/08\/1754252227_760_Hut-complete-au-43rd-Eupener-Tyrolean-Festival-galerie-de-photos.jpg\" width=\"159\" height=\"159\" alt=\"\"><\/figure>\n<figure class=\"column small-6 medium-3 end\"><img loading=\"lazy\" decoding=\"async\" src=\"https:\/\/vieassociative.be\/actualites\/wp-content\/uploads\/2025\/08\/1754252227_910_Hut-complete-au-43rd-Eupener-Tyrolean-Festival-galerie-de-photos.jpg\" width=\"159\" height=\"159\" alt=\"\"><\/figure>\n<figure class=\"column small-6 medium-3 end\"><img loading=\"lazy\" decoding=\"async\" src=\"https:\/\/vieassociative.be\/actualites\/wp-content\/uploads\/2025\/08\/1754252227_441_Hut-complete-au-43rd-Eupener-Tyrolean-Festival-galerie-de-photos.jpg\" width=\"159\" height=\"159\" alt=\"\"><\/figure>\n<figure class=\"column small-6 medium-3 end\"><img loading=\"lazy\" decoding=\"async\" src=\"https:\/\/vieassociative.be\/actualites\/wp-content\/uploads\/2025\/08\/1754252227_697_Hut-complete-au-43rd-Eupener-Tyrolean-Festival-galerie-de-photos.jpg\" width=\"159\" height=\"159\" alt=\"\"><\/figure>\n<figure class=\"column small-6 medium-3 end\"><img loading=\"lazy\" decoding=\"async\" src=\"https:\/\/vieassociative.be\/actualites\/wp-content\/uploads\/2025\/08\/1754252227_270_Hut-complete-au-43rd-Eupener-Tyrolean-Festival-galerie-de-photos.jpg\" width=\"159\" height=\"159\" alt=\"\"><\/figure>\n<figure class=\"column small-6 medium-3 end\"><img loading=\"lazy\" decoding=\"async\" src=\"https:\/\/vieassociative.be\/actualites\/wp-content\/uploads\/2025\/08\/1754252227_746_Hut-complete-au-43rd-Eupener-Tyrolean-Festival-galerie-de-photos.jpg\" width=\"159\" height=\"159\" alt=\"\"><\/figure>\n<figure class=\"column small-6 medium-3 end\"><img loading=\"lazy\" decoding=\"async\" src=\"https:\/\/vieassociative.be\/actualites\/wp-content\/uploads\/2025\/08\/1754252227_485_Hut-complete-au-43rd-Eupener-Tyrolean-Festival-galerie-de-photos.jpg\" width=\"159\" height=\"159\" alt=\"\"><\/figure>\n<figure class=\"column small-6 medium-3 end\"><img loading=\"lazy\" decoding=\"async\" src=\"https:\/\/vieassociative.be\/actualites\/wp-content\/uploads\/2025\/08\/1754252227_701_Hut-complete-au-43rd-Eupener-Tyrolean-Festival-galerie-de-photos.jpg\" width=\"159\" height=\"159\" alt=\"\"><\/figure>\n<figure class=\"column small-6 medium-3 end\"><img loading=\"lazy\" decoding=\"async\" src=\"https:\/\/vieassociative.be\/actualites\/wp-content\/uploads\/2025\/08\/1754252227_131_Hut-complete-au-43rd-Eupener-Tyrolean-Festival-galerie-de-photos.jpg\" width=\"159\" height=\"159\" alt=\"\"><\/figure>\n<figure class=\"column small-6 medium-3 end\"><img loading=\"lazy\" decoding=\"async\" src=\"https:\/\/vieassociative.be\/actualites\/wp-content\/uploads\/2025\/08\/1754252227_119_Hut-complete-au-43rd-Eupener-Tyrolean-Festival-galerie-de-photos.jpg\" width=\"159\" height=\"159\" alt=\"\"><\/figure>\n<figure class=\"column small-6 medium-3 end\"><img loading=\"lazy\" decoding=\"async\" src=\"https:\/\/vieassociative.be\/actualites\/wp-content\/uploads\/2025\/08\/1754252227_433_Hut-complete-au-43rd-Eupener-Tyrolean-Festival-galerie-de-photos.jpg\" width=\"159\" height=\"159\" alt=\"\"><\/figure>\n<figure class=\"column small-6 medium-3 end\"><img loading=\"lazy\" decoding=\"async\" src=\"https:\/\/vieassociative.be\/actualites\/wp-content\/uploads\/2025\/08\/1754252227_734_Hut-complete-au-43rd-Eupener-Tyrolean-Festival-galerie-de-photos.jpg\" width=\"159\" height=\"159\" alt=\"\"><\/figure>\n<\/div>\n","protected":false},"excerpt":{"rendered":"<p>Il n&rsquo;y a probablement pas d&rsquo;autre f\u00eate en dehors de la \u00ab\u00a0cinqui\u00e8me saison\u00a0\u00bb \u00e0 Eupen, qui cr\u00e9e une humeur telle que le festival tyrolien. Le<\/p>\n","protected":false},"author":1,"featured_media":9186,"comment_status":"","ping_status":"","sticky":false,"template":"","format":"standard","meta":{"footnotes":""},"categories":[298],"tags":[8027,8026,5049,557,3257,1367,283,7940],"class_list":["post-9185","post","type-post","status-publish","format-standard","has-post-thumbnail","hentry","category-belgique","tag-43rd","tag-complete","tag-eupener","tag-festival","tag-galerie","tag-hut","tag-photos","tag-tyrolean","generate-columns","tablet-grid-50","mobile-grid-100","grid-parent","grid-33"],"yoast_head":"<!-- This site is optimized with the Yoast SEO plugin v24.0 - https:\/\/yoast.com\/wordpress\/plugins\/seo\/ -->\n<title>Hut compl\u00e8te au 43rd Eupener Tyrolean Festival (galerie de photos) | Vie Associative<\/title>\n<meta name=\"robots\" content=\"index, follow, max-snippet:-1, max-image-preview:large, max-video-preview:-1\" \/>\n<link rel=\"canonical\" href=\"https:\/\/vieassociative.be\/actualites\/hut-complete-au-43rd-eupener-tyrolean-festival-galerie-de-photos\/\" \/>\n<meta property=\"og:locale\" content=\"fr_FR\" \/>\n<meta property=\"og:type\" content=\"article\" \/>\n<meta property=\"og:title\" content=\"Hut compl\u00e8te au 43rd Eupener Tyrolean Festival (galerie de photos) | Vie Associative\" \/>\n<meta property=\"og:description\" content=\"Il n&rsquo;y a probablement pas d&rsquo;autre f\u00eate en dehors de la \u00ab\u00a0cinqui\u00e8me saison\u00a0\u00bb \u00e0 Eupen, qui cr\u00e9e une humeur telle que le festival tyrolien. Le\" \/>\n<meta property=\"og:url\" content=\"https:\/\/vieassociative.be\/actualites\/hut-complete-au-43rd-eupener-tyrolean-festival-galerie-de-photos\/\" \/>\n<meta property=\"og:site_name\" content=\"Vie Associative\" \/>\n<meta property=\"article:published_time\" content=\"2025-08-03T20:17:07+00:00\" \/>\n<meta property=\"og:image\" content=\"https:\/\/vieassociative.be\/actualites\/wp-content\/uploads\/2024\/09\/header_backgroundk-01-e1726694325946.png\" \/>\n\t<meta property=\"og:image:width\" content=\"279\" \/>\n\t<meta property=\"og:image:height\" content=\"92\" \/>\n\t<meta property=\"og:image:type\" content=\"image\/png\" \/>\n<meta name=\"author\" content=\"Julien\" \/>\n<meta name=\"twitter:card\" content=\"summary_large_image\" \/>\n<meta name=\"twitter:label1\" content=\"\u00c9crit par\" \/>\n\t<meta name=\"twitter:data1\" content=\"Julien\" \/>\n\t<meta name=\"twitter:label2\" content=\"Dur\u00e9e de lecture est.\" \/>\n\t<meta name=\"twitter:data2\" content=\"2 minutes\" \/>\n<script type=\"application\/ld+json\" class=\"yoast-schema-graph\">{\"@context\":\"https:\/\/schema.org\",\"@graph\":[{\"@type\":\"Article\",\"@id\":\"https:\/\/vieassociative.be\/actualites\/hut-complete-au-43rd-eupener-tyrolean-festival-galerie-de-photos\/#article\",\"isPartOf\":{\"@id\":\"https:\/\/vieassociative.be\/actualites\/hut-complete-au-43rd-eupener-tyrolean-festival-galerie-de-photos\/\"},\"author\":{\"name\":\"Julien\",\"@id\":\"https:\/\/vieassociative.be\/actualites\/#\/schema\/person\/b87ac4f82f9d4e7b7cec7395b679edc4\"},\"headline\":\"Hut compl\u00e8te au 43rd Eupener Tyrolean Festival (galerie de photos)\",\"datePublished\":\"2025-08-03T20:17:07+00:00\",\"dateModified\":\"2025-08-03T20:17:07+00:00\",\"mainEntityOfPage\":{\"@id\":\"https:\/\/vieassociative.be\/actualites\/hut-complete-au-43rd-eupener-tyrolean-festival-galerie-de-photos\/\"},\"wordCount\":338,\"publisher\":{\"@id\":\"https:\/\/vieassociative.be\/actualites\/#organization\"},\"image\":{\"@id\":\"https:\/\/vieassociative.be\/actualites\/hut-complete-au-43rd-eupener-tyrolean-festival-galerie-de-photos\/#primaryimage\"},\"thumbnailUrl\":\"https:\/\/vieassociative.be\/actualites\/wp-content\/uploads\/2025\/08\/1754252230_Hut-complete-au-43rd-Eupener-Tyrolean-Festival-galerie-de-photos.jpg\",\"keywords\":[\"43rd\",\"compl\u00e8te\",\"Eupener\",\"festival\",\"galerie\",\"Hut\",\"Photos\",\"Tyrolean\"],\"articleSection\":[\"Belgique\"],\"inLanguage\":\"fr-BE\"},{\"@type\":\"WebPage\",\"@id\":\"https:\/\/vieassociative.be\/actualites\/hut-complete-au-43rd-eupener-tyrolean-festival-galerie-de-photos\/\",\"url\":\"https:\/\/vieassociative.be\/actualites\/hut-complete-au-43rd-eupener-tyrolean-festival-galerie-de-photos\/\",\"name\":\"Hut compl\u00e8te au 43rd Eupener Tyrolean Festival (galerie de photos) | Vie Associative\",\"isPartOf\":{\"@id\":\"https:\/\/vieassociative.be\/actualites\/#website\"},\"primaryImageOfPage\":{\"@id\":\"https:\/\/vieassociative.be\/actualites\/hut-complete-au-43rd-eupener-tyrolean-festival-galerie-de-photos\/#primaryimage\"},\"image\":{\"@id\":\"https:\/\/vieassociative.be\/actualites\/hut-complete-au-43rd-eupener-tyrolean-festival-galerie-de-photos\/#primaryimage\"},\"thumbnailUrl\":\"https:\/\/vieassociative.be\/actualites\/wp-content\/uploads\/2025\/08\/1754252230_Hut-complete-au-43rd-Eupener-Tyrolean-Festival-galerie-de-photos.jpg\",\"datePublished\":\"2025-08-03T20:17:07+00:00\",\"dateModified\":\"2025-08-03T20:17:07+00:00\",\"breadcrumb\":{\"@id\":\"https:\/\/vieassociative.be\/actualites\/hut-complete-au-43rd-eupener-tyrolean-festival-galerie-de-photos\/#breadcrumb\"},\"inLanguage\":\"fr-BE\",\"potentialAction\":[{\"@type\":\"ReadAction\",\"target\":[\"https:\/\/vieassociative.be\/actualites\/hut-complete-au-43rd-eupener-tyrolean-festival-galerie-de-photos\/\"]}]},{\"@type\":\"ImageObject\",\"inLanguage\":\"fr-BE\",\"@id\":\"https:\/\/vieassociative.be\/actualites\/hut-complete-au-43rd-eupener-tyrolean-festival-galerie-de-photos\/#primaryimage\",\"url\":\"https:\/\/vieassociative.be\/actualites\/wp-content\/uploads\/2025\/08\/1754252230_Hut-complete-au-43rd-Eupener-Tyrolean-Festival-galerie-de-photos.jpg\",\"contentUrl\":\"https:\/\/vieassociative.be\/actualites\/wp-content\/uploads\/2025\/08\/1754252230_Hut-complete-au-43rd-Eupener-Tyrolean-Festival-galerie-de-photos.jpg\",\"width\":1200,\"height\":795,\"caption\":\"Hut compl\u00e8te au 43rd Eupener Tyrolean Festival (galerie de photos)\"},{\"@type\":\"BreadcrumbList\",\"@id\":\"https:\/\/vieassociative.be\/actualites\/hut-complete-au-43rd-eupener-tyrolean-festival-galerie-de-photos\/#breadcrumb\",\"itemListElement\":[{\"@type\":\"ListItem\",\"position\":1,\"name\":\"Accueil\",\"item\":\"https:\/\/vieassociative.be\/actualites\/\"},{\"@type\":\"ListItem\",\"position\":2,\"name\":\"Hut compl\u00e8te au 43rd Eupener Tyrolean Festival (galerie de photos)\"}]},{\"@type\":\"WebSite\",\"@id\":\"https:\/\/vieassociative.be\/actualites\/#website\",\"url\":\"https:\/\/vieassociative.be\/actualites\/\",\"name\":\"Vie Associative\",\"description\":\"\",\"publisher\":{\"@id\":\"https:\/\/vieassociative.be\/actualites\/#organization\"},\"potentialAction\":[{\"@type\":\"SearchAction\",\"target\":{\"@type\":\"EntryPoint\",\"urlTemplate\":\"https:\/\/vieassociative.be\/actualites\/?s={search_term_string}\"},\"query-input\":{\"@type\":\"PropertyValueSpecification\",\"valueRequired\":true,\"valueName\":\"search_term_string\"}}],\"inLanguage\":\"fr-BE\"},{\"@type\":\"Organization\",\"@id\":\"https:\/\/vieassociative.be\/actualites\/#organization\",\"name\":\"Vie Associative\",\"url\":\"https:\/\/vieassociative.be\/actualites\/\",\"logo\":{\"@type\":\"ImageObject\",\"inLanguage\":\"fr-BE\",\"@id\":\"https:\/\/vieassociative.be\/actualites\/#\/schema\/logo\/image\/\",\"url\":\"https:\/\/vieassociative.be\/actualites\/wp-content\/uploads\/2024\/09\/cropped-vieassociative_favicon.ico.png\",\"contentUrl\":\"https:\/\/vieassociative.be\/actualites\/wp-content\/uploads\/2024\/09\/cropped-vieassociative_favicon.ico.png\",\"width\":512,\"height\":512,\"caption\":\"Vie Associative\"},\"image\":{\"@id\":\"https:\/\/vieassociative.be\/actualites\/#\/schema\/logo\/image\/\"}},{\"@type\":\"Person\",\"@id\":\"https:\/\/vieassociative.be\/actualites\/#\/schema\/person\/b87ac4f82f9d4e7b7cec7395b679edc4\",\"name\":\"Julien\",\"image\":{\"@type\":\"ImageObject\",\"inLanguage\":\"fr-BE\",\"@id\":\"https:\/\/vieassociative.be\/actualites\/#\/schema\/person\/image\/\",\"url\":\"https:\/\/vieassociative.be\/actualites\/wp-content\/uploads\/2024\/09\/vie-associative-1-150x150.jpg\",\"contentUrl\":\"https:\/\/vieassociative.be\/actualites\/wp-content\/uploads\/2024\/09\/vie-associative-1-150x150.jpg\",\"caption\":\"Julien\"},\"description\":\"Je suis Julien, r\u00e9dacteur pour Vie Associative. Passionn\u00e9 par le monde associatif depuis plus de 10 ans, j'ai \u00e0 c\u0153ur de partager des histoires inspirantes et de mettre en lumi\u00e8re les initiatives locales. Mon objectif est de sensibiliser et d'encourager l'engagement communautaire \u00e0 travers mes articles.\",\"sameAs\":[\"https:\/\/vieassociative.be\/\"]}]}<\/script>\n<!-- \/ Yoast SEO plugin. -->","yoast_head_json":{"title":"Hut compl\u00e8te au 43rd Eupener Tyrolean Festival (galerie de photos) | Vie Associative","robots":{"index":"index","follow":"follow","max-snippet":"max-snippet:-1","max-image-preview":"max-image-preview:large","max-video-preview":"max-video-preview:-1"},"canonical":"https:\/\/vieassociative.be\/actualites\/hut-complete-au-43rd-eupener-tyrolean-festival-galerie-de-photos\/","og_locale":"fr_FR","og_type":"article","og_title":"Hut compl\u00e8te au 43rd Eupener Tyrolean Festival (galerie de photos) | Vie Associative","og_description":"Il n&rsquo;y a probablement pas d&rsquo;autre f\u00eate en dehors de la \u00ab\u00a0cinqui\u00e8me saison\u00a0\u00bb \u00e0 Eupen, qui cr\u00e9e une humeur telle que le festival tyrolien. Le","og_url":"https:\/\/vieassociative.be\/actualites\/hut-complete-au-43rd-eupener-tyrolean-festival-galerie-de-photos\/","og_site_name":"Vie Associative","article_published_time":"2025-08-03T20:17:07+00:00","og_image":[{"width":279,"height":92,"url":"https:\/\/vieassociative.be\/actualites\/wp-content\/uploads\/2024\/09\/header_backgroundk-01-e1726694325946.png","type":"image\/png"}],"author":"Julien","twitter_card":"summary_large_image","twitter_misc":{"\u00c9crit par":"Julien","Dur\u00e9e de lecture est.":"2 minutes"},"schema":{"@context":"https:\/\/schema.org","@graph":[{"@type":"Article","@id":"https:\/\/vieassociative.be\/actualites\/hut-complete-au-43rd-eupener-tyrolean-festival-galerie-de-photos\/#article","isPartOf":{"@id":"https:\/\/vieassociative.be\/actualites\/hut-complete-au-43rd-eupener-tyrolean-festival-galerie-de-photos\/"},"author":{"name":"Julien","@id":"https:\/\/vieassociative.be\/actualites\/#\/schema\/person\/b87ac4f82f9d4e7b7cec7395b679edc4"},"headline":"Hut compl\u00e8te au 43rd Eupener Tyrolean Festival (galerie de photos)","datePublished":"2025-08-03T20:17:07+00:00","dateModified":"2025-08-03T20:17:07+00:00","mainEntityOfPage":{"@id":"https:\/\/vieassociative.be\/actualites\/hut-complete-au-43rd-eupener-tyrolean-festival-galerie-de-photos\/"},"wordCount":338,"publisher":{"@id":"https:\/\/vieassociative.be\/actualites\/#organization"},"image":{"@id":"https:\/\/vieassociative.be\/actualites\/hut-complete-au-43rd-eupener-tyrolean-festival-galerie-de-photos\/#primaryimage"},"thumbnailUrl":"https:\/\/vieassociative.be\/actualites\/wp-content\/uploads\/2025\/08\/1754252230_Hut-complete-au-43rd-Eupener-Tyrolean-Festival-galerie-de-photos.jpg","keywords":["43rd","compl\u00e8te","Eupener","festival","galerie","Hut","Photos","Tyrolean"],"articleSection":["Belgique"],"inLanguage":"fr-BE"},{"@type":"WebPage","@id":"https:\/\/vieassociative.be\/actualites\/hut-complete-au-43rd-eupener-tyrolean-festival-galerie-de-photos\/","url":"https:\/\/vieassociative.be\/actualites\/hut-complete-au-43rd-eupener-tyrolean-festival-galerie-de-photos\/","name":"Hut compl\u00e8te au 43rd Eupener Tyrolean Festival (galerie de photos) | Vie Associative","isPartOf":{"@id":"https:\/\/vieassociative.be\/actualites\/#website"},"primaryImageOfPage":{"@id":"https:\/\/vieassociative.be\/actualites\/hut-complete-au-43rd-eupener-tyrolean-festival-galerie-de-photos\/#primaryimage"},"image":{"@id":"https:\/\/vieassociative.be\/actualites\/hut-complete-au-43rd-eupener-tyrolean-festival-galerie-de-photos\/#primaryimage"},"thumbnailUrl":"https:\/\/vieassociative.be\/actualites\/wp-content\/uploads\/2025\/08\/1754252230_Hut-complete-au-43rd-Eupener-Tyrolean-Festival-galerie-de-photos.jpg","datePublished":"2025-08-03T20:17:07+00:00","dateModified":"2025-08-03T20:17:07+00:00","breadcrumb":{"@id":"https:\/\/vieassociative.be\/actualites\/hut-complete-au-43rd-eupener-tyrolean-festival-galerie-de-photos\/#breadcrumb"},"inLanguage":"fr-BE","potentialAction":[{"@type":"ReadAction","target":["https:\/\/vieassociative.be\/actualites\/hut-complete-au-43rd-eupener-tyrolean-festival-galerie-de-photos\/"]}]},{"@type":"ImageObject","inLanguage":"fr-BE","@id":"https:\/\/vieassociative.be\/actualites\/hut-complete-au-43rd-eupener-tyrolean-festival-galerie-de-photos\/#primaryimage","url":"https:\/\/vieassociative.be\/actualites\/wp-content\/uploads\/2025\/08\/1754252230_Hut-complete-au-43rd-Eupener-Tyrolean-Festival-galerie-de-photos.jpg","contentUrl":"https:\/\/vieassociative.be\/actualites\/wp-content\/uploads\/2025\/08\/1754252230_Hut-complete-au-43rd-Eupener-Tyrolean-Festival-galerie-de-photos.jpg","width":1200,"height":795,"caption":"Hut compl\u00e8te au 43rd Eupener Tyrolean Festival (galerie de photos)"},{"@type":"BreadcrumbList","@id":"https:\/\/vieassociative.be\/actualites\/hut-complete-au-43rd-eupener-tyrolean-festival-galerie-de-photos\/#breadcrumb","itemListElement":[{"@type":"ListItem","position":1,"name":"Accueil","item":"https:\/\/vieassociative.be\/actualites\/"},{"@type":"ListItem","position":2,"name":"Hut compl\u00e8te au 43rd Eupener Tyrolean Festival (galerie de photos)"}]},{"@type":"WebSite","@id":"https:\/\/vieassociative.be\/actualites\/#website","url":"https:\/\/vieassociative.be\/actualites\/","name":"Vie Associative","description":"","publisher":{"@id":"https:\/\/vieassociative.be\/actualites\/#organization"},"potentialAction":[{"@type":"SearchAction","target":{"@type":"EntryPoint","urlTemplate":"https:\/\/vieassociative.be\/actualites\/?s={search_term_string}"},"query-input":{"@type":"PropertyValueSpecification","valueRequired":true,"valueName":"search_term_string"}}],"inLanguage":"fr-BE"},{"@type":"Organization","@id":"https:\/\/vieassociative.be\/actualites\/#organization","name":"Vie Associative","url":"https:\/\/vieassociative.be\/actualites\/","logo":{"@type":"ImageObject","inLanguage":"fr-BE","@id":"https:\/\/vieassociative.be\/actualites\/#\/schema\/logo\/image\/","url":"https:\/\/vieassociative.be\/actualites\/wp-content\/uploads\/2024\/09\/cropped-vieassociative_favicon.ico.png","contentUrl":"https:\/\/vieassociative.be\/actualites\/wp-content\/uploads\/2024\/09\/cropped-vieassociative_favicon.ico.png","width":512,"height":512,"caption":"Vie Associative"},"image":{"@id":"https:\/\/vieassociative.be\/actualites\/#\/schema\/logo\/image\/"}},{"@type":"Person","@id":"https:\/\/vieassociative.be\/actualites\/#\/schema\/person\/b87ac4f82f9d4e7b7cec7395b679edc4","name":"Julien","image":{"@type":"ImageObject","inLanguage":"fr-BE","@id":"https:\/\/vieassociative.be\/actualites\/#\/schema\/person\/image\/","url":"https:\/\/vieassociative.be\/actualites\/wp-content\/uploads\/2024\/09\/vie-associative-1-150x150.jpg","contentUrl":"https:\/\/vieassociative.be\/actualites\/wp-content\/uploads\/2024\/09\/vie-associative-1-150x150.jpg","caption":"Julien"},"description":"Je suis Julien, r\u00e9dacteur pour Vie Associative. Passionn\u00e9 par le monde associatif depuis plus de 10 ans, j'ai \u00e0 c\u0153ur de partager des histoires inspirantes et de mettre en lumi\u00e8re les initiatives locales. Mon objectif est de sensibiliser et d'encourager l'engagement communautaire \u00e0 travers mes articles.","sameAs":["https:\/\/vieassociative.be\/"]}]}},"_links":{"self":[{"href":"https:\/\/vieassociative.be\/actualites\/wp-json\/wp\/v2\/posts\/9185"}],"collection":[{"href":"https:\/\/vieassociative.be\/actualites\/wp-json\/wp\/v2\/posts"}],"about":[{"href":"https:\/\/vieassociative.be\/actualites\/wp-json\/wp\/v2\/types\/post"}],"author":[{"embeddable":true,"href":"https:\/\/vieassociative.be\/actualites\/wp-json\/wp\/v2\/users\/1"}],"replies":[{"embeddable":true,"href":"https:\/\/vieassociative.be\/actualites\/wp-json\/wp\/v2\/comments?post=9185"}],"version-history":[{"count":0,"href":"https:\/\/vieassociative.be\/actualites\/wp-json\/wp\/v2\/posts\/9185\/revisions"}],"wp:featuredmedia":[{"embeddable":true,"href":"https:\/\/vieassociative.be\/actualites\/wp-json\/wp\/v2\/media\/9186"}],"wp:attachment":[{"href":"https:\/\/vieassociative.be\/actualites\/wp-json\/wp\/v2\/media?parent=9185"}],"wp:term":[{"taxonomy":"category","embeddable":true,"href":"https:\/\/vieassociative.be\/actualites\/wp-json\/wp\/v2\/categories?post=9185"},{"taxonomy":"post_tag","embeddable":true,"href":"https:\/\/vieassociative.be\/actualites\/wp-json\/wp\/v2\/tags?post=9185"}],"curies":[{"name":"wp","href":"https:\/\/api.w.org\/{rel}","templated":true}]}}