{"id":9177,"date":"2025-08-03T16:18:04","date_gmt":"2025-08-03T14:18:04","guid":{"rendered":"https:\/\/vieassociative.be\/actualites\/sauf-pour-les-os-de-lemacie-geisel-du-hamas-doit-pelleter-dans-une-video-atroceptive-propre\/"},"modified":"2025-08-03T16:18:04","modified_gmt":"2025-08-03T14:18:04","slug":"sauf-pour-les-os-de-lemacie-geisel-du-hamas-doit-pelleter-dans-une-video-atroceptive-propre","status":"publish","type":"post","link":"https:\/\/vieassociative.be\/actualites\/sauf-pour-les-os-de-lemacie-geisel-du-hamas-doit-pelleter-dans-une-video-atroceptive-propre\/","title":{"rendered":"Sauf pour les os de l&rsquo;\u00e9maci\u00e9 Geisel du Hamas doit pelleter dans une vid\u00e9o atroceptive \u00ab\u00a0propre\u00a0\u00bb"},"content":{"rendered":"<p><strong>Les islamistes utilisent la famine de leurs victimes pour la propagande cynique. La famille d&rsquo;un otage accepte de publier un clip &#8211; elle veut rendre la souffrance de son fils visible.<\/strong><\/p>\n<p><span id=\"more-421600\"><\/span>Une auberge captur\u00e9e par l&rsquo;islamiste du Hamas dans la bande de Gaza doit pelleter sa \u00abpropre tombe\u00bb dans une vid\u00e9o de propagande de l&rsquo;organisation terroriste. Le clip de pr\u00e8s de cinq minutes montre que Evjatar, \u00e2g\u00e9 de 24 ans, a \u00e9maci\u00e9 dans un tunnel \u00e9troit \u00e0 l&rsquo;exception des os. La famille de la victime d&rsquo;enl\u00e8vement a approuv\u00e9 la publication.<\/p>\n<p>\u00ab\u00a0Le Hamas abuse de notre fils comme sujet de test dans une campagne de faim maligne\u00a0\u00bb, a \u00e9crit la famille dans un communiqu\u00e9. \u00ab\u00a0Vous le laissez mourir de faim, juste \u00e0 des fins de propagande du Hamas.\u00a0\u00bb<\/p>\n<div id=\"attachment_421604\" class=\"wp-caption alignleft\" style=\"max-width: 300px\"><img fetchpriority=\"high\" decoding=\"async\" class=\"wp-image-421604 size-medium\" src=\"https:\/\/vieassociative.be\/actualites\/wp-content\/uploads\/2025\/08\/Sauf-pour-les-os-de-lemacie-Geisel-du-Hamas-doit.jpg\" alt=\"\" width=\"300\" height=\"200\"><\/div>\n<p>David a \u00e9t\u00e9 enlev\u00e9 le 7 octobre 2023 en tant que visiteur du NOVA Music Festival dans le sud d&rsquo;Isra\u00ebl dans l&rsquo;attaque du Hamas et d&rsquo;autres groupes palestiniens. Dans la vid\u00e9o, il \u00e9num\u00e8re les jours en juillet, il n&rsquo;a obtenu que des haricots ou des lentilles ou rien \u00e0 manger. Parfois, il y avait deux ou trois jours de suite o\u00f9 il ne recevait pas du tout de nourriture.<\/p>\n<p>\u00c0 un moment donn\u00e9 au Premier ministre isra\u00e9lien Benjamin Netanyahu: \u00ab\u00a0J&rsquo;ai \u00e9t\u00e9 compl\u00e8tement abandonn\u00e9 par vous, mon premier ministre, par vous, qui devrait prendre soin de moi et de tous les autres prisonniers.\u00a0\u00bb Le Hamas d\u00e9crit ses otages dans sa langue de propagande comme des \u00ab\u00a0prisonniers\u00a0\u00bb.<\/p>\n<p>Une sc\u00e8ne visiblement plac\u00e9e \u00e0 la fin du clip montre David avec une pelle dans sa main avec laquelle il annule une appuye dans le fond sablonneux du tunnel. \u00ab\u00a0Je creuse ma propre tombe ici\u00a0\u00bb, dit-il. Il deviendrait plus faible de jour en jour, et il croit que ce sera sa tombe. Le clip se termine par le message texte: \u00ab\u00a0Seul un accord de cessez-le-feu vous ram\u00e8ne (les otages)\u00a0\u00bb.<\/p>\n<div id=\"attachment_407536\" class=\"wp-caption alignleft\" style=\"max-width: 300px\"><img decoding=\"async\" class=\"wp-image-407536 size-medium\" src=\"https:\/\/vieassociative.be\/actualites\/wp-content\/uploads\/2025\/02\/1738786650_779_Trump-veut-faire-de-Gaza-un-Riviera-du-Moyen-Orient.jpg\" alt=\"\" width=\"300\" height=\"200\"><\/div>\n<p><strong>&#8211; 20 otages vivants dans la bande de Gaza:<\/strong> Selon Isra\u00e9lien, il y a encore 50 otages dans la violence du Hamas et d&rsquo;autres groupes, dont au moins 20 devraient encore \u00eatre en vie. Pour le moment, des mois d&rsquo;efforts pour provoquer un cessez-le-feu par le biais de n\u00e9gociations indirectes entre Isra\u00ebl et le Hamas et pour provoquer la lib\u00e9ration des otages sont consid\u00e9r\u00e9s comme bons que l&rsquo;\u00e9chec.<\/p>\n<p>L&rsquo;attaque terroriste sans pr\u00e9c\u00e9dent en octobre 2023 avait d\u00e9clench\u00e9 la guerre de Gaza. Les agresseurs avaient tu\u00e9 plus de 1 200 personnes et en tra\u00een\u00e9 250 autres en otages dans les bandes de Gaza. Isra\u00ebl a r\u00e9agi avec des frappes a\u00e9riennes et une offensive du sol.<\/p>\n<p>Selon l&rsquo;autorit\u00e9 sanitaire contr\u00f4l\u00e9e par le Hamas, 60 000 Palestiniens ont \u00e9t\u00e9 tu\u00e9s dans la guerre persistants \u00e0 ce jour. Le nombre ne fait pas la diff\u00e9rence entre les combattants et les civils. La grande majorit\u00e9 des victimes seraient des femmes, des mineurs et des personnes \u00e2g\u00e9es. (DPA)<\/p>\n<p><em><strong>Sur le sujet, voir \u00e9galement l&rsquo;article suivant sur OD:<\/strong><\/em><\/p>\n<div class=\"responsive-embed widescreen\">\n<blockquote class=\"wp-embedded-content\" data-secret=\"ysUrRZd23W\">\n<p>La Belgique devrait-elle reconna\u00eetre la Palestine? Gaza pourrait devenir une pierre d&rsquo;achoppement pour le gouvernement de l&rsquo;Arizona<\/p>\n<\/blockquote>\n<p><iframe loading=\"lazy\" class=\"wp-embedded-content\" sandbox=\"allow-scripts\" security=\"restricted\" style=\"position: absolute; visibility: hidden;\" title=\"\u201eSoll Belgien Pal\u00e4stina anerkennen? Gaza k\u00f6nnte zu einem Stolperstein f\u00fcr die Arizona-Regierung werden\u201c \u2014 Ostbelgien Direkt\" src=\"https:\/\/ostbelgiendirekt.be\/about:blank\" data-secret=\"ysUrRZd23W\" width=\"500\" height=\"282\" frameborder=\"0\" marginwidth=\"0\" marginheight=\"0\" scrolling=\"no\" data-rocket-lazyload=\"fitvidscompatible\" data-lazy-src=\"https:\/\/ostbelgiendirekt.be\/gaza-und-die-arizona-koalition-421410\/embed#?secret=ReL2Nlcl4N#?secret=ysUrRZd23W\"><\/iframe><noscript><iframe class=\"wp-embedded-content\" sandbox=\"allow-scripts\" security=\"restricted\" style=\"position: absolute; visibility: hidden;\" title=\"\u201eSoll Belgien Pal\u00e4stina anerkennen? Gaza k\u00f6nnte zu einem Stolperstein f\u00fcr die Arizona-Regierung werden\u201c \u2014 Ostbelgien Direkt\" src=\"https:\/\/ostbelgiendirekt.be\/gaza-und-die-arizona-koalition-421410\/embed#?secret=ReL2Nlcl4N#?secret=ysUrRZd23W\" data-secret=\"ysUrRZd23W\" width=\"500\" height=\"282\" frameborder=\"0\" marginwidth=\"0\" marginheight=\"0\" scrolling=\"no\"><\/iframe><\/noscript><\/p>\n<\/div>\n","protected":false},"excerpt":{"rendered":"<p>Les islamistes utilisent la famine de leurs victimes pour la propagande cynique. La famille d&rsquo;un otage accepte de publier un clip &#8211; elle veut rendre<\/p>\n","protected":false},"author":1,"featured_media":9178,"comment_status":"","ping_status":"","sticky":false,"template":"","format":"standard","meta":{"footnotes":""},"categories":[298],"tags":[8021,166,2552,8019,4944,8018,14,8020,81,2292,8017,110,1204],"class_list":["post-9177","post","type-post","status-publish","format-standard","has-post-thumbnail","hentry","category-belgique","tag-atroceptive","tag-dans","tag-doit","tag-geisel","tag-hamas","tag-lemacie","tag-les","tag-pelleter","tag-pour","tag-propre","tag-sauf","tag-une","tag-video","generate-columns","tablet-grid-50","mobile-grid-100","grid-parent","grid-33"],"yoast_head":"<!-- This site is optimized with the Yoast SEO plugin v24.0 - https:\/\/yoast.com\/wordpress\/plugins\/seo\/ -->\n<title>Sauf pour les os de l&#039;\u00e9maci\u00e9 Geisel du Hamas doit pelleter dans une vid\u00e9o atroceptive &quot;propre&quot; | Vie Associative<\/title>\n<meta name=\"robots\" content=\"index, follow, max-snippet:-1, max-image-preview:large, max-video-preview:-1\" \/>\n<link rel=\"canonical\" href=\"https:\/\/vieassociative.be\/actualites\/sauf-pour-les-os-de-lemacie-geisel-du-hamas-doit-pelleter-dans-une-video-atroceptive-propre\/\" \/>\n<meta property=\"og:locale\" content=\"fr_FR\" \/>\n<meta property=\"og:type\" content=\"article\" \/>\n<meta property=\"og:title\" content=\"Sauf pour les os de l&#039;\u00e9maci\u00e9 Geisel du Hamas doit pelleter dans une vid\u00e9o atroceptive &quot;propre&quot; | Vie Associative\" \/>\n<meta property=\"og:description\" content=\"Les islamistes utilisent la famine de leurs victimes pour la propagande cynique. La famille d&rsquo;un otage accepte de publier un clip &#8211; elle veut rendre\" \/>\n<meta property=\"og:url\" content=\"https:\/\/vieassociative.be\/actualites\/sauf-pour-les-os-de-lemacie-geisel-du-hamas-doit-pelleter-dans-une-video-atroceptive-propre\/\" \/>\n<meta property=\"og:site_name\" content=\"Vie Associative\" \/>\n<meta property=\"article:published_time\" content=\"2025-08-03T14:18:04+00:00\" \/>\n<meta property=\"og:image\" content=\"https:\/\/vieassociative.be\/actualites\/wp-content\/uploads\/2024\/09\/header_backgroundk-01-e1726694325946.png\" \/>\n\t<meta property=\"og:image:width\" content=\"279\" \/>\n\t<meta property=\"og:image:height\" content=\"92\" \/>\n\t<meta property=\"og:image:type\" content=\"image\/png\" \/>\n<meta name=\"author\" content=\"Julien\" \/>\n<meta name=\"twitter:card\" content=\"summary_large_image\" \/>\n<meta name=\"twitter:label1\" content=\"\u00c9crit par\" \/>\n\t<meta name=\"twitter:data1\" content=\"Julien\" \/>\n\t<meta name=\"twitter:label2\" content=\"Dur\u00e9e de lecture est.\" \/>\n\t<meta name=\"twitter:data2\" content=\"3 minutes\" \/>\n<script type=\"application\/ld+json\" class=\"yoast-schema-graph\">{\"@context\":\"https:\/\/schema.org\",\"@graph\":[{\"@type\":\"Article\",\"@id\":\"https:\/\/vieassociative.be\/actualites\/sauf-pour-les-os-de-lemacie-geisel-du-hamas-doit-pelleter-dans-une-video-atroceptive-propre\/#article\",\"isPartOf\":{\"@id\":\"https:\/\/vieassociative.be\/actualites\/sauf-pour-les-os-de-lemacie-geisel-du-hamas-doit-pelleter-dans-une-video-atroceptive-propre\/\"},\"author\":{\"name\":\"Julien\",\"@id\":\"https:\/\/vieassociative.be\/actualites\/#\/schema\/person\/b87ac4f82f9d4e7b7cec7395b679edc4\"},\"headline\":\"Sauf pour les os de l&rsquo;\u00e9maci\u00e9 Geisel du Hamas doit pelleter dans une vid\u00e9o atroceptive \u00ab\u00a0propre\u00a0\u00bb\",\"datePublished\":\"2025-08-03T14:18:04+00:00\",\"dateModified\":\"2025-08-03T14:18:04+00:00\",\"mainEntityOfPage\":{\"@id\":\"https:\/\/vieassociative.be\/actualites\/sauf-pour-les-os-de-lemacie-geisel-du-hamas-doit-pelleter-dans-une-video-atroceptive-propre\/\"},\"wordCount\":549,\"publisher\":{\"@id\":\"https:\/\/vieassociative.be\/actualites\/#organization\"},\"image\":{\"@id\":\"https:\/\/vieassociative.be\/actualites\/sauf-pour-les-os-de-lemacie-geisel-du-hamas-doit-pelleter-dans-une-video-atroceptive-propre\/#primaryimage\"},\"thumbnailUrl\":\"https:\/\/vieassociative.be\/actualites\/wp-content\/uploads\/2025\/08\/1754230684_Sauf-pour-les-os-de-lemacie-Geisel-du-Hamas-doit.jpg\",\"keywords\":[\"atroceptive\",\"dans\",\"doit\",\"Geisel\",\"Hamas\",\"l\u00e9maci\u00e9\",\"Les\",\"pelleter\",\"pour\",\"propre\",\"Sauf\",\"une\",\"vid\u00e9o\"],\"articleSection\":[\"Belgique\"],\"inLanguage\":\"fr-BE\"},{\"@type\":\"WebPage\",\"@id\":\"https:\/\/vieassociative.be\/actualites\/sauf-pour-les-os-de-lemacie-geisel-du-hamas-doit-pelleter-dans-une-video-atroceptive-propre\/\",\"url\":\"https:\/\/vieassociative.be\/actualites\/sauf-pour-les-os-de-lemacie-geisel-du-hamas-doit-pelleter-dans-une-video-atroceptive-propre\/\",\"name\":\"Sauf pour les os de l'\u00e9maci\u00e9 Geisel du Hamas doit pelleter dans une vid\u00e9o atroceptive \\\"propre\\\" | Vie Associative\",\"isPartOf\":{\"@id\":\"https:\/\/vieassociative.be\/actualites\/#website\"},\"primaryImageOfPage\":{\"@id\":\"https:\/\/vieassociative.be\/actualites\/sauf-pour-les-os-de-lemacie-geisel-du-hamas-doit-pelleter-dans-une-video-atroceptive-propre\/#primaryimage\"},\"image\":{\"@id\":\"https:\/\/vieassociative.be\/actualites\/sauf-pour-les-os-de-lemacie-geisel-du-hamas-doit-pelleter-dans-une-video-atroceptive-propre\/#primaryimage\"},\"thumbnailUrl\":\"https:\/\/vieassociative.be\/actualites\/wp-content\/uploads\/2025\/08\/1754230684_Sauf-pour-les-os-de-lemacie-Geisel-du-Hamas-doit.jpg\",\"datePublished\":\"2025-08-03T14:18:04+00:00\",\"dateModified\":\"2025-08-03T14:18:04+00:00\",\"breadcrumb\":{\"@id\":\"https:\/\/vieassociative.be\/actualites\/sauf-pour-les-os-de-lemacie-geisel-du-hamas-doit-pelleter-dans-une-video-atroceptive-propre\/#breadcrumb\"},\"inLanguage\":\"fr-BE\",\"potentialAction\":[{\"@type\":\"ReadAction\",\"target\":[\"https:\/\/vieassociative.be\/actualites\/sauf-pour-les-os-de-lemacie-geisel-du-hamas-doit-pelleter-dans-une-video-atroceptive-propre\/\"]}]},{\"@type\":\"ImageObject\",\"inLanguage\":\"fr-BE\",\"@id\":\"https:\/\/vieassociative.be\/actualites\/sauf-pour-les-os-de-lemacie-geisel-du-hamas-doit-pelleter-dans-une-video-atroceptive-propre\/#primaryimage\",\"url\":\"https:\/\/vieassociative.be\/actualites\/wp-content\/uploads\/2025\/08\/1754230684_Sauf-pour-les-os-de-lemacie-Geisel-du-Hamas-doit.jpg\",\"contentUrl\":\"https:\/\/vieassociative.be\/actualites\/wp-content\/uploads\/2025\/08\/1754230684_Sauf-pour-les-os-de-lemacie-Geisel-du-Hamas-doit.jpg\",\"width\":1200,\"height\":800,\"caption\":\"Sauf pour les os de l'\u00e9maci\u00e9 Geisel du Hamas doit pelleter dans une vid\u00e9o atroceptive \\\"propre\\\"\"},{\"@type\":\"BreadcrumbList\",\"@id\":\"https:\/\/vieassociative.be\/actualites\/sauf-pour-les-os-de-lemacie-geisel-du-hamas-doit-pelleter-dans-une-video-atroceptive-propre\/#breadcrumb\",\"itemListElement\":[{\"@type\":\"ListItem\",\"position\":1,\"name\":\"Accueil\",\"item\":\"https:\/\/vieassociative.be\/actualites\/\"},{\"@type\":\"ListItem\",\"position\":2,\"name\":\"Sauf pour les os de l&rsquo;\u00e9maci\u00e9 Geisel du Hamas doit pelleter dans une vid\u00e9o atroceptive \u00ab\u00a0propre\u00a0\u00bb\"}]},{\"@type\":\"WebSite\",\"@id\":\"https:\/\/vieassociative.be\/actualites\/#website\",\"url\":\"https:\/\/vieassociative.be\/actualites\/\",\"name\":\"Vie Associative\",\"description\":\"\",\"publisher\":{\"@id\":\"https:\/\/vieassociative.be\/actualites\/#organization\"},\"potentialAction\":[{\"@type\":\"SearchAction\",\"target\":{\"@type\":\"EntryPoint\",\"urlTemplate\":\"https:\/\/vieassociative.be\/actualites\/?s={search_term_string}\"},\"query-input\":{\"@type\":\"PropertyValueSpecification\",\"valueRequired\":true,\"valueName\":\"search_term_string\"}}],\"inLanguage\":\"fr-BE\"},{\"@type\":\"Organization\",\"@id\":\"https:\/\/vieassociative.be\/actualites\/#organization\",\"name\":\"Vie Associative\",\"url\":\"https:\/\/vieassociative.be\/actualites\/\",\"logo\":{\"@type\":\"ImageObject\",\"inLanguage\":\"fr-BE\",\"@id\":\"https:\/\/vieassociative.be\/actualites\/#\/schema\/logo\/image\/\",\"url\":\"https:\/\/vieassociative.be\/actualites\/wp-content\/uploads\/2024\/09\/cropped-vieassociative_favicon.ico.png\",\"contentUrl\":\"https:\/\/vieassociative.be\/actualites\/wp-content\/uploads\/2024\/09\/cropped-vieassociative_favicon.ico.png\",\"width\":512,\"height\":512,\"caption\":\"Vie Associative\"},\"image\":{\"@id\":\"https:\/\/vieassociative.be\/actualites\/#\/schema\/logo\/image\/\"}},{\"@type\":\"Person\",\"@id\":\"https:\/\/vieassociative.be\/actualites\/#\/schema\/person\/b87ac4f82f9d4e7b7cec7395b679edc4\",\"name\":\"Julien\",\"image\":{\"@type\":\"ImageObject\",\"inLanguage\":\"fr-BE\",\"@id\":\"https:\/\/vieassociative.be\/actualites\/#\/schema\/person\/image\/\",\"url\":\"https:\/\/vieassociative.be\/actualites\/wp-content\/uploads\/2024\/09\/vie-associative-1-150x150.jpg\",\"contentUrl\":\"https:\/\/vieassociative.be\/actualites\/wp-content\/uploads\/2024\/09\/vie-associative-1-150x150.jpg\",\"caption\":\"Julien\"},\"description\":\"Je suis Julien, r\u00e9dacteur pour Vie Associative. Passionn\u00e9 par le monde associatif depuis plus de 10 ans, j'ai \u00e0 c\u0153ur de partager des histoires inspirantes et de mettre en lumi\u00e8re les initiatives locales. Mon objectif est de sensibiliser et d'encourager l'engagement communautaire \u00e0 travers mes articles.\",\"sameAs\":[\"https:\/\/vieassociative.be\/\"]}]}<\/script>\n<!-- \/ Yoast SEO plugin. -->","yoast_head_json":{"title":"Sauf pour les os de l'\u00e9maci\u00e9 Geisel du Hamas doit pelleter dans une vid\u00e9o atroceptive \"propre\" | Vie Associative","robots":{"index":"index","follow":"follow","max-snippet":"max-snippet:-1","max-image-preview":"max-image-preview:large","max-video-preview":"max-video-preview:-1"},"canonical":"https:\/\/vieassociative.be\/actualites\/sauf-pour-les-os-de-lemacie-geisel-du-hamas-doit-pelleter-dans-une-video-atroceptive-propre\/","og_locale":"fr_FR","og_type":"article","og_title":"Sauf pour les os de l'\u00e9maci\u00e9 Geisel du Hamas doit pelleter dans une vid\u00e9o atroceptive \"propre\" | Vie Associative","og_description":"Les islamistes utilisent la famine de leurs victimes pour la propagande cynique. La famille d&rsquo;un otage accepte de publier un clip &#8211; elle veut rendre","og_url":"https:\/\/vieassociative.be\/actualites\/sauf-pour-les-os-de-lemacie-geisel-du-hamas-doit-pelleter-dans-une-video-atroceptive-propre\/","og_site_name":"Vie Associative","article_published_time":"2025-08-03T14:18:04+00:00","og_image":[{"width":279,"height":92,"url":"https:\/\/vieassociative.be\/actualites\/wp-content\/uploads\/2024\/09\/header_backgroundk-01-e1726694325946.png","type":"image\/png"}],"author":"Julien","twitter_card":"summary_large_image","twitter_misc":{"\u00c9crit par":"Julien","Dur\u00e9e de lecture est.":"3 minutes"},"schema":{"@context":"https:\/\/schema.org","@graph":[{"@type":"Article","@id":"https:\/\/vieassociative.be\/actualites\/sauf-pour-les-os-de-lemacie-geisel-du-hamas-doit-pelleter-dans-une-video-atroceptive-propre\/#article","isPartOf":{"@id":"https:\/\/vieassociative.be\/actualites\/sauf-pour-les-os-de-lemacie-geisel-du-hamas-doit-pelleter-dans-une-video-atroceptive-propre\/"},"author":{"name":"Julien","@id":"https:\/\/vieassociative.be\/actualites\/#\/schema\/person\/b87ac4f82f9d4e7b7cec7395b679edc4"},"headline":"Sauf pour les os de l&rsquo;\u00e9maci\u00e9 Geisel du Hamas doit pelleter dans une vid\u00e9o atroceptive \u00ab\u00a0propre\u00a0\u00bb","datePublished":"2025-08-03T14:18:04+00:00","dateModified":"2025-08-03T14:18:04+00:00","mainEntityOfPage":{"@id":"https:\/\/vieassociative.be\/actualites\/sauf-pour-les-os-de-lemacie-geisel-du-hamas-doit-pelleter-dans-une-video-atroceptive-propre\/"},"wordCount":549,"publisher":{"@id":"https:\/\/vieassociative.be\/actualites\/#organization"},"image":{"@id":"https:\/\/vieassociative.be\/actualites\/sauf-pour-les-os-de-lemacie-geisel-du-hamas-doit-pelleter-dans-une-video-atroceptive-propre\/#primaryimage"},"thumbnailUrl":"https:\/\/vieassociative.be\/actualites\/wp-content\/uploads\/2025\/08\/1754230684_Sauf-pour-les-os-de-lemacie-Geisel-du-Hamas-doit.jpg","keywords":["atroceptive","dans","doit","Geisel","Hamas","l\u00e9maci\u00e9","Les","pelleter","pour","propre","Sauf","une","vid\u00e9o"],"articleSection":["Belgique"],"inLanguage":"fr-BE"},{"@type":"WebPage","@id":"https:\/\/vieassociative.be\/actualites\/sauf-pour-les-os-de-lemacie-geisel-du-hamas-doit-pelleter-dans-une-video-atroceptive-propre\/","url":"https:\/\/vieassociative.be\/actualites\/sauf-pour-les-os-de-lemacie-geisel-du-hamas-doit-pelleter-dans-une-video-atroceptive-propre\/","name":"Sauf pour les os de l'\u00e9maci\u00e9 Geisel du Hamas doit pelleter dans une vid\u00e9o atroceptive \"propre\" | Vie Associative","isPartOf":{"@id":"https:\/\/vieassociative.be\/actualites\/#website"},"primaryImageOfPage":{"@id":"https:\/\/vieassociative.be\/actualites\/sauf-pour-les-os-de-lemacie-geisel-du-hamas-doit-pelleter-dans-une-video-atroceptive-propre\/#primaryimage"},"image":{"@id":"https:\/\/vieassociative.be\/actualites\/sauf-pour-les-os-de-lemacie-geisel-du-hamas-doit-pelleter-dans-une-video-atroceptive-propre\/#primaryimage"},"thumbnailUrl":"https:\/\/vieassociative.be\/actualites\/wp-content\/uploads\/2025\/08\/1754230684_Sauf-pour-les-os-de-lemacie-Geisel-du-Hamas-doit.jpg","datePublished":"2025-08-03T14:18:04+00:00","dateModified":"2025-08-03T14:18:04+00:00","breadcrumb":{"@id":"https:\/\/vieassociative.be\/actualites\/sauf-pour-les-os-de-lemacie-geisel-du-hamas-doit-pelleter-dans-une-video-atroceptive-propre\/#breadcrumb"},"inLanguage":"fr-BE","potentialAction":[{"@type":"ReadAction","target":["https:\/\/vieassociative.be\/actualites\/sauf-pour-les-os-de-lemacie-geisel-du-hamas-doit-pelleter-dans-une-video-atroceptive-propre\/"]}]},{"@type":"ImageObject","inLanguage":"fr-BE","@id":"https:\/\/vieassociative.be\/actualites\/sauf-pour-les-os-de-lemacie-geisel-du-hamas-doit-pelleter-dans-une-video-atroceptive-propre\/#primaryimage","url":"https:\/\/vieassociative.be\/actualites\/wp-content\/uploads\/2025\/08\/1754230684_Sauf-pour-les-os-de-lemacie-Geisel-du-Hamas-doit.jpg","contentUrl":"https:\/\/vieassociative.be\/actualites\/wp-content\/uploads\/2025\/08\/1754230684_Sauf-pour-les-os-de-lemacie-Geisel-du-Hamas-doit.jpg","width":1200,"height":800,"caption":"Sauf pour les os de l'\u00e9maci\u00e9 Geisel du Hamas doit pelleter dans une vid\u00e9o atroceptive \"propre\""},{"@type":"BreadcrumbList","@id":"https:\/\/vieassociative.be\/actualites\/sauf-pour-les-os-de-lemacie-geisel-du-hamas-doit-pelleter-dans-une-video-atroceptive-propre\/#breadcrumb","itemListElement":[{"@type":"ListItem","position":1,"name":"Accueil","item":"https:\/\/vieassociative.be\/actualites\/"},{"@type":"ListItem","position":2,"name":"Sauf pour les os de l&rsquo;\u00e9maci\u00e9 Geisel du Hamas doit pelleter dans une vid\u00e9o atroceptive \u00ab\u00a0propre\u00a0\u00bb"}]},{"@type":"WebSite","@id":"https:\/\/vieassociative.be\/actualites\/#website","url":"https:\/\/vieassociative.be\/actualites\/","name":"Vie Associative","description":"","publisher":{"@id":"https:\/\/vieassociative.be\/actualites\/#organization"},"potentialAction":[{"@type":"SearchAction","target":{"@type":"EntryPoint","urlTemplate":"https:\/\/vieassociative.be\/actualites\/?s={search_term_string}"},"query-input":{"@type":"PropertyValueSpecification","valueRequired":true,"valueName":"search_term_string"}}],"inLanguage":"fr-BE"},{"@type":"Organization","@id":"https:\/\/vieassociative.be\/actualites\/#organization","name":"Vie Associative","url":"https:\/\/vieassociative.be\/actualites\/","logo":{"@type":"ImageObject","inLanguage":"fr-BE","@id":"https:\/\/vieassociative.be\/actualites\/#\/schema\/logo\/image\/","url":"https:\/\/vieassociative.be\/actualites\/wp-content\/uploads\/2024\/09\/cropped-vieassociative_favicon.ico.png","contentUrl":"https:\/\/vieassociative.be\/actualites\/wp-content\/uploads\/2024\/09\/cropped-vieassociative_favicon.ico.png","width":512,"height":512,"caption":"Vie Associative"},"image":{"@id":"https:\/\/vieassociative.be\/actualites\/#\/schema\/logo\/image\/"}},{"@type":"Person","@id":"https:\/\/vieassociative.be\/actualites\/#\/schema\/person\/b87ac4f82f9d4e7b7cec7395b679edc4","name":"Julien","image":{"@type":"ImageObject","inLanguage":"fr-BE","@id":"https:\/\/vieassociative.be\/actualites\/#\/schema\/person\/image\/","url":"https:\/\/vieassociative.be\/actualites\/wp-content\/uploads\/2024\/09\/vie-associative-1-150x150.jpg","contentUrl":"https:\/\/vieassociative.be\/actualites\/wp-content\/uploads\/2024\/09\/vie-associative-1-150x150.jpg","caption":"Julien"},"description":"Je suis Julien, r\u00e9dacteur pour Vie Associative. Passionn\u00e9 par le monde associatif depuis plus de 10 ans, j'ai \u00e0 c\u0153ur de partager des histoires inspirantes et de mettre en lumi\u00e8re les initiatives locales. Mon objectif est de sensibiliser et d'encourager l'engagement communautaire \u00e0 travers mes articles.","sameAs":["https:\/\/vieassociative.be\/"]}]}},"_links":{"self":[{"href":"https:\/\/vieassociative.be\/actualites\/wp-json\/wp\/v2\/posts\/9177"}],"collection":[{"href":"https:\/\/vieassociative.be\/actualites\/wp-json\/wp\/v2\/posts"}],"about":[{"href":"https:\/\/vieassociative.be\/actualites\/wp-json\/wp\/v2\/types\/post"}],"author":[{"embeddable":true,"href":"https:\/\/vieassociative.be\/actualites\/wp-json\/wp\/v2\/users\/1"}],"replies":[{"embeddable":true,"href":"https:\/\/vieassociative.be\/actualites\/wp-json\/wp\/v2\/comments?post=9177"}],"version-history":[{"count":0,"href":"https:\/\/vieassociative.be\/actualites\/wp-json\/wp\/v2\/posts\/9177\/revisions"}],"wp:featuredmedia":[{"embeddable":true,"href":"https:\/\/vieassociative.be\/actualites\/wp-json\/wp\/v2\/media\/9178"}],"wp:attachment":[{"href":"https:\/\/vieassociative.be\/actualites\/wp-json\/wp\/v2\/media?parent=9177"}],"wp:term":[{"taxonomy":"category","embeddable":true,"href":"https:\/\/vieassociative.be\/actualites\/wp-json\/wp\/v2\/categories?post=9177"},{"taxonomy":"post_tag","embeddable":true,"href":"https:\/\/vieassociative.be\/actualites\/wp-json\/wp\/v2\/tags?post=9177"}],"curies":[{"name":"wp","href":"https:\/\/api.w.org\/{rel}","templated":true}]}}