{"id":9171,"date":"2025-08-03T09:18:53","date_gmt":"2025-08-03T07:18:53","guid":{"rendered":"https:\/\/vieassociative.be\/actualites\/les-sept-premieres-choses-a-faire-avec-votre-stepper-descalier-merach-donc-vous-lutilisez-reellement\/"},"modified":"2025-08-03T09:18:53","modified_gmt":"2025-08-03T07:18:53","slug":"les-sept-premieres-choses-a-faire-avec-votre-stepper-descalier-merach-donc-vous-lutilisez-reellement","status":"publish","type":"post","link":"https:\/\/vieassociative.be\/actualites\/les-sept-premieres-choses-a-faire-avec-votre-stepper-descalier-merach-donc-vous-lutilisez-reellement\/","title":{"rendered":"Les sept premi\u00e8res choses \u00e0 faire avec votre stepper d&rsquo;escalier Merach (donc vous l&rsquo;utilisez r\u00e9ellement)"},"content":{"rendered":"<div class=\"mt-4 leading-6 md:mb-8\">Ne laissez pas cette machine se transformer en un porte-manteau fantaisie.<\/div>\n<p><\/p>\n<p>Obtenir un nouvel \u00e9quipement de fitness est excitant (si vous savez quoi rechercher), mais le vrai d\u00e9fi r\u00e9side dans en fait en fait une partie coh\u00e9rente de votre routine. Le Merach Stair Stepper a le potentiel de devenir un incontournable de gymnase \u00e0 domicile, mais seulement si vous le pr\u00e9parez au succ\u00e8s du premier jour. (J&rsquo;\u00e9cris ceci juste apr\u00e8s avoir saut\u00e9 un entra\u00eenement rapide sur le dernier mod\u00e8le, ce qui a r\u00e9solu le plus gros probl\u00e8me que j&rsquo;ai eu lors de l&rsquo;examen du mod\u00e8le pr\u00e9c\u00e9dent &#8211; pas de r\u00e9sistance r\u00e9glable.) Si vous venez de recevoir l&rsquo;un de ces steppers d&rsquo;escalier, voici quelques premi\u00e8res \u00e9tapes essentielles \u00e0 prendre pour vous assurer qu&rsquo;elle ne devient pas un support de manteau co\u00fbteux.<\/p>\n<div class=\"pogoClear mb-12 mt-10 rounded-md border-2 border-gray-100 py-7 shadow-xl md:py-6\">\n<div class=\"flex flex-wrap justify-between px-7 text-black no-underline md:flex-nowrap md:px-8\">\n<div class=\"order-1 mx-auto flex flex-col justify-center md:order-2 md:ml-4 md:w-full md:grow\">\n<div class=\"block cursor-pointer text-center font-akshar text-2xl font-medium leading-7 text-brand-green duration-200 ease-in-out hover:text-brand-green-700 md:text-left md:text-xl md:leading-6\">Pastille de Merach\n                <\/div>\n<div class=\"mt-4 hidden md:flex md:justify-between\">\n<div class=\"self-end\">\n<div class=\"mb-0 h-11 md:flex md:flex-col md:justify-center\">\n<div class=\" font-sans leading-4 text-black\">\n<div class=\"flex flex-wrap items-center justify-center gap-1 md:justify-start\">\n        <span class=\"font-bold\"><\/p>\n<p>            95,99 $<br \/>\n                            <span class=\"font-medium\">\u00e0 Amazon<\/span><br \/>\n                    <\/span>\n            <\/div>\n<div class=\"flex items-center justify-center gap-x-1 font-bold md:justify-start\">\n            <span class=\"text-sm line-through\">149,99 $<\/span><br \/>\n            <span class=\"text-sm text-brand-green\">\u00c9conomisez 54,00 $<\/span>\n        <\/div>\n<\/p><\/div>\n<\/p><\/div>\n<\/p><\/div>\n<div class=\"w-44 self-end\">\n                            <button class=\"flex justify-center items-center w-full bg-brand-green text-white text-base font-sans font-medium rounded-md hover:bg-brand-green-700 hover:cursor-pointer md:text-sm h-11\"><\/p>\n<p>    Faire un magasin maintenant<br \/>\n<\/button>\n                        <\/div>\n<\/p><\/div>\n<\/p><\/div>\n<div class=\"order-2 mt-5 h-auto w-full md:order-1 md:mt-0 md:hidden\">\n<div class=\"flex aspect-video items-center justify-center\">\n                                            <img decoding=\"async\" class=\"m-0 max-h-full max-w-full rounded-md\" src=\"https:\/\/vieassociative.be\/actualites\/wp-content\/uploads\/2025\/08\/Les-sept-premieres-choses-a-faire-avec-votre-stepper-descalier.jpg\" alt=\"Merach Stair Stepper for Home Gym Exercise, nouvelle version Version Machine de grimpeuse verticale pour l'entra\u00eenement complet du corps, le grimpeur de cardio pliant compact avec une plage d'\u00e9tape prolong\u00e9e, un guidon r\u00e9glable et des p\u00e9dales\" width=\"auto\" height=\"auto\" loading=\"lazy\">\n                                    <\/div>\n<\/p><\/div>\n<div class=\"order-2 ml-2 hidden w-32 shrink-0 items-center md:order-1 md:ml-0 md:flex\">\n<div class=\"flex aspect-video items-center justify-center\">\n                                            <img decoding=\"async\" class=\"m-0 max-h-full max-w-full rounded-md\" src=\"https:\/\/vieassociative.be\/actualites\/wp-content\/uploads\/2025\/08\/Les-sept-premieres-choses-a-faire-avec-votre-stepper-descalier.jpg\" alt=\"Merach Stair Stepper for Home Gym Exercise, nouvelle version Version Machine de grimpeuse verticale pour l'entra\u00eenement complet du corps, le grimpeur de cardio pliant compact avec une plage d'\u00e9tape prolong\u00e9e, un guidon r\u00e9glable et des p\u00e9dales\" width=\"auto\" height=\"auto\" loading=\"lazy\">\n                                    <\/div>\n<\/p><\/div>\n<div class=\"order-3 flex grow flex-wrap md:hidden md:grow-0\">\n<div class=\"mt-4 w-full\">\n                        <button class=\"flex justify-center items-center w-full bg-brand-green text-white text-base font-sans font-medium rounded-md hover:bg-brand-green-700 hover:cursor-pointer md:text-sm h-11\"><\/p>\n<p>    Faire un magasin maintenant<br \/>\n<\/button>\n                    <\/div>\n<div class=\"mx-2 mt-4 w-full\">\n<div class=\" font-sans leading-4 text-black\">\n<div class=\"flex flex-wrap items-center justify-center gap-1 md:justify-start\">\n        <span class=\"font-bold\"><\/p>\n<p>            95,99 $<br \/>\n                            <span class=\"font-medium\">\u00e0 Amazon<\/span><br \/>\n                    <\/span>\n            <\/div>\n<div class=\"flex items-center justify-center gap-x-1 font-bold md:justify-start\">\n            <span class=\"text-sm line-through\">149,99 $<\/span><br \/>\n            <span class=\"text-sm text-brand-green\">\u00c9conomisez 54,00 $<\/span>\n        <\/div>\n<\/p><\/div>\n<\/p><\/div>\n<\/p><\/div>\n<\/p><\/div>\n<\/div>\n<h2 id=\"find-the-perfect-spot-and-make-it-permanent\">Trouvez l&rsquo;endroit parfait (et le rendre permanent)<\/h2>\n<p>L&#8217;emplacement est tout en ce qui concerne l&rsquo;\u00e9quipement de fitness \u00e0 domicile. Choisissez un endroit o\u00f9 votre stepper d&rsquo;escalier peut vivre en permanence &#8211; non pas cach\u00e9 dans un placard o\u00f9 vous l&rsquo;oublierez. Recherchez une zone avec:<\/p>\n<ul>\n<li>\n<p>Hauteur de plafond ad\u00e9quat (au moins 8 pieds pour accueillir votre mouvement de pas complet).<\/p>\n<\/li>\n<li>\n<p>Bonne ventilation ou pr\u00e8s d&rsquo;un ventilateur.<\/p>\n<\/li>\n<li>\n<p>Assez d&rsquo;espace pour monter et \u00e9teindre confortablement.<\/p>\n<\/li>\n<li>\n<p>Une vue d&rsquo;un t\u00e9l\u00e9viseur, d&rsquo;une fen\u00eatre ou d&rsquo;un miroir pour vous maintenir engag\u00e9.<\/p>\n<\/li>\n<\/ul>\n<p>\u00c9vitez la tentation de stocker ce gars \u00ab\u00a0\u00e0 l&rsquo;\u00e9cart\u00a0\u00bb. Plus votre stepper est visible, plus vous l&rsquo;utiliserez probablement.<\/p>\n<div class=\"eloquent-imagery-image\">\n<div class=\"flex justify-center\">\n                    <img decoding=\"async\" class=\"border border-gray-100\" src=\"https:\/\/vieassociative.be\/actualites\/wp-content\/uploads\/2025\/08\/1754205533_795_Les-sept-premieres-choses-a-faire-avec-votre-stepper-descalier.jpg\" alt=\"Merach Stair Stepper.\" width=\"2000\" height=\"1125\" loading=\"lazy\"  >\n            <\/div>\n<\/p><\/div>\n<h2 id=\"adjust-the-height-and-resistance\">Ajuster la hauteur et la r\u00e9sistance<\/h2>\n<p>Le vrai renforcement musculaire n\u00e9cessite une surcharge progressive. Vous devez augmenter progressivement la r\u00e9sistance, le poids ou l&rsquo;intensit\u00e9 au fil du temps. Sans cela, il n&rsquo;y a aucune chance de remodeler consid\u00e9rablement votre physique de la mani\u00e8re dont les vid\u00e9os de marketing virales revendiquent souvent.<\/p>\n<p>Pour ajuster votre r\u00e9sistance sur le marais d&rsquo;escalier Merach, tirez sur les c\u00e2bles pr\u00e8s du bas de la machine, illustr\u00e9 sur la photo ci-dessous. Ensuite, accrochez ces c\u00e2bles dans l&rsquo;un des trois niveaux. En fixant le c\u00e2ble plus haut sur la machine, vous obtiendrez plus de r\u00e9sistance (alias un entra\u00eenement plus difficile).<\/p>\n<div class=\"eloquent-imagery-image\">\n<div class=\"flex justify-center\">\n                    <img decoding=\"async\" class=\"border border-gray-100\" src=\"https:\/\/vieassociative.be\/actualites\/wp-content\/uploads\/2025\/08\/1754205533_811_Les-sept-premieres-choses-a-faire-avec-votre-stepper-descalier.jpg\" alt=\"Pastille de Merach\" width=\"2000\" height=\"1125\" loading=\"lazy\"  >\n            <\/div>\n<\/p><\/div>\n<p>La cl\u00e9 est de commencer de mani\u00e8re conservatrice &#8211; vous pouvez toujours augmenter l&rsquo;intensit\u00e9 lorsque vous renforcez la force et la confiance.<\/p>\n<h2 id=\"master-form-before-increasing-intensity\">Forme ma\u00eetre avant d&rsquo;augmenter l&rsquo;intensit\u00e9<\/h2>\n<p>Une bonne forme emp\u00eache les blessures et maximise l&rsquo;efficacit\u00e9 de votre entra\u00eenement. Concentrez-vous sur les principes fondamentaux:<\/p>\n<ul>\n<li>\n<p>Gardez le dos droit et le noyau engag\u00e9.<\/p>\n<\/li>\n<li>\n<p>Placez tout votre pied sur la p\u00e9dale, pas seulement vos orteils.<\/p>\n<\/li>\n<li>\n<p>Maintenez un l\u00e9ger maigre en avant de vos chevilles, pas votre taille.<\/p>\n<\/li>\n<li>\n<p>Gardez vos genoux align\u00e9s sur vos orteils.<\/p>\n<\/li>\n<li>\n<p>Utilisez les mains courantes pour l&rsquo;\u00e9quilibre, et non pour soutenir votre poids corporel.<\/p>\n<\/li>\n<li>\n<p>Maintenez un rythme r\u00e9gulier et contr\u00f4l\u00e9.<\/p>\n<\/li>\n<li>\n<p>Passez vos premi\u00e8res sessions \u00e0 prioriser la forme de vitesse ou de r\u00e9sistance.<\/p>\n<\/li>\n<\/ul>\n<div class=\"eloquent-imagery-image\">\n<div class=\"flex justify-center\">\n                    <img decoding=\"async\" class=\"border border-gray-100\" src=\"https:\/\/vieassociative.be\/actualites\/wp-content\/uploads\/2025\/08\/1754205533_662_Les-sept-premieres-choses-a-faire-avec-votre-stepper-descalier.jpg\" alt=\"Merach Stair Stepper.\" width=\"2000\" height=\"1125\" loading=\"lazy\"  >\n            <\/div>\n<\/p><\/div>\n<h2 id=\"plan-your-entertainment-strategy\">Planifiez votre strat\u00e9gie de divertissement<\/h2>\n<p>L&rsquo;ennui est l&rsquo;ennemi de la coh\u00e9rence. Avant votre premier vrai entra\u00eenement, d\u00e9cidez comment vous resterez engag\u00e9: une playlist de battage m\u00e9diatique? Podcasts, livres audio? Ou vous pouvez \u00eatre un simplet comme moi, et utiliser votre stepper d&rsquo;escalier tout en regardant la t\u00e9l\u00e9vision poubelle (et savoir que ce ne sera pas un probl\u00e8me de bruit). C&rsquo;est peut-\u00eatre mon conseil le plus important ici: avoir le divertissement pr\u00eat supprime une autre excuse potentielle pour sauter des entra\u00eenements.<\/p>\n<h2 id=\"set-realistic-initial-workout-times\">D\u00e9finir les temps d&rsquo;entra\u00eenement initiaux r\u00e9alistes<\/h2>\n<p>Ne visez pas tout de suite des s\u00e9ances d&rsquo;une heure. Commencez par des objectifs de temps g\u00e9rables:<\/p>\n<ul>\n<li>\n<p><strong>Semaine 1-2<\/strong>: 5-10 minutes par jour<\/p>\n<\/li>\n<li>\n<p><strong>Semaine 3-4<\/strong>: 10-15 minutes par jour<\/p>\n<\/li>\n<li>\n<p><strong>Mois 2<\/strong>: 15-20 minutes par jour<\/p>\n<\/li>\n<li>\n<p><strong>Mois 3+<\/strong>: 20-30 minutes, ou plus comme vous le souhaitez<\/p>\n<\/li>\n<\/ul>\n<p>Je crois que des entra\u00eenements courts et coh\u00e9rents ont battu les s\u00e9ances de marathon sporadique \u00e0 chaque fois. Le succ\u00e8s engendre le succ\u00e8s, alors commencez petit et soyez \u00e0 l&rsquo;\u00e9lan.<\/p>\n<h2 id=\"track-your-sessions-from-day-one\">Suivez vos s\u00e9ances d\u00e8s le premier jour<\/h2>\n<p>Sur le sujet de la cr\u00e9ation d&rsquo;\u00e9lan: voir vos progr\u00e8s est un \u00e9norme motivateur, vous aidant vraiment \u00e0 vous en tenir \u00e0 votre routine de pas. Apr\u00e8s votre s\u00e9ance d&rsquo;entra\u00eenement, prenez des photos sur l&rsquo;\u00e9cran d&rsquo;affichage de l&rsquo;escalier et notez non seulement ce que vous voyez, mais comment vous vous sentez:<\/p>\n<ul>\n<li>\n<p>Dur\u00e9e de chaque entra\u00eenement<\/p>\n<\/li>\n<li>\n<p>\u00c9tapes moyennes par minute<\/p>\n<\/li>\n<li>\n<p>Calories br\u00fbl\u00e9es (si votre mod\u00e8le affiche ceci)<\/p>\n<\/li>\n<li>\n<p>Comment vous vous sentiez pendant et apr\u00e8s (niveau d&rsquo;\u00e9nergie, difficult\u00e9)<\/p>\n<\/li>\n<li>\n<p>Toute modification des param\u00e8tres ou de la r\u00e9sistance<\/p>\n<\/li>\n<\/ul>\n<div class=\"eloquent-imagery-image\">\n<div class=\"flex justify-center\">\n                    <img decoding=\"async\" class=\"border border-gray-100\" src=\"https:\/\/vieassociative.be\/actualites\/wp-content\/uploads\/2025\/08\/Les-sept-premieres-choses-a-faire-avec-votre-stepper-descalier.png\" alt=\"Pastille de Merach\" width=\"2000\" height=\"1125\" loading=\"lazy\"  >\n            <\/div>\n<\/p><\/div>\n<h2 id=\"consider-a-30-day-challenge\">Consid\u00e9rez un d\u00e9fi de 30 jours<\/h2>\n<p>Une fois que vous avez termin\u00e9 ces \u00e9tapes de configuration, engagez-vous \u00e0 utiliser votre stepper d&rsquo;escalier Merach pendant 30 jours cons\u00e9cutifs, m\u00eame si ce n&rsquo;est que pendant cinq minutes. La coh\u00e9rence provient de la routine et la routine provient de la planification. Ajoutez vos sessions \u00e0 votre calendrier, motivez-vous avec votre \u00e9mission de t\u00e9l\u00e9vision pr\u00e9f\u00e9r\u00e9e ou votre collation post-travail et planifiez quelques minutes pour r\u00e9fl\u00e9chir \u00e0 ce que vous ressentez.<\/p>\n<p>N&rsquo;oubliez pas que le meilleur \u00e9quipement d&rsquo;entra\u00eenement est celui que vous utilisez r\u00e9ellement. En prenant ces premi\u00e8res \u00e9tapes au s\u00e9rieux, vous vous installez pour cr\u00e9er une habitude ici. L&rsquo;objectif n&rsquo;est pas la perfection &#8211; c&rsquo;est la coh\u00e9rence. Commencez d\u00e8s aujourd&rsquo;hui, commencez petit et laissez l&rsquo;\u00e9lan vous faire avancer.<\/p>\n","protected":false},"excerpt":{"rendered":"<p>Ne laissez pas cette machine se transformer en un porte-manteau fantaisie. Obtenir un nouvel \u00e9quipement de fitness est excitant (si vous savez quoi rechercher), mais<\/p>\n","protected":false},"author":1,"featured_media":9172,"comment_status":"","ping_status":"","sticky":false,"template":"","format":"standard","meta":{"footnotes":""},"categories":[38],"tags":[61,93,8013,1770,127,14,8014,919,597,85,525,7499,8,4],"class_list":["post-9171","post","type-post","status-publish","format-standard","has-post-thumbnail","hentry","category-sante","tag-avec","tag-choses","tag-descalier","tag-donc","tag-faire","tag-les","tag-lutilisez","tag-merach","tag-premieres","tag-reellement","tag-sept","tag-stepper","tag-votre","tag-vous","generate-columns","tablet-grid-50","mobile-grid-100","grid-parent","grid-33"],"yoast_head":"<!-- This site is optimized with the Yoast SEO plugin v24.0 - https:\/\/yoast.com\/wordpress\/plugins\/seo\/ -->\n<title>Les sept premi\u00e8res choses \u00e0 faire avec votre stepper d&#039;escalier Merach (donc vous l&#039;utilisez r\u00e9ellement) | Vie Associative<\/title>\n<meta name=\"robots\" content=\"index, follow, max-snippet:-1, max-image-preview:large, max-video-preview:-1\" \/>\n<link rel=\"canonical\" href=\"https:\/\/vieassociative.be\/actualites\/les-sept-premieres-choses-a-faire-avec-votre-stepper-descalier-merach-donc-vous-lutilisez-reellement\/\" \/>\n<meta property=\"og:locale\" content=\"fr_FR\" \/>\n<meta property=\"og:type\" content=\"article\" \/>\n<meta property=\"og:title\" content=\"Les sept premi\u00e8res choses \u00e0 faire avec votre stepper d&#039;escalier Merach (donc vous l&#039;utilisez r\u00e9ellement) | Vie Associative\" \/>\n<meta property=\"og:description\" content=\"Ne laissez pas cette machine se transformer en un porte-manteau fantaisie. Obtenir un nouvel \u00e9quipement de fitness est excitant (si vous savez quoi rechercher), mais\" \/>\n<meta property=\"og:url\" content=\"https:\/\/vieassociative.be\/actualites\/les-sept-premieres-choses-a-faire-avec-votre-stepper-descalier-merach-donc-vous-lutilisez-reellement\/\" \/>\n<meta property=\"og:site_name\" content=\"Vie Associative\" \/>\n<meta property=\"article:published_time\" content=\"2025-08-03T07:18:53+00:00\" \/>\n<meta property=\"og:image\" content=\"https:\/\/vieassociative.be\/actualites\/wp-content\/uploads\/2025\/08\/Les-sept-premieres-choses-a-faire-avec-votre-stepper-descalier.jpg\" \/>\n<meta name=\"author\" content=\"Julien\" \/>\n<meta name=\"twitter:card\" content=\"summary_large_image\" \/>\n<meta name=\"twitter:label1\" content=\"\u00c9crit par\" \/>\n\t<meta name=\"twitter:data1\" content=\"Julien\" \/>\n\t<meta name=\"twitter:label2\" content=\"Dur\u00e9e de lecture est.\" \/>\n\t<meta name=\"twitter:data2\" content=\"5 minutes\" \/>\n<script type=\"application\/ld+json\" class=\"yoast-schema-graph\">{\"@context\":\"https:\/\/schema.org\",\"@graph\":[{\"@type\":\"Article\",\"@id\":\"https:\/\/vieassociative.be\/actualites\/les-sept-premieres-choses-a-faire-avec-votre-stepper-descalier-merach-donc-vous-lutilisez-reellement\/#article\",\"isPartOf\":{\"@id\":\"https:\/\/vieassociative.be\/actualites\/les-sept-premieres-choses-a-faire-avec-votre-stepper-descalier-merach-donc-vous-lutilisez-reellement\/\"},\"author\":{\"name\":\"Julien\",\"@id\":\"https:\/\/vieassociative.be\/actualites\/#\/schema\/person\/b87ac4f82f9d4e7b7cec7395b679edc4\"},\"headline\":\"Les sept premi\u00e8res choses \u00e0 faire avec votre stepper d&rsquo;escalier Merach (donc vous l&rsquo;utilisez r\u00e9ellement)\",\"datePublished\":\"2025-08-03T07:18:53+00:00\",\"dateModified\":\"2025-08-03T07:18:53+00:00\",\"mainEntityOfPage\":{\"@id\":\"https:\/\/vieassociative.be\/actualites\/les-sept-premieres-choses-a-faire-avec-votre-stepper-descalier-merach-donc-vous-lutilisez-reellement\/\"},\"wordCount\":992,\"publisher\":{\"@id\":\"https:\/\/vieassociative.be\/actualites\/#organization\"},\"image\":{\"@id\":\"https:\/\/vieassociative.be\/actualites\/les-sept-premieres-choses-a-faire-avec-votre-stepper-descalier-merach-donc-vous-lutilisez-reellement\/#primaryimage\"},\"thumbnailUrl\":\"https:\/\/vieassociative.be\/actualites\/wp-content\/uploads\/2025\/08\/1754205535_Les-sept-premieres-choses-a-faire-avec-votre-stepper-descalier.png\",\"keywords\":[\"avec\",\"choses\",\"descalier\",\"donc\",\"faire\",\"Les\",\"lutilisez\",\"Merach\",\"premi\u00e8res\",\"r\u00e9ellement\",\"Sept\",\"stepper\",\"votre\",\"Vous\"],\"articleSection\":[\"Sant\u00e9\"],\"inLanguage\":\"fr-BE\"},{\"@type\":\"WebPage\",\"@id\":\"https:\/\/vieassociative.be\/actualites\/les-sept-premieres-choses-a-faire-avec-votre-stepper-descalier-merach-donc-vous-lutilisez-reellement\/\",\"url\":\"https:\/\/vieassociative.be\/actualites\/les-sept-premieres-choses-a-faire-avec-votre-stepper-descalier-merach-donc-vous-lutilisez-reellement\/\",\"name\":\"Les sept premi\u00e8res choses \u00e0 faire avec votre stepper d'escalier Merach (donc vous l'utilisez r\u00e9ellement) | Vie Associative\",\"isPartOf\":{\"@id\":\"https:\/\/vieassociative.be\/actualites\/#website\"},\"primaryImageOfPage\":{\"@id\":\"https:\/\/vieassociative.be\/actualites\/les-sept-premieres-choses-a-faire-avec-votre-stepper-descalier-merach-donc-vous-lutilisez-reellement\/#primaryimage\"},\"image\":{\"@id\":\"https:\/\/vieassociative.be\/actualites\/les-sept-premieres-choses-a-faire-avec-votre-stepper-descalier-merach-donc-vous-lutilisez-reellement\/#primaryimage\"},\"thumbnailUrl\":\"https:\/\/vieassociative.be\/actualites\/wp-content\/uploads\/2025\/08\/1754205535_Les-sept-premieres-choses-a-faire-avec-votre-stepper-descalier.png\",\"datePublished\":\"2025-08-03T07:18:53+00:00\",\"dateModified\":\"2025-08-03T07:18:53+00:00\",\"breadcrumb\":{\"@id\":\"https:\/\/vieassociative.be\/actualites\/les-sept-premieres-choses-a-faire-avec-votre-stepper-descalier-merach-donc-vous-lutilisez-reellement\/#breadcrumb\"},\"inLanguage\":\"fr-BE\",\"potentialAction\":[{\"@type\":\"ReadAction\",\"target\":[\"https:\/\/vieassociative.be\/actualites\/les-sept-premieres-choses-a-faire-avec-votre-stepper-descalier-merach-donc-vous-lutilisez-reellement\/\"]}]},{\"@type\":\"ImageObject\",\"inLanguage\":\"fr-BE\",\"@id\":\"https:\/\/vieassociative.be\/actualites\/les-sept-premieres-choses-a-faire-avec-votre-stepper-descalier-merach-donc-vous-lutilisez-reellement\/#primaryimage\",\"url\":\"https:\/\/vieassociative.be\/actualites\/wp-content\/uploads\/2025\/08\/1754205535_Les-sept-premieres-choses-a-faire-avec-votre-stepper-descalier.png\",\"contentUrl\":\"https:\/\/vieassociative.be\/actualites\/wp-content\/uploads\/2025\/08\/1754205535_Les-sept-premieres-choses-a-faire-avec-votre-stepper-descalier.png\",\"width\":1200,\"height\":675,\"caption\":\"Les sept premi\u00e8res choses \u00e0 faire avec votre stepper d'escalier Merach (donc vous l'utilisez r\u00e9ellement)\"},{\"@type\":\"BreadcrumbList\",\"@id\":\"https:\/\/vieassociative.be\/actualites\/les-sept-premieres-choses-a-faire-avec-votre-stepper-descalier-merach-donc-vous-lutilisez-reellement\/#breadcrumb\",\"itemListElement\":[{\"@type\":\"ListItem\",\"position\":1,\"name\":\"Accueil\",\"item\":\"https:\/\/vieassociative.be\/actualites\/\"},{\"@type\":\"ListItem\",\"position\":2,\"name\":\"Les sept premi\u00e8res choses \u00e0 faire avec votre stepper d&rsquo;escalier Merach (donc vous l&rsquo;utilisez r\u00e9ellement)\"}]},{\"@type\":\"WebSite\",\"@id\":\"https:\/\/vieassociative.be\/actualites\/#website\",\"url\":\"https:\/\/vieassociative.be\/actualites\/\",\"name\":\"Vie Associative\",\"description\":\"\",\"publisher\":{\"@id\":\"https:\/\/vieassociative.be\/actualites\/#organization\"},\"potentialAction\":[{\"@type\":\"SearchAction\",\"target\":{\"@type\":\"EntryPoint\",\"urlTemplate\":\"https:\/\/vieassociative.be\/actualites\/?s={search_term_string}\"},\"query-input\":{\"@type\":\"PropertyValueSpecification\",\"valueRequired\":true,\"valueName\":\"search_term_string\"}}],\"inLanguage\":\"fr-BE\"},{\"@type\":\"Organization\",\"@id\":\"https:\/\/vieassociative.be\/actualites\/#organization\",\"name\":\"Vie Associative\",\"url\":\"https:\/\/vieassociative.be\/actualites\/\",\"logo\":{\"@type\":\"ImageObject\",\"inLanguage\":\"fr-BE\",\"@id\":\"https:\/\/vieassociative.be\/actualites\/#\/schema\/logo\/image\/\",\"url\":\"https:\/\/vieassociative.be\/actualites\/wp-content\/uploads\/2024\/09\/cropped-vieassociative_favicon.ico.png\",\"contentUrl\":\"https:\/\/vieassociative.be\/actualites\/wp-content\/uploads\/2024\/09\/cropped-vieassociative_favicon.ico.png\",\"width\":512,\"height\":512,\"caption\":\"Vie Associative\"},\"image\":{\"@id\":\"https:\/\/vieassociative.be\/actualites\/#\/schema\/logo\/image\/\"}},{\"@type\":\"Person\",\"@id\":\"https:\/\/vieassociative.be\/actualites\/#\/schema\/person\/b87ac4f82f9d4e7b7cec7395b679edc4\",\"name\":\"Julien\",\"image\":{\"@type\":\"ImageObject\",\"inLanguage\":\"fr-BE\",\"@id\":\"https:\/\/vieassociative.be\/actualites\/#\/schema\/person\/image\/\",\"url\":\"https:\/\/vieassociative.be\/actualites\/wp-content\/uploads\/2024\/09\/vie-associative-1-150x150.jpg\",\"contentUrl\":\"https:\/\/vieassociative.be\/actualites\/wp-content\/uploads\/2024\/09\/vie-associative-1-150x150.jpg\",\"caption\":\"Julien\"},\"description\":\"Je suis Julien, r\u00e9dacteur pour Vie Associative. Passionn\u00e9 par le monde associatif depuis plus de 10 ans, j'ai \u00e0 c\u0153ur de partager des histoires inspirantes et de mettre en lumi\u00e8re les initiatives locales. Mon objectif est de sensibiliser et d'encourager l'engagement communautaire \u00e0 travers mes articles.\",\"sameAs\":[\"https:\/\/vieassociative.be\/\"]}]}<\/script>\n<!-- \/ Yoast SEO plugin. -->","yoast_head_json":{"title":"Les sept premi\u00e8res choses \u00e0 faire avec votre stepper d'escalier Merach (donc vous l'utilisez r\u00e9ellement) | Vie Associative","robots":{"index":"index","follow":"follow","max-snippet":"max-snippet:-1","max-image-preview":"max-image-preview:large","max-video-preview":"max-video-preview:-1"},"canonical":"https:\/\/vieassociative.be\/actualites\/les-sept-premieres-choses-a-faire-avec-votre-stepper-descalier-merach-donc-vous-lutilisez-reellement\/","og_locale":"fr_FR","og_type":"article","og_title":"Les sept premi\u00e8res choses \u00e0 faire avec votre stepper d'escalier Merach (donc vous l'utilisez r\u00e9ellement) | Vie Associative","og_description":"Ne laissez pas cette machine se transformer en un porte-manteau fantaisie. Obtenir un nouvel \u00e9quipement de fitness est excitant (si vous savez quoi rechercher), mais","og_url":"https:\/\/vieassociative.be\/actualites\/les-sept-premieres-choses-a-faire-avec-votre-stepper-descalier-merach-donc-vous-lutilisez-reellement\/","og_site_name":"Vie Associative","article_published_time":"2025-08-03T07:18:53+00:00","og_image":[{"url":"https:\/\/vieassociative.be\/actualites\/wp-content\/uploads\/2025\/08\/Les-sept-premieres-choses-a-faire-avec-votre-stepper-descalier.jpg","type":"","width":"","height":""}],"author":"Julien","twitter_card":"summary_large_image","twitter_misc":{"\u00c9crit par":"Julien","Dur\u00e9e de lecture est.":"5 minutes"},"schema":{"@context":"https:\/\/schema.org","@graph":[{"@type":"Article","@id":"https:\/\/vieassociative.be\/actualites\/les-sept-premieres-choses-a-faire-avec-votre-stepper-descalier-merach-donc-vous-lutilisez-reellement\/#article","isPartOf":{"@id":"https:\/\/vieassociative.be\/actualites\/les-sept-premieres-choses-a-faire-avec-votre-stepper-descalier-merach-donc-vous-lutilisez-reellement\/"},"author":{"name":"Julien","@id":"https:\/\/vieassociative.be\/actualites\/#\/schema\/person\/b87ac4f82f9d4e7b7cec7395b679edc4"},"headline":"Les sept premi\u00e8res choses \u00e0 faire avec votre stepper d&rsquo;escalier Merach (donc vous l&rsquo;utilisez r\u00e9ellement)","datePublished":"2025-08-03T07:18:53+00:00","dateModified":"2025-08-03T07:18:53+00:00","mainEntityOfPage":{"@id":"https:\/\/vieassociative.be\/actualites\/les-sept-premieres-choses-a-faire-avec-votre-stepper-descalier-merach-donc-vous-lutilisez-reellement\/"},"wordCount":992,"publisher":{"@id":"https:\/\/vieassociative.be\/actualites\/#organization"},"image":{"@id":"https:\/\/vieassociative.be\/actualites\/les-sept-premieres-choses-a-faire-avec-votre-stepper-descalier-merach-donc-vous-lutilisez-reellement\/#primaryimage"},"thumbnailUrl":"https:\/\/vieassociative.be\/actualites\/wp-content\/uploads\/2025\/08\/1754205535_Les-sept-premieres-choses-a-faire-avec-votre-stepper-descalier.png","keywords":["avec","choses","descalier","donc","faire","Les","lutilisez","Merach","premi\u00e8res","r\u00e9ellement","Sept","stepper","votre","Vous"],"articleSection":["Sant\u00e9"],"inLanguage":"fr-BE"},{"@type":"WebPage","@id":"https:\/\/vieassociative.be\/actualites\/les-sept-premieres-choses-a-faire-avec-votre-stepper-descalier-merach-donc-vous-lutilisez-reellement\/","url":"https:\/\/vieassociative.be\/actualites\/les-sept-premieres-choses-a-faire-avec-votre-stepper-descalier-merach-donc-vous-lutilisez-reellement\/","name":"Les sept premi\u00e8res choses \u00e0 faire avec votre stepper d'escalier Merach (donc vous l'utilisez r\u00e9ellement) | Vie Associative","isPartOf":{"@id":"https:\/\/vieassociative.be\/actualites\/#website"},"primaryImageOfPage":{"@id":"https:\/\/vieassociative.be\/actualites\/les-sept-premieres-choses-a-faire-avec-votre-stepper-descalier-merach-donc-vous-lutilisez-reellement\/#primaryimage"},"image":{"@id":"https:\/\/vieassociative.be\/actualites\/les-sept-premieres-choses-a-faire-avec-votre-stepper-descalier-merach-donc-vous-lutilisez-reellement\/#primaryimage"},"thumbnailUrl":"https:\/\/vieassociative.be\/actualites\/wp-content\/uploads\/2025\/08\/1754205535_Les-sept-premieres-choses-a-faire-avec-votre-stepper-descalier.png","datePublished":"2025-08-03T07:18:53+00:00","dateModified":"2025-08-03T07:18:53+00:00","breadcrumb":{"@id":"https:\/\/vieassociative.be\/actualites\/les-sept-premieres-choses-a-faire-avec-votre-stepper-descalier-merach-donc-vous-lutilisez-reellement\/#breadcrumb"},"inLanguage":"fr-BE","potentialAction":[{"@type":"ReadAction","target":["https:\/\/vieassociative.be\/actualites\/les-sept-premieres-choses-a-faire-avec-votre-stepper-descalier-merach-donc-vous-lutilisez-reellement\/"]}]},{"@type":"ImageObject","inLanguage":"fr-BE","@id":"https:\/\/vieassociative.be\/actualites\/les-sept-premieres-choses-a-faire-avec-votre-stepper-descalier-merach-donc-vous-lutilisez-reellement\/#primaryimage","url":"https:\/\/vieassociative.be\/actualites\/wp-content\/uploads\/2025\/08\/1754205535_Les-sept-premieres-choses-a-faire-avec-votre-stepper-descalier.png","contentUrl":"https:\/\/vieassociative.be\/actualites\/wp-content\/uploads\/2025\/08\/1754205535_Les-sept-premieres-choses-a-faire-avec-votre-stepper-descalier.png","width":1200,"height":675,"caption":"Les sept premi\u00e8res choses \u00e0 faire avec votre stepper d'escalier Merach (donc vous l'utilisez r\u00e9ellement)"},{"@type":"BreadcrumbList","@id":"https:\/\/vieassociative.be\/actualites\/les-sept-premieres-choses-a-faire-avec-votre-stepper-descalier-merach-donc-vous-lutilisez-reellement\/#breadcrumb","itemListElement":[{"@type":"ListItem","position":1,"name":"Accueil","item":"https:\/\/vieassociative.be\/actualites\/"},{"@type":"ListItem","position":2,"name":"Les sept premi\u00e8res choses \u00e0 faire avec votre stepper d&rsquo;escalier Merach (donc vous l&rsquo;utilisez r\u00e9ellement)"}]},{"@type":"WebSite","@id":"https:\/\/vieassociative.be\/actualites\/#website","url":"https:\/\/vieassociative.be\/actualites\/","name":"Vie Associative","description":"","publisher":{"@id":"https:\/\/vieassociative.be\/actualites\/#organization"},"potentialAction":[{"@type":"SearchAction","target":{"@type":"EntryPoint","urlTemplate":"https:\/\/vieassociative.be\/actualites\/?s={search_term_string}"},"query-input":{"@type":"PropertyValueSpecification","valueRequired":true,"valueName":"search_term_string"}}],"inLanguage":"fr-BE"},{"@type":"Organization","@id":"https:\/\/vieassociative.be\/actualites\/#organization","name":"Vie Associative","url":"https:\/\/vieassociative.be\/actualites\/","logo":{"@type":"ImageObject","inLanguage":"fr-BE","@id":"https:\/\/vieassociative.be\/actualites\/#\/schema\/logo\/image\/","url":"https:\/\/vieassociative.be\/actualites\/wp-content\/uploads\/2024\/09\/cropped-vieassociative_favicon.ico.png","contentUrl":"https:\/\/vieassociative.be\/actualites\/wp-content\/uploads\/2024\/09\/cropped-vieassociative_favicon.ico.png","width":512,"height":512,"caption":"Vie Associative"},"image":{"@id":"https:\/\/vieassociative.be\/actualites\/#\/schema\/logo\/image\/"}},{"@type":"Person","@id":"https:\/\/vieassociative.be\/actualites\/#\/schema\/person\/b87ac4f82f9d4e7b7cec7395b679edc4","name":"Julien","image":{"@type":"ImageObject","inLanguage":"fr-BE","@id":"https:\/\/vieassociative.be\/actualites\/#\/schema\/person\/image\/","url":"https:\/\/vieassociative.be\/actualites\/wp-content\/uploads\/2024\/09\/vie-associative-1-150x150.jpg","contentUrl":"https:\/\/vieassociative.be\/actualites\/wp-content\/uploads\/2024\/09\/vie-associative-1-150x150.jpg","caption":"Julien"},"description":"Je suis Julien, r\u00e9dacteur pour Vie Associative. Passionn\u00e9 par le monde associatif depuis plus de 10 ans, j'ai \u00e0 c\u0153ur de partager des histoires inspirantes et de mettre en lumi\u00e8re les initiatives locales. Mon objectif est de sensibiliser et d'encourager l'engagement communautaire \u00e0 travers mes articles.","sameAs":["https:\/\/vieassociative.be\/"]}]}},"_links":{"self":[{"href":"https:\/\/vieassociative.be\/actualites\/wp-json\/wp\/v2\/posts\/9171"}],"collection":[{"href":"https:\/\/vieassociative.be\/actualites\/wp-json\/wp\/v2\/posts"}],"about":[{"href":"https:\/\/vieassociative.be\/actualites\/wp-json\/wp\/v2\/types\/post"}],"author":[{"embeddable":true,"href":"https:\/\/vieassociative.be\/actualites\/wp-json\/wp\/v2\/users\/1"}],"replies":[{"embeddable":true,"href":"https:\/\/vieassociative.be\/actualites\/wp-json\/wp\/v2\/comments?post=9171"}],"version-history":[{"count":0,"href":"https:\/\/vieassociative.be\/actualites\/wp-json\/wp\/v2\/posts\/9171\/revisions"}],"wp:featuredmedia":[{"embeddable":true,"href":"https:\/\/vieassociative.be\/actualites\/wp-json\/wp\/v2\/media\/9172"}],"wp:attachment":[{"href":"https:\/\/vieassociative.be\/actualites\/wp-json\/wp\/v2\/media?parent=9171"}],"wp:term":[{"taxonomy":"category","embeddable":true,"href":"https:\/\/vieassociative.be\/actualites\/wp-json\/wp\/v2\/categories?post=9171"},{"taxonomy":"post_tag","embeddable":true,"href":"https:\/\/vieassociative.be\/actualites\/wp-json\/wp\/v2\/tags?post=9171"}],"curies":[{"name":"wp","href":"https:\/\/api.w.org\/{rel}","templated":true}]}}