{"id":9165,"date":"2025-08-02T21:17:35","date_gmt":"2025-08-02T19:17:35","guid":{"rendered":"https:\/\/vieassociative.be\/actualites\/pourquoi-vous-ne-pouvez-pas-compter-sur-les-baskets-airtag-de-skechers-pour-suivre-vos-enfants\/"},"modified":"2025-08-02T21:17:35","modified_gmt":"2025-08-02T19:17:35","slug":"pourquoi-vous-ne-pouvez-pas-compter-sur-les-baskets-airtag-de-skechers-pour-suivre-vos-enfants","status":"publish","type":"post","link":"https:\/\/vieassociative.be\/actualites\/pourquoi-vous-ne-pouvez-pas-compter-sur-les-baskets-airtag-de-skechers-pour-suivre-vos-enfants\/","title":{"rendered":"Pourquoi vous ne pouvez pas compter sur les baskets AirTag de Skechers pour suivre vos enfants"},"content":{"rendered":"<div class=\"mt-4 leading-6 md:mb-8\">Les AirTags sont super, mais pas pour le suivi en temps r\u00e9el.<\/div>\n<p><\/p>\n<p>Si vous voulez garder un \u0153il sur vos enfants, mais que vous ne voulez pas encore leur donner un smartphone ou une smartwatch, un AirTag semble \u00eatre la solution parfaite, surtout si cet AirTag \u00e9tait con\u00e7u pour glisser sournoisement \u00e0 l&rsquo;int\u00e9rieur de leur sneaker. <\/p>\n<p>C&rsquo;est l&rsquo;id\u00e9e derri\u00e8re la nouvelle ligne de sneakers de Skechers pour les enfants, surnomm\u00e9e, \u00e0 juste titre, trouver mes Skechers. Le terrain est simple: \u00e0 toutes fins utiles, ce sont les baskets de vos enfants moyens, \u00e0 l&rsquo;exception d&rsquo;un compartiment \u00e0 airtag intelligent cach\u00e9 sous l&rsquo;insert. Il semble intelligent: vous soulevez l&rsquo;insert, sortez la couverture en plastique, faites entrer un pavillon et couvrez le tout. Ensuite, vous envoyez votre enfant dans le monde, sachant que vous pouvez suivre son sort \u00e0 tout moment. <\/p>\n<div class=\"mx-auto mt-8 w-full max-w-4xl aspect-video\">\n<div id=\"video-container-01K1P2VD27X25ZTCXEPXRA19SY\"><\/div>\n<\/div>\n<p>Malheureusement, ce n&rsquo;est pas ainsi que les AirTags fonctionnent. Les AirTags peuvent \u00eatre un excellent outil pour garder un \u0153il g\u00e9n\u00e9ral sur les \u00e9l\u00e9ments importants dans votre vie, mais ils ne sont pas faits pour le suivi en direct. En tant que tels, ils ne sont vraiment pas id\u00e9aux pour des mises \u00e0 jour constantes en temps r\u00e9el, ce qui signifie qu&rsquo;ils ne sont pas fiables pour suivre vos enfants. D\u00e9sol\u00e9, Skechers.      <\/p>\n<h2 id=\"how-airtags-work\">Comment fonctionnent les a\u00e9riens<\/h2>\n<p>Contrairement \u00e0 la croyance populaire, les AirTags ne sont pas des balises \u00e0 domicile qui peuvent mettre \u00e0 jour leur emplacement 24\/7. Seul, ces balises n&rsquo;ont aucun moyen de mettre \u00e0 jour leur emplacement. Ils n&rsquo;ont pas de puce GPS, ou n&rsquo;importe quel moyen de communiquer avec Internet eux-m\u00eames. Au lieu de cela, ils comptent sur d&rsquo;autres appareils pour mettre \u00e0 jour leur emplacement pour eux. <\/p>\n<p>Tout p\u00e9riph\u00e9rique Apple connect\u00e9 \u00e0 la recherche d&rsquo;Apple mon r\u00e9seau peut mettre \u00e0 jour l&#8217;emplacement de votre AirTag lorsqu&rsquo;il se trouve dans la plage Bluetooth du tracker. L&rsquo;ensemble du syst\u00e8me est passif et anonyme, donc personne, pas m\u00eame Apple, ne sait quels appareils mettent \u00e0 jour l&#8217;emplacement de votre AirTag. Mais cela fonctionne: si vous laissez un article avec un pavillon sur un bus, par exemple, quiconque dans le bus avec un iPhone peut, \u00e0 leur insu, rafra\u00eechissez l&#8217;emplacement de votre a\u00e9rat.<\/p>\n<p>La magie derri\u00e8re le fonctionnement des AirTags est \u00e9galement la raison pour laquelle ils ne sont pas fiables pour le suivi en direct. Sans un autre connect\u00e9 sur Internet, trouvez mon appareil dans la gamme Bluetooth, votre AirTag ne pourra pas mettre \u00e0 jour son emplacement. Si votre enfant n&rsquo;est pas dans la gamme Bluetooth d&rsquo;une autre personne avec un tel appareil, par exemple, vous ne verrez pas son dernier emplacement &#8211; juste le dernier emplacement connu o\u00f9 il \u00e9tait \u00e0 port\u00e9e de trouver mon appareil. <\/p>\n<p>Mais m\u00eame lorsqu&rsquo;ils sont \u00e0 port\u00e9e, les AirTags ont tendance \u00e0 \u00eatre assez sporadiques dans la fr\u00e9quence \u00e0 laquelle ils actualisent leur emplacement. Comme l&rsquo;a d\u00e9couvert le r\u00e9dacteur en chef de Vie Associative, Joel Cunningham, les emplacements ne se mettaient parfois pas \u00e0 jour pendant 15 \u00e0 20 minutes \u00e0 la fois. \u00c0 l&rsquo;occasion, l&rsquo;AirTag ne mettrait pas \u00e0 jour son emplacement du tout. Voil\u00e0 pour le suivi. <\/p>\n<h2 id=\"youll-need-a-gps-device-to-track-your-kids\">Vous aurez besoin d&rsquo;un appareil GPS pour suivre vos enfants<\/h2>\n<p>Tout \u00e0 dire, il n&rsquo;y a pas de mal \u00e0 mettre un airtag dans l&rsquo;une de ces baskets Skechers. Si rien d&rsquo;autre, vous pourrez voir l&#8217;emplacement approximatif de votre enfant, au moins par rapport \u00e0 la derni\u00e8re port\u00e9e de trouver mon appareil. Il est juste important de comprendre que ce n&rsquo;est pas l&rsquo;outil pour vous si votre principale pr\u00e9occupation est la surveillance 24h \/ 24. Pour cela, vous aurez besoin d&rsquo;un appareil pr\u00eat pour le GPS, soit un smartphone, une smartwatch ou un tracker GPS d\u00e9di\u00e9. (Ce dernier, malheureusement, est g\u00e9n\u00e9ralement livr\u00e9 avec un abonnement.) <\/p>\n","protected":false},"excerpt":{"rendered":"<p>Les AirTags sont super, mais pas pour le suivi en temps r\u00e9el. Si vous voulez garder un \u0153il sur vos enfants, mais que vous ne<\/p>\n","protected":false},"author":1,"featured_media":9166,"comment_status":"","ping_status":"","sticky":false,"template":"","format":"standard","meta":{"footnotes":""},"categories":[13],"tags":[3971,8010,8009,324,14,126,81,734,5,8011,243,33,27,4],"class_list":["post-9165","post","type-post","status-publish","format-standard","has-post-thumbnail","hentry","category-technologie","tag-airtag","tag-baskets","tag-compter","tag-enfants","tag-les","tag-pas","tag-pour","tag-pourquoi","tag-pouvez","tag-skechers","tag-suivre","tag-sur","tag-vos","tag-vous","generate-columns","tablet-grid-50","mobile-grid-100","grid-parent","grid-33"],"yoast_head":"<!-- This site is optimized with the Yoast SEO plugin v24.0 - https:\/\/yoast.com\/wordpress\/plugins\/seo\/ -->\n<title>Pourquoi vous ne pouvez pas compter sur les baskets AirTag de Skechers pour suivre vos enfants | Vie Associative<\/title>\n<meta name=\"robots\" content=\"index, follow, max-snippet:-1, max-image-preview:large, max-video-preview:-1\" \/>\n<link rel=\"canonical\" href=\"https:\/\/vieassociative.be\/actualites\/pourquoi-vous-ne-pouvez-pas-compter-sur-les-baskets-airtag-de-skechers-pour-suivre-vos-enfants\/\" \/>\n<meta property=\"og:locale\" content=\"fr_FR\" \/>\n<meta property=\"og:type\" content=\"article\" \/>\n<meta property=\"og:title\" content=\"Pourquoi vous ne pouvez pas compter sur les baskets AirTag de Skechers pour suivre vos enfants | Vie Associative\" \/>\n<meta property=\"og:description\" content=\"Les AirTags sont super, mais pas pour le suivi en temps r\u00e9el. Si vous voulez garder un \u0153il sur vos enfants, mais que vous ne\" \/>\n<meta property=\"og:url\" content=\"https:\/\/vieassociative.be\/actualites\/pourquoi-vous-ne-pouvez-pas-compter-sur-les-baskets-airtag-de-skechers-pour-suivre-vos-enfants\/\" \/>\n<meta property=\"og:site_name\" content=\"Vie Associative\" \/>\n<meta property=\"article:published_time\" content=\"2025-08-02T19:17:35+00:00\" \/>\n<meta property=\"og:image\" content=\"https:\/\/vieassociative.be\/actualites\/wp-content\/uploads\/2024\/09\/header_backgroundk-01-e1726694325946.png\" \/>\n\t<meta property=\"og:image:width\" content=\"279\" \/>\n\t<meta property=\"og:image:height\" content=\"92\" \/>\n\t<meta property=\"og:image:type\" content=\"image\/png\" \/>\n<meta name=\"author\" content=\"Julien\" \/>\n<meta name=\"twitter:card\" content=\"summary_large_image\" \/>\n<meta name=\"twitter:label1\" content=\"\u00c9crit par\" \/>\n\t<meta name=\"twitter:data1\" content=\"Julien\" \/>\n\t<meta name=\"twitter:label2\" content=\"Dur\u00e9e de lecture est.\" \/>\n\t<meta name=\"twitter:data2\" content=\"3 minutes\" \/>\n<script type=\"application\/ld+json\" class=\"yoast-schema-graph\">{\"@context\":\"https:\/\/schema.org\",\"@graph\":[{\"@type\":\"Article\",\"@id\":\"https:\/\/vieassociative.be\/actualites\/pourquoi-vous-ne-pouvez-pas-compter-sur-les-baskets-airtag-de-skechers-pour-suivre-vos-enfants\/#article\",\"isPartOf\":{\"@id\":\"https:\/\/vieassociative.be\/actualites\/pourquoi-vous-ne-pouvez-pas-compter-sur-les-baskets-airtag-de-skechers-pour-suivre-vos-enfants\/\"},\"author\":{\"name\":\"Julien\",\"@id\":\"https:\/\/vieassociative.be\/actualites\/#\/schema\/person\/b87ac4f82f9d4e7b7cec7395b679edc4\"},\"headline\":\"Pourquoi vous ne pouvez pas compter sur les baskets AirTag de Skechers pour suivre vos enfants\",\"datePublished\":\"2025-08-02T19:17:35+00:00\",\"dateModified\":\"2025-08-02T19:17:35+00:00\",\"mainEntityOfPage\":{\"@id\":\"https:\/\/vieassociative.be\/actualites\/pourquoi-vous-ne-pouvez-pas-compter-sur-les-baskets-airtag-de-skechers-pour-suivre-vos-enfants\/\"},\"wordCount\":672,\"publisher\":{\"@id\":\"https:\/\/vieassociative.be\/actualites\/#organization\"},\"image\":{\"@id\":\"https:\/\/vieassociative.be\/actualites\/pourquoi-vous-ne-pouvez-pas-compter-sur-les-baskets-airtag-de-skechers-pour-suivre-vos-enfants\/#primaryimage\"},\"thumbnailUrl\":\"https:\/\/vieassociative.be\/actualites\/wp-content\/uploads\/2025\/08\/Pourquoi-vous-ne-pouvez-pas-compter-sur-les-baskets-AirTag.jpg\",\"keywords\":[\"AirTag\",\"baskets\",\"compter\",\"enfants\",\"Les\",\"pas\",\"pour\",\"Pourquoi\",\"pouvez\",\"Skechers\",\"suivre\",\"sur\",\"vos\",\"Vous\"],\"articleSection\":[\"Technologie\"],\"inLanguage\":\"fr-BE\"},{\"@type\":\"WebPage\",\"@id\":\"https:\/\/vieassociative.be\/actualites\/pourquoi-vous-ne-pouvez-pas-compter-sur-les-baskets-airtag-de-skechers-pour-suivre-vos-enfants\/\",\"url\":\"https:\/\/vieassociative.be\/actualites\/pourquoi-vous-ne-pouvez-pas-compter-sur-les-baskets-airtag-de-skechers-pour-suivre-vos-enfants\/\",\"name\":\"Pourquoi vous ne pouvez pas compter sur les baskets AirTag de Skechers pour suivre vos enfants | Vie Associative\",\"isPartOf\":{\"@id\":\"https:\/\/vieassociative.be\/actualites\/#website\"},\"primaryImageOfPage\":{\"@id\":\"https:\/\/vieassociative.be\/actualites\/pourquoi-vous-ne-pouvez-pas-compter-sur-les-baskets-airtag-de-skechers-pour-suivre-vos-enfants\/#primaryimage\"},\"image\":{\"@id\":\"https:\/\/vieassociative.be\/actualites\/pourquoi-vous-ne-pouvez-pas-compter-sur-les-baskets-airtag-de-skechers-pour-suivre-vos-enfants\/#primaryimage\"},\"thumbnailUrl\":\"https:\/\/vieassociative.be\/actualites\/wp-content\/uploads\/2025\/08\/Pourquoi-vous-ne-pouvez-pas-compter-sur-les-baskets-AirTag.jpg\",\"datePublished\":\"2025-08-02T19:17:35+00:00\",\"dateModified\":\"2025-08-02T19:17:35+00:00\",\"breadcrumb\":{\"@id\":\"https:\/\/vieassociative.be\/actualites\/pourquoi-vous-ne-pouvez-pas-compter-sur-les-baskets-airtag-de-skechers-pour-suivre-vos-enfants\/#breadcrumb\"},\"inLanguage\":\"fr-BE\",\"potentialAction\":[{\"@type\":\"ReadAction\",\"target\":[\"https:\/\/vieassociative.be\/actualites\/pourquoi-vous-ne-pouvez-pas-compter-sur-les-baskets-airtag-de-skechers-pour-suivre-vos-enfants\/\"]}]},{\"@type\":\"ImageObject\",\"inLanguage\":\"fr-BE\",\"@id\":\"https:\/\/vieassociative.be\/actualites\/pourquoi-vous-ne-pouvez-pas-compter-sur-les-baskets-airtag-de-skechers-pour-suivre-vos-enfants\/#primaryimage\",\"url\":\"https:\/\/vieassociative.be\/actualites\/wp-content\/uploads\/2025\/08\/Pourquoi-vous-ne-pouvez-pas-compter-sur-les-baskets-AirTag.jpg\",\"contentUrl\":\"https:\/\/vieassociative.be\/actualites\/wp-content\/uploads\/2025\/08\/Pourquoi-vous-ne-pouvez-pas-compter-sur-les-baskets-AirTag.jpg\",\"width\":1200,\"height\":675,\"caption\":\"Pourquoi vous ne pouvez pas compter sur les baskets AirTag de Skechers pour suivre vos enfants\"},{\"@type\":\"BreadcrumbList\",\"@id\":\"https:\/\/vieassociative.be\/actualites\/pourquoi-vous-ne-pouvez-pas-compter-sur-les-baskets-airtag-de-skechers-pour-suivre-vos-enfants\/#breadcrumb\",\"itemListElement\":[{\"@type\":\"ListItem\",\"position\":1,\"name\":\"Accueil\",\"item\":\"https:\/\/vieassociative.be\/actualites\/\"},{\"@type\":\"ListItem\",\"position\":2,\"name\":\"Pourquoi vous ne pouvez pas compter sur les baskets AirTag de Skechers pour suivre vos enfants\"}]},{\"@type\":\"WebSite\",\"@id\":\"https:\/\/vieassociative.be\/actualites\/#website\",\"url\":\"https:\/\/vieassociative.be\/actualites\/\",\"name\":\"Vie Associative\",\"description\":\"\",\"publisher\":{\"@id\":\"https:\/\/vieassociative.be\/actualites\/#organization\"},\"potentialAction\":[{\"@type\":\"SearchAction\",\"target\":{\"@type\":\"EntryPoint\",\"urlTemplate\":\"https:\/\/vieassociative.be\/actualites\/?s={search_term_string}\"},\"query-input\":{\"@type\":\"PropertyValueSpecification\",\"valueRequired\":true,\"valueName\":\"search_term_string\"}}],\"inLanguage\":\"fr-BE\"},{\"@type\":\"Organization\",\"@id\":\"https:\/\/vieassociative.be\/actualites\/#organization\",\"name\":\"Vie Associative\",\"url\":\"https:\/\/vieassociative.be\/actualites\/\",\"logo\":{\"@type\":\"ImageObject\",\"inLanguage\":\"fr-BE\",\"@id\":\"https:\/\/vieassociative.be\/actualites\/#\/schema\/logo\/image\/\",\"url\":\"https:\/\/vieassociative.be\/actualites\/wp-content\/uploads\/2024\/09\/cropped-vieassociative_favicon.ico.png\",\"contentUrl\":\"https:\/\/vieassociative.be\/actualites\/wp-content\/uploads\/2024\/09\/cropped-vieassociative_favicon.ico.png\",\"width\":512,\"height\":512,\"caption\":\"Vie Associative\"},\"image\":{\"@id\":\"https:\/\/vieassociative.be\/actualites\/#\/schema\/logo\/image\/\"}},{\"@type\":\"Person\",\"@id\":\"https:\/\/vieassociative.be\/actualites\/#\/schema\/person\/b87ac4f82f9d4e7b7cec7395b679edc4\",\"name\":\"Julien\",\"image\":{\"@type\":\"ImageObject\",\"inLanguage\":\"fr-BE\",\"@id\":\"https:\/\/vieassociative.be\/actualites\/#\/schema\/person\/image\/\",\"url\":\"https:\/\/vieassociative.be\/actualites\/wp-content\/uploads\/2024\/09\/vie-associative-1-150x150.jpg\",\"contentUrl\":\"https:\/\/vieassociative.be\/actualites\/wp-content\/uploads\/2024\/09\/vie-associative-1-150x150.jpg\",\"caption\":\"Julien\"},\"description\":\"Je suis Julien, r\u00e9dacteur pour Vie Associative. Passionn\u00e9 par le monde associatif depuis plus de 10 ans, j'ai \u00e0 c\u0153ur de partager des histoires inspirantes et de mettre en lumi\u00e8re les initiatives locales. Mon objectif est de sensibiliser et d'encourager l'engagement communautaire \u00e0 travers mes articles.\",\"sameAs\":[\"https:\/\/vieassociative.be\/\"]}]}<\/script>\n<!-- \/ Yoast SEO plugin. -->","yoast_head_json":{"title":"Pourquoi vous ne pouvez pas compter sur les baskets AirTag de Skechers pour suivre vos enfants | Vie Associative","robots":{"index":"index","follow":"follow","max-snippet":"max-snippet:-1","max-image-preview":"max-image-preview:large","max-video-preview":"max-video-preview:-1"},"canonical":"https:\/\/vieassociative.be\/actualites\/pourquoi-vous-ne-pouvez-pas-compter-sur-les-baskets-airtag-de-skechers-pour-suivre-vos-enfants\/","og_locale":"fr_FR","og_type":"article","og_title":"Pourquoi vous ne pouvez pas compter sur les baskets AirTag de Skechers pour suivre vos enfants | Vie Associative","og_description":"Les AirTags sont super, mais pas pour le suivi en temps r\u00e9el. Si vous voulez garder un \u0153il sur vos enfants, mais que vous ne","og_url":"https:\/\/vieassociative.be\/actualites\/pourquoi-vous-ne-pouvez-pas-compter-sur-les-baskets-airtag-de-skechers-pour-suivre-vos-enfants\/","og_site_name":"Vie Associative","article_published_time":"2025-08-02T19:17:35+00:00","og_image":[{"width":279,"height":92,"url":"https:\/\/vieassociative.be\/actualites\/wp-content\/uploads\/2024\/09\/header_backgroundk-01-e1726694325946.png","type":"image\/png"}],"author":"Julien","twitter_card":"summary_large_image","twitter_misc":{"\u00c9crit par":"Julien","Dur\u00e9e de lecture est.":"3 minutes"},"schema":{"@context":"https:\/\/schema.org","@graph":[{"@type":"Article","@id":"https:\/\/vieassociative.be\/actualites\/pourquoi-vous-ne-pouvez-pas-compter-sur-les-baskets-airtag-de-skechers-pour-suivre-vos-enfants\/#article","isPartOf":{"@id":"https:\/\/vieassociative.be\/actualites\/pourquoi-vous-ne-pouvez-pas-compter-sur-les-baskets-airtag-de-skechers-pour-suivre-vos-enfants\/"},"author":{"name":"Julien","@id":"https:\/\/vieassociative.be\/actualites\/#\/schema\/person\/b87ac4f82f9d4e7b7cec7395b679edc4"},"headline":"Pourquoi vous ne pouvez pas compter sur les baskets AirTag de Skechers pour suivre vos enfants","datePublished":"2025-08-02T19:17:35+00:00","dateModified":"2025-08-02T19:17:35+00:00","mainEntityOfPage":{"@id":"https:\/\/vieassociative.be\/actualites\/pourquoi-vous-ne-pouvez-pas-compter-sur-les-baskets-airtag-de-skechers-pour-suivre-vos-enfants\/"},"wordCount":672,"publisher":{"@id":"https:\/\/vieassociative.be\/actualites\/#organization"},"image":{"@id":"https:\/\/vieassociative.be\/actualites\/pourquoi-vous-ne-pouvez-pas-compter-sur-les-baskets-airtag-de-skechers-pour-suivre-vos-enfants\/#primaryimage"},"thumbnailUrl":"https:\/\/vieassociative.be\/actualites\/wp-content\/uploads\/2025\/08\/Pourquoi-vous-ne-pouvez-pas-compter-sur-les-baskets-AirTag.jpg","keywords":["AirTag","baskets","compter","enfants","Les","pas","pour","Pourquoi","pouvez","Skechers","suivre","sur","vos","Vous"],"articleSection":["Technologie"],"inLanguage":"fr-BE"},{"@type":"WebPage","@id":"https:\/\/vieassociative.be\/actualites\/pourquoi-vous-ne-pouvez-pas-compter-sur-les-baskets-airtag-de-skechers-pour-suivre-vos-enfants\/","url":"https:\/\/vieassociative.be\/actualites\/pourquoi-vous-ne-pouvez-pas-compter-sur-les-baskets-airtag-de-skechers-pour-suivre-vos-enfants\/","name":"Pourquoi vous ne pouvez pas compter sur les baskets AirTag de Skechers pour suivre vos enfants | Vie Associative","isPartOf":{"@id":"https:\/\/vieassociative.be\/actualites\/#website"},"primaryImageOfPage":{"@id":"https:\/\/vieassociative.be\/actualites\/pourquoi-vous-ne-pouvez-pas-compter-sur-les-baskets-airtag-de-skechers-pour-suivre-vos-enfants\/#primaryimage"},"image":{"@id":"https:\/\/vieassociative.be\/actualites\/pourquoi-vous-ne-pouvez-pas-compter-sur-les-baskets-airtag-de-skechers-pour-suivre-vos-enfants\/#primaryimage"},"thumbnailUrl":"https:\/\/vieassociative.be\/actualites\/wp-content\/uploads\/2025\/08\/Pourquoi-vous-ne-pouvez-pas-compter-sur-les-baskets-AirTag.jpg","datePublished":"2025-08-02T19:17:35+00:00","dateModified":"2025-08-02T19:17:35+00:00","breadcrumb":{"@id":"https:\/\/vieassociative.be\/actualites\/pourquoi-vous-ne-pouvez-pas-compter-sur-les-baskets-airtag-de-skechers-pour-suivre-vos-enfants\/#breadcrumb"},"inLanguage":"fr-BE","potentialAction":[{"@type":"ReadAction","target":["https:\/\/vieassociative.be\/actualites\/pourquoi-vous-ne-pouvez-pas-compter-sur-les-baskets-airtag-de-skechers-pour-suivre-vos-enfants\/"]}]},{"@type":"ImageObject","inLanguage":"fr-BE","@id":"https:\/\/vieassociative.be\/actualites\/pourquoi-vous-ne-pouvez-pas-compter-sur-les-baskets-airtag-de-skechers-pour-suivre-vos-enfants\/#primaryimage","url":"https:\/\/vieassociative.be\/actualites\/wp-content\/uploads\/2025\/08\/Pourquoi-vous-ne-pouvez-pas-compter-sur-les-baskets-AirTag.jpg","contentUrl":"https:\/\/vieassociative.be\/actualites\/wp-content\/uploads\/2025\/08\/Pourquoi-vous-ne-pouvez-pas-compter-sur-les-baskets-AirTag.jpg","width":1200,"height":675,"caption":"Pourquoi vous ne pouvez pas compter sur les baskets AirTag de Skechers pour suivre vos enfants"},{"@type":"BreadcrumbList","@id":"https:\/\/vieassociative.be\/actualites\/pourquoi-vous-ne-pouvez-pas-compter-sur-les-baskets-airtag-de-skechers-pour-suivre-vos-enfants\/#breadcrumb","itemListElement":[{"@type":"ListItem","position":1,"name":"Accueil","item":"https:\/\/vieassociative.be\/actualites\/"},{"@type":"ListItem","position":2,"name":"Pourquoi vous ne pouvez pas compter sur les baskets AirTag de Skechers pour suivre vos enfants"}]},{"@type":"WebSite","@id":"https:\/\/vieassociative.be\/actualites\/#website","url":"https:\/\/vieassociative.be\/actualites\/","name":"Vie Associative","description":"","publisher":{"@id":"https:\/\/vieassociative.be\/actualites\/#organization"},"potentialAction":[{"@type":"SearchAction","target":{"@type":"EntryPoint","urlTemplate":"https:\/\/vieassociative.be\/actualites\/?s={search_term_string}"},"query-input":{"@type":"PropertyValueSpecification","valueRequired":true,"valueName":"search_term_string"}}],"inLanguage":"fr-BE"},{"@type":"Organization","@id":"https:\/\/vieassociative.be\/actualites\/#organization","name":"Vie Associative","url":"https:\/\/vieassociative.be\/actualites\/","logo":{"@type":"ImageObject","inLanguage":"fr-BE","@id":"https:\/\/vieassociative.be\/actualites\/#\/schema\/logo\/image\/","url":"https:\/\/vieassociative.be\/actualites\/wp-content\/uploads\/2024\/09\/cropped-vieassociative_favicon.ico.png","contentUrl":"https:\/\/vieassociative.be\/actualites\/wp-content\/uploads\/2024\/09\/cropped-vieassociative_favicon.ico.png","width":512,"height":512,"caption":"Vie Associative"},"image":{"@id":"https:\/\/vieassociative.be\/actualites\/#\/schema\/logo\/image\/"}},{"@type":"Person","@id":"https:\/\/vieassociative.be\/actualites\/#\/schema\/person\/b87ac4f82f9d4e7b7cec7395b679edc4","name":"Julien","image":{"@type":"ImageObject","inLanguage":"fr-BE","@id":"https:\/\/vieassociative.be\/actualites\/#\/schema\/person\/image\/","url":"https:\/\/vieassociative.be\/actualites\/wp-content\/uploads\/2024\/09\/vie-associative-1-150x150.jpg","contentUrl":"https:\/\/vieassociative.be\/actualites\/wp-content\/uploads\/2024\/09\/vie-associative-1-150x150.jpg","caption":"Julien"},"description":"Je suis Julien, r\u00e9dacteur pour Vie Associative. Passionn\u00e9 par le monde associatif depuis plus de 10 ans, j'ai \u00e0 c\u0153ur de partager des histoires inspirantes et de mettre en lumi\u00e8re les initiatives locales. Mon objectif est de sensibiliser et d'encourager l'engagement communautaire \u00e0 travers mes articles.","sameAs":["https:\/\/vieassociative.be\/"]}]}},"_links":{"self":[{"href":"https:\/\/vieassociative.be\/actualites\/wp-json\/wp\/v2\/posts\/9165"}],"collection":[{"href":"https:\/\/vieassociative.be\/actualites\/wp-json\/wp\/v2\/posts"}],"about":[{"href":"https:\/\/vieassociative.be\/actualites\/wp-json\/wp\/v2\/types\/post"}],"author":[{"embeddable":true,"href":"https:\/\/vieassociative.be\/actualites\/wp-json\/wp\/v2\/users\/1"}],"replies":[{"embeddable":true,"href":"https:\/\/vieassociative.be\/actualites\/wp-json\/wp\/v2\/comments?post=9165"}],"version-history":[{"count":0,"href":"https:\/\/vieassociative.be\/actualites\/wp-json\/wp\/v2\/posts\/9165\/revisions"}],"wp:featuredmedia":[{"embeddable":true,"href":"https:\/\/vieassociative.be\/actualites\/wp-json\/wp\/v2\/media\/9166"}],"wp:attachment":[{"href":"https:\/\/vieassociative.be\/actualites\/wp-json\/wp\/v2\/media?parent=9165"}],"wp:term":[{"taxonomy":"category","embeddable":true,"href":"https:\/\/vieassociative.be\/actualites\/wp-json\/wp\/v2\/categories?post=9165"},{"taxonomy":"post_tag","embeddable":true,"href":"https:\/\/vieassociative.be\/actualites\/wp-json\/wp\/v2\/tags?post=9165"}],"curies":[{"name":"wp","href":"https:\/\/api.w.org\/{rel}","templated":true}]}}