{"id":9159,"date":"2025-08-02T09:18:49","date_gmt":"2025-08-02T07:18:49","guid":{"rendered":"https:\/\/vieassociative.be\/actualites\/le-m1-macbook-air-est-a-600-en-ce-moment\/"},"modified":"2025-08-02T09:18:49","modified_gmt":"2025-08-02T07:18:49","slug":"le-m1-macbook-air-est-a-600-en-ce-moment","status":"publish","type":"post","link":"https:\/\/vieassociative.be\/actualites\/le-m1-macbook-air-est-a-600-en-ce-moment\/","title":{"rendered":"Le M1 MacBook Air est \u00e0 600 $ en ce moment"},"content":{"rendered":"<div class=\"mt-4 leading-6 md:mb-8\">Ce n&rsquo;est peut-\u00eatre pas le dernier mod\u00e8le, mais c&rsquo;est toujours un excellent MacBook pour la plupart des gens.<\/div>\n<p><\/p>\n<p>La nouvelle gamme de M4 MacBook Airs a eu un effet d&rsquo;entra\u00eenement sur tous les autres MacBooks, mais le M1 constate une remise particuli\u00e8rement importante. Walmart a l&rsquo;ordinateur portable M1 MacBook Air de 13,3 pouces<strong> <\/strong>pour <strong>599 $ <\/strong>(\u00e0 l&rsquo;origine 999,99 $), ce qui est 100 $ moins cher depuis la lib\u00e9ration du M4, selon les outils de suivi des prix. Bien que le M4 soit de 799,99 $ et une meilleure valeur pour votre argent, tout le monde ne pourra pas se le permettre. Pour ceux qui ont besoin de l&rsquo;argent suppl\u00e9mentaire en main, le M1 MacBook Air est encore une bonne affaire en 2025.<\/p>\n<div class=\"pogoClear mb-12 mt-10 rounded-md border-2 border-gray-100 py-7 shadow-xl md:py-6\">\n<div class=\"flex flex-wrap justify-between px-7 text-black no-underline md:flex-nowrap md:px-8\">\n<div class=\"order-1 mx-auto flex flex-col justify-center md:order-2 md:ml-4 md:w-full md:grow\">\n<div class=\"block cursor-pointer text-center font-akshar text-2xl font-medium leading-7 text-brand-green duration-200 ease-in-out hover:text-brand-green-700 md:text-left md:text-xl md:leading-6\">APPLE MACBOOK AIR M1 13 \u201d\n                <\/div>\n<div class=\"mt-4 hidden md:flex md:justify-between\">\n<div class=\"self-end\">\n<div class=\"mb-0 h-11 md:flex md:flex-col md:justify-center\">\n<div class=\" font-sans leading-4 text-black\">\n<div class=\"flex flex-wrap items-center justify-center gap-1 md:justify-start\">\n        <span class=\"font-bold\"><\/p>\n<p>            599,00 $<br \/>\n                            <span class=\"font-medium\">\u00e0 Walmart<\/span><br \/>\n                    <\/span>\n            <\/div>\n<div class=\"flex items-center justify-center gap-x-1 font-bold md:justify-start\">\n            <span class=\"text-sm line-through\">1 043,9 $<\/span><br \/>\n            <span class=\"text-sm text-brand-green\">\u00c9conomisez 444,99 $<\/span>\n        <\/div>\n<\/p><\/div>\n<\/p><\/div>\n<\/p><\/div>\n<div class=\"w-44 self-end\">\n                            <button class=\"flex justify-center items-center w-full bg-brand-green text-white text-base font-sans font-medium rounded-md hover:bg-brand-green-700 hover:cursor-pointer md:text-sm h-11\"><\/p>\n<p>    Conclure un accord<br \/>\n<\/button>\n                        <\/div>\n<\/p><\/div>\n<\/p><\/div>\n<div class=\"order-2 mt-5 h-auto w-full md:order-1 md:mt-0 md:hidden\">\n<div class=\"flex aspect-video items-center justify-center\">\n                                            <img decoding=\"async\" class=\"m-0 max-h-full max-w-full rounded-md\" src=\"https:\/\/vieassociative.be\/actualites\/wp-content\/uploads\/2025\/08\/Le-M1-MacBook-Air-est-a-600-en-ce.jpg\" alt=\"APPLE MACBOOK AIR M1 13 \u201d\" width=\"auto\" height=\"auto\" loading=\"lazy\">\n                                    <\/div>\n<\/p><\/div>\n<div class=\"order-2 ml-2 hidden w-32 shrink-0 items-center md:order-1 md:ml-0 md:flex\">\n<div class=\"flex aspect-video items-center justify-center\">\n                                            <img decoding=\"async\" class=\"m-0 max-h-full max-w-full rounded-md\" src=\"https:\/\/vieassociative.be\/actualites\/wp-content\/uploads\/2025\/08\/Le-M1-MacBook-Air-est-a-600-en-ce.jpg\" alt=\"APPLE MACBOOK AIR M1 13 \u201d\" width=\"auto\" height=\"auto\" loading=\"lazy\">\n                                    <\/div>\n<\/p><\/div>\n<div class=\"order-3 flex grow flex-wrap md:hidden md:grow-0\">\n<div class=\"mt-4 w-full\">\n                        <button class=\"flex justify-center items-center w-full bg-brand-green text-white text-base font-sans font-medium rounded-md hover:bg-brand-green-700 hover:cursor-pointer md:text-sm h-11\"><\/p>\n<p>    Conclure un accord<br \/>\n<\/button>\n                    <\/div>\n<div class=\"mx-2 mt-4 w-full\">\n<div class=\" font-sans leading-4 text-black\">\n<div class=\"flex flex-wrap items-center justify-center gap-1 md:justify-start\">\n        <span class=\"font-bold\"><\/p>\n<p>            599,00 $<br \/>\n                            <span class=\"font-medium\">\u00e0 Walmart<\/span><br \/>\n                    <\/span>\n            <\/div>\n<div class=\"flex items-center justify-center gap-x-1 font-bold md:justify-start\">\n            <span class=\"text-sm line-through\">1 043,9 $<\/span><br \/>\n            <span class=\"text-sm text-brand-green\">\u00c9conomisez 444,99 $<\/span>\n        <\/div>\n<\/p><\/div>\n<\/p><\/div>\n<\/p><\/div>\n<\/p><\/div>\n<\/div>\n<p>Ce M1 est le mod\u00e8le de base de 2020. Il a 8 Go de RAM et 256 Go de stockage. Vous pouvez vous attendre \u00e0 environ 18 heures d&rsquo;autonomie. Bien qu&rsquo;il soit p\u00e2le par rapport \u00e0 la nouvelle puce M4 (Apple dit que l&rsquo;air M4 est jusqu&rsquo;\u00e0 deux fois plus rapide qu&rsquo;un air M1) et toutes ses nouvelles fonctionnalit\u00e9s, le M1 est encore suffisant pour la plupart d&rsquo;entre nous. Comme l&rsquo;a soulign\u00e9 Jake Peterson, r\u00e9dacteur en technologie de la technologie de Vie Associative, le M1 est toujours un <em>fantastique<\/em> Des ann\u00e9es d&rsquo;ordinateur apr\u00e8s sa sortie. La principale raison derri\u00e8re cela est qu&rsquo;Apple est capable d&rsquo;optimiser les macOS vers le M1, embrassant les nouvelles versions de macOS gracieusement et appr\u00e9ciant leurs nouvelles fonctionnalit\u00e9s tandis que les Mac Intel se d\u00e9battaient. C&rsquo;est pourquoi le M1 aujourd&rsquo;hui surpassera un I9 Intel Mac.<\/p>\n<p>Si vous vous inqui\u00e9tez de l&rsquo;assistance logicielle d&rsquo;Apple, Jake dit que le M1 ne semble pas aller n&rsquo;importe o\u00f9 de sit\u00f4t. La seule chose qui vous manquera dans le nouveau MacOS Sonoma est la possibilit\u00e9 de connecter des appareils auditifs \u00e0 votre Mac. <\/p>\n<p>Gardez \u00e0 l&rsquo;esprit qu&rsquo;Apple a interrompu le M1 MacBook Air apr\u00e8s la sortie du M3 et ne les vend plus sur son site Web. Si vous recherchez un MacBook fiable qui a r\u00e9sist\u00e9 \u00e0 l&rsquo;\u00e9preuve du temps et qui est toujours un excellent achat en 2025, obtenez le M1 pour 599,99 $.<\/p>\n","protected":false},"excerpt":{"rendered":"<p>Ce n&rsquo;est peut-\u00eatre pas le dernier mod\u00e8le, mais c&rsquo;est toujours un excellent MacBook pour la plupart des gens. La nouvelle gamme de M4 MacBook Airs<\/p>\n","protected":false},"author":1,"featured_media":9160,"comment_status":"","ping_status":"","sticky":false,"template":"","format":"standard","meta":{"footnotes":""},"categories":[13],"tags":[1327,76,686,1429],"class_list":["post-9159","post","type-post","status-publish","format-standard","has-post-thumbnail","hentry","category-technologie","tag-air","tag-est","tag-macbook","tag-moment","generate-columns","tablet-grid-50","mobile-grid-100","grid-parent","grid-33"],"yoast_head":"<!-- This site is optimized with the Yoast SEO plugin v24.0 - https:\/\/yoast.com\/wordpress\/plugins\/seo\/ -->\n<title>Le M1 MacBook Air est \u00e0 600 $ en ce moment | Vie Associative<\/title>\n<meta name=\"robots\" content=\"index, follow, max-snippet:-1, max-image-preview:large, max-video-preview:-1\" \/>\n<link rel=\"canonical\" href=\"https:\/\/vieassociative.be\/actualites\/le-m1-macbook-air-est-a-600-en-ce-moment\/\" \/>\n<meta property=\"og:locale\" content=\"fr_FR\" \/>\n<meta property=\"og:type\" content=\"article\" \/>\n<meta property=\"og:title\" content=\"Le M1 MacBook Air est \u00e0 600 $ en ce moment | Vie Associative\" \/>\n<meta property=\"og:description\" content=\"Ce n&rsquo;est peut-\u00eatre pas le dernier mod\u00e8le, mais c&rsquo;est toujours un excellent MacBook pour la plupart des gens. La nouvelle gamme de M4 MacBook Airs\" \/>\n<meta property=\"og:url\" content=\"https:\/\/vieassociative.be\/actualites\/le-m1-macbook-air-est-a-600-en-ce-moment\/\" \/>\n<meta property=\"og:site_name\" content=\"Vie Associative\" \/>\n<meta property=\"article:published_time\" content=\"2025-08-02T07:18:49+00:00\" \/>\n<meta property=\"og:image\" content=\"https:\/\/vieassociative.be\/actualites\/wp-content\/uploads\/2025\/08\/Le-M1-MacBook-Air-est-a-600-en-ce.jpg\" \/>\n<meta name=\"author\" content=\"Julien\" \/>\n<meta name=\"twitter:card\" content=\"summary_large_image\" \/>\n<meta name=\"twitter:label1\" content=\"\u00c9crit par\" \/>\n\t<meta name=\"twitter:data1\" content=\"Julien\" \/>\n\t<meta name=\"twitter:label2\" content=\"Dur\u00e9e de lecture est.\" \/>\n\t<meta name=\"twitter:data2\" content=\"2 minutes\" \/>\n<script type=\"application\/ld+json\" class=\"yoast-schema-graph\">{\"@context\":\"https:\/\/schema.org\",\"@graph\":[{\"@type\":\"Article\",\"@id\":\"https:\/\/vieassociative.be\/actualites\/le-m1-macbook-air-est-a-600-en-ce-moment\/#article\",\"isPartOf\":{\"@id\":\"https:\/\/vieassociative.be\/actualites\/le-m1-macbook-air-est-a-600-en-ce-moment\/\"},\"author\":{\"name\":\"Julien\",\"@id\":\"https:\/\/vieassociative.be\/actualites\/#\/schema\/person\/b87ac4f82f9d4e7b7cec7395b679edc4\"},\"headline\":\"Le M1 MacBook Air est \u00e0 600 $ en ce moment\",\"datePublished\":\"2025-08-02T07:18:49+00:00\",\"dateModified\":\"2025-08-02T07:18:49+00:00\",\"mainEntityOfPage\":{\"@id\":\"https:\/\/vieassociative.be\/actualites\/le-m1-macbook-air-est-a-600-en-ce-moment\/\"},\"wordCount\":400,\"publisher\":{\"@id\":\"https:\/\/vieassociative.be\/actualites\/#organization\"},\"image\":{\"@id\":\"https:\/\/vieassociative.be\/actualites\/le-m1-macbook-air-est-a-600-en-ce-moment\/#primaryimage\"},\"thumbnailUrl\":\"https:\/\/vieassociative.be\/actualites\/wp-content\/uploads\/2025\/08\/Le-M1-MacBook-Air-est-a-600-en-ce.png\",\"keywords\":[\"air\",\"est\",\"MacBook\",\"moment\"],\"articleSection\":[\"Technologie\"],\"inLanguage\":\"fr-BE\"},{\"@type\":\"WebPage\",\"@id\":\"https:\/\/vieassociative.be\/actualites\/le-m1-macbook-air-est-a-600-en-ce-moment\/\",\"url\":\"https:\/\/vieassociative.be\/actualites\/le-m1-macbook-air-est-a-600-en-ce-moment\/\",\"name\":\"Le M1 MacBook Air est \u00e0 600 $ en ce moment | Vie Associative\",\"isPartOf\":{\"@id\":\"https:\/\/vieassociative.be\/actualites\/#website\"},\"primaryImageOfPage\":{\"@id\":\"https:\/\/vieassociative.be\/actualites\/le-m1-macbook-air-est-a-600-en-ce-moment\/#primaryimage\"},\"image\":{\"@id\":\"https:\/\/vieassociative.be\/actualites\/le-m1-macbook-air-est-a-600-en-ce-moment\/#primaryimage\"},\"thumbnailUrl\":\"https:\/\/vieassociative.be\/actualites\/wp-content\/uploads\/2025\/08\/Le-M1-MacBook-Air-est-a-600-en-ce.png\",\"datePublished\":\"2025-08-02T07:18:49+00:00\",\"dateModified\":\"2025-08-02T07:18:49+00:00\",\"breadcrumb\":{\"@id\":\"https:\/\/vieassociative.be\/actualites\/le-m1-macbook-air-est-a-600-en-ce-moment\/#breadcrumb\"},\"inLanguage\":\"fr-BE\",\"potentialAction\":[{\"@type\":\"ReadAction\",\"target\":[\"https:\/\/vieassociative.be\/actualites\/le-m1-macbook-air-est-a-600-en-ce-moment\/\"]}]},{\"@type\":\"ImageObject\",\"inLanguage\":\"fr-BE\",\"@id\":\"https:\/\/vieassociative.be\/actualites\/le-m1-macbook-air-est-a-600-en-ce-moment\/#primaryimage\",\"url\":\"https:\/\/vieassociative.be\/actualites\/wp-content\/uploads\/2025\/08\/Le-M1-MacBook-Air-est-a-600-en-ce.png\",\"contentUrl\":\"https:\/\/vieassociative.be\/actualites\/wp-content\/uploads\/2025\/08\/Le-M1-MacBook-Air-est-a-600-en-ce.png\",\"width\":1200,\"height\":675,\"caption\":\"Le M1 MacBook Air est \u00e0 600 $ en ce moment\"},{\"@type\":\"BreadcrumbList\",\"@id\":\"https:\/\/vieassociative.be\/actualites\/le-m1-macbook-air-est-a-600-en-ce-moment\/#breadcrumb\",\"itemListElement\":[{\"@type\":\"ListItem\",\"position\":1,\"name\":\"Accueil\",\"item\":\"https:\/\/vieassociative.be\/actualites\/\"},{\"@type\":\"ListItem\",\"position\":2,\"name\":\"Le M1 MacBook Air est \u00e0 600 $ en ce moment\"}]},{\"@type\":\"WebSite\",\"@id\":\"https:\/\/vieassociative.be\/actualites\/#website\",\"url\":\"https:\/\/vieassociative.be\/actualites\/\",\"name\":\"Vie Associative\",\"description\":\"\",\"publisher\":{\"@id\":\"https:\/\/vieassociative.be\/actualites\/#organization\"},\"potentialAction\":[{\"@type\":\"SearchAction\",\"target\":{\"@type\":\"EntryPoint\",\"urlTemplate\":\"https:\/\/vieassociative.be\/actualites\/?s={search_term_string}\"},\"query-input\":{\"@type\":\"PropertyValueSpecification\",\"valueRequired\":true,\"valueName\":\"search_term_string\"}}],\"inLanguage\":\"fr-BE\"},{\"@type\":\"Organization\",\"@id\":\"https:\/\/vieassociative.be\/actualites\/#organization\",\"name\":\"Vie Associative\",\"url\":\"https:\/\/vieassociative.be\/actualites\/\",\"logo\":{\"@type\":\"ImageObject\",\"inLanguage\":\"fr-BE\",\"@id\":\"https:\/\/vieassociative.be\/actualites\/#\/schema\/logo\/image\/\",\"url\":\"https:\/\/vieassociative.be\/actualites\/wp-content\/uploads\/2024\/09\/cropped-vieassociative_favicon.ico.png\",\"contentUrl\":\"https:\/\/vieassociative.be\/actualites\/wp-content\/uploads\/2024\/09\/cropped-vieassociative_favicon.ico.png\",\"width\":512,\"height\":512,\"caption\":\"Vie Associative\"},\"image\":{\"@id\":\"https:\/\/vieassociative.be\/actualites\/#\/schema\/logo\/image\/\"}},{\"@type\":\"Person\",\"@id\":\"https:\/\/vieassociative.be\/actualites\/#\/schema\/person\/b87ac4f82f9d4e7b7cec7395b679edc4\",\"name\":\"Julien\",\"image\":{\"@type\":\"ImageObject\",\"inLanguage\":\"fr-BE\",\"@id\":\"https:\/\/vieassociative.be\/actualites\/#\/schema\/person\/image\/\",\"url\":\"https:\/\/vieassociative.be\/actualites\/wp-content\/uploads\/2024\/09\/vie-associative-1-150x150.jpg\",\"contentUrl\":\"https:\/\/vieassociative.be\/actualites\/wp-content\/uploads\/2024\/09\/vie-associative-1-150x150.jpg\",\"caption\":\"Julien\"},\"description\":\"Je suis Julien, r\u00e9dacteur pour Vie Associative. Passionn\u00e9 par le monde associatif depuis plus de 10 ans, j'ai \u00e0 c\u0153ur de partager des histoires inspirantes et de mettre en lumi\u00e8re les initiatives locales. Mon objectif est de sensibiliser et d'encourager l'engagement communautaire \u00e0 travers mes articles.\",\"sameAs\":[\"https:\/\/vieassociative.be\/\"]}]}<\/script>\n<!-- \/ Yoast SEO plugin. -->","yoast_head_json":{"title":"Le M1 MacBook Air est \u00e0 600 $ en ce moment | Vie Associative","robots":{"index":"index","follow":"follow","max-snippet":"max-snippet:-1","max-image-preview":"max-image-preview:large","max-video-preview":"max-video-preview:-1"},"canonical":"https:\/\/vieassociative.be\/actualites\/le-m1-macbook-air-est-a-600-en-ce-moment\/","og_locale":"fr_FR","og_type":"article","og_title":"Le M1 MacBook Air est \u00e0 600 $ en ce moment | Vie Associative","og_description":"Ce n&rsquo;est peut-\u00eatre pas le dernier mod\u00e8le, mais c&rsquo;est toujours un excellent MacBook pour la plupart des gens. La nouvelle gamme de M4 MacBook Airs","og_url":"https:\/\/vieassociative.be\/actualites\/le-m1-macbook-air-est-a-600-en-ce-moment\/","og_site_name":"Vie Associative","article_published_time":"2025-08-02T07:18:49+00:00","og_image":[{"url":"https:\/\/vieassociative.be\/actualites\/wp-content\/uploads\/2025\/08\/Le-M1-MacBook-Air-est-a-600-en-ce.jpg","type":"","width":"","height":""}],"author":"Julien","twitter_card":"summary_large_image","twitter_misc":{"\u00c9crit par":"Julien","Dur\u00e9e de lecture est.":"2 minutes"},"schema":{"@context":"https:\/\/schema.org","@graph":[{"@type":"Article","@id":"https:\/\/vieassociative.be\/actualites\/le-m1-macbook-air-est-a-600-en-ce-moment\/#article","isPartOf":{"@id":"https:\/\/vieassociative.be\/actualites\/le-m1-macbook-air-est-a-600-en-ce-moment\/"},"author":{"name":"Julien","@id":"https:\/\/vieassociative.be\/actualites\/#\/schema\/person\/b87ac4f82f9d4e7b7cec7395b679edc4"},"headline":"Le M1 MacBook Air est \u00e0 600 $ en ce moment","datePublished":"2025-08-02T07:18:49+00:00","dateModified":"2025-08-02T07:18:49+00:00","mainEntityOfPage":{"@id":"https:\/\/vieassociative.be\/actualites\/le-m1-macbook-air-est-a-600-en-ce-moment\/"},"wordCount":400,"publisher":{"@id":"https:\/\/vieassociative.be\/actualites\/#organization"},"image":{"@id":"https:\/\/vieassociative.be\/actualites\/le-m1-macbook-air-est-a-600-en-ce-moment\/#primaryimage"},"thumbnailUrl":"https:\/\/vieassociative.be\/actualites\/wp-content\/uploads\/2025\/08\/Le-M1-MacBook-Air-est-a-600-en-ce.png","keywords":["air","est","MacBook","moment"],"articleSection":["Technologie"],"inLanguage":"fr-BE"},{"@type":"WebPage","@id":"https:\/\/vieassociative.be\/actualites\/le-m1-macbook-air-est-a-600-en-ce-moment\/","url":"https:\/\/vieassociative.be\/actualites\/le-m1-macbook-air-est-a-600-en-ce-moment\/","name":"Le M1 MacBook Air est \u00e0 600 $ en ce moment | Vie Associative","isPartOf":{"@id":"https:\/\/vieassociative.be\/actualites\/#website"},"primaryImageOfPage":{"@id":"https:\/\/vieassociative.be\/actualites\/le-m1-macbook-air-est-a-600-en-ce-moment\/#primaryimage"},"image":{"@id":"https:\/\/vieassociative.be\/actualites\/le-m1-macbook-air-est-a-600-en-ce-moment\/#primaryimage"},"thumbnailUrl":"https:\/\/vieassociative.be\/actualites\/wp-content\/uploads\/2025\/08\/Le-M1-MacBook-Air-est-a-600-en-ce.png","datePublished":"2025-08-02T07:18:49+00:00","dateModified":"2025-08-02T07:18:49+00:00","breadcrumb":{"@id":"https:\/\/vieassociative.be\/actualites\/le-m1-macbook-air-est-a-600-en-ce-moment\/#breadcrumb"},"inLanguage":"fr-BE","potentialAction":[{"@type":"ReadAction","target":["https:\/\/vieassociative.be\/actualites\/le-m1-macbook-air-est-a-600-en-ce-moment\/"]}]},{"@type":"ImageObject","inLanguage":"fr-BE","@id":"https:\/\/vieassociative.be\/actualites\/le-m1-macbook-air-est-a-600-en-ce-moment\/#primaryimage","url":"https:\/\/vieassociative.be\/actualites\/wp-content\/uploads\/2025\/08\/Le-M1-MacBook-Air-est-a-600-en-ce.png","contentUrl":"https:\/\/vieassociative.be\/actualites\/wp-content\/uploads\/2025\/08\/Le-M1-MacBook-Air-est-a-600-en-ce.png","width":1200,"height":675,"caption":"Le M1 MacBook Air est \u00e0 600 $ en ce moment"},{"@type":"BreadcrumbList","@id":"https:\/\/vieassociative.be\/actualites\/le-m1-macbook-air-est-a-600-en-ce-moment\/#breadcrumb","itemListElement":[{"@type":"ListItem","position":1,"name":"Accueil","item":"https:\/\/vieassociative.be\/actualites\/"},{"@type":"ListItem","position":2,"name":"Le M1 MacBook Air est \u00e0 600 $ en ce moment"}]},{"@type":"WebSite","@id":"https:\/\/vieassociative.be\/actualites\/#website","url":"https:\/\/vieassociative.be\/actualites\/","name":"Vie Associative","description":"","publisher":{"@id":"https:\/\/vieassociative.be\/actualites\/#organization"},"potentialAction":[{"@type":"SearchAction","target":{"@type":"EntryPoint","urlTemplate":"https:\/\/vieassociative.be\/actualites\/?s={search_term_string}"},"query-input":{"@type":"PropertyValueSpecification","valueRequired":true,"valueName":"search_term_string"}}],"inLanguage":"fr-BE"},{"@type":"Organization","@id":"https:\/\/vieassociative.be\/actualites\/#organization","name":"Vie Associative","url":"https:\/\/vieassociative.be\/actualites\/","logo":{"@type":"ImageObject","inLanguage":"fr-BE","@id":"https:\/\/vieassociative.be\/actualites\/#\/schema\/logo\/image\/","url":"https:\/\/vieassociative.be\/actualites\/wp-content\/uploads\/2024\/09\/cropped-vieassociative_favicon.ico.png","contentUrl":"https:\/\/vieassociative.be\/actualites\/wp-content\/uploads\/2024\/09\/cropped-vieassociative_favicon.ico.png","width":512,"height":512,"caption":"Vie Associative"},"image":{"@id":"https:\/\/vieassociative.be\/actualites\/#\/schema\/logo\/image\/"}},{"@type":"Person","@id":"https:\/\/vieassociative.be\/actualites\/#\/schema\/person\/b87ac4f82f9d4e7b7cec7395b679edc4","name":"Julien","image":{"@type":"ImageObject","inLanguage":"fr-BE","@id":"https:\/\/vieassociative.be\/actualites\/#\/schema\/person\/image\/","url":"https:\/\/vieassociative.be\/actualites\/wp-content\/uploads\/2024\/09\/vie-associative-1-150x150.jpg","contentUrl":"https:\/\/vieassociative.be\/actualites\/wp-content\/uploads\/2024\/09\/vie-associative-1-150x150.jpg","caption":"Julien"},"description":"Je suis Julien, r\u00e9dacteur pour Vie Associative. Passionn\u00e9 par le monde associatif depuis plus de 10 ans, j'ai \u00e0 c\u0153ur de partager des histoires inspirantes et de mettre en lumi\u00e8re les initiatives locales. Mon objectif est de sensibiliser et d'encourager l'engagement communautaire \u00e0 travers mes articles.","sameAs":["https:\/\/vieassociative.be\/"]}]}},"_links":{"self":[{"href":"https:\/\/vieassociative.be\/actualites\/wp-json\/wp\/v2\/posts\/9159"}],"collection":[{"href":"https:\/\/vieassociative.be\/actualites\/wp-json\/wp\/v2\/posts"}],"about":[{"href":"https:\/\/vieassociative.be\/actualites\/wp-json\/wp\/v2\/types\/post"}],"author":[{"embeddable":true,"href":"https:\/\/vieassociative.be\/actualites\/wp-json\/wp\/v2\/users\/1"}],"replies":[{"embeddable":true,"href":"https:\/\/vieassociative.be\/actualites\/wp-json\/wp\/v2\/comments?post=9159"}],"version-history":[{"count":0,"href":"https:\/\/vieassociative.be\/actualites\/wp-json\/wp\/v2\/posts\/9159\/revisions"}],"wp:featuredmedia":[{"embeddable":true,"href":"https:\/\/vieassociative.be\/actualites\/wp-json\/wp\/v2\/media\/9160"}],"wp:attachment":[{"href":"https:\/\/vieassociative.be\/actualites\/wp-json\/wp\/v2\/media?parent=9159"}],"wp:term":[{"taxonomy":"category","embeddable":true,"href":"https:\/\/vieassociative.be\/actualites\/wp-json\/wp\/v2\/categories?post=9159"},{"taxonomy":"post_tag","embeddable":true,"href":"https:\/\/vieassociative.be\/actualites\/wp-json\/wp\/v2\/tags?post=9159"}],"curies":[{"name":"wp","href":"https:\/\/api.w.org\/{rel}","templated":true}]}}