{"id":9155,"date":"2025-08-02T03:18:35","date_gmt":"2025-08-02T01:18:35","guid":{"rendered":"https:\/\/vieassociative.be\/actualites\/le-dernier-correctif-de-securite-dapple-corrige-une-vulnerabilite-zero-jour-ciblant-chrome\/"},"modified":"2025-08-02T03:18:35","modified_gmt":"2025-08-02T01:18:35","slug":"le-dernier-correctif-de-securite-dapple-corrige-une-vulnerabilite-zero-jour-ciblant-chrome","status":"publish","type":"post","link":"https:\/\/vieassociative.be\/actualites\/le-dernier-correctif-de-securite-dapple-corrige-une-vulnerabilite-zero-jour-ciblant-chrome\/","title":{"rendered":"Le dernier correctif de s\u00e9curit\u00e9 d&rsquo;Apple corrige une vuln\u00e9rabilit\u00e9 z\u00e9ro-jour ciblant Chrome"},"content":{"rendered":"<div class=\"mt-4 leading-6 md:mb-8\">Les pirates ont d\u00e9j\u00e0 exploit\u00e9 la faille contre les utilisateurs de Chrome.<\/div>\n<p><\/p>\n<p>Lorsque Apple a abandonn\u00e9 iOS 18.6 cette semaine, il n&rsquo;a pas exp\u00e9di\u00e9 un tas de nouvelles fonctionnalit\u00e9s et changements. En effet, lorsque vous mettez \u00e0 jour votre iPhone, il appara\u00eetra exactement comme il a fait l&rsquo;ex\u00e9cution de iOS 18.5. Sous le capot, cependant, la mise \u00e0 jour a introduit plus de 20 correctifs pour les vuln\u00e9rabilit\u00e9s de s\u00e9curit\u00e9 sur iOS, ce qui en fait une mise \u00e0 jour de s\u00e9curit\u00e9 importante pour tous les appareils compatibles.<\/p>\n<p>Lorsque Apple a publi\u00e9 ses billets de s\u00e9curit\u00e9 pour la mise \u00e0 jour, cela n&rsquo;a pas indiqu\u00e9 si l&rsquo;un des d\u00e9fauts \u00e9tait z\u00e9ro jour &#8211; en d&rsquo;autres termes, si l&rsquo;un des d\u00e9fauts avait \u00e9t\u00e9 exploit\u00e9 ou divulgu\u00e9 publiquement avant qu&rsquo;un correctif ne soit facilement disponible. Cela met l&rsquo;utilisateur \u00e0 un avantage, car il sugg\u00e8re que de mauvais acteurs n&rsquo;ont pas compris comment profiter des d\u00e9fauts d\u00e9sormais fix\u00e9s. Cependant, il s&rsquo;av\u00e8re que l&rsquo;un de ces d\u00e9fauts <em>\u00e9tait<\/em> activement exploit\u00e9 &#8211; non contre un produit Apple. <\/p>\n<p>La vuln\u00e9rabilit\u00e9 en question est suivie comme CVE-2025-6558. Selon les notes de version d&rsquo;Apple, il s&rsquo;agit d&rsquo;un d\u00e9faut qui pourrait s&rsquo;\u00e9craser Safari lors du traitement du contenu Web malveillant. Comme le l&rsquo;indique Apple, la vuln\u00e9rabilit\u00e9 n&rsquo;est pas un d\u00e9faut sp\u00e9cifique \u00e0 l&rsquo;iOS; C&rsquo;est plut\u00f4t une vuln\u00e9rabilit\u00e9 dans le code open source, et le logiciel d&rsquo;Apple est affect\u00e9.   <\/p>\n<p>Bien qu&rsquo;Apple affirme que cette vuln\u00e9rabilit\u00e9 n&rsquo;a pas \u00e9t\u00e9 exploit\u00e9e contre le logiciel Apple, au moins au moment o\u00f9 les notes de version ont \u00e9t\u00e9 publi\u00e9es, un logiciel qui semble avoir \u00e9t\u00e9 activement exploit\u00e9 \u00e0 l&rsquo;aide de ce d\u00e9faut est Google Chrome. Comme indiqu\u00e9 par Bleeping Computer, CVE-2025-6558 peut permettre aux mauvais acteurs d&rsquo;ex\u00e9cuter leur propre code dans le processus de GPU de Chrome lors de la visite de sites Web malveillants. Cela pourrait permettre aux pirates de p\u00e9n\u00e9trer dans le syst\u00e8me d&rsquo;exploitation de la machine de la cible. Si vous utilisez un produit Apple, cela signifierait que iOS, MacOS, iPados, TVOS, VisionOS ou Watchos pourraient \u00eatre compromis \u00e0 partir de cette attaque. (Apple a publi\u00e9 des mises \u00e0 jour de s\u00e9curit\u00e9 pour toutes ces ESO, respectivement.)<\/p>\n<p>Le d\u00e9faut est une affaire s\u00e9rieuse: l&rsquo;agence de s\u00e9curit\u00e9 de cybers\u00e9curit\u00e9 et d&rsquo;infrastructure (CISA) a r\u00e9pertori\u00e9 cette faille parmi son catalogue de vuln\u00e9rabilit\u00e9s exploit\u00e9 connu, et exige d\u00e9sormais que les agences f\u00e9d\u00e9rales mettent \u00e0 jour leur logiciel d&rsquo;ici le 12 ao\u00fbt.<\/p>\n<h2 id=\"protecting-your-devices-from-this-zero-day\">Prot\u00e9ger vos appareils de ce jour z\u00e9ro<\/h2>\n<p>Pour vous assurer de prot\u00e9ger vos appareils de cette vuln\u00e9rabilit\u00e9, vous voudrez mettre \u00e0 jour tout le mat\u00e9riel et les logiciels affect\u00e9s. Cela signifie que vous voudrez mettre \u00e0 jour tous les appareils Apple vers iOS 18.6, et si vous utilisez Chrome ou un navigateur bas\u00e9 sur le chrome (comme Microsoft Edge ou Opera), vous voudrez le mettre \u00e0 jour vers la derni\u00e8re version. <\/p>\n<p>Vous pouvez g\u00e9n\u00e9ralement installer des mises \u00e0 jour Apple, comme sur un iPhone, \u00e0 partir de <strong>Param\u00e8tres> G\u00e9n\u00e9ral> Mise \u00e0 jour logicielle<\/strong>. Sur Chrome, cliquez sur les trois points en haut \u00e0 droite, puis allez \u00e0 <strong>Aide> sur Google Chrome<\/strong>.<\/p>\n","protected":false},"excerpt":{"rendered":"<p>Les pirates ont d\u00e9j\u00e0 exploit\u00e9 la faille contre les utilisateurs de Chrome. Lorsque Apple a abandonn\u00e9 iOS 18.6 cette semaine, il n&rsquo;a pas exp\u00e9di\u00e9 un<\/p>\n","protected":false},"author":1,"featured_media":9156,"comment_status":"","ping_status":"","sticky":false,"template":"","format":"standard","meta":{"footnotes":""},"categories":[13],"tags":[2499,8005,894,6266,590,2682,151,110,6728,8004],"class_list":["post-9155","post","type-post","status-publish","format-standard","has-post-thumbnail","hentry","category-technologie","tag-chrome","tag-ciblant","tag-correctif","tag-corrige","tag-dapple","tag-dernier","tag-securite","tag-une","tag-vulnerabilite","tag-zerojour","generate-columns","tablet-grid-50","mobile-grid-100","grid-parent","grid-33"],"yoast_head":"<!-- This site is optimized with the Yoast SEO plugin v24.0 - https:\/\/yoast.com\/wordpress\/plugins\/seo\/ -->\n<title>Le dernier correctif de s\u00e9curit\u00e9 d&#039;Apple corrige une vuln\u00e9rabilit\u00e9 z\u00e9ro-jour ciblant Chrome | Vie Associative<\/title>\n<meta name=\"robots\" content=\"index, follow, max-snippet:-1, max-image-preview:large, max-video-preview:-1\" \/>\n<link rel=\"canonical\" href=\"https:\/\/vieassociative.be\/actualites\/le-dernier-correctif-de-securite-dapple-corrige-une-vulnerabilite-zero-jour-ciblant-chrome\/\" \/>\n<meta property=\"og:locale\" content=\"fr_FR\" \/>\n<meta property=\"og:type\" content=\"article\" \/>\n<meta property=\"og:title\" content=\"Le dernier correctif de s\u00e9curit\u00e9 d&#039;Apple corrige une vuln\u00e9rabilit\u00e9 z\u00e9ro-jour ciblant Chrome | Vie Associative\" \/>\n<meta property=\"og:description\" content=\"Les pirates ont d\u00e9j\u00e0 exploit\u00e9 la faille contre les utilisateurs de Chrome. Lorsque Apple a abandonn\u00e9 iOS 18.6 cette semaine, il n&rsquo;a pas exp\u00e9di\u00e9 un\" \/>\n<meta property=\"og:url\" content=\"https:\/\/vieassociative.be\/actualites\/le-dernier-correctif-de-securite-dapple-corrige-une-vulnerabilite-zero-jour-ciblant-chrome\/\" \/>\n<meta property=\"og:site_name\" content=\"Vie Associative\" \/>\n<meta property=\"article:published_time\" content=\"2025-08-02T01:18:35+00:00\" \/>\n<meta property=\"og:image\" content=\"https:\/\/vieassociative.be\/actualites\/wp-content\/uploads\/2024\/09\/header_backgroundk-01-e1726694325946.png\" \/>\n\t<meta property=\"og:image:width\" content=\"279\" \/>\n\t<meta property=\"og:image:height\" content=\"92\" \/>\n\t<meta property=\"og:image:type\" content=\"image\/png\" \/>\n<meta name=\"author\" content=\"Julien\" \/>\n<meta name=\"twitter:card\" content=\"summary_large_image\" \/>\n<meta name=\"twitter:label1\" content=\"\u00c9crit par\" \/>\n\t<meta name=\"twitter:data1\" content=\"Julien\" \/>\n\t<meta name=\"twitter:label2\" content=\"Dur\u00e9e de lecture est.\" \/>\n\t<meta name=\"twitter:data2\" content=\"3 minutes\" \/>\n<script type=\"application\/ld+json\" class=\"yoast-schema-graph\">{\"@context\":\"https:\/\/schema.org\",\"@graph\":[{\"@type\":\"Article\",\"@id\":\"https:\/\/vieassociative.be\/actualites\/le-dernier-correctif-de-securite-dapple-corrige-une-vulnerabilite-zero-jour-ciblant-chrome\/#article\",\"isPartOf\":{\"@id\":\"https:\/\/vieassociative.be\/actualites\/le-dernier-correctif-de-securite-dapple-corrige-une-vulnerabilite-zero-jour-ciblant-chrome\/\"},\"author\":{\"name\":\"Julien\",\"@id\":\"https:\/\/vieassociative.be\/actualites\/#\/schema\/person\/b87ac4f82f9d4e7b7cec7395b679edc4\"},\"headline\":\"Le dernier correctif de s\u00e9curit\u00e9 d&rsquo;Apple corrige une vuln\u00e9rabilit\u00e9 z\u00e9ro-jour ciblant Chrome\",\"datePublished\":\"2025-08-02T01:18:35+00:00\",\"dateModified\":\"2025-08-02T01:18:35+00:00\",\"mainEntityOfPage\":{\"@id\":\"https:\/\/vieassociative.be\/actualites\/le-dernier-correctif-de-securite-dapple-corrige-une-vulnerabilite-zero-jour-ciblant-chrome\/\"},\"wordCount\":589,\"publisher\":{\"@id\":\"https:\/\/vieassociative.be\/actualites\/#organization\"},\"image\":{\"@id\":\"https:\/\/vieassociative.be\/actualites\/le-dernier-correctif-de-securite-dapple-corrige-une-vulnerabilite-zero-jour-ciblant-chrome\/#primaryimage\"},\"thumbnailUrl\":\"https:\/\/vieassociative.be\/actualites\/wp-content\/uploads\/2025\/08\/Le-dernier-correctif-de-securite-dApple-corrige-une-vulnerabilite-zero-jour.png\",\"keywords\":[\"Chrome\",\"ciblant\",\"correctif\",\"corrige\",\"dApple\",\"dernier\",\"s\u00e9curit\u00e9\",\"une\",\"vuln\u00e9rabilit\u00e9\",\"z\u00e9rojour\"],\"articleSection\":[\"Technologie\"],\"inLanguage\":\"fr-BE\"},{\"@type\":\"WebPage\",\"@id\":\"https:\/\/vieassociative.be\/actualites\/le-dernier-correctif-de-securite-dapple-corrige-une-vulnerabilite-zero-jour-ciblant-chrome\/\",\"url\":\"https:\/\/vieassociative.be\/actualites\/le-dernier-correctif-de-securite-dapple-corrige-une-vulnerabilite-zero-jour-ciblant-chrome\/\",\"name\":\"Le dernier correctif de s\u00e9curit\u00e9 d'Apple corrige une vuln\u00e9rabilit\u00e9 z\u00e9ro-jour ciblant Chrome | Vie Associative\",\"isPartOf\":{\"@id\":\"https:\/\/vieassociative.be\/actualites\/#website\"},\"primaryImageOfPage\":{\"@id\":\"https:\/\/vieassociative.be\/actualites\/le-dernier-correctif-de-securite-dapple-corrige-une-vulnerabilite-zero-jour-ciblant-chrome\/#primaryimage\"},\"image\":{\"@id\":\"https:\/\/vieassociative.be\/actualites\/le-dernier-correctif-de-securite-dapple-corrige-une-vulnerabilite-zero-jour-ciblant-chrome\/#primaryimage\"},\"thumbnailUrl\":\"https:\/\/vieassociative.be\/actualites\/wp-content\/uploads\/2025\/08\/Le-dernier-correctif-de-securite-dApple-corrige-une-vulnerabilite-zero-jour.png\",\"datePublished\":\"2025-08-02T01:18:35+00:00\",\"dateModified\":\"2025-08-02T01:18:35+00:00\",\"breadcrumb\":{\"@id\":\"https:\/\/vieassociative.be\/actualites\/le-dernier-correctif-de-securite-dapple-corrige-une-vulnerabilite-zero-jour-ciblant-chrome\/#breadcrumb\"},\"inLanguage\":\"fr-BE\",\"potentialAction\":[{\"@type\":\"ReadAction\",\"target\":[\"https:\/\/vieassociative.be\/actualites\/le-dernier-correctif-de-securite-dapple-corrige-une-vulnerabilite-zero-jour-ciblant-chrome\/\"]}]},{\"@type\":\"ImageObject\",\"inLanguage\":\"fr-BE\",\"@id\":\"https:\/\/vieassociative.be\/actualites\/le-dernier-correctif-de-securite-dapple-corrige-une-vulnerabilite-zero-jour-ciblant-chrome\/#primaryimage\",\"url\":\"https:\/\/vieassociative.be\/actualites\/wp-content\/uploads\/2025\/08\/Le-dernier-correctif-de-securite-dApple-corrige-une-vulnerabilite-zero-jour.png\",\"contentUrl\":\"https:\/\/vieassociative.be\/actualites\/wp-content\/uploads\/2025\/08\/Le-dernier-correctif-de-securite-dApple-corrige-une-vulnerabilite-zero-jour.png\",\"width\":1200,\"height\":675,\"caption\":\"Le dernier correctif de s\u00e9curit\u00e9 d'Apple corrige une vuln\u00e9rabilit\u00e9 z\u00e9ro-jour ciblant Chrome\"},{\"@type\":\"BreadcrumbList\",\"@id\":\"https:\/\/vieassociative.be\/actualites\/le-dernier-correctif-de-securite-dapple-corrige-une-vulnerabilite-zero-jour-ciblant-chrome\/#breadcrumb\",\"itemListElement\":[{\"@type\":\"ListItem\",\"position\":1,\"name\":\"Accueil\",\"item\":\"https:\/\/vieassociative.be\/actualites\/\"},{\"@type\":\"ListItem\",\"position\":2,\"name\":\"Le dernier correctif de s\u00e9curit\u00e9 d&rsquo;Apple corrige une vuln\u00e9rabilit\u00e9 z\u00e9ro-jour ciblant Chrome\"}]},{\"@type\":\"WebSite\",\"@id\":\"https:\/\/vieassociative.be\/actualites\/#website\",\"url\":\"https:\/\/vieassociative.be\/actualites\/\",\"name\":\"Vie Associative\",\"description\":\"\",\"publisher\":{\"@id\":\"https:\/\/vieassociative.be\/actualites\/#organization\"},\"potentialAction\":[{\"@type\":\"SearchAction\",\"target\":{\"@type\":\"EntryPoint\",\"urlTemplate\":\"https:\/\/vieassociative.be\/actualites\/?s={search_term_string}\"},\"query-input\":{\"@type\":\"PropertyValueSpecification\",\"valueRequired\":true,\"valueName\":\"search_term_string\"}}],\"inLanguage\":\"fr-BE\"},{\"@type\":\"Organization\",\"@id\":\"https:\/\/vieassociative.be\/actualites\/#organization\",\"name\":\"Vie Associative\",\"url\":\"https:\/\/vieassociative.be\/actualites\/\",\"logo\":{\"@type\":\"ImageObject\",\"inLanguage\":\"fr-BE\",\"@id\":\"https:\/\/vieassociative.be\/actualites\/#\/schema\/logo\/image\/\",\"url\":\"https:\/\/vieassociative.be\/actualites\/wp-content\/uploads\/2024\/09\/cropped-vieassociative_favicon.ico.png\",\"contentUrl\":\"https:\/\/vieassociative.be\/actualites\/wp-content\/uploads\/2024\/09\/cropped-vieassociative_favicon.ico.png\",\"width\":512,\"height\":512,\"caption\":\"Vie Associative\"},\"image\":{\"@id\":\"https:\/\/vieassociative.be\/actualites\/#\/schema\/logo\/image\/\"}},{\"@type\":\"Person\",\"@id\":\"https:\/\/vieassociative.be\/actualites\/#\/schema\/person\/b87ac4f82f9d4e7b7cec7395b679edc4\",\"name\":\"Julien\",\"image\":{\"@type\":\"ImageObject\",\"inLanguage\":\"fr-BE\",\"@id\":\"https:\/\/vieassociative.be\/actualites\/#\/schema\/person\/image\/\",\"url\":\"https:\/\/vieassociative.be\/actualites\/wp-content\/uploads\/2024\/09\/vie-associative-1-150x150.jpg\",\"contentUrl\":\"https:\/\/vieassociative.be\/actualites\/wp-content\/uploads\/2024\/09\/vie-associative-1-150x150.jpg\",\"caption\":\"Julien\"},\"description\":\"Je suis Julien, r\u00e9dacteur pour Vie Associative. Passionn\u00e9 par le monde associatif depuis plus de 10 ans, j'ai \u00e0 c\u0153ur de partager des histoires inspirantes et de mettre en lumi\u00e8re les initiatives locales. Mon objectif est de sensibiliser et d'encourager l'engagement communautaire \u00e0 travers mes articles.\",\"sameAs\":[\"https:\/\/vieassociative.be\/\"]}]}<\/script>\n<!-- \/ Yoast SEO plugin. -->","yoast_head_json":{"title":"Le dernier correctif de s\u00e9curit\u00e9 d'Apple corrige une vuln\u00e9rabilit\u00e9 z\u00e9ro-jour ciblant Chrome | Vie Associative","robots":{"index":"index","follow":"follow","max-snippet":"max-snippet:-1","max-image-preview":"max-image-preview:large","max-video-preview":"max-video-preview:-1"},"canonical":"https:\/\/vieassociative.be\/actualites\/le-dernier-correctif-de-securite-dapple-corrige-une-vulnerabilite-zero-jour-ciblant-chrome\/","og_locale":"fr_FR","og_type":"article","og_title":"Le dernier correctif de s\u00e9curit\u00e9 d'Apple corrige une vuln\u00e9rabilit\u00e9 z\u00e9ro-jour ciblant Chrome | Vie Associative","og_description":"Les pirates ont d\u00e9j\u00e0 exploit\u00e9 la faille contre les utilisateurs de Chrome. Lorsque Apple a abandonn\u00e9 iOS 18.6 cette semaine, il n&rsquo;a pas exp\u00e9di\u00e9 un","og_url":"https:\/\/vieassociative.be\/actualites\/le-dernier-correctif-de-securite-dapple-corrige-une-vulnerabilite-zero-jour-ciblant-chrome\/","og_site_name":"Vie Associative","article_published_time":"2025-08-02T01:18:35+00:00","og_image":[{"width":279,"height":92,"url":"https:\/\/vieassociative.be\/actualites\/wp-content\/uploads\/2024\/09\/header_backgroundk-01-e1726694325946.png","type":"image\/png"}],"author":"Julien","twitter_card":"summary_large_image","twitter_misc":{"\u00c9crit par":"Julien","Dur\u00e9e de lecture est.":"3 minutes"},"schema":{"@context":"https:\/\/schema.org","@graph":[{"@type":"Article","@id":"https:\/\/vieassociative.be\/actualites\/le-dernier-correctif-de-securite-dapple-corrige-une-vulnerabilite-zero-jour-ciblant-chrome\/#article","isPartOf":{"@id":"https:\/\/vieassociative.be\/actualites\/le-dernier-correctif-de-securite-dapple-corrige-une-vulnerabilite-zero-jour-ciblant-chrome\/"},"author":{"name":"Julien","@id":"https:\/\/vieassociative.be\/actualites\/#\/schema\/person\/b87ac4f82f9d4e7b7cec7395b679edc4"},"headline":"Le dernier correctif de s\u00e9curit\u00e9 d&rsquo;Apple corrige une vuln\u00e9rabilit\u00e9 z\u00e9ro-jour ciblant Chrome","datePublished":"2025-08-02T01:18:35+00:00","dateModified":"2025-08-02T01:18:35+00:00","mainEntityOfPage":{"@id":"https:\/\/vieassociative.be\/actualites\/le-dernier-correctif-de-securite-dapple-corrige-une-vulnerabilite-zero-jour-ciblant-chrome\/"},"wordCount":589,"publisher":{"@id":"https:\/\/vieassociative.be\/actualites\/#organization"},"image":{"@id":"https:\/\/vieassociative.be\/actualites\/le-dernier-correctif-de-securite-dapple-corrige-une-vulnerabilite-zero-jour-ciblant-chrome\/#primaryimage"},"thumbnailUrl":"https:\/\/vieassociative.be\/actualites\/wp-content\/uploads\/2025\/08\/Le-dernier-correctif-de-securite-dApple-corrige-une-vulnerabilite-zero-jour.png","keywords":["Chrome","ciblant","correctif","corrige","dApple","dernier","s\u00e9curit\u00e9","une","vuln\u00e9rabilit\u00e9","z\u00e9rojour"],"articleSection":["Technologie"],"inLanguage":"fr-BE"},{"@type":"WebPage","@id":"https:\/\/vieassociative.be\/actualites\/le-dernier-correctif-de-securite-dapple-corrige-une-vulnerabilite-zero-jour-ciblant-chrome\/","url":"https:\/\/vieassociative.be\/actualites\/le-dernier-correctif-de-securite-dapple-corrige-une-vulnerabilite-zero-jour-ciblant-chrome\/","name":"Le dernier correctif de s\u00e9curit\u00e9 d'Apple corrige une vuln\u00e9rabilit\u00e9 z\u00e9ro-jour ciblant Chrome | Vie Associative","isPartOf":{"@id":"https:\/\/vieassociative.be\/actualites\/#website"},"primaryImageOfPage":{"@id":"https:\/\/vieassociative.be\/actualites\/le-dernier-correctif-de-securite-dapple-corrige-une-vulnerabilite-zero-jour-ciblant-chrome\/#primaryimage"},"image":{"@id":"https:\/\/vieassociative.be\/actualites\/le-dernier-correctif-de-securite-dapple-corrige-une-vulnerabilite-zero-jour-ciblant-chrome\/#primaryimage"},"thumbnailUrl":"https:\/\/vieassociative.be\/actualites\/wp-content\/uploads\/2025\/08\/Le-dernier-correctif-de-securite-dApple-corrige-une-vulnerabilite-zero-jour.png","datePublished":"2025-08-02T01:18:35+00:00","dateModified":"2025-08-02T01:18:35+00:00","breadcrumb":{"@id":"https:\/\/vieassociative.be\/actualites\/le-dernier-correctif-de-securite-dapple-corrige-une-vulnerabilite-zero-jour-ciblant-chrome\/#breadcrumb"},"inLanguage":"fr-BE","potentialAction":[{"@type":"ReadAction","target":["https:\/\/vieassociative.be\/actualites\/le-dernier-correctif-de-securite-dapple-corrige-une-vulnerabilite-zero-jour-ciblant-chrome\/"]}]},{"@type":"ImageObject","inLanguage":"fr-BE","@id":"https:\/\/vieassociative.be\/actualites\/le-dernier-correctif-de-securite-dapple-corrige-une-vulnerabilite-zero-jour-ciblant-chrome\/#primaryimage","url":"https:\/\/vieassociative.be\/actualites\/wp-content\/uploads\/2025\/08\/Le-dernier-correctif-de-securite-dApple-corrige-une-vulnerabilite-zero-jour.png","contentUrl":"https:\/\/vieassociative.be\/actualites\/wp-content\/uploads\/2025\/08\/Le-dernier-correctif-de-securite-dApple-corrige-une-vulnerabilite-zero-jour.png","width":1200,"height":675,"caption":"Le dernier correctif de s\u00e9curit\u00e9 d'Apple corrige une vuln\u00e9rabilit\u00e9 z\u00e9ro-jour ciblant Chrome"},{"@type":"BreadcrumbList","@id":"https:\/\/vieassociative.be\/actualites\/le-dernier-correctif-de-securite-dapple-corrige-une-vulnerabilite-zero-jour-ciblant-chrome\/#breadcrumb","itemListElement":[{"@type":"ListItem","position":1,"name":"Accueil","item":"https:\/\/vieassociative.be\/actualites\/"},{"@type":"ListItem","position":2,"name":"Le dernier correctif de s\u00e9curit\u00e9 d&rsquo;Apple corrige une vuln\u00e9rabilit\u00e9 z\u00e9ro-jour ciblant Chrome"}]},{"@type":"WebSite","@id":"https:\/\/vieassociative.be\/actualites\/#website","url":"https:\/\/vieassociative.be\/actualites\/","name":"Vie Associative","description":"","publisher":{"@id":"https:\/\/vieassociative.be\/actualites\/#organization"},"potentialAction":[{"@type":"SearchAction","target":{"@type":"EntryPoint","urlTemplate":"https:\/\/vieassociative.be\/actualites\/?s={search_term_string}"},"query-input":{"@type":"PropertyValueSpecification","valueRequired":true,"valueName":"search_term_string"}}],"inLanguage":"fr-BE"},{"@type":"Organization","@id":"https:\/\/vieassociative.be\/actualites\/#organization","name":"Vie Associative","url":"https:\/\/vieassociative.be\/actualites\/","logo":{"@type":"ImageObject","inLanguage":"fr-BE","@id":"https:\/\/vieassociative.be\/actualites\/#\/schema\/logo\/image\/","url":"https:\/\/vieassociative.be\/actualites\/wp-content\/uploads\/2024\/09\/cropped-vieassociative_favicon.ico.png","contentUrl":"https:\/\/vieassociative.be\/actualites\/wp-content\/uploads\/2024\/09\/cropped-vieassociative_favicon.ico.png","width":512,"height":512,"caption":"Vie Associative"},"image":{"@id":"https:\/\/vieassociative.be\/actualites\/#\/schema\/logo\/image\/"}},{"@type":"Person","@id":"https:\/\/vieassociative.be\/actualites\/#\/schema\/person\/b87ac4f82f9d4e7b7cec7395b679edc4","name":"Julien","image":{"@type":"ImageObject","inLanguage":"fr-BE","@id":"https:\/\/vieassociative.be\/actualites\/#\/schema\/person\/image\/","url":"https:\/\/vieassociative.be\/actualites\/wp-content\/uploads\/2024\/09\/vie-associative-1-150x150.jpg","contentUrl":"https:\/\/vieassociative.be\/actualites\/wp-content\/uploads\/2024\/09\/vie-associative-1-150x150.jpg","caption":"Julien"},"description":"Je suis Julien, r\u00e9dacteur pour Vie Associative. Passionn\u00e9 par le monde associatif depuis plus de 10 ans, j'ai \u00e0 c\u0153ur de partager des histoires inspirantes et de mettre en lumi\u00e8re les initiatives locales. Mon objectif est de sensibiliser et d'encourager l'engagement communautaire \u00e0 travers mes articles.","sameAs":["https:\/\/vieassociative.be\/"]}]}},"_links":{"self":[{"href":"https:\/\/vieassociative.be\/actualites\/wp-json\/wp\/v2\/posts\/9155"}],"collection":[{"href":"https:\/\/vieassociative.be\/actualites\/wp-json\/wp\/v2\/posts"}],"about":[{"href":"https:\/\/vieassociative.be\/actualites\/wp-json\/wp\/v2\/types\/post"}],"author":[{"embeddable":true,"href":"https:\/\/vieassociative.be\/actualites\/wp-json\/wp\/v2\/users\/1"}],"replies":[{"embeddable":true,"href":"https:\/\/vieassociative.be\/actualites\/wp-json\/wp\/v2\/comments?post=9155"}],"version-history":[{"count":0,"href":"https:\/\/vieassociative.be\/actualites\/wp-json\/wp\/v2\/posts\/9155\/revisions"}],"wp:featuredmedia":[{"embeddable":true,"href":"https:\/\/vieassociative.be\/actualites\/wp-json\/wp\/v2\/media\/9156"}],"wp:attachment":[{"href":"https:\/\/vieassociative.be\/actualites\/wp-json\/wp\/v2\/media?parent=9155"}],"wp:term":[{"taxonomy":"category","embeddable":true,"href":"https:\/\/vieassociative.be\/actualites\/wp-json\/wp\/v2\/categories?post=9155"},{"taxonomy":"post_tag","embeddable":true,"href":"https:\/\/vieassociative.be\/actualites\/wp-json\/wp\/v2\/tags?post=9155"}],"curies":[{"name":"wp","href":"https:\/\/api.w.org\/{rel}","templated":true}]}}