{"id":9152,"date":"2025-08-01T22:17:01","date_gmt":"2025-08-01T20:17:01","guid":{"rendered":"https:\/\/vieassociative.be\/actualites\/comme-eupen-avec-des-maillots-comme-dans-les-annees-1950-et-dans-la-saison-2011-2012-samedi-contre-wilhelm-ii\/"},"modified":"2025-08-01T22:17:01","modified_gmt":"2025-08-01T20:17:01","slug":"comme-eupen-avec-des-maillots-comme-dans-les-annees-1950-et-dans-la-saison-2011-2012-samedi-contre-wilhelm-ii","status":"publish","type":"post","link":"https:\/\/vieassociative.be\/actualites\/comme-eupen-avec-des-maillots-comme-dans-les-annees-1950-et-dans-la-saison-2011-2012-samedi-contre-wilhelm-ii\/","title":{"rendered":"Comme eupen avec des maillots comme dans les ann\u00e9es 1950 et dans la saison 2011\/2012 &#8211; samedi contre Wilhelm II"},"content":{"rendered":"<p><strong>Comme Eupen commencera le Championnat Challenger Pro League avec New Jerseys le 9 ao\u00fbt. \u00c0 l&rsquo;occasion du 80e anniversaire, la conception est bas\u00e9e sur un maillot de l&rsquo;As Eupen dans les saisons 1960\/1961 et 2011\/2012.<\/strong><\/p>\n<p><span id=\"more-421498\"><\/span>Le maillot d&rsquo;accueil est blanc avec noir V sur le devant. Tout comme les ann\u00e9es pr\u00e9c\u00e9dentes dans l&rsquo;histoire du club, les joueurs portent un pantalon noir et blanc. Dans le cas des jeux \u00e0 l&rsquo;ext\u00e9rieur, le noir est la couleur de base du maillot avec White V.<\/p>\n<div id=\"attachment_284793\" class=\"wp-caption alignleft\" style=\"max-width: 300px\"><img fetchpriority=\"high\" decoding=\"async\" class=\"wp-image-284793 size-medium\" src=\"https:\/\/vieassociative.be\/actualites\/wp-content\/uploads\/2025\/08\/Comme-eupen-avec-des-maillots-comme-dans-les-annees-1950.jpeg\" alt=\"\" width=\"300\" height=\"199\"  ><\/div>\n<p>Le nouveau maillot adidas de l&rsquo;AS Eupen co\u00fbte 75,00 euros (maillot pour enfants 55,00 euros) et peut \u00eatre obtenu du match contre le FC Li\u00e8ge le 9 ao\u00fbt dans le fanshop du Kehrwegstadion et aux compteurs de vente dans le club de p\u00e9nalit\u00e9 et d&rsquo;affaires.<\/p>\n<p>Le samedi \u00e0 16 h L&rsquo;ouverture de la saison contre Willem II: ce samedi 2 ao\u00fbt, alors qu&rsquo;Eupen se pr\u00e9sentera pour la premi\u00e8re fois cette saison dans le stade Kehrweg. <\/p>\n<\/p>\n<div id=\"attachment_204288\" class=\"wp-caption alignleft\" style=\"max-width: 300px\"><img decoding=\"async\" class=\"wp-image-204288 size-medium\" src=\"https:\/\/vieassociative.be\/actualites\/wp-content\/uploads\/2025\/08\/1754079421_831_Comme-eupen-avec-des-maillots-comme-dans-les-annees-1950.jpeg\" alt=\"\" width=\"300\" height=\"183\"  ><\/div>\n<p>Le noir et blanc rivalisera contre Willem II Tilburg de la deuxi\u00e8me plus haute division des Pays-Bas \u00e0 16 heures.<\/p>\n<p>Le prix d&rsquo;admission pour le jeu de l&rsquo;As Eupen contre Tilburg est de 10 euros pour les visiteurs de 18 ans et les jeunes jusqu&rsquo;\u00e0 17 ans, y compris les chiffres de 5 euros. Les propri\u00e9taires d&rsquo;un billet annuel ont une entr\u00e9e gratuite.<\/p>\n<p>La rencontre avec Willem II est le dernier test pour l&rsquo;AS Eupen avant le d\u00e9but du championnat Challenger Pro League. Jusqu&rsquo;\u00e0 pr\u00e9sent, l&rsquo;\u00e9quipe de l&rsquo;entra\u00eeneur Bruno Pinheiro n&rsquo;a \u00e9t\u00e9 en mesure de gagner aucun de leurs matchs pr\u00e9paratoires, car la liste suivante des cinq premiers matchs de test le montre:<\/p>\n<ul>\n<li>Krc Genk &#8211; comme Eupen 6: 0<\/li>\n<li>FC Wiltz &#8211; comme Eupen 2: 1<\/li>\n<li>R. Antwerp FC &#8211; comme Eupen 2: 0<\/li>\n<li>Bonner Sc &#8211; comme Eupen 1: 1<\/li>\n<li>Sv Eintracht Trier &#8211; comme Eupen 3: 0<\/li>\n<\/ul>\n","protected":false},"excerpt":{"rendered":"<p>Comme Eupen commencera le Championnat Challenger Pro League avec New Jerseys le 9 ao\u00fbt. \u00c0 l&rsquo;occasion du 80e anniversaire, la conception est bas\u00e9e sur un<\/p>\n","protected":false},"author":1,"featured_media":9153,"comment_status":"","ping_status":"","sticky":false,"template":"","format":"standard","meta":{"footnotes":""},"categories":[298],"tags":[2392,61,1254,796,166,29,2329,14,8002,690,355,8003],"class_list":["post-9152","post","type-post","status-publish","format-standard","has-post-thumbnail","hentry","category-belgique","tag-annees","tag-avec","tag-comme","tag-contre","tag-dans","tag-des","tag-eupen","tag-les","tag-maillots","tag-saison","tag-samedi","tag-wilhelm","generate-columns","tablet-grid-50","mobile-grid-100","grid-parent","grid-33"],"yoast_head":"<!-- This site is optimized with the Yoast SEO plugin v24.0 - https:\/\/yoast.com\/wordpress\/plugins\/seo\/ -->\n<title>Comme eupen avec des maillots comme dans les ann\u00e9es 1950 et dans la saison 2011\/2012 - samedi contre Wilhelm II | Vie Associative<\/title>\n<meta name=\"robots\" content=\"index, follow, max-snippet:-1, max-image-preview:large, max-video-preview:-1\" \/>\n<link rel=\"canonical\" href=\"https:\/\/vieassociative.be\/actualites\/comme-eupen-avec-des-maillots-comme-dans-les-annees-1950-et-dans-la-saison-2011-2012-samedi-contre-wilhelm-ii\/\" \/>\n<meta property=\"og:locale\" content=\"fr_FR\" \/>\n<meta property=\"og:type\" content=\"article\" \/>\n<meta property=\"og:title\" content=\"Comme eupen avec des maillots comme dans les ann\u00e9es 1950 et dans la saison 2011\/2012 - samedi contre Wilhelm II | Vie Associative\" \/>\n<meta property=\"og:description\" content=\"Comme Eupen commencera le Championnat Challenger Pro League avec New Jerseys le 9 ao\u00fbt. \u00c0 l&rsquo;occasion du 80e anniversaire, la conception est bas\u00e9e sur un\" \/>\n<meta property=\"og:url\" content=\"https:\/\/vieassociative.be\/actualites\/comme-eupen-avec-des-maillots-comme-dans-les-annees-1950-et-dans-la-saison-2011-2012-samedi-contre-wilhelm-ii\/\" \/>\n<meta property=\"og:site_name\" content=\"Vie Associative\" \/>\n<meta property=\"article:published_time\" content=\"2025-08-01T20:17:01+00:00\" \/>\n<meta property=\"og:image\" content=\"https:\/\/vieassociative.be\/actualites\/wp-content\/uploads\/2024\/09\/header_backgroundk-01-e1726694325946.png\" \/>\n\t<meta property=\"og:image:width\" content=\"279\" \/>\n\t<meta property=\"og:image:height\" content=\"92\" \/>\n\t<meta property=\"og:image:type\" content=\"image\/png\" \/>\n<meta name=\"author\" content=\"Julien\" \/>\n<meta name=\"twitter:card\" content=\"summary_large_image\" \/>\n<meta name=\"twitter:label1\" content=\"\u00c9crit par\" \/>\n\t<meta name=\"twitter:data1\" content=\"Julien\" \/>\n\t<meta name=\"twitter:label2\" content=\"Dur\u00e9e de lecture est.\" \/>\n\t<meta name=\"twitter:data2\" content=\"2 minutes\" \/>\n<script type=\"application\/ld+json\" class=\"yoast-schema-graph\">{\"@context\":\"https:\/\/schema.org\",\"@graph\":[{\"@type\":\"Article\",\"@id\":\"https:\/\/vieassociative.be\/actualites\/comme-eupen-avec-des-maillots-comme-dans-les-annees-1950-et-dans-la-saison-2011-2012-samedi-contre-wilhelm-ii\/#article\",\"isPartOf\":{\"@id\":\"https:\/\/vieassociative.be\/actualites\/comme-eupen-avec-des-maillots-comme-dans-les-annees-1950-et-dans-la-saison-2011-2012-samedi-contre-wilhelm-ii\/\"},\"author\":{\"name\":\"Julien\",\"@id\":\"https:\/\/vieassociative.be\/actualites\/#\/schema\/person\/b87ac4f82f9d4e7b7cec7395b679edc4\"},\"headline\":\"Comme eupen avec des maillots comme dans les ann\u00e9es 1950 et dans la saison 2011\/2012 &#8211; samedi contre Wilhelm II\",\"datePublished\":\"2025-08-01T20:17:01+00:00\",\"dateModified\":\"2025-08-01T20:17:01+00:00\",\"mainEntityOfPage\":{\"@id\":\"https:\/\/vieassociative.be\/actualites\/comme-eupen-avec-des-maillots-comme-dans-les-annees-1950-et-dans-la-saison-2011-2012-samedi-contre-wilhelm-ii\/\"},\"wordCount\":335,\"publisher\":{\"@id\":\"https:\/\/vieassociative.be\/actualites\/#organization\"},\"image\":{\"@id\":\"https:\/\/vieassociative.be\/actualites\/comme-eupen-avec-des-maillots-comme-dans-les-annees-1950-et-dans-la-saison-2011-2012-samedi-contre-wilhelm-ii\/#primaryimage\"},\"thumbnailUrl\":\"https:\/\/vieassociative.be\/actualites\/wp-content\/uploads\/2025\/08\/Comme-eupen-avec-des-maillots-comme-dans-les-annees-1950.jpg\",\"keywords\":[\"ann\u00e9es\",\"avec\",\"comme\",\"contre\",\"dans\",\"Des\",\"Eupen\",\"Les\",\"maillots\",\"Saison\",\"samedi\",\"Wilhelm\"],\"articleSection\":[\"Belgique\"],\"inLanguage\":\"fr-BE\"},{\"@type\":\"WebPage\",\"@id\":\"https:\/\/vieassociative.be\/actualites\/comme-eupen-avec-des-maillots-comme-dans-les-annees-1950-et-dans-la-saison-2011-2012-samedi-contre-wilhelm-ii\/\",\"url\":\"https:\/\/vieassociative.be\/actualites\/comme-eupen-avec-des-maillots-comme-dans-les-annees-1950-et-dans-la-saison-2011-2012-samedi-contre-wilhelm-ii\/\",\"name\":\"Comme eupen avec des maillots comme dans les ann\u00e9es 1950 et dans la saison 2011\/2012 - samedi contre Wilhelm II | Vie Associative\",\"isPartOf\":{\"@id\":\"https:\/\/vieassociative.be\/actualites\/#website\"},\"primaryImageOfPage\":{\"@id\":\"https:\/\/vieassociative.be\/actualites\/comme-eupen-avec-des-maillots-comme-dans-les-annees-1950-et-dans-la-saison-2011-2012-samedi-contre-wilhelm-ii\/#primaryimage\"},\"image\":{\"@id\":\"https:\/\/vieassociative.be\/actualites\/comme-eupen-avec-des-maillots-comme-dans-les-annees-1950-et-dans-la-saison-2011-2012-samedi-contre-wilhelm-ii\/#primaryimage\"},\"thumbnailUrl\":\"https:\/\/vieassociative.be\/actualites\/wp-content\/uploads\/2025\/08\/Comme-eupen-avec-des-maillots-comme-dans-les-annees-1950.jpg\",\"datePublished\":\"2025-08-01T20:17:01+00:00\",\"dateModified\":\"2025-08-01T20:17:01+00:00\",\"breadcrumb\":{\"@id\":\"https:\/\/vieassociative.be\/actualites\/comme-eupen-avec-des-maillots-comme-dans-les-annees-1950-et-dans-la-saison-2011-2012-samedi-contre-wilhelm-ii\/#breadcrumb\"},\"inLanguage\":\"fr-BE\",\"potentialAction\":[{\"@type\":\"ReadAction\",\"target\":[\"https:\/\/vieassociative.be\/actualites\/comme-eupen-avec-des-maillots-comme-dans-les-annees-1950-et-dans-la-saison-2011-2012-samedi-contre-wilhelm-ii\/\"]}]},{\"@type\":\"ImageObject\",\"inLanguage\":\"fr-BE\",\"@id\":\"https:\/\/vieassociative.be\/actualites\/comme-eupen-avec-des-maillots-comme-dans-les-annees-1950-et-dans-la-saison-2011-2012-samedi-contre-wilhelm-ii\/#primaryimage\",\"url\":\"https:\/\/vieassociative.be\/actualites\/wp-content\/uploads\/2025\/08\/Comme-eupen-avec-des-maillots-comme-dans-les-annees-1950.jpg\",\"contentUrl\":\"https:\/\/vieassociative.be\/actualites\/wp-content\/uploads\/2025\/08\/Comme-eupen-avec-des-maillots-comme-dans-les-annees-1950.jpg\",\"width\":1200,\"height\":801,\"caption\":\"Comme eupen avec des maillots comme dans les ann\u00e9es 1950 et dans la saison 2011\/2012 - samedi contre Wilhelm II\"},{\"@type\":\"BreadcrumbList\",\"@id\":\"https:\/\/vieassociative.be\/actualites\/comme-eupen-avec-des-maillots-comme-dans-les-annees-1950-et-dans-la-saison-2011-2012-samedi-contre-wilhelm-ii\/#breadcrumb\",\"itemListElement\":[{\"@type\":\"ListItem\",\"position\":1,\"name\":\"Accueil\",\"item\":\"https:\/\/vieassociative.be\/actualites\/\"},{\"@type\":\"ListItem\",\"position\":2,\"name\":\"Comme eupen avec des maillots comme dans les ann\u00e9es 1950 et dans la saison 2011\/2012 &#8211; samedi contre Wilhelm II\"}]},{\"@type\":\"WebSite\",\"@id\":\"https:\/\/vieassociative.be\/actualites\/#website\",\"url\":\"https:\/\/vieassociative.be\/actualites\/\",\"name\":\"Vie Associative\",\"description\":\"\",\"publisher\":{\"@id\":\"https:\/\/vieassociative.be\/actualites\/#organization\"},\"potentialAction\":[{\"@type\":\"SearchAction\",\"target\":{\"@type\":\"EntryPoint\",\"urlTemplate\":\"https:\/\/vieassociative.be\/actualites\/?s={search_term_string}\"},\"query-input\":{\"@type\":\"PropertyValueSpecification\",\"valueRequired\":true,\"valueName\":\"search_term_string\"}}],\"inLanguage\":\"fr-BE\"},{\"@type\":\"Organization\",\"@id\":\"https:\/\/vieassociative.be\/actualites\/#organization\",\"name\":\"Vie Associative\",\"url\":\"https:\/\/vieassociative.be\/actualites\/\",\"logo\":{\"@type\":\"ImageObject\",\"inLanguage\":\"fr-BE\",\"@id\":\"https:\/\/vieassociative.be\/actualites\/#\/schema\/logo\/image\/\",\"url\":\"https:\/\/vieassociative.be\/actualites\/wp-content\/uploads\/2024\/09\/cropped-vieassociative_favicon.ico.png\",\"contentUrl\":\"https:\/\/vieassociative.be\/actualites\/wp-content\/uploads\/2024\/09\/cropped-vieassociative_favicon.ico.png\",\"width\":512,\"height\":512,\"caption\":\"Vie Associative\"},\"image\":{\"@id\":\"https:\/\/vieassociative.be\/actualites\/#\/schema\/logo\/image\/\"}},{\"@type\":\"Person\",\"@id\":\"https:\/\/vieassociative.be\/actualites\/#\/schema\/person\/b87ac4f82f9d4e7b7cec7395b679edc4\",\"name\":\"Julien\",\"image\":{\"@type\":\"ImageObject\",\"inLanguage\":\"fr-BE\",\"@id\":\"https:\/\/vieassociative.be\/actualites\/#\/schema\/person\/image\/\",\"url\":\"https:\/\/vieassociative.be\/actualites\/wp-content\/uploads\/2024\/09\/vie-associative-1-150x150.jpg\",\"contentUrl\":\"https:\/\/vieassociative.be\/actualites\/wp-content\/uploads\/2024\/09\/vie-associative-1-150x150.jpg\",\"caption\":\"Julien\"},\"description\":\"Je suis Julien, r\u00e9dacteur pour Vie Associative. Passionn\u00e9 par le monde associatif depuis plus de 10 ans, j'ai \u00e0 c\u0153ur de partager des histoires inspirantes et de mettre en lumi\u00e8re les initiatives locales. Mon objectif est de sensibiliser et d'encourager l'engagement communautaire \u00e0 travers mes articles.\",\"sameAs\":[\"https:\/\/vieassociative.be\/\"]}]}<\/script>\n<!-- \/ Yoast SEO plugin. -->","yoast_head_json":{"title":"Comme eupen avec des maillots comme dans les ann\u00e9es 1950 et dans la saison 2011\/2012 - samedi contre Wilhelm II | Vie Associative","robots":{"index":"index","follow":"follow","max-snippet":"max-snippet:-1","max-image-preview":"max-image-preview:large","max-video-preview":"max-video-preview:-1"},"canonical":"https:\/\/vieassociative.be\/actualites\/comme-eupen-avec-des-maillots-comme-dans-les-annees-1950-et-dans-la-saison-2011-2012-samedi-contre-wilhelm-ii\/","og_locale":"fr_FR","og_type":"article","og_title":"Comme eupen avec des maillots comme dans les ann\u00e9es 1950 et dans la saison 2011\/2012 - samedi contre Wilhelm II | Vie Associative","og_description":"Comme Eupen commencera le Championnat Challenger Pro League avec New Jerseys le 9 ao\u00fbt. \u00c0 l&rsquo;occasion du 80e anniversaire, la conception est bas\u00e9e sur un","og_url":"https:\/\/vieassociative.be\/actualites\/comme-eupen-avec-des-maillots-comme-dans-les-annees-1950-et-dans-la-saison-2011-2012-samedi-contre-wilhelm-ii\/","og_site_name":"Vie Associative","article_published_time":"2025-08-01T20:17:01+00:00","og_image":[{"width":279,"height":92,"url":"https:\/\/vieassociative.be\/actualites\/wp-content\/uploads\/2024\/09\/header_backgroundk-01-e1726694325946.png","type":"image\/png"}],"author":"Julien","twitter_card":"summary_large_image","twitter_misc":{"\u00c9crit par":"Julien","Dur\u00e9e de lecture est.":"2 minutes"},"schema":{"@context":"https:\/\/schema.org","@graph":[{"@type":"Article","@id":"https:\/\/vieassociative.be\/actualites\/comme-eupen-avec-des-maillots-comme-dans-les-annees-1950-et-dans-la-saison-2011-2012-samedi-contre-wilhelm-ii\/#article","isPartOf":{"@id":"https:\/\/vieassociative.be\/actualites\/comme-eupen-avec-des-maillots-comme-dans-les-annees-1950-et-dans-la-saison-2011-2012-samedi-contre-wilhelm-ii\/"},"author":{"name":"Julien","@id":"https:\/\/vieassociative.be\/actualites\/#\/schema\/person\/b87ac4f82f9d4e7b7cec7395b679edc4"},"headline":"Comme eupen avec des maillots comme dans les ann\u00e9es 1950 et dans la saison 2011\/2012 &#8211; samedi contre Wilhelm II","datePublished":"2025-08-01T20:17:01+00:00","dateModified":"2025-08-01T20:17:01+00:00","mainEntityOfPage":{"@id":"https:\/\/vieassociative.be\/actualites\/comme-eupen-avec-des-maillots-comme-dans-les-annees-1950-et-dans-la-saison-2011-2012-samedi-contre-wilhelm-ii\/"},"wordCount":335,"publisher":{"@id":"https:\/\/vieassociative.be\/actualites\/#organization"},"image":{"@id":"https:\/\/vieassociative.be\/actualites\/comme-eupen-avec-des-maillots-comme-dans-les-annees-1950-et-dans-la-saison-2011-2012-samedi-contre-wilhelm-ii\/#primaryimage"},"thumbnailUrl":"https:\/\/vieassociative.be\/actualites\/wp-content\/uploads\/2025\/08\/Comme-eupen-avec-des-maillots-comme-dans-les-annees-1950.jpg","keywords":["ann\u00e9es","avec","comme","contre","dans","Des","Eupen","Les","maillots","Saison","samedi","Wilhelm"],"articleSection":["Belgique"],"inLanguage":"fr-BE"},{"@type":"WebPage","@id":"https:\/\/vieassociative.be\/actualites\/comme-eupen-avec-des-maillots-comme-dans-les-annees-1950-et-dans-la-saison-2011-2012-samedi-contre-wilhelm-ii\/","url":"https:\/\/vieassociative.be\/actualites\/comme-eupen-avec-des-maillots-comme-dans-les-annees-1950-et-dans-la-saison-2011-2012-samedi-contre-wilhelm-ii\/","name":"Comme eupen avec des maillots comme dans les ann\u00e9es 1950 et dans la saison 2011\/2012 - samedi contre Wilhelm II | Vie Associative","isPartOf":{"@id":"https:\/\/vieassociative.be\/actualites\/#website"},"primaryImageOfPage":{"@id":"https:\/\/vieassociative.be\/actualites\/comme-eupen-avec-des-maillots-comme-dans-les-annees-1950-et-dans-la-saison-2011-2012-samedi-contre-wilhelm-ii\/#primaryimage"},"image":{"@id":"https:\/\/vieassociative.be\/actualites\/comme-eupen-avec-des-maillots-comme-dans-les-annees-1950-et-dans-la-saison-2011-2012-samedi-contre-wilhelm-ii\/#primaryimage"},"thumbnailUrl":"https:\/\/vieassociative.be\/actualites\/wp-content\/uploads\/2025\/08\/Comme-eupen-avec-des-maillots-comme-dans-les-annees-1950.jpg","datePublished":"2025-08-01T20:17:01+00:00","dateModified":"2025-08-01T20:17:01+00:00","breadcrumb":{"@id":"https:\/\/vieassociative.be\/actualites\/comme-eupen-avec-des-maillots-comme-dans-les-annees-1950-et-dans-la-saison-2011-2012-samedi-contre-wilhelm-ii\/#breadcrumb"},"inLanguage":"fr-BE","potentialAction":[{"@type":"ReadAction","target":["https:\/\/vieassociative.be\/actualites\/comme-eupen-avec-des-maillots-comme-dans-les-annees-1950-et-dans-la-saison-2011-2012-samedi-contre-wilhelm-ii\/"]}]},{"@type":"ImageObject","inLanguage":"fr-BE","@id":"https:\/\/vieassociative.be\/actualites\/comme-eupen-avec-des-maillots-comme-dans-les-annees-1950-et-dans-la-saison-2011-2012-samedi-contre-wilhelm-ii\/#primaryimage","url":"https:\/\/vieassociative.be\/actualites\/wp-content\/uploads\/2025\/08\/Comme-eupen-avec-des-maillots-comme-dans-les-annees-1950.jpg","contentUrl":"https:\/\/vieassociative.be\/actualites\/wp-content\/uploads\/2025\/08\/Comme-eupen-avec-des-maillots-comme-dans-les-annees-1950.jpg","width":1200,"height":801,"caption":"Comme eupen avec des maillots comme dans les ann\u00e9es 1950 et dans la saison 2011\/2012 - samedi contre Wilhelm II"},{"@type":"BreadcrumbList","@id":"https:\/\/vieassociative.be\/actualites\/comme-eupen-avec-des-maillots-comme-dans-les-annees-1950-et-dans-la-saison-2011-2012-samedi-contre-wilhelm-ii\/#breadcrumb","itemListElement":[{"@type":"ListItem","position":1,"name":"Accueil","item":"https:\/\/vieassociative.be\/actualites\/"},{"@type":"ListItem","position":2,"name":"Comme eupen avec des maillots comme dans les ann\u00e9es 1950 et dans la saison 2011\/2012 &#8211; samedi contre Wilhelm II"}]},{"@type":"WebSite","@id":"https:\/\/vieassociative.be\/actualites\/#website","url":"https:\/\/vieassociative.be\/actualites\/","name":"Vie Associative","description":"","publisher":{"@id":"https:\/\/vieassociative.be\/actualites\/#organization"},"potentialAction":[{"@type":"SearchAction","target":{"@type":"EntryPoint","urlTemplate":"https:\/\/vieassociative.be\/actualites\/?s={search_term_string}"},"query-input":{"@type":"PropertyValueSpecification","valueRequired":true,"valueName":"search_term_string"}}],"inLanguage":"fr-BE"},{"@type":"Organization","@id":"https:\/\/vieassociative.be\/actualites\/#organization","name":"Vie Associative","url":"https:\/\/vieassociative.be\/actualites\/","logo":{"@type":"ImageObject","inLanguage":"fr-BE","@id":"https:\/\/vieassociative.be\/actualites\/#\/schema\/logo\/image\/","url":"https:\/\/vieassociative.be\/actualites\/wp-content\/uploads\/2024\/09\/cropped-vieassociative_favicon.ico.png","contentUrl":"https:\/\/vieassociative.be\/actualites\/wp-content\/uploads\/2024\/09\/cropped-vieassociative_favicon.ico.png","width":512,"height":512,"caption":"Vie Associative"},"image":{"@id":"https:\/\/vieassociative.be\/actualites\/#\/schema\/logo\/image\/"}},{"@type":"Person","@id":"https:\/\/vieassociative.be\/actualites\/#\/schema\/person\/b87ac4f82f9d4e7b7cec7395b679edc4","name":"Julien","image":{"@type":"ImageObject","inLanguage":"fr-BE","@id":"https:\/\/vieassociative.be\/actualites\/#\/schema\/person\/image\/","url":"https:\/\/vieassociative.be\/actualites\/wp-content\/uploads\/2024\/09\/vie-associative-1-150x150.jpg","contentUrl":"https:\/\/vieassociative.be\/actualites\/wp-content\/uploads\/2024\/09\/vie-associative-1-150x150.jpg","caption":"Julien"},"description":"Je suis Julien, r\u00e9dacteur pour Vie Associative. Passionn\u00e9 par le monde associatif depuis plus de 10 ans, j'ai \u00e0 c\u0153ur de partager des histoires inspirantes et de mettre en lumi\u00e8re les initiatives locales. Mon objectif est de sensibiliser et d'encourager l'engagement communautaire \u00e0 travers mes articles.","sameAs":["https:\/\/vieassociative.be\/"]}]}},"_links":{"self":[{"href":"https:\/\/vieassociative.be\/actualites\/wp-json\/wp\/v2\/posts\/9152"}],"collection":[{"href":"https:\/\/vieassociative.be\/actualites\/wp-json\/wp\/v2\/posts"}],"about":[{"href":"https:\/\/vieassociative.be\/actualites\/wp-json\/wp\/v2\/types\/post"}],"author":[{"embeddable":true,"href":"https:\/\/vieassociative.be\/actualites\/wp-json\/wp\/v2\/users\/1"}],"replies":[{"embeddable":true,"href":"https:\/\/vieassociative.be\/actualites\/wp-json\/wp\/v2\/comments?post=9152"}],"version-history":[{"count":0,"href":"https:\/\/vieassociative.be\/actualites\/wp-json\/wp\/v2\/posts\/9152\/revisions"}],"wp:featuredmedia":[{"embeddable":true,"href":"https:\/\/vieassociative.be\/actualites\/wp-json\/wp\/v2\/media\/9153"}],"wp:attachment":[{"href":"https:\/\/vieassociative.be\/actualites\/wp-json\/wp\/v2\/media?parent=9152"}],"wp:term":[{"taxonomy":"category","embeddable":true,"href":"https:\/\/vieassociative.be\/actualites\/wp-json\/wp\/v2\/categories?post=9152"},{"taxonomy":"post_tag","embeddable":true,"href":"https:\/\/vieassociative.be\/actualites\/wp-json\/wp\/v2\/tags?post=9152"}],"curies":[{"name":"wp","href":"https:\/\/api.w.org\/{rel}","templated":true}]}}