{"id":9150,"date":"2025-08-01T21:17:09","date_gmt":"2025-08-01T19:17:09","guid":{"rendered":"https:\/\/vieassociative.be\/actualites\/le-google-pixel-9a-na-pas-de-barre-dappareil-photo-mais-ce-nest-pas-la-seule-raison-pour-laquelle-je-laime\/"},"modified":"2025-08-01T21:17:09","modified_gmt":"2025-08-01T19:17:09","slug":"le-google-pixel-9a-na-pas-de-barre-dappareil-photo-mais-ce-nest-pas-la-seule-raison-pour-laquelle-je-laime","status":"publish","type":"post","link":"https:\/\/vieassociative.be\/actualites\/le-google-pixel-9a-na-pas-de-barre-dappareil-photo-mais-ce-nest-pas-la-seule-raison-pour-laquelle-je-laime\/","title":{"rendered":"Le Google Pixel 9a n&rsquo;a pas de barre d&rsquo;appareil photo, mais ce n&rsquo;est pas la seule raison pour laquelle je l&rsquo;aime"},"content":{"rendered":"<div class=\"mt-4 leading-6 md:mb-8\">Obtenez un t\u00e9l\u00e9phone meilleur et moins cahoteux pour moins.<\/div>\n<p><\/p>\n<p>En 2021, Google a pr\u00e9sent\u00e9 la \u00abbarre de cam\u00e9ra\u00bb \u00e0 sa gamme de t\u00e9l\u00e9phones Pixel. L&rsquo;id\u00e9e derri\u00e8re la mise en place d&rsquo;une bosse g\u00e9ante sur toute la largeur de l&rsquo;arri\u00e8re du t\u00e9l\u00e9phone \u00e9tait ostensiblement pour donner plus d&rsquo;espace aux lentilles de la cam\u00e9ra, mais vraiment, c&rsquo;\u00e9tait autant une d\u00e9cision de marketing que pratique: tandis que d&rsquo;autres t\u00e9l\u00e9phones continuent de faire du tout avec une petite carr\u00e9e dans le coin, la barre de la cam\u00e9ra donne aux pixels un look unique que Google reconna\u00eet est une \u00ab\u00a0marque de gamme\u00a0\u00bb. <\/p>\n<p>Malheureusement pour le g\u00e9ant de la recherche, c&rsquo;est une mauvaise marque. Je d\u00e9teste \u00e7a.<\/p>\n<p>Au grand dam de mes poches et sacs \u00e0 main, presque tous les pixels que Google a publi\u00e9s depuis que le 6 a une barre de cam\u00e9ra sous une forme ou une autre. Il pi\u00e8ge la poussi\u00e8re, il donne aux caisses une bosse laide, et il est plus difficile de maintenir le t\u00e9l\u00e9phone dans une main ou en mode paysage. <\/p>\n<p>Heureusement, apr\u00e8s des ann\u00e9es d&rsquo;adh\u00e9sion stricte de Google \u00e0 la barre de la cam\u00e9ra, il y a enfin une option pour des gens comme moi. Plus t\u00f4t cette ann\u00e9e, Google a publi\u00e9 son Pixel 9A orient\u00e9 budg\u00e9taire, le premier t\u00e9l\u00e9phone de la soci\u00e9t\u00e9 pour omettre la barre de l&rsquo;appareil photo depuis son premier mod\u00e8le. Cela en a imm\u00e9diatement fait mon t\u00e9l\u00e9phone Google pr\u00e9f\u00e9r\u00e9 que vous pouvez acheter en ce moment, et m\u00eame avec le Pixel 10 \u00e0 l&rsquo;horizon, il semble que ce sera pertinent pour les ann\u00e9es \u00e0 venir.<\/p>\n<h2 id=\"how-does-the-pixel-9a-compare-to-the-pixel-9\">Comment le pixel 9a se compare-t-il au pixel 9?<\/h2>\n<div class=\"eloquent-imagery-image\">\n<div class=\"flex justify-center\">\n                    <img decoding=\"async\" class=\"border border-gray-100\" src=\"https:\/\/vieassociative.be\/actualites\/wp-content\/uploads\/2025\/08\/Le-Google-Pixel-9a-na-pas-de-barre-dappareil-photo.jpg\" alt=\"Google Pixel 9A\" width=\"2000\" height=\"1125\" loading=\"lazy\"  >\n            <\/div>\n<\/p><\/div>\n<p>Chaque printemps, Google publie un mod\u00e8le \u00abA\u00bb de ses pixels les plus r\u00e9cents, r\u00e9duisant quelques sp\u00e9cifications et r\u00e9duisant le prix en correspondance. J&rsquo;ai g\u00e9n\u00e9ralement \u00e9t\u00e9 assez impressionn\u00e9 par ces appareils &#8211; leurs compromis sont en grande partie difficiles \u00e0 rep\u00e9rer, et ils offrent principalement la m\u00eame exp\u00e9rience globale que leurs anc\u00eatres. Pourtant, j&rsquo;ai h\u00e9sit\u00e9 \u00e0 d\u00e9clarer ces versions un meilleur choix que les mod\u00e8les complets, jusqu&rsquo;\u00e0 pr\u00e9sent.<\/p>\n<p>Le pixel 9a est presque au coude \u00e0 coude avec le Pixel 9, et gr\u00e2ce \u00e0 la cam\u00e9ra redessin\u00e9e, je dirais que c&rsquo;est moins une d\u00e9gradation stricte et plus un choix alternatif avec diff\u00e9rentes priorit\u00e9s.<\/p>\n<p>Il a le m\u00eame processeur que le Pixel 9 (le Google Tensor G4), le m\u00eame \u00e9cran de taille (6,3 pouces), le m\u00eame taux de rafra\u00eechissement maximum (120 Hz), et est en fait un peu plus l\u00e9ger et a une batterie l\u00e9g\u00e8rement plus grande. Il y a moins de m\u00e9moire, oui, et moins de m\u00e9gapixels sur l&rsquo;appareil photo, mais si vous utilisez principalement votre t\u00e9l\u00e9phone pour les applications Web, il vous offrira essentiellement les m\u00eames capacit\u00e9s que n&rsquo;importe quel autre Pixel 9, jusqu&rsquo;\u00e0 Audio Eraser et d&rsquo;autres logiciels exclusifs de pixels. <\/p>\n<p>Sans son manque de barre de cam\u00e9ra, je pourrais probablement vous remettre un 9A et vous dire que c&rsquo;\u00e9tait un 9, et vous partez pendant des mois sans remarquer la diff\u00e9rence.<\/p>\n<h2 id=\"why-the-camera-bar-hate\">Pourquoi le bar de la cam\u00e9ra d\u00e9teste?<\/h2>\n<div class=\"eloquent-imagery-image\">\n<div class=\"flex justify-center\">\n                    <img decoding=\"async\" class=\"border border-gray-100\" src=\"https:\/\/vieassociative.be\/actualites\/wp-content\/uploads\/2025\/08\/1754075829_165_Le-Google-Pixel-9a-na-pas-de-barre-dappareil-photo.jpg\" alt=\"Google Pixel 9\" width=\"2000\" height=\"1127\" loading=\"lazy\"  >\n            <\/div>\n<\/p><\/div>\n<p>J&rsquo;ai quelques probl\u00e8mes avec la barre de cam\u00e9ra Pixel, bien que beaucoup d&rsquo;entre eux puissent ressembler \u00e0 des nitpicks, selon vos go\u00fbts. Il rend les pixels un peu plus difficiles \u00e0 int\u00e9grer dans une poche serr\u00e9e ou un petit sac, et je pense que cela les rend moins confortables pour tenir horizontalement, ce qui peut \u00eatre une douleur pour les joueurs. Les bords peuvent \u00e9galement \u00eatre un peu un aimant de poussi\u00e8re, du moins si vous mettez un bo\u00eetier dessus, et la barre de cam\u00e9ra est suffisamment \u00e9paisse pour qu&rsquo;il soit difficile de poser un pixel compl\u00e8tement plat. <\/p>\n<p>Mais pour moi, le vrai probl\u00e8me est que c&rsquo;est moche. C&rsquo;est tr\u00e8s subjectif, je l&rsquo;admets, mais c&rsquo;est une plainte suffisamment courante pour que Google ait fait mal \u00e0 d\u00e9fendre la bosse de la cam\u00e9ra. Comme il varie du t\u00e9l\u00e9phone \u00e0 un t\u00e9l\u00e9phone, mais sur le pixel de base 9, c&rsquo;est un tiers aussi \u00e9pais que le t\u00e9l\u00e9phone lui-m\u00eame. C&rsquo;est un travail d\u00e9sagr\u00e9able, et si vous \u00eates comme moi, il est assez \u00e9vident pourquoi vous pr\u00e9f\u00e9rez une alternative.<\/p>\n<h2 id=\"how-does-the-pixel-9as-camera-hold-up\">Comment la cam\u00e9ra du Pixel 9A tient-elle?<\/h2>\n<p>C&rsquo;est pourquoi j&rsquo;\u00e9tais si heureux quand j&rsquo;ai vu que le pixel 9a s&rsquo;est d\u00e9barrass\u00e9 de la cam\u00e9ra en faveur d&rsquo;une pilule presque affleurante dans l&rsquo;un des coins. Il est discret, facile d&rsquo;adapter un bo\u00eetier, et assez loin \u00e0 l&rsquo;\u00e9cart pour que le pixel 9a se trouve compl\u00e8tement \u00e0 plat lorsqu&rsquo;il est plac\u00e9 \u00e0 l&rsquo;arri\u00e8re. C&rsquo;est comme la d\u00e9coupe de la cam\u00e9ra sur un iPhone ou une galaxie, mais plus petite.<\/p>\n<p>Pour \u00eatre juste, le changement vient avec quelques mises en garde. Alors que l&rsquo;appareil photo du pixel 9 r\u00e9gulier a un objectif de 50 MP de large et un objectif ultrairs de 48 MP, le pixel 9a n&rsquo;a qu&rsquo;un objectif large de 48 MP et une lentille ultraide de 13 MP. Mais voici ma prise chaude: vous achetez un t\u00e9l\u00e9phone, pas un appareil photo. Bien que la plupart d&rsquo;entre nous aient remplac\u00e9 les cam\u00e9ras d\u00e9di\u00e9es par nos smartphones, cela vaut la peine de consid\u00e9rer si vous \u00eates le type de personne qui a besoin des plus belles images absolues \u00e0 tout moment, ou si vous pr\u00e9f\u00e9rez un appareil moins difficile avec un prix plus petit. Bien que je pense que vous pouvez rep\u00e9rer une l\u00e9g\u00e8re diff\u00e9rence entre les tirs du 9 et 9A, pour les photographes occasionnels, le 9A devrait toujours tenir tr\u00e8s bien.<\/p>\n<p>Voici quelques exemples de coups de pixel 9a, \u00e0 partir de diff\u00e9rentes distances et dans diff\u00e9rentes conditions d&rsquo;\u00e9clairage:<\/p>\n<div class=\"eloquent-imagery-image\">\n<div class=\"flex justify-center\">\n                    <img decoding=\"async\" class=\"border border-gray-100\" src=\"https:\/\/vieassociative.be\/actualites\/wp-content\/uploads\/2025\/08\/Le-Google-Pixel-9a-na-pas-de-barre-dappareil-photo.png\" alt=\"Photos prises sur le pixel 9a\" width=\"2000\" height=\"1125\" loading=\"lazy\"  >\n            <\/div>\n<\/p><\/div>\n<p>Et la m\u00eame chose, mais pour le pixel 9 ordinaire:<\/p>\n<div class=\"eloquent-imagery-image\">\n<div class=\"flex justify-center\">\n                    <img decoding=\"async\" class=\"border border-gray-100\" src=\"https:\/\/vieassociative.be\/actualites\/wp-content\/uploads\/2025\/08\/1754075829_151_Le-Google-Pixel-9a-na-pas-de-barre-dappareil-photo.png\" alt=\"Photos prises sur le pixel 9\" width=\"2000\" height=\"1125\" loading=\"lazy\"  >\n            <\/div>\n<\/p><\/div>\n<h2 id=\"isnt-the-pixel-10-coming-out-soon\">Le Pixel 10 ne sortira-t-il pas bient\u00f4t?<\/h2>\n<p>M\u00eame si je vous ai convaincu sur le Pixel 9A sur le 9, il y a un \u00e9l\u00e9phant dans la pi\u00e8ce &#8211; le Pixel 10 devrait sortir plus tard ce mois-ci. Cependant, comme Google l&rsquo;a officiellement r\u00e9v\u00e9l\u00e9, il va toujours avoir une barre de cam\u00e9ra, et une barre d&rsquo;aspect assez \u00e9paisse \u00e0 cela.<\/p>\n<p>J&rsquo;esp\u00e9rais que le 9A \u00e9tait un signe de choses \u00e0 venir pour les t\u00e9l\u00e9phones non budg\u00e9taires de Google, mais h\u00e9las. Si vous \u00eates un autre haineux de barre de cam\u00e9ra, le Pixel 9A va rester une option pertinente pour vous longtemps apr\u00e8s la sortie de Base Pixel 10, surtout parce que le 10A ne sortira probablement pas avant l&rsquo;ann\u00e9e prochaine, si un pr\u00e9c\u00e9dent historique se tient.<\/p>\n<p>Il semble que le Pixel 9a soit m\u00eame une option d\u00e9cente si vous \u00eates un fan de l&rsquo;iPhone, car les fuites ont r\u00e9cemment sugg\u00e9r\u00e9 que l&rsquo;iPhone 17 Pro et Pro Max pourraient obtenir leur propre bosse de cam\u00e9ra allong\u00e9e, bien que la fiabilit\u00e9 de ces rumeurs soit toujours dans les airs.<\/p>\n<p>Quelles que soient vos pr\u00e9f\u00e9rences, le Pixel 9A est un sacr\u00e9 bon kit pour 500 $, une grande r\u00e9duction par rapport au 800 Pixel 9. Si vous utilisez principalement votre t\u00e9l\u00e9phone pour les appels, les SMS et Internet, ce n&rsquo;est pas seulement un bon compromis &#8211; c&rsquo;est le meilleur t\u00e9l\u00e9phone Google que vous pouvez acheter.<\/p>\n","protected":false},"excerpt":{"rendered":"<p>Obtenez un t\u00e9l\u00e9phone meilleur et moins cahoteux pour moins. En 2021, Google a pr\u00e9sent\u00e9 la \u00abbarre de cam\u00e9ra\u00bb \u00e0 sa gamme de t\u00e9l\u00e9phones Pixel. L&rsquo;id\u00e9e<\/p>\n","protected":false},"author":1,"featured_media":9151,"comment_status":"","ping_status":"","sticky":false,"template":"","format":"standard","meta":{"footnotes":""},"categories":[13],"tags":[2178,8000,968,8001,4975,156,1082,126,2013,1278,81,3261,2294],"class_list":["post-9150","post","type-post","status-publish","format-standard","has-post-thumbnail","hentry","category-technologie","tag-barre","tag-dappareil","tag-google","tag-laime","tag-laquelle","tag-mais","tag-nest","tag-pas","tag-photo","tag-pixel","tag-pour","tag-raison","tag-seule","generate-columns","tablet-grid-50","mobile-grid-100","grid-parent","grid-33"],"yoast_head":"<!-- This site is optimized with the Yoast SEO plugin v24.0 - https:\/\/yoast.com\/wordpress\/plugins\/seo\/ -->\n<title>Le Google Pixel 9a n&#039;a pas de barre d&#039;appareil photo, mais ce n&#039;est pas la seule raison pour laquelle je l&#039;aime | Vie Associative<\/title>\n<meta name=\"robots\" content=\"index, follow, max-snippet:-1, max-image-preview:large, max-video-preview:-1\" \/>\n<link rel=\"canonical\" href=\"https:\/\/vieassociative.be\/actualites\/le-google-pixel-9a-na-pas-de-barre-dappareil-photo-mais-ce-nest-pas-la-seule-raison-pour-laquelle-je-laime\/\" \/>\n<meta property=\"og:locale\" content=\"fr_FR\" \/>\n<meta property=\"og:type\" content=\"article\" \/>\n<meta property=\"og:title\" content=\"Le Google Pixel 9a n&#039;a pas de barre d&#039;appareil photo, mais ce n&#039;est pas la seule raison pour laquelle je l&#039;aime | Vie Associative\" \/>\n<meta property=\"og:description\" content=\"Obtenez un t\u00e9l\u00e9phone meilleur et moins cahoteux pour moins. En 2021, Google a pr\u00e9sent\u00e9 la \u00abbarre de cam\u00e9ra\u00bb \u00e0 sa gamme de t\u00e9l\u00e9phones Pixel. L&rsquo;id\u00e9e\" \/>\n<meta property=\"og:url\" content=\"https:\/\/vieassociative.be\/actualites\/le-google-pixel-9a-na-pas-de-barre-dappareil-photo-mais-ce-nest-pas-la-seule-raison-pour-laquelle-je-laime\/\" \/>\n<meta property=\"og:site_name\" content=\"Vie Associative\" \/>\n<meta property=\"article:published_time\" content=\"2025-08-01T19:17:09+00:00\" \/>\n<meta property=\"og:image\" content=\"https:\/\/vieassociative.be\/actualites\/wp-content\/uploads\/2025\/08\/Le-Google-Pixel-9a-na-pas-de-barre-dappareil-photo.jpg\" \/>\n<meta name=\"author\" content=\"Julien\" \/>\n<meta name=\"twitter:card\" content=\"summary_large_image\" \/>\n<meta name=\"twitter:label1\" content=\"\u00c9crit par\" \/>\n\t<meta name=\"twitter:data1\" content=\"Julien\" \/>\n\t<meta name=\"twitter:label2\" content=\"Dur\u00e9e de lecture est.\" \/>\n\t<meta name=\"twitter:data2\" content=\"6 minutes\" \/>\n<script type=\"application\/ld+json\" class=\"yoast-schema-graph\">{\"@context\":\"https:\/\/schema.org\",\"@graph\":[{\"@type\":\"Article\",\"@id\":\"https:\/\/vieassociative.be\/actualites\/le-google-pixel-9a-na-pas-de-barre-dappareil-photo-mais-ce-nest-pas-la-seule-raison-pour-laquelle-je-laime\/#article\",\"isPartOf\":{\"@id\":\"https:\/\/vieassociative.be\/actualites\/le-google-pixel-9a-na-pas-de-barre-dappareil-photo-mais-ce-nest-pas-la-seule-raison-pour-laquelle-je-laime\/\"},\"author\":{\"name\":\"Julien\",\"@id\":\"https:\/\/vieassociative.be\/actualites\/#\/schema\/person\/b87ac4f82f9d4e7b7cec7395b679edc4\"},\"headline\":\"Le Google Pixel 9a n&rsquo;a pas de barre d&rsquo;appareil photo, mais ce n&rsquo;est pas la seule raison pour laquelle je l&rsquo;aime\",\"datePublished\":\"2025-08-01T19:17:09+00:00\",\"dateModified\":\"2025-08-01T19:17:09+00:00\",\"mainEntityOfPage\":{\"@id\":\"https:\/\/vieassociative.be\/actualites\/le-google-pixel-9a-na-pas-de-barre-dappareil-photo-mais-ce-nest-pas-la-seule-raison-pour-laquelle-je-laime\/\"},\"wordCount\":1345,\"publisher\":{\"@id\":\"https:\/\/vieassociative.be\/actualites\/#organization\"},\"image\":{\"@id\":\"https:\/\/vieassociative.be\/actualites\/le-google-pixel-9a-na-pas-de-barre-dappareil-photo-mais-ce-nest-pas-la-seule-raison-pour-laquelle-je-laime\/#primaryimage\"},\"thumbnailUrl\":\"https:\/\/vieassociative.be\/actualites\/wp-content\/uploads\/2025\/08\/1754075830_Le-Google-Pixel-9a-na-pas-de-barre-dappareil-photo.jpg\",\"keywords\":[\"barre\",\"dappareil\",\"Google\",\"laime\",\"laquelle\",\"mais\",\"nest\",\"pas\",\"photo\",\"Pixel\",\"pour\",\"raison\",\"seule\"],\"articleSection\":[\"Technologie\"],\"inLanguage\":\"fr-BE\"},{\"@type\":\"WebPage\",\"@id\":\"https:\/\/vieassociative.be\/actualites\/le-google-pixel-9a-na-pas-de-barre-dappareil-photo-mais-ce-nest-pas-la-seule-raison-pour-laquelle-je-laime\/\",\"url\":\"https:\/\/vieassociative.be\/actualites\/le-google-pixel-9a-na-pas-de-barre-dappareil-photo-mais-ce-nest-pas-la-seule-raison-pour-laquelle-je-laime\/\",\"name\":\"Le Google Pixel 9a n'a pas de barre d'appareil photo, mais ce n'est pas la seule raison pour laquelle je l'aime | Vie Associative\",\"isPartOf\":{\"@id\":\"https:\/\/vieassociative.be\/actualites\/#website\"},\"primaryImageOfPage\":{\"@id\":\"https:\/\/vieassociative.be\/actualites\/le-google-pixel-9a-na-pas-de-barre-dappareil-photo-mais-ce-nest-pas-la-seule-raison-pour-laquelle-je-laime\/#primaryimage\"},\"image\":{\"@id\":\"https:\/\/vieassociative.be\/actualites\/le-google-pixel-9a-na-pas-de-barre-dappareil-photo-mais-ce-nest-pas-la-seule-raison-pour-laquelle-je-laime\/#primaryimage\"},\"thumbnailUrl\":\"https:\/\/vieassociative.be\/actualites\/wp-content\/uploads\/2025\/08\/1754075830_Le-Google-Pixel-9a-na-pas-de-barre-dappareil-photo.jpg\",\"datePublished\":\"2025-08-01T19:17:09+00:00\",\"dateModified\":\"2025-08-01T19:17:09+00:00\",\"breadcrumb\":{\"@id\":\"https:\/\/vieassociative.be\/actualites\/le-google-pixel-9a-na-pas-de-barre-dappareil-photo-mais-ce-nest-pas-la-seule-raison-pour-laquelle-je-laime\/#breadcrumb\"},\"inLanguage\":\"fr-BE\",\"potentialAction\":[{\"@type\":\"ReadAction\",\"target\":[\"https:\/\/vieassociative.be\/actualites\/le-google-pixel-9a-na-pas-de-barre-dappareil-photo-mais-ce-nest-pas-la-seule-raison-pour-laquelle-je-laime\/\"]}]},{\"@type\":\"ImageObject\",\"inLanguage\":\"fr-BE\",\"@id\":\"https:\/\/vieassociative.be\/actualites\/le-google-pixel-9a-na-pas-de-barre-dappareil-photo-mais-ce-nest-pas-la-seule-raison-pour-laquelle-je-laime\/#primaryimage\",\"url\":\"https:\/\/vieassociative.be\/actualites\/wp-content\/uploads\/2025\/08\/1754075830_Le-Google-Pixel-9a-na-pas-de-barre-dappareil-photo.jpg\",\"contentUrl\":\"https:\/\/vieassociative.be\/actualites\/wp-content\/uploads\/2025\/08\/1754075830_Le-Google-Pixel-9a-na-pas-de-barre-dappareil-photo.jpg\",\"width\":1200,\"height\":675,\"caption\":\"Le Google Pixel 9a n'a pas de barre d'appareil photo, mais ce n'est pas la seule raison pour laquelle je l'aime\"},{\"@type\":\"BreadcrumbList\",\"@id\":\"https:\/\/vieassociative.be\/actualites\/le-google-pixel-9a-na-pas-de-barre-dappareil-photo-mais-ce-nest-pas-la-seule-raison-pour-laquelle-je-laime\/#breadcrumb\",\"itemListElement\":[{\"@type\":\"ListItem\",\"position\":1,\"name\":\"Accueil\",\"item\":\"https:\/\/vieassociative.be\/actualites\/\"},{\"@type\":\"ListItem\",\"position\":2,\"name\":\"Le Google Pixel 9a n&rsquo;a pas de barre d&rsquo;appareil photo, mais ce n&rsquo;est pas la seule raison pour laquelle je l&rsquo;aime\"}]},{\"@type\":\"WebSite\",\"@id\":\"https:\/\/vieassociative.be\/actualites\/#website\",\"url\":\"https:\/\/vieassociative.be\/actualites\/\",\"name\":\"Vie Associative\",\"description\":\"\",\"publisher\":{\"@id\":\"https:\/\/vieassociative.be\/actualites\/#organization\"},\"potentialAction\":[{\"@type\":\"SearchAction\",\"target\":{\"@type\":\"EntryPoint\",\"urlTemplate\":\"https:\/\/vieassociative.be\/actualites\/?s={search_term_string}\"},\"query-input\":{\"@type\":\"PropertyValueSpecification\",\"valueRequired\":true,\"valueName\":\"search_term_string\"}}],\"inLanguage\":\"fr-BE\"},{\"@type\":\"Organization\",\"@id\":\"https:\/\/vieassociative.be\/actualites\/#organization\",\"name\":\"Vie Associative\",\"url\":\"https:\/\/vieassociative.be\/actualites\/\",\"logo\":{\"@type\":\"ImageObject\",\"inLanguage\":\"fr-BE\",\"@id\":\"https:\/\/vieassociative.be\/actualites\/#\/schema\/logo\/image\/\",\"url\":\"https:\/\/vieassociative.be\/actualites\/wp-content\/uploads\/2024\/09\/cropped-vieassociative_favicon.ico.png\",\"contentUrl\":\"https:\/\/vieassociative.be\/actualites\/wp-content\/uploads\/2024\/09\/cropped-vieassociative_favicon.ico.png\",\"width\":512,\"height\":512,\"caption\":\"Vie Associative\"},\"image\":{\"@id\":\"https:\/\/vieassociative.be\/actualites\/#\/schema\/logo\/image\/\"}},{\"@type\":\"Person\",\"@id\":\"https:\/\/vieassociative.be\/actualites\/#\/schema\/person\/b87ac4f82f9d4e7b7cec7395b679edc4\",\"name\":\"Julien\",\"image\":{\"@type\":\"ImageObject\",\"inLanguage\":\"fr-BE\",\"@id\":\"https:\/\/vieassociative.be\/actualites\/#\/schema\/person\/image\/\",\"url\":\"https:\/\/vieassociative.be\/actualites\/wp-content\/uploads\/2024\/09\/vie-associative-1-150x150.jpg\",\"contentUrl\":\"https:\/\/vieassociative.be\/actualites\/wp-content\/uploads\/2024\/09\/vie-associative-1-150x150.jpg\",\"caption\":\"Julien\"},\"description\":\"Je suis Julien, r\u00e9dacteur pour Vie Associative. Passionn\u00e9 par le monde associatif depuis plus de 10 ans, j'ai \u00e0 c\u0153ur de partager des histoires inspirantes et de mettre en lumi\u00e8re les initiatives locales. Mon objectif est de sensibiliser et d'encourager l'engagement communautaire \u00e0 travers mes articles.\",\"sameAs\":[\"https:\/\/vieassociative.be\/\"]}]}<\/script>\n<!-- \/ Yoast SEO plugin. -->","yoast_head_json":{"title":"Le Google Pixel 9a n'a pas de barre d'appareil photo, mais ce n'est pas la seule raison pour laquelle je l'aime | Vie Associative","robots":{"index":"index","follow":"follow","max-snippet":"max-snippet:-1","max-image-preview":"max-image-preview:large","max-video-preview":"max-video-preview:-1"},"canonical":"https:\/\/vieassociative.be\/actualites\/le-google-pixel-9a-na-pas-de-barre-dappareil-photo-mais-ce-nest-pas-la-seule-raison-pour-laquelle-je-laime\/","og_locale":"fr_FR","og_type":"article","og_title":"Le Google Pixel 9a n'a pas de barre d'appareil photo, mais ce n'est pas la seule raison pour laquelle je l'aime | Vie Associative","og_description":"Obtenez un t\u00e9l\u00e9phone meilleur et moins cahoteux pour moins. En 2021, Google a pr\u00e9sent\u00e9 la \u00abbarre de cam\u00e9ra\u00bb \u00e0 sa gamme de t\u00e9l\u00e9phones Pixel. L&rsquo;id\u00e9e","og_url":"https:\/\/vieassociative.be\/actualites\/le-google-pixel-9a-na-pas-de-barre-dappareil-photo-mais-ce-nest-pas-la-seule-raison-pour-laquelle-je-laime\/","og_site_name":"Vie Associative","article_published_time":"2025-08-01T19:17:09+00:00","og_image":[{"url":"https:\/\/vieassociative.be\/actualites\/wp-content\/uploads\/2025\/08\/Le-Google-Pixel-9a-na-pas-de-barre-dappareil-photo.jpg","type":"","width":"","height":""}],"author":"Julien","twitter_card":"summary_large_image","twitter_misc":{"\u00c9crit par":"Julien","Dur\u00e9e de lecture est.":"6 minutes"},"schema":{"@context":"https:\/\/schema.org","@graph":[{"@type":"Article","@id":"https:\/\/vieassociative.be\/actualites\/le-google-pixel-9a-na-pas-de-barre-dappareil-photo-mais-ce-nest-pas-la-seule-raison-pour-laquelle-je-laime\/#article","isPartOf":{"@id":"https:\/\/vieassociative.be\/actualites\/le-google-pixel-9a-na-pas-de-barre-dappareil-photo-mais-ce-nest-pas-la-seule-raison-pour-laquelle-je-laime\/"},"author":{"name":"Julien","@id":"https:\/\/vieassociative.be\/actualites\/#\/schema\/person\/b87ac4f82f9d4e7b7cec7395b679edc4"},"headline":"Le Google Pixel 9a n&rsquo;a pas de barre d&rsquo;appareil photo, mais ce n&rsquo;est pas la seule raison pour laquelle je l&rsquo;aime","datePublished":"2025-08-01T19:17:09+00:00","dateModified":"2025-08-01T19:17:09+00:00","mainEntityOfPage":{"@id":"https:\/\/vieassociative.be\/actualites\/le-google-pixel-9a-na-pas-de-barre-dappareil-photo-mais-ce-nest-pas-la-seule-raison-pour-laquelle-je-laime\/"},"wordCount":1345,"publisher":{"@id":"https:\/\/vieassociative.be\/actualites\/#organization"},"image":{"@id":"https:\/\/vieassociative.be\/actualites\/le-google-pixel-9a-na-pas-de-barre-dappareil-photo-mais-ce-nest-pas-la-seule-raison-pour-laquelle-je-laime\/#primaryimage"},"thumbnailUrl":"https:\/\/vieassociative.be\/actualites\/wp-content\/uploads\/2025\/08\/1754075830_Le-Google-Pixel-9a-na-pas-de-barre-dappareil-photo.jpg","keywords":["barre","dappareil","Google","laime","laquelle","mais","nest","pas","photo","Pixel","pour","raison","seule"],"articleSection":["Technologie"],"inLanguage":"fr-BE"},{"@type":"WebPage","@id":"https:\/\/vieassociative.be\/actualites\/le-google-pixel-9a-na-pas-de-barre-dappareil-photo-mais-ce-nest-pas-la-seule-raison-pour-laquelle-je-laime\/","url":"https:\/\/vieassociative.be\/actualites\/le-google-pixel-9a-na-pas-de-barre-dappareil-photo-mais-ce-nest-pas-la-seule-raison-pour-laquelle-je-laime\/","name":"Le Google Pixel 9a n'a pas de barre d'appareil photo, mais ce n'est pas la seule raison pour laquelle je l'aime | Vie Associative","isPartOf":{"@id":"https:\/\/vieassociative.be\/actualites\/#website"},"primaryImageOfPage":{"@id":"https:\/\/vieassociative.be\/actualites\/le-google-pixel-9a-na-pas-de-barre-dappareil-photo-mais-ce-nest-pas-la-seule-raison-pour-laquelle-je-laime\/#primaryimage"},"image":{"@id":"https:\/\/vieassociative.be\/actualites\/le-google-pixel-9a-na-pas-de-barre-dappareil-photo-mais-ce-nest-pas-la-seule-raison-pour-laquelle-je-laime\/#primaryimage"},"thumbnailUrl":"https:\/\/vieassociative.be\/actualites\/wp-content\/uploads\/2025\/08\/1754075830_Le-Google-Pixel-9a-na-pas-de-barre-dappareil-photo.jpg","datePublished":"2025-08-01T19:17:09+00:00","dateModified":"2025-08-01T19:17:09+00:00","breadcrumb":{"@id":"https:\/\/vieassociative.be\/actualites\/le-google-pixel-9a-na-pas-de-barre-dappareil-photo-mais-ce-nest-pas-la-seule-raison-pour-laquelle-je-laime\/#breadcrumb"},"inLanguage":"fr-BE","potentialAction":[{"@type":"ReadAction","target":["https:\/\/vieassociative.be\/actualites\/le-google-pixel-9a-na-pas-de-barre-dappareil-photo-mais-ce-nest-pas-la-seule-raison-pour-laquelle-je-laime\/"]}]},{"@type":"ImageObject","inLanguage":"fr-BE","@id":"https:\/\/vieassociative.be\/actualites\/le-google-pixel-9a-na-pas-de-barre-dappareil-photo-mais-ce-nest-pas-la-seule-raison-pour-laquelle-je-laime\/#primaryimage","url":"https:\/\/vieassociative.be\/actualites\/wp-content\/uploads\/2025\/08\/1754075830_Le-Google-Pixel-9a-na-pas-de-barre-dappareil-photo.jpg","contentUrl":"https:\/\/vieassociative.be\/actualites\/wp-content\/uploads\/2025\/08\/1754075830_Le-Google-Pixel-9a-na-pas-de-barre-dappareil-photo.jpg","width":1200,"height":675,"caption":"Le Google Pixel 9a n'a pas de barre d'appareil photo, mais ce n'est pas la seule raison pour laquelle je l'aime"},{"@type":"BreadcrumbList","@id":"https:\/\/vieassociative.be\/actualites\/le-google-pixel-9a-na-pas-de-barre-dappareil-photo-mais-ce-nest-pas-la-seule-raison-pour-laquelle-je-laime\/#breadcrumb","itemListElement":[{"@type":"ListItem","position":1,"name":"Accueil","item":"https:\/\/vieassociative.be\/actualites\/"},{"@type":"ListItem","position":2,"name":"Le Google Pixel 9a n&rsquo;a pas de barre d&rsquo;appareil photo, mais ce n&rsquo;est pas la seule raison pour laquelle je l&rsquo;aime"}]},{"@type":"WebSite","@id":"https:\/\/vieassociative.be\/actualites\/#website","url":"https:\/\/vieassociative.be\/actualites\/","name":"Vie Associative","description":"","publisher":{"@id":"https:\/\/vieassociative.be\/actualites\/#organization"},"potentialAction":[{"@type":"SearchAction","target":{"@type":"EntryPoint","urlTemplate":"https:\/\/vieassociative.be\/actualites\/?s={search_term_string}"},"query-input":{"@type":"PropertyValueSpecification","valueRequired":true,"valueName":"search_term_string"}}],"inLanguage":"fr-BE"},{"@type":"Organization","@id":"https:\/\/vieassociative.be\/actualites\/#organization","name":"Vie Associative","url":"https:\/\/vieassociative.be\/actualites\/","logo":{"@type":"ImageObject","inLanguage":"fr-BE","@id":"https:\/\/vieassociative.be\/actualites\/#\/schema\/logo\/image\/","url":"https:\/\/vieassociative.be\/actualites\/wp-content\/uploads\/2024\/09\/cropped-vieassociative_favicon.ico.png","contentUrl":"https:\/\/vieassociative.be\/actualites\/wp-content\/uploads\/2024\/09\/cropped-vieassociative_favicon.ico.png","width":512,"height":512,"caption":"Vie Associative"},"image":{"@id":"https:\/\/vieassociative.be\/actualites\/#\/schema\/logo\/image\/"}},{"@type":"Person","@id":"https:\/\/vieassociative.be\/actualites\/#\/schema\/person\/b87ac4f82f9d4e7b7cec7395b679edc4","name":"Julien","image":{"@type":"ImageObject","inLanguage":"fr-BE","@id":"https:\/\/vieassociative.be\/actualites\/#\/schema\/person\/image\/","url":"https:\/\/vieassociative.be\/actualites\/wp-content\/uploads\/2024\/09\/vie-associative-1-150x150.jpg","contentUrl":"https:\/\/vieassociative.be\/actualites\/wp-content\/uploads\/2024\/09\/vie-associative-1-150x150.jpg","caption":"Julien"},"description":"Je suis Julien, r\u00e9dacteur pour Vie Associative. Passionn\u00e9 par le monde associatif depuis plus de 10 ans, j'ai \u00e0 c\u0153ur de partager des histoires inspirantes et de mettre en lumi\u00e8re les initiatives locales. Mon objectif est de sensibiliser et d'encourager l'engagement communautaire \u00e0 travers mes articles.","sameAs":["https:\/\/vieassociative.be\/"]}]}},"_links":{"self":[{"href":"https:\/\/vieassociative.be\/actualites\/wp-json\/wp\/v2\/posts\/9150"}],"collection":[{"href":"https:\/\/vieassociative.be\/actualites\/wp-json\/wp\/v2\/posts"}],"about":[{"href":"https:\/\/vieassociative.be\/actualites\/wp-json\/wp\/v2\/types\/post"}],"author":[{"embeddable":true,"href":"https:\/\/vieassociative.be\/actualites\/wp-json\/wp\/v2\/users\/1"}],"replies":[{"embeddable":true,"href":"https:\/\/vieassociative.be\/actualites\/wp-json\/wp\/v2\/comments?post=9150"}],"version-history":[{"count":0,"href":"https:\/\/vieassociative.be\/actualites\/wp-json\/wp\/v2\/posts\/9150\/revisions"}],"wp:featuredmedia":[{"embeddable":true,"href":"https:\/\/vieassociative.be\/actualites\/wp-json\/wp\/v2\/media\/9151"}],"wp:attachment":[{"href":"https:\/\/vieassociative.be\/actualites\/wp-json\/wp\/v2\/media?parent=9150"}],"wp:term":[{"taxonomy":"category","embeddable":true,"href":"https:\/\/vieassociative.be\/actualites\/wp-json\/wp\/v2\/categories?post=9150"},{"taxonomy":"post_tag","embeddable":true,"href":"https:\/\/vieassociative.be\/actualites\/wp-json\/wp\/v2\/tags?post=9150"}],"curies":[{"name":"wp","href":"https:\/\/api.w.org\/{rel}","templated":true}]}}