{"id":9147,"date":"2025-08-01T16:17:24","date_gmt":"2025-08-01T14:17:24","guid":{"rendered":"https:\/\/vieassociative.be\/actualites\/plusieurs-cambriolages-en-vehicules-les-auteurs-y-trouvent-des-objets-de-valeur\/"},"modified":"2025-08-01T16:17:24","modified_gmt":"2025-08-01T14:17:24","slug":"plusieurs-cambriolages-en-vehicules-les-auteurs-y-trouvent-des-objets-de-valeur","status":"publish","type":"post","link":"https:\/\/vieassociative.be\/actualites\/plusieurs-cambriolages-en-vehicules-les-auteurs-y-trouvent-des-objets-de-valeur\/","title":{"rendered":"Plusieurs cambriolages en v\u00e9hicules &#8211; les auteurs y trouvent des objets de valeur"},"content":{"rendered":"<p><strong>Dans les rapports de la zone de police de Weser-G\u00f6hl, les cas de crise dans un v\u00e9hicule ont r\u00e9cemment augment\u00e9. Dans ce document, les auteurs trouvent souvent m\u00eame des objets de valeur que vous ne devriez jamais laisser derri\u00e8re votre voiture.<\/strong><\/p>\n<p><span id=\"more-421477\"><\/span><strong>&#8211; Cambriolage en voiture (1):<\/strong> Entre le 28\/07 \u00e0 20h30 et 29\/07 \u00e0 8 h 40, il y a un effondrement dans une voiture \u00e0 Lontzen, Pappelweg. Un ordinateur portable, un sac d&rsquo;ordinateur portable et des documents d&rsquo;identit\u00e9 sont vol\u00e9s de l&rsquo;int\u00e9rieur.<\/p>\n<p><strong>&#8211; Cambriolage en voiture (2):<\/strong> Dans la nuit du 28\/07 le 29\/07, des suspects inconnus \u00e0 Lontzen (Koloniensstra\u00dfe-K\u00f6nig Astrid Astrid Stra\u00dfe-Limburger Stra\u00dfe) ont fouill\u00e9 plusieurs v\u00e9hicules. Jusqu&rsquo;\u00e0 pr\u00e9sent, il n&rsquo;y a aucune information sur les biens vol\u00e9s.<\/p>\n<div id=\"attachment_92734\" class=\"wp-caption alignleft\" style=\"max-width: 300px\"><img fetchpriority=\"high\" decoding=\"async\" class=\"wp-image-92734 size-medium\" src=\"https:\/\/vieassociative.be\/actualites\/wp-content\/uploads\/2024\/11\/Vols-de-voitures-la-police-donne-des-conseils-aux.jpeg\" alt=\"\" width=\"300\" height=\"225\"  ><\/div>\n<p><strong>&#8211; Cambriolage en voiture (3):<\/strong> Entre le 30\/07 \u00e0 21 h et 31\/07 \u00e0 6 h 30, des suspects inconnus \u00e0 Eupen, Simarstra\u00dfe, ont gifl\u00e9 le toit en tissu d&rsquo;un cabriolet et vol\u00e9 un portefeuille avec du contenu et plusieurs bouteilles de parfum de la voiture.<\/p>\n<p><strong>&#8211; Cambriolage en voiture (4):<\/strong> Entre le 30\/07 \u00e0 20 h et 31\/07 \u00e0 7 heures du matin, il y a un cambriolage dans une voiture \u00e0 Eupen, Verviers Stra\u00dfe. Le v\u00e9hicule a un effet de levier \u00e0 la porte du conducteur et la petite fen\u00eatre triangulaire du c\u00f4t\u00e9 conducteur est cass\u00e9e. Un portefeuille comprenant du contenu est vol\u00e9 de l&rsquo;int\u00e9rieur.<\/p>\n<p><strong>&#8211; Van de livraison vol\u00e9:<\/strong> Dans la p\u00e9riode entre 27\/07 \u00e0 22 h et 29\/07, une camionnette sera vol\u00e9e d&rsquo;une mani\u00e8re inconnue \u00e0 Lontzen, Koloniensstra\u00dfe.<\/p>\n","protected":false},"excerpt":{"rendered":"<p>Dans les rapports de la zone de police de Weser-G\u00f6hl, les cas de crise dans un v\u00e9hicule ont r\u00e9cemment augment\u00e9. Dans ce document, les auteurs<\/p>\n","protected":false},"author":1,"featured_media":2907,"comment_status":"","ping_status":"","sticky":false,"template":"","format":"standard","meta":{"footnotes":""},"categories":[298],"tags":[7996,7995,29,14,4554,3320,7997,5721,3623],"class_list":["post-9147","post","type-post","status-publish","format-standard","has-post-thumbnail","hentry","category-belgique","tag-auteurs","tag-cambriolages","tag-des","tag-les","tag-objets","tag-plusieurs","tag-trouvent","tag-valeur","tag-vehicules","generate-columns","tablet-grid-50","mobile-grid-100","grid-parent","grid-33"],"yoast_head":"<!-- This site is optimized with the Yoast SEO plugin v24.0 - https:\/\/yoast.com\/wordpress\/plugins\/seo\/ -->\n<title>Plusieurs cambriolages en v\u00e9hicules - les auteurs y trouvent des objets de valeur | Vie Associative<\/title>\n<meta name=\"robots\" content=\"index, follow, max-snippet:-1, max-image-preview:large, max-video-preview:-1\" \/>\n<link rel=\"canonical\" href=\"https:\/\/vieassociative.be\/actualites\/plusieurs-cambriolages-en-vehicules-les-auteurs-y-trouvent-des-objets-de-valeur\/\" \/>\n<meta property=\"og:locale\" content=\"fr_FR\" \/>\n<meta property=\"og:type\" content=\"article\" \/>\n<meta property=\"og:title\" content=\"Plusieurs cambriolages en v\u00e9hicules - les auteurs y trouvent des objets de valeur | Vie Associative\" \/>\n<meta property=\"og:description\" content=\"Dans les rapports de la zone de police de Weser-G\u00f6hl, les cas de crise dans un v\u00e9hicule ont r\u00e9cemment augment\u00e9. Dans ce document, les auteurs\" \/>\n<meta property=\"og:url\" content=\"https:\/\/vieassociative.be\/actualites\/plusieurs-cambriolages-en-vehicules-les-auteurs-y-trouvent-des-objets-de-valeur\/\" \/>\n<meta property=\"og:site_name\" content=\"Vie Associative\" \/>\n<meta property=\"article:published_time\" content=\"2025-08-01T14:17:24+00:00\" \/>\n<meta property=\"og:image\" content=\"https:\/\/vieassociative.be\/actualites\/wp-content\/uploads\/2024\/09\/header_backgroundk-01-e1726694325946.png\" \/>\n\t<meta property=\"og:image:width\" content=\"279\" \/>\n\t<meta property=\"og:image:height\" content=\"92\" \/>\n\t<meta property=\"og:image:type\" content=\"image\/png\" \/>\n<meta name=\"author\" content=\"Julien\" \/>\n<meta name=\"twitter:card\" content=\"summary_large_image\" \/>\n<meta name=\"twitter:label1\" content=\"\u00c9crit par\" \/>\n\t<meta name=\"twitter:data1\" content=\"Julien\" \/>\n\t<meta name=\"twitter:label2\" content=\"Dur\u00e9e de lecture est.\" \/>\n\t<meta name=\"twitter:data2\" content=\"1 minute\" \/>\n<script type=\"application\/ld+json\" class=\"yoast-schema-graph\">{\"@context\":\"https:\/\/schema.org\",\"@graph\":[{\"@type\":\"Article\",\"@id\":\"https:\/\/vieassociative.be\/actualites\/plusieurs-cambriolages-en-vehicules-les-auteurs-y-trouvent-des-objets-de-valeur\/#article\",\"isPartOf\":{\"@id\":\"https:\/\/vieassociative.be\/actualites\/plusieurs-cambriolages-en-vehicules-les-auteurs-y-trouvent-des-objets-de-valeur\/\"},\"author\":{\"name\":\"Julien\",\"@id\":\"https:\/\/vieassociative.be\/actualites\/#\/schema\/person\/b87ac4f82f9d4e7b7cec7395b679edc4\"},\"headline\":\"Plusieurs cambriolages en v\u00e9hicules &#8211; les auteurs y trouvent des objets de valeur\",\"datePublished\":\"2025-08-01T14:17:24+00:00\",\"dateModified\":\"2025-08-01T14:17:24+00:00\",\"mainEntityOfPage\":{\"@id\":\"https:\/\/vieassociative.be\/actualites\/plusieurs-cambriolages-en-vehicules-les-auteurs-y-trouvent-des-objets-de-valeur\/\"},\"wordCount\":263,\"publisher\":{\"@id\":\"https:\/\/vieassociative.be\/actualites\/#organization\"},\"image\":{\"@id\":\"https:\/\/vieassociative.be\/actualites\/plusieurs-cambriolages-en-vehicules-les-auteurs-y-trouvent-des-objets-de-valeur\/#primaryimage\"},\"thumbnailUrl\":\"https:\/\/vieassociative.be\/actualites\/wp-content\/uploads\/2024\/11\/1732933040_Vols-de-voitures-la-police-donne-des-conseils-aux.jpeg\",\"keywords\":[\"auteurs\",\"cambriolages\",\"Des\",\"Les\",\"objets\",\"Plusieurs\",\"trouvent\",\"valeur\",\"v\u00e9hicules\"],\"articleSection\":[\"Belgique\"],\"inLanguage\":\"fr-BE\"},{\"@type\":\"WebPage\",\"@id\":\"https:\/\/vieassociative.be\/actualites\/plusieurs-cambriolages-en-vehicules-les-auteurs-y-trouvent-des-objets-de-valeur\/\",\"url\":\"https:\/\/vieassociative.be\/actualites\/plusieurs-cambriolages-en-vehicules-les-auteurs-y-trouvent-des-objets-de-valeur\/\",\"name\":\"Plusieurs cambriolages en v\u00e9hicules - les auteurs y trouvent des objets de valeur | Vie Associative\",\"isPartOf\":{\"@id\":\"https:\/\/vieassociative.be\/actualites\/#website\"},\"primaryImageOfPage\":{\"@id\":\"https:\/\/vieassociative.be\/actualites\/plusieurs-cambriolages-en-vehicules-les-auteurs-y-trouvent-des-objets-de-valeur\/#primaryimage\"},\"image\":{\"@id\":\"https:\/\/vieassociative.be\/actualites\/plusieurs-cambriolages-en-vehicules-les-auteurs-y-trouvent-des-objets-de-valeur\/#primaryimage\"},\"thumbnailUrl\":\"https:\/\/vieassociative.be\/actualites\/wp-content\/uploads\/2024\/11\/1732933040_Vols-de-voitures-la-police-donne-des-conseils-aux.jpeg\",\"datePublished\":\"2025-08-01T14:17:24+00:00\",\"dateModified\":\"2025-08-01T14:17:24+00:00\",\"breadcrumb\":{\"@id\":\"https:\/\/vieassociative.be\/actualites\/plusieurs-cambriolages-en-vehicules-les-auteurs-y-trouvent-des-objets-de-valeur\/#breadcrumb\"},\"inLanguage\":\"fr-BE\",\"potentialAction\":[{\"@type\":\"ReadAction\",\"target\":[\"https:\/\/vieassociative.be\/actualites\/plusieurs-cambriolages-en-vehicules-les-auteurs-y-trouvent-des-objets-de-valeur\/\"]}]},{\"@type\":\"ImageObject\",\"inLanguage\":\"fr-BE\",\"@id\":\"https:\/\/vieassociative.be\/actualites\/plusieurs-cambriolages-en-vehicules-les-auteurs-y-trouvent-des-objets-de-valeur\/#primaryimage\",\"url\":\"https:\/\/vieassociative.be\/actualites\/wp-content\/uploads\/2024\/11\/1732933040_Vols-de-voitures-la-police-donne-des-conseils-aux.jpeg\",\"contentUrl\":\"https:\/\/vieassociative.be\/actualites\/wp-content\/uploads\/2024\/11\/1732933040_Vols-de-voitures-la-police-donne-des-conseils-aux.jpeg\",\"width\":1000,\"height\":667,\"caption\":\"Vols de voitures : la police donne des conseils aux propri\u00e9taires de v\u00e9hicules\"},{\"@type\":\"BreadcrumbList\",\"@id\":\"https:\/\/vieassociative.be\/actualites\/plusieurs-cambriolages-en-vehicules-les-auteurs-y-trouvent-des-objets-de-valeur\/#breadcrumb\",\"itemListElement\":[{\"@type\":\"ListItem\",\"position\":1,\"name\":\"Accueil\",\"item\":\"https:\/\/vieassociative.be\/actualites\/\"},{\"@type\":\"ListItem\",\"position\":2,\"name\":\"Plusieurs cambriolages en v\u00e9hicules &#8211; les auteurs y trouvent des objets de valeur\"}]},{\"@type\":\"WebSite\",\"@id\":\"https:\/\/vieassociative.be\/actualites\/#website\",\"url\":\"https:\/\/vieassociative.be\/actualites\/\",\"name\":\"Vie Associative\",\"description\":\"\",\"publisher\":{\"@id\":\"https:\/\/vieassociative.be\/actualites\/#organization\"},\"potentialAction\":[{\"@type\":\"SearchAction\",\"target\":{\"@type\":\"EntryPoint\",\"urlTemplate\":\"https:\/\/vieassociative.be\/actualites\/?s={search_term_string}\"},\"query-input\":{\"@type\":\"PropertyValueSpecification\",\"valueRequired\":true,\"valueName\":\"search_term_string\"}}],\"inLanguage\":\"fr-BE\"},{\"@type\":\"Organization\",\"@id\":\"https:\/\/vieassociative.be\/actualites\/#organization\",\"name\":\"Vie Associative\",\"url\":\"https:\/\/vieassociative.be\/actualites\/\",\"logo\":{\"@type\":\"ImageObject\",\"inLanguage\":\"fr-BE\",\"@id\":\"https:\/\/vieassociative.be\/actualites\/#\/schema\/logo\/image\/\",\"url\":\"https:\/\/vieassociative.be\/actualites\/wp-content\/uploads\/2024\/09\/cropped-vieassociative_favicon.ico.png\",\"contentUrl\":\"https:\/\/vieassociative.be\/actualites\/wp-content\/uploads\/2024\/09\/cropped-vieassociative_favicon.ico.png\",\"width\":512,\"height\":512,\"caption\":\"Vie Associative\"},\"image\":{\"@id\":\"https:\/\/vieassociative.be\/actualites\/#\/schema\/logo\/image\/\"}},{\"@type\":\"Person\",\"@id\":\"https:\/\/vieassociative.be\/actualites\/#\/schema\/person\/b87ac4f82f9d4e7b7cec7395b679edc4\",\"name\":\"Julien\",\"image\":{\"@type\":\"ImageObject\",\"inLanguage\":\"fr-BE\",\"@id\":\"https:\/\/vieassociative.be\/actualites\/#\/schema\/person\/image\/\",\"url\":\"https:\/\/vieassociative.be\/actualites\/wp-content\/uploads\/2024\/09\/vie-associative-1-150x150.jpg\",\"contentUrl\":\"https:\/\/vieassociative.be\/actualites\/wp-content\/uploads\/2024\/09\/vie-associative-1-150x150.jpg\",\"caption\":\"Julien\"},\"description\":\"Je suis Julien, r\u00e9dacteur pour Vie Associative. Passionn\u00e9 par le monde associatif depuis plus de 10 ans, j'ai \u00e0 c\u0153ur de partager des histoires inspirantes et de mettre en lumi\u00e8re les initiatives locales. Mon objectif est de sensibiliser et d'encourager l'engagement communautaire \u00e0 travers mes articles.\",\"sameAs\":[\"https:\/\/vieassociative.be\/\"]}]}<\/script>\n<!-- \/ Yoast SEO plugin. -->","yoast_head_json":{"title":"Plusieurs cambriolages en v\u00e9hicules - les auteurs y trouvent des objets de valeur | Vie Associative","robots":{"index":"index","follow":"follow","max-snippet":"max-snippet:-1","max-image-preview":"max-image-preview:large","max-video-preview":"max-video-preview:-1"},"canonical":"https:\/\/vieassociative.be\/actualites\/plusieurs-cambriolages-en-vehicules-les-auteurs-y-trouvent-des-objets-de-valeur\/","og_locale":"fr_FR","og_type":"article","og_title":"Plusieurs cambriolages en v\u00e9hicules - les auteurs y trouvent des objets de valeur | Vie Associative","og_description":"Dans les rapports de la zone de police de Weser-G\u00f6hl, les cas de crise dans un v\u00e9hicule ont r\u00e9cemment augment\u00e9. Dans ce document, les auteurs","og_url":"https:\/\/vieassociative.be\/actualites\/plusieurs-cambriolages-en-vehicules-les-auteurs-y-trouvent-des-objets-de-valeur\/","og_site_name":"Vie Associative","article_published_time":"2025-08-01T14:17:24+00:00","og_image":[{"width":279,"height":92,"url":"https:\/\/vieassociative.be\/actualites\/wp-content\/uploads\/2024\/09\/header_backgroundk-01-e1726694325946.png","type":"image\/png"}],"author":"Julien","twitter_card":"summary_large_image","twitter_misc":{"\u00c9crit par":"Julien","Dur\u00e9e de lecture est.":"1 minute"},"schema":{"@context":"https:\/\/schema.org","@graph":[{"@type":"Article","@id":"https:\/\/vieassociative.be\/actualites\/plusieurs-cambriolages-en-vehicules-les-auteurs-y-trouvent-des-objets-de-valeur\/#article","isPartOf":{"@id":"https:\/\/vieassociative.be\/actualites\/plusieurs-cambriolages-en-vehicules-les-auteurs-y-trouvent-des-objets-de-valeur\/"},"author":{"name":"Julien","@id":"https:\/\/vieassociative.be\/actualites\/#\/schema\/person\/b87ac4f82f9d4e7b7cec7395b679edc4"},"headline":"Plusieurs cambriolages en v\u00e9hicules &#8211; les auteurs y trouvent des objets de valeur","datePublished":"2025-08-01T14:17:24+00:00","dateModified":"2025-08-01T14:17:24+00:00","mainEntityOfPage":{"@id":"https:\/\/vieassociative.be\/actualites\/plusieurs-cambriolages-en-vehicules-les-auteurs-y-trouvent-des-objets-de-valeur\/"},"wordCount":263,"publisher":{"@id":"https:\/\/vieassociative.be\/actualites\/#organization"},"image":{"@id":"https:\/\/vieassociative.be\/actualites\/plusieurs-cambriolages-en-vehicules-les-auteurs-y-trouvent-des-objets-de-valeur\/#primaryimage"},"thumbnailUrl":"https:\/\/vieassociative.be\/actualites\/wp-content\/uploads\/2024\/11\/1732933040_Vols-de-voitures-la-police-donne-des-conseils-aux.jpeg","keywords":["auteurs","cambriolages","Des","Les","objets","Plusieurs","trouvent","valeur","v\u00e9hicules"],"articleSection":["Belgique"],"inLanguage":"fr-BE"},{"@type":"WebPage","@id":"https:\/\/vieassociative.be\/actualites\/plusieurs-cambriolages-en-vehicules-les-auteurs-y-trouvent-des-objets-de-valeur\/","url":"https:\/\/vieassociative.be\/actualites\/plusieurs-cambriolages-en-vehicules-les-auteurs-y-trouvent-des-objets-de-valeur\/","name":"Plusieurs cambriolages en v\u00e9hicules - les auteurs y trouvent des objets de valeur | Vie Associative","isPartOf":{"@id":"https:\/\/vieassociative.be\/actualites\/#website"},"primaryImageOfPage":{"@id":"https:\/\/vieassociative.be\/actualites\/plusieurs-cambriolages-en-vehicules-les-auteurs-y-trouvent-des-objets-de-valeur\/#primaryimage"},"image":{"@id":"https:\/\/vieassociative.be\/actualites\/plusieurs-cambriolages-en-vehicules-les-auteurs-y-trouvent-des-objets-de-valeur\/#primaryimage"},"thumbnailUrl":"https:\/\/vieassociative.be\/actualites\/wp-content\/uploads\/2024\/11\/1732933040_Vols-de-voitures-la-police-donne-des-conseils-aux.jpeg","datePublished":"2025-08-01T14:17:24+00:00","dateModified":"2025-08-01T14:17:24+00:00","breadcrumb":{"@id":"https:\/\/vieassociative.be\/actualites\/plusieurs-cambriolages-en-vehicules-les-auteurs-y-trouvent-des-objets-de-valeur\/#breadcrumb"},"inLanguage":"fr-BE","potentialAction":[{"@type":"ReadAction","target":["https:\/\/vieassociative.be\/actualites\/plusieurs-cambriolages-en-vehicules-les-auteurs-y-trouvent-des-objets-de-valeur\/"]}]},{"@type":"ImageObject","inLanguage":"fr-BE","@id":"https:\/\/vieassociative.be\/actualites\/plusieurs-cambriolages-en-vehicules-les-auteurs-y-trouvent-des-objets-de-valeur\/#primaryimage","url":"https:\/\/vieassociative.be\/actualites\/wp-content\/uploads\/2024\/11\/1732933040_Vols-de-voitures-la-police-donne-des-conseils-aux.jpeg","contentUrl":"https:\/\/vieassociative.be\/actualites\/wp-content\/uploads\/2024\/11\/1732933040_Vols-de-voitures-la-police-donne-des-conseils-aux.jpeg","width":1000,"height":667,"caption":"Vols de voitures : la police donne des conseils aux propri\u00e9taires de v\u00e9hicules"},{"@type":"BreadcrumbList","@id":"https:\/\/vieassociative.be\/actualites\/plusieurs-cambriolages-en-vehicules-les-auteurs-y-trouvent-des-objets-de-valeur\/#breadcrumb","itemListElement":[{"@type":"ListItem","position":1,"name":"Accueil","item":"https:\/\/vieassociative.be\/actualites\/"},{"@type":"ListItem","position":2,"name":"Plusieurs cambriolages en v\u00e9hicules &#8211; les auteurs y trouvent des objets de valeur"}]},{"@type":"WebSite","@id":"https:\/\/vieassociative.be\/actualites\/#website","url":"https:\/\/vieassociative.be\/actualites\/","name":"Vie Associative","description":"","publisher":{"@id":"https:\/\/vieassociative.be\/actualites\/#organization"},"potentialAction":[{"@type":"SearchAction","target":{"@type":"EntryPoint","urlTemplate":"https:\/\/vieassociative.be\/actualites\/?s={search_term_string}"},"query-input":{"@type":"PropertyValueSpecification","valueRequired":true,"valueName":"search_term_string"}}],"inLanguage":"fr-BE"},{"@type":"Organization","@id":"https:\/\/vieassociative.be\/actualites\/#organization","name":"Vie Associative","url":"https:\/\/vieassociative.be\/actualites\/","logo":{"@type":"ImageObject","inLanguage":"fr-BE","@id":"https:\/\/vieassociative.be\/actualites\/#\/schema\/logo\/image\/","url":"https:\/\/vieassociative.be\/actualites\/wp-content\/uploads\/2024\/09\/cropped-vieassociative_favicon.ico.png","contentUrl":"https:\/\/vieassociative.be\/actualites\/wp-content\/uploads\/2024\/09\/cropped-vieassociative_favicon.ico.png","width":512,"height":512,"caption":"Vie Associative"},"image":{"@id":"https:\/\/vieassociative.be\/actualites\/#\/schema\/logo\/image\/"}},{"@type":"Person","@id":"https:\/\/vieassociative.be\/actualites\/#\/schema\/person\/b87ac4f82f9d4e7b7cec7395b679edc4","name":"Julien","image":{"@type":"ImageObject","inLanguage":"fr-BE","@id":"https:\/\/vieassociative.be\/actualites\/#\/schema\/person\/image\/","url":"https:\/\/vieassociative.be\/actualites\/wp-content\/uploads\/2024\/09\/vie-associative-1-150x150.jpg","contentUrl":"https:\/\/vieassociative.be\/actualites\/wp-content\/uploads\/2024\/09\/vie-associative-1-150x150.jpg","caption":"Julien"},"description":"Je suis Julien, r\u00e9dacteur pour Vie Associative. Passionn\u00e9 par le monde associatif depuis plus de 10 ans, j'ai \u00e0 c\u0153ur de partager des histoires inspirantes et de mettre en lumi\u00e8re les initiatives locales. Mon objectif est de sensibiliser et d'encourager l'engagement communautaire \u00e0 travers mes articles.","sameAs":["https:\/\/vieassociative.be\/"]}]}},"_links":{"self":[{"href":"https:\/\/vieassociative.be\/actualites\/wp-json\/wp\/v2\/posts\/9147"}],"collection":[{"href":"https:\/\/vieassociative.be\/actualites\/wp-json\/wp\/v2\/posts"}],"about":[{"href":"https:\/\/vieassociative.be\/actualites\/wp-json\/wp\/v2\/types\/post"}],"author":[{"embeddable":true,"href":"https:\/\/vieassociative.be\/actualites\/wp-json\/wp\/v2\/users\/1"}],"replies":[{"embeddable":true,"href":"https:\/\/vieassociative.be\/actualites\/wp-json\/wp\/v2\/comments?post=9147"}],"version-history":[{"count":0,"href":"https:\/\/vieassociative.be\/actualites\/wp-json\/wp\/v2\/posts\/9147\/revisions"}],"wp:featuredmedia":[{"embeddable":true,"href":"https:\/\/vieassociative.be\/actualites\/wp-json\/wp\/v2\/media\/2907"}],"wp:attachment":[{"href":"https:\/\/vieassociative.be\/actualites\/wp-json\/wp\/v2\/media?parent=9147"}],"wp:term":[{"taxonomy":"category","embeddable":true,"href":"https:\/\/vieassociative.be\/actualites\/wp-json\/wp\/v2\/categories?post=9147"},{"taxonomy":"post_tag","embeddable":true,"href":"https:\/\/vieassociative.be\/actualites\/wp-json\/wp\/v2\/tags?post=9147"}],"curies":[{"name":"wp","href":"https:\/\/api.w.org\/{rel}","templated":true}]}}