{"id":9145,"date":"2025-08-01T15:19:07","date_gmt":"2025-08-01T13:19:07","guid":{"rendered":"https:\/\/vieassociative.be\/actualites\/ces-six-malentendus-peuvent-serieusement-avoir-un-impact-sur-votre-facture-dhopital\/"},"modified":"2025-08-01T15:19:07","modified_gmt":"2025-08-01T13:19:07","slug":"ces-six-malentendus-peuvent-serieusement-avoir-un-impact-sur-votre-facture-dhopital","status":"publish","type":"post","link":"https:\/\/vieassociative.be\/actualites\/ces-six-malentendus-peuvent-serieusement-avoir-un-impact-sur-votre-facture-dhopital\/","title":{"rendered":"Ces six \u00abmalentendus\u00bb peuvent s\u00e9rieusement avoir un impact sur votre facture d&rsquo;h\u00f4pital"},"content":{"rendered":"<div class=\"mt-4 leading-6 md:mb-8\">Vous \u00eates arriv\u00e9 \u00e0 l&rsquo;h\u00f4pital pour vous am\u00e9liorer, \u00e0 ne pas faire des ravages sur vos finances.<\/div>\n<p><\/p>\n<p>Personne ne veut aller \u00e0 l&rsquo;h\u00f4pital. Se retrouver en un signifie que vous \u00eates malade ou bless\u00e9, soit rendre visite \u00e0 quelqu&rsquo;un qui est malade ou bless\u00e9. Il y a plus de 34 millions d&rsquo;admission \u00e0 l&rsquo;h\u00f4pital chaque ann\u00e9e, et ces admissions sont co\u00fbteuses: le co\u00fbt quotidien moyen est sup\u00e9rieur \u00e0 2 800 $. Consid\u00e9rant que le s\u00e9jour \u00e0 l&rsquo;h\u00f4pital moyen est de 4,5 jours &#8211; le total de pr\u00e8s de 13 000 $ &#8211; il est important que vous compreniez tous les aspects des soins pour lesquels vous payez.<\/p>\n<p>Les m\u00e9decins, les infirmi\u00e8res et autres membres du personnel de n&rsquo;importe quel h\u00f4pital veulent sans aucun doute vous donner les meilleurs soins possibles &#8211; c&rsquo;est pourquoi ils ont choisi cette profession. Mais les h\u00f4pitaux sont plus que des lieux de gu\u00e9rison &#8211; ce sont de grandes entreprises tentaculaires. Et comme toute autre entreprise vaste et tentaculaire, la communication n&rsquo;est pas toujours parfaite, et les malentendus et les mauvaises communications peuvent entra\u00eener des factures plus \u00e9lev\u00e9es et des co\u00fbts inutiles.<\/p>\n<h2 id=\"the-necessity-of-pre-payments\">La \u00ab\u00a0n\u00e9cessit\u00e9\u00a0\u00bb des pr\u00e9-paiements<\/h2>\n<p>De plus en plus, lorsque vous vous pr\u00e9sentez \u00e0 l&rsquo;h\u00f4pital pour une intervention chirurgicale ou une proc\u00e9dure pr\u00e9vue, il vous sera demand\u00e9 de pr\u00e9-payer une partie ou la totalit\u00e9 du co\u00fbt. Cela vient souvent avec un ordre secondaire de pression et d&rsquo;intimidation &#8211; vous pourriez \u00eatre amen\u00e9 dans une chambre avec un membre du personnel de l&rsquo;h\u00f4pital, qui passera les co\u00fbts et vous demandera combien vous aimeriez payer \u00e0 l&rsquo;avance. L&rsquo;implication est que vous devez payer <em>quelque chose <\/em>Si vous voulez recevoir des soins, mais vous <em>ne le faites pas<\/em> doivent pr\u00e9-payer quoi que ce soit. L&rsquo;h\u00f4pital peut \u00eatre heureux de vous laisser <em>pense<\/em> tu fais. Mais c&rsquo;est une mauvaise id\u00e9e pour une raison simple: votre facture finale peut \u00eatre beaucoup plus bas que l&rsquo;estimation, et obtenir votre argent <em>dos<\/em> n&rsquo;est jamais facile.<\/p>\n<h2 id=\"unnecessary-treatments\">Traitements inutiles<\/h2>\n<p>Diff\u00e9rents syst\u00e8mes hospitaliers ont diff\u00e9rents mod\u00e8les de paiement pour les m\u00e9decins, la plupart combinant un salaire de base avec diverses incitations. Le mod\u00e8le d&rsquo;incitation peut parfois pousser les m\u00e9decins \u00e0 effectuer des proc\u00e9dures, des tests ou m\u00eame des chirurgies qui ne sont pas enti\u00e8rement n\u00e9cessaires, mais elles vous sont g\u00e9n\u00e9ralement pr\u00e9sent\u00e9es comme des choses standard qui sont simplement <em>a<\/em> \u00e0 faire. M\u00eame d&rsquo;autres mod\u00e8les de paiement qui ajustent la r\u00e9mun\u00e9ration en fonction du temps, des comp\u00e9tences requises et des ressources consomm\u00e9es pendant une proc\u00e9dure peuvent inciter les m\u00e9decins \u00e0 faire des choses inutiles afin de renforcer leur salaire.<\/p>\n<p>De m\u00eame, les m\u00e9decins sont souvent heureux de planifier des sp\u00e9cialistes pour consulter, surtout si vous avez des pr\u00e9occupations ou des questions, ce qui est bien, \u00e0 moins que ces sp\u00e9cialistes ne se pr\u00e9sentent maintenant \u00e0 votre chevet chaque jour que vous \u00eates \u00e0 l&rsquo;h\u00f4pital, ne remplissant pas votre facture inutilement. Ce n&rsquo;est jamais une mauvaise id\u00e9e de demander \u00e0 votre m\u00e9decin si quelque chose est n\u00e9cessaire, ou s&rsquo;il existe des alternatives moins ch\u00e8res qui m\u00e9ritent d&rsquo;\u00eatre explor\u00e9es. Et si un sp\u00e9cialiste appara\u00eet juste pour dire bonjour et demander comment vous allez, remettez en question la n\u00e9cessit\u00e9 de visites continues.<\/p>\n<h2 id=\"admission-vs-observation\">Entr\u00e9e vs observation <\/h2>\n<p>Vous pouvez supposer que si vous passez la nuit \u00e0 l&rsquo;h\u00f4pital, vous avez \u00e9t\u00e9 admis \u00e0 l&rsquo;h\u00f4pital. Mais \u00abl&rsquo;admission\u00bb est un sc\u00e9nario sp\u00e9cifique, ce qui signifie que vous \u00eates \u00e0 l&rsquo;h\u00f4pital sous la garde d&rsquo;un m\u00e9decin. Vous pourriez \u00eatre \u00e0 l&rsquo;h\u00f4pital sous \u00abl&rsquo;observation\u00bb, ce qui signifie que vous \u00eates consid\u00e9r\u00e9 comme un ambulatoire m\u00eame si vous \u00eates <em>dans<\/em> L&rsquo;h\u00f4pital. Le personnel de l&rsquo;h\u00f4pital peut ne pas sp\u00e9cifier votre statut et la diff\u00e9rence peut avoir un impact \u00e9norme sur votre couverture d&rsquo;assurance, il est donc essentiel que vous sachiez avec certitude.<\/p>\n<h2 id=\"medicines\">M\u00e9dicaments<\/h2>\n<p>Les h\u00f4pitaux font souvent des histoires sur les m\u00e9dicaments apport\u00e9s de la maison. Leur pr\u00e9occupation est l\u00e9gitime: ils ont besoin de conna\u00eetre tous les m\u00e9dicaments que vous prenez, m\u00eame des trucs soi-disant inoffensifs comme les analg\u00e9siques en vente libre, afin qu&rsquo;ils puissent \u00e9viter les interactions dangereuses et autres complications. Vous pouvez supposer que vous ne pouvez obtenir ces m\u00e9dicaments que de la pharmacie de l&rsquo;h\u00f4pital, g\u00e9n\u00e9ralement \u00e0 un \u00e9norme balisage &#8211; et quand nous disons \u00e9normes, nous voulons dire 500 $ pour un seul comprim\u00e9 de Tylenol &#8211; mais vous pourriez vous tromper \u00e0 ce sujet. Vous pouvez souvent apporter vos propres m\u00e9dicaments, mais vous devez consulter votre m\u00e9decin et les permettre, et la pharmacie de l&rsquo;h\u00f4pital peut demander d&rsquo;examiner votre r\u00e9serve pour vous assurer que tout est correct.<\/p>\n<h2 id=\"urgent-care-vs-hospital-outpatient-department\">Soins urgents vs d\u00e9partement de consultations externes \u00e0 l&rsquo;h\u00f4pital<\/h2>\n<p>L&rsquo;\u00e9mergence de centres de soins urgents offre une alternative aux h\u00f4pitaux et aux urgences. Les centres de soins urgents sont g\u00e9n\u00e9ralement moins chers et moins encombr\u00e9s, ils peuvent donc \u00eatre une alternative solide \u00e0 un h\u00f4pital si vous n&rsquo;\u00eates pas confront\u00e9 \u00e0 une situation d&rsquo;urgence ou \u00e0 un \u00e9tat grave et que vous cherchez \u00e0 \u00e9conomiser un peu de temps et d&rsquo;argent.<\/p>\n<p>\u00c0 moins, c&rsquo;est-\u00e0-dire que les soins urgents sont en fait un d\u00e9partement de consultations externes \u00e0 l&rsquo;h\u00f4pital (HOPD). Les HOPD ressemblent souvent aux centres de soins urgents, mais ils font techniquement partie de l&rsquo;h\u00f4pital qui les administre, et donc, ils factureront le tarif hospitalier pour tout. Il peut \u00eatre facile de se promener dans une vitrine en supposant que vous \u00eates en soins urgents pour r\u00e9aliser que vous avez \u00e9t\u00e9 factur\u00e9 des tarifs hospitaliers pour les services lorsque vous obtenez la facture.<\/p>\n<h2 id=\"price-lists\">Listes de prix<\/h2>\n<p>Les h\u00f4pitaux sont d\u00e9sormais tenus de publier des listes de prix claires pour les services et les proc\u00e9dures, mais ces listes sont souvent des fictions purs et simples. Les patients d\u00e9couvrent parfois que les prix de leur facture d&rsquo;h\u00f4pital ne correspondent pas au listation publi\u00e9, ou que de nombreuses accusations ne sont pas du tout incluses dans la liste publique. La r\u00e9vision de la liste des prix avant d&rsquo;aller \u00e0 l&rsquo;h\u00f4pital pour une proc\u00e9dure est une excellente id\u00e9e afin que vous puissiez estimer vos co\u00fbts. Mais vous devez \u00e0 nouveau revoir cette liste apr\u00e8s avoir obtenu la facture &#8211; ne supposez jamais qu&rsquo;elles ne correspondent pas.<\/p>\n","protected":false},"excerpt":{"rendered":"<p>Vous \u00eates arriv\u00e9 \u00e0 l&rsquo;h\u00f4pital pour vous am\u00e9liorer, \u00e0 ne pas faire des ravages sur vos finances. Personne ne veut aller \u00e0 l&rsquo;h\u00f4pital. Se retrouver<\/p>\n","protected":false},"author":1,"featured_media":9146,"comment_status":"","ping_status":"","sticky":false,"template":"","format":"standard","meta":{"footnotes":""},"categories":[41],"tags":[224,248,7994,3791,3068,5912,293,4543,33,8],"class_list":["post-9145","post","type-post","status-publish","format-standard","has-post-thumbnail","hentry","category-argent","tag-avoir","tag-ces","tag-dhopital","tag-facture","tag-impact","tag-malentendus","tag-peuvent","tag-serieusement","tag-sur","tag-votre","generate-columns","tablet-grid-50","mobile-grid-100","grid-parent","grid-33"],"yoast_head":"<!-- This site is optimized with the Yoast SEO plugin v24.0 - https:\/\/yoast.com\/wordpress\/plugins\/seo\/ -->\n<title>Ces six \u00abmalentendus\u00bb peuvent s\u00e9rieusement avoir un impact sur votre facture d&#039;h\u00f4pital | Vie Associative<\/title>\n<meta name=\"robots\" content=\"index, follow, max-snippet:-1, max-image-preview:large, max-video-preview:-1\" \/>\n<link rel=\"canonical\" href=\"https:\/\/vieassociative.be\/actualites\/ces-six-malentendus-peuvent-serieusement-avoir-un-impact-sur-votre-facture-dhopital\/\" \/>\n<meta property=\"og:locale\" content=\"fr_FR\" \/>\n<meta property=\"og:type\" content=\"article\" \/>\n<meta property=\"og:title\" content=\"Ces six \u00abmalentendus\u00bb peuvent s\u00e9rieusement avoir un impact sur votre facture d&#039;h\u00f4pital | Vie Associative\" \/>\n<meta property=\"og:description\" content=\"Vous \u00eates arriv\u00e9 \u00e0 l&rsquo;h\u00f4pital pour vous am\u00e9liorer, \u00e0 ne pas faire des ravages sur vos finances. Personne ne veut aller \u00e0 l&rsquo;h\u00f4pital. Se retrouver\" \/>\n<meta property=\"og:url\" content=\"https:\/\/vieassociative.be\/actualites\/ces-six-malentendus-peuvent-serieusement-avoir-un-impact-sur-votre-facture-dhopital\/\" \/>\n<meta property=\"og:site_name\" content=\"Vie Associative\" \/>\n<meta property=\"article:published_time\" content=\"2025-08-01T13:19:07+00:00\" \/>\n<meta property=\"og:image\" content=\"https:\/\/vieassociative.be\/actualites\/wp-content\/uploads\/2024\/09\/header_backgroundk-01-e1726694325946.png\" \/>\n\t<meta property=\"og:image:width\" content=\"279\" \/>\n\t<meta property=\"og:image:height\" content=\"92\" \/>\n\t<meta property=\"og:image:type\" content=\"image\/png\" \/>\n<meta name=\"author\" content=\"Julien\" \/>\n<meta name=\"twitter:card\" content=\"summary_large_image\" \/>\n<meta name=\"twitter:label1\" content=\"\u00c9crit par\" \/>\n\t<meta name=\"twitter:data1\" content=\"Julien\" \/>\n\t<meta name=\"twitter:label2\" content=\"Dur\u00e9e de lecture est.\" \/>\n\t<meta name=\"twitter:data2\" content=\"5 minutes\" \/>\n<script type=\"application\/ld+json\" class=\"yoast-schema-graph\">{\"@context\":\"https:\/\/schema.org\",\"@graph\":[{\"@type\":\"Article\",\"@id\":\"https:\/\/vieassociative.be\/actualites\/ces-six-malentendus-peuvent-serieusement-avoir-un-impact-sur-votre-facture-dhopital\/#article\",\"isPartOf\":{\"@id\":\"https:\/\/vieassociative.be\/actualites\/ces-six-malentendus-peuvent-serieusement-avoir-un-impact-sur-votre-facture-dhopital\/\"},\"author\":{\"name\":\"Julien\",\"@id\":\"https:\/\/vieassociative.be\/actualites\/#\/schema\/person\/b87ac4f82f9d4e7b7cec7395b679edc4\"},\"headline\":\"Ces six \u00abmalentendus\u00bb peuvent s\u00e9rieusement avoir un impact sur votre facture d&rsquo;h\u00f4pital\",\"datePublished\":\"2025-08-01T13:19:07+00:00\",\"dateModified\":\"2025-08-01T13:19:07+00:00\",\"mainEntityOfPage\":{\"@id\":\"https:\/\/vieassociative.be\/actualites\/ces-six-malentendus-peuvent-serieusement-avoir-un-impact-sur-votre-facture-dhopital\/\"},\"wordCount\":1159,\"publisher\":{\"@id\":\"https:\/\/vieassociative.be\/actualites\/#organization\"},\"image\":{\"@id\":\"https:\/\/vieassociative.be\/actualites\/ces-six-malentendus-peuvent-serieusement-avoir-un-impact-sur-votre-facture-dhopital\/#primaryimage\"},\"thumbnailUrl\":\"https:\/\/vieassociative.be\/actualites\/wp-content\/uploads\/2025\/08\/Ces-six-malentendus-peuvent-serieusement-avoir-un-impact-sur-votre.jpg\",\"keywords\":[\"avoir\",\"ces\",\"dh\u00f4pital\",\"facture\",\"impact\",\"malentendus\",\"peuvent\",\"S\u00e9rieusement\",\"sur\",\"votre\"],\"articleSection\":[\"Argent\"],\"inLanguage\":\"fr-BE\"},{\"@type\":\"WebPage\",\"@id\":\"https:\/\/vieassociative.be\/actualites\/ces-six-malentendus-peuvent-serieusement-avoir-un-impact-sur-votre-facture-dhopital\/\",\"url\":\"https:\/\/vieassociative.be\/actualites\/ces-six-malentendus-peuvent-serieusement-avoir-un-impact-sur-votre-facture-dhopital\/\",\"name\":\"Ces six \u00abmalentendus\u00bb peuvent s\u00e9rieusement avoir un impact sur votre facture d'h\u00f4pital | Vie Associative\",\"isPartOf\":{\"@id\":\"https:\/\/vieassociative.be\/actualites\/#website\"},\"primaryImageOfPage\":{\"@id\":\"https:\/\/vieassociative.be\/actualites\/ces-six-malentendus-peuvent-serieusement-avoir-un-impact-sur-votre-facture-dhopital\/#primaryimage\"},\"image\":{\"@id\":\"https:\/\/vieassociative.be\/actualites\/ces-six-malentendus-peuvent-serieusement-avoir-un-impact-sur-votre-facture-dhopital\/#primaryimage\"},\"thumbnailUrl\":\"https:\/\/vieassociative.be\/actualites\/wp-content\/uploads\/2025\/08\/Ces-six-malentendus-peuvent-serieusement-avoir-un-impact-sur-votre.jpg\",\"datePublished\":\"2025-08-01T13:19:07+00:00\",\"dateModified\":\"2025-08-01T13:19:07+00:00\",\"breadcrumb\":{\"@id\":\"https:\/\/vieassociative.be\/actualites\/ces-six-malentendus-peuvent-serieusement-avoir-un-impact-sur-votre-facture-dhopital\/#breadcrumb\"},\"inLanguage\":\"fr-BE\",\"potentialAction\":[{\"@type\":\"ReadAction\",\"target\":[\"https:\/\/vieassociative.be\/actualites\/ces-six-malentendus-peuvent-serieusement-avoir-un-impact-sur-votre-facture-dhopital\/\"]}]},{\"@type\":\"ImageObject\",\"inLanguage\":\"fr-BE\",\"@id\":\"https:\/\/vieassociative.be\/actualites\/ces-six-malentendus-peuvent-serieusement-avoir-un-impact-sur-votre-facture-dhopital\/#primaryimage\",\"url\":\"https:\/\/vieassociative.be\/actualites\/wp-content\/uploads\/2025\/08\/Ces-six-malentendus-peuvent-serieusement-avoir-un-impact-sur-votre.jpg\",\"contentUrl\":\"https:\/\/vieassociative.be\/actualites\/wp-content\/uploads\/2025\/08\/Ces-six-malentendus-peuvent-serieusement-avoir-un-impact-sur-votre.jpg\",\"width\":1200,\"height\":675,\"caption\":\"Ces six \u00abmalentendus\u00bb peuvent s\u00e9rieusement avoir un impact sur votre facture d'h\u00f4pital\"},{\"@type\":\"BreadcrumbList\",\"@id\":\"https:\/\/vieassociative.be\/actualites\/ces-six-malentendus-peuvent-serieusement-avoir-un-impact-sur-votre-facture-dhopital\/#breadcrumb\",\"itemListElement\":[{\"@type\":\"ListItem\",\"position\":1,\"name\":\"Accueil\",\"item\":\"https:\/\/vieassociative.be\/actualites\/\"},{\"@type\":\"ListItem\",\"position\":2,\"name\":\"Ces six \u00abmalentendus\u00bb peuvent s\u00e9rieusement avoir un impact sur votre facture d&rsquo;h\u00f4pital\"}]},{\"@type\":\"WebSite\",\"@id\":\"https:\/\/vieassociative.be\/actualites\/#website\",\"url\":\"https:\/\/vieassociative.be\/actualites\/\",\"name\":\"Vie Associative\",\"description\":\"\",\"publisher\":{\"@id\":\"https:\/\/vieassociative.be\/actualites\/#organization\"},\"potentialAction\":[{\"@type\":\"SearchAction\",\"target\":{\"@type\":\"EntryPoint\",\"urlTemplate\":\"https:\/\/vieassociative.be\/actualites\/?s={search_term_string}\"},\"query-input\":{\"@type\":\"PropertyValueSpecification\",\"valueRequired\":true,\"valueName\":\"search_term_string\"}}],\"inLanguage\":\"fr-BE\"},{\"@type\":\"Organization\",\"@id\":\"https:\/\/vieassociative.be\/actualites\/#organization\",\"name\":\"Vie Associative\",\"url\":\"https:\/\/vieassociative.be\/actualites\/\",\"logo\":{\"@type\":\"ImageObject\",\"inLanguage\":\"fr-BE\",\"@id\":\"https:\/\/vieassociative.be\/actualites\/#\/schema\/logo\/image\/\",\"url\":\"https:\/\/vieassociative.be\/actualites\/wp-content\/uploads\/2024\/09\/cropped-vieassociative_favicon.ico.png\",\"contentUrl\":\"https:\/\/vieassociative.be\/actualites\/wp-content\/uploads\/2024\/09\/cropped-vieassociative_favicon.ico.png\",\"width\":512,\"height\":512,\"caption\":\"Vie Associative\"},\"image\":{\"@id\":\"https:\/\/vieassociative.be\/actualites\/#\/schema\/logo\/image\/\"}},{\"@type\":\"Person\",\"@id\":\"https:\/\/vieassociative.be\/actualites\/#\/schema\/person\/b87ac4f82f9d4e7b7cec7395b679edc4\",\"name\":\"Julien\",\"image\":{\"@type\":\"ImageObject\",\"inLanguage\":\"fr-BE\",\"@id\":\"https:\/\/vieassociative.be\/actualites\/#\/schema\/person\/image\/\",\"url\":\"https:\/\/vieassociative.be\/actualites\/wp-content\/uploads\/2024\/09\/vie-associative-1-150x150.jpg\",\"contentUrl\":\"https:\/\/vieassociative.be\/actualites\/wp-content\/uploads\/2024\/09\/vie-associative-1-150x150.jpg\",\"caption\":\"Julien\"},\"description\":\"Je suis Julien, r\u00e9dacteur pour Vie Associative. Passionn\u00e9 par le monde associatif depuis plus de 10 ans, j'ai \u00e0 c\u0153ur de partager des histoires inspirantes et de mettre en lumi\u00e8re les initiatives locales. Mon objectif est de sensibiliser et d'encourager l'engagement communautaire \u00e0 travers mes articles.\",\"sameAs\":[\"https:\/\/vieassociative.be\/\"]}]}<\/script>\n<!-- \/ Yoast SEO plugin. -->","yoast_head_json":{"title":"Ces six \u00abmalentendus\u00bb peuvent s\u00e9rieusement avoir un impact sur votre facture d'h\u00f4pital | Vie Associative","robots":{"index":"index","follow":"follow","max-snippet":"max-snippet:-1","max-image-preview":"max-image-preview:large","max-video-preview":"max-video-preview:-1"},"canonical":"https:\/\/vieassociative.be\/actualites\/ces-six-malentendus-peuvent-serieusement-avoir-un-impact-sur-votre-facture-dhopital\/","og_locale":"fr_FR","og_type":"article","og_title":"Ces six \u00abmalentendus\u00bb peuvent s\u00e9rieusement avoir un impact sur votre facture d'h\u00f4pital | Vie Associative","og_description":"Vous \u00eates arriv\u00e9 \u00e0 l&rsquo;h\u00f4pital pour vous am\u00e9liorer, \u00e0 ne pas faire des ravages sur vos finances. Personne ne veut aller \u00e0 l&rsquo;h\u00f4pital. Se retrouver","og_url":"https:\/\/vieassociative.be\/actualites\/ces-six-malentendus-peuvent-serieusement-avoir-un-impact-sur-votre-facture-dhopital\/","og_site_name":"Vie Associative","article_published_time":"2025-08-01T13:19:07+00:00","og_image":[{"width":279,"height":92,"url":"https:\/\/vieassociative.be\/actualites\/wp-content\/uploads\/2024\/09\/header_backgroundk-01-e1726694325946.png","type":"image\/png"}],"author":"Julien","twitter_card":"summary_large_image","twitter_misc":{"\u00c9crit par":"Julien","Dur\u00e9e de lecture est.":"5 minutes"},"schema":{"@context":"https:\/\/schema.org","@graph":[{"@type":"Article","@id":"https:\/\/vieassociative.be\/actualites\/ces-six-malentendus-peuvent-serieusement-avoir-un-impact-sur-votre-facture-dhopital\/#article","isPartOf":{"@id":"https:\/\/vieassociative.be\/actualites\/ces-six-malentendus-peuvent-serieusement-avoir-un-impact-sur-votre-facture-dhopital\/"},"author":{"name":"Julien","@id":"https:\/\/vieassociative.be\/actualites\/#\/schema\/person\/b87ac4f82f9d4e7b7cec7395b679edc4"},"headline":"Ces six \u00abmalentendus\u00bb peuvent s\u00e9rieusement avoir un impact sur votre facture d&rsquo;h\u00f4pital","datePublished":"2025-08-01T13:19:07+00:00","dateModified":"2025-08-01T13:19:07+00:00","mainEntityOfPage":{"@id":"https:\/\/vieassociative.be\/actualites\/ces-six-malentendus-peuvent-serieusement-avoir-un-impact-sur-votre-facture-dhopital\/"},"wordCount":1159,"publisher":{"@id":"https:\/\/vieassociative.be\/actualites\/#organization"},"image":{"@id":"https:\/\/vieassociative.be\/actualites\/ces-six-malentendus-peuvent-serieusement-avoir-un-impact-sur-votre-facture-dhopital\/#primaryimage"},"thumbnailUrl":"https:\/\/vieassociative.be\/actualites\/wp-content\/uploads\/2025\/08\/Ces-six-malentendus-peuvent-serieusement-avoir-un-impact-sur-votre.jpg","keywords":["avoir","ces","dh\u00f4pital","facture","impact","malentendus","peuvent","S\u00e9rieusement","sur","votre"],"articleSection":["Argent"],"inLanguage":"fr-BE"},{"@type":"WebPage","@id":"https:\/\/vieassociative.be\/actualites\/ces-six-malentendus-peuvent-serieusement-avoir-un-impact-sur-votre-facture-dhopital\/","url":"https:\/\/vieassociative.be\/actualites\/ces-six-malentendus-peuvent-serieusement-avoir-un-impact-sur-votre-facture-dhopital\/","name":"Ces six \u00abmalentendus\u00bb peuvent s\u00e9rieusement avoir un impact sur votre facture d'h\u00f4pital | Vie Associative","isPartOf":{"@id":"https:\/\/vieassociative.be\/actualites\/#website"},"primaryImageOfPage":{"@id":"https:\/\/vieassociative.be\/actualites\/ces-six-malentendus-peuvent-serieusement-avoir-un-impact-sur-votre-facture-dhopital\/#primaryimage"},"image":{"@id":"https:\/\/vieassociative.be\/actualites\/ces-six-malentendus-peuvent-serieusement-avoir-un-impact-sur-votre-facture-dhopital\/#primaryimage"},"thumbnailUrl":"https:\/\/vieassociative.be\/actualites\/wp-content\/uploads\/2025\/08\/Ces-six-malentendus-peuvent-serieusement-avoir-un-impact-sur-votre.jpg","datePublished":"2025-08-01T13:19:07+00:00","dateModified":"2025-08-01T13:19:07+00:00","breadcrumb":{"@id":"https:\/\/vieassociative.be\/actualites\/ces-six-malentendus-peuvent-serieusement-avoir-un-impact-sur-votre-facture-dhopital\/#breadcrumb"},"inLanguage":"fr-BE","potentialAction":[{"@type":"ReadAction","target":["https:\/\/vieassociative.be\/actualites\/ces-six-malentendus-peuvent-serieusement-avoir-un-impact-sur-votre-facture-dhopital\/"]}]},{"@type":"ImageObject","inLanguage":"fr-BE","@id":"https:\/\/vieassociative.be\/actualites\/ces-six-malentendus-peuvent-serieusement-avoir-un-impact-sur-votre-facture-dhopital\/#primaryimage","url":"https:\/\/vieassociative.be\/actualites\/wp-content\/uploads\/2025\/08\/Ces-six-malentendus-peuvent-serieusement-avoir-un-impact-sur-votre.jpg","contentUrl":"https:\/\/vieassociative.be\/actualites\/wp-content\/uploads\/2025\/08\/Ces-six-malentendus-peuvent-serieusement-avoir-un-impact-sur-votre.jpg","width":1200,"height":675,"caption":"Ces six \u00abmalentendus\u00bb peuvent s\u00e9rieusement avoir un impact sur votre facture d'h\u00f4pital"},{"@type":"BreadcrumbList","@id":"https:\/\/vieassociative.be\/actualites\/ces-six-malentendus-peuvent-serieusement-avoir-un-impact-sur-votre-facture-dhopital\/#breadcrumb","itemListElement":[{"@type":"ListItem","position":1,"name":"Accueil","item":"https:\/\/vieassociative.be\/actualites\/"},{"@type":"ListItem","position":2,"name":"Ces six \u00abmalentendus\u00bb peuvent s\u00e9rieusement avoir un impact sur votre facture d&rsquo;h\u00f4pital"}]},{"@type":"WebSite","@id":"https:\/\/vieassociative.be\/actualites\/#website","url":"https:\/\/vieassociative.be\/actualites\/","name":"Vie Associative","description":"","publisher":{"@id":"https:\/\/vieassociative.be\/actualites\/#organization"},"potentialAction":[{"@type":"SearchAction","target":{"@type":"EntryPoint","urlTemplate":"https:\/\/vieassociative.be\/actualites\/?s={search_term_string}"},"query-input":{"@type":"PropertyValueSpecification","valueRequired":true,"valueName":"search_term_string"}}],"inLanguage":"fr-BE"},{"@type":"Organization","@id":"https:\/\/vieassociative.be\/actualites\/#organization","name":"Vie Associative","url":"https:\/\/vieassociative.be\/actualites\/","logo":{"@type":"ImageObject","inLanguage":"fr-BE","@id":"https:\/\/vieassociative.be\/actualites\/#\/schema\/logo\/image\/","url":"https:\/\/vieassociative.be\/actualites\/wp-content\/uploads\/2024\/09\/cropped-vieassociative_favicon.ico.png","contentUrl":"https:\/\/vieassociative.be\/actualites\/wp-content\/uploads\/2024\/09\/cropped-vieassociative_favicon.ico.png","width":512,"height":512,"caption":"Vie Associative"},"image":{"@id":"https:\/\/vieassociative.be\/actualites\/#\/schema\/logo\/image\/"}},{"@type":"Person","@id":"https:\/\/vieassociative.be\/actualites\/#\/schema\/person\/b87ac4f82f9d4e7b7cec7395b679edc4","name":"Julien","image":{"@type":"ImageObject","inLanguage":"fr-BE","@id":"https:\/\/vieassociative.be\/actualites\/#\/schema\/person\/image\/","url":"https:\/\/vieassociative.be\/actualites\/wp-content\/uploads\/2024\/09\/vie-associative-1-150x150.jpg","contentUrl":"https:\/\/vieassociative.be\/actualites\/wp-content\/uploads\/2024\/09\/vie-associative-1-150x150.jpg","caption":"Julien"},"description":"Je suis Julien, r\u00e9dacteur pour Vie Associative. Passionn\u00e9 par le monde associatif depuis plus de 10 ans, j'ai \u00e0 c\u0153ur de partager des histoires inspirantes et de mettre en lumi\u00e8re les initiatives locales. Mon objectif est de sensibiliser et d'encourager l'engagement communautaire \u00e0 travers mes articles.","sameAs":["https:\/\/vieassociative.be\/"]}]}},"_links":{"self":[{"href":"https:\/\/vieassociative.be\/actualites\/wp-json\/wp\/v2\/posts\/9145"}],"collection":[{"href":"https:\/\/vieassociative.be\/actualites\/wp-json\/wp\/v2\/posts"}],"about":[{"href":"https:\/\/vieassociative.be\/actualites\/wp-json\/wp\/v2\/types\/post"}],"author":[{"embeddable":true,"href":"https:\/\/vieassociative.be\/actualites\/wp-json\/wp\/v2\/users\/1"}],"replies":[{"embeddable":true,"href":"https:\/\/vieassociative.be\/actualites\/wp-json\/wp\/v2\/comments?post=9145"}],"version-history":[{"count":0,"href":"https:\/\/vieassociative.be\/actualites\/wp-json\/wp\/v2\/posts\/9145\/revisions"}],"wp:featuredmedia":[{"embeddable":true,"href":"https:\/\/vieassociative.be\/actualites\/wp-json\/wp\/v2\/media\/9146"}],"wp:attachment":[{"href":"https:\/\/vieassociative.be\/actualites\/wp-json\/wp\/v2\/media?parent=9145"}],"wp:term":[{"taxonomy":"category","embeddable":true,"href":"https:\/\/vieassociative.be\/actualites\/wp-json\/wp\/v2\/categories?post=9145"},{"taxonomy":"post_tag","embeddable":true,"href":"https:\/\/vieassociative.be\/actualites\/wp-json\/wp\/v2\/tags?post=9145"}],"curies":[{"name":"wp","href":"https:\/\/api.w.org\/{rel}","templated":true}]}}