{"id":9143,"date":"2025-08-01T14:17:28","date_gmt":"2025-08-01T12:17:28","guid":{"rendered":"https:\/\/vieassociative.be\/actualites\/il-y-a-deja-un-recours-collectif-contre-lapplication-virale-the\/"},"modified":"2025-08-01T14:17:28","modified_gmt":"2025-08-01T12:17:28","slug":"il-y-a-deja-un-recours-collectif-contre-lapplication-virale-the","status":"publish","type":"post","link":"https:\/\/vieassociative.be\/actualites\/il-y-a-deja-un-recours-collectif-contre-lapplication-virale-the\/","title":{"rendered":"Il y a d\u00e9j\u00e0 un recours collectif contre l&rsquo;application virale \u00abth\u00e9\u00bb"},"content":{"rendered":"<div class=\"mt-4 leading-6 md:mb-8\">Les femmes qui ont promis l&rsquo;anonymat lorsqu&rsquo;elles se sont inscrites ne sont pas heureuses.<\/div>\n<p><\/p>\n<p>La semaine derni\u00e8re, une s\u00e9quence d&rsquo;\u00e9v\u00e9nements s&rsquo;est produite assez rapidement: l&rsquo;application de th\u00e9 &#8211; comme Yelp, mais pour la notation et la r\u00e9vision des hommes sous le couvert de la promotion de la s\u00e9curit\u00e9 &#8211; a fait la queue au sommet de l&rsquo;App Store d&rsquo;Apple alors que les femmes cherchaient \u00e0 d\u00e9terminer, de mani\u00e8re anonyme, que les gars de leur vie soient des \u00abhommes du drapeau vert\u00bb ou des \u00abhommes du drapeau rouge\u00bb. Ensuite, il y a eu un contrecoup qui comprenait une violation de donn\u00e9es qui a r\u00e9v\u00e9l\u00e9 des milliers d&rsquo;images de v\u00e9rification des utilisateurs au public. Ensuite, il y avait un <em>deuxi\u00e8me<\/em> violation qui a compromis des millions de messages directs envoy\u00e9s et re\u00e7us sur l&rsquo;application. <\/p>\n<p>Cette semaine, un nouveau d\u00e9veloppement: certaines des femmes impliqu\u00e9es ont d\u00e9pos\u00e9 un recours collectif contre l&rsquo;application. (Les repr\u00e9sentants du th\u00e9 me disent qu&rsquo;ils n&rsquo;ont aucun commentaire \u00e0 ce moment-l\u00e0.)  <\/p>\n<h2 id=\"the-class-action-against-tea\">Le recours collectif contre le th\u00e9<\/h2>\n<p>Plus t\u00f4t cette semaine, un utilisateur d&rsquo;application de th\u00e9 nomm\u00e9 Griselda Reyes a poursuivi le th\u00e9 de datation de th\u00e9, Inc. pour n\u00e9gligence, violation d&rsquo;un contrat implicite, violation de l&rsquo;alliance implicite de bonne foi et de n\u00e9gociation \u00e9quitable, et une concurrence d\u00e9loyale dans une poursuite d\u00e9pos\u00e9e en Californie. Elle a poursuivi non seulement au nom d&rsquo;elle-m\u00eame, mais \u00ab\u00a0toutes les autres situ\u00e9es de mani\u00e8re similaire\u00a0\u00bb, accusant le th\u00e9 de \u00ab\u00a0ne pas s\u00e9curiser et sauvegarder correctement\u00a0\u00bb leurs informations personnellement identifiables. <\/p>\n<p>La plainte souligne que le th\u00e9 a assur\u00e9 aux utilisateurs que les images de v\u00e9rification qu&rsquo;ils ont soumises pour prouver qu&rsquo;elles \u00e9taient des femmes seraient supprim\u00e9es. De toute \u00e9vidence, puisque des milliers de ces images ont \u00e9t\u00e9 divulgu\u00e9es et que la soci\u00e9t\u00e9 a publi\u00e9 une d\u00e9claration disant que les images divulgu\u00e9es avaient deux ans, il y a une d\u00e9connexion entre l&rsquo;assurance de la suppression et la r\u00e9alit\u00e9 de ce qui s&rsquo;est pass\u00e9. <\/p>\n<p>Selon la plainte, Reyes a \u00ab\u00a0pass\u00e9 du temps \u00e0 g\u00e9rer les cons\u00e9quences\u00a0\u00bb de la violation de donn\u00e9es, en v\u00e9rifiant la l\u00e9gitimit\u00e9 et l&rsquo;impact de l&rsquo;informatique tout en examinant les options de surveillance du cr\u00e9dit et d&rsquo;assurance vol. Le temps perdu, la g\u00eane, les inconv\u00e9nients et l&rsquo;anxi\u00e9t\u00e9 font partie des choses que Reyes dit qu&rsquo;elle a subi, ainsi que \u00ab\u00a0des blessures imminentes et imminentes d\u00e9coulant du risque consid\u00e9rablement accru de fraude, d&rsquo;identification du vol et d&rsquo;une mauvaise utilisation\u00a0\u00bb qui d\u00e9coulent de ses informations personnelles \u00ab\u00a0plac\u00e9es entre les mains de tiers \/ criminels non autoris\u00e9s\u00a0\u00bb. <\/p>\n<p>Encore une fois, les repr\u00e9sentants du th\u00e9 m&rsquo;ont dit qu&rsquo;ils n&rsquo;avaient aucun commentaire pour le moment. Fait int\u00e9ressant, j&rsquo;ai d\u00e9j\u00e0 re\u00e7u une annonce cibl\u00e9e sur Instagram hier soir me demandant de m&rsquo;inscrire \u00e0 un recours collectif si j&rsquo;avais t\u00e9l\u00e9charg\u00e9 l&rsquo;application et que j&rsquo;ai \u00e9t\u00e9 touch\u00e9, donc le processus juridique \u00e9volue assez rapidement. <\/p>\n<h2 id=\"what-happened-with-tea\">Que s&rsquo;est-il pass\u00e9 avec le th\u00e9?<\/h2>\n<p>Le th\u00e9 est commercialis\u00e9 comme un outil de s\u00e9curit\u00e9 qui peut aider les femmes \u00e0 effectuer des v\u00e9rifications des ant\u00e9c\u00e9dents, \u00e0 identifier les pr\u00e9dateurs sexuels, \u00e0 d\u00e9tecter les tricheurs et \u00e0 se tenir \u00e0 l&rsquo;\u00e9cart des agresseurs &#8211; et dans une certaine mesure. Dans une mesure diff\u00e9rente, comme son nom l&rsquo;indique, c&rsquo;est une plate-forme pour bavarder sur des hommes sp\u00e9cifiques et r\u00e9els, dont aucun ne peut acc\u00e9der \u00e0 l&rsquo;application pour se d\u00e9fendre ou m\u00eame d\u00e9terminer si leur photo est l\u00e0-dessus. Il est possible d&rsquo;utiliser du th\u00e9 pour trouver des informations pertinentes pour la s\u00e9curit\u00e9 &#8211; mais il est \u00e9galement tout \u00e0 fait possible de l&rsquo;utiliser pour diffamer un homme dont le pire crime est la fant\u00f4me, la fuite ou non le message assez rapidement &#8211; ou pire, dont le crime n&rsquo;est rien du tout. <\/p>\n<p>Il pourrait \u00eatre compr\u00e9hensible pourquoi certaines personnes \u00e9taient folles de l&rsquo;essor de la popularit\u00e9 du th\u00e9 et m\u00eame de la raison pour laquelle certains justiciers virtuels voudraient divulguer des photos et des informations personnelles, ce que c&rsquo;est. Un homme violent ne veut pas que son Mo soit l\u00e0-bas et un homme innocent ne veut pas \u00eatre calomni\u00e9 sans proc\u00e9dure r\u00e9guli\u00e8re. Une femme curieuse ou prudente assur\u00e9e de l&rsquo;anonymat ne veut pas que sa photo de permis de conduire apparaisse dans un vidage de donn\u00e9es. Personne ne gagne vraiment, ici. <\/p>\n<p>La premi\u00e8re cycle des violations de donn\u00e9es a rendu public des milliers d&rsquo;images de v\u00e9rification qui comprenaient des cartes d&rsquo;identification et des photos du gouvernement, mais le th\u00e9 a rapidement dit qu&rsquo;ils avaient tous les deux ans, aucun compte r\u00e9cemment cr\u00e9\u00e9 n&rsquo;a \u00e9t\u00e9 touch\u00e9, et ils avaient enr\u00f4l\u00e9 des experts en cybers\u00e9curit\u00e9 et des forces de l&rsquo;ordre pour atteindre le fond de ce qui s&rsquo;est pass\u00e9. <\/p>\n<p>Le deuxi\u00e8me tour impliquait des Data beaucoup plus r\u00e9centes &#8211; et parfois sensibles -: des messages directs qui avaient \u00e9t\u00e9 envoy\u00e9s et re\u00e7us sur l&rsquo;application aussi r\u00e9cemment que la semaine derni\u00e8re. Celles-ci \u00e9taient techniquement anonymes, car ils ne sont pas li\u00e9s aux vrais noms des utilisateurs, mais certains incluent des d\u00e9tails suffisamment personnels pour rendre leurs auteurs identifiables. Le th\u00e9 a rapidement ferm\u00e9 la fonctionnalit\u00e9 DM vendredi dernier en r\u00e9ponse \u00e0 la violation et elle reste inop\u00e9rable aujourd&rsquo;hui, bien que le reste de l&rsquo;application soit toujours utilisable. <\/p>\n<p>Il n&rsquo;y a aucune preuve que ces messages aient \u00e9t\u00e9 diffus\u00e9s &#8211; plut\u00f4t que la violation a \u00e9t\u00e9 d\u00e9couverte par un enqu\u00eateur qui a apport\u00e9 les conclusions \u00e0 la presse. Les photos du permis de conduire de la premi\u00e8re violation sont une autre histoire &#8211; celles-ci ont \u00e9t\u00e9 r\u00e9parties sur les forums et les m\u00e9dias sociaux. <\/p>\n","protected":false},"excerpt":{"rendered":"<p>Les femmes qui ont promis l&rsquo;anonymat lorsqu&rsquo;elles se sont inscrites ne sont pas heureuses. La semaine derni\u00e8re, une s\u00e9quence d&rsquo;\u00e9v\u00e9nements s&rsquo;est produite assez rapidement: l&rsquo;application<\/p>\n","protected":false},"author":1,"featured_media":9144,"comment_status":"","ping_status":"","sticky":false,"template":"","format":"standard","meta":{"footnotes":""},"categories":[13],"tags":[7218,796,1936,282,7217,1284,5679],"class_list":["post-9143","post","type-post","status-publish","format-standard","has-post-thumbnail","hentry","category-technologie","tag-collectif","tag-contre","tag-deja","tag-lapplication","tag-recours","tag-the","tag-virale","generate-columns","tablet-grid-50","mobile-grid-100","grid-parent","grid-33"],"yoast_head":"<!-- This site is optimized with the Yoast SEO plugin v24.0 - https:\/\/yoast.com\/wordpress\/plugins\/seo\/ -->\n<title>Il y a d\u00e9j\u00e0 un recours collectif contre l&#039;application virale \u00abth\u00e9\u00bb | Vie Associative<\/title>\n<meta name=\"robots\" content=\"index, follow, max-snippet:-1, max-image-preview:large, max-video-preview:-1\" \/>\n<link rel=\"canonical\" href=\"https:\/\/vieassociative.be\/actualites\/il-y-a-deja-un-recours-collectif-contre-lapplication-virale-the\/\" \/>\n<meta property=\"og:locale\" content=\"fr_FR\" \/>\n<meta property=\"og:type\" content=\"article\" \/>\n<meta property=\"og:title\" content=\"Il y a d\u00e9j\u00e0 un recours collectif contre l&#039;application virale \u00abth\u00e9\u00bb | Vie Associative\" \/>\n<meta property=\"og:description\" content=\"Les femmes qui ont promis l&rsquo;anonymat lorsqu&rsquo;elles se sont inscrites ne sont pas heureuses. La semaine derni\u00e8re, une s\u00e9quence d&rsquo;\u00e9v\u00e9nements s&rsquo;est produite assez rapidement: l&rsquo;application\" \/>\n<meta property=\"og:url\" content=\"https:\/\/vieassociative.be\/actualites\/il-y-a-deja-un-recours-collectif-contre-lapplication-virale-the\/\" \/>\n<meta property=\"og:site_name\" content=\"Vie Associative\" \/>\n<meta property=\"article:published_time\" content=\"2025-08-01T12:17:28+00:00\" \/>\n<meta property=\"og:image\" content=\"https:\/\/vieassociative.be\/actualites\/wp-content\/uploads\/2024\/09\/header_backgroundk-01-e1726694325946.png\" \/>\n\t<meta property=\"og:image:width\" content=\"279\" \/>\n\t<meta property=\"og:image:height\" content=\"92\" \/>\n\t<meta property=\"og:image:type\" content=\"image\/png\" \/>\n<meta name=\"author\" content=\"Julien\" \/>\n<meta name=\"twitter:card\" content=\"summary_large_image\" \/>\n<meta name=\"twitter:label1\" content=\"\u00c9crit par\" \/>\n\t<meta name=\"twitter:data1\" content=\"Julien\" \/>\n\t<meta name=\"twitter:label2\" content=\"Dur\u00e9e de lecture est.\" \/>\n\t<meta name=\"twitter:data2\" content=\"5 minutes\" \/>\n<script type=\"application\/ld+json\" class=\"yoast-schema-graph\">{\"@context\":\"https:\/\/schema.org\",\"@graph\":[{\"@type\":\"Article\",\"@id\":\"https:\/\/vieassociative.be\/actualites\/il-y-a-deja-un-recours-collectif-contre-lapplication-virale-the\/#article\",\"isPartOf\":{\"@id\":\"https:\/\/vieassociative.be\/actualites\/il-y-a-deja-un-recours-collectif-contre-lapplication-virale-the\/\"},\"author\":{\"name\":\"Julien\",\"@id\":\"https:\/\/vieassociative.be\/actualites\/#\/schema\/person\/b87ac4f82f9d4e7b7cec7395b679edc4\"},\"headline\":\"Il y a d\u00e9j\u00e0 un recours collectif contre l&rsquo;application virale \u00abth\u00e9\u00bb\",\"datePublished\":\"2025-08-01T12:17:28+00:00\",\"dateModified\":\"2025-08-01T12:17:28+00:00\",\"mainEntityOfPage\":{\"@id\":\"https:\/\/vieassociative.be\/actualites\/il-y-a-deja-un-recours-collectif-contre-lapplication-virale-the\/\"},\"wordCount\":1059,\"publisher\":{\"@id\":\"https:\/\/vieassociative.be\/actualites\/#organization\"},\"image\":{\"@id\":\"https:\/\/vieassociative.be\/actualites\/il-y-a-deja-un-recours-collectif-contre-lapplication-virale-the\/#primaryimage\"},\"thumbnailUrl\":\"https:\/\/vieassociative.be\/actualites\/wp-content\/uploads\/2025\/08\/Il-y-a-deja-un-recours-collectif-contre-lapplication-virale.jpg\",\"keywords\":[\"collectif\",\"contre\",\"d\u00e9j\u00e0\",\"lapplication\",\"recours\",\"th\u00e9\",\"virale\"],\"articleSection\":[\"Technologie\"],\"inLanguage\":\"fr-BE\"},{\"@type\":\"WebPage\",\"@id\":\"https:\/\/vieassociative.be\/actualites\/il-y-a-deja-un-recours-collectif-contre-lapplication-virale-the\/\",\"url\":\"https:\/\/vieassociative.be\/actualites\/il-y-a-deja-un-recours-collectif-contre-lapplication-virale-the\/\",\"name\":\"Il y a d\u00e9j\u00e0 un recours collectif contre l'application virale \u00abth\u00e9\u00bb | Vie Associative\",\"isPartOf\":{\"@id\":\"https:\/\/vieassociative.be\/actualites\/#website\"},\"primaryImageOfPage\":{\"@id\":\"https:\/\/vieassociative.be\/actualites\/il-y-a-deja-un-recours-collectif-contre-lapplication-virale-the\/#primaryimage\"},\"image\":{\"@id\":\"https:\/\/vieassociative.be\/actualites\/il-y-a-deja-un-recours-collectif-contre-lapplication-virale-the\/#primaryimage\"},\"thumbnailUrl\":\"https:\/\/vieassociative.be\/actualites\/wp-content\/uploads\/2025\/08\/Il-y-a-deja-un-recours-collectif-contre-lapplication-virale.jpg\",\"datePublished\":\"2025-08-01T12:17:28+00:00\",\"dateModified\":\"2025-08-01T12:17:28+00:00\",\"breadcrumb\":{\"@id\":\"https:\/\/vieassociative.be\/actualites\/il-y-a-deja-un-recours-collectif-contre-lapplication-virale-the\/#breadcrumb\"},\"inLanguage\":\"fr-BE\",\"potentialAction\":[{\"@type\":\"ReadAction\",\"target\":[\"https:\/\/vieassociative.be\/actualites\/il-y-a-deja-un-recours-collectif-contre-lapplication-virale-the\/\"]}]},{\"@type\":\"ImageObject\",\"inLanguage\":\"fr-BE\",\"@id\":\"https:\/\/vieassociative.be\/actualites\/il-y-a-deja-un-recours-collectif-contre-lapplication-virale-the\/#primaryimage\",\"url\":\"https:\/\/vieassociative.be\/actualites\/wp-content\/uploads\/2025\/08\/Il-y-a-deja-un-recours-collectif-contre-lapplication-virale.jpg\",\"contentUrl\":\"https:\/\/vieassociative.be\/actualites\/wp-content\/uploads\/2025\/08\/Il-y-a-deja-un-recours-collectif-contre-lapplication-virale.jpg\",\"width\":1200,\"height\":675,\"caption\":\"Il y a d\u00e9j\u00e0 un recours collectif contre l'application virale \u00abth\u00e9\u00bb\"},{\"@type\":\"BreadcrumbList\",\"@id\":\"https:\/\/vieassociative.be\/actualites\/il-y-a-deja-un-recours-collectif-contre-lapplication-virale-the\/#breadcrumb\",\"itemListElement\":[{\"@type\":\"ListItem\",\"position\":1,\"name\":\"Accueil\",\"item\":\"https:\/\/vieassociative.be\/actualites\/\"},{\"@type\":\"ListItem\",\"position\":2,\"name\":\"Il y a d\u00e9j\u00e0 un recours collectif contre l&rsquo;application virale \u00abth\u00e9\u00bb\"}]},{\"@type\":\"WebSite\",\"@id\":\"https:\/\/vieassociative.be\/actualites\/#website\",\"url\":\"https:\/\/vieassociative.be\/actualites\/\",\"name\":\"Vie Associative\",\"description\":\"\",\"publisher\":{\"@id\":\"https:\/\/vieassociative.be\/actualites\/#organization\"},\"potentialAction\":[{\"@type\":\"SearchAction\",\"target\":{\"@type\":\"EntryPoint\",\"urlTemplate\":\"https:\/\/vieassociative.be\/actualites\/?s={search_term_string}\"},\"query-input\":{\"@type\":\"PropertyValueSpecification\",\"valueRequired\":true,\"valueName\":\"search_term_string\"}}],\"inLanguage\":\"fr-BE\"},{\"@type\":\"Organization\",\"@id\":\"https:\/\/vieassociative.be\/actualites\/#organization\",\"name\":\"Vie Associative\",\"url\":\"https:\/\/vieassociative.be\/actualites\/\",\"logo\":{\"@type\":\"ImageObject\",\"inLanguage\":\"fr-BE\",\"@id\":\"https:\/\/vieassociative.be\/actualites\/#\/schema\/logo\/image\/\",\"url\":\"https:\/\/vieassociative.be\/actualites\/wp-content\/uploads\/2024\/09\/cropped-vieassociative_favicon.ico.png\",\"contentUrl\":\"https:\/\/vieassociative.be\/actualites\/wp-content\/uploads\/2024\/09\/cropped-vieassociative_favicon.ico.png\",\"width\":512,\"height\":512,\"caption\":\"Vie Associative\"},\"image\":{\"@id\":\"https:\/\/vieassociative.be\/actualites\/#\/schema\/logo\/image\/\"}},{\"@type\":\"Person\",\"@id\":\"https:\/\/vieassociative.be\/actualites\/#\/schema\/person\/b87ac4f82f9d4e7b7cec7395b679edc4\",\"name\":\"Julien\",\"image\":{\"@type\":\"ImageObject\",\"inLanguage\":\"fr-BE\",\"@id\":\"https:\/\/vieassociative.be\/actualites\/#\/schema\/person\/image\/\",\"url\":\"https:\/\/vieassociative.be\/actualites\/wp-content\/uploads\/2024\/09\/vie-associative-1-150x150.jpg\",\"contentUrl\":\"https:\/\/vieassociative.be\/actualites\/wp-content\/uploads\/2024\/09\/vie-associative-1-150x150.jpg\",\"caption\":\"Julien\"},\"description\":\"Je suis Julien, r\u00e9dacteur pour Vie Associative. Passionn\u00e9 par le monde associatif depuis plus de 10 ans, j'ai \u00e0 c\u0153ur de partager des histoires inspirantes et de mettre en lumi\u00e8re les initiatives locales. Mon objectif est de sensibiliser et d'encourager l'engagement communautaire \u00e0 travers mes articles.\",\"sameAs\":[\"https:\/\/vieassociative.be\/\"]}]}<\/script>\n<!-- \/ Yoast SEO plugin. -->","yoast_head_json":{"title":"Il y a d\u00e9j\u00e0 un recours collectif contre l'application virale \u00abth\u00e9\u00bb | Vie Associative","robots":{"index":"index","follow":"follow","max-snippet":"max-snippet:-1","max-image-preview":"max-image-preview:large","max-video-preview":"max-video-preview:-1"},"canonical":"https:\/\/vieassociative.be\/actualites\/il-y-a-deja-un-recours-collectif-contre-lapplication-virale-the\/","og_locale":"fr_FR","og_type":"article","og_title":"Il y a d\u00e9j\u00e0 un recours collectif contre l'application virale \u00abth\u00e9\u00bb | Vie Associative","og_description":"Les femmes qui ont promis l&rsquo;anonymat lorsqu&rsquo;elles se sont inscrites ne sont pas heureuses. La semaine derni\u00e8re, une s\u00e9quence d&rsquo;\u00e9v\u00e9nements s&rsquo;est produite assez rapidement: l&rsquo;application","og_url":"https:\/\/vieassociative.be\/actualites\/il-y-a-deja-un-recours-collectif-contre-lapplication-virale-the\/","og_site_name":"Vie Associative","article_published_time":"2025-08-01T12:17:28+00:00","og_image":[{"width":279,"height":92,"url":"https:\/\/vieassociative.be\/actualites\/wp-content\/uploads\/2024\/09\/header_backgroundk-01-e1726694325946.png","type":"image\/png"}],"author":"Julien","twitter_card":"summary_large_image","twitter_misc":{"\u00c9crit par":"Julien","Dur\u00e9e de lecture est.":"5 minutes"},"schema":{"@context":"https:\/\/schema.org","@graph":[{"@type":"Article","@id":"https:\/\/vieassociative.be\/actualites\/il-y-a-deja-un-recours-collectif-contre-lapplication-virale-the\/#article","isPartOf":{"@id":"https:\/\/vieassociative.be\/actualites\/il-y-a-deja-un-recours-collectif-contre-lapplication-virale-the\/"},"author":{"name":"Julien","@id":"https:\/\/vieassociative.be\/actualites\/#\/schema\/person\/b87ac4f82f9d4e7b7cec7395b679edc4"},"headline":"Il y a d\u00e9j\u00e0 un recours collectif contre l&rsquo;application virale \u00abth\u00e9\u00bb","datePublished":"2025-08-01T12:17:28+00:00","dateModified":"2025-08-01T12:17:28+00:00","mainEntityOfPage":{"@id":"https:\/\/vieassociative.be\/actualites\/il-y-a-deja-un-recours-collectif-contre-lapplication-virale-the\/"},"wordCount":1059,"publisher":{"@id":"https:\/\/vieassociative.be\/actualites\/#organization"},"image":{"@id":"https:\/\/vieassociative.be\/actualites\/il-y-a-deja-un-recours-collectif-contre-lapplication-virale-the\/#primaryimage"},"thumbnailUrl":"https:\/\/vieassociative.be\/actualites\/wp-content\/uploads\/2025\/08\/Il-y-a-deja-un-recours-collectif-contre-lapplication-virale.jpg","keywords":["collectif","contre","d\u00e9j\u00e0","lapplication","recours","th\u00e9","virale"],"articleSection":["Technologie"],"inLanguage":"fr-BE"},{"@type":"WebPage","@id":"https:\/\/vieassociative.be\/actualites\/il-y-a-deja-un-recours-collectif-contre-lapplication-virale-the\/","url":"https:\/\/vieassociative.be\/actualites\/il-y-a-deja-un-recours-collectif-contre-lapplication-virale-the\/","name":"Il y a d\u00e9j\u00e0 un recours collectif contre l'application virale \u00abth\u00e9\u00bb | Vie Associative","isPartOf":{"@id":"https:\/\/vieassociative.be\/actualites\/#website"},"primaryImageOfPage":{"@id":"https:\/\/vieassociative.be\/actualites\/il-y-a-deja-un-recours-collectif-contre-lapplication-virale-the\/#primaryimage"},"image":{"@id":"https:\/\/vieassociative.be\/actualites\/il-y-a-deja-un-recours-collectif-contre-lapplication-virale-the\/#primaryimage"},"thumbnailUrl":"https:\/\/vieassociative.be\/actualites\/wp-content\/uploads\/2025\/08\/Il-y-a-deja-un-recours-collectif-contre-lapplication-virale.jpg","datePublished":"2025-08-01T12:17:28+00:00","dateModified":"2025-08-01T12:17:28+00:00","breadcrumb":{"@id":"https:\/\/vieassociative.be\/actualites\/il-y-a-deja-un-recours-collectif-contre-lapplication-virale-the\/#breadcrumb"},"inLanguage":"fr-BE","potentialAction":[{"@type":"ReadAction","target":["https:\/\/vieassociative.be\/actualites\/il-y-a-deja-un-recours-collectif-contre-lapplication-virale-the\/"]}]},{"@type":"ImageObject","inLanguage":"fr-BE","@id":"https:\/\/vieassociative.be\/actualites\/il-y-a-deja-un-recours-collectif-contre-lapplication-virale-the\/#primaryimage","url":"https:\/\/vieassociative.be\/actualites\/wp-content\/uploads\/2025\/08\/Il-y-a-deja-un-recours-collectif-contre-lapplication-virale.jpg","contentUrl":"https:\/\/vieassociative.be\/actualites\/wp-content\/uploads\/2025\/08\/Il-y-a-deja-un-recours-collectif-contre-lapplication-virale.jpg","width":1200,"height":675,"caption":"Il y a d\u00e9j\u00e0 un recours collectif contre l'application virale \u00abth\u00e9\u00bb"},{"@type":"BreadcrumbList","@id":"https:\/\/vieassociative.be\/actualites\/il-y-a-deja-un-recours-collectif-contre-lapplication-virale-the\/#breadcrumb","itemListElement":[{"@type":"ListItem","position":1,"name":"Accueil","item":"https:\/\/vieassociative.be\/actualites\/"},{"@type":"ListItem","position":2,"name":"Il y a d\u00e9j\u00e0 un recours collectif contre l&rsquo;application virale \u00abth\u00e9\u00bb"}]},{"@type":"WebSite","@id":"https:\/\/vieassociative.be\/actualites\/#website","url":"https:\/\/vieassociative.be\/actualites\/","name":"Vie Associative","description":"","publisher":{"@id":"https:\/\/vieassociative.be\/actualites\/#organization"},"potentialAction":[{"@type":"SearchAction","target":{"@type":"EntryPoint","urlTemplate":"https:\/\/vieassociative.be\/actualites\/?s={search_term_string}"},"query-input":{"@type":"PropertyValueSpecification","valueRequired":true,"valueName":"search_term_string"}}],"inLanguage":"fr-BE"},{"@type":"Organization","@id":"https:\/\/vieassociative.be\/actualites\/#organization","name":"Vie Associative","url":"https:\/\/vieassociative.be\/actualites\/","logo":{"@type":"ImageObject","inLanguage":"fr-BE","@id":"https:\/\/vieassociative.be\/actualites\/#\/schema\/logo\/image\/","url":"https:\/\/vieassociative.be\/actualites\/wp-content\/uploads\/2024\/09\/cropped-vieassociative_favicon.ico.png","contentUrl":"https:\/\/vieassociative.be\/actualites\/wp-content\/uploads\/2024\/09\/cropped-vieassociative_favicon.ico.png","width":512,"height":512,"caption":"Vie Associative"},"image":{"@id":"https:\/\/vieassociative.be\/actualites\/#\/schema\/logo\/image\/"}},{"@type":"Person","@id":"https:\/\/vieassociative.be\/actualites\/#\/schema\/person\/b87ac4f82f9d4e7b7cec7395b679edc4","name":"Julien","image":{"@type":"ImageObject","inLanguage":"fr-BE","@id":"https:\/\/vieassociative.be\/actualites\/#\/schema\/person\/image\/","url":"https:\/\/vieassociative.be\/actualites\/wp-content\/uploads\/2024\/09\/vie-associative-1-150x150.jpg","contentUrl":"https:\/\/vieassociative.be\/actualites\/wp-content\/uploads\/2024\/09\/vie-associative-1-150x150.jpg","caption":"Julien"},"description":"Je suis Julien, r\u00e9dacteur pour Vie Associative. Passionn\u00e9 par le monde associatif depuis plus de 10 ans, j'ai \u00e0 c\u0153ur de partager des histoires inspirantes et de mettre en lumi\u00e8re les initiatives locales. Mon objectif est de sensibiliser et d'encourager l'engagement communautaire \u00e0 travers mes articles.","sameAs":["https:\/\/vieassociative.be\/"]}]}},"_links":{"self":[{"href":"https:\/\/vieassociative.be\/actualites\/wp-json\/wp\/v2\/posts\/9143"}],"collection":[{"href":"https:\/\/vieassociative.be\/actualites\/wp-json\/wp\/v2\/posts"}],"about":[{"href":"https:\/\/vieassociative.be\/actualites\/wp-json\/wp\/v2\/types\/post"}],"author":[{"embeddable":true,"href":"https:\/\/vieassociative.be\/actualites\/wp-json\/wp\/v2\/users\/1"}],"replies":[{"embeddable":true,"href":"https:\/\/vieassociative.be\/actualites\/wp-json\/wp\/v2\/comments?post=9143"}],"version-history":[{"count":0,"href":"https:\/\/vieassociative.be\/actualites\/wp-json\/wp\/v2\/posts\/9143\/revisions"}],"wp:featuredmedia":[{"embeddable":true,"href":"https:\/\/vieassociative.be\/actualites\/wp-json\/wp\/v2\/media\/9144"}],"wp:attachment":[{"href":"https:\/\/vieassociative.be\/actualites\/wp-json\/wp\/v2\/media?parent=9143"}],"wp:term":[{"taxonomy":"category","embeddable":true,"href":"https:\/\/vieassociative.be\/actualites\/wp-json\/wp\/v2\/categories?post=9143"},{"taxonomy":"post_tag","embeddable":true,"href":"https:\/\/vieassociative.be\/actualites\/wp-json\/wp\/v2\/tags?post=9143"}],"curies":[{"name":"wp","href":"https:\/\/api.w.org\/{rel}","templated":true}]}}