{"id":9141,"date":"2025-08-01T10:19:39","date_gmt":"2025-08-01T08:19:39","guid":{"rendered":"https:\/\/vieassociative.be\/actualites\/la-ville-deupen-donne-un-apercu-de-toute-une-serie-de-travaux-dinfrastructure-under-passe-a-la-gare\/"},"modified":"2025-08-01T10:19:39","modified_gmt":"2025-08-01T08:19:39","slug":"la-ville-deupen-donne-un-apercu-de-toute-une-serie-de-travaux-dinfrastructure-under-passe-a-la-gare","status":"publish","type":"post","link":"https:\/\/vieassociative.be\/actualites\/la-ville-deupen-donne-un-apercu-de-toute-une-serie-de-travaux-dinfrastructure-under-passe-a-la-gare\/","title":{"rendered":"La ville d&rsquo;Eupen donne un aper\u00e7u de toute une s\u00e9rie de travaux d&rsquo;infrastructure &#8211; Under passe \u00e0 la gare"},"content":{"rendered":"<p><strong>Comme le rapporte la ville d&rsquo;Eupen, il y aura toute une s\u00e9rie de travaux d&rsquo;infrastructure au cours des prochaines semaines.<\/strong><\/p>\n<p><span id=\"more-421451\"><\/span><strong>&#8211; Hufengasse en cabine le 4 ao\u00fbt (une journ\u00e9e en raison du travail sur les monast\u00e8res).<\/strong><\/p>\n<p>Le lundi 4 ao\u00fbt 2025, Hufengasse sera ferm\u00e9 \u00e0 la dur\u00e9e pr\u00e9vue d&rsquo;une journ\u00e9e en raison de travaux sur les monast\u00e8res dans la zone entre l&rsquo;entr\u00e9e du parking de Bergstrasse et la place du march\u00e9.<\/p>\n<p><strong>-Working the Train Bridge entre Heidgasse et le Supreme Heath 4.-8. Ao\u00fbt<\/strong><\/p>\n<p>Cl\u00f4ture compl\u00e8te du pont ferroviaire entre Heidgasse et le Supreme Heide.<\/p>\n<p><strong>-STREET LETRAINE Fonctionnement dans le Holftert de 5 \u00e0 29 ans. Ao\u00fbt<\/strong><\/p>\n<div id=\"attachment_415650\" class=\"wp-caption alignleft\" style=\"max-width: 300px\"><img fetchpriority=\"high\" decoding=\"async\" class=\"wp-image-415650 size-medium\" src=\"https:\/\/vieassociative.be\/actualites\/wp-content\/uploads\/2025\/08\/La-ville-dEupen-donne-un-apercu-de-toute-une-serie.jpg\" alt=\"\" width=\"300\" height=\"200\"  ><\/div>\n<p><strong>5e-8. Ao\u00fbt:<\/strong> Cl\u00f4ture compl\u00e8te de l&rsquo;intersection de Nispert \u00e0 l&rsquo;entr\u00e9e Eupen Plaza. Lift de la rue One-Way entre Bahnhofsgasse et Eupen Plaza Eupen pour la circulation locale.<\/p>\n<p><strong>11.-22. Ao\u00fbt:<\/strong> Cl\u00f4ture compl\u00e8te de l&rsquo;intersection Nispert \u00e0 Bahnhofsgasse.<\/p>\n<p><strong>25.-29. Ao\u00fbt:<\/strong> Cl\u00f4ture compl\u00e8te de l&rsquo;intersection de Nispert \u00e0 Bahnhofsgasse en raison de travaux de marquage par la cour de construction de la ville d&rsquo;Eupen.<\/p>\n<p><strong>-Le travail de l&rsquo;infrastructure G\u00fclcherstra\u00dfe de 5-22. Ao\u00fbt<\/strong><\/p>\n<p>Blocage complet entre l&rsquo;intersection avec le Schilsweg et la maison n \u00b0 4.<\/p>\n<p>Le r\u00e8glement \u00e0 une voie dans la partie inf\u00e9rieure est annul\u00e9, de sorte que G\u00fclcherstra\u00dfe de l&rsquo;intersection avec la cabane de rue \u00e0 Haus H\u00fctte n \u00b0 45 sera accessible.<\/p>\n<p><strong>-Les travaux d&rsquo;entretien de la route sur Vervierser Stra\u00dfe du 5 au 8 ao\u00fbt<\/strong><\/p>\n<p>Fermeture de la route \u00e0 moiti\u00e9 acc\u00e9l\u00e9r\u00e9e avec le syst\u00e8me de feux de circulation entre la fronti\u00e8re municipale vers Baelen et l&rsquo;intersection avec le chemin du culteur.<\/p>\n<p><strong>&#8211; Infrastructure modernisation Bahnhof \u00e0 partir du 7 ao\u00fbt 2026.<\/strong><\/p>\n<div id=\"attachment_392996\" class=\"wp-caption alignleft\" style=\"max-width: 300px\"><img decoding=\"async\" class=\"wp-image-392996 size-medium\" src=\"https:\/\/vieassociative.be\/actualites\/wp-content\/uploads\/2025\/08\/1754036379_707_La-ville-dEupen-donne-un-apercu-de-toute-une-serie.jpg\" alt=\"\" width=\"300\" height=\"200\"><\/div>\n<p>Un passage souterrain ainsi qu&rsquo;un escalier et un ascenseur sur les pistes sont pr\u00e9vus. Il y a un an, le ministre du tourisme de la DG, Gregor, avait salu\u00e9 ce projet de construction dans les tons les plus \u00e9lev\u00e9s. \u00ab\u00a0Cette \u00e9tape repr\u00e9sente des progr\u00e8s significatifs dans l&rsquo;am\u00e9lioration de l&rsquo;infrastructure dans la r\u00e9gion, ce qui renforce l&rsquo;attractivit\u00e9 et la fonctionnalit\u00e9 de la plus grande station de la communaut\u00e9 allemande. Cela permet de contourner l&rsquo;intersection surpeupl\u00e9e d&rsquo;Aachener Stra\u00dfe et Hookstrasse et la nouvelle installation contribuera \u00e9galement \u00e0 un meilleur flux de trafic.<\/p>\n<p><strong>Heures de travail r\u00e9guli\u00e8res:<\/strong> Du lundi au vendredi de 7h00 \u00e0 17h00 d&rsquo;ao\u00fbt 2025 \u00e0 l&rsquo;\u00e9t\u00e9 2026.<\/p>\n<p><strong>-WerthPlatz Cl\u00f4ture du parking au-dessus du monument du 8 au 12 ao\u00fbt. Septembre<\/strong><\/p>\n<p>Remplances de parking de travail au-dessus du monument &#8211; blocage du parking. Le nombre existant de places de stationnement demeure apr\u00e8s avoir termin\u00e9 les travaux.<\/p>\n<p><strong>-Baum Mesures de maintenance dans Hochstra\u00dfe 4-8. Ao\u00fbt<\/strong><\/p>\n<p>Des mesures de soins aux arbres sur la haute route entre le Nohn et Weimser Stra\u00dfe sont n\u00e9cessaires. Dans le m\u00eame temps, l&rsquo;entretien des banquets, afin que l&rsquo;eau puisse mieux s&rsquo;\u00e9couler dans le foss\u00e9 (une mesure dans le cadre de l&rsquo;entretien r\u00e9gulier de la rue).<\/p>\n<\/p>\n<div id=\"attachment_169912\" class=\"wp-caption alignleft\" style=\"max-width: 300px\"><img decoding=\"async\" class=\"wp-image-169912 size-medium\" src=\"https:\/\/vieassociative.be\/actualites\/wp-content\/uploads\/2025\/08\/La-ville-dEupen-donne-un-apercu-de-toute-une-serie.jpeg\" alt=\"\" width=\"300\" height=\"225\"  ><\/div>\n<p><em>En outre, la ville d&rsquo;Eupen fournit des informations sur l&rsquo;\u00e9tat de choses dans certains projets de construction:<\/em><\/p>\n<p><strong>&#8211; R\u00e9paration des travaux de pavage de pierre naturelle Gospert.<\/strong><\/p>\n<p>Les restrictions commenceront dans la zone de l&rsquo;Ag P\u00f6mpke en direction de Werthplatz. Ceci est suivi d&rsquo;une phase de durcissement.<\/p>\n<p><strong>&#8211; refonte de Aachener Strasse entre Eupen et Kettenis<\/strong><\/p>\n<p>Le projet est pr\u00e9vu pour l&rsquo;automne 2025. La construction pourrait \u00eatre concevable en 2026.<\/p>\n<p><strong>&#8211; Schilsweg<\/strong><\/p>\n<p>Suite des travaux suppl\u00e9mentaires (phase de construction 3: Schilsweg 37 \u00e0 H\u00fctte 1) et les travaux de construction de la route (phase de construction 2B: Schilsweg 26a \u00e0 Schilsweg 48) apr\u00e8s la fin de la s\u00e9rie de construction \u00e0 partir du 5 ao\u00fbt. (CRE)<\/p>\n","protected":false},"excerpt":{"rendered":"<p>Comme le rapporte la ville d&rsquo;Eupen, il y aura toute une s\u00e9rie de travaux d&rsquo;infrastructure au cours des prochaines semaines. &#8211; Hufengasse en cabine le<\/p>\n","protected":false},"author":1,"featured_media":9142,"comment_status":"","ping_status":"","sticky":false,"template":"","format":"standard","meta":{"footnotes":""},"categories":[298],"tags":[4895,2403,7993,728,3353,1073,606,150,5286,110,684],"class_list":["post-9141","post","type-post","status-publish","format-standard","has-post-thumbnail","hentry","category-belgique","tag-apercu","tag-deupen","tag-dinfrastructure","tag-donne","tag-gare","tag-passe","tag-serie","tag-toute","tag-travaux","tag-une","tag-ville","generate-columns","tablet-grid-50","mobile-grid-100","grid-parent","grid-33"],"yoast_head":"<!-- This site is optimized with the Yoast SEO plugin v24.0 - https:\/\/yoast.com\/wordpress\/plugins\/seo\/ -->\n<title>La ville d&#039;Eupen donne un aper\u00e7u de toute une s\u00e9rie de travaux d&#039;infrastructure - Under passe \u00e0 la gare | Vie Associative<\/title>\n<meta name=\"robots\" content=\"index, follow, max-snippet:-1, max-image-preview:large, max-video-preview:-1\" \/>\n<link rel=\"canonical\" href=\"https:\/\/vieassociative.be\/actualites\/la-ville-deupen-donne-un-apercu-de-toute-une-serie-de-travaux-dinfrastructure-under-passe-a-la-gare\/\" \/>\n<meta property=\"og:locale\" content=\"fr_FR\" \/>\n<meta property=\"og:type\" content=\"article\" \/>\n<meta property=\"og:title\" content=\"La ville d&#039;Eupen donne un aper\u00e7u de toute une s\u00e9rie de travaux d&#039;infrastructure - Under passe \u00e0 la gare | Vie Associative\" \/>\n<meta property=\"og:description\" content=\"Comme le rapporte la ville d&rsquo;Eupen, il y aura toute une s\u00e9rie de travaux d&rsquo;infrastructure au cours des prochaines semaines. &#8211; Hufengasse en cabine le\" \/>\n<meta property=\"og:url\" content=\"https:\/\/vieassociative.be\/actualites\/la-ville-deupen-donne-un-apercu-de-toute-une-serie-de-travaux-dinfrastructure-under-passe-a-la-gare\/\" \/>\n<meta property=\"og:site_name\" content=\"Vie Associative\" \/>\n<meta property=\"article:published_time\" content=\"2025-08-01T08:19:39+00:00\" \/>\n<meta property=\"og:image\" content=\"https:\/\/vieassociative.be\/actualites\/wp-content\/uploads\/2024\/09\/header_backgroundk-01-e1726694325946.png\" \/>\n\t<meta property=\"og:image:width\" content=\"279\" \/>\n\t<meta property=\"og:image:height\" content=\"92\" \/>\n\t<meta property=\"og:image:type\" content=\"image\/png\" \/>\n<meta name=\"author\" content=\"Julien\" \/>\n<meta name=\"twitter:card\" content=\"summary_large_image\" \/>\n<meta name=\"twitter:label1\" content=\"\u00c9crit par\" \/>\n\t<meta name=\"twitter:data1\" content=\"Julien\" \/>\n\t<meta name=\"twitter:label2\" content=\"Dur\u00e9e de lecture est.\" \/>\n\t<meta name=\"twitter:data2\" content=\"3 minutes\" \/>\n<script type=\"application\/ld+json\" class=\"yoast-schema-graph\">{\"@context\":\"https:\/\/schema.org\",\"@graph\":[{\"@type\":\"Article\",\"@id\":\"https:\/\/vieassociative.be\/actualites\/la-ville-deupen-donne-un-apercu-de-toute-une-serie-de-travaux-dinfrastructure-under-passe-a-la-gare\/#article\",\"isPartOf\":{\"@id\":\"https:\/\/vieassociative.be\/actualites\/la-ville-deupen-donne-un-apercu-de-toute-une-serie-de-travaux-dinfrastructure-under-passe-a-la-gare\/\"},\"author\":{\"name\":\"Julien\",\"@id\":\"https:\/\/vieassociative.be\/actualites\/#\/schema\/person\/b87ac4f82f9d4e7b7cec7395b679edc4\"},\"headline\":\"La ville d&rsquo;Eupen donne un aper\u00e7u de toute une s\u00e9rie de travaux d&rsquo;infrastructure &#8211; Under passe \u00e0 la gare\",\"datePublished\":\"2025-08-01T08:19:39+00:00\",\"dateModified\":\"2025-08-01T08:19:39+00:00\",\"mainEntityOfPage\":{\"@id\":\"https:\/\/vieassociative.be\/actualites\/la-ville-deupen-donne-un-apercu-de-toute-une-serie-de-travaux-dinfrastructure-under-passe-a-la-gare\/\"},\"wordCount\":665,\"publisher\":{\"@id\":\"https:\/\/vieassociative.be\/actualites\/#organization\"},\"image\":{\"@id\":\"https:\/\/vieassociative.be\/actualites\/la-ville-deupen-donne-un-apercu-de-toute-une-serie-de-travaux-dinfrastructure-under-passe-a-la-gare\/#primaryimage\"},\"thumbnailUrl\":\"https:\/\/vieassociative.be\/actualites\/wp-content\/uploads\/2025\/08\/1754036379_La-ville-dEupen-donne-un-apercu-de-toute-une-serie.jpeg\",\"keywords\":[\"aper\u00e7u\",\"dEupen\",\"dinfrastructure\",\"donne\",\"gare\",\"passe\",\"s\u00e9rie\",\"toute\",\"travaux\",\"une\",\"ville\"],\"articleSection\":[\"Belgique\"],\"inLanguage\":\"fr-BE\"},{\"@type\":\"WebPage\",\"@id\":\"https:\/\/vieassociative.be\/actualites\/la-ville-deupen-donne-un-apercu-de-toute-une-serie-de-travaux-dinfrastructure-under-passe-a-la-gare\/\",\"url\":\"https:\/\/vieassociative.be\/actualites\/la-ville-deupen-donne-un-apercu-de-toute-une-serie-de-travaux-dinfrastructure-under-passe-a-la-gare\/\",\"name\":\"La ville d'Eupen donne un aper\u00e7u de toute une s\u00e9rie de travaux d'infrastructure - Under passe \u00e0 la gare | Vie Associative\",\"isPartOf\":{\"@id\":\"https:\/\/vieassociative.be\/actualites\/#website\"},\"primaryImageOfPage\":{\"@id\":\"https:\/\/vieassociative.be\/actualites\/la-ville-deupen-donne-un-apercu-de-toute-une-serie-de-travaux-dinfrastructure-under-passe-a-la-gare\/#primaryimage\"},\"image\":{\"@id\":\"https:\/\/vieassociative.be\/actualites\/la-ville-deupen-donne-un-apercu-de-toute-une-serie-de-travaux-dinfrastructure-under-passe-a-la-gare\/#primaryimage\"},\"thumbnailUrl\":\"https:\/\/vieassociative.be\/actualites\/wp-content\/uploads\/2025\/08\/1754036379_La-ville-dEupen-donne-un-apercu-de-toute-une-serie.jpeg\",\"datePublished\":\"2025-08-01T08:19:39+00:00\",\"dateModified\":\"2025-08-01T08:19:39+00:00\",\"breadcrumb\":{\"@id\":\"https:\/\/vieassociative.be\/actualites\/la-ville-deupen-donne-un-apercu-de-toute-une-serie-de-travaux-dinfrastructure-under-passe-a-la-gare\/#breadcrumb\"},\"inLanguage\":\"fr-BE\",\"potentialAction\":[{\"@type\":\"ReadAction\",\"target\":[\"https:\/\/vieassociative.be\/actualites\/la-ville-deupen-donne-un-apercu-de-toute-une-serie-de-travaux-dinfrastructure-under-passe-a-la-gare\/\"]}]},{\"@type\":\"ImageObject\",\"inLanguage\":\"fr-BE\",\"@id\":\"https:\/\/vieassociative.be\/actualites\/la-ville-deupen-donne-un-apercu-de-toute-une-serie-de-travaux-dinfrastructure-under-passe-a-la-gare\/#primaryimage\",\"url\":\"https:\/\/vieassociative.be\/actualites\/wp-content\/uploads\/2025\/08\/1754036379_La-ville-dEupen-donne-un-apercu-de-toute-une-serie.jpeg\",\"contentUrl\":\"https:\/\/vieassociative.be\/actualites\/wp-content\/uploads\/2025\/08\/1754036379_La-ville-dEupen-donne-un-apercu-de-toute-une-serie.jpeg\",\"width\":1000,\"height\":670,\"caption\":\"La ville d'Eupen donne un aper\u00e7u de toute une s\u00e9rie de travaux d'infrastructure - Under passe \u00e0 la gare\"},{\"@type\":\"BreadcrumbList\",\"@id\":\"https:\/\/vieassociative.be\/actualites\/la-ville-deupen-donne-un-apercu-de-toute-une-serie-de-travaux-dinfrastructure-under-passe-a-la-gare\/#breadcrumb\",\"itemListElement\":[{\"@type\":\"ListItem\",\"position\":1,\"name\":\"Accueil\",\"item\":\"https:\/\/vieassociative.be\/actualites\/\"},{\"@type\":\"ListItem\",\"position\":2,\"name\":\"La ville d&rsquo;Eupen donne un aper\u00e7u de toute une s\u00e9rie de travaux d&rsquo;infrastructure &#8211; Under passe \u00e0 la gare\"}]},{\"@type\":\"WebSite\",\"@id\":\"https:\/\/vieassociative.be\/actualites\/#website\",\"url\":\"https:\/\/vieassociative.be\/actualites\/\",\"name\":\"Vie Associative\",\"description\":\"\",\"publisher\":{\"@id\":\"https:\/\/vieassociative.be\/actualites\/#organization\"},\"potentialAction\":[{\"@type\":\"SearchAction\",\"target\":{\"@type\":\"EntryPoint\",\"urlTemplate\":\"https:\/\/vieassociative.be\/actualites\/?s={search_term_string}\"},\"query-input\":{\"@type\":\"PropertyValueSpecification\",\"valueRequired\":true,\"valueName\":\"search_term_string\"}}],\"inLanguage\":\"fr-BE\"},{\"@type\":\"Organization\",\"@id\":\"https:\/\/vieassociative.be\/actualites\/#organization\",\"name\":\"Vie Associative\",\"url\":\"https:\/\/vieassociative.be\/actualites\/\",\"logo\":{\"@type\":\"ImageObject\",\"inLanguage\":\"fr-BE\",\"@id\":\"https:\/\/vieassociative.be\/actualites\/#\/schema\/logo\/image\/\",\"url\":\"https:\/\/vieassociative.be\/actualites\/wp-content\/uploads\/2024\/09\/cropped-vieassociative_favicon.ico.png\",\"contentUrl\":\"https:\/\/vieassociative.be\/actualites\/wp-content\/uploads\/2024\/09\/cropped-vieassociative_favicon.ico.png\",\"width\":512,\"height\":512,\"caption\":\"Vie Associative\"},\"image\":{\"@id\":\"https:\/\/vieassociative.be\/actualites\/#\/schema\/logo\/image\/\"}},{\"@type\":\"Person\",\"@id\":\"https:\/\/vieassociative.be\/actualites\/#\/schema\/person\/b87ac4f82f9d4e7b7cec7395b679edc4\",\"name\":\"Julien\",\"image\":{\"@type\":\"ImageObject\",\"inLanguage\":\"fr-BE\",\"@id\":\"https:\/\/vieassociative.be\/actualites\/#\/schema\/person\/image\/\",\"url\":\"https:\/\/vieassociative.be\/actualites\/wp-content\/uploads\/2024\/09\/vie-associative-1-150x150.jpg\",\"contentUrl\":\"https:\/\/vieassociative.be\/actualites\/wp-content\/uploads\/2024\/09\/vie-associative-1-150x150.jpg\",\"caption\":\"Julien\"},\"description\":\"Je suis Julien, r\u00e9dacteur pour Vie Associative. Passionn\u00e9 par le monde associatif depuis plus de 10 ans, j'ai \u00e0 c\u0153ur de partager des histoires inspirantes et de mettre en lumi\u00e8re les initiatives locales. Mon objectif est de sensibiliser et d'encourager l'engagement communautaire \u00e0 travers mes articles.\",\"sameAs\":[\"https:\/\/vieassociative.be\/\"]}]}<\/script>\n<!-- \/ Yoast SEO plugin. -->","yoast_head_json":{"title":"La ville d'Eupen donne un aper\u00e7u de toute une s\u00e9rie de travaux d'infrastructure - Under passe \u00e0 la gare | Vie Associative","robots":{"index":"index","follow":"follow","max-snippet":"max-snippet:-1","max-image-preview":"max-image-preview:large","max-video-preview":"max-video-preview:-1"},"canonical":"https:\/\/vieassociative.be\/actualites\/la-ville-deupen-donne-un-apercu-de-toute-une-serie-de-travaux-dinfrastructure-under-passe-a-la-gare\/","og_locale":"fr_FR","og_type":"article","og_title":"La ville d'Eupen donne un aper\u00e7u de toute une s\u00e9rie de travaux d'infrastructure - Under passe \u00e0 la gare | Vie Associative","og_description":"Comme le rapporte la ville d&rsquo;Eupen, il y aura toute une s\u00e9rie de travaux d&rsquo;infrastructure au cours des prochaines semaines. &#8211; Hufengasse en cabine le","og_url":"https:\/\/vieassociative.be\/actualites\/la-ville-deupen-donne-un-apercu-de-toute-une-serie-de-travaux-dinfrastructure-under-passe-a-la-gare\/","og_site_name":"Vie Associative","article_published_time":"2025-08-01T08:19:39+00:00","og_image":[{"width":279,"height":92,"url":"https:\/\/vieassociative.be\/actualites\/wp-content\/uploads\/2024\/09\/header_backgroundk-01-e1726694325946.png","type":"image\/png"}],"author":"Julien","twitter_card":"summary_large_image","twitter_misc":{"\u00c9crit par":"Julien","Dur\u00e9e de lecture est.":"3 minutes"},"schema":{"@context":"https:\/\/schema.org","@graph":[{"@type":"Article","@id":"https:\/\/vieassociative.be\/actualites\/la-ville-deupen-donne-un-apercu-de-toute-une-serie-de-travaux-dinfrastructure-under-passe-a-la-gare\/#article","isPartOf":{"@id":"https:\/\/vieassociative.be\/actualites\/la-ville-deupen-donne-un-apercu-de-toute-une-serie-de-travaux-dinfrastructure-under-passe-a-la-gare\/"},"author":{"name":"Julien","@id":"https:\/\/vieassociative.be\/actualites\/#\/schema\/person\/b87ac4f82f9d4e7b7cec7395b679edc4"},"headline":"La ville d&rsquo;Eupen donne un aper\u00e7u de toute une s\u00e9rie de travaux d&rsquo;infrastructure &#8211; Under passe \u00e0 la gare","datePublished":"2025-08-01T08:19:39+00:00","dateModified":"2025-08-01T08:19:39+00:00","mainEntityOfPage":{"@id":"https:\/\/vieassociative.be\/actualites\/la-ville-deupen-donne-un-apercu-de-toute-une-serie-de-travaux-dinfrastructure-under-passe-a-la-gare\/"},"wordCount":665,"publisher":{"@id":"https:\/\/vieassociative.be\/actualites\/#organization"},"image":{"@id":"https:\/\/vieassociative.be\/actualites\/la-ville-deupen-donne-un-apercu-de-toute-une-serie-de-travaux-dinfrastructure-under-passe-a-la-gare\/#primaryimage"},"thumbnailUrl":"https:\/\/vieassociative.be\/actualites\/wp-content\/uploads\/2025\/08\/1754036379_La-ville-dEupen-donne-un-apercu-de-toute-une-serie.jpeg","keywords":["aper\u00e7u","dEupen","dinfrastructure","donne","gare","passe","s\u00e9rie","toute","travaux","une","ville"],"articleSection":["Belgique"],"inLanguage":"fr-BE"},{"@type":"WebPage","@id":"https:\/\/vieassociative.be\/actualites\/la-ville-deupen-donne-un-apercu-de-toute-une-serie-de-travaux-dinfrastructure-under-passe-a-la-gare\/","url":"https:\/\/vieassociative.be\/actualites\/la-ville-deupen-donne-un-apercu-de-toute-une-serie-de-travaux-dinfrastructure-under-passe-a-la-gare\/","name":"La ville d'Eupen donne un aper\u00e7u de toute une s\u00e9rie de travaux d'infrastructure - Under passe \u00e0 la gare | Vie Associative","isPartOf":{"@id":"https:\/\/vieassociative.be\/actualites\/#website"},"primaryImageOfPage":{"@id":"https:\/\/vieassociative.be\/actualites\/la-ville-deupen-donne-un-apercu-de-toute-une-serie-de-travaux-dinfrastructure-under-passe-a-la-gare\/#primaryimage"},"image":{"@id":"https:\/\/vieassociative.be\/actualites\/la-ville-deupen-donne-un-apercu-de-toute-une-serie-de-travaux-dinfrastructure-under-passe-a-la-gare\/#primaryimage"},"thumbnailUrl":"https:\/\/vieassociative.be\/actualites\/wp-content\/uploads\/2025\/08\/1754036379_La-ville-dEupen-donne-un-apercu-de-toute-une-serie.jpeg","datePublished":"2025-08-01T08:19:39+00:00","dateModified":"2025-08-01T08:19:39+00:00","breadcrumb":{"@id":"https:\/\/vieassociative.be\/actualites\/la-ville-deupen-donne-un-apercu-de-toute-une-serie-de-travaux-dinfrastructure-under-passe-a-la-gare\/#breadcrumb"},"inLanguage":"fr-BE","potentialAction":[{"@type":"ReadAction","target":["https:\/\/vieassociative.be\/actualites\/la-ville-deupen-donne-un-apercu-de-toute-une-serie-de-travaux-dinfrastructure-under-passe-a-la-gare\/"]}]},{"@type":"ImageObject","inLanguage":"fr-BE","@id":"https:\/\/vieassociative.be\/actualites\/la-ville-deupen-donne-un-apercu-de-toute-une-serie-de-travaux-dinfrastructure-under-passe-a-la-gare\/#primaryimage","url":"https:\/\/vieassociative.be\/actualites\/wp-content\/uploads\/2025\/08\/1754036379_La-ville-dEupen-donne-un-apercu-de-toute-une-serie.jpeg","contentUrl":"https:\/\/vieassociative.be\/actualites\/wp-content\/uploads\/2025\/08\/1754036379_La-ville-dEupen-donne-un-apercu-de-toute-une-serie.jpeg","width":1000,"height":670,"caption":"La ville d'Eupen donne un aper\u00e7u de toute une s\u00e9rie de travaux d'infrastructure - Under passe \u00e0 la gare"},{"@type":"BreadcrumbList","@id":"https:\/\/vieassociative.be\/actualites\/la-ville-deupen-donne-un-apercu-de-toute-une-serie-de-travaux-dinfrastructure-under-passe-a-la-gare\/#breadcrumb","itemListElement":[{"@type":"ListItem","position":1,"name":"Accueil","item":"https:\/\/vieassociative.be\/actualites\/"},{"@type":"ListItem","position":2,"name":"La ville d&rsquo;Eupen donne un aper\u00e7u de toute une s\u00e9rie de travaux d&rsquo;infrastructure &#8211; Under passe \u00e0 la gare"}]},{"@type":"WebSite","@id":"https:\/\/vieassociative.be\/actualites\/#website","url":"https:\/\/vieassociative.be\/actualites\/","name":"Vie Associative","description":"","publisher":{"@id":"https:\/\/vieassociative.be\/actualites\/#organization"},"potentialAction":[{"@type":"SearchAction","target":{"@type":"EntryPoint","urlTemplate":"https:\/\/vieassociative.be\/actualites\/?s={search_term_string}"},"query-input":{"@type":"PropertyValueSpecification","valueRequired":true,"valueName":"search_term_string"}}],"inLanguage":"fr-BE"},{"@type":"Organization","@id":"https:\/\/vieassociative.be\/actualites\/#organization","name":"Vie Associative","url":"https:\/\/vieassociative.be\/actualites\/","logo":{"@type":"ImageObject","inLanguage":"fr-BE","@id":"https:\/\/vieassociative.be\/actualites\/#\/schema\/logo\/image\/","url":"https:\/\/vieassociative.be\/actualites\/wp-content\/uploads\/2024\/09\/cropped-vieassociative_favicon.ico.png","contentUrl":"https:\/\/vieassociative.be\/actualites\/wp-content\/uploads\/2024\/09\/cropped-vieassociative_favicon.ico.png","width":512,"height":512,"caption":"Vie Associative"},"image":{"@id":"https:\/\/vieassociative.be\/actualites\/#\/schema\/logo\/image\/"}},{"@type":"Person","@id":"https:\/\/vieassociative.be\/actualites\/#\/schema\/person\/b87ac4f82f9d4e7b7cec7395b679edc4","name":"Julien","image":{"@type":"ImageObject","inLanguage":"fr-BE","@id":"https:\/\/vieassociative.be\/actualites\/#\/schema\/person\/image\/","url":"https:\/\/vieassociative.be\/actualites\/wp-content\/uploads\/2024\/09\/vie-associative-1-150x150.jpg","contentUrl":"https:\/\/vieassociative.be\/actualites\/wp-content\/uploads\/2024\/09\/vie-associative-1-150x150.jpg","caption":"Julien"},"description":"Je suis Julien, r\u00e9dacteur pour Vie Associative. Passionn\u00e9 par le monde associatif depuis plus de 10 ans, j'ai \u00e0 c\u0153ur de partager des histoires inspirantes et de mettre en lumi\u00e8re les initiatives locales. Mon objectif est de sensibiliser et d'encourager l'engagement communautaire \u00e0 travers mes articles.","sameAs":["https:\/\/vieassociative.be\/"]}]}},"_links":{"self":[{"href":"https:\/\/vieassociative.be\/actualites\/wp-json\/wp\/v2\/posts\/9141"}],"collection":[{"href":"https:\/\/vieassociative.be\/actualites\/wp-json\/wp\/v2\/posts"}],"about":[{"href":"https:\/\/vieassociative.be\/actualites\/wp-json\/wp\/v2\/types\/post"}],"author":[{"embeddable":true,"href":"https:\/\/vieassociative.be\/actualites\/wp-json\/wp\/v2\/users\/1"}],"replies":[{"embeddable":true,"href":"https:\/\/vieassociative.be\/actualites\/wp-json\/wp\/v2\/comments?post=9141"}],"version-history":[{"count":0,"href":"https:\/\/vieassociative.be\/actualites\/wp-json\/wp\/v2\/posts\/9141\/revisions"}],"wp:featuredmedia":[{"embeddable":true,"href":"https:\/\/vieassociative.be\/actualites\/wp-json\/wp\/v2\/media\/9142"}],"wp:attachment":[{"href":"https:\/\/vieassociative.be\/actualites\/wp-json\/wp\/v2\/media?parent=9141"}],"wp:term":[{"taxonomy":"category","embeddable":true,"href":"https:\/\/vieassociative.be\/actualites\/wp-json\/wp\/v2\/categories?post=9141"},{"taxonomy":"post_tag","embeddable":true,"href":"https:\/\/vieassociative.be\/actualites\/wp-json\/wp\/v2\/tags?post=9141"}],"curies":[{"name":"wp","href":"https:\/\/api.w.org\/{rel}","templated":true}]}}